{"id":3248,"date":"2014-09-16T08:08:30","date_gmt":"2014-09-16T08:08:30","guid":{"rendered":"http:\/\/difusionculturaluninter.wordpress.com\/?p=3248"},"modified":"2014-09-16T08:08:30","modified_gmt":"2014-09-16T08:08:30","slug":"3248","status":"publish","type":"post","link":"https:\/\/blogs.uninter.edu.mx\/difusioncultural\/?p=3248","title":{"rendered":"La Independencia de M\u00e9xico (1810-1821)"},"content":{"rendered":"<h4 class=\"text-note-intro\" style=\"text-align:center;\"><strong>Te presentamos una rese\u00f1a de este importante movimiento que, en tan s\u00f3lo once a\u00f1os, le permiti\u00f3 al ej\u00e9rcito insurgente acabar con casi tres siglos de dominio espa\u00f1ol en nuestro territorio.<\/strong><\/h4>\n<h4 style=\"text-align:center;\"><\/h4>\n<table id=\"AutoNumber2\" class=\"body\" border=\"1\" width=\"600\" cellspacing=\"1\" cellpadding=\"3\">\n<tbody>\n<tr>\n<td colspan=\"2\" bgcolor=\"#FF9933\" width=\"644\">\n<p class=\"center\" style=\"text-align:center;\"><b><i>\u00c9poca de Independencia (1800 -1810)<\/i><\/b><\/p>\n<p class=\"center\" style=\"text-align:center;\"><span style=\"text-decoration:underline;\"><strong>CRONOLOG\u00cdA\u00a0<\/strong><\/span><\/p>\n<\/td>\n<\/tr>\n<tr>\n<td width=\"201\">\n<div align=\"center\">1800 &#8211; 1810<\/div>\n<\/td>\n<td width=\"439\">Nacen las primeras juntas para conspirar en contra del virreinato, entre las m\u00e1s importantes la de Valladolid y la de Quer\u00e9taro al frente del corregidor Dom\u00ednguez y su esposa Josefa.<\/td>\n<\/tr>\n<tr>\n<td width=\"201\">\n<div align=\"center\">16 de Septiembre 1810<\/div>\n<\/td>\n<td width=\"439\"><span class=\"link1\">El Cura <b>Miguel Hidalgo<\/b> da el <b>Grito en Dolores<\/b>para comenzar con la lucha de <b>independencia<\/b><b> de M\u00e9xico<\/b> acompa\u00f1ado de <b>Ignacio Allende<\/b>.<\/span><\/td>\n<\/tr>\n<tr>\n<td width=\"201\">\n<div align=\"center\">1811<\/div>\n<\/td>\n<td width=\"439\"><span class=\"link1\">En Puente de Calder\u00f3n los insurgentes son derrotados y van al Norte donde apresan a <b>Hidalgo<\/b>,\u00a0<b>Allende<\/b>, Aldama y Abasolo, los juzgan, fusilan y decapitan colgando sus cabezas en las esquinas de la Alh\u00f3ndiga de granaditas.<\/span><\/td>\n<\/tr>\n<tr>\n<td width=\"201\">\n<div align=\"center\">1812<\/div>\n<\/td>\n<td width=\"439\">Jos\u00e9 Maria Morelos toma el mando del ej\u00e9rcito independiente y hace su campa\u00f1a en el Sur del pa\u00eds.<\/td>\n<\/tr>\n<tr>\n<td width=\"201\">\n<div align=\"center\">1813<\/div>\n<\/td>\n<td width=\"439\">Morelos convoca el primer Congreso Independiente.<\/td>\n<\/tr>\n<tr>\n<td width=\"201\">\n<div align=\"center\">1814<\/div>\n<\/td>\n<td width=\"439\"><span class=\"link1\">El Congreso da a conocer la <b>Constituci\u00f3n de Apatzing\u00e1n<\/b> inspirada en la Constituci\u00f3n Francesa y la Espa\u00f1ola.<\/span><\/td>\n<\/tr>\n<tr>\n<td width=\"201\">\n<div align=\"center\">1815<\/div>\n<\/td>\n<td width=\"439\">Morelos fue derrotado, hecho prisionero y fusilado.<\/td>\n<\/tr>\n<tr>\n<td width=\"201\">\n<div align=\"center\">1817<\/div>\n<\/td>\n<td width=\"439\">Francisco Xavier Mina, Mier y Ter\u00e1n, Vicente Guerrero y Torres continuaron la lucha por la Independencia.<\/td>\n<\/tr>\n<tr>\n<td width=\"201\">\n<div align=\"center\">1821<\/div>\n<\/td>\n<td width=\"439\">Agust\u00edn de Iturbide promulg\u00f3 el Plan de Iguala o de las Tres Garant\u00edas, que proclamaba: una religi\u00f3n \u00fanica, uni\u00f3n de todos los grupos sociales e independencia de M\u00e9xico con monarqu\u00eda constitucional.<\/td>\n<\/tr>\n<tr>\n<td width=\"201\">\n<div align=\"center\">Agosto 1821<\/div>\n<\/td>\n<td width=\"439\">Juan de O&#8217;Donoj\u00fa virry de la nueva Espa\u00f1a firm\u00f3 el tratado de C\u00f3rdoba que ratificaba el Plan de Iguala.<\/td>\n<\/tr>\n<tr>\n<td width=\"201\">\n<div align=\"center\">Septiembre 1821<\/div>\n<\/td>\n<td width=\"439\">El ej\u00e9rcito Trigarante hace su entrada triunfal a M\u00e9xico, y M\u00e9xico es proclamado pa\u00eds independiente.<\/td>\n<\/tr>\n<\/tbody>\n<\/table>\n<div id=\"wrapper-note-content\">\n<p>El periodo de nuestra historia conocido como la <strong>Guerra de<\/strong> <strong>Independencia\u00a0<\/strong>empieza la madrugada del 16 de septiembre de 1810, cuando el padre <a class=\"link-interno\" href=\"http:\/\/www.mexicodesconocido.com.mx\/bicentenario-de-la-independencia-miguel-hidalgo-y-costilla.html\" target=\"_blank\" rel=\"noopener\">Miguel Hidalgo<\/a> da el llamado <strong>&#8220;Grito de Dolores&#8221;<\/strong> ytermina el 27 de septiembre de 1821 (11 a\u00f1os despu\u00e9s) con la entrada triunfal del <strong>Ej\u00e9rcito Trigarante<\/strong>, encabezado por <a class=\"link-interno\" href=\"http:\/\/www.mexicodesconocido.com.mx\/agustin-de-iturbide-1783-1824.html\" target=\"_blank\" rel=\"noopener\">Agust\u00edn de Iturbide<\/a> y <a class=\"link-interno\" href=\"http:\/\/www.mexicodesconocido.com.mx\/vicente-guerrero-1783-1831.html\" target=\"_blank\" rel=\"noopener\">Vicente Guerrero<\/a>, a una jubilosa Ciudad de M\u00e9xico. El objetivo principal de este movimiento (armado y social) era liberar a nuestro territorio del yugo espa\u00f1ol y que, en cada rinc\u00f3n de la Colonia se olvidase por completo el concepto del virreinato.<\/p>\n<p>Como es l\u00f3gico de suponer, antes de 1810 hubo antecedentes ideol\u00f3gicos notables encaminados &#8220;por esa hambre de libertad&#8221; que ya operaban, principalmente, en las mentes de los criollos (personas nacidas en M\u00e9xico pero de padres europeos); se sabe incluso que, antes de estallar la Independencia, uno de los grandes pensadores de la \u00e9poca, fray Melchor de Talamantes, hab\u00eda logrado circular varios escritos subversivos en los que se afirmaba que el territorio mexicano, por tener &#8220;todos los recursos y facultades para el sustento, conservaci\u00f3n y felicidad de sus habitantes&#8221;, pod\u00eda hacerse independiente y que, adem\u00e1s de posible, la <a class=\"link-interno\" href=\"http:\/\/www.mexicodesconocido.com.mx\/independencia-mexico.html\" target=\"_blank\" rel=\"noopener\">Independencia de M\u00e9xico<\/a> era deseable porque el gobierno espa\u00f1ol no se ocupaba del bien general de la Nueva Espa\u00f1a, como s\u00ed se ocupar\u00eda un gobierno libre, constituido por netamente mexicanos.<\/p>\n<p><a href=\"https:\/\/blogs.uninter.edu.mx\/difusioncultural\/wp-content\/uploads\/2014\/09\/indep32.jpg\"><img fetchpriority=\"high\" decoding=\"async\" class=\"alignnone size-medium wp-image-3253\" src=\"http:\/\/difusionculturaluninter.files.wordpress.com\/2014\/09\/indep32.jpg?w=300\" alt=\"indep3\" width=\"300\" height=\"241\" \/><\/a><\/p>\n<h3><strong>Etapas de la Independencia<\/strong><\/h3>\n<p>De acuerdo con los especialistas, el estudio del desarrollo hist\u00f3rico de este importante movimiento revolucionario se puede entender mejor si se revisan, detenidamente, los siguientes cuatro momentos o etapas m\u00e1s trascendentales:<\/p>\n<p><strong>Primera etapa<\/strong><\/p>\n<p>Abarca desde el Grito de Dolores (16 de septiembre de 1810) hasta la batalla de <strong>Puente de Calder\u00f3n<\/strong> (en el actual municipio de Zapotlanejo, <a class=\"link-interno\" href=\"http:\/\/www.mexicodesconocido.com.mx\/jalisco.html\" target=\"_blank\" rel=\"noopener\">Jalisco<\/a>, el 17 de enero de 1811), cuando la muchedumbre dirigida por Hidalgo -con su famoso estandarte guadalupano en mano- peleaba con m\u00e1s pasi\u00f3n y arrojo que estrategia. En este momento, cuando el cura de Dolores lleg\u00f3 a su cita con la historia en el Puente, sus fuerzas se calculan en alrededor de cien mil hombres (entre criollos, indios, mestizos y gente de las castas). Por su parte, los realistas, soldados leales al virrey y a la corona espa\u00f1ola, deb\u00edan rondar entre los 50 mil efectivos.<\/p>\n<h3><strong>Segunda etapa<\/strong><\/h3>\n<p>En este periodo entra en escena <a class=\"link-interno\" href=\"http:\/\/www.mexicodesconocido.com.mx\/bicentenario-de-la-independencia-jose-maria-morelos-y-pavon.html\" target=\"_blank\" rel=\"noopener\">Jos\u00e9 Mar\u00eda Morelos y Pav\u00f3n<\/a>. \u00c9ste va desde principios de 1811 hasta la toma del <strong>Fuerte de San Diego<\/strong> en Acapulco (en agosto de 1813). Durante este tiempo, los insurgentes se anotaron varios triunfos siendo los m\u00e1s sonados los obtenidos en las regiones del centro -en Cuautla, donde llegaron a romper un importante cerco- y en el sur -en Acapulco y Chilpancingo, donde incluso gestion\u00f3 el primer Congreso de An\u00e1huac- de la actual Rep\u00fablica Mexicana.<\/p>\n<h3><strong>Tercera etapa<\/strong><\/h3>\n<p>\u00c9sta se caracteriza por un gran desorden. Con la muerte del \u201cSiervo de la Naci\u00f3n\u201d (fusilado en Ecatepec, en el <a class=\"link-interno\" href=\"http:\/\/www.mexicodesconocido.com.mx\/estado-de-mexico.html\" target=\"_blank\" rel=\"noopener\">Estado de M\u00e9xico<\/a>), se crea un gran vac\u00edo en el mando del grupo insurgente y los realistas, aprovechando esta situaci\u00f3n, al mando del temible General <a class=\"link-interno\" href=\"http:\/\/www.mexicodesconocido.com.mx\/felix-maria-calleja.html\" target=\"_blank\" rel=\"noopener\">F\u00e9lix Mar\u00eda Calleja<\/a> logran rehacerse y recuperar la ofensiva. En esta etapa se rinde el \u00faltimo reducto importante insurgente y, t\u00e9cnicamente, los leales a la corona han ganado la guerra. S\u00f3lo unas cuantas partidas, como la que comandaba Vicente Guerrero (en el sur), siguieron en pie de lucha. Este periodo acaba en febrero de 1821 con la firma del trascendental <strong>\u201cPlan de Iguala\u201d<\/strong>.<\/p>\n<h3><strong>Cuarta etapa<\/strong><\/h3>\n<p>\u00c9sta transcurre del 24 de febrero de 1821 hasta el 27 de septiembre de ese mismo a\u00f1o cuando el <strong>Ej\u00e9rcito Trigarante<\/strong>, al mando del ex realista, Agust\u00edn de Iturbide, entra triunfal, junto con Vicente Guerrero, a la Ciudad de M\u00e9xico. El contingente, compuesto por los soldados del General Iturbide (ya convertidos) y los insurgentes que a\u00fan quedaban, avanz\u00f3 por la actual calle de Madero en el Centro Hist\u00f3rico del DF hasta alcanzar la popular plancha del Z\u00f3calo. Con este pasaje termin\u00f3 formalmente la lucha por la Independencia de M\u00e9xico.<\/p>\n<div id=\"wrapper-note-video\"><\/div>\n<\/div>\n","protected":false},"excerpt":{"rendered":"<p>Te presentamos una rese\u00f1a de este importante movimiento que, en tan s\u00f3lo once a\u00f1os, le permiti\u00f3 al ej\u00e9rcito insurgente acabar con casi tres siglos de dominio espa\u00f1ol en nuestro territorio. \u00c9poca de Independencia (1800 -1810) CRONOLOG\u00cdA\u00a0 1800 &#8211; 1810 Nacen las primeras juntas para conspirar en contra del virreinato, entre las m\u00e1s importantes la de&hellip;<\/p>\n","protected":false},"author":1,"featured_media":3252,"comment_status":"closed","ping_status":"open","sticky":false,"template":"","format":"standard","meta":{"_jetpack_memberships_contains_paid_content":false,"footnotes":"","jetpack_publicize_message":"","jetpack_publicize_feature_enabled":true,"jetpack_social_post_already_shared":false,"jetpack_social_options":{"image_generator_settings":{"template":"highway","default_image_id":0,"font":"","enabled":false},"version":2}},"categories":[1],"tags":[20,26,36,41,93,108,113,131,137,151,162,163,204,255,277,280,299,303,305],"class_list":["post-3248","post","type-post","status-publish","format-standard","has-post-thumbnail","hentry","category-sin-categoria","tag-15-de-septiembre","tag-acontecimientos","tag-bachillerato","tag-becas-culturales","tag-cultura","tag-dia-de-la-independencia-uninter","tag-difusion-cultural","tag-eventos","tag-festejos-patrios-uninter","tag-historia","tag-independencia-de-mexico","tag-intercambios","tag-mexico","tag-prepa","tag-secundaria","tag-spanish-school","tag-un-dia-como-hoy","tag-uninter","tag-universidad-internacional"],"yoast_head":"<!-- This site is optimized with the Yoast SEO plugin v26.3 - https:\/\/yoast.com\/wordpress\/plugins\/seo\/ -->\r\n<title>La Independencia de M\u00e9xico (1810-1821) - Difusi\u00f3n Cultural<\/title>\r\n<meta name=\"robots\" content=\"index, follow, max-snippet:-1, max-image-preview:large, max-video-preview:-1\" \/>\r\n<link rel=\"canonical\" href=\"https:\/\/blogs.uninter.edu.mx\/difusioncultural\/?p=3248\" \/>\r\n<meta property=\"og:locale\" content=\"es_MX\" \/>\r\n<meta property=\"og:type\" content=\"article\" \/>\r\n<meta property=\"og:title\" content=\"La Independencia de M\u00e9xico (1810-1821) - Difusi\u00f3n Cultural\" \/>\r\n<meta property=\"og:description\" content=\"Te presentamos una rese\u00f1a de este importante movimiento que, en tan s\u00f3lo once a\u00f1os, le permiti\u00f3 al ej\u00e9rcito insurgente acabar con casi tres siglos de dominio espa\u00f1ol en nuestro territorio. \u00c9poca de Independencia (1800 -1810) CRONOLOG\u00cdA\u00a0 1800 &#8211; 1810 Nacen las primeras juntas para conspirar en contra del virreinato, entre las m\u00e1s importantes la de&hellip;\" \/>\r\n<meta property=\"og:url\" content=\"https:\/\/blogs.uninter.edu.mx\/difusioncultural\/?p=3248\" \/>\r\n<meta property=\"og:site_name\" content=\"Difusi\u00f3n Cultural\" \/>\r\n<meta property=\"article:published_time\" content=\"2014-09-16T08:08:30+00:00\" \/>\r\n<meta property=\"og:image\" content=\"https:\/\/blogs.uninter.edu.mx\/difusioncultural\/wp-content\/uploads\/2014\/09\/indep31.jpg\" \/>\r\n\t<meta property=\"og:image:width\" content=\"372\" \/>\r\n\t<meta property=\"og:image:height\" content=\"300\" \/>\r\n\t<meta property=\"og:image:type\" content=\"image\/jpeg\" \/>\r\n<meta name=\"author\" content=\"webmaster\" \/>\r\n<meta name=\"twitter:card\" content=\"summary_large_image\" \/>\r\n<meta name=\"twitter:label1\" content=\"Escrito por\" \/>\n\t<meta name=\"twitter:data1\" content=\"webmaster\" \/>\n\t<meta name=\"twitter:label2\" content=\"Tiempo de lectura\" \/>\n\t<meta name=\"twitter:data2\" content=\"5 minutos\" \/>\r\n<script type=\"application\/ld+json\" class=\"yoast-schema-graph\">{\"@context\":\"https:\/\/schema.org\",\"@graph\":[{\"@type\":\"Article\",\"@id\":\"https:\/\/blogs.uninter.edu.mx\/difusioncultural\/?p=3248#article\",\"isPartOf\":{\"@id\":\"https:\/\/blogs.uninter.edu.mx\/difusioncultural\/?p=3248\"},\"author\":{\"name\":\"webmaster\",\"@id\":\"https:\/\/blogs.uninter.edu.mx\/difusioncultural\/#\/schema\/person\/37a0926f4dd300a814993fd595abdc4a\"},\"headline\":\"La Independencia de M\u00e9xico (1810-1821)\",\"datePublished\":\"2014-09-16T08:08:30+00:00\",\"mainEntityOfPage\":{\"@id\":\"https:\/\/blogs.uninter.edu.mx\/difusioncultural\/?p=3248\"},\"wordCount\":978,\"publisher\":{\"@id\":\"https:\/\/blogs.uninter.edu.mx\/difusioncultural\/#organization\"},\"image\":{\"@id\":\"https:\/\/blogs.uninter.edu.mx\/difusioncultural\/?p=3248#primaryimage\"},\"thumbnailUrl\":\"https:\/\/blogs.uninter.edu.mx\/difusioncultural\/wp-content\/uploads\/2014\/09\/indep31.jpg\",\"keywords\":[\"15 DE SEPTIEMBRE\",\"acontecimientos\",\"bachillerato\",\"becas culturales\",\"cultura\",\"dia de la independencia uninter\",\"difusi\u00f3n cultural\",\"eventos\",\"festejos patrios uninter\",\"historia\",\"INDEPENDENCIA DE M\u00c9XICO\",\"intercambios\",\"Mexico\",\"prepa\",\"secundaria\",\"spanish school\",\"un dia como hoy\",\"uninter\",\"universidad internacional\"],\"inLanguage\":\"es\"},{\"@type\":\"WebPage\",\"@id\":\"https:\/\/blogs.uninter.edu.mx\/difusioncultural\/?p=3248\",\"url\":\"https:\/\/blogs.uninter.edu.mx\/difusioncultural\/?p=3248\",\"name\":\"La Independencia de M\u00e9xico (1810-1821) - Difusi\u00f3n Cultural\",\"isPartOf\":{\"@id\":\"https:\/\/blogs.uninter.edu.mx\/difusioncultural\/#website\"},\"primaryImageOfPage\":{\"@id\":\"https:\/\/blogs.uninter.edu.mx\/difusioncultural\/?p=3248#primaryimage\"},\"image\":{\"@id\":\"https:\/\/blogs.uninter.edu.mx\/difusioncultural\/?p=3248#primaryimage\"},\"thumbnailUrl\":\"https:\/\/blogs.uninter.edu.mx\/difusioncultural\/wp-content\/uploads\/2014\/09\/indep31.jpg\",\"datePublished\":\"2014-09-16T08:08:30+00:00\",\"breadcrumb\":{\"@id\":\"https:\/\/blogs.uninter.edu.mx\/difusioncultural\/?p=3248#breadcrumb\"},\"inLanguage\":\"es\",\"potentialAction\":[{\"@type\":\"ReadAction\",\"target\":[\"https:\/\/blogs.uninter.edu.mx\/difusioncultural\/?p=3248\"]}]},{\"@type\":\"ImageObject\",\"inLanguage\":\"es\",\"@id\":\"https:\/\/blogs.uninter.edu.mx\/difusioncultural\/?p=3248#primaryimage\",\"url\":\"https:\/\/blogs.uninter.edu.mx\/difusioncultural\/wp-content\/uploads\/2014\/09\/indep31.jpg\",\"contentUrl\":\"https:\/\/blogs.uninter.edu.mx\/difusioncultural\/wp-content\/uploads\/2014\/09\/indep31.jpg\",\"width\":372,\"height\":300},{\"@type\":\"BreadcrumbList\",\"@id\":\"https:\/\/blogs.uninter.edu.mx\/difusioncultural\/?p=3248#breadcrumb\",\"itemListElement\":[{\"@type\":\"ListItem\",\"position\":1,\"name\":\"Inicio\",\"item\":\"https:\/\/blogs.uninter.edu.mx\/difusioncultural\/\"},{\"@type\":\"ListItem\",\"position\":2,\"name\":\"La Independencia de M\u00e9xico (1810-1821)\"}]},{\"@type\":\"WebSite\",\"@id\":\"https:\/\/blogs.uninter.edu.mx\/difusioncultural\/#website\",\"url\":\"https:\/\/blogs.uninter.edu.mx\/difusioncultural\/\",\"name\":\"Difusi\u00f3n Cultural\",\"description\":\"UNINTER\",\"publisher\":{\"@id\":\"https:\/\/blogs.uninter.edu.mx\/difusioncultural\/#organization\"},\"potentialAction\":[{\"@type\":\"SearchAction\",\"target\":{\"@type\":\"EntryPoint\",\"urlTemplate\":\"https:\/\/blogs.uninter.edu.mx\/difusioncultural\/?s={search_term_string}\"},\"query-input\":{\"@type\":\"PropertyValueSpecification\",\"valueRequired\":true,\"valueName\":\"search_term_string\"}}],\"inLanguage\":\"es\"},{\"@type\":\"Organization\",\"@id\":\"https:\/\/blogs.uninter.edu.mx\/difusioncultural\/#organization\",\"name\":\"Difusi\u00f3n Cultural\",\"url\":\"https:\/\/blogs.uninter.edu.mx\/difusioncultural\/\",\"logo\":{\"@type\":\"ImageObject\",\"inLanguage\":\"es\",\"@id\":\"https:\/\/blogs.uninter.edu.mx\/difusioncultural\/#\/schema\/logo\/image\/\",\"url\":\"https:\/\/blogs.uninter.edu.mx\/difusioncultural\/wp-content\/uploads\/2022\/09\/uninter.jpg\",\"contentUrl\":\"https:\/\/blogs.uninter.edu.mx\/difusioncultural\/wp-content\/uploads\/2022\/09\/uninter.jpg\",\"width\":2048,\"height\":2048,\"caption\":\"Difusi\u00f3n Cultural\"},\"image\":{\"@id\":\"https:\/\/blogs.uninter.edu.mx\/difusioncultural\/#\/schema\/logo\/image\/\"}},{\"@type\":\"Person\",\"@id\":\"https:\/\/blogs.uninter.edu.mx\/difusioncultural\/#\/schema\/person\/37a0926f4dd300a814993fd595abdc4a\",\"name\":\"webmaster\",\"image\":{\"@type\":\"ImageObject\",\"inLanguage\":\"es\",\"@id\":\"https:\/\/blogs.uninter.edu.mx\/difusioncultural\/#\/schema\/person\/image\/\",\"url\":\"https:\/\/secure.gravatar.com\/avatar\/a59c276b01147463ef3aab4118e3137ebc5e1ad6700deb39ccdf8b89e517f7dc?s=96&d=mm&r=g\",\"contentUrl\":\"https:\/\/secure.gravatar.com\/avatar\/a59c276b01147463ef3aab4118e3137ebc5e1ad6700deb39ccdf8b89e517f7dc?s=96&d=mm&r=g\",\"caption\":\"webmaster\"},\"sameAs\":[\"https:\/\/blogs.uninter.edu.mx\/difusioncultural\"],\"url\":\"https:\/\/blogs.uninter.edu.mx\/difusioncultural\/?author=1\"}]}<\/script>\r\n<!-- \/ Yoast SEO plugin. -->","yoast_head_json":{"title":"La Independencia de M\u00e9xico (1810-1821) - Difusi\u00f3n Cultural","robots":{"index":"index","follow":"follow","max-snippet":"max-snippet:-1","max-image-preview":"max-image-preview:large","max-video-preview":"max-video-preview:-1"},"canonical":"https:\/\/blogs.uninter.edu.mx\/difusioncultural\/?p=3248","og_locale":"es_MX","og_type":"article","og_title":"La Independencia de M\u00e9xico (1810-1821) - Difusi\u00f3n Cultural","og_description":"Te presentamos una rese\u00f1a de este importante movimiento que, en tan s\u00f3lo once a\u00f1os, le permiti\u00f3 al ej\u00e9rcito insurgente acabar con casi tres siglos de dominio espa\u00f1ol en nuestro territorio. \u00c9poca de Independencia (1800 -1810) CRONOLOG\u00cdA\u00a0 1800 &#8211; 1810 Nacen las primeras juntas para conspirar en contra del virreinato, entre las m\u00e1s importantes la de&hellip;","og_url":"https:\/\/blogs.uninter.edu.mx\/difusioncultural\/?p=3248","og_site_name":"Difusi\u00f3n Cultural","article_published_time":"2014-09-16T08:08:30+00:00","og_image":[{"width":372,"height":300,"url":"https:\/\/blogs.uninter.edu.mx\/difusioncultural\/wp-content\/uploads\/2014\/09\/indep31.jpg","type":"image\/jpeg"}],"author":"webmaster","twitter_card":"summary_large_image","twitter_misc":{"Escrito por":"webmaster","Tiempo de lectura":"5 minutos"},"schema":{"@context":"https:\/\/schema.org","@graph":[{"@type":"Article","@id":"https:\/\/blogs.uninter.edu.mx\/difusioncultural\/?p=3248#article","isPartOf":{"@id":"https:\/\/blogs.uninter.edu.mx\/difusioncultural\/?p=3248"},"author":{"name":"webmaster","@id":"https:\/\/blogs.uninter.edu.mx\/difusioncultural\/#\/schema\/person\/37a0926f4dd300a814993fd595abdc4a"},"headline":"La Independencia de M\u00e9xico (1810-1821)","datePublished":"2014-09-16T08:08:30+00:00","mainEntityOfPage":{"@id":"https:\/\/blogs.uninter.edu.mx\/difusioncultural\/?p=3248"},"wordCount":978,"publisher":{"@id":"https:\/\/blogs.uninter.edu.mx\/difusioncultural\/#organization"},"image":{"@id":"https:\/\/blogs.uninter.edu.mx\/difusioncultural\/?p=3248#primaryimage"},"thumbnailUrl":"https:\/\/blogs.uninter.edu.mx\/difusioncultural\/wp-content\/uploads\/2014\/09\/indep31.jpg","keywords":["15 DE SEPTIEMBRE","acontecimientos","bachillerato","becas culturales","cultura","dia de la independencia uninter","difusi\u00f3n cultural","eventos","festejos patrios uninter","historia","INDEPENDENCIA DE M\u00c9XICO","intercambios","Mexico","prepa","secundaria","spanish school","un dia como hoy","uninter","universidad internacional"],"inLanguage":"es"},{"@type":"WebPage","@id":"https:\/\/blogs.uninter.edu.mx\/difusioncultural\/?p=3248","url":"https:\/\/blogs.uninter.edu.mx\/difusioncultural\/?p=3248","name":"La Independencia de M\u00e9xico (1810-1821) - Difusi\u00f3n Cultural","isPartOf":{"@id":"https:\/\/blogs.uninter.edu.mx\/difusioncultural\/#website"},"primaryImageOfPage":{"@id":"https:\/\/blogs.uninter.edu.mx\/difusioncultural\/?p=3248#primaryimage"},"image":{"@id":"https:\/\/blogs.uninter.edu.mx\/difusioncultural\/?p=3248#primaryimage"},"thumbnailUrl":"https:\/\/blogs.uninter.edu.mx\/difusioncultural\/wp-content\/uploads\/2014\/09\/indep31.jpg","datePublished":"2014-09-16T08:08:30+00:00","breadcrumb":{"@id":"https:\/\/blogs.uninter.edu.mx\/difusioncultural\/?p=3248#breadcrumb"},"inLanguage":"es","potentialAction":[{"@type":"ReadAction","target":["https:\/\/blogs.uninter.edu.mx\/difusioncultural\/?p=3248"]}]},{"@type":"ImageObject","inLanguage":"es","@id":"https:\/\/blogs.uninter.edu.mx\/difusioncultural\/?p=3248#primaryimage","url":"https:\/\/blogs.uninter.edu.mx\/difusioncultural\/wp-content\/uploads\/2014\/09\/indep31.jpg","contentUrl":"https:\/\/blogs.uninter.edu.mx\/difusioncultural\/wp-content\/uploads\/2014\/09\/indep31.jpg","width":372,"height":300},{"@type":"BreadcrumbList","@id":"https:\/\/blogs.uninter.edu.mx\/difusioncultural\/?p=3248#breadcrumb","itemListElement":[{"@type":"ListItem","position":1,"name":"Inicio","item":"https:\/\/blogs.uninter.edu.mx\/difusioncultural\/"},{"@type":"ListItem","position":2,"name":"La Independencia de M\u00e9xico (1810-1821)"}]},{"@type":"WebSite","@id":"https:\/\/blogs.uninter.edu.mx\/difusioncultural\/#website","url":"https:\/\/blogs.uninter.edu.mx\/difusioncultural\/","name":"Difusi\u00f3n Cultural","description":"UNINTER","publisher":{"@id":"https:\/\/blogs.uninter.edu.mx\/difusioncultural\/#organization"},"potentialAction":[{"@type":"SearchAction","target":{"@type":"EntryPoint","urlTemplate":"https:\/\/blogs.uninter.edu.mx\/difusioncultural\/?s={search_term_string}"},"query-input":{"@type":"PropertyValueSpecification","valueRequired":true,"valueName":"search_term_string"}}],"inLanguage":"es"},{"@type":"Organization","@id":"https:\/\/blogs.uninter.edu.mx\/difusioncultural\/#organization","name":"Difusi\u00f3n Cultural","url":"https:\/\/blogs.uninter.edu.mx\/difusioncultural\/","logo":{"@type":"ImageObject","inLanguage":"es","@id":"https:\/\/blogs.uninter.edu.mx\/difusioncultural\/#\/schema\/logo\/image\/","url":"https:\/\/blogs.uninter.edu.mx\/difusioncultural\/wp-content\/uploads\/2022\/09\/uninter.jpg","contentUrl":"https:\/\/blogs.uninter.edu.mx\/difusioncultural\/wp-content\/uploads\/2022\/09\/uninter.jpg","width":2048,"height":2048,"caption":"Difusi\u00f3n Cultural"},"image":{"@id":"https:\/\/blogs.uninter.edu.mx\/difusioncultural\/#\/schema\/logo\/image\/"}},{"@type":"Person","@id":"https:\/\/blogs.uninter.edu.mx\/difusioncultural\/#\/schema\/person\/37a0926f4dd300a814993fd595abdc4a","name":"webmaster","image":{"@type":"ImageObject","inLanguage":"es","@id":"https:\/\/blogs.uninter.edu.mx\/difusioncultural\/#\/schema\/person\/image\/","url":"https:\/\/secure.gravatar.com\/avatar\/a59c276b01147463ef3aab4118e3137ebc5e1ad6700deb39ccdf8b89e517f7dc?s=96&d=mm&r=g","contentUrl":"https:\/\/secure.gravatar.com\/avatar\/a59c276b01147463ef3aab4118e3137ebc5e1ad6700deb39ccdf8b89e517f7dc?s=96&d=mm&r=g","caption":"webmaster"},"sameAs":["https:\/\/blogs.uninter.edu.mx\/difusioncultural"],"url":"https:\/\/blogs.uninter.edu.mx\/difusioncultural\/?author=1"}]}},"jetpack_publicize_connections":[],"jetpack_featured_media_url":"https:\/\/blogs.uninter.edu.mx\/difusioncultural\/wp-content\/uploads\/2014\/09\/indep31.jpg","jetpack_sharing_enabled":true,"_links":{"self":[{"href":"https:\/\/blogs.uninter.edu.mx\/difusioncultural\/index.php?rest_route=\/wp\/v2\/posts\/3248","targetHints":{"allow":["GET"]}}],"collection":[{"href":"https:\/\/blogs.uninter.edu.mx\/difusioncultural\/index.php?rest_route=\/wp\/v2\/posts"}],"about":[{"href":"https:\/\/blogs.uninter.edu.mx\/difusioncultural\/index.php?rest_route=\/wp\/v2\/types\/post"}],"author":[{"embeddable":true,"href":"https:\/\/blogs.uninter.edu.mx\/difusioncultural\/index.php?rest_route=\/wp\/v2\/users\/1"}],"replies":[{"embeddable":true,"href":"https:\/\/blogs.uninter.edu.mx\/difusioncultural\/index.php?rest_route=%2Fwp%2Fv2%2Fcomments&post=3248"}],"version-history":[{"count":0,"href":"https:\/\/blogs.uninter.edu.mx\/difusioncultural\/index.php?rest_route=\/wp\/v2\/posts\/3248\/revisions"}],"wp:featuredmedia":[{"embeddable":true,"href":"https:\/\/blogs.uninter.edu.mx\/difusioncultural\/index.php?rest_route=\/wp\/v2\/media\/3252"}],"wp:attachment":[{"href":"https:\/\/blogs.uninter.edu.mx\/difusioncultural\/index.php?rest_route=%2Fwp%2Fv2%2Fmedia&parent=3248"}],"wp:term":[{"taxonomy":"category","embeddable":true,"href":"https:\/\/blogs.uninter.edu.mx\/difusioncultural\/index.php?rest_route=%2Fwp%2Fv2%2Fcategories&post=3248"},{"taxonomy":"post_tag","embeddable":true,"href":"https:\/\/blogs.uninter.edu.mx\/difusioncultural\/index.php?rest_route=%2Fwp%2Fv2%2Ftags&post=3248"}],"curies":[{"name":"wp","href":"https:\/\/api.w.org\/{rel}","templated":true}]}}