{"id":3341,"date":"2014-11-09T10:25:35","date_gmt":"2014-11-09T16:25:35","guid":{"rendered":"http:\/\/difusionculturaluninter.wordpress.com\/?p=3341"},"modified":"2014-11-09T10:25:35","modified_gmt":"2014-11-09T16:25:35","slug":"la-caida-del-mundo-de-berlin-este-domingo-se-celebran-los-25-anos-de-la-caida-del-muro-de-berlin","status":"publish","type":"post","link":"https:\/\/blogs.uninter.edu.mx\/difusioncultural\/?p=3341","title":{"rendered":"La ca\u00edda del mundo de Berl\u00edn. Este domingo se celebran los 25 a\u00f1os de la ca\u00edda del Muro de Berl\u00edn."},"content":{"rendered":"<p><a href=\"https:\/\/blogs.uninter.edu.mx\/difusioncultural\/wp-content\/uploads\/2014\/11\/imagen-14809215-2-1.jpg\"><img decoding=\"async\" class=\"alignnone size-medium wp-image-3342\" src=\"https:\/\/blogs.uninter.edu.mx\/difusioncultural\/wp-content\/uploads\/2014\/11\/imagen-14809215-2-1.jpg?w=300\" alt=\"IMAGEN-14809215-2 (1)\" width=\"300\" height=\"150\" \/><\/a><\/p>\n<p>En la noche del jueves 9 de noviembre de 1989, los alemanes, forzados a vivir amurallados durante 28 a\u00f1os, experimentaron el desplome del Muro de Berl\u00edn como uno de los pocos sucesos plenamente felices de su historia desde 1914.<\/p>\n<p>Sin tiempo para tomar aliento, la naci\u00f3n germana protagoniz\u00f3 nefastos fen\u00f3menos desde el inicio de la Gran Guerra hasta ese nublado d\u00eda de oto\u00f1o de finales de los 80: el auge del nazismo en los a\u00f1os 30, el Holocausto jud\u00edo, la Segunda Guerra Mundial, la destrucci\u00f3n de su territorio y el aislamiento como sociedad.<\/p>\n<p>Lo que sigui\u00f3 a partir de 1945 fue una posguerra de hambre y sufrimiento. Lo que qued\u00f3 de Alemania tras la derrota de Hitler fue cuarteado y entregado temporalmente a Francia, Inglaterra, Estados Unidos y Rusia. Desde entonces, los sistemas capitalista y comunista comenzaron su inquietante Guerra Fr\u00eda.<\/p>\n<p>La existencia de dos Estados alemanes se concret\u00f3 en 1949, a\u00f1o de fundaci\u00f3n de la Rep\u00fablica Democr\u00e1tica Alemana (RDA) y de la Rep\u00fablica Federal de Alemania (RFA). La divisi\u00f3n se perfeccion\u00f3 en 1961, con la construcci\u00f3n de la muralla de concreto, cuyo objetivo fue frenar el \u00e9xodo de oriente a occidente, que durante esos a\u00f1os fue del orden de 225.000 personas por a\u00f1o.<\/p>\n<p><strong>El 13 de agosto de ese a\u00f1o, la frontera berlinesa amaneci\u00f3 sellada con alambres de p\u00faas, vallas y un foso de medio metro de profundidad y otro tanto de ancho, la cuota inicial del \u2018muro de la infamia\u2019. As\u00ed, de la noche a la ma\u00f1ana, familiares y amigos fueron separados a la fuerza.<\/strong><\/p>\n<p class=\"intertitulo\">Las ciudadanas Standke y Merkel<\/p>\n<p>\u201cLos 28 a\u00f1os de convivencia obligada con el Muro transcurrieron como un zarpazo. Crecimos, vivimos, trabajamos y tuvimos momentos buenos y malos, como todo el mundo, solo que fuimos observados permanentemente y, sobre todo, restringidos\u201d, sintetiza R. Standke, periodista germano oriental que en 1989 ten\u00eda 35 a\u00f1os. Ella pertenece a la generaci\u00f3n que puede contar la historia completa: antes, durante y despu\u00e9s del Muro.<\/p>\n<p>Su contempor\u00e1nea m\u00e1s ilustre es \u00c1ngela Dorothea Merkel, que en el 2005 se convirti\u00f3 en la primera mujer y en el primer ciudadano de la RDA en llegar a la jefatura de gobierno de la Alemania reunificada.<\/p>\n<p>Ambas ten\u00edan 7 a\u00f1os cuando la muralla fue construida y una carrera ya cimentada cuando sucedi\u00f3 la conmoci\u00f3n gloriosa de su derrumbe.<\/p>\n<p>Merkel era investigadora de la Academia de las Ciencias de Berl\u00edn Oriental y Standke, redactora del semanario de pol\u00edtica exterior &#8216;Horizont&#8217;. No son amigas, pero se reconocen en los eventos en los que coinciden; Merkel, en su calidad de gobernante m\u00e1s influyente de Europa, y Standke, como coordinadora de la Asociaci\u00f3n de Prensa Extranjera. Sus relatos de c\u00f3mo vivieron el derrumbe del Muro parten del mismo punto: la ca\u00edda del m\u00e1ximo s\u00edmbolo de la represi\u00f3n comunista tom\u00f3 por sorpresa a todos.<\/p>\n<p>A Merkel la grandiosa noche la sorprendi\u00f3 en \u201cla sauna a la que iba todos los jueves con una amiga\u201d. Standke se encontraba en la redacci\u00f3n del semanario. A Helmut Kohl, entonces canciller de la Alemania Federal, le lleg\u00f3 la noticia, de acuerdo con sus memorias, durante una cena en el Hotel Marriott de Varsovia, donde se encontraba de visita, para \u201cmejorar las relaciones bilaterales con Polonia\u201d.<\/p>\n<p><strong>Sin poder tocarlo, pues estaba fuertemente custodiado, en los meses previos a noviembre del 89, los ciudadanos de la RDA ya hab\u00edan comenzado a \u2018martillar\u2019 la pared con la perseverancia de sus marchas mudas, que la historia bautiz\u00f3 como la Revoluci\u00f3n Pac\u00edfica.<\/strong><\/p>\n<p>\u201cDurante 1989 present\u00edamos que algo iba a suceder \u2013dice Standke\u2013. Desde agosto, las concentraciones en las calles aumentaron. Ir al centro de Berl\u00edn despu\u00e9s del trabajo, para andar con la gente, se convirti\u00f3 en la primera rutina social de libre elecci\u00f3n. Yo asist\u00eda a manifestaciones, pero me mov\u00eda con sigilo y temor a caer en la equivocada. En la mayor\u00eda de concentraciones no se ped\u00eda nada. El Muro operaba como un im\u00e1n, y la gente terminaba siempre acerc\u00e1ndosele. Comenz\u00f3 a caer cuando perdimos el miedo a concentrarnos\u201d.<\/p>\n<p>La gente que se manifestaba no sab\u00eda que la RDA estaba quebrada. El 30 de octubre de 1989, una comisi\u00f3n de cinco expertos, presidida por el jefe de gabinete, Gerhard Sch\u00fcrer, ya fallecido, entreg\u00f3 a la dirigencia un informe secreto en el que se consign\u00f3 la insolvencia del pa\u00eds. Seg\u00fan el documento, la salvaci\u00f3n era \u201cuna urgente renegociaci\u00f3n de la cooperaci\u00f3n con la Uni\u00f3n Sovi\u00e9tica\u201d.<\/p>\n<p>Mientras el Comit\u00e9 Central esperaba el salvavidas que Mija\u00edl Gorbachov, l\u00edder de la URSS, nunca autoriz\u00f3, la gente segu\u00eda marchando, hasta que, el 9 de noviembre, a las 8 de la noche, a la multitud que estaba en la calle le lleg\u00f3 el eco de una rueda de prensa, ofrecida por G\u00fcnter Schawobski, funcionario del Partido Comunista. En ella se revel\u00f3 que hab\u00eda entrado en vigor una nueva y generosa reglamentaci\u00f3n para la expedici\u00f3n de salvoconductos de viaje.<\/p>\n<p class=\"intertitulo\">Abrir fuego o abrir la frontera<\/p>\n<p>Fue entonces cuando lleg\u00f3 el momento de Harald J\u00e4ger, oficial de la Polic\u00eda de Fronteras, quien esa noche estaba al mando de 33 guardias armados en el paso de la calle Borhnolmer, epicentro de la conmoci\u00f3n.<\/p>\n<p>En sus memorias consign\u00f3 as\u00ed ese instante: \u201cConoc\u00ed de la rueda de prensa hacia las 8. Paralelamente, un mensajero policial me entreg\u00f3 la orden de no dejar pasar a nadie. La multitud se agolp\u00f3 y mis hombres se crisparon. La gente quer\u00eda obtener un sello de inmediato. La montonera era monumental. No tuve espacio para consultar con nadie. <strong>La \u00fanica alternativa para despejar el ambiente era ordenar a mis hombres que abrieran fuego. Me pregunt\u00e9 a m\u00ed mismo qu\u00e9 hacer. Dejar pasar a la gente significaba cometer el delito de contravenir una orden. Abrir fuego significaba matar. Le dije a mi gente que guardara las pistolas.<\/strong>Hacia las 11 p.m. abr\u00ed la frontera, como quien abre un palomar. No se registr\u00f3 un solo herido, ni siquiera por los empujones. Todo transcurri\u00f3 sin que se derramara una gota de sangre\u201d.<\/p>\n<p>Y contin\u00faa Standkde: \u201cLa sociedad de la RDA era disciplinada. Todos sent\u00edamos miedo de tocar esa pared. Como en procesi\u00f3n, pasamos a Berl\u00edn occidental. Lo logr\u00e9 en la madrugada del 10. De ese lado de la ciudad, la gente s\u00ed gritaba jubilosa. Nos daban la bienvenida como si hubi\u00e9semos regresado de un viaje al espacio. Los del oriente est\u00e1bamos pasmados. Vi a gente comiendo bananos (no se consegu\u00edan en la RDA) a esa hora de la madrugada y me pareci\u00f3 rid\u00edculo. A las 4 a. m. regres\u00e9 a casa, porque a las 8 ten\u00eda que trabajar y as\u00ed lo hice\u201d.<\/p>\n<p>Despu\u00e9s de la sauna, Merkel se enter\u00f3 de la novedad por la excitaci\u00f3n en la calle. Ella tambi\u00e9n pas\u00f3 la frontera de madrugada. Alguien le extendi\u00f3 una cerveza y se la bebi\u00f3. Su primer reflejo fue pedirle a una se\u00f1ora que estaba en la calle que la dejara hacer una llamada por tel\u00e9fono.<\/p>\n<p>\u201cEntr\u00e9 a su casa y llam\u00e9 a una t\u00eda del occidente, la salud\u00e9 y le cont\u00e9 lo que estaba pasando. Ella ya sab\u00eda todo. Luego divagu\u00e9 por las calles de Berl\u00edn occidental con unos conocidos y antes del amanecer volv\u00ed a casa. El viernes me present\u00e9 a trabajar y unos d\u00edas despu\u00e9s hice un viaje a Polonia. All\u00ed me dijeron que la reunificaci\u00f3n era inminente. La RDA hab\u00eda comenzado a ser un asunto del pasado\u201d, ha contado la Canciller.<\/p>\n<p>En entrevista con el diario berlin\u00e9s &#8216;BZ&#8217;, el exoficial Harald J\u00e4ger dijo que no es un h\u00e9roe. \u201cH\u00e9roes son quienes arriesgan su vida por salvar a otros, y yo no sent\u00ed que la m\u00eda estuviera en peligro. Las que s\u00ed lo estuvieron son las de esas miles de personas que presionaron en la frontera y las de los polic\u00edas armados. Un paso en falso de nuestra parte habr\u00eda generado una mortandad, y yo habr\u00eda tenido que responder por todos\u201d, explic\u00f3 este hombre de 66 a\u00f1os.<\/p>\n<p><strong>\u201cLa RDA fue un Estado dictatorial que pas\u00f3 por alto y pisote\u00f3 los derechos humanos de sus ciudadanos. Celebrar su desaparici\u00f3n es parte integral de nuestro gran regocijo como naci\u00f3n unida y democr\u00e1tica. Vigilar que nunca m\u00e1s vuelva a suceder es nuestra tarea como sociedad libre\u201d, expres\u00f3 Merkel hace unos d\u00edas, cuando un grupo del partido Die Linke cuestion\u00f3 qu\u00e9 tanto se ha ganado con la reunificaci\u00f3n.<\/strong><\/p>\n<p>\u201cEl balance en cuanto a desarrollo econ\u00f3mico no est\u00e1 finiquitado \u2013admiti\u00f3 Merkel en su \u00faltimo balance sobre el estado de la reunificaci\u00f3n\u2013. Todav\u00eda existen diferencias en el nivel de ingresos y el acceso al trabajo entre los ciudadanos de los cinco nuevos Estados federados (provenientes de la RDA) y los 11 del occidente. La meta es que en el 2019 ya no sea posible hablar de diferencias en el nivel de vida de las dos regiones\u201d.<\/p>\n<p>Expertos, como el economista Joachim M\u00fcller, del Instituto para el Desarrollo del Mercado Laboral de N\u00faremberg, sostienen que borrar las diferencias en ese lapso es dif\u00edcil, pero posible.<\/p>\n<p>\u201cHasta el 2005, las perspectivas eran modestas \u2013recuerda\u2013. En ese a\u00f1o, la tasa de desempleo en el oriente se situaba en el 18,7 por ciento, mientras que ahora la cifra alcanza el 9,8 por ciento, frente al 6 del occidente, lo que significa una reducci\u00f3n del 50 por ciento en nueve a\u00f1os\u201d.<\/p>\n<p>Sin embargo, seg\u00fan la Central de Estad\u00edsticas de Alemania, el PIB per c\u00e1pita de un germano oriental corresponde apenas al 66 por ciento de lo registrado en el occidente, donde se producen un promedio de 53.611 euros por habitante al a\u00f1o.<\/p>\n<p>Adem\u00e1s, de acuerdo con una encuesta del Instituto Demoskopie Allensbach, contratada por 14 medios, persisten los prejuicios de lado y lado sobre los vecinos. As\u00ed, por ejemplo, seis de cada diez alemanes del oriente siguen catalogando a los occidentales como \u201carrogantes, soberbios y ambiciosos\u201d, mientras que ocho de cada diez alemanes del occidente consideran a los orientales como \u201cdesconfiados, descontentos y demasiado dependientes del Estado\u201d.<\/p>\n<p>Hace 25 a\u00f1os, el Muro de Berl\u00edn se desplom\u00f3 y despert\u00f3 a Alemania de una pesadilla que dur\u00f3 casi un siglo. Hoy, en pleno siglo XXI, el sue\u00f1o de una sola naci\u00f3n, sin diferencias entre sus ciudadanos, se sigue construyendo.<\/p>\n","protected":false},"excerpt":{"rendered":"<p>En la noche del jueves 9 de noviembre de 1989, los alemanes, forzados a vivir amurallados durante 28 a\u00f1os, experimentaron el desplome del Muro de Berl\u00edn como uno de los pocos sucesos plenamente felices de su historia desde 1914. Sin tiempo para tomar aliento, la naci\u00f3n germana protagoniz\u00f3 nefastos fen\u00f3menos desde el inicio de la&hellip;<\/p>\n","protected":false},"author":1,"featured_media":3342,"comment_status":"closed","ping_status":"open","sticky":false,"template":"","format":"standard","meta":{"_jetpack_memberships_contains_paid_content":false,"footnotes":"","jetpack_publicize_message":"","jetpack_publicize_feature_enabled":true,"jetpack_social_post_already_shared":false,"jetpack_social_options":{"image_generator_settings":{"template":"highway","default_image_id":0,"font":"","enabled":false},"version":2}},"categories":[1],"tags":[],"class_list":["post-3341","post","type-post","status-publish","format-standard","has-post-thumbnail","hentry","category-sin-categoria"],"yoast_head":"<!-- This site is optimized with the Yoast SEO plugin v26.3 - https:\/\/yoast.com\/wordpress\/plugins\/seo\/ -->\r\n<title>La ca\u00edda del mundo de Berl\u00edn. Este domingo se celebran los 25 a\u00f1os de la ca\u00edda del Muro de Berl\u00edn. - Difusi\u00f3n Cultural<\/title>\r\n<meta name=\"robots\" content=\"index, follow, max-snippet:-1, max-image-preview:large, max-video-preview:-1\" \/>\r\n<link rel=\"canonical\" href=\"https:\/\/blogs.uninter.edu.mx\/difusioncultural\/?p=3341\" \/>\r\n<meta property=\"og:locale\" content=\"es_MX\" \/>\r\n<meta property=\"og:type\" content=\"article\" \/>\r\n<meta property=\"og:title\" content=\"La ca\u00edda del mundo de Berl\u00edn. Este domingo se celebran los 25 a\u00f1os de la ca\u00edda del Muro de Berl\u00edn. - Difusi\u00f3n Cultural\" \/>\r\n<meta property=\"og:description\" content=\"En la noche del jueves 9 de noviembre de 1989, los alemanes, forzados a vivir amurallados durante 28 a\u00f1os, experimentaron el desplome del Muro de Berl\u00edn como uno de los pocos sucesos plenamente felices de su historia desde 1914. Sin tiempo para tomar aliento, la naci\u00f3n germana protagoniz\u00f3 nefastos fen\u00f3menos desde el inicio de la&hellip;\" \/>\r\n<meta property=\"og:url\" content=\"https:\/\/blogs.uninter.edu.mx\/difusioncultural\/?p=3341\" \/>\r\n<meta property=\"og:site_name\" content=\"Difusi\u00f3n Cultural\" \/>\r\n<meta property=\"article:published_time\" content=\"2014-11-09T16:25:35+00:00\" \/>\r\n<meta property=\"og:image\" content=\"https:\/\/blogs.uninter.edu.mx\/difusioncultural\/wp-content\/uploads\/2014\/11\/imagen-14809215-2-1.jpg\" \/>\r\n\t<meta property=\"og:image:width\" content=\"600\" \/>\r\n\t<meta property=\"og:image:height\" content=\"300\" \/>\r\n\t<meta property=\"og:image:type\" content=\"image\/jpeg\" \/>\r\n<meta name=\"author\" content=\"webmaster\" \/>\r\n<meta name=\"twitter:card\" content=\"summary_large_image\" \/>\r\n<meta name=\"twitter:label1\" content=\"Escrito por\" \/>\n\t<meta name=\"twitter:data1\" content=\"webmaster\" \/>\n\t<meta name=\"twitter:label2\" content=\"Tiempo de lectura\" \/>\n\t<meta name=\"twitter:data2\" content=\"9 minutos\" \/>\r\n<script type=\"application\/ld+json\" class=\"yoast-schema-graph\">{\"@context\":\"https:\/\/schema.org\",\"@graph\":[{\"@type\":\"Article\",\"@id\":\"https:\/\/blogs.uninter.edu.mx\/difusioncultural\/?p=3341#article\",\"isPartOf\":{\"@id\":\"https:\/\/blogs.uninter.edu.mx\/difusioncultural\/?p=3341\"},\"author\":{\"name\":\"webmaster\",\"@id\":\"https:\/\/blogs.uninter.edu.mx\/difusioncultural\/#\/schema\/person\/37a0926f4dd300a814993fd595abdc4a\"},\"headline\":\"La ca\u00edda del mundo de Berl\u00edn. Este domingo se celebran los 25 a\u00f1os de la ca\u00edda del Muro de Berl\u00edn.\",\"datePublished\":\"2014-11-09T16:25:35+00:00\",\"mainEntityOfPage\":{\"@id\":\"https:\/\/blogs.uninter.edu.mx\/difusioncultural\/?p=3341\"},\"wordCount\":1787,\"publisher\":{\"@id\":\"https:\/\/blogs.uninter.edu.mx\/difusioncultural\/#organization\"},\"image\":{\"@id\":\"https:\/\/blogs.uninter.edu.mx\/difusioncultural\/?p=3341#primaryimage\"},\"thumbnailUrl\":\"https:\/\/blogs.uninter.edu.mx\/difusioncultural\/wp-content\/uploads\/2014\/11\/imagen-14809215-2-1.jpg\",\"inLanguage\":\"es\"},{\"@type\":\"WebPage\",\"@id\":\"https:\/\/blogs.uninter.edu.mx\/difusioncultural\/?p=3341\",\"url\":\"https:\/\/blogs.uninter.edu.mx\/difusioncultural\/?p=3341\",\"name\":\"La ca\u00edda del mundo de Berl\u00edn. Este domingo se celebran los 25 a\u00f1os de la ca\u00edda del Muro de Berl\u00edn. - Difusi\u00f3n Cultural\",\"isPartOf\":{\"@id\":\"https:\/\/blogs.uninter.edu.mx\/difusioncultural\/#website\"},\"primaryImageOfPage\":{\"@id\":\"https:\/\/blogs.uninter.edu.mx\/difusioncultural\/?p=3341#primaryimage\"},\"image\":{\"@id\":\"https:\/\/blogs.uninter.edu.mx\/difusioncultural\/?p=3341#primaryimage\"},\"thumbnailUrl\":\"https:\/\/blogs.uninter.edu.mx\/difusioncultural\/wp-content\/uploads\/2014\/11\/imagen-14809215-2-1.jpg\",\"datePublished\":\"2014-11-09T16:25:35+00:00\",\"breadcrumb\":{\"@id\":\"https:\/\/blogs.uninter.edu.mx\/difusioncultural\/?p=3341#breadcrumb\"},\"inLanguage\":\"es\",\"potentialAction\":[{\"@type\":\"ReadAction\",\"target\":[\"https:\/\/blogs.uninter.edu.mx\/difusioncultural\/?p=3341\"]}]},{\"@type\":\"ImageObject\",\"inLanguage\":\"es\",\"@id\":\"https:\/\/blogs.uninter.edu.mx\/difusioncultural\/?p=3341#primaryimage\",\"url\":\"https:\/\/blogs.uninter.edu.mx\/difusioncultural\/wp-content\/uploads\/2014\/11\/imagen-14809215-2-1.jpg\",\"contentUrl\":\"https:\/\/blogs.uninter.edu.mx\/difusioncultural\/wp-content\/uploads\/2014\/11\/imagen-14809215-2-1.jpg\",\"width\":600,\"height\":300},{\"@type\":\"BreadcrumbList\",\"@id\":\"https:\/\/blogs.uninter.edu.mx\/difusioncultural\/?p=3341#breadcrumb\",\"itemListElement\":[{\"@type\":\"ListItem\",\"position\":1,\"name\":\"Inicio\",\"item\":\"https:\/\/blogs.uninter.edu.mx\/difusioncultural\/\"},{\"@type\":\"ListItem\",\"position\":2,\"name\":\"La ca\u00edda del mundo de Berl\u00edn. Este domingo se celebran los 25 a\u00f1os de la ca\u00edda del Muro de Berl\u00edn.\"}]},{\"@type\":\"WebSite\",\"@id\":\"https:\/\/blogs.uninter.edu.mx\/difusioncultural\/#website\",\"url\":\"https:\/\/blogs.uninter.edu.mx\/difusioncultural\/\",\"name\":\"Difusi\u00f3n Cultural\",\"description\":\"UNINTER\",\"publisher\":{\"@id\":\"https:\/\/blogs.uninter.edu.mx\/difusioncultural\/#organization\"},\"potentialAction\":[{\"@type\":\"SearchAction\",\"target\":{\"@type\":\"EntryPoint\",\"urlTemplate\":\"https:\/\/blogs.uninter.edu.mx\/difusioncultural\/?s={search_term_string}\"},\"query-input\":{\"@type\":\"PropertyValueSpecification\",\"valueRequired\":true,\"valueName\":\"search_term_string\"}}],\"inLanguage\":\"es\"},{\"@type\":\"Organization\",\"@id\":\"https:\/\/blogs.uninter.edu.mx\/difusioncultural\/#organization\",\"name\":\"Difusi\u00f3n Cultural\",\"url\":\"https:\/\/blogs.uninter.edu.mx\/difusioncultural\/\",\"logo\":{\"@type\":\"ImageObject\",\"inLanguage\":\"es\",\"@id\":\"https:\/\/blogs.uninter.edu.mx\/difusioncultural\/#\/schema\/logo\/image\/\",\"url\":\"https:\/\/blogs.uninter.edu.mx\/difusioncultural\/wp-content\/uploads\/2022\/09\/uninter.jpg\",\"contentUrl\":\"https:\/\/blogs.uninter.edu.mx\/difusioncultural\/wp-content\/uploads\/2022\/09\/uninter.jpg\",\"width\":2048,\"height\":2048,\"caption\":\"Difusi\u00f3n Cultural\"},\"image\":{\"@id\":\"https:\/\/blogs.uninter.edu.mx\/difusioncultural\/#\/schema\/logo\/image\/\"}},{\"@type\":\"Person\",\"@id\":\"https:\/\/blogs.uninter.edu.mx\/difusioncultural\/#\/schema\/person\/37a0926f4dd300a814993fd595abdc4a\",\"name\":\"webmaster\",\"image\":{\"@type\":\"ImageObject\",\"inLanguage\":\"es\",\"@id\":\"https:\/\/blogs.uninter.edu.mx\/difusioncultural\/#\/schema\/person\/image\/\",\"url\":\"https:\/\/secure.gravatar.com\/avatar\/a59c276b01147463ef3aab4118e3137ebc5e1ad6700deb39ccdf8b89e517f7dc?s=96&d=mm&r=g\",\"contentUrl\":\"https:\/\/secure.gravatar.com\/avatar\/a59c276b01147463ef3aab4118e3137ebc5e1ad6700deb39ccdf8b89e517f7dc?s=96&d=mm&r=g\",\"caption\":\"webmaster\"},\"sameAs\":[\"https:\/\/blogs.uninter.edu.mx\/difusioncultural\"],\"url\":\"https:\/\/blogs.uninter.edu.mx\/difusioncultural\/?author=1\"}]}<\/script>\r\n<!-- \/ Yoast SEO plugin. -->","yoast_head_json":{"title":"La ca\u00edda del mundo de Berl\u00edn. Este domingo se celebran los 25 a\u00f1os de la ca\u00edda del Muro de Berl\u00edn. - Difusi\u00f3n Cultural","robots":{"index":"index","follow":"follow","max-snippet":"max-snippet:-1","max-image-preview":"max-image-preview:large","max-video-preview":"max-video-preview:-1"},"canonical":"https:\/\/blogs.uninter.edu.mx\/difusioncultural\/?p=3341","og_locale":"es_MX","og_type":"article","og_title":"La ca\u00edda del mundo de Berl\u00edn. Este domingo se celebran los 25 a\u00f1os de la ca\u00edda del Muro de Berl\u00edn. - Difusi\u00f3n Cultural","og_description":"En la noche del jueves 9 de noviembre de 1989, los alemanes, forzados a vivir amurallados durante 28 a\u00f1os, experimentaron el desplome del Muro de Berl\u00edn como uno de los pocos sucesos plenamente felices de su historia desde 1914. Sin tiempo para tomar aliento, la naci\u00f3n germana protagoniz\u00f3 nefastos fen\u00f3menos desde el inicio de la&hellip;","og_url":"https:\/\/blogs.uninter.edu.mx\/difusioncultural\/?p=3341","og_site_name":"Difusi\u00f3n Cultural","article_published_time":"2014-11-09T16:25:35+00:00","og_image":[{"width":600,"height":300,"url":"https:\/\/blogs.uninter.edu.mx\/difusioncultural\/wp-content\/uploads\/2014\/11\/imagen-14809215-2-1.jpg","type":"image\/jpeg"}],"author":"webmaster","twitter_card":"summary_large_image","twitter_misc":{"Escrito por":"webmaster","Tiempo de lectura":"9 minutos"},"schema":{"@context":"https:\/\/schema.org","@graph":[{"@type":"Article","@id":"https:\/\/blogs.uninter.edu.mx\/difusioncultural\/?p=3341#article","isPartOf":{"@id":"https:\/\/blogs.uninter.edu.mx\/difusioncultural\/?p=3341"},"author":{"name":"webmaster","@id":"https:\/\/blogs.uninter.edu.mx\/difusioncultural\/#\/schema\/person\/37a0926f4dd300a814993fd595abdc4a"},"headline":"La ca\u00edda del mundo de Berl\u00edn. Este domingo se celebran los 25 a\u00f1os de la ca\u00edda del Muro de Berl\u00edn.","datePublished":"2014-11-09T16:25:35+00:00","mainEntityOfPage":{"@id":"https:\/\/blogs.uninter.edu.mx\/difusioncultural\/?p=3341"},"wordCount":1787,"publisher":{"@id":"https:\/\/blogs.uninter.edu.mx\/difusioncultural\/#organization"},"image":{"@id":"https:\/\/blogs.uninter.edu.mx\/difusioncultural\/?p=3341#primaryimage"},"thumbnailUrl":"https:\/\/blogs.uninter.edu.mx\/difusioncultural\/wp-content\/uploads\/2014\/11\/imagen-14809215-2-1.jpg","inLanguage":"es"},{"@type":"WebPage","@id":"https:\/\/blogs.uninter.edu.mx\/difusioncultural\/?p=3341","url":"https:\/\/blogs.uninter.edu.mx\/difusioncultural\/?p=3341","name":"La ca\u00edda del mundo de Berl\u00edn. Este domingo se celebran los 25 a\u00f1os de la ca\u00edda del Muro de Berl\u00edn. - Difusi\u00f3n Cultural","isPartOf":{"@id":"https:\/\/blogs.uninter.edu.mx\/difusioncultural\/#website"},"primaryImageOfPage":{"@id":"https:\/\/blogs.uninter.edu.mx\/difusioncultural\/?p=3341#primaryimage"},"image":{"@id":"https:\/\/blogs.uninter.edu.mx\/difusioncultural\/?p=3341#primaryimage"},"thumbnailUrl":"https:\/\/blogs.uninter.edu.mx\/difusioncultural\/wp-content\/uploads\/2014\/11\/imagen-14809215-2-1.jpg","datePublished":"2014-11-09T16:25:35+00:00","breadcrumb":{"@id":"https:\/\/blogs.uninter.edu.mx\/difusioncultural\/?p=3341#breadcrumb"},"inLanguage":"es","potentialAction":[{"@type":"ReadAction","target":["https:\/\/blogs.uninter.edu.mx\/difusioncultural\/?p=3341"]}]},{"@type":"ImageObject","inLanguage":"es","@id":"https:\/\/blogs.uninter.edu.mx\/difusioncultural\/?p=3341#primaryimage","url":"https:\/\/blogs.uninter.edu.mx\/difusioncultural\/wp-content\/uploads\/2014\/11\/imagen-14809215-2-1.jpg","contentUrl":"https:\/\/blogs.uninter.edu.mx\/difusioncultural\/wp-content\/uploads\/2014\/11\/imagen-14809215-2-1.jpg","width":600,"height":300},{"@type":"BreadcrumbList","@id":"https:\/\/blogs.uninter.edu.mx\/difusioncultural\/?p=3341#breadcrumb","itemListElement":[{"@type":"ListItem","position":1,"name":"Inicio","item":"https:\/\/blogs.uninter.edu.mx\/difusioncultural\/"},{"@type":"ListItem","position":2,"name":"La ca\u00edda del mundo de Berl\u00edn. Este domingo se celebran los 25 a\u00f1os de la ca\u00edda del Muro de Berl\u00edn."}]},{"@type":"WebSite","@id":"https:\/\/blogs.uninter.edu.mx\/difusioncultural\/#website","url":"https:\/\/blogs.uninter.edu.mx\/difusioncultural\/","name":"Difusi\u00f3n Cultural","description":"UNINTER","publisher":{"@id":"https:\/\/blogs.uninter.edu.mx\/difusioncultural\/#organization"},"potentialAction":[{"@type":"SearchAction","target":{"@type":"EntryPoint","urlTemplate":"https:\/\/blogs.uninter.edu.mx\/difusioncultural\/?s={search_term_string}"},"query-input":{"@type":"PropertyValueSpecification","valueRequired":true,"valueName":"search_term_string"}}],"inLanguage":"es"},{"@type":"Organization","@id":"https:\/\/blogs.uninter.edu.mx\/difusioncultural\/#organization","name":"Difusi\u00f3n Cultural","url":"https:\/\/blogs.uninter.edu.mx\/difusioncultural\/","logo":{"@type":"ImageObject","inLanguage":"es","@id":"https:\/\/blogs.uninter.edu.mx\/difusioncultural\/#\/schema\/logo\/image\/","url":"https:\/\/blogs.uninter.edu.mx\/difusioncultural\/wp-content\/uploads\/2022\/09\/uninter.jpg","contentUrl":"https:\/\/blogs.uninter.edu.mx\/difusioncultural\/wp-content\/uploads\/2022\/09\/uninter.jpg","width":2048,"height":2048,"caption":"Difusi\u00f3n Cultural"},"image":{"@id":"https:\/\/blogs.uninter.edu.mx\/difusioncultural\/#\/schema\/logo\/image\/"}},{"@type":"Person","@id":"https:\/\/blogs.uninter.edu.mx\/difusioncultural\/#\/schema\/person\/37a0926f4dd300a814993fd595abdc4a","name":"webmaster","image":{"@type":"ImageObject","inLanguage":"es","@id":"https:\/\/blogs.uninter.edu.mx\/difusioncultural\/#\/schema\/person\/image\/","url":"https:\/\/secure.gravatar.com\/avatar\/a59c276b01147463ef3aab4118e3137ebc5e1ad6700deb39ccdf8b89e517f7dc?s=96&d=mm&r=g","contentUrl":"https:\/\/secure.gravatar.com\/avatar\/a59c276b01147463ef3aab4118e3137ebc5e1ad6700deb39ccdf8b89e517f7dc?s=96&d=mm&r=g","caption":"webmaster"},"sameAs":["https:\/\/blogs.uninter.edu.mx\/difusioncultural"],"url":"https:\/\/blogs.uninter.edu.mx\/difusioncultural\/?author=1"}]}},"jetpack_publicize_connections":[],"jetpack_featured_media_url":"https:\/\/blogs.uninter.edu.mx\/difusioncultural\/wp-content\/uploads\/2014\/11\/imagen-14809215-2-1.jpg","jetpack_sharing_enabled":true,"_links":{"self":[{"href":"https:\/\/blogs.uninter.edu.mx\/difusioncultural\/index.php?rest_route=\/wp\/v2\/posts\/3341","targetHints":{"allow":["GET"]}}],"collection":[{"href":"https:\/\/blogs.uninter.edu.mx\/difusioncultural\/index.php?rest_route=\/wp\/v2\/posts"}],"about":[{"href":"https:\/\/blogs.uninter.edu.mx\/difusioncultural\/index.php?rest_route=\/wp\/v2\/types\/post"}],"author":[{"embeddable":true,"href":"https:\/\/blogs.uninter.edu.mx\/difusioncultural\/index.php?rest_route=\/wp\/v2\/users\/1"}],"replies":[{"embeddable":true,"href":"https:\/\/blogs.uninter.edu.mx\/difusioncultural\/index.php?rest_route=%2Fwp%2Fv2%2Fcomments&post=3341"}],"version-history":[{"count":0,"href":"https:\/\/blogs.uninter.edu.mx\/difusioncultural\/index.php?rest_route=\/wp\/v2\/posts\/3341\/revisions"}],"wp:featuredmedia":[{"embeddable":true,"href":"https:\/\/blogs.uninter.edu.mx\/difusioncultural\/index.php?rest_route=\/wp\/v2\/media\/3342"}],"wp:attachment":[{"href":"https:\/\/blogs.uninter.edu.mx\/difusioncultural\/index.php?rest_route=%2Fwp%2Fv2%2Fmedia&parent=3341"}],"wp:term":[{"taxonomy":"category","embeddable":true,"href":"https:\/\/blogs.uninter.edu.mx\/difusioncultural\/index.php?rest_route=%2Fwp%2Fv2%2Fcategories&post=3341"},{"taxonomy":"post_tag","embeddable":true,"href":"https:\/\/blogs.uninter.edu.mx\/difusioncultural\/index.php?rest_route=%2Fwp%2Fv2%2Ftags&post=3341"}],"curies":[{"name":"wp","href":"https:\/\/api.w.org\/{rel}","templated":true}]}}