{"id":3348,"date":"2014-11-12T10:49:02","date_gmt":"2014-11-12T16:49:02","guid":{"rendered":"http:\/\/difusionculturaluninter.wordpress.com\/?p=3348"},"modified":"2014-11-12T10:49:02","modified_gmt":"2014-11-12T16:49:02","slug":"sor-juana-ines-de-la-cruz","status":"publish","type":"post","link":"https:\/\/blogs.uninter.edu.mx\/difusioncultural\/?p=3348","title":{"rendered":"Sor Juana In\u00e9s de la Cruz"},"content":{"rendered":"<p>Sor Juana In\u00e9s de la Cruz naci\u00f3 en la hacienda de <strong>San Miguel Nepantla<\/strong>, Estado de M\u00e9xico, el 12 de noviembre de 1648. Su nombre, antes de tomar el h\u00e1bito, fue <strong>Juana de Asbaje y Ram\u00edrez<\/strong> ya que fue hija natural de la criolla Isabel Ram\u00edrez de Santillana y el vizca\u00edno Pedro Manuel de Asbaje.<\/p>\n<p><a href=\"https:\/\/blogs.uninter.edu.mx\/difusioncultural\/wp-content\/uploads\/2014\/11\/sor-juana-inc3a9s-de-la-cruz.jpg\"><img fetchpriority=\"high\" decoding=\"async\" class=\"alignnone size-medium wp-image-3349\" src=\"https:\/\/blogs.uninter.edu.mx\/difusioncultural\/wp-content\/uploads\/2014\/11\/sor-juana-inc3a9s-de-la-cruz.jpg?w=269\" alt=\"sor-juana-inc3a9s-de-la-cruz\" width=\"269\" height=\"300\" \/><\/a><\/p>\n<p>Siendo peque\u00f1a, Sor Juana se cri\u00f3 con su abuelo materno Pedro Ram\u00edrez, en la hacienda de Panoayan. Su genio se manifest\u00f3 desde temprana edad: habiendo estudiado apenas las primeras letras en\u00a0Amecameca.<\/p>\n<p>A los tres a\u00f1os Sor Juana ya sab\u00eda leer, a los siete ped\u00eda que la mandaran a estudiar a la Universidad y a los ocho escribi\u00f3 una loa para la fiesta de Corpus.<\/p>\n<p>En 1656, a la muerte de su abuelo, su madre envi\u00f3 Sor Juana a la capital a vivir a la casa de su hermana, Mar\u00eda Ram\u00edrez, esposa del acaudalado Juan de Mata.<\/p>\n<p>Ah\u00ed Sor Juana In\u00e9s estudi\u00f3 lat\u00edn \u201cen veinte lecciones\u201d con el bachiller Mart\u00edn de Olivas, bast\u00e1ndole solamente esas pocas para dominar esta lengua, cosa que se demuestra en la maestr\u00eda de varias de sus obras, sobre todo en los villancicos, que contienen versos latinos.<\/p>\n<p>Sor Juana cuenta en su &#8220;Carta respuesta a Sor Filotea de la Cruzle\u00eda&#8221;, estudiaba mucho, y era tal su obstinaci\u00f3n por aprender que lleg\u00f3 a recurrir al m\u00e9todo autocoercitivo de cortarse el cabello para poner como plazo que le volviera a crecer, para haber aprendido ya algo que deseaba.<\/p>\n<p>Sor Juana ley\u00f3 mucho durante toda su vida tanto autores cl\u00e1sicos romanos y griegos como espa\u00f1oles.<\/p>\n<p>En 1664 Sor Juana ingres\u00f3 a la corte como dama de compa\u00f1\u00eda de la virreina, <strong>Leonor Mar\u00eda Carreto<\/strong>, marquesa de Mancera, a la que dedic\u00f3 algunos sonetos con el nombre de Laura. El virrey, admirado, hizo reunir a cuarenta letrados de todas facultades para someterla a un examen sin igual del cual, por supuesto, sali\u00f3 triunfante, dejando admirados a los sabios por haber contestado con sabidur\u00eda toda pregunta, argumento y r\u00e9plica que estos le hicieran.<\/p>\n<p>Harta de la vida cortesana, Sor Juana decidi\u00f3 entrar a un convento porque, seg\u00fan ella misma dice, \u201cpara la total negaci\u00f3n que ten\u00eda al matrimonio era lo m\u00e1s decente que pod\u00eda elegir en materia de la seguridad de mi salvaci\u00f3n\u201d. Primero entr\u00f3 al <strong>convento de San Jos\u00e9 de las Carmelitas Descalzas<\/strong> en 1667 pero sali\u00f3 de ah\u00ed a los tres meses, por la severidad de la regla y el rigor de la orden. Despu\u00e9s ingres\u00f3 a la mucho m\u00e1s flexible orden de las jer\u00f3nimas, en el <strong>convento de Santa Paula<\/strong>, donde por fin profes\u00f3 el 24 de febrero de 1669.<\/p>\n<p>En el convento, donde vivi\u00f3 lo que le quedaba de vida, Sor Juana In\u00e9s de la Cruz hizo oficios de contadora y archivista pero, m\u00e1s que nada, se dedic\u00f3 al estudio y a la escritura. Dentro de su celda -que era individual y espaciosa- lleg\u00f3 a poseer m\u00e1s de 4,000 vol\u00famenes, instrumentos musicales, mapas y aparatos de medici\u00f3n y a tener conocimientos profundos en astronom\u00eda, matem\u00e1ticas, lengua, filosof\u00eda, mitolog\u00eda, historia, teolog\u00eda, m\u00fasica, pintura y cocina, por citar solamente algunas de sus disciplinas favoritas.<\/p>\n","protected":false},"excerpt":{"rendered":"<p>Sor Juana In\u00e9s de la Cruz naci\u00f3 en la hacienda de San Miguel Nepantla, Estado de M\u00e9xico, el 12 de noviembre de 1648. Su nombre, antes de tomar el h\u00e1bito, fue Juana de Asbaje y Ram\u00edrez ya que fue hija natural de la criolla Isabel Ram\u00edrez de Santillana y el vizca\u00edno Pedro Manuel de Asbaje.&hellip;<\/p>\n","protected":false},"author":1,"featured_media":3349,"comment_status":"closed","ping_status":"open","sticky":false,"template":"","format":"standard","meta":{"_jetpack_memberships_contains_paid_content":false,"footnotes":"","jetpack_publicize_message":"","jetpack_publicize_feature_enabled":true,"jetpack_social_post_already_shared":false,"jetpack_social_options":{"image_generator_settings":{"template":"highway","default_image_id":0,"font":"","enabled":false},"version":2}},"categories":[13],"tags":[26,36,41,93,94,108,113,131,151,163,204,255,277,280,303,305],"class_list":["post-3348","post","type-post","status-publish","format-standard","has-post-thumbnail","hentry","category-personas-interesantes","tag-acontecimientos","tag-bachillerato","tag-becas-culturales","tag-cultura","tag-cultura-de-la-paz","tag-dia-de-la-independencia-uninter","tag-difusion-cultural","tag-eventos","tag-historia","tag-intercambios","tag-mexico","tag-prepa","tag-secundaria","tag-spanish-school","tag-uninter","tag-universidad-internacional"],"yoast_head":"<!-- This site is optimized with the Yoast SEO plugin v26.3 - https:\/\/yoast.com\/wordpress\/plugins\/seo\/ -->\r\n<title>Sor Juana In\u00e9s de la Cruz - Difusi\u00f3n Cultural<\/title>\r\n<meta name=\"robots\" content=\"index, follow, max-snippet:-1, max-image-preview:large, max-video-preview:-1\" \/>\r\n<link rel=\"canonical\" href=\"https:\/\/blogs.uninter.edu.mx\/difusioncultural\/?p=3348\" \/>\r\n<meta property=\"og:locale\" content=\"es_MX\" \/>\r\n<meta property=\"og:type\" content=\"article\" \/>\r\n<meta property=\"og:title\" content=\"Sor Juana In\u00e9s de la Cruz - Difusi\u00f3n Cultural\" \/>\r\n<meta property=\"og:description\" content=\"Sor Juana In\u00e9s de la Cruz naci\u00f3 en la hacienda de San Miguel Nepantla, Estado de M\u00e9xico, el 12 de noviembre de 1648. Su nombre, antes de tomar el h\u00e1bito, fue Juana de Asbaje y Ram\u00edrez ya que fue hija natural de la criolla Isabel Ram\u00edrez de Santillana y el vizca\u00edno Pedro Manuel de Asbaje.&hellip;\" \/>\r\n<meta property=\"og:url\" content=\"https:\/\/blogs.uninter.edu.mx\/difusioncultural\/?p=3348\" \/>\r\n<meta property=\"og:site_name\" content=\"Difusi\u00f3n Cultural\" \/>\r\n<meta property=\"article:published_time\" content=\"2014-11-12T16:49:02+00:00\" \/>\r\n<meta property=\"og:image\" content=\"https:\/\/blogs.uninter.edu.mx\/difusioncultural\/wp-content\/uploads\/2014\/11\/sor-juana-inc3a9s-de-la-cruz.jpg\" \/>\r\n\t<meta property=\"og:image:width\" content=\"2041\" \/>\r\n\t<meta property=\"og:image:height\" content=\"2274\" \/>\r\n\t<meta property=\"og:image:type\" content=\"image\/jpeg\" \/>\r\n<meta name=\"author\" content=\"webmaster\" \/>\r\n<meta name=\"twitter:card\" content=\"summary_large_image\" \/>\r\n<meta name=\"twitter:label1\" content=\"Escrito por\" \/>\n\t<meta name=\"twitter:data1\" content=\"webmaster\" \/>\n\t<meta name=\"twitter:label2\" content=\"Tiempo de lectura\" \/>\n\t<meta name=\"twitter:data2\" content=\"3 minutos\" \/>\r\n<script type=\"application\/ld+json\" class=\"yoast-schema-graph\">{\"@context\":\"https:\/\/schema.org\",\"@graph\":[{\"@type\":\"Article\",\"@id\":\"https:\/\/blogs.uninter.edu.mx\/difusioncultural\/?p=3348#article\",\"isPartOf\":{\"@id\":\"https:\/\/blogs.uninter.edu.mx\/difusioncultural\/?p=3348\"},\"author\":{\"name\":\"webmaster\",\"@id\":\"https:\/\/blogs.uninter.edu.mx\/difusioncultural\/#\/schema\/person\/37a0926f4dd300a814993fd595abdc4a\"},\"headline\":\"Sor Juana In\u00e9s de la Cruz\",\"datePublished\":\"2014-11-12T16:49:02+00:00\",\"mainEntityOfPage\":{\"@id\":\"https:\/\/blogs.uninter.edu.mx\/difusioncultural\/?p=3348\"},\"wordCount\":565,\"publisher\":{\"@id\":\"https:\/\/blogs.uninter.edu.mx\/difusioncultural\/#organization\"},\"image\":{\"@id\":\"https:\/\/blogs.uninter.edu.mx\/difusioncultural\/?p=3348#primaryimage\"},\"thumbnailUrl\":\"https:\/\/blogs.uninter.edu.mx\/difusioncultural\/wp-content\/uploads\/2014\/11\/sor-juana-inc3a9s-de-la-cruz.jpg\",\"keywords\":[\"acontecimientos\",\"bachillerato\",\"becas culturales\",\"cultura\",\"cultura de la paz\",\"dia de la independencia uninter\",\"difusi\u00f3n cultural\",\"eventos\",\"historia\",\"intercambios\",\"Mexico\",\"prepa\",\"secundaria\",\"spanish school\",\"uninter\",\"universidad internacional\"],\"articleSection\":[\"Personas interesantes\"],\"inLanguage\":\"es\"},{\"@type\":\"WebPage\",\"@id\":\"https:\/\/blogs.uninter.edu.mx\/difusioncultural\/?p=3348\",\"url\":\"https:\/\/blogs.uninter.edu.mx\/difusioncultural\/?p=3348\",\"name\":\"Sor Juana In\u00e9s de la Cruz - Difusi\u00f3n Cultural\",\"isPartOf\":{\"@id\":\"https:\/\/blogs.uninter.edu.mx\/difusioncultural\/#website\"},\"primaryImageOfPage\":{\"@id\":\"https:\/\/blogs.uninter.edu.mx\/difusioncultural\/?p=3348#primaryimage\"},\"image\":{\"@id\":\"https:\/\/blogs.uninter.edu.mx\/difusioncultural\/?p=3348#primaryimage\"},\"thumbnailUrl\":\"https:\/\/blogs.uninter.edu.mx\/difusioncultural\/wp-content\/uploads\/2014\/11\/sor-juana-inc3a9s-de-la-cruz.jpg\",\"datePublished\":\"2014-11-12T16:49:02+00:00\",\"breadcrumb\":{\"@id\":\"https:\/\/blogs.uninter.edu.mx\/difusioncultural\/?p=3348#breadcrumb\"},\"inLanguage\":\"es\",\"potentialAction\":[{\"@type\":\"ReadAction\",\"target\":[\"https:\/\/blogs.uninter.edu.mx\/difusioncultural\/?p=3348\"]}]},{\"@type\":\"ImageObject\",\"inLanguage\":\"es\",\"@id\":\"https:\/\/blogs.uninter.edu.mx\/difusioncultural\/?p=3348#primaryimage\",\"url\":\"https:\/\/blogs.uninter.edu.mx\/difusioncultural\/wp-content\/uploads\/2014\/11\/sor-juana-inc3a9s-de-la-cruz.jpg\",\"contentUrl\":\"https:\/\/blogs.uninter.edu.mx\/difusioncultural\/wp-content\/uploads\/2014\/11\/sor-juana-inc3a9s-de-la-cruz.jpg\",\"width\":2041,\"height\":2274},{\"@type\":\"BreadcrumbList\",\"@id\":\"https:\/\/blogs.uninter.edu.mx\/difusioncultural\/?p=3348#breadcrumb\",\"itemListElement\":[{\"@type\":\"ListItem\",\"position\":1,\"name\":\"Inicio\",\"item\":\"https:\/\/blogs.uninter.edu.mx\/difusioncultural\/\"},{\"@type\":\"ListItem\",\"position\":2,\"name\":\"Sor Juana In\u00e9s de la Cruz\"}]},{\"@type\":\"WebSite\",\"@id\":\"https:\/\/blogs.uninter.edu.mx\/difusioncultural\/#website\",\"url\":\"https:\/\/blogs.uninter.edu.mx\/difusioncultural\/\",\"name\":\"Difusi\u00f3n Cultural\",\"description\":\"UNINTER\",\"publisher\":{\"@id\":\"https:\/\/blogs.uninter.edu.mx\/difusioncultural\/#organization\"},\"potentialAction\":[{\"@type\":\"SearchAction\",\"target\":{\"@type\":\"EntryPoint\",\"urlTemplate\":\"https:\/\/blogs.uninter.edu.mx\/difusioncultural\/?s={search_term_string}\"},\"query-input\":{\"@type\":\"PropertyValueSpecification\",\"valueRequired\":true,\"valueName\":\"search_term_string\"}}],\"inLanguage\":\"es\"},{\"@type\":\"Organization\",\"@id\":\"https:\/\/blogs.uninter.edu.mx\/difusioncultural\/#organization\",\"name\":\"Difusi\u00f3n Cultural\",\"url\":\"https:\/\/blogs.uninter.edu.mx\/difusioncultural\/\",\"logo\":{\"@type\":\"ImageObject\",\"inLanguage\":\"es\",\"@id\":\"https:\/\/blogs.uninter.edu.mx\/difusioncultural\/#\/schema\/logo\/image\/\",\"url\":\"https:\/\/blogs.uninter.edu.mx\/difusioncultural\/wp-content\/uploads\/2022\/09\/uninter.jpg\",\"contentUrl\":\"https:\/\/blogs.uninter.edu.mx\/difusioncultural\/wp-content\/uploads\/2022\/09\/uninter.jpg\",\"width\":2048,\"height\":2048,\"caption\":\"Difusi\u00f3n Cultural\"},\"image\":{\"@id\":\"https:\/\/blogs.uninter.edu.mx\/difusioncultural\/#\/schema\/logo\/image\/\"}},{\"@type\":\"Person\",\"@id\":\"https:\/\/blogs.uninter.edu.mx\/difusioncultural\/#\/schema\/person\/37a0926f4dd300a814993fd595abdc4a\",\"name\":\"webmaster\",\"image\":{\"@type\":\"ImageObject\",\"inLanguage\":\"es\",\"@id\":\"https:\/\/blogs.uninter.edu.mx\/difusioncultural\/#\/schema\/person\/image\/\",\"url\":\"https:\/\/secure.gravatar.com\/avatar\/a59c276b01147463ef3aab4118e3137ebc5e1ad6700deb39ccdf8b89e517f7dc?s=96&d=mm&r=g\",\"contentUrl\":\"https:\/\/secure.gravatar.com\/avatar\/a59c276b01147463ef3aab4118e3137ebc5e1ad6700deb39ccdf8b89e517f7dc?s=96&d=mm&r=g\",\"caption\":\"webmaster\"},\"sameAs\":[\"https:\/\/blogs.uninter.edu.mx\/difusioncultural\"],\"url\":\"https:\/\/blogs.uninter.edu.mx\/difusioncultural\/?author=1\"}]}<\/script>\r\n<!-- \/ Yoast SEO plugin. -->","yoast_head_json":{"title":"Sor Juana In\u00e9s de la Cruz - Difusi\u00f3n Cultural","robots":{"index":"index","follow":"follow","max-snippet":"max-snippet:-1","max-image-preview":"max-image-preview:large","max-video-preview":"max-video-preview:-1"},"canonical":"https:\/\/blogs.uninter.edu.mx\/difusioncultural\/?p=3348","og_locale":"es_MX","og_type":"article","og_title":"Sor Juana In\u00e9s de la Cruz - Difusi\u00f3n Cultural","og_description":"Sor Juana In\u00e9s de la Cruz naci\u00f3 en la hacienda de San Miguel Nepantla, Estado de M\u00e9xico, el 12 de noviembre de 1648. Su nombre, antes de tomar el h\u00e1bito, fue Juana de Asbaje y Ram\u00edrez ya que fue hija natural de la criolla Isabel Ram\u00edrez de Santillana y el vizca\u00edno Pedro Manuel de Asbaje.&hellip;","og_url":"https:\/\/blogs.uninter.edu.mx\/difusioncultural\/?p=3348","og_site_name":"Difusi\u00f3n Cultural","article_published_time":"2014-11-12T16:49:02+00:00","og_image":[{"width":2041,"height":2274,"url":"https:\/\/blogs.uninter.edu.mx\/difusioncultural\/wp-content\/uploads\/2014\/11\/sor-juana-inc3a9s-de-la-cruz.jpg","type":"image\/jpeg"}],"author":"webmaster","twitter_card":"summary_large_image","twitter_misc":{"Escrito por":"webmaster","Tiempo de lectura":"3 minutos"},"schema":{"@context":"https:\/\/schema.org","@graph":[{"@type":"Article","@id":"https:\/\/blogs.uninter.edu.mx\/difusioncultural\/?p=3348#article","isPartOf":{"@id":"https:\/\/blogs.uninter.edu.mx\/difusioncultural\/?p=3348"},"author":{"name":"webmaster","@id":"https:\/\/blogs.uninter.edu.mx\/difusioncultural\/#\/schema\/person\/37a0926f4dd300a814993fd595abdc4a"},"headline":"Sor Juana In\u00e9s de la Cruz","datePublished":"2014-11-12T16:49:02+00:00","mainEntityOfPage":{"@id":"https:\/\/blogs.uninter.edu.mx\/difusioncultural\/?p=3348"},"wordCount":565,"publisher":{"@id":"https:\/\/blogs.uninter.edu.mx\/difusioncultural\/#organization"},"image":{"@id":"https:\/\/blogs.uninter.edu.mx\/difusioncultural\/?p=3348#primaryimage"},"thumbnailUrl":"https:\/\/blogs.uninter.edu.mx\/difusioncultural\/wp-content\/uploads\/2014\/11\/sor-juana-inc3a9s-de-la-cruz.jpg","keywords":["acontecimientos","bachillerato","becas culturales","cultura","cultura de la paz","dia de la independencia uninter","difusi\u00f3n cultural","eventos","historia","intercambios","Mexico","prepa","secundaria","spanish school","uninter","universidad internacional"],"articleSection":["Personas interesantes"],"inLanguage":"es"},{"@type":"WebPage","@id":"https:\/\/blogs.uninter.edu.mx\/difusioncultural\/?p=3348","url":"https:\/\/blogs.uninter.edu.mx\/difusioncultural\/?p=3348","name":"Sor Juana In\u00e9s de la Cruz - Difusi\u00f3n Cultural","isPartOf":{"@id":"https:\/\/blogs.uninter.edu.mx\/difusioncultural\/#website"},"primaryImageOfPage":{"@id":"https:\/\/blogs.uninter.edu.mx\/difusioncultural\/?p=3348#primaryimage"},"image":{"@id":"https:\/\/blogs.uninter.edu.mx\/difusioncultural\/?p=3348#primaryimage"},"thumbnailUrl":"https:\/\/blogs.uninter.edu.mx\/difusioncultural\/wp-content\/uploads\/2014\/11\/sor-juana-inc3a9s-de-la-cruz.jpg","datePublished":"2014-11-12T16:49:02+00:00","breadcrumb":{"@id":"https:\/\/blogs.uninter.edu.mx\/difusioncultural\/?p=3348#breadcrumb"},"inLanguage":"es","potentialAction":[{"@type":"ReadAction","target":["https:\/\/blogs.uninter.edu.mx\/difusioncultural\/?p=3348"]}]},{"@type":"ImageObject","inLanguage":"es","@id":"https:\/\/blogs.uninter.edu.mx\/difusioncultural\/?p=3348#primaryimage","url":"https:\/\/blogs.uninter.edu.mx\/difusioncultural\/wp-content\/uploads\/2014\/11\/sor-juana-inc3a9s-de-la-cruz.jpg","contentUrl":"https:\/\/blogs.uninter.edu.mx\/difusioncultural\/wp-content\/uploads\/2014\/11\/sor-juana-inc3a9s-de-la-cruz.jpg","width":2041,"height":2274},{"@type":"BreadcrumbList","@id":"https:\/\/blogs.uninter.edu.mx\/difusioncultural\/?p=3348#breadcrumb","itemListElement":[{"@type":"ListItem","position":1,"name":"Inicio","item":"https:\/\/blogs.uninter.edu.mx\/difusioncultural\/"},{"@type":"ListItem","position":2,"name":"Sor Juana In\u00e9s de la Cruz"}]},{"@type":"WebSite","@id":"https:\/\/blogs.uninter.edu.mx\/difusioncultural\/#website","url":"https:\/\/blogs.uninter.edu.mx\/difusioncultural\/","name":"Difusi\u00f3n Cultural","description":"UNINTER","publisher":{"@id":"https:\/\/blogs.uninter.edu.mx\/difusioncultural\/#organization"},"potentialAction":[{"@type":"SearchAction","target":{"@type":"EntryPoint","urlTemplate":"https:\/\/blogs.uninter.edu.mx\/difusioncultural\/?s={search_term_string}"},"query-input":{"@type":"PropertyValueSpecification","valueRequired":true,"valueName":"search_term_string"}}],"inLanguage":"es"},{"@type":"Organization","@id":"https:\/\/blogs.uninter.edu.mx\/difusioncultural\/#organization","name":"Difusi\u00f3n Cultural","url":"https:\/\/blogs.uninter.edu.mx\/difusioncultural\/","logo":{"@type":"ImageObject","inLanguage":"es","@id":"https:\/\/blogs.uninter.edu.mx\/difusioncultural\/#\/schema\/logo\/image\/","url":"https:\/\/blogs.uninter.edu.mx\/difusioncultural\/wp-content\/uploads\/2022\/09\/uninter.jpg","contentUrl":"https:\/\/blogs.uninter.edu.mx\/difusioncultural\/wp-content\/uploads\/2022\/09\/uninter.jpg","width":2048,"height":2048,"caption":"Difusi\u00f3n Cultural"},"image":{"@id":"https:\/\/blogs.uninter.edu.mx\/difusioncultural\/#\/schema\/logo\/image\/"}},{"@type":"Person","@id":"https:\/\/blogs.uninter.edu.mx\/difusioncultural\/#\/schema\/person\/37a0926f4dd300a814993fd595abdc4a","name":"webmaster","image":{"@type":"ImageObject","inLanguage":"es","@id":"https:\/\/blogs.uninter.edu.mx\/difusioncultural\/#\/schema\/person\/image\/","url":"https:\/\/secure.gravatar.com\/avatar\/a59c276b01147463ef3aab4118e3137ebc5e1ad6700deb39ccdf8b89e517f7dc?s=96&d=mm&r=g","contentUrl":"https:\/\/secure.gravatar.com\/avatar\/a59c276b01147463ef3aab4118e3137ebc5e1ad6700deb39ccdf8b89e517f7dc?s=96&d=mm&r=g","caption":"webmaster"},"sameAs":["https:\/\/blogs.uninter.edu.mx\/difusioncultural"],"url":"https:\/\/blogs.uninter.edu.mx\/difusioncultural\/?author=1"}]}},"jetpack_publicize_connections":[],"jetpack_featured_media_url":"https:\/\/blogs.uninter.edu.mx\/difusioncultural\/wp-content\/uploads\/2014\/11\/sor-juana-inc3a9s-de-la-cruz.jpg","jetpack_sharing_enabled":true,"_links":{"self":[{"href":"https:\/\/blogs.uninter.edu.mx\/difusioncultural\/index.php?rest_route=\/wp\/v2\/posts\/3348","targetHints":{"allow":["GET"]}}],"collection":[{"href":"https:\/\/blogs.uninter.edu.mx\/difusioncultural\/index.php?rest_route=\/wp\/v2\/posts"}],"about":[{"href":"https:\/\/blogs.uninter.edu.mx\/difusioncultural\/index.php?rest_route=\/wp\/v2\/types\/post"}],"author":[{"embeddable":true,"href":"https:\/\/blogs.uninter.edu.mx\/difusioncultural\/index.php?rest_route=\/wp\/v2\/users\/1"}],"replies":[{"embeddable":true,"href":"https:\/\/blogs.uninter.edu.mx\/difusioncultural\/index.php?rest_route=%2Fwp%2Fv2%2Fcomments&post=3348"}],"version-history":[{"count":0,"href":"https:\/\/blogs.uninter.edu.mx\/difusioncultural\/index.php?rest_route=\/wp\/v2\/posts\/3348\/revisions"}],"wp:featuredmedia":[{"embeddable":true,"href":"https:\/\/blogs.uninter.edu.mx\/difusioncultural\/index.php?rest_route=\/wp\/v2\/media\/3349"}],"wp:attachment":[{"href":"https:\/\/blogs.uninter.edu.mx\/difusioncultural\/index.php?rest_route=%2Fwp%2Fv2%2Fmedia&parent=3348"}],"wp:term":[{"taxonomy":"category","embeddable":true,"href":"https:\/\/blogs.uninter.edu.mx\/difusioncultural\/index.php?rest_route=%2Fwp%2Fv2%2Fcategories&post=3348"},{"taxonomy":"post_tag","embeddable":true,"href":"https:\/\/blogs.uninter.edu.mx\/difusioncultural\/index.php?rest_route=%2Fwp%2Fv2%2Ftags&post=3348"}],"curies":[{"name":"wp","href":"https:\/\/api.w.org\/{rel}","templated":true}]}}