{"id":3371,"date":"2015-02-12T13:23:57","date_gmt":"2015-02-12T19:23:57","guid":{"rendered":"https:\/\/difusionculturaluninter.wordpress.com\/?p=3371"},"modified":"2015-02-12T13:23:57","modified_gmt":"2015-02-12T19:23:57","slug":"celebracion-del-dia-del-amor-y-la-amistad-en-al-mundo","status":"publish","type":"post","link":"https:\/\/blogs.uninter.edu.mx\/difusioncultural\/?p=3371","title":{"rendered":"Celebraci\u00f3n del d\u00eda del amor y la amistad en al mundo."},"content":{"rendered":"<p style=\"text-align:center;\"><strong>Alrededor <\/strong>del <strong>mundo <\/strong>el <strong>D\u00eda de San Valent\u00edn<\/strong>, el <strong>D\u00eda de los Enamorados<\/strong> o el <strong>D\u00eda del Amor y la Amistad<\/strong> es<strong>celebrado <\/strong>de <strong>distintas maneras <\/strong>debido a la <strong>cultura<\/strong>, la <strong>econom\u00eda <\/strong>y la<strong>religi\u00f3n<\/strong>.<\/p>\n<p>En <strong>Brasil<\/strong> el D\u00eca dos Namorados\u2018 es el 12 de junio. Las parejas de novios intercambian regalos y tarjetas.<\/p>\n<p><a href=\"https:\/\/blogs.uninter.edu.mx\/difusioncultural\/wp-content\/uploads\/2015\/02\/san_valentin.png\"><img fetchpriority=\"high\" decoding=\"async\" class=\" size-medium wp-image-3372 aligncenter\" src=\"https:\/\/blogs.uninter.edu.mx\/difusioncultural\/wp-content\/uploads\/2015\/02\/san_valentin.png?w=300\" alt=\"san_valentin\" width=\"300\" height=\"225\" \/><\/a><\/p>\n<p>En<strong> Argentina<\/strong> se le llama \u201cD\u00eda de los Enamorados\u201d y se celebra la uni\u00f3n entre las parejas. Existe adem\u00e1s la Semana de la Dulzura celebrada del 1 al 7 de julio, y que ha adquirido gran popularidad en los \u00faltimos a\u00f1os; en el festejo se cambian dulces por besos.<\/p>\n<p><a href=\"https:\/\/blogs.uninter.edu.mx\/difusioncultural\/wp-content\/uploads\/2015\/02\/485898_10151368509650208_1615894540_n.jpg\"><img decoding=\"async\" class=\" size-medium wp-image-3373 aligncenter\" src=\"https:\/\/blogs.uninter.edu.mx\/difusioncultural\/wp-content\/uploads\/2015\/02\/485898_10151368509650208_1615894540_n.jpg?w=300\" alt=\"485898_10151368509650208_1615894540_n\" width=\"300\" height=\"203\" \/><\/a><\/p>\n<p>En <strong>China<\/strong> el \u201c<em>Qi Qiao Jie<\/em>\u201d o \u201cD\u00eda para mostrar las habilidades\u201d es celebrado el s\u00e9ptimo d\u00eda del s\u00e9ptimo mes del calendario lunar.<\/p>\n<p><img decoding=\"async\" class=\" size-medium wp-image-3374 aligncenter\" src=\"https:\/\/blogs.uninter.edu.mx\/difusioncultural\/wp-content\/uploads\/2015\/02\/valentin-china.jpg?w=300\" alt=\"BODA DURANTES LAS CELEBRACIONES POR EL A\u00d1O NUEVO CHINO Y EL D\u00cdA DE SAN VALENT\u00cdN\" width=\"300\" height=\"225\" \/><\/p>\n<p>En <strong>Jap\u00f3n<\/strong> el \u201cD\u00eda de San Valent\u00edn\u201d se celebra el 14 de febrero y es festejado desde 1958, impulsado inicialmente por la compa\u00f1\u00eda de chocolates<em>Morozoff<\/em>. Son las mujeres quienes regalan chocolates a los hombres, incluidos amigos y compa\u00f1eros de trabajo.<\/p>\n<p>Para el hombre que la mujer ama verdaderamente se regala el <em>honmei choco <\/em>o \u201cchocolate favorito\u201d. Los hombres devuelven el favor un mes despu\u00e9s, el 14 de marzo, celebraci\u00f3n conocida como <em>White Day<\/em> o D\u00eda Blanco en el que se suelen hacer regalos de ese color.<\/p>\n<p><a href=\"https:\/\/blogs.uninter.edu.mx\/difusioncultural\/wp-content\/uploads\/2015\/02\/china16.jpg\"><img loading=\"lazy\" decoding=\"async\" class=\" size-medium wp-image-3375 aligncenter\" src=\"https:\/\/blogs.uninter.edu.mx\/difusioncultural\/wp-content\/uploads\/2015\/02\/china16.jpg?w=300\" alt=\"China16\" width=\"300\" height=\"200\" \/><\/a><\/p>\n<p>En <strong>Corea<\/strong> los solteros se lamentan comiendo fideos negros (jajangmyeon) el 14 de abril. Este d\u00eda se conoce como el &#8220;D\u00eda Negro&#8221; y es especial para las personas que no recibieron ning\u00fan regalo en el &#8220;D\u00eda Blanco&#8221;.<\/p>\n<p><img loading=\"lazy\" decoding=\"async\" class=\" size-medium wp-image-3376 aligncenter\" src=\"https:\/\/blogs.uninter.edu.mx\/difusioncultural\/wp-content\/uploads\/2015\/02\/valentin-corea.jpg?w=300\" alt=\"valentin-corea\" width=\"300\" height=\"234\" \/><\/p>\n<p>El festejo de <em>Anti<\/em><em>valentines<\/em> en <strong>India<\/strong> fue fundado por el partido nacionalista <em>Shiv Sena<\/em> lo cuales est\u00e1n en contra del d\u00eda de San Valent\u00edn porque lo considera como contaminaci\u00f3n para la cultura india.<\/p>\n<p><a href=\"https:\/\/blogs.uninter.edu.mx\/difusioncultural\/wp-content\/uploads\/2015\/02\/540_1329154610_antivalentin.jpg\"><img loading=\"lazy\" decoding=\"async\" class=\" size-medium wp-image-3377 aligncenter\" src=\"https:\/\/blogs.uninter.edu.mx\/difusioncultural\/wp-content\/uploads\/2015\/02\/540_1329154610_antivalentin.jpg?w=300\" alt=\"540_1329154610_Antivalentin\" width=\"300\" height=\"201\" \/><\/a><\/p>\n<p>Un mercado negro de rosas y envolturas para regalos se cre\u00f3 en 2008 en<strong>Arabia Saudita<\/strong> cuando la polic\u00eda religiosa prohibi\u00f3 la venta de cualquier art\u00edculo de San Valent\u00edn por ser considerada como una fecha cat\u00f3lica. Cualquier objeto rojo se elimin\u00f3 de las tiendas.<\/p>\n<p><a href=\"https:\/\/blogs.uninter.edu.mx\/difusioncultural\/wp-content\/uploads\/2015\/02\/valentin-arabia.jpg\"><img loading=\"lazy\" decoding=\"async\" class=\" size-medium wp-image-3378 aligncenter\" src=\"https:\/\/blogs.uninter.edu.mx\/difusioncultural\/wp-content\/uploads\/2015\/02\/valentin-arabia.jpg?w=300\" alt=\"valentin-arabia\" width=\"300\" height=\"189\" \/><\/a><\/p>\n<p>La semana del amor fue &#8220;instaurada&#8221; en <strong>Venezuela <\/strong>cuando el presidente Hugo Ch\u00e1vez propuso, en tono de broma, no celebrar el 14 de febrero porque al d\u00eda siguiente se llevar\u00eda a cabo el referendo constitucional que propuso en 2009 y sus partidarios no iban a tener tiempo de &#8220;nada, nada\u201d. Ch\u00e1vez propuso celebrar &#8220;despu\u00e9s del 15 \u00a1la semana del amor!&#8221;<\/p>\n","protected":false},"excerpt":{"rendered":"<p>Alrededor del mundo el D\u00eda de San Valent\u00edn, el D\u00eda de los Enamorados o el D\u00eda del Amor y la Amistad escelebrado de distintas maneras debido a la cultura, la econom\u00eda y lareligi\u00f3n. En Brasil el D\u00eca dos Namorados\u2018 es el 12 de junio. Las parejas de novios intercambian regalos y tarjetas. En Argentina se&hellip;<\/p>\n","protected":false},"author":1,"featured_media":3372,"comment_status":"closed","ping_status":"open","sticky":false,"template":"","format":"standard","meta":{"_jetpack_memberships_contains_paid_content":false,"footnotes":"","jetpack_publicize_message":"","jetpack_publicize_feature_enabled":true,"jetpack_social_post_already_shared":false,"jetpack_social_options":{"image_generator_settings":{"template":"highway","default_image_id":0,"font":"","enabled":false},"version":2}},"categories":[1],"tags":[],"class_list":["post-3371","post","type-post","status-publish","format-standard","has-post-thumbnail","hentry","category-sin-categoria"],"yoast_head":"<!-- This site is optimized with the Yoast SEO plugin v26.3 - https:\/\/yoast.com\/wordpress\/plugins\/seo\/ -->\r\n<title>Celebraci\u00f3n del d\u00eda del amor y la amistad en al mundo. - Difusi\u00f3n Cultural<\/title>\r\n<meta name=\"robots\" content=\"index, follow, max-snippet:-1, max-image-preview:large, max-video-preview:-1\" \/>\r\n<link rel=\"canonical\" href=\"https:\/\/blogs.uninter.edu.mx\/difusioncultural\/?p=3371\" \/>\r\n<meta property=\"og:locale\" content=\"es_MX\" \/>\r\n<meta property=\"og:type\" content=\"article\" \/>\r\n<meta property=\"og:title\" content=\"Celebraci\u00f3n del d\u00eda del amor y la amistad en al mundo. - Difusi\u00f3n Cultural\" \/>\r\n<meta property=\"og:description\" content=\"Alrededor del mundo el D\u00eda de San Valent\u00edn, el D\u00eda de los Enamorados o el D\u00eda del Amor y la Amistad escelebrado de distintas maneras debido a la cultura, la econom\u00eda y lareligi\u00f3n. En Brasil el D\u00eca dos Namorados\u2018 es el 12 de junio. Las parejas de novios intercambian regalos y tarjetas. En Argentina se&hellip;\" \/>\r\n<meta property=\"og:url\" content=\"https:\/\/blogs.uninter.edu.mx\/difusioncultural\/?p=3371\" \/>\r\n<meta property=\"og:site_name\" content=\"Difusi\u00f3n Cultural\" \/>\r\n<meta property=\"article:published_time\" content=\"2015-02-12T19:23:57+00:00\" \/>\r\n<meta property=\"og:image\" content=\"https:\/\/blogs.uninter.edu.mx\/difusioncultural\/wp-content\/uploads\/2015\/02\/san_valentin.png\" \/>\r\n\t<meta property=\"og:image:width\" content=\"560\" \/>\r\n\t<meta property=\"og:image:height\" content=\"420\" \/>\r\n\t<meta property=\"og:image:type\" content=\"image\/png\" \/>\r\n<meta name=\"author\" content=\"webmaster\" \/>\r\n<meta name=\"twitter:card\" content=\"summary_large_image\" \/>\r\n<meta name=\"twitter:label1\" content=\"Escrito por\" \/>\n\t<meta name=\"twitter:data1\" content=\"webmaster\" \/>\n\t<meta name=\"twitter:label2\" content=\"Tiempo de lectura\" \/>\n\t<meta name=\"twitter:data2\" content=\"2 minutos\" \/>\r\n<script type=\"application\/ld+json\" class=\"yoast-schema-graph\">{\"@context\":\"https:\/\/schema.org\",\"@graph\":[{\"@type\":\"Article\",\"@id\":\"https:\/\/blogs.uninter.edu.mx\/difusioncultural\/?p=3371#article\",\"isPartOf\":{\"@id\":\"https:\/\/blogs.uninter.edu.mx\/difusioncultural\/?p=3371\"},\"author\":{\"name\":\"webmaster\",\"@id\":\"https:\/\/blogs.uninter.edu.mx\/difusioncultural\/#\/schema\/person\/37a0926f4dd300a814993fd595abdc4a\"},\"headline\":\"Celebraci\u00f3n del d\u00eda del amor y la amistad en al mundo.\",\"datePublished\":\"2015-02-12T19:23:57+00:00\",\"mainEntityOfPage\":{\"@id\":\"https:\/\/blogs.uninter.edu.mx\/difusioncultural\/?p=3371\"},\"wordCount\":426,\"publisher\":{\"@id\":\"https:\/\/blogs.uninter.edu.mx\/difusioncultural\/#organization\"},\"image\":{\"@id\":\"https:\/\/blogs.uninter.edu.mx\/difusioncultural\/?p=3371#primaryimage\"},\"thumbnailUrl\":\"https:\/\/blogs.uninter.edu.mx\/difusioncultural\/wp-content\/uploads\/2015\/02\/san_valentin.png\",\"inLanguage\":\"es\"},{\"@type\":\"WebPage\",\"@id\":\"https:\/\/blogs.uninter.edu.mx\/difusioncultural\/?p=3371\",\"url\":\"https:\/\/blogs.uninter.edu.mx\/difusioncultural\/?p=3371\",\"name\":\"Celebraci\u00f3n del d\u00eda del amor y la amistad en al mundo. - Difusi\u00f3n Cultural\",\"isPartOf\":{\"@id\":\"https:\/\/blogs.uninter.edu.mx\/difusioncultural\/#website\"},\"primaryImageOfPage\":{\"@id\":\"https:\/\/blogs.uninter.edu.mx\/difusioncultural\/?p=3371#primaryimage\"},\"image\":{\"@id\":\"https:\/\/blogs.uninter.edu.mx\/difusioncultural\/?p=3371#primaryimage\"},\"thumbnailUrl\":\"https:\/\/blogs.uninter.edu.mx\/difusioncultural\/wp-content\/uploads\/2015\/02\/san_valentin.png\",\"datePublished\":\"2015-02-12T19:23:57+00:00\",\"breadcrumb\":{\"@id\":\"https:\/\/blogs.uninter.edu.mx\/difusioncultural\/?p=3371#breadcrumb\"},\"inLanguage\":\"es\",\"potentialAction\":[{\"@type\":\"ReadAction\",\"target\":[\"https:\/\/blogs.uninter.edu.mx\/difusioncultural\/?p=3371\"]}]},{\"@type\":\"ImageObject\",\"inLanguage\":\"es\",\"@id\":\"https:\/\/blogs.uninter.edu.mx\/difusioncultural\/?p=3371#primaryimage\",\"url\":\"https:\/\/blogs.uninter.edu.mx\/difusioncultural\/wp-content\/uploads\/2015\/02\/san_valentin.png\",\"contentUrl\":\"https:\/\/blogs.uninter.edu.mx\/difusioncultural\/wp-content\/uploads\/2015\/02\/san_valentin.png\",\"width\":560,\"height\":420},{\"@type\":\"BreadcrumbList\",\"@id\":\"https:\/\/blogs.uninter.edu.mx\/difusioncultural\/?p=3371#breadcrumb\",\"itemListElement\":[{\"@type\":\"ListItem\",\"position\":1,\"name\":\"Inicio\",\"item\":\"https:\/\/blogs.uninter.edu.mx\/difusioncultural\/\"},{\"@type\":\"ListItem\",\"position\":2,\"name\":\"Celebraci\u00f3n del d\u00eda del amor y la amistad en al mundo.\"}]},{\"@type\":\"WebSite\",\"@id\":\"https:\/\/blogs.uninter.edu.mx\/difusioncultural\/#website\",\"url\":\"https:\/\/blogs.uninter.edu.mx\/difusioncultural\/\",\"name\":\"Difusi\u00f3n Cultural\",\"description\":\"UNINTER\",\"publisher\":{\"@id\":\"https:\/\/blogs.uninter.edu.mx\/difusioncultural\/#organization\"},\"potentialAction\":[{\"@type\":\"SearchAction\",\"target\":{\"@type\":\"EntryPoint\",\"urlTemplate\":\"https:\/\/blogs.uninter.edu.mx\/difusioncultural\/?s={search_term_string}\"},\"query-input\":{\"@type\":\"PropertyValueSpecification\",\"valueRequired\":true,\"valueName\":\"search_term_string\"}}],\"inLanguage\":\"es\"},{\"@type\":\"Organization\",\"@id\":\"https:\/\/blogs.uninter.edu.mx\/difusioncultural\/#organization\",\"name\":\"Difusi\u00f3n Cultural\",\"url\":\"https:\/\/blogs.uninter.edu.mx\/difusioncultural\/\",\"logo\":{\"@type\":\"ImageObject\",\"inLanguage\":\"es\",\"@id\":\"https:\/\/blogs.uninter.edu.mx\/difusioncultural\/#\/schema\/logo\/image\/\",\"url\":\"https:\/\/blogs.uninter.edu.mx\/difusioncultural\/wp-content\/uploads\/2022\/09\/uninter.jpg\",\"contentUrl\":\"https:\/\/blogs.uninter.edu.mx\/difusioncultural\/wp-content\/uploads\/2022\/09\/uninter.jpg\",\"width\":2048,\"height\":2048,\"caption\":\"Difusi\u00f3n Cultural\"},\"image\":{\"@id\":\"https:\/\/blogs.uninter.edu.mx\/difusioncultural\/#\/schema\/logo\/image\/\"}},{\"@type\":\"Person\",\"@id\":\"https:\/\/blogs.uninter.edu.mx\/difusioncultural\/#\/schema\/person\/37a0926f4dd300a814993fd595abdc4a\",\"name\":\"webmaster\",\"image\":{\"@type\":\"ImageObject\",\"inLanguage\":\"es\",\"@id\":\"https:\/\/blogs.uninter.edu.mx\/difusioncultural\/#\/schema\/person\/image\/\",\"url\":\"https:\/\/secure.gravatar.com\/avatar\/a59c276b01147463ef3aab4118e3137ebc5e1ad6700deb39ccdf8b89e517f7dc?s=96&d=mm&r=g\",\"contentUrl\":\"https:\/\/secure.gravatar.com\/avatar\/a59c276b01147463ef3aab4118e3137ebc5e1ad6700deb39ccdf8b89e517f7dc?s=96&d=mm&r=g\",\"caption\":\"webmaster\"},\"sameAs\":[\"https:\/\/blogs.uninter.edu.mx\/difusioncultural\"],\"url\":\"https:\/\/blogs.uninter.edu.mx\/difusioncultural\/?author=1\"}]}<\/script>\r\n<!-- \/ Yoast SEO plugin. -->","yoast_head_json":{"title":"Celebraci\u00f3n del d\u00eda del amor y la amistad en al mundo. - Difusi\u00f3n Cultural","robots":{"index":"index","follow":"follow","max-snippet":"max-snippet:-1","max-image-preview":"max-image-preview:large","max-video-preview":"max-video-preview:-1"},"canonical":"https:\/\/blogs.uninter.edu.mx\/difusioncultural\/?p=3371","og_locale":"es_MX","og_type":"article","og_title":"Celebraci\u00f3n del d\u00eda del amor y la amistad en al mundo. - Difusi\u00f3n Cultural","og_description":"Alrededor del mundo el D\u00eda de San Valent\u00edn, el D\u00eda de los Enamorados o el D\u00eda del Amor y la Amistad escelebrado de distintas maneras debido a la cultura, la econom\u00eda y lareligi\u00f3n. En Brasil el D\u00eca dos Namorados\u2018 es el 12 de junio. Las parejas de novios intercambian regalos y tarjetas. En Argentina se&hellip;","og_url":"https:\/\/blogs.uninter.edu.mx\/difusioncultural\/?p=3371","og_site_name":"Difusi\u00f3n Cultural","article_published_time":"2015-02-12T19:23:57+00:00","og_image":[{"width":560,"height":420,"url":"https:\/\/blogs.uninter.edu.mx\/difusioncultural\/wp-content\/uploads\/2015\/02\/san_valentin.png","type":"image\/png"}],"author":"webmaster","twitter_card":"summary_large_image","twitter_misc":{"Escrito por":"webmaster","Tiempo de lectura":"2 minutos"},"schema":{"@context":"https:\/\/schema.org","@graph":[{"@type":"Article","@id":"https:\/\/blogs.uninter.edu.mx\/difusioncultural\/?p=3371#article","isPartOf":{"@id":"https:\/\/blogs.uninter.edu.mx\/difusioncultural\/?p=3371"},"author":{"name":"webmaster","@id":"https:\/\/blogs.uninter.edu.mx\/difusioncultural\/#\/schema\/person\/37a0926f4dd300a814993fd595abdc4a"},"headline":"Celebraci\u00f3n del d\u00eda del amor y la amistad en al mundo.","datePublished":"2015-02-12T19:23:57+00:00","mainEntityOfPage":{"@id":"https:\/\/blogs.uninter.edu.mx\/difusioncultural\/?p=3371"},"wordCount":426,"publisher":{"@id":"https:\/\/blogs.uninter.edu.mx\/difusioncultural\/#organization"},"image":{"@id":"https:\/\/blogs.uninter.edu.mx\/difusioncultural\/?p=3371#primaryimage"},"thumbnailUrl":"https:\/\/blogs.uninter.edu.mx\/difusioncultural\/wp-content\/uploads\/2015\/02\/san_valentin.png","inLanguage":"es"},{"@type":"WebPage","@id":"https:\/\/blogs.uninter.edu.mx\/difusioncultural\/?p=3371","url":"https:\/\/blogs.uninter.edu.mx\/difusioncultural\/?p=3371","name":"Celebraci\u00f3n del d\u00eda del amor y la amistad en al mundo. - Difusi\u00f3n Cultural","isPartOf":{"@id":"https:\/\/blogs.uninter.edu.mx\/difusioncultural\/#website"},"primaryImageOfPage":{"@id":"https:\/\/blogs.uninter.edu.mx\/difusioncultural\/?p=3371#primaryimage"},"image":{"@id":"https:\/\/blogs.uninter.edu.mx\/difusioncultural\/?p=3371#primaryimage"},"thumbnailUrl":"https:\/\/blogs.uninter.edu.mx\/difusioncultural\/wp-content\/uploads\/2015\/02\/san_valentin.png","datePublished":"2015-02-12T19:23:57+00:00","breadcrumb":{"@id":"https:\/\/blogs.uninter.edu.mx\/difusioncultural\/?p=3371#breadcrumb"},"inLanguage":"es","potentialAction":[{"@type":"ReadAction","target":["https:\/\/blogs.uninter.edu.mx\/difusioncultural\/?p=3371"]}]},{"@type":"ImageObject","inLanguage":"es","@id":"https:\/\/blogs.uninter.edu.mx\/difusioncultural\/?p=3371#primaryimage","url":"https:\/\/blogs.uninter.edu.mx\/difusioncultural\/wp-content\/uploads\/2015\/02\/san_valentin.png","contentUrl":"https:\/\/blogs.uninter.edu.mx\/difusioncultural\/wp-content\/uploads\/2015\/02\/san_valentin.png","width":560,"height":420},{"@type":"BreadcrumbList","@id":"https:\/\/blogs.uninter.edu.mx\/difusioncultural\/?p=3371#breadcrumb","itemListElement":[{"@type":"ListItem","position":1,"name":"Inicio","item":"https:\/\/blogs.uninter.edu.mx\/difusioncultural\/"},{"@type":"ListItem","position":2,"name":"Celebraci\u00f3n del d\u00eda del amor y la amistad en al mundo."}]},{"@type":"WebSite","@id":"https:\/\/blogs.uninter.edu.mx\/difusioncultural\/#website","url":"https:\/\/blogs.uninter.edu.mx\/difusioncultural\/","name":"Difusi\u00f3n Cultural","description":"UNINTER","publisher":{"@id":"https:\/\/blogs.uninter.edu.mx\/difusioncultural\/#organization"},"potentialAction":[{"@type":"SearchAction","target":{"@type":"EntryPoint","urlTemplate":"https:\/\/blogs.uninter.edu.mx\/difusioncultural\/?s={search_term_string}"},"query-input":{"@type":"PropertyValueSpecification","valueRequired":true,"valueName":"search_term_string"}}],"inLanguage":"es"},{"@type":"Organization","@id":"https:\/\/blogs.uninter.edu.mx\/difusioncultural\/#organization","name":"Difusi\u00f3n Cultural","url":"https:\/\/blogs.uninter.edu.mx\/difusioncultural\/","logo":{"@type":"ImageObject","inLanguage":"es","@id":"https:\/\/blogs.uninter.edu.mx\/difusioncultural\/#\/schema\/logo\/image\/","url":"https:\/\/blogs.uninter.edu.mx\/difusioncultural\/wp-content\/uploads\/2022\/09\/uninter.jpg","contentUrl":"https:\/\/blogs.uninter.edu.mx\/difusioncultural\/wp-content\/uploads\/2022\/09\/uninter.jpg","width":2048,"height":2048,"caption":"Difusi\u00f3n Cultural"},"image":{"@id":"https:\/\/blogs.uninter.edu.mx\/difusioncultural\/#\/schema\/logo\/image\/"}},{"@type":"Person","@id":"https:\/\/blogs.uninter.edu.mx\/difusioncultural\/#\/schema\/person\/37a0926f4dd300a814993fd595abdc4a","name":"webmaster","image":{"@type":"ImageObject","inLanguage":"es","@id":"https:\/\/blogs.uninter.edu.mx\/difusioncultural\/#\/schema\/person\/image\/","url":"https:\/\/secure.gravatar.com\/avatar\/a59c276b01147463ef3aab4118e3137ebc5e1ad6700deb39ccdf8b89e517f7dc?s=96&d=mm&r=g","contentUrl":"https:\/\/secure.gravatar.com\/avatar\/a59c276b01147463ef3aab4118e3137ebc5e1ad6700deb39ccdf8b89e517f7dc?s=96&d=mm&r=g","caption":"webmaster"},"sameAs":["https:\/\/blogs.uninter.edu.mx\/difusioncultural"],"url":"https:\/\/blogs.uninter.edu.mx\/difusioncultural\/?author=1"}]}},"jetpack_publicize_connections":[],"jetpack_featured_media_url":"https:\/\/blogs.uninter.edu.mx\/difusioncultural\/wp-content\/uploads\/2015\/02\/san_valentin.png","jetpack_sharing_enabled":true,"_links":{"self":[{"href":"https:\/\/blogs.uninter.edu.mx\/difusioncultural\/index.php?rest_route=\/wp\/v2\/posts\/3371","targetHints":{"allow":["GET"]}}],"collection":[{"href":"https:\/\/blogs.uninter.edu.mx\/difusioncultural\/index.php?rest_route=\/wp\/v2\/posts"}],"about":[{"href":"https:\/\/blogs.uninter.edu.mx\/difusioncultural\/index.php?rest_route=\/wp\/v2\/types\/post"}],"author":[{"embeddable":true,"href":"https:\/\/blogs.uninter.edu.mx\/difusioncultural\/index.php?rest_route=\/wp\/v2\/users\/1"}],"replies":[{"embeddable":true,"href":"https:\/\/blogs.uninter.edu.mx\/difusioncultural\/index.php?rest_route=%2Fwp%2Fv2%2Fcomments&post=3371"}],"version-history":[{"count":0,"href":"https:\/\/blogs.uninter.edu.mx\/difusioncultural\/index.php?rest_route=\/wp\/v2\/posts\/3371\/revisions"}],"wp:featuredmedia":[{"embeddable":true,"href":"https:\/\/blogs.uninter.edu.mx\/difusioncultural\/index.php?rest_route=\/wp\/v2\/media\/3372"}],"wp:attachment":[{"href":"https:\/\/blogs.uninter.edu.mx\/difusioncultural\/index.php?rest_route=%2Fwp%2Fv2%2Fmedia&parent=3371"}],"wp:term":[{"taxonomy":"category","embeddable":true,"href":"https:\/\/blogs.uninter.edu.mx\/difusioncultural\/index.php?rest_route=%2Fwp%2Fv2%2Fcategories&post=3371"},{"taxonomy":"post_tag","embeddable":true,"href":"https:\/\/blogs.uninter.edu.mx\/difusioncultural\/index.php?rest_route=%2Fwp%2Fv2%2Ftags&post=3371"}],"curies":[{"name":"wp","href":"https:\/\/api.w.org\/{rel}","templated":true}]}}