{"id":3409,"date":"2015-02-24T09:45:46","date_gmt":"2015-02-24T15:45:46","guid":{"rendered":"https:\/\/difusionculturaluninter.wordpress.com\/?p=3409"},"modified":"2015-02-24T09:45:46","modified_gmt":"2015-02-24T15:45:46","slug":"24-de-febrero-dia-de-la-bandera-de-mexico","status":"publish","type":"post","link":"https:\/\/blogs.uninter.edu.mx\/difusioncultural\/?p=3409","title":{"rendered":"24 de Febrero: D\u00eda de la Bandera de M\u00e9xico."},"content":{"rendered":"<p><b>El 24 de febrero<\/b> los mexicanos festejamos a nuestra hermosa bandera que naci\u00f3 en el a\u00f1o de 1821 cuando Agust\u00edn de Iturbide y Vicente Guerrero proclamaron consumada la Independencia de M\u00e9xico mediante el famoso &#8220;Plan de Iguala&#8221;.<\/p>\n<p>Este plan establec\u00eda tres garant\u00edas para todos los mexicanos que fueron representadas con cada uno de los colores que tiene nuestra bandera y que fueron aceptadas por Vicente Guerrero y Agust\u00edn de Iturbide durante el encuentro en el que dieron el c\u00e9lebre abrazo de Acatempan.<\/p>\n<p>Durante este evento hist\u00f3rico, que marc\u00f3 el fin de la dependencia espa\u00f1ola y nuestra Independencia total, Guerrero le jur\u00f3 lealtad y respeto a nuestra ense\u00f1a nacional, convirti\u00e9ndose as\u00ed en el primer militar que jur\u00f3 bandera en nuestro pa\u00eds, esto sucedi\u00f3 el 12 de marzo de 1821.<\/p>\n<p><strong>Para llegar a la bandera que hoy conocemos, tuvieron que hacerse varias modificaciones al igual que las que ha tenido la historia mexicana.<\/strong><\/p>\n<p><a href=\"https:\/\/blogs.uninter.edu.mx\/difusioncultural\/wp-content\/uploads\/2015\/02\/bandera-mexico-historia-1-feb13.png\"><img decoding=\"async\" class=\" size-medium wp-image-3411 aligncenter\" src=\"https:\/\/blogs.uninter.edu.mx\/difusioncultural\/wp-content\/uploads\/2015\/02\/bandera-mexico-historia-1-feb13.png?w=300\" alt=\"bandera-mexico-historia-1-feb13\" width=\"300\" height=\"75\" \/><\/a><\/p>\n<ul>\n<li>Cuando el pueblo se levant\u00f3 en armas en 1810, la bandera que utiliz\u00f3 Miguel Hidalgo fu\u00e9 un lienzo con la imagen de la virgen de Gudalupe que tom\u00f3 de la iglesia de Atotonilco.<\/li>\n<li>Despu\u00e9s con Morelos, la bandera que lo acompa\u00f1\u00f3 en su lucha hasta el a\u00f1o de 1814, era un rect\u00e1ngulo de color azul con otro de color blanco, este \u00faltimo ten\u00eda en el centro un \u00e1guila coronada que posaba sobre un nopal, encima de un puente de tres arcos con las iniciales &#8220;VVM&#8221; (Viva la Virgen Mar\u00eda).<\/li>\n<li>La bandera trigarante que se elabor\u00f3 conforme al Plan de Iguala, tenia los colores blanco, verde y rojo; estos estaban colocados en franjas diagonales que representaban las ideas de religi\u00f3n, uni\u00f3n e independencia, en el centro de cada franja hab\u00eda una estrella.<\/li>\n<li>En cambio, el 2 de noviembre de 1821, Iturbide decidi\u00f3 que el orden de los colores de la bandera ser\u00edan verde, blanco y rojo con franjas verticales, figurando en el centro la imagen de un \u00e1guila coronada.<\/li>\n<li>Cuando el movimiento de Independencia cay\u00f3 en manos de Ignacio L\u00f3pez Ray\u00f3n, el 14 de julio de 1815,\u00a0se emitieron dos decretos: la creaci\u00f3n del escudo y de la bandera nacionales, y fue entonces cuando por fin se nombr\u00f3 al pa\u00eds\u00a0como M\u00e9xico. El 14 de abril de 1823, el Congreso Constituyente Mexicano decret\u00f3 que el escudo ser\u00eda el \u00e1guila parada sobre un nopal, agarrando con la pata derecha una serpiente.<\/li>\n<\/ul>\n<p class=\"text\"><strong>C\u00d3MO HA CAMBIADO EL DISE\u00d1O DE LA BANDERA DE M\u00c9XICO<\/strong><\/p>\n<p class=\"text\" style=\"text-align:center;\"><a href=\"https:\/\/blogs.uninter.edu.mx\/difusioncultural\/wp-content\/uploads\/2015\/02\/banderas-de-mexico-2.jpg\"><img fetchpriority=\"high\" decoding=\"async\" class=\"alignnone size-medium wp-image-3412\" src=\"https:\/\/blogs.uninter.edu.mx\/difusioncultural\/wp-content\/uploads\/2015\/02\/banderas-de-mexico-2.jpg?w=207\" alt=\"banderas-de-mexico-2\" width=\"207\" height=\"300\" \/><\/a><\/p>\n<p class=\"text\">La primera bandera nacional oficial fue concebida por Agust\u00edn de Iturbide y confeccionada en Iguala por el sastre Jos\u00e9 Magdaleno Ocampo en 1821. Aunque el \u00e1guila en el escudo es similar a la utilizada hoy en d\u00eda, la de 1821 no tiene una serpiente en su pico y presenta adem\u00e1s una corona, que representa el Imperio instaurado por Iturbide.<\/p>\n<p class=\"text\">La segunda bandera nacional fue adoptada tras establecerse la primera rep\u00fablica federal en 1823. La bandera elegida en abril de ese a\u00f1o ten\u00eda la \u00fanica diferencia con su predecesora en el escudo nacional en el que desapareci\u00f3 la corona sobre el \u00e1guila y surgieron la serpiente y las ramas de olivo y laurel, elementos que a\u00fan se mantienen en el dise\u00f1o del escudo.<\/p>\n<p class=\"text\">La tercera bandera nacional oficial fue la del Segundo Imperio Mexicano. Una vez m\u00e1s, el patr\u00f3n de colores usado fue el tricolor verde, blanco y rojo con el escudo nacional cargado al centro de la franja blanca. El dise\u00f1o del escudo, ordenado por el Emperador Maximiliano I de M\u00e9xico, deb\u00eda semejarse al Escudo Imperial franc\u00e9s, pero con un toque mexicano. La bandera dej\u00f3 de usarse en 1867, cuando Maximiliano I fue destronado y ejecutado por el ej\u00e9rcito federalista.<\/p>\n<p class=\"text\">La actual bandera, llamada la Cuarta Bandera Nacional, fue adoptada por decreto el 16 de septiembre de 1968 y fue confirmada por ley el 24 de febrero de 1984. La versi\u00f3n utilizada hoy en d\u00eda es una adaptaci\u00f3n del dise\u00f1o aprobado en 1916 por decreto del Presidente Venustiano Carranza, en donde el perfil del \u00e1guila fue cambiado de frente a perfil izquierdo.<\/p>\n<p><strong>SIGNIFICADO DE LOS ELEMENTOS DE LA BANDERA MEXICANA<\/strong><\/p>\n<p>El escudo nacional se especific\u00f3 as\u00ed por el significado que el pueblo azteca dio a esos elementos:<\/p>\n<p><b>El \u00e1guila<\/b> se identificaba con el sol.<\/p>\n<p><b>La serpiente<\/b> con la diosa Coatlicue.<\/p>\n<p><b>El nopal y su fruto(tuna)<\/b> representaban el coraz\u00f3n humano.<\/p>\n<p>Esta imagen se origin\u00f3 de la fundaci\u00f3n de M\u00e9xico Tenochtitl\u00e1n en 1325.<\/p>\n<p>Quien se encarg\u00f3 de reglamentar los colores del l\u00e1baro patrio con el \u00e1guila de perfil, fue Venustiano Carranza.<\/p>\n<p class=\"text\">Los colores de la bandera se originaron de los de la bandera del Ej\u00e9rcito de las Tres Garant\u00edas o Ej\u00e9rcito Trigarante, que definen las ideas pol\u00edticas que impulsaron el proyecto de independencia nacional, y de los mexicanos que iniciaron la construcci\u00f3n de un Estado libre y soberano, en 1821.<\/p>\n<p class=\"text\">Originalmente el significado de los colores fue:<br \/>\n&#8211;\u00a0<strong>Blanco:<\/strong>\u00a0religi\u00f3n (la fe a la Iglesia Cat\u00f3lica, dominante pol\u00edticamente en la \u00e9poca)<br \/>\n&#8211;\u00a0<strong>Rojo:<\/strong>\u00a0uni\u00f3n (entre europeos y americanos como una nueva poblaci\u00f3n aut\u00f3noma y unificada)<br \/>\n&#8211;\u00a0<strong>Verde:<\/strong>\u00a0libertad (la Independencia obtenida por el naciente pueblo mexicano)<\/p>\n<p class=\"text\">Despu\u00e9s, el significado cambi\u00f3 debido a la secularizaci\u00f3n del pa\u00eds, que signific\u00f3 la separaci\u00f3n econ\u00f3mica y pol\u00edtica de la Iglesia y el Estado, por el entonces presidente Benito Ju\u00e1rez. Los colores del l\u00e1baro patrio simbolizan desde ese momento\u00a0lo siguiente:<br \/>\n&#8211;\u00a0<strong>Verde:<\/strong>\u00a0esperanza<br \/>\n&#8211;\u00a0<strong>Blanco:<\/strong>\u00a0unidad<br \/>\n&#8211;\u00a0<strong>Rojo:<\/strong>\u00a0la sangre de los h\u00e9roes nacionales<\/p>\n<p>As\u00ed llegamos a la bandera que conocemos hoy, la cual se onde\u00f3 por primera vez en el Palacio Nacional el 15 de septiembre de 1917 y despu\u00e9s en 1934, ya que en ese a\u00f1o se cre\u00f3 el D\u00eda de la Bandera Mexicana y a partir de entonces se celebra cada 24 de febrero. Esta festividad fue oficialmente reconocida en 1940, por el decreto del Presidente L\u00e1zaro C\u00e1rdenas del R\u00edo.<\/p>\n<p><b>\u00bfPero cu\u00e1ndo se empez\u00f3 a festejar el d\u00eda de la Bandera?<\/b><br \/>\nEl 24 de febrero de 1935, un empleado del Banco de M\u00e9xico, llamado Benito Ram\u00edrez, organiz\u00f3 en su casa una guardia de honor en se\u00f1al de homenaje a nuestra hermosa bandera, entonces esta pr\u00e1ctica continu\u00f3 hasta que el presidente L\u00e1zaro C\u00e1rdenas, en 1940, decret\u00f3 que este d\u00eda fuera oficialmente <b>&#8220;El D\u00eda de la Bandera&#8221;.<\/b><\/p>\n<p>As\u00ed, ese d\u00eda, todos los a\u00f1os, todos los mexicanos y mexicanas, le cantamos, recitamos alguna poes\u00eda, elaboramos con papel su imagen, ponemos banderas en nuestras casas y oficinas y nos deleitamos con su belleza al verla ondear con el viento, izada a toda asta, recordando con orgullo a los h\u00e9roes que nos dieron patria y libertad, pero sobre todo represent\u00e1ndonos a cada uno de nosotros, porque es nuestra ense\u00f1a nacional y uno de nuestros s\u00edmbolos patrios.<\/p>\n","protected":false},"excerpt":{"rendered":"<p>El 24 de febrero los mexicanos festejamos a nuestra hermosa bandera que naci\u00f3 en el a\u00f1o de 1821 cuando Agust\u00edn de Iturbide y Vicente Guerrero proclamaron consumada la Independencia de M\u00e9xico mediante el famoso &#8220;Plan de Iguala&#8221;. Este plan establec\u00eda tres garant\u00edas para todos los mexicanos que fueron representadas con cada uno de los colores&hellip;<\/p>\n","protected":false},"author":1,"featured_media":3410,"comment_status":"closed","ping_status":"open","sticky":false,"template":"","format":"standard","meta":{"_jetpack_memberships_contains_paid_content":false,"footnotes":"","jetpack_publicize_message":"","jetpack_publicize_feature_enabled":true,"jetpack_social_post_already_shared":false,"jetpack_social_options":{"image_generator_settings":{"template":"highway","default_image_id":0,"font":"","enabled":false},"version":2}},"categories":[1],"tags":[26,36,41,93,94,113,116,129,136,137,139,151,162,163,190,195,204,253,255],"class_list":["post-3409","post","type-post","status-publish","format-standard","has-post-thumbnail","hentry","category-sin-categoria","tag-acontecimientos","tag-bachillerato","tag-becas-culturales","tag-cultura","tag-cultura-de-la-paz","tag-difusion-cultural","tag-efemerides","tag-estudiantes","tag-festejos","tag-festejos-patrios-uninter","tag-filarmonica-de-cuernavaca","tag-historia","tag-independencia-de-mexico","tag-intercambios","tag-licenciatura","tag-maestria","tag-mexico","tag-posgrado","tag-prepa"],"yoast_head":"<!-- This site is optimized with the Yoast SEO plugin v26.3 - https:\/\/yoast.com\/wordpress\/plugins\/seo\/ -->\r\n<title>24 de Febrero: D\u00eda de la Bandera de M\u00e9xico. - Difusi\u00f3n Cultural<\/title>\r\n<meta name=\"robots\" content=\"index, follow, max-snippet:-1, max-image-preview:large, max-video-preview:-1\" \/>\r\n<link rel=\"canonical\" href=\"https:\/\/blogs.uninter.edu.mx\/difusioncultural\/?p=3409\" \/>\r\n<meta property=\"og:locale\" content=\"es_MX\" \/>\r\n<meta property=\"og:type\" content=\"article\" \/>\r\n<meta property=\"og:title\" content=\"24 de Febrero: D\u00eda de la Bandera de M\u00e9xico. - Difusi\u00f3n Cultural\" \/>\r\n<meta property=\"og:description\" content=\"El 24 de febrero los mexicanos festejamos a nuestra hermosa bandera que naci\u00f3 en el a\u00f1o de 1821 cuando Agust\u00edn de Iturbide y Vicente Guerrero proclamaron consumada la Independencia de M\u00e9xico mediante el famoso &#8220;Plan de Iguala&#8221;. Este plan establec\u00eda tres garant\u00edas para todos los mexicanos que fueron representadas con cada uno de los colores&hellip;\" \/>\r\n<meta property=\"og:url\" content=\"https:\/\/blogs.uninter.edu.mx\/difusioncultural\/?p=3409\" \/>\r\n<meta property=\"og:site_name\" content=\"Difusi\u00f3n Cultural\" \/>\r\n<meta property=\"article:published_time\" content=\"2015-02-24T15:45:46+00:00\" \/>\r\n<meta property=\"og:image\" content=\"https:\/\/blogs.uninter.edu.mx\/difusioncultural\/wp-content\/uploads\/2015\/02\/maxresdefault.jpg\" \/>\r\n\t<meta property=\"og:image:width\" content=\"1280\" \/>\r\n\t<meta property=\"og:image:height\" content=\"720\" \/>\r\n\t<meta property=\"og:image:type\" content=\"image\/jpeg\" \/>\r\n<meta name=\"author\" content=\"webmaster\" \/>\r\n<meta name=\"twitter:card\" content=\"summary_large_image\" \/>\r\n<meta name=\"twitter:label1\" content=\"Escrito por\" \/>\n\t<meta name=\"twitter:data1\" content=\"webmaster\" \/>\n\t<meta name=\"twitter:label2\" content=\"Tiempo de lectura\" \/>\n\t<meta name=\"twitter:data2\" content=\"6 minutos\" \/>\r\n<script type=\"application\/ld+json\" class=\"yoast-schema-graph\">{\"@context\":\"https:\/\/schema.org\",\"@graph\":[{\"@type\":\"Article\",\"@id\":\"https:\/\/blogs.uninter.edu.mx\/difusioncultural\/?p=3409#article\",\"isPartOf\":{\"@id\":\"https:\/\/blogs.uninter.edu.mx\/difusioncultural\/?p=3409\"},\"author\":{\"name\":\"webmaster\",\"@id\":\"https:\/\/blogs.uninter.edu.mx\/difusioncultural\/#\/schema\/person\/37a0926f4dd300a814993fd595abdc4a\"},\"headline\":\"24 de Febrero: D\u00eda de la Bandera de M\u00e9xico.\",\"datePublished\":\"2015-02-24T15:45:46+00:00\",\"mainEntityOfPage\":{\"@id\":\"https:\/\/blogs.uninter.edu.mx\/difusioncultural\/?p=3409\"},\"wordCount\":1175,\"publisher\":{\"@id\":\"https:\/\/blogs.uninter.edu.mx\/difusioncultural\/#organization\"},\"image\":{\"@id\":\"https:\/\/blogs.uninter.edu.mx\/difusioncultural\/?p=3409#primaryimage\"},\"thumbnailUrl\":\"https:\/\/blogs.uninter.edu.mx\/difusioncultural\/wp-content\/uploads\/2015\/02\/maxresdefault.jpg\",\"keywords\":[\"acontecimientos\",\"bachillerato\",\"becas culturales\",\"cultura\",\"cultura de la paz\",\"difusi\u00f3n cultural\",\"efem\u00e9rides\",\"estudiantes\",\"festejos\",\"festejos patrios uninter\",\"Filarm\u00f3nica de Cuernavaca\",\"historia\",\"INDEPENDENCIA DE M\u00c9XICO\",\"intercambios\",\"licenciatura\",\"maestria\",\"Mexico\",\"posgrado\",\"prepa\"],\"inLanguage\":\"es\"},{\"@type\":\"WebPage\",\"@id\":\"https:\/\/blogs.uninter.edu.mx\/difusioncultural\/?p=3409\",\"url\":\"https:\/\/blogs.uninter.edu.mx\/difusioncultural\/?p=3409\",\"name\":\"24 de Febrero: D\u00eda de la Bandera de M\u00e9xico. - Difusi\u00f3n Cultural\",\"isPartOf\":{\"@id\":\"https:\/\/blogs.uninter.edu.mx\/difusioncultural\/#website\"},\"primaryImageOfPage\":{\"@id\":\"https:\/\/blogs.uninter.edu.mx\/difusioncultural\/?p=3409#primaryimage\"},\"image\":{\"@id\":\"https:\/\/blogs.uninter.edu.mx\/difusioncultural\/?p=3409#primaryimage\"},\"thumbnailUrl\":\"https:\/\/blogs.uninter.edu.mx\/difusioncultural\/wp-content\/uploads\/2015\/02\/maxresdefault.jpg\",\"datePublished\":\"2015-02-24T15:45:46+00:00\",\"breadcrumb\":{\"@id\":\"https:\/\/blogs.uninter.edu.mx\/difusioncultural\/?p=3409#breadcrumb\"},\"inLanguage\":\"es\",\"potentialAction\":[{\"@type\":\"ReadAction\",\"target\":[\"https:\/\/blogs.uninter.edu.mx\/difusioncultural\/?p=3409\"]}]},{\"@type\":\"ImageObject\",\"inLanguage\":\"es\",\"@id\":\"https:\/\/blogs.uninter.edu.mx\/difusioncultural\/?p=3409#primaryimage\",\"url\":\"https:\/\/blogs.uninter.edu.mx\/difusioncultural\/wp-content\/uploads\/2015\/02\/maxresdefault.jpg\",\"contentUrl\":\"https:\/\/blogs.uninter.edu.mx\/difusioncultural\/wp-content\/uploads\/2015\/02\/maxresdefault.jpg\",\"width\":1280,\"height\":720},{\"@type\":\"BreadcrumbList\",\"@id\":\"https:\/\/blogs.uninter.edu.mx\/difusioncultural\/?p=3409#breadcrumb\",\"itemListElement\":[{\"@type\":\"ListItem\",\"position\":1,\"name\":\"Inicio\",\"item\":\"https:\/\/blogs.uninter.edu.mx\/difusioncultural\/\"},{\"@type\":\"ListItem\",\"position\":2,\"name\":\"24 de Febrero: D\u00eda de la Bandera de M\u00e9xico.\"}]},{\"@type\":\"WebSite\",\"@id\":\"https:\/\/blogs.uninter.edu.mx\/difusioncultural\/#website\",\"url\":\"https:\/\/blogs.uninter.edu.mx\/difusioncultural\/\",\"name\":\"Difusi\u00f3n Cultural\",\"description\":\"UNINTER\",\"publisher\":{\"@id\":\"https:\/\/blogs.uninter.edu.mx\/difusioncultural\/#organization\"},\"potentialAction\":[{\"@type\":\"SearchAction\",\"target\":{\"@type\":\"EntryPoint\",\"urlTemplate\":\"https:\/\/blogs.uninter.edu.mx\/difusioncultural\/?s={search_term_string}\"},\"query-input\":{\"@type\":\"PropertyValueSpecification\",\"valueRequired\":true,\"valueName\":\"search_term_string\"}}],\"inLanguage\":\"es\"},{\"@type\":\"Organization\",\"@id\":\"https:\/\/blogs.uninter.edu.mx\/difusioncultural\/#organization\",\"name\":\"Difusi\u00f3n Cultural\",\"url\":\"https:\/\/blogs.uninter.edu.mx\/difusioncultural\/\",\"logo\":{\"@type\":\"ImageObject\",\"inLanguage\":\"es\",\"@id\":\"https:\/\/blogs.uninter.edu.mx\/difusioncultural\/#\/schema\/logo\/image\/\",\"url\":\"https:\/\/blogs.uninter.edu.mx\/difusioncultural\/wp-content\/uploads\/2022\/09\/uninter.jpg\",\"contentUrl\":\"https:\/\/blogs.uninter.edu.mx\/difusioncultural\/wp-content\/uploads\/2022\/09\/uninter.jpg\",\"width\":2048,\"height\":2048,\"caption\":\"Difusi\u00f3n Cultural\"},\"image\":{\"@id\":\"https:\/\/blogs.uninter.edu.mx\/difusioncultural\/#\/schema\/logo\/image\/\"}},{\"@type\":\"Person\",\"@id\":\"https:\/\/blogs.uninter.edu.mx\/difusioncultural\/#\/schema\/person\/37a0926f4dd300a814993fd595abdc4a\",\"name\":\"webmaster\",\"image\":{\"@type\":\"ImageObject\",\"inLanguage\":\"es\",\"@id\":\"https:\/\/blogs.uninter.edu.mx\/difusioncultural\/#\/schema\/person\/image\/\",\"url\":\"https:\/\/secure.gravatar.com\/avatar\/a59c276b01147463ef3aab4118e3137ebc5e1ad6700deb39ccdf8b89e517f7dc?s=96&d=mm&r=g\",\"contentUrl\":\"https:\/\/secure.gravatar.com\/avatar\/a59c276b01147463ef3aab4118e3137ebc5e1ad6700deb39ccdf8b89e517f7dc?s=96&d=mm&r=g\",\"caption\":\"webmaster\"},\"sameAs\":[\"https:\/\/blogs.uninter.edu.mx\/difusioncultural\"],\"url\":\"https:\/\/blogs.uninter.edu.mx\/difusioncultural\/?author=1\"}]}<\/script>\r\n<!-- \/ Yoast SEO plugin. -->","yoast_head_json":{"title":"24 de Febrero: D\u00eda de la Bandera de M\u00e9xico. - Difusi\u00f3n Cultural","robots":{"index":"index","follow":"follow","max-snippet":"max-snippet:-1","max-image-preview":"max-image-preview:large","max-video-preview":"max-video-preview:-1"},"canonical":"https:\/\/blogs.uninter.edu.mx\/difusioncultural\/?p=3409","og_locale":"es_MX","og_type":"article","og_title":"24 de Febrero: D\u00eda de la Bandera de M\u00e9xico. - Difusi\u00f3n Cultural","og_description":"El 24 de febrero los mexicanos festejamos a nuestra hermosa bandera que naci\u00f3 en el a\u00f1o de 1821 cuando Agust\u00edn de Iturbide y Vicente Guerrero proclamaron consumada la Independencia de M\u00e9xico mediante el famoso &#8220;Plan de Iguala&#8221;. Este plan establec\u00eda tres garant\u00edas para todos los mexicanos que fueron representadas con cada uno de los colores&hellip;","og_url":"https:\/\/blogs.uninter.edu.mx\/difusioncultural\/?p=3409","og_site_name":"Difusi\u00f3n Cultural","article_published_time":"2015-02-24T15:45:46+00:00","og_image":[{"width":1280,"height":720,"url":"https:\/\/blogs.uninter.edu.mx\/difusioncultural\/wp-content\/uploads\/2015\/02\/maxresdefault.jpg","type":"image\/jpeg"}],"author":"webmaster","twitter_card":"summary_large_image","twitter_misc":{"Escrito por":"webmaster","Tiempo de lectura":"6 minutos"},"schema":{"@context":"https:\/\/schema.org","@graph":[{"@type":"Article","@id":"https:\/\/blogs.uninter.edu.mx\/difusioncultural\/?p=3409#article","isPartOf":{"@id":"https:\/\/blogs.uninter.edu.mx\/difusioncultural\/?p=3409"},"author":{"name":"webmaster","@id":"https:\/\/blogs.uninter.edu.mx\/difusioncultural\/#\/schema\/person\/37a0926f4dd300a814993fd595abdc4a"},"headline":"24 de Febrero: D\u00eda de la Bandera de M\u00e9xico.","datePublished":"2015-02-24T15:45:46+00:00","mainEntityOfPage":{"@id":"https:\/\/blogs.uninter.edu.mx\/difusioncultural\/?p=3409"},"wordCount":1175,"publisher":{"@id":"https:\/\/blogs.uninter.edu.mx\/difusioncultural\/#organization"},"image":{"@id":"https:\/\/blogs.uninter.edu.mx\/difusioncultural\/?p=3409#primaryimage"},"thumbnailUrl":"https:\/\/blogs.uninter.edu.mx\/difusioncultural\/wp-content\/uploads\/2015\/02\/maxresdefault.jpg","keywords":["acontecimientos","bachillerato","becas culturales","cultura","cultura de la paz","difusi\u00f3n cultural","efem\u00e9rides","estudiantes","festejos","festejos patrios uninter","Filarm\u00f3nica de Cuernavaca","historia","INDEPENDENCIA DE M\u00c9XICO","intercambios","licenciatura","maestria","Mexico","posgrado","prepa"],"inLanguage":"es"},{"@type":"WebPage","@id":"https:\/\/blogs.uninter.edu.mx\/difusioncultural\/?p=3409","url":"https:\/\/blogs.uninter.edu.mx\/difusioncultural\/?p=3409","name":"24 de Febrero: D\u00eda de la Bandera de M\u00e9xico. - Difusi\u00f3n Cultural","isPartOf":{"@id":"https:\/\/blogs.uninter.edu.mx\/difusioncultural\/#website"},"primaryImageOfPage":{"@id":"https:\/\/blogs.uninter.edu.mx\/difusioncultural\/?p=3409#primaryimage"},"image":{"@id":"https:\/\/blogs.uninter.edu.mx\/difusioncultural\/?p=3409#primaryimage"},"thumbnailUrl":"https:\/\/blogs.uninter.edu.mx\/difusioncultural\/wp-content\/uploads\/2015\/02\/maxresdefault.jpg","datePublished":"2015-02-24T15:45:46+00:00","breadcrumb":{"@id":"https:\/\/blogs.uninter.edu.mx\/difusioncultural\/?p=3409#breadcrumb"},"inLanguage":"es","potentialAction":[{"@type":"ReadAction","target":["https:\/\/blogs.uninter.edu.mx\/difusioncultural\/?p=3409"]}]},{"@type":"ImageObject","inLanguage":"es","@id":"https:\/\/blogs.uninter.edu.mx\/difusioncultural\/?p=3409#primaryimage","url":"https:\/\/blogs.uninter.edu.mx\/difusioncultural\/wp-content\/uploads\/2015\/02\/maxresdefault.jpg","contentUrl":"https:\/\/blogs.uninter.edu.mx\/difusioncultural\/wp-content\/uploads\/2015\/02\/maxresdefault.jpg","width":1280,"height":720},{"@type":"BreadcrumbList","@id":"https:\/\/blogs.uninter.edu.mx\/difusioncultural\/?p=3409#breadcrumb","itemListElement":[{"@type":"ListItem","position":1,"name":"Inicio","item":"https:\/\/blogs.uninter.edu.mx\/difusioncultural\/"},{"@type":"ListItem","position":2,"name":"24 de Febrero: D\u00eda de la Bandera de M\u00e9xico."}]},{"@type":"WebSite","@id":"https:\/\/blogs.uninter.edu.mx\/difusioncultural\/#website","url":"https:\/\/blogs.uninter.edu.mx\/difusioncultural\/","name":"Difusi\u00f3n Cultural","description":"UNINTER","publisher":{"@id":"https:\/\/blogs.uninter.edu.mx\/difusioncultural\/#organization"},"potentialAction":[{"@type":"SearchAction","target":{"@type":"EntryPoint","urlTemplate":"https:\/\/blogs.uninter.edu.mx\/difusioncultural\/?s={search_term_string}"},"query-input":{"@type":"PropertyValueSpecification","valueRequired":true,"valueName":"search_term_string"}}],"inLanguage":"es"},{"@type":"Organization","@id":"https:\/\/blogs.uninter.edu.mx\/difusioncultural\/#organization","name":"Difusi\u00f3n Cultural","url":"https:\/\/blogs.uninter.edu.mx\/difusioncultural\/","logo":{"@type":"ImageObject","inLanguage":"es","@id":"https:\/\/blogs.uninter.edu.mx\/difusioncultural\/#\/schema\/logo\/image\/","url":"https:\/\/blogs.uninter.edu.mx\/difusioncultural\/wp-content\/uploads\/2022\/09\/uninter.jpg","contentUrl":"https:\/\/blogs.uninter.edu.mx\/difusioncultural\/wp-content\/uploads\/2022\/09\/uninter.jpg","width":2048,"height":2048,"caption":"Difusi\u00f3n Cultural"},"image":{"@id":"https:\/\/blogs.uninter.edu.mx\/difusioncultural\/#\/schema\/logo\/image\/"}},{"@type":"Person","@id":"https:\/\/blogs.uninter.edu.mx\/difusioncultural\/#\/schema\/person\/37a0926f4dd300a814993fd595abdc4a","name":"webmaster","image":{"@type":"ImageObject","inLanguage":"es","@id":"https:\/\/blogs.uninter.edu.mx\/difusioncultural\/#\/schema\/person\/image\/","url":"https:\/\/secure.gravatar.com\/avatar\/a59c276b01147463ef3aab4118e3137ebc5e1ad6700deb39ccdf8b89e517f7dc?s=96&d=mm&r=g","contentUrl":"https:\/\/secure.gravatar.com\/avatar\/a59c276b01147463ef3aab4118e3137ebc5e1ad6700deb39ccdf8b89e517f7dc?s=96&d=mm&r=g","caption":"webmaster"},"sameAs":["https:\/\/blogs.uninter.edu.mx\/difusioncultural"],"url":"https:\/\/blogs.uninter.edu.mx\/difusioncultural\/?author=1"}]}},"jetpack_publicize_connections":[],"jetpack_featured_media_url":"https:\/\/blogs.uninter.edu.mx\/difusioncultural\/wp-content\/uploads\/2015\/02\/maxresdefault.jpg","jetpack_sharing_enabled":true,"_links":{"self":[{"href":"https:\/\/blogs.uninter.edu.mx\/difusioncultural\/index.php?rest_route=\/wp\/v2\/posts\/3409","targetHints":{"allow":["GET"]}}],"collection":[{"href":"https:\/\/blogs.uninter.edu.mx\/difusioncultural\/index.php?rest_route=\/wp\/v2\/posts"}],"about":[{"href":"https:\/\/blogs.uninter.edu.mx\/difusioncultural\/index.php?rest_route=\/wp\/v2\/types\/post"}],"author":[{"embeddable":true,"href":"https:\/\/blogs.uninter.edu.mx\/difusioncultural\/index.php?rest_route=\/wp\/v2\/users\/1"}],"replies":[{"embeddable":true,"href":"https:\/\/blogs.uninter.edu.mx\/difusioncultural\/index.php?rest_route=%2Fwp%2Fv2%2Fcomments&post=3409"}],"version-history":[{"count":0,"href":"https:\/\/blogs.uninter.edu.mx\/difusioncultural\/index.php?rest_route=\/wp\/v2\/posts\/3409\/revisions"}],"wp:featuredmedia":[{"embeddable":true,"href":"https:\/\/blogs.uninter.edu.mx\/difusioncultural\/index.php?rest_route=\/wp\/v2\/media\/3410"}],"wp:attachment":[{"href":"https:\/\/blogs.uninter.edu.mx\/difusioncultural\/index.php?rest_route=%2Fwp%2Fv2%2Fmedia&parent=3409"}],"wp:term":[{"taxonomy":"category","embeddable":true,"href":"https:\/\/blogs.uninter.edu.mx\/difusioncultural\/index.php?rest_route=%2Fwp%2Fv2%2Fcategories&post=3409"},{"taxonomy":"post_tag","embeddable":true,"href":"https:\/\/blogs.uninter.edu.mx\/difusioncultural\/index.php?rest_route=%2Fwp%2Fv2%2Ftags&post=3409"}],"curies":[{"name":"wp","href":"https:\/\/api.w.org\/{rel}","templated":true}]}}