{"id":3431,"date":"2015-02-27T13:19:00","date_gmt":"2015-02-27T19:19:00","guid":{"rendered":"https:\/\/difusionculturaluninter.wordpress.com\/?p=3431"},"modified":"2015-02-27T13:19:00","modified_gmt":"2015-02-27T19:19:00","slug":"el-angel-de-la-independencia","status":"publish","type":"post","link":"https:\/\/blogs.uninter.edu.mx\/difusioncultural\/?p=3431","title":{"rendered":"El \u00c1ngel de la Independencia."},"content":{"rendered":"<p style=\"text-align:left;\">Inaugurado en 1910 por Don Porfirio D\u00edaz, el monumento a la Independencia es una marca y s\u00edmbolo citadino, la victoria alada que remata la columna fue adoptada por los habitantes de la ciudad como su \u00e1ngel protector. Tal vez por ello, al cobijo de sus alas se dan variadas manifestaciones ciudadanas, tanto de j\u00fabilo como de descontento.\u00a0Al inaugurarse el siglo XX el Porfiriato comenz\u00f3 a mostrar signos de decadencia, sin embargo, el impulso que hab\u00eda logrado permit\u00f3 que la Ciudad de M\u00e9xico tuviera un desarrollo arquitect\u00f3nico espectacular. En ello s\u00f3lo sobresalieron unos cuantos mexicanos, quienes despu\u00e9s de los inevitables estudios en el extranjero, proyectaron el boato de esta \u201cBella \u00e9poca\u201d.<\/p>\n<p style=\"text-align:left;\"><a href=\"https:\/\/blogs.uninter.edu.mx\/difusioncultural\/wp-content\/uploads\/2015\/03\/angel_de_la_independencia.jpg\"><img fetchpriority=\"high\" decoding=\"async\" class=\" size-medium wp-image-3433 aligncenter\" src=\"https:\/\/blogs.uninter.edu.mx\/difusioncultural\/wp-content\/uploads\/2015\/03\/angel_de_la_independencia.jpg?w=300\" alt=\"Angel_de_la_Independencia\" width=\"300\" height=\"293\" \/><\/a><\/p>\n<p style=\"text-align:left;\">\nAs\u00ed que, para 1910 Don Porfirio despleg\u00f3 las \u00faltimas fuerzas del r\u00e9gimen en subrayar la incontestable Independencia de M\u00e9xico. Ni Santa Anna con su Z\u00f3calo, ni Maximiliano pudieron honrar la gesta criolla como su gobierno, quien encarg\u00f3 al arquitecto Antonio Rivas Mercado el dise\u00f1o definitivo del monumento conmemorativo.\u00a0As\u00edmismo, el aspecto ingenieril fue resuelto por los mexicanos Gonzalo Garita y Manuel Gorozpe, mientras el escult\u00f3rico se dej\u00f3 en las manos del italiano Enrique Alciati.\u00a0Tras sonadas represiones de huelgas y los horrores de Lecumberri se afirm\u00f3 que el pa\u00eds estaba listo para la democracia y que \u00e9sta llegar\u00eda con el Cometa Halley en 1910. Todo concord\u00f3 para que el fin del mundo Porfiriano se hiciera con elegancia y permitiera las inauguraciones multitudinarias. As\u00ed el monumento recibi\u00f3 los honores de los representantes extranjeros. Ni siquiera el enviado del Kaiser Guillermo II dud\u00f3 un momento de la apoteosis del r\u00e9gimen.<br \/>\nIgual semblante qued\u00f3 plasmado en cada una de las esculturas que rodean el basamento de este monumento en forma de Columna. En especial destaca el gran le\u00f3n con un ni\u00f1o que preside el acceso al mausoleo y del lado contrario la l\u00e1mpara votiva que algunos irrespetuosos suelen apagar. Flanqueando los cuatro lados de la rotonda se localizan cuatro mujeres en bronce (alegor\u00edas de la Paz, la Justicia, la Guerra y la Ley). La decorada columna remata en un capitel de inspiraci\u00f3n corintia fundido con cuatro \u00e1guilas porfirianas. La cima lo ocupa una Victoria Alada, llamada com\u00fanmente \u201cEl \u00c0ngel\u201d quien est\u00e1 en actitud de colocar una corona de laureles y sostiene en la otra mano una cadena rota, s\u00edmbolos de la gesta libertadora.<img decoding=\"async\" class=\"  wp-image-3432 alignright\" src=\"https:\/\/blogs.uninter.edu.mx\/difusioncultural\/wp-content\/uploads\/2015\/03\/384967.jpg\" alt=\"384967\" width=\"196\" height=\"150\" \/><\/p>\n<p style=\"text-align:left;\">Si usted tiene la oportunidad de ingresar al recinto podr\u00e1 visitar el mausoleo, donde se encuentran los restos de Vicente\u00a0Guerrero, Guadalupe Victoria, Leona Vicario, Andr\u00e9s Quintana Roo, Miguel Hidalgo y Costilla, Ignacio Allende, Juan Aldama, Jos\u00e9 Mariano Jim\u00e9nez, Jos\u00e9 Mar\u00eda Morelos, Mariano Matamoros y Nicol\u00e1s Bravo, quienes tuvieron participaci\u00f3n destacada en el movimiento de independencia desarrollado entre 1810 y 1821.<\/p>\n<p style=\"text-align:left;\">Un d\u00eda el \u00e1ngel vol\u00f3. Varios siglos de tradici\u00f3n judeocristiana se precipitaron al suelo aqu\u00e9l 28 de julio de 1857, destrozando la dorada efigie cuyas alas de bronce fundido s\u00f3lo sirvieron de ancla mortal: el desenfadado M\u00e9xico de la Regi\u00f3n m\u00e1s transparente sufr\u00eda la aciaga advertencia de la modernidad.<\/p>\n<p>El s\u00edmbolo de la Ciudad de M\u00e9xico es conocido popularmente como El \u00c1ngel, debido a la Victoria alada (representaci\u00f3n de la diosa griega Nik\u00e9) con que remata su columna, a la manera de monumentos similares en Berl\u00edn y Londres.\u00a0El \u00c1ngel lleva en las manos, adem\u00e1s de una corona, laurel para celebrar el triunfo de los caudillos y el pueblo en la independencia de M\u00e9xico, una cadena rota, como s\u00edmbolo de la liberaci\u00f3n de la esclavitud de los antepasados mexicanos y de la colonizaci\u00f3n de M\u00e9xico por Espa\u00f1a.<\/p>\n<p>Inaugurado poco antes de que se iniciara la Revoluci\u00f3n Mexicana, el monumento conmemora a los h\u00e9roes de la lucha por la independencia y la libertad de los &#8220;americanos septentrionales&#8221; que habitaban las colonias del Virreinato de la Nueva Espa\u00f1a, el Virreinato de la Nueva Galicia, la Capitan\u00eda General de Guatemala, Nuevo M\u00e9xico, Tejas y California.<\/p>\n<p>Todos ellos, tras alzarse en armas contra el Imperio Espa\u00f1ol y los &#8220;europeos&#8221;, obtendr\u00edan su independencia como &#8220;mexicanos&#8221;, luego de una prolongada y devastadora revoluci\u00f3n popular que termin\u00f3 en agosto de 1821, cuando Espa\u00f1a, por medio de los Tratados de C\u00f3rdoba (fueron firmados en C\u00f3rdoba, Veracruz), reconoci\u00f3 la independencia, luego de tres siglos de f\u00e9rreo dominio: 1521-1821.<\/p>\n<p>La lucha hab\u00eda comenzado el 15 de septiembre de 1810, cuando, influidos por los enciclopedistas franceses, Hidalgo, Do\u00f1a Josefa Ortiz de Dom\u00ednguez, su esposo, el corregidor Don Miguel Dom\u00ednguez, entre otros insurgentes, se levantaron en armas para liberar a la entonces Nueva Espa\u00f1a (ahora M\u00e9xico), de la Corona Espa\u00f1ola.<\/p>\n<div id=\"trr-ctn-body\">\n<div class=\"ctn-zone-clean bgr-lfr\">\n<div class=\"col-left-full\">\n<h1 class=\"mod-title\">\u00c1ngel de la Independencia cumple 95 a\u00f1os<\/h1>\n<div class=\"tabs\">\n<div id=\"article\" class=\"mod-content mod-article tab-content\">\n<div id=\"SearchKey_Text2\" class=\"page fontsize p2 printing\">\n<p><i>La Nueva Espa\u00f1a abarcaba entonces m\u00e1s de cuatro millones 500 mil kil\u00f3metros cuadrados, casi desde la actual frontera entre Estados Unidos y Canad\u00e1 por el norte, hasta la Gran Colombia, por el sur. Distribuidos en cuatro criptas, en ese mausoleo se encuentran los cr\u00e1neos de Hidalgo, Ignacio Allende, Jos\u00e9 Mariano Jim\u00e9nez, Ignacio Aldama, as\u00ed como los restos de Morelos, Mariano Matamoros y Javier Mina.<\/p>\n<p>All\u00ed tambi\u00e9n se encuentran resguardados los restos de quienes sobrevivieron a 11 a\u00f1os de lucha contra el que fuera el mayor imperio del mundo: Vicente Guerrero (fue jefe de Estado), Guadalupe Victoria (fue el primer presidente de lo que ahora es M\u00e9xico), Andr\u00e9s Quintana Roo y su esposa Leona Vicario.<\/p>\n<p>En 1877 se convoc\u00f3 a un concurso internacional en el que resultaron ganadores los arquitectos estadounidenses Cluss y Shultz. Sin embargo, el arquitecto Antonio Rivas Mercado realiz\u00f3 el dise\u00f1o definitivo. En solemne ceremonia, la primera piedra se coloc\u00f3 en 1902 en el Paseo de la Reforma. Los trabajos de una segunda cimentaci\u00f3n fueron encomendados a un grupo de destacados ingenieros mexicanos, entre ellos, Gonzalo Garita y Manuel Gorozpe.<\/p>\n<p>Correspondi\u00f3 al italiano Enrique Alciati realizar las esculturas -del monumento-, en bronce y m\u00e1rmol. El monumento se concluy\u00f3 en 1910, y el 16 de septiembre de ese a\u00f1o se llev\u00f3 a cabo la ceremonia de inauguraci\u00f3n, encabezada por el general Porfirio D\u00edaz.<\/p>\n<p>En la parte sur del monumento se encuentra una l\u00e1mpara votiva, encendida permanentemente en honor a la memoria de los h\u00e9roes, colocada en 1929 por el presidente Emilio Portes Gil.<\/p>\n<p>El terremoto del 28 de julio de 1957 derrib\u00f3 la estatua; reconstruida en unos talleres, prontamente fue colocada en su lugar. M\u00e1s fue imposible reconstruir la cabeza del \u00e1ngel ca\u00eddo, que actualmente se conserva en el vest\u00edbulo del Archivo Hist\u00f3rico de la Ciudad de M\u00e9xico, en la antigua casa del conde de Heras y Soto.<\/p>\n<p>El monumento, localizado en el Paseo de la Reforma, una de las avenidas m\u00e1s grandes y transitadas de la capital, podr\u00e1 ser visitado los s\u00e1bados y domingos de este mes, con motivo de las fiestas para conmemorar el 195 aniversario del inicio de la independencia de M\u00e9xico, de la Corona Espa\u00f1ola.<\/i><\/p>\n<\/div>\n<\/div>\n<\/div>\n<\/div>\n<\/div>\n<\/div>\n","protected":false},"excerpt":{"rendered":"<p>Inaugurado en 1910 por Don Porfirio D\u00edaz, el monumento a la Independencia es una marca y s\u00edmbolo citadino, la victoria alada que remata la columna fue adoptada por los habitantes de la ciudad como su \u00e1ngel protector. Tal vez por ello, al cobijo de sus alas se dan variadas manifestaciones ciudadanas, tanto de j\u00fabilo como&hellip;<\/p>\n","protected":false},"author":1,"featured_media":3433,"comment_status":"closed","ping_status":"open","sticky":false,"template":"","format":"standard","meta":{"_jetpack_memberships_contains_paid_content":false,"footnotes":"","jetpack_publicize_message":"","jetpack_publicize_feature_enabled":true,"jetpack_social_post_already_shared":false,"jetpack_social_options":{"image_generator_settings":{"template":"highway","default_image_id":0,"font":"","enabled":false},"version":2}},"categories":[1],"tags":[26,36,41,93,94,108,113,129,131,136,139,143,151,162,163,177,190,195,204,201,244,253,255,260,277,280,294,296,298,303,305],"class_list":["post-3431","post","type-post","status-publish","format-standard","has-post-thumbnail","hentry","category-sin-categoria","tag-acontecimientos","tag-bachillerato","tag-becas-culturales","tag-cultura","tag-cultura-de-la-paz","tag-dia-de-la-independencia-uninter","tag-difusion-cultural","tag-estudiantes","tag-eventos","tag-festejos","tag-filarmonica-de-cuernavaca","tag-gastronomia","tag-historia","tag-independencia-de-mexico","tag-intercambios","tag-jornada-cultural","tag-licenciatura","tag-maestria","tag-mexico","tag-musica","tag-personajes","tag-posgrado","tag-prepa","tag-promocion","tag-secundaria","tag-spanish-school","tag-tradiciones","tag-tradiciones-mexicanas","tag-turismo","tag-uninter","tag-universidad-internacional"],"yoast_head":"<!-- This site is optimized with the Yoast SEO plugin v26.3 - https:\/\/yoast.com\/wordpress\/plugins\/seo\/ -->\r\n<title>El \u00c1ngel de la Independencia. - Difusi\u00f3n Cultural<\/title>\r\n<meta name=\"robots\" content=\"index, follow, max-snippet:-1, max-image-preview:large, max-video-preview:-1\" \/>\r\n<link rel=\"canonical\" href=\"https:\/\/blogs.uninter.edu.mx\/difusioncultural\/?p=3431\" \/>\r\n<meta property=\"og:locale\" content=\"es_MX\" \/>\r\n<meta property=\"og:type\" content=\"article\" \/>\r\n<meta property=\"og:title\" content=\"El \u00c1ngel de la Independencia. - Difusi\u00f3n Cultural\" \/>\r\n<meta property=\"og:description\" content=\"Inaugurado en 1910 por Don Porfirio D\u00edaz, el monumento a la Independencia es una marca y s\u00edmbolo citadino, la victoria alada que remata la columna fue adoptada por los habitantes de la ciudad como su \u00e1ngel protector. Tal vez por ello, al cobijo de sus alas se dan variadas manifestaciones ciudadanas, tanto de j\u00fabilo como&hellip;\" \/>\r\n<meta property=\"og:url\" content=\"https:\/\/blogs.uninter.edu.mx\/difusioncultural\/?p=3431\" \/>\r\n<meta property=\"og:site_name\" content=\"Difusi\u00f3n Cultural\" \/>\r\n<meta property=\"article:published_time\" content=\"2015-02-27T19:19:00+00:00\" \/>\r\n<meta property=\"og:image\" content=\"https:\/\/blogs.uninter.edu.mx\/difusioncultural\/wp-content\/uploads\/2015\/03\/angel_de_la_independencia.jpg\" \/>\r\n\t<meta property=\"og:image:width\" content=\"560\" \/>\r\n\t<meta property=\"og:image:height\" content=\"546\" \/>\r\n\t<meta property=\"og:image:type\" content=\"image\/jpeg\" \/>\r\n<meta name=\"author\" content=\"webmaster\" \/>\r\n<meta name=\"twitter:card\" content=\"summary_large_image\" \/>\r\n<meta name=\"twitter:label1\" content=\"Escrito por\" \/>\n\t<meta name=\"twitter:data1\" content=\"webmaster\" \/>\n\t<meta name=\"twitter:label2\" content=\"Tiempo de lectura\" \/>\n\t<meta name=\"twitter:data2\" content=\"6 minutos\" \/>\r\n<script type=\"application\/ld+json\" class=\"yoast-schema-graph\">{\"@context\":\"https:\/\/schema.org\",\"@graph\":[{\"@type\":\"Article\",\"@id\":\"https:\/\/blogs.uninter.edu.mx\/difusioncultural\/?p=3431#article\",\"isPartOf\":{\"@id\":\"https:\/\/blogs.uninter.edu.mx\/difusioncultural\/?p=3431\"},\"author\":{\"name\":\"webmaster\",\"@id\":\"https:\/\/blogs.uninter.edu.mx\/difusioncultural\/#\/schema\/person\/37a0926f4dd300a814993fd595abdc4a\"},\"headline\":\"El \u00c1ngel de la Independencia.\",\"datePublished\":\"2015-02-27T19:19:00+00:00\",\"mainEntityOfPage\":{\"@id\":\"https:\/\/blogs.uninter.edu.mx\/difusioncultural\/?p=3431\"},\"wordCount\":1185,\"publisher\":{\"@id\":\"https:\/\/blogs.uninter.edu.mx\/difusioncultural\/#organization\"},\"image\":{\"@id\":\"https:\/\/blogs.uninter.edu.mx\/difusioncultural\/?p=3431#primaryimage\"},\"thumbnailUrl\":\"https:\/\/blogs.uninter.edu.mx\/difusioncultural\/wp-content\/uploads\/2015\/03\/angel_de_la_independencia.jpg\",\"keywords\":[\"acontecimientos\",\"bachillerato\",\"becas culturales\",\"cultura\",\"cultura de la paz\",\"dia de la independencia uninter\",\"difusi\u00f3n cultural\",\"estudiantes\",\"eventos\",\"festejos\",\"Filarm\u00f3nica de Cuernavaca\",\"gastronomia\",\"historia\",\"INDEPENDENCIA DE M\u00c9XICO\",\"intercambios\",\"Jornada Cultural\",\"licenciatura\",\"maestria\",\"Mexico\",\"m\u00fasica\",\"personajes\",\"posgrado\",\"prepa\",\"promoci\u00f3n\",\"secundaria\",\"spanish school\",\"tradiciones\",\"tradiciones mexicanas\",\"turismo\",\"uninter\",\"universidad internacional\"],\"inLanguage\":\"es\"},{\"@type\":\"WebPage\",\"@id\":\"https:\/\/blogs.uninter.edu.mx\/difusioncultural\/?p=3431\",\"url\":\"https:\/\/blogs.uninter.edu.mx\/difusioncultural\/?p=3431\",\"name\":\"El \u00c1ngel de la Independencia. - Difusi\u00f3n Cultural\",\"isPartOf\":{\"@id\":\"https:\/\/blogs.uninter.edu.mx\/difusioncultural\/#website\"},\"primaryImageOfPage\":{\"@id\":\"https:\/\/blogs.uninter.edu.mx\/difusioncultural\/?p=3431#primaryimage\"},\"image\":{\"@id\":\"https:\/\/blogs.uninter.edu.mx\/difusioncultural\/?p=3431#primaryimage\"},\"thumbnailUrl\":\"https:\/\/blogs.uninter.edu.mx\/difusioncultural\/wp-content\/uploads\/2015\/03\/angel_de_la_independencia.jpg\",\"datePublished\":\"2015-02-27T19:19:00+00:00\",\"breadcrumb\":{\"@id\":\"https:\/\/blogs.uninter.edu.mx\/difusioncultural\/?p=3431#breadcrumb\"},\"inLanguage\":\"es\",\"potentialAction\":[{\"@type\":\"ReadAction\",\"target\":[\"https:\/\/blogs.uninter.edu.mx\/difusioncultural\/?p=3431\"]}]},{\"@type\":\"ImageObject\",\"inLanguage\":\"es\",\"@id\":\"https:\/\/blogs.uninter.edu.mx\/difusioncultural\/?p=3431#primaryimage\",\"url\":\"https:\/\/blogs.uninter.edu.mx\/difusioncultural\/wp-content\/uploads\/2015\/03\/angel_de_la_independencia.jpg\",\"contentUrl\":\"https:\/\/blogs.uninter.edu.mx\/difusioncultural\/wp-content\/uploads\/2015\/03\/angel_de_la_independencia.jpg\",\"width\":560,\"height\":546},{\"@type\":\"BreadcrumbList\",\"@id\":\"https:\/\/blogs.uninter.edu.mx\/difusioncultural\/?p=3431#breadcrumb\",\"itemListElement\":[{\"@type\":\"ListItem\",\"position\":1,\"name\":\"Inicio\",\"item\":\"https:\/\/blogs.uninter.edu.mx\/difusioncultural\/\"},{\"@type\":\"ListItem\",\"position\":2,\"name\":\"El \u00c1ngel de la Independencia.\"}]},{\"@type\":\"WebSite\",\"@id\":\"https:\/\/blogs.uninter.edu.mx\/difusioncultural\/#website\",\"url\":\"https:\/\/blogs.uninter.edu.mx\/difusioncultural\/\",\"name\":\"Difusi\u00f3n Cultural\",\"description\":\"UNINTER\",\"publisher\":{\"@id\":\"https:\/\/blogs.uninter.edu.mx\/difusioncultural\/#organization\"},\"potentialAction\":[{\"@type\":\"SearchAction\",\"target\":{\"@type\":\"EntryPoint\",\"urlTemplate\":\"https:\/\/blogs.uninter.edu.mx\/difusioncultural\/?s={search_term_string}\"},\"query-input\":{\"@type\":\"PropertyValueSpecification\",\"valueRequired\":true,\"valueName\":\"search_term_string\"}}],\"inLanguage\":\"es\"},{\"@type\":\"Organization\",\"@id\":\"https:\/\/blogs.uninter.edu.mx\/difusioncultural\/#organization\",\"name\":\"Difusi\u00f3n Cultural\",\"url\":\"https:\/\/blogs.uninter.edu.mx\/difusioncultural\/\",\"logo\":{\"@type\":\"ImageObject\",\"inLanguage\":\"es\",\"@id\":\"https:\/\/blogs.uninter.edu.mx\/difusioncultural\/#\/schema\/logo\/image\/\",\"url\":\"https:\/\/blogs.uninter.edu.mx\/difusioncultural\/wp-content\/uploads\/2022\/09\/uninter.jpg\",\"contentUrl\":\"https:\/\/blogs.uninter.edu.mx\/difusioncultural\/wp-content\/uploads\/2022\/09\/uninter.jpg\",\"width\":2048,\"height\":2048,\"caption\":\"Difusi\u00f3n Cultural\"},\"image\":{\"@id\":\"https:\/\/blogs.uninter.edu.mx\/difusioncultural\/#\/schema\/logo\/image\/\"}},{\"@type\":\"Person\",\"@id\":\"https:\/\/blogs.uninter.edu.mx\/difusioncultural\/#\/schema\/person\/37a0926f4dd300a814993fd595abdc4a\",\"name\":\"webmaster\",\"image\":{\"@type\":\"ImageObject\",\"inLanguage\":\"es\",\"@id\":\"https:\/\/blogs.uninter.edu.mx\/difusioncultural\/#\/schema\/person\/image\/\",\"url\":\"https:\/\/secure.gravatar.com\/avatar\/a59c276b01147463ef3aab4118e3137ebc5e1ad6700deb39ccdf8b89e517f7dc?s=96&d=mm&r=g\",\"contentUrl\":\"https:\/\/secure.gravatar.com\/avatar\/a59c276b01147463ef3aab4118e3137ebc5e1ad6700deb39ccdf8b89e517f7dc?s=96&d=mm&r=g\",\"caption\":\"webmaster\"},\"sameAs\":[\"https:\/\/blogs.uninter.edu.mx\/difusioncultural\"],\"url\":\"https:\/\/blogs.uninter.edu.mx\/difusioncultural\/?author=1\"}]}<\/script>\r\n<!-- \/ Yoast SEO plugin. -->","yoast_head_json":{"title":"El \u00c1ngel de la Independencia. - Difusi\u00f3n Cultural","robots":{"index":"index","follow":"follow","max-snippet":"max-snippet:-1","max-image-preview":"max-image-preview:large","max-video-preview":"max-video-preview:-1"},"canonical":"https:\/\/blogs.uninter.edu.mx\/difusioncultural\/?p=3431","og_locale":"es_MX","og_type":"article","og_title":"El \u00c1ngel de la Independencia. - Difusi\u00f3n Cultural","og_description":"Inaugurado en 1910 por Don Porfirio D\u00edaz, el monumento a la Independencia es una marca y s\u00edmbolo citadino, la victoria alada que remata la columna fue adoptada por los habitantes de la ciudad como su \u00e1ngel protector. Tal vez por ello, al cobijo de sus alas se dan variadas manifestaciones ciudadanas, tanto de j\u00fabilo como&hellip;","og_url":"https:\/\/blogs.uninter.edu.mx\/difusioncultural\/?p=3431","og_site_name":"Difusi\u00f3n Cultural","article_published_time":"2015-02-27T19:19:00+00:00","og_image":[{"width":560,"height":546,"url":"https:\/\/blogs.uninter.edu.mx\/difusioncultural\/wp-content\/uploads\/2015\/03\/angel_de_la_independencia.jpg","type":"image\/jpeg"}],"author":"webmaster","twitter_card":"summary_large_image","twitter_misc":{"Escrito por":"webmaster","Tiempo de lectura":"6 minutos"},"schema":{"@context":"https:\/\/schema.org","@graph":[{"@type":"Article","@id":"https:\/\/blogs.uninter.edu.mx\/difusioncultural\/?p=3431#article","isPartOf":{"@id":"https:\/\/blogs.uninter.edu.mx\/difusioncultural\/?p=3431"},"author":{"name":"webmaster","@id":"https:\/\/blogs.uninter.edu.mx\/difusioncultural\/#\/schema\/person\/37a0926f4dd300a814993fd595abdc4a"},"headline":"El \u00c1ngel de la Independencia.","datePublished":"2015-02-27T19:19:00+00:00","mainEntityOfPage":{"@id":"https:\/\/blogs.uninter.edu.mx\/difusioncultural\/?p=3431"},"wordCount":1185,"publisher":{"@id":"https:\/\/blogs.uninter.edu.mx\/difusioncultural\/#organization"},"image":{"@id":"https:\/\/blogs.uninter.edu.mx\/difusioncultural\/?p=3431#primaryimage"},"thumbnailUrl":"https:\/\/blogs.uninter.edu.mx\/difusioncultural\/wp-content\/uploads\/2015\/03\/angel_de_la_independencia.jpg","keywords":["acontecimientos","bachillerato","becas culturales","cultura","cultura de la paz","dia de la independencia uninter","difusi\u00f3n cultural","estudiantes","eventos","festejos","Filarm\u00f3nica de Cuernavaca","gastronomia","historia","INDEPENDENCIA DE M\u00c9XICO","intercambios","Jornada Cultural","licenciatura","maestria","Mexico","m\u00fasica","personajes","posgrado","prepa","promoci\u00f3n","secundaria","spanish school","tradiciones","tradiciones mexicanas","turismo","uninter","universidad internacional"],"inLanguage":"es"},{"@type":"WebPage","@id":"https:\/\/blogs.uninter.edu.mx\/difusioncultural\/?p=3431","url":"https:\/\/blogs.uninter.edu.mx\/difusioncultural\/?p=3431","name":"El \u00c1ngel de la Independencia. - Difusi\u00f3n Cultural","isPartOf":{"@id":"https:\/\/blogs.uninter.edu.mx\/difusioncultural\/#website"},"primaryImageOfPage":{"@id":"https:\/\/blogs.uninter.edu.mx\/difusioncultural\/?p=3431#primaryimage"},"image":{"@id":"https:\/\/blogs.uninter.edu.mx\/difusioncultural\/?p=3431#primaryimage"},"thumbnailUrl":"https:\/\/blogs.uninter.edu.mx\/difusioncultural\/wp-content\/uploads\/2015\/03\/angel_de_la_independencia.jpg","datePublished":"2015-02-27T19:19:00+00:00","breadcrumb":{"@id":"https:\/\/blogs.uninter.edu.mx\/difusioncultural\/?p=3431#breadcrumb"},"inLanguage":"es","potentialAction":[{"@type":"ReadAction","target":["https:\/\/blogs.uninter.edu.mx\/difusioncultural\/?p=3431"]}]},{"@type":"ImageObject","inLanguage":"es","@id":"https:\/\/blogs.uninter.edu.mx\/difusioncultural\/?p=3431#primaryimage","url":"https:\/\/blogs.uninter.edu.mx\/difusioncultural\/wp-content\/uploads\/2015\/03\/angel_de_la_independencia.jpg","contentUrl":"https:\/\/blogs.uninter.edu.mx\/difusioncultural\/wp-content\/uploads\/2015\/03\/angel_de_la_independencia.jpg","width":560,"height":546},{"@type":"BreadcrumbList","@id":"https:\/\/blogs.uninter.edu.mx\/difusioncultural\/?p=3431#breadcrumb","itemListElement":[{"@type":"ListItem","position":1,"name":"Inicio","item":"https:\/\/blogs.uninter.edu.mx\/difusioncultural\/"},{"@type":"ListItem","position":2,"name":"El \u00c1ngel de la Independencia."}]},{"@type":"WebSite","@id":"https:\/\/blogs.uninter.edu.mx\/difusioncultural\/#website","url":"https:\/\/blogs.uninter.edu.mx\/difusioncultural\/","name":"Difusi\u00f3n Cultural","description":"UNINTER","publisher":{"@id":"https:\/\/blogs.uninter.edu.mx\/difusioncultural\/#organization"},"potentialAction":[{"@type":"SearchAction","target":{"@type":"EntryPoint","urlTemplate":"https:\/\/blogs.uninter.edu.mx\/difusioncultural\/?s={search_term_string}"},"query-input":{"@type":"PropertyValueSpecification","valueRequired":true,"valueName":"search_term_string"}}],"inLanguage":"es"},{"@type":"Organization","@id":"https:\/\/blogs.uninter.edu.mx\/difusioncultural\/#organization","name":"Difusi\u00f3n Cultural","url":"https:\/\/blogs.uninter.edu.mx\/difusioncultural\/","logo":{"@type":"ImageObject","inLanguage":"es","@id":"https:\/\/blogs.uninter.edu.mx\/difusioncultural\/#\/schema\/logo\/image\/","url":"https:\/\/blogs.uninter.edu.mx\/difusioncultural\/wp-content\/uploads\/2022\/09\/uninter.jpg","contentUrl":"https:\/\/blogs.uninter.edu.mx\/difusioncultural\/wp-content\/uploads\/2022\/09\/uninter.jpg","width":2048,"height":2048,"caption":"Difusi\u00f3n Cultural"},"image":{"@id":"https:\/\/blogs.uninter.edu.mx\/difusioncultural\/#\/schema\/logo\/image\/"}},{"@type":"Person","@id":"https:\/\/blogs.uninter.edu.mx\/difusioncultural\/#\/schema\/person\/37a0926f4dd300a814993fd595abdc4a","name":"webmaster","image":{"@type":"ImageObject","inLanguage":"es","@id":"https:\/\/blogs.uninter.edu.mx\/difusioncultural\/#\/schema\/person\/image\/","url":"https:\/\/secure.gravatar.com\/avatar\/a59c276b01147463ef3aab4118e3137ebc5e1ad6700deb39ccdf8b89e517f7dc?s=96&d=mm&r=g","contentUrl":"https:\/\/secure.gravatar.com\/avatar\/a59c276b01147463ef3aab4118e3137ebc5e1ad6700deb39ccdf8b89e517f7dc?s=96&d=mm&r=g","caption":"webmaster"},"sameAs":["https:\/\/blogs.uninter.edu.mx\/difusioncultural"],"url":"https:\/\/blogs.uninter.edu.mx\/difusioncultural\/?author=1"}]}},"jetpack_publicize_connections":[],"jetpack_featured_media_url":"https:\/\/blogs.uninter.edu.mx\/difusioncultural\/wp-content\/uploads\/2015\/03\/angel_de_la_independencia.jpg","jetpack_sharing_enabled":true,"_links":{"self":[{"href":"https:\/\/blogs.uninter.edu.mx\/difusioncultural\/index.php?rest_route=\/wp\/v2\/posts\/3431","targetHints":{"allow":["GET"]}}],"collection":[{"href":"https:\/\/blogs.uninter.edu.mx\/difusioncultural\/index.php?rest_route=\/wp\/v2\/posts"}],"about":[{"href":"https:\/\/blogs.uninter.edu.mx\/difusioncultural\/index.php?rest_route=\/wp\/v2\/types\/post"}],"author":[{"embeddable":true,"href":"https:\/\/blogs.uninter.edu.mx\/difusioncultural\/index.php?rest_route=\/wp\/v2\/users\/1"}],"replies":[{"embeddable":true,"href":"https:\/\/blogs.uninter.edu.mx\/difusioncultural\/index.php?rest_route=%2Fwp%2Fv2%2Fcomments&post=3431"}],"version-history":[{"count":0,"href":"https:\/\/blogs.uninter.edu.mx\/difusioncultural\/index.php?rest_route=\/wp\/v2\/posts\/3431\/revisions"}],"wp:featuredmedia":[{"embeddable":true,"href":"https:\/\/blogs.uninter.edu.mx\/difusioncultural\/index.php?rest_route=\/wp\/v2\/media\/3433"}],"wp:attachment":[{"href":"https:\/\/blogs.uninter.edu.mx\/difusioncultural\/index.php?rest_route=%2Fwp%2Fv2%2Fmedia&parent=3431"}],"wp:term":[{"taxonomy":"category","embeddable":true,"href":"https:\/\/blogs.uninter.edu.mx\/difusioncultural\/index.php?rest_route=%2Fwp%2Fv2%2Fcategories&post=3431"},{"taxonomy":"post_tag","embeddable":true,"href":"https:\/\/blogs.uninter.edu.mx\/difusioncultural\/index.php?rest_route=%2Fwp%2Fv2%2Ftags&post=3431"}],"curies":[{"name":"wp","href":"https:\/\/api.w.org\/{rel}","templated":true}]}}