{"id":3438,"date":"2015-03-01T13:44:00","date_gmt":"2015-03-01T19:44:00","guid":{"rendered":"https:\/\/difusionculturaluninter.wordpress.com\/?p=3438"},"modified":"2015-03-01T13:44:00","modified_gmt":"2015-03-01T19:44:00","slug":"1-de-marzo-de-1854-se-proclama-el-plan-de-ayutla","status":"publish","type":"post","link":"https:\/\/blogs.uninter.edu.mx\/difusioncultural\/?p=3438","title":{"rendered":"1 DE MARZO DE 1854. SE PROCLAMA EL PLAN DE AYUTLA."},"content":{"rendered":"<p>Una vez culminada la lucha de Independencia, la Naci\u00f3n vivi\u00f3 m\u00e1s de cuarenta a\u00f1os de conflictos y rebeliones, entre centralistas y federalistas, entre conservadores y liberales. Durante el \u00faltimo per\u00edodo en el que Santa Anna gobern\u00f3 (1853-1855) decret\u00f3 grav\u00e1menes sobre la propiedad y el trabajo, cancel\u00f3 la libertad de imprenta e impuso la pena de destierro a todo sospechoso de conspiraci\u00f3n.<\/p>\n<p><img fetchpriority=\"high\" decoding=\"async\" class=\" size-full wp-image-3440 aligncenter\" src=\"https:\/\/blogs.uninter.edu.mx\/difusioncultural\/wp-content\/uploads\/2015\/03\/memoria_plan-de-ayutla.jpg\" alt=\"memoria_plan-de-ayutla\" width=\"283\" height=\"210\" \/><\/p>\n<p>Este r\u00e9gimen desp\u00f3tico y autoritario provoc\u00f3 descontento e irritaci\u00f3n, que se acentuaron cuando en 1853, firm\u00f3 un tratado con Estados Unidos, con el cual M\u00e9xico cedi\u00f3 el territorio de La Mesilla a cambio de 10 millones de pesos.<\/p>\n<p>El 1 de marzo de 1854, Juan \u00c1lvarez, destacado republicano, apoyado por Ignacio Comonfort y Florencio Villarreal, promulg\u00f3 en la hacienda La Providencia, en Guerrero, el Plan de Ayutla, que en un intento por restablecer la Rep\u00fablica, estipul\u00f3 el cese en el ejercicio del poder p\u00fablico a Santa Anna; adicionalmente se pretendi\u00f3 elegir a un presidente interino, quien tendr\u00eda facultades para atender la seguridad e independencia del territorio nacional y dem\u00e1s ramos de la administraci\u00f3n p\u00fablica; y convocar\u00eda a un Congreso Extraordinario, a fin de constituir la Naci\u00f3n bajo la forma de Rep\u00fablica representativa popular.<\/p>\n<p>El Plan fue reformado en Acapulco el 11 de marzo del mismo a\u00f1o, por Comonfort y Villarreal, ambos liberales moderados, y aunque las modificaciones fueron menores, el primero qued\u00f3 como jefe de las fuerzas liberales.<\/p>\n<p>El movimiento estall\u00f3 el 1 de mayo; Santa Anna no dio importancia a la sublevaci\u00f3n, y aunque luch\u00f3, sus tropas fueron r\u00e1pidamente disminuidas; las protestas originadas en Guerrero, se multiplicaron en diversas partes del pa\u00eds, convirti\u00e9ndose en una verdadera revoluci\u00f3n, lo que oblig\u00f3 a Santa Anna a abandonar el poder y el pa\u00eds, el 9 de agosto de 1855.<\/p>\n<p>La radicalizaci\u00f3n de las ideas de Santa Anna, hizo de un movimiento dirigido s\u00f3lo contra \u00e9l, una revoluci\u00f3n, cuyas posturas liberales, representadas por Benito Ju\u00e1rez, Melchor Ocampo, Ignacio Ram\u00edrez, Miguel Lerdo de Tejada y Guillermo Prieto, fueron las que se plasmaron en la nueva Constituci\u00f3n, la cual se promulg\u00f3 en 1857 y fue el semillero de la Reforma.<\/p>\n","protected":false},"excerpt":{"rendered":"<p>Una vez culminada la lucha de Independencia, la Naci\u00f3n vivi\u00f3 m\u00e1s de cuarenta a\u00f1os de conflictos y rebeliones, entre centralistas y federalistas, entre conservadores y liberales. Durante el \u00faltimo per\u00edodo en el que Santa Anna gobern\u00f3 (1853-1855) decret\u00f3 grav\u00e1menes sobre la propiedad y el trabajo, cancel\u00f3 la libertad de imprenta e impuso la pena de&hellip;<\/p>\n","protected":false},"author":1,"featured_media":3439,"comment_status":"closed","ping_status":"open","sticky":false,"template":"","format":"standard","meta":{"_jetpack_memberships_contains_paid_content":false,"footnotes":"","jetpack_publicize_message":"","jetpack_publicize_feature_enabled":true,"jetpack_social_post_already_shared":false,"jetpack_social_options":{"image_generator_settings":{"template":"highway","default_image_id":0,"font":"","enabled":false},"version":2}},"categories":[1],"tags":[26,36,41,93,94,113,116,129,131,136,137,139,151,163,177,190,195,204,244,253,255,260,277,280,286,287,294],"class_list":["post-3438","post","type-post","status-publish","format-standard","has-post-thumbnail","hentry","category-sin-categoria","tag-acontecimientos","tag-bachillerato","tag-becas-culturales","tag-cultura","tag-cultura-de-la-paz","tag-difusion-cultural","tag-efemerides","tag-estudiantes","tag-eventos","tag-festejos","tag-festejos-patrios-uninter","tag-filarmonica-de-cuernavaca","tag-historia","tag-intercambios","tag-jornada-cultural","tag-licenciatura","tag-maestria","tag-mexico","tag-personajes","tag-posgrado","tag-prepa","tag-promocion","tag-secundaria","tag-spanish-school","tag-talleres","tag-talleres-culturales","tag-tradiciones"],"yoast_head":"<!-- This site is optimized with the Yoast SEO plugin v26.3 - https:\/\/yoast.com\/wordpress\/plugins\/seo\/ -->\r\n<title>1 DE MARZO DE 1854. SE PROCLAMA EL PLAN DE AYUTLA. - Difusi\u00f3n Cultural<\/title>\r\n<meta name=\"robots\" content=\"index, follow, max-snippet:-1, max-image-preview:large, max-video-preview:-1\" \/>\r\n<link rel=\"canonical\" href=\"https:\/\/blogs.uninter.edu.mx\/difusioncultural\/?p=3438\" \/>\r\n<meta property=\"og:locale\" content=\"es_MX\" \/>\r\n<meta property=\"og:type\" content=\"article\" \/>\r\n<meta property=\"og:title\" content=\"1 DE MARZO DE 1854. SE PROCLAMA EL PLAN DE AYUTLA. - Difusi\u00f3n Cultural\" \/>\r\n<meta property=\"og:description\" content=\"Una vez culminada la lucha de Independencia, la Naci\u00f3n vivi\u00f3 m\u00e1s de cuarenta a\u00f1os de conflictos y rebeliones, entre centralistas y federalistas, entre conservadores y liberales. Durante el \u00faltimo per\u00edodo en el que Santa Anna gobern\u00f3 (1853-1855) decret\u00f3 grav\u00e1menes sobre la propiedad y el trabajo, cancel\u00f3 la libertad de imprenta e impuso la pena de&hellip;\" \/>\r\n<meta property=\"og:url\" content=\"https:\/\/blogs.uninter.edu.mx\/difusioncultural\/?p=3438\" \/>\r\n<meta property=\"og:site_name\" content=\"Difusi\u00f3n Cultural\" \/>\r\n<meta property=\"article:published_time\" content=\"2015-03-01T19:44:00+00:00\" \/>\r\n<meta property=\"og:image\" content=\"https:\/\/blogs.uninter.edu.mx\/difusioncultural\/wp-content\/uploads\/2015\/03\/plan-de-ayutla-427x320-1.png\" \/>\r\n\t<meta property=\"og:image:width\" content=\"427\" \/>\r\n\t<meta property=\"og:image:height\" content=\"320\" \/>\r\n\t<meta property=\"og:image:type\" content=\"image\/png\" \/>\r\n<meta name=\"author\" content=\"webmaster\" \/>\r\n<meta name=\"twitter:card\" content=\"summary_large_image\" \/>\r\n<meta name=\"twitter:label1\" content=\"Escrito por\" \/>\n\t<meta name=\"twitter:data1\" content=\"webmaster\" \/>\n\t<meta name=\"twitter:label2\" content=\"Tiempo de lectura\" \/>\n\t<meta name=\"twitter:data2\" content=\"2 minutos\" \/>\r\n<script type=\"application\/ld+json\" class=\"yoast-schema-graph\">{\"@context\":\"https:\/\/schema.org\",\"@graph\":[{\"@type\":\"Article\",\"@id\":\"https:\/\/blogs.uninter.edu.mx\/difusioncultural\/?p=3438#article\",\"isPartOf\":{\"@id\":\"https:\/\/blogs.uninter.edu.mx\/difusioncultural\/?p=3438\"},\"author\":{\"name\":\"webmaster\",\"@id\":\"https:\/\/blogs.uninter.edu.mx\/difusioncultural\/#\/schema\/person\/37a0926f4dd300a814993fd595abdc4a\"},\"headline\":\"1 DE MARZO DE 1854. SE PROCLAMA EL PLAN DE AYUTLA.\",\"datePublished\":\"2015-03-01T19:44:00+00:00\",\"mainEntityOfPage\":{\"@id\":\"https:\/\/blogs.uninter.edu.mx\/difusioncultural\/?p=3438\"},\"wordCount\":378,\"publisher\":{\"@id\":\"https:\/\/blogs.uninter.edu.mx\/difusioncultural\/#organization\"},\"image\":{\"@id\":\"https:\/\/blogs.uninter.edu.mx\/difusioncultural\/?p=3438#primaryimage\"},\"thumbnailUrl\":\"https:\/\/blogs.uninter.edu.mx\/difusioncultural\/wp-content\/uploads\/2015\/03\/plan-de-ayutla-427x320-1.png\",\"keywords\":[\"acontecimientos\",\"bachillerato\",\"becas culturales\",\"cultura\",\"cultura de la paz\",\"difusi\u00f3n cultural\",\"efem\u00e9rides\",\"estudiantes\",\"eventos\",\"festejos\",\"festejos patrios uninter\",\"Filarm\u00f3nica de Cuernavaca\",\"historia\",\"intercambios\",\"Jornada Cultural\",\"licenciatura\",\"maestria\",\"Mexico\",\"personajes\",\"posgrado\",\"prepa\",\"promoci\u00f3n\",\"secundaria\",\"spanish school\",\"talleres\",\"talleres culturales\",\"tradiciones\"],\"inLanguage\":\"es\"},{\"@type\":\"WebPage\",\"@id\":\"https:\/\/blogs.uninter.edu.mx\/difusioncultural\/?p=3438\",\"url\":\"https:\/\/blogs.uninter.edu.mx\/difusioncultural\/?p=3438\",\"name\":\"1 DE MARZO DE 1854. SE PROCLAMA EL PLAN DE AYUTLA. - Difusi\u00f3n Cultural\",\"isPartOf\":{\"@id\":\"https:\/\/blogs.uninter.edu.mx\/difusioncultural\/#website\"},\"primaryImageOfPage\":{\"@id\":\"https:\/\/blogs.uninter.edu.mx\/difusioncultural\/?p=3438#primaryimage\"},\"image\":{\"@id\":\"https:\/\/blogs.uninter.edu.mx\/difusioncultural\/?p=3438#primaryimage\"},\"thumbnailUrl\":\"https:\/\/blogs.uninter.edu.mx\/difusioncultural\/wp-content\/uploads\/2015\/03\/plan-de-ayutla-427x320-1.png\",\"datePublished\":\"2015-03-01T19:44:00+00:00\",\"breadcrumb\":{\"@id\":\"https:\/\/blogs.uninter.edu.mx\/difusioncultural\/?p=3438#breadcrumb\"},\"inLanguage\":\"es\",\"potentialAction\":[{\"@type\":\"ReadAction\",\"target\":[\"https:\/\/blogs.uninter.edu.mx\/difusioncultural\/?p=3438\"]}]},{\"@type\":\"ImageObject\",\"inLanguage\":\"es\",\"@id\":\"https:\/\/blogs.uninter.edu.mx\/difusioncultural\/?p=3438#primaryimage\",\"url\":\"https:\/\/blogs.uninter.edu.mx\/difusioncultural\/wp-content\/uploads\/2015\/03\/plan-de-ayutla-427x320-1.png\",\"contentUrl\":\"https:\/\/blogs.uninter.edu.mx\/difusioncultural\/wp-content\/uploads\/2015\/03\/plan-de-ayutla-427x320-1.png\",\"width\":427,\"height\":320},{\"@type\":\"BreadcrumbList\",\"@id\":\"https:\/\/blogs.uninter.edu.mx\/difusioncultural\/?p=3438#breadcrumb\",\"itemListElement\":[{\"@type\":\"ListItem\",\"position\":1,\"name\":\"Inicio\",\"item\":\"https:\/\/blogs.uninter.edu.mx\/difusioncultural\/\"},{\"@type\":\"ListItem\",\"position\":2,\"name\":\"1 DE MARZO DE 1854. SE PROCLAMA EL PLAN DE AYUTLA.\"}]},{\"@type\":\"WebSite\",\"@id\":\"https:\/\/blogs.uninter.edu.mx\/difusioncultural\/#website\",\"url\":\"https:\/\/blogs.uninter.edu.mx\/difusioncultural\/\",\"name\":\"Difusi\u00f3n Cultural\",\"description\":\"UNINTER\",\"publisher\":{\"@id\":\"https:\/\/blogs.uninter.edu.mx\/difusioncultural\/#organization\"},\"potentialAction\":[{\"@type\":\"SearchAction\",\"target\":{\"@type\":\"EntryPoint\",\"urlTemplate\":\"https:\/\/blogs.uninter.edu.mx\/difusioncultural\/?s={search_term_string}\"},\"query-input\":{\"@type\":\"PropertyValueSpecification\",\"valueRequired\":true,\"valueName\":\"search_term_string\"}}],\"inLanguage\":\"es\"},{\"@type\":\"Organization\",\"@id\":\"https:\/\/blogs.uninter.edu.mx\/difusioncultural\/#organization\",\"name\":\"Difusi\u00f3n Cultural\",\"url\":\"https:\/\/blogs.uninter.edu.mx\/difusioncultural\/\",\"logo\":{\"@type\":\"ImageObject\",\"inLanguage\":\"es\",\"@id\":\"https:\/\/blogs.uninter.edu.mx\/difusioncultural\/#\/schema\/logo\/image\/\",\"url\":\"https:\/\/blogs.uninter.edu.mx\/difusioncultural\/wp-content\/uploads\/2022\/09\/uninter.jpg\",\"contentUrl\":\"https:\/\/blogs.uninter.edu.mx\/difusioncultural\/wp-content\/uploads\/2022\/09\/uninter.jpg\",\"width\":2048,\"height\":2048,\"caption\":\"Difusi\u00f3n Cultural\"},\"image\":{\"@id\":\"https:\/\/blogs.uninter.edu.mx\/difusioncultural\/#\/schema\/logo\/image\/\"}},{\"@type\":\"Person\",\"@id\":\"https:\/\/blogs.uninter.edu.mx\/difusioncultural\/#\/schema\/person\/37a0926f4dd300a814993fd595abdc4a\",\"name\":\"webmaster\",\"image\":{\"@type\":\"ImageObject\",\"inLanguage\":\"es\",\"@id\":\"https:\/\/blogs.uninter.edu.mx\/difusioncultural\/#\/schema\/person\/image\/\",\"url\":\"https:\/\/secure.gravatar.com\/avatar\/a59c276b01147463ef3aab4118e3137ebc5e1ad6700deb39ccdf8b89e517f7dc?s=96&d=mm&r=g\",\"contentUrl\":\"https:\/\/secure.gravatar.com\/avatar\/a59c276b01147463ef3aab4118e3137ebc5e1ad6700deb39ccdf8b89e517f7dc?s=96&d=mm&r=g\",\"caption\":\"webmaster\"},\"sameAs\":[\"https:\/\/blogs.uninter.edu.mx\/difusioncultural\"],\"url\":\"https:\/\/blogs.uninter.edu.mx\/difusioncultural\/?author=1\"}]}<\/script>\r\n<!-- \/ Yoast SEO plugin. -->","yoast_head_json":{"title":"1 DE MARZO DE 1854. SE PROCLAMA EL PLAN DE AYUTLA. - Difusi\u00f3n Cultural","robots":{"index":"index","follow":"follow","max-snippet":"max-snippet:-1","max-image-preview":"max-image-preview:large","max-video-preview":"max-video-preview:-1"},"canonical":"https:\/\/blogs.uninter.edu.mx\/difusioncultural\/?p=3438","og_locale":"es_MX","og_type":"article","og_title":"1 DE MARZO DE 1854. SE PROCLAMA EL PLAN DE AYUTLA. - Difusi\u00f3n Cultural","og_description":"Una vez culminada la lucha de Independencia, la Naci\u00f3n vivi\u00f3 m\u00e1s de cuarenta a\u00f1os de conflictos y rebeliones, entre centralistas y federalistas, entre conservadores y liberales. Durante el \u00faltimo per\u00edodo en el que Santa Anna gobern\u00f3 (1853-1855) decret\u00f3 grav\u00e1menes sobre la propiedad y el trabajo, cancel\u00f3 la libertad de imprenta e impuso la pena de&hellip;","og_url":"https:\/\/blogs.uninter.edu.mx\/difusioncultural\/?p=3438","og_site_name":"Difusi\u00f3n Cultural","article_published_time":"2015-03-01T19:44:00+00:00","og_image":[{"width":427,"height":320,"url":"https:\/\/blogs.uninter.edu.mx\/difusioncultural\/wp-content\/uploads\/2015\/03\/plan-de-ayutla-427x320-1.png","type":"image\/png"}],"author":"webmaster","twitter_card":"summary_large_image","twitter_misc":{"Escrito por":"webmaster","Tiempo de lectura":"2 minutos"},"schema":{"@context":"https:\/\/schema.org","@graph":[{"@type":"Article","@id":"https:\/\/blogs.uninter.edu.mx\/difusioncultural\/?p=3438#article","isPartOf":{"@id":"https:\/\/blogs.uninter.edu.mx\/difusioncultural\/?p=3438"},"author":{"name":"webmaster","@id":"https:\/\/blogs.uninter.edu.mx\/difusioncultural\/#\/schema\/person\/37a0926f4dd300a814993fd595abdc4a"},"headline":"1 DE MARZO DE 1854. SE PROCLAMA EL PLAN DE AYUTLA.","datePublished":"2015-03-01T19:44:00+00:00","mainEntityOfPage":{"@id":"https:\/\/blogs.uninter.edu.mx\/difusioncultural\/?p=3438"},"wordCount":378,"publisher":{"@id":"https:\/\/blogs.uninter.edu.mx\/difusioncultural\/#organization"},"image":{"@id":"https:\/\/blogs.uninter.edu.mx\/difusioncultural\/?p=3438#primaryimage"},"thumbnailUrl":"https:\/\/blogs.uninter.edu.mx\/difusioncultural\/wp-content\/uploads\/2015\/03\/plan-de-ayutla-427x320-1.png","keywords":["acontecimientos","bachillerato","becas culturales","cultura","cultura de la paz","difusi\u00f3n cultural","efem\u00e9rides","estudiantes","eventos","festejos","festejos patrios uninter","Filarm\u00f3nica de Cuernavaca","historia","intercambios","Jornada Cultural","licenciatura","maestria","Mexico","personajes","posgrado","prepa","promoci\u00f3n","secundaria","spanish school","talleres","talleres culturales","tradiciones"],"inLanguage":"es"},{"@type":"WebPage","@id":"https:\/\/blogs.uninter.edu.mx\/difusioncultural\/?p=3438","url":"https:\/\/blogs.uninter.edu.mx\/difusioncultural\/?p=3438","name":"1 DE MARZO DE 1854. SE PROCLAMA EL PLAN DE AYUTLA. - Difusi\u00f3n Cultural","isPartOf":{"@id":"https:\/\/blogs.uninter.edu.mx\/difusioncultural\/#website"},"primaryImageOfPage":{"@id":"https:\/\/blogs.uninter.edu.mx\/difusioncultural\/?p=3438#primaryimage"},"image":{"@id":"https:\/\/blogs.uninter.edu.mx\/difusioncultural\/?p=3438#primaryimage"},"thumbnailUrl":"https:\/\/blogs.uninter.edu.mx\/difusioncultural\/wp-content\/uploads\/2015\/03\/plan-de-ayutla-427x320-1.png","datePublished":"2015-03-01T19:44:00+00:00","breadcrumb":{"@id":"https:\/\/blogs.uninter.edu.mx\/difusioncultural\/?p=3438#breadcrumb"},"inLanguage":"es","potentialAction":[{"@type":"ReadAction","target":["https:\/\/blogs.uninter.edu.mx\/difusioncultural\/?p=3438"]}]},{"@type":"ImageObject","inLanguage":"es","@id":"https:\/\/blogs.uninter.edu.mx\/difusioncultural\/?p=3438#primaryimage","url":"https:\/\/blogs.uninter.edu.mx\/difusioncultural\/wp-content\/uploads\/2015\/03\/plan-de-ayutla-427x320-1.png","contentUrl":"https:\/\/blogs.uninter.edu.mx\/difusioncultural\/wp-content\/uploads\/2015\/03\/plan-de-ayutla-427x320-1.png","width":427,"height":320},{"@type":"BreadcrumbList","@id":"https:\/\/blogs.uninter.edu.mx\/difusioncultural\/?p=3438#breadcrumb","itemListElement":[{"@type":"ListItem","position":1,"name":"Inicio","item":"https:\/\/blogs.uninter.edu.mx\/difusioncultural\/"},{"@type":"ListItem","position":2,"name":"1 DE MARZO DE 1854. SE PROCLAMA EL PLAN DE AYUTLA."}]},{"@type":"WebSite","@id":"https:\/\/blogs.uninter.edu.mx\/difusioncultural\/#website","url":"https:\/\/blogs.uninter.edu.mx\/difusioncultural\/","name":"Difusi\u00f3n Cultural","description":"UNINTER","publisher":{"@id":"https:\/\/blogs.uninter.edu.mx\/difusioncultural\/#organization"},"potentialAction":[{"@type":"SearchAction","target":{"@type":"EntryPoint","urlTemplate":"https:\/\/blogs.uninter.edu.mx\/difusioncultural\/?s={search_term_string}"},"query-input":{"@type":"PropertyValueSpecification","valueRequired":true,"valueName":"search_term_string"}}],"inLanguage":"es"},{"@type":"Organization","@id":"https:\/\/blogs.uninter.edu.mx\/difusioncultural\/#organization","name":"Difusi\u00f3n Cultural","url":"https:\/\/blogs.uninter.edu.mx\/difusioncultural\/","logo":{"@type":"ImageObject","inLanguage":"es","@id":"https:\/\/blogs.uninter.edu.mx\/difusioncultural\/#\/schema\/logo\/image\/","url":"https:\/\/blogs.uninter.edu.mx\/difusioncultural\/wp-content\/uploads\/2022\/09\/uninter.jpg","contentUrl":"https:\/\/blogs.uninter.edu.mx\/difusioncultural\/wp-content\/uploads\/2022\/09\/uninter.jpg","width":2048,"height":2048,"caption":"Difusi\u00f3n Cultural"},"image":{"@id":"https:\/\/blogs.uninter.edu.mx\/difusioncultural\/#\/schema\/logo\/image\/"}},{"@type":"Person","@id":"https:\/\/blogs.uninter.edu.mx\/difusioncultural\/#\/schema\/person\/37a0926f4dd300a814993fd595abdc4a","name":"webmaster","image":{"@type":"ImageObject","inLanguage":"es","@id":"https:\/\/blogs.uninter.edu.mx\/difusioncultural\/#\/schema\/person\/image\/","url":"https:\/\/secure.gravatar.com\/avatar\/a59c276b01147463ef3aab4118e3137ebc5e1ad6700deb39ccdf8b89e517f7dc?s=96&d=mm&r=g","contentUrl":"https:\/\/secure.gravatar.com\/avatar\/a59c276b01147463ef3aab4118e3137ebc5e1ad6700deb39ccdf8b89e517f7dc?s=96&d=mm&r=g","caption":"webmaster"},"sameAs":["https:\/\/blogs.uninter.edu.mx\/difusioncultural"],"url":"https:\/\/blogs.uninter.edu.mx\/difusioncultural\/?author=1"}]}},"jetpack_publicize_connections":[],"jetpack_featured_media_url":"https:\/\/blogs.uninter.edu.mx\/difusioncultural\/wp-content\/uploads\/2015\/03\/plan-de-ayutla-427x320-1.png","jetpack_sharing_enabled":true,"_links":{"self":[{"href":"https:\/\/blogs.uninter.edu.mx\/difusioncultural\/index.php?rest_route=\/wp\/v2\/posts\/3438","targetHints":{"allow":["GET"]}}],"collection":[{"href":"https:\/\/blogs.uninter.edu.mx\/difusioncultural\/index.php?rest_route=\/wp\/v2\/posts"}],"about":[{"href":"https:\/\/blogs.uninter.edu.mx\/difusioncultural\/index.php?rest_route=\/wp\/v2\/types\/post"}],"author":[{"embeddable":true,"href":"https:\/\/blogs.uninter.edu.mx\/difusioncultural\/index.php?rest_route=\/wp\/v2\/users\/1"}],"replies":[{"embeddable":true,"href":"https:\/\/blogs.uninter.edu.mx\/difusioncultural\/index.php?rest_route=%2Fwp%2Fv2%2Fcomments&post=3438"}],"version-history":[{"count":0,"href":"https:\/\/blogs.uninter.edu.mx\/difusioncultural\/index.php?rest_route=\/wp\/v2\/posts\/3438\/revisions"}],"wp:featuredmedia":[{"embeddable":true,"href":"https:\/\/blogs.uninter.edu.mx\/difusioncultural\/index.php?rest_route=\/wp\/v2\/media\/3439"}],"wp:attachment":[{"href":"https:\/\/blogs.uninter.edu.mx\/difusioncultural\/index.php?rest_route=%2Fwp%2Fv2%2Fmedia&parent=3438"}],"wp:term":[{"taxonomy":"category","embeddable":true,"href":"https:\/\/blogs.uninter.edu.mx\/difusioncultural\/index.php?rest_route=%2Fwp%2Fv2%2Fcategories&post=3438"},{"taxonomy":"post_tag","embeddable":true,"href":"https:\/\/blogs.uninter.edu.mx\/difusioncultural\/index.php?rest_route=%2Fwp%2Fv2%2Ftags&post=3438"}],"curies":[{"name":"wp","href":"https:\/\/api.w.org\/{rel}","templated":true}]}}