{"id":3442,"date":"2015-03-02T13:58:10","date_gmt":"2015-03-02T19:58:10","guid":{"rendered":"https:\/\/difusionculturaluninter.wordpress.com\/?p=3442"},"modified":"2015-03-02T13:58:10","modified_gmt":"2015-03-02T19:58:10","slug":"la-republica-de-texas-declara-su-independencia-de-mexico","status":"publish","type":"post","link":"https:\/\/blogs.uninter.edu.mx\/difusioncultural\/?p=3442","title":{"rendered":"La rep\u00fablica de Texas declara su independencia de M\u00e9xico."},"content":{"rendered":"<p><strong>Independencia de Texas<\/strong><\/p>\n<p>Como consecuencia de la inminente implantacion del gobierno centralista y la limitaci\u00f3n de la libertad de los estados, Texas, a la saz\u00f3n habitado, en su mayor parte, por colonizadores estadounidenses, encontr\u00f3 el pretexto ideal para declarar su independencia de la Republica. Apoyado incluso por mexicanos destacados como Lorenzo de Zavala y Valentin Gomez Farias, Esteban Austin declar\u00f3 la independencia definitiva de Texas el 2 de marzo de 1836. Antonio Lopez de Santa Anna se puso al frente del ejercito mexicano para someter a los insurrectos logrando sendas victorias en batallas como las de El Alamo y del Encinal entre otras. Sin embargo cuando descansaba con sus tropas a orillas del rio San Jacinto, fue sorprendido por Samuel Houston quien lo hizo prisionero. Santa Anna fue llevado a la bahia de Galveston en donde se comprometi\u00f3 a no volver a tomar las armas en contra de Texas. Aunque el congreso mexicano desconoci\u00f3 el acuerdo firmado por Santa Anna, la independencia de Texas era inminente.<br \/>\nEn 1841, en Mexico, la Junta de Representantes design\u00f3 como presidente provisional a Antonio Lopez de Santa Anna, quien muy pronto buscar\u00eda la manera de controlar en forma absoluta los destinos nacionales. Para ello se acogi\u00f3 al sexto punto de las Bases de Tacubaya que establec\u00eda que \u201clas facultades del Ejecutivo provisional son todas las necesarias para la organizaci\u00f3n de todos los ramos de la administraci\u00f3n p\u00fablica\u201d. En colaboraci\u00f3n con la Junta de Representantes, public\u00f3 el 10 de diciembre de 1841 la convocatoria para las elecciones de diputados.<\/p>\n<p><a href=\"https:\/\/blogs.uninter.edu.mx\/difusioncultural\/wp-content\/uploads\/2015\/03\/texas.jpg\"><img fetchpriority=\"high\" decoding=\"async\" class=\" size-medium wp-image-3443 aligncenter\" src=\"https:\/\/blogs.uninter.edu.mx\/difusioncultural\/wp-content\/uploads\/2015\/03\/texas.jpg?w=300\" alt=\"texas\" width=\"300\" height=\"226\" \/><\/a><\/p>\n<p><strong>Anexion de Texas a Estados Unidos<\/strong><\/p>\n<p>Cuando en 1836 Texas declar\u00f3 su independencia de Mexico, se consider\u00f3 que esta medida ser\u00eda temporal en tanto en este pais no se estableciera en forma definitiva el sistema federal. Sin embargo, a la luz de la constante inestabilidad politica en M\u00e9xico y de la presi\u00f3n ejercida por el gobierno norteamericano, en 1845 Texas decide anexarse a los Estados Unidos como un estado m\u00e1s de la federacion. De hecho este territorio estaba pr\u00e1cticamente habitado en su totalidad por colonos estadounidenses que poco o nada ten\u00edan en com\u00fan con Mexico y que pugnaban por la anexi\u00f3n; adem\u00e1s, para los estados esclavistas del pa\u00eds vecino, era importante sumar el estado de Texas a la federacion norteamericana pues as\u00ed tendr\u00edan m\u00e1s peso dentro del congreso para sostener la esclavitud en aquel pa\u00eds. Como M\u00e9xico no hab\u00eda ni siquiera reconocido la independencia de Texas, su anexi\u00f3n a los Estados Unidos ser\u00eda vista como una agresi\u00f3n que desembocar\u00eda en una guerra entre ambas naciones.<\/p>\n<p>La union de Texas a los Estados Unidos y la ambici\u00f3n de \u00e9ste por apoderarse de territorio mexicano provocaron la guerra entre estos dos paises. Un problema en los limites entre ambas naciones desat\u00f3 una lucha en donde los mexicanos saldr\u00edan muy mal librados. Aduciendo que la frontera de Texas no era el rio Nueces sino el rio Bravo, el ejercito norteamericano invadi\u00f3 este territorio y despu\u00e9s continu\u00f3 su camino tomando Matamoros y Monterrey. Otro destacamento ocup\u00f3 Nuevo Mexico y California, mientras un tercero desembarc\u00f3 en Veracruz, lleg\u00f3 a Puebla y puso sitio a la capital de la Rep\u00fablica.<br \/>\nA pesar de que hubo batallas gloriosas para los mexicanos, como las de La Angostura, la de Churubusco, la de Molino del Rey y la de Chapultepec la ciudad de Mexico fue tomada el 14 de septiembre de 1847, fecha en la cual el pabellon norteamericano ondeo en el Zocalo de la capital.<\/p>\n","protected":false},"excerpt":{"rendered":"<p>Independencia de Texas Como consecuencia de la inminente implantacion del gobierno centralista y la limitaci\u00f3n de la libertad de los estados, Texas, a la saz\u00f3n habitado, en su mayor parte, por colonizadores estadounidenses, encontr\u00f3 el pretexto ideal para declarar su independencia de la Republica. Apoyado incluso por mexicanos destacados como Lorenzo de Zavala y Valentin&hellip;<\/p>\n","protected":false},"author":1,"featured_media":3444,"comment_status":"closed","ping_status":"open","sticky":false,"template":"","format":"standard","meta":{"_jetpack_memberships_contains_paid_content":false,"footnotes":"","jetpack_publicize_message":"","jetpack_publicize_feature_enabled":true,"jetpack_social_post_already_shared":false,"jetpack_social_options":{"image_generator_settings":{"template":"highway","default_image_id":0,"font":"","enabled":false},"version":2}},"categories":[1],"tags":[26,36,41,93,94,113,116,129,131,136,137,139,151,163,190,195,204,244,253,255,260,277,280,286,287,294],"class_list":["post-3442","post","type-post","status-publish","format-standard","has-post-thumbnail","hentry","category-sin-categoria","tag-acontecimientos","tag-bachillerato","tag-becas-culturales","tag-cultura","tag-cultura-de-la-paz","tag-difusion-cultural","tag-efemerides","tag-estudiantes","tag-eventos","tag-festejos","tag-festejos-patrios-uninter","tag-filarmonica-de-cuernavaca","tag-historia","tag-intercambios","tag-licenciatura","tag-maestria","tag-mexico","tag-personajes","tag-posgrado","tag-prepa","tag-promocion","tag-secundaria","tag-spanish-school","tag-talleres","tag-talleres-culturales","tag-tradiciones"],"yoast_head":"<!-- This site is optimized with the Yoast SEO plugin v26.3 - https:\/\/yoast.com\/wordpress\/plugins\/seo\/ -->\r\n<title>La rep\u00fablica de Texas declara su independencia de M\u00e9xico. - Difusi\u00f3n Cultural<\/title>\r\n<meta name=\"robots\" content=\"index, follow, max-snippet:-1, max-image-preview:large, max-video-preview:-1\" \/>\r\n<link rel=\"canonical\" href=\"https:\/\/blogs.uninter.edu.mx\/difusioncultural\/?p=3442\" \/>\r\n<meta property=\"og:locale\" content=\"es_MX\" \/>\r\n<meta property=\"og:type\" content=\"article\" \/>\r\n<meta property=\"og:title\" content=\"La rep\u00fablica de Texas declara su independencia de M\u00e9xico. - Difusi\u00f3n Cultural\" \/>\r\n<meta property=\"og:description\" content=\"Independencia de Texas Como consecuencia de la inminente implantacion del gobierno centralista y la limitaci\u00f3n de la libertad de los estados, Texas, a la saz\u00f3n habitado, en su mayor parte, por colonizadores estadounidenses, encontr\u00f3 el pretexto ideal para declarar su independencia de la Republica. Apoyado incluso por mexicanos destacados como Lorenzo de Zavala y Valentin&hellip;\" \/>\r\n<meta property=\"og:url\" content=\"https:\/\/blogs.uninter.edu.mx\/difusioncultural\/?p=3442\" \/>\r\n<meta property=\"og:site_name\" content=\"Difusi\u00f3n Cultural\" \/>\r\n<meta property=\"article:published_time\" content=\"2015-03-02T19:58:10+00:00\" \/>\r\n<meta property=\"og:image\" content=\"https:\/\/blogs.uninter.edu.mx\/difusioncultural\/wp-content\/uploads\/2015\/03\/descarga.jpg\" \/>\r\n\t<meta property=\"og:image:width\" content=\"230\" \/>\r\n\t<meta property=\"og:image:height\" content=\"219\" \/>\r\n\t<meta property=\"og:image:type\" content=\"image\/jpeg\" \/>\r\n<meta name=\"author\" content=\"webmaster\" \/>\r\n<meta name=\"twitter:card\" content=\"summary_large_image\" \/>\r\n<meta name=\"twitter:label1\" content=\"Escrito por\" \/>\n\t<meta name=\"twitter:data1\" content=\"webmaster\" \/>\n\t<meta name=\"twitter:label2\" content=\"Tiempo de lectura\" \/>\n\t<meta name=\"twitter:data2\" content=\"3 minutos\" \/>\r\n<script type=\"application\/ld+json\" class=\"yoast-schema-graph\">{\"@context\":\"https:\/\/schema.org\",\"@graph\":[{\"@type\":\"Article\",\"@id\":\"https:\/\/blogs.uninter.edu.mx\/difusioncultural\/?p=3442#article\",\"isPartOf\":{\"@id\":\"https:\/\/blogs.uninter.edu.mx\/difusioncultural\/?p=3442\"},\"author\":{\"name\":\"webmaster\",\"@id\":\"https:\/\/blogs.uninter.edu.mx\/difusioncultural\/#\/schema\/person\/37a0926f4dd300a814993fd595abdc4a\"},\"headline\":\"La rep\u00fablica de Texas declara su independencia de M\u00e9xico.\",\"datePublished\":\"2015-03-02T19:58:10+00:00\",\"mainEntityOfPage\":{\"@id\":\"https:\/\/blogs.uninter.edu.mx\/difusioncultural\/?p=3442\"},\"wordCount\":604,\"publisher\":{\"@id\":\"https:\/\/blogs.uninter.edu.mx\/difusioncultural\/#organization\"},\"image\":{\"@id\":\"https:\/\/blogs.uninter.edu.mx\/difusioncultural\/?p=3442#primaryimage\"},\"thumbnailUrl\":\"https:\/\/blogs.uninter.edu.mx\/difusioncultural\/wp-content\/uploads\/2015\/03\/descarga.jpg\",\"keywords\":[\"acontecimientos\",\"bachillerato\",\"becas culturales\",\"cultura\",\"cultura de la paz\",\"difusi\u00f3n cultural\",\"efem\u00e9rides\",\"estudiantes\",\"eventos\",\"festejos\",\"festejos patrios uninter\",\"Filarm\u00f3nica de Cuernavaca\",\"historia\",\"intercambios\",\"licenciatura\",\"maestria\",\"Mexico\",\"personajes\",\"posgrado\",\"prepa\",\"promoci\u00f3n\",\"secundaria\",\"spanish school\",\"talleres\",\"talleres culturales\",\"tradiciones\"],\"inLanguage\":\"es\"},{\"@type\":\"WebPage\",\"@id\":\"https:\/\/blogs.uninter.edu.mx\/difusioncultural\/?p=3442\",\"url\":\"https:\/\/blogs.uninter.edu.mx\/difusioncultural\/?p=3442\",\"name\":\"La rep\u00fablica de Texas declara su independencia de M\u00e9xico. - Difusi\u00f3n Cultural\",\"isPartOf\":{\"@id\":\"https:\/\/blogs.uninter.edu.mx\/difusioncultural\/#website\"},\"primaryImageOfPage\":{\"@id\":\"https:\/\/blogs.uninter.edu.mx\/difusioncultural\/?p=3442#primaryimage\"},\"image\":{\"@id\":\"https:\/\/blogs.uninter.edu.mx\/difusioncultural\/?p=3442#primaryimage\"},\"thumbnailUrl\":\"https:\/\/blogs.uninter.edu.mx\/difusioncultural\/wp-content\/uploads\/2015\/03\/descarga.jpg\",\"datePublished\":\"2015-03-02T19:58:10+00:00\",\"breadcrumb\":{\"@id\":\"https:\/\/blogs.uninter.edu.mx\/difusioncultural\/?p=3442#breadcrumb\"},\"inLanguage\":\"es\",\"potentialAction\":[{\"@type\":\"ReadAction\",\"target\":[\"https:\/\/blogs.uninter.edu.mx\/difusioncultural\/?p=3442\"]}]},{\"@type\":\"ImageObject\",\"inLanguage\":\"es\",\"@id\":\"https:\/\/blogs.uninter.edu.mx\/difusioncultural\/?p=3442#primaryimage\",\"url\":\"https:\/\/blogs.uninter.edu.mx\/difusioncultural\/wp-content\/uploads\/2015\/03\/descarga.jpg\",\"contentUrl\":\"https:\/\/blogs.uninter.edu.mx\/difusioncultural\/wp-content\/uploads\/2015\/03\/descarga.jpg\",\"width\":230,\"height\":219},{\"@type\":\"BreadcrumbList\",\"@id\":\"https:\/\/blogs.uninter.edu.mx\/difusioncultural\/?p=3442#breadcrumb\",\"itemListElement\":[{\"@type\":\"ListItem\",\"position\":1,\"name\":\"Inicio\",\"item\":\"https:\/\/blogs.uninter.edu.mx\/difusioncultural\/\"},{\"@type\":\"ListItem\",\"position\":2,\"name\":\"La rep\u00fablica de Texas declara su independencia de M\u00e9xico.\"}]},{\"@type\":\"WebSite\",\"@id\":\"https:\/\/blogs.uninter.edu.mx\/difusioncultural\/#website\",\"url\":\"https:\/\/blogs.uninter.edu.mx\/difusioncultural\/\",\"name\":\"Difusi\u00f3n Cultural\",\"description\":\"UNINTER\",\"publisher\":{\"@id\":\"https:\/\/blogs.uninter.edu.mx\/difusioncultural\/#organization\"},\"potentialAction\":[{\"@type\":\"SearchAction\",\"target\":{\"@type\":\"EntryPoint\",\"urlTemplate\":\"https:\/\/blogs.uninter.edu.mx\/difusioncultural\/?s={search_term_string}\"},\"query-input\":{\"@type\":\"PropertyValueSpecification\",\"valueRequired\":true,\"valueName\":\"search_term_string\"}}],\"inLanguage\":\"es\"},{\"@type\":\"Organization\",\"@id\":\"https:\/\/blogs.uninter.edu.mx\/difusioncultural\/#organization\",\"name\":\"Difusi\u00f3n Cultural\",\"url\":\"https:\/\/blogs.uninter.edu.mx\/difusioncultural\/\",\"logo\":{\"@type\":\"ImageObject\",\"inLanguage\":\"es\",\"@id\":\"https:\/\/blogs.uninter.edu.mx\/difusioncultural\/#\/schema\/logo\/image\/\",\"url\":\"https:\/\/blogs.uninter.edu.mx\/difusioncultural\/wp-content\/uploads\/2022\/09\/uninter.jpg\",\"contentUrl\":\"https:\/\/blogs.uninter.edu.mx\/difusioncultural\/wp-content\/uploads\/2022\/09\/uninter.jpg\",\"width\":2048,\"height\":2048,\"caption\":\"Difusi\u00f3n Cultural\"},\"image\":{\"@id\":\"https:\/\/blogs.uninter.edu.mx\/difusioncultural\/#\/schema\/logo\/image\/\"}},{\"@type\":\"Person\",\"@id\":\"https:\/\/blogs.uninter.edu.mx\/difusioncultural\/#\/schema\/person\/37a0926f4dd300a814993fd595abdc4a\",\"name\":\"webmaster\",\"image\":{\"@type\":\"ImageObject\",\"inLanguage\":\"es\",\"@id\":\"https:\/\/blogs.uninter.edu.mx\/difusioncultural\/#\/schema\/person\/image\/\",\"url\":\"https:\/\/secure.gravatar.com\/avatar\/a59c276b01147463ef3aab4118e3137ebc5e1ad6700deb39ccdf8b89e517f7dc?s=96&d=mm&r=g\",\"contentUrl\":\"https:\/\/secure.gravatar.com\/avatar\/a59c276b01147463ef3aab4118e3137ebc5e1ad6700deb39ccdf8b89e517f7dc?s=96&d=mm&r=g\",\"caption\":\"webmaster\"},\"sameAs\":[\"https:\/\/blogs.uninter.edu.mx\/difusioncultural\"],\"url\":\"https:\/\/blogs.uninter.edu.mx\/difusioncultural\/?author=1\"}]}<\/script>\r\n<!-- \/ Yoast SEO plugin. -->","yoast_head_json":{"title":"La rep\u00fablica de Texas declara su independencia de M\u00e9xico. - Difusi\u00f3n Cultural","robots":{"index":"index","follow":"follow","max-snippet":"max-snippet:-1","max-image-preview":"max-image-preview:large","max-video-preview":"max-video-preview:-1"},"canonical":"https:\/\/blogs.uninter.edu.mx\/difusioncultural\/?p=3442","og_locale":"es_MX","og_type":"article","og_title":"La rep\u00fablica de Texas declara su independencia de M\u00e9xico. - Difusi\u00f3n Cultural","og_description":"Independencia de Texas Como consecuencia de la inminente implantacion del gobierno centralista y la limitaci\u00f3n de la libertad de los estados, Texas, a la saz\u00f3n habitado, en su mayor parte, por colonizadores estadounidenses, encontr\u00f3 el pretexto ideal para declarar su independencia de la Republica. Apoyado incluso por mexicanos destacados como Lorenzo de Zavala y Valentin&hellip;","og_url":"https:\/\/blogs.uninter.edu.mx\/difusioncultural\/?p=3442","og_site_name":"Difusi\u00f3n Cultural","article_published_time":"2015-03-02T19:58:10+00:00","og_image":[{"width":230,"height":219,"url":"https:\/\/blogs.uninter.edu.mx\/difusioncultural\/wp-content\/uploads\/2015\/03\/descarga.jpg","type":"image\/jpeg"}],"author":"webmaster","twitter_card":"summary_large_image","twitter_misc":{"Escrito por":"webmaster","Tiempo de lectura":"3 minutos"},"schema":{"@context":"https:\/\/schema.org","@graph":[{"@type":"Article","@id":"https:\/\/blogs.uninter.edu.mx\/difusioncultural\/?p=3442#article","isPartOf":{"@id":"https:\/\/blogs.uninter.edu.mx\/difusioncultural\/?p=3442"},"author":{"name":"webmaster","@id":"https:\/\/blogs.uninter.edu.mx\/difusioncultural\/#\/schema\/person\/37a0926f4dd300a814993fd595abdc4a"},"headline":"La rep\u00fablica de Texas declara su independencia de M\u00e9xico.","datePublished":"2015-03-02T19:58:10+00:00","mainEntityOfPage":{"@id":"https:\/\/blogs.uninter.edu.mx\/difusioncultural\/?p=3442"},"wordCount":604,"publisher":{"@id":"https:\/\/blogs.uninter.edu.mx\/difusioncultural\/#organization"},"image":{"@id":"https:\/\/blogs.uninter.edu.mx\/difusioncultural\/?p=3442#primaryimage"},"thumbnailUrl":"https:\/\/blogs.uninter.edu.mx\/difusioncultural\/wp-content\/uploads\/2015\/03\/descarga.jpg","keywords":["acontecimientos","bachillerato","becas culturales","cultura","cultura de la paz","difusi\u00f3n cultural","efem\u00e9rides","estudiantes","eventos","festejos","festejos patrios uninter","Filarm\u00f3nica de Cuernavaca","historia","intercambios","licenciatura","maestria","Mexico","personajes","posgrado","prepa","promoci\u00f3n","secundaria","spanish school","talleres","talleres culturales","tradiciones"],"inLanguage":"es"},{"@type":"WebPage","@id":"https:\/\/blogs.uninter.edu.mx\/difusioncultural\/?p=3442","url":"https:\/\/blogs.uninter.edu.mx\/difusioncultural\/?p=3442","name":"La rep\u00fablica de Texas declara su independencia de M\u00e9xico. - Difusi\u00f3n Cultural","isPartOf":{"@id":"https:\/\/blogs.uninter.edu.mx\/difusioncultural\/#website"},"primaryImageOfPage":{"@id":"https:\/\/blogs.uninter.edu.mx\/difusioncultural\/?p=3442#primaryimage"},"image":{"@id":"https:\/\/blogs.uninter.edu.mx\/difusioncultural\/?p=3442#primaryimage"},"thumbnailUrl":"https:\/\/blogs.uninter.edu.mx\/difusioncultural\/wp-content\/uploads\/2015\/03\/descarga.jpg","datePublished":"2015-03-02T19:58:10+00:00","breadcrumb":{"@id":"https:\/\/blogs.uninter.edu.mx\/difusioncultural\/?p=3442#breadcrumb"},"inLanguage":"es","potentialAction":[{"@type":"ReadAction","target":["https:\/\/blogs.uninter.edu.mx\/difusioncultural\/?p=3442"]}]},{"@type":"ImageObject","inLanguage":"es","@id":"https:\/\/blogs.uninter.edu.mx\/difusioncultural\/?p=3442#primaryimage","url":"https:\/\/blogs.uninter.edu.mx\/difusioncultural\/wp-content\/uploads\/2015\/03\/descarga.jpg","contentUrl":"https:\/\/blogs.uninter.edu.mx\/difusioncultural\/wp-content\/uploads\/2015\/03\/descarga.jpg","width":230,"height":219},{"@type":"BreadcrumbList","@id":"https:\/\/blogs.uninter.edu.mx\/difusioncultural\/?p=3442#breadcrumb","itemListElement":[{"@type":"ListItem","position":1,"name":"Inicio","item":"https:\/\/blogs.uninter.edu.mx\/difusioncultural\/"},{"@type":"ListItem","position":2,"name":"La rep\u00fablica de Texas declara su independencia de M\u00e9xico."}]},{"@type":"WebSite","@id":"https:\/\/blogs.uninter.edu.mx\/difusioncultural\/#website","url":"https:\/\/blogs.uninter.edu.mx\/difusioncultural\/","name":"Difusi\u00f3n Cultural","description":"UNINTER","publisher":{"@id":"https:\/\/blogs.uninter.edu.mx\/difusioncultural\/#organization"},"potentialAction":[{"@type":"SearchAction","target":{"@type":"EntryPoint","urlTemplate":"https:\/\/blogs.uninter.edu.mx\/difusioncultural\/?s={search_term_string}"},"query-input":{"@type":"PropertyValueSpecification","valueRequired":true,"valueName":"search_term_string"}}],"inLanguage":"es"},{"@type":"Organization","@id":"https:\/\/blogs.uninter.edu.mx\/difusioncultural\/#organization","name":"Difusi\u00f3n Cultural","url":"https:\/\/blogs.uninter.edu.mx\/difusioncultural\/","logo":{"@type":"ImageObject","inLanguage":"es","@id":"https:\/\/blogs.uninter.edu.mx\/difusioncultural\/#\/schema\/logo\/image\/","url":"https:\/\/blogs.uninter.edu.mx\/difusioncultural\/wp-content\/uploads\/2022\/09\/uninter.jpg","contentUrl":"https:\/\/blogs.uninter.edu.mx\/difusioncultural\/wp-content\/uploads\/2022\/09\/uninter.jpg","width":2048,"height":2048,"caption":"Difusi\u00f3n Cultural"},"image":{"@id":"https:\/\/blogs.uninter.edu.mx\/difusioncultural\/#\/schema\/logo\/image\/"}},{"@type":"Person","@id":"https:\/\/blogs.uninter.edu.mx\/difusioncultural\/#\/schema\/person\/37a0926f4dd300a814993fd595abdc4a","name":"webmaster","image":{"@type":"ImageObject","inLanguage":"es","@id":"https:\/\/blogs.uninter.edu.mx\/difusioncultural\/#\/schema\/person\/image\/","url":"https:\/\/secure.gravatar.com\/avatar\/a59c276b01147463ef3aab4118e3137ebc5e1ad6700deb39ccdf8b89e517f7dc?s=96&d=mm&r=g","contentUrl":"https:\/\/secure.gravatar.com\/avatar\/a59c276b01147463ef3aab4118e3137ebc5e1ad6700deb39ccdf8b89e517f7dc?s=96&d=mm&r=g","caption":"webmaster"},"sameAs":["https:\/\/blogs.uninter.edu.mx\/difusioncultural"],"url":"https:\/\/blogs.uninter.edu.mx\/difusioncultural\/?author=1"}]}},"jetpack_publicize_connections":[],"jetpack_featured_media_url":"https:\/\/blogs.uninter.edu.mx\/difusioncultural\/wp-content\/uploads\/2015\/03\/descarga.jpg","jetpack_sharing_enabled":true,"_links":{"self":[{"href":"https:\/\/blogs.uninter.edu.mx\/difusioncultural\/index.php?rest_route=\/wp\/v2\/posts\/3442","targetHints":{"allow":["GET"]}}],"collection":[{"href":"https:\/\/blogs.uninter.edu.mx\/difusioncultural\/index.php?rest_route=\/wp\/v2\/posts"}],"about":[{"href":"https:\/\/blogs.uninter.edu.mx\/difusioncultural\/index.php?rest_route=\/wp\/v2\/types\/post"}],"author":[{"embeddable":true,"href":"https:\/\/blogs.uninter.edu.mx\/difusioncultural\/index.php?rest_route=\/wp\/v2\/users\/1"}],"replies":[{"embeddable":true,"href":"https:\/\/blogs.uninter.edu.mx\/difusioncultural\/index.php?rest_route=%2Fwp%2Fv2%2Fcomments&post=3442"}],"version-history":[{"count":0,"href":"https:\/\/blogs.uninter.edu.mx\/difusioncultural\/index.php?rest_route=\/wp\/v2\/posts\/3442\/revisions"}],"wp:featuredmedia":[{"embeddable":true,"href":"https:\/\/blogs.uninter.edu.mx\/difusioncultural\/index.php?rest_route=\/wp\/v2\/media\/3444"}],"wp:attachment":[{"href":"https:\/\/blogs.uninter.edu.mx\/difusioncultural\/index.php?rest_route=%2Fwp%2Fv2%2Fmedia&parent=3442"}],"wp:term":[{"taxonomy":"category","embeddable":true,"href":"https:\/\/blogs.uninter.edu.mx\/difusioncultural\/index.php?rest_route=%2Fwp%2Fv2%2Fcategories&post=3442"},{"taxonomy":"post_tag","embeddable":true,"href":"https:\/\/blogs.uninter.edu.mx\/difusioncultural\/index.php?rest_route=%2Fwp%2Fv2%2Ftags&post=3442"}],"curies":[{"name":"wp","href":"https:\/\/api.w.org\/{rel}","templated":true}]}}