{"id":3477,"date":"2015-03-09T13:45:00","date_gmt":"2015-03-09T19:45:00","guid":{"rendered":"https:\/\/difusionculturaluninter.wordpress.com\/?p=3477"},"modified":"2015-03-09T13:45:00","modified_gmt":"2015-03-09T19:45:00","slug":"arteterapia","status":"publish","type":"post","link":"https:\/\/blogs.uninter.edu.mx\/difusioncultural\/?p=3477","title":{"rendered":"Arteterapia"},"content":{"rendered":"<h3>\u00bfQU\u00c9 ES ARTETERAPIA?<\/h3>\n<p>Es la utilizaci\u00f3n de t\u00e9cnicas art\u00edsticas, para el auto-conocimiento, el desarrollo personal, la mejora de la salud y la calidad de vida. La Psicolog\u00eda Humanista considera que el ser humano sano es aquel que desarrolla todo su potencial, lo cual incluye la creatividad.<\/p>\n<p>La arte-terapia, es la utilizaci\u00f3n de la expresi\u00f3n art\u00edstica en la ayuda a las personas que tienen problemas psicol\u00f3gicos (desordenes emocionales, estr\u00e9s, falta de confianza) o que presentan dificultades de aprendizaje. Mediante el uso de materiales art\u00edsticos: modelado, pintura, voz, movimiento, m\u00e1scaras, fotograf\u00eda, &#8230; sin necesidad de experiencia previa, ni largos aprendizajes t\u00e9cnicos. El Arteterapia pone el \u00e9nfasis en la escucha interior, la atenci\u00f3n y la espontaneidad.<img fetchpriority=\"high\" decoding=\"async\" class=\"  wp-image-3484 alignright\" src=\"https:\/\/blogs.uninter.edu.mx\/difusioncultural\/wp-content\/uploads\/2015\/03\/arte-terapia-santi.jpg?w=240\" alt=\"arte-terapia-Santi\" width=\"205\" height=\"253\" \/><\/p>\n<p>La arte-terapia da tambi\u00e9n un soporte terap\u00e9utico a las personas que se encuentran en situaci\u00f3n de angustia emocional. El principio es de estimular a los pacientes a exprimir sus sentimientos y emociones bajo una forma visual o pl\u00e1stica (pintura, escultura, dibujo, m\u00fasica etc.).<\/p>\n<p>Consiste en aprender a utilizar tu capacidad de creaci\u00f3n de im\u00e1genes, s\u00edmbolos y met\u00e1foras para recuperar, desarrollar e integrar todo tu potencial f\u00edsico, mental, emocional y espiritual, en un proceso que Jung llamaba de Individuaci\u00f3n, y que la Psicolog\u00eda Humanista denomina \u201cel ser humano integrado\u201d.<br \/>\nSe fundamenta en la uni\u00f3n de los conocimientos y la pr\u00e1ctica de arte y psicolog\u00eda, desde los cuales se sabe que todas las personas tenemos la capacidad de proyectar en formas art\u00edsticas, nuestras im\u00e1genes internas, en las cuales podemos aprender a leer las claves simb\u00f3licas de nuestro subconsciente.<\/p>\n<p><span style=\"font-family:Arial;\">Lo m\u00e1s importante durante una sesi\u00f3n de arte-terapia es de dejar a un lado el miedo a exprimirse, de hacer salir las emociones y sentimientos rechazados en nuestro inconsciente y ayudar a conocer los or\u00edgenes.<\/span><\/p>\n<p><span style=\"font-family:Arial;\">Otro aspecto positivo de la arte-terapia es el echo que la obra de arte puede contener ciertos s\u00edmbolos que el terapeuta puede analizar, de la misma manera como se interpretan los sue\u00f1os en el psicoan\u00e1lisis. Pero con la diferencia que es el paciente quien es el encargado de interpretar esos s\u00edmbolos art\u00edsticos que \u00e9l ha creado.<\/span><\/p>\n<p><span style=\"font-family:Arial;\">La arte-terapia es un m\u00e9todo ideal para relajarse y resolver muy naturalmente los problemas. No importa el talento o la capacidad que se tenga . Lo m\u00e1s importante es saber escuchar la &#8220;voz&#8221; interior y exprimirse a trav\u00e9s de la creaci\u00f3n art\u00edstica.<\/span><\/p>\n<p><b><span style=\"font-family:Arial;\">ALGUNOS CONSEJOS<\/span><\/b><\/p>\n<p><span style=\"font-family:Arial;\">-Para comenzar en el arte-terapia consulte un especialista. En general se trata de un psicoterapeuta especializado.<\/span><\/p>\n<p><span style=\"font-family:Arial;\">-Durante una sesi\u00f3n, el terapeuta gu\u00eda al paciente para estimular la interpretaci\u00f3n de la obra ( y no su realizaci\u00f3n).<\/span><\/p>\n<p><span style=\"font-family:Arial;\">-Comience por la primera &#8220;imagen&#8221; que le venga al esp\u00edritu.<\/span><\/p>\n<p><span style=\"font-family:Arial;\">-Deje &#8220;hablar&#8221; su intuici\u00f3n y su espontaneidad.<\/span><\/p>\n<p><span style=\"font-family:Arial;\">-Al contrario hay que &#8220;callar&#8221; la voz critica y de inhibici\u00f3n que esta en Ud.<\/span><\/p>\n<p><span style=\"font-family:Arial;\">-Trabaje sin interesarse en el resultado final.<\/span><\/p>\n<p><span style=\"font-family:Arial;\">-Si no se &#8220;siente&#8221; bien con la pintura, ensaye la arcilla, el recorte y pegue es\u00a0otra expresi\u00f3n art\u00edstica.<\/span><\/p>\n<p><span style=\"font-family:Arial;\">-Examine cuidadosamente su obra una vez acabada. Los colores, las formas, los s\u00edmbolos representados tienen para Ud. una significaci\u00f3n?. Que sentimientos despiertan en Ud?<\/span><\/p>\n<p><span style=\"font-family:Arial;\">-Escriba en seguida algunas palabras sobre la significaci\u00f3n de esos colores, s\u00edmbolos o formas.<\/span><\/p>\n<p><span style=\"font-family:Arial;\">-Hay que saber que la significaci\u00f3n de sus obras no resuelven sus problemas psicol\u00f3gicos pero permiten de entenderlos, aceptarlos y finalmente sobrellevarlos.<\/span><\/p>\n<p>La <a title=\"MUSICOTERAPIA\" href=\"https:\/\/difusionculturaluninter.wordpress.com\/2014\/07\/25\/musicoterapia\/\">musicoterapia<\/a> es otra forma de arte-terapia.<\/p>\n","protected":false},"excerpt":{"rendered":"<p>\u00bfQU\u00c9 ES ARTETERAPIA? Es la utilizaci\u00f3n de t\u00e9cnicas art\u00edsticas, para el auto-conocimiento, el desarrollo personal, la mejora de la salud y la calidad de vida. La Psicolog\u00eda Humanista considera que el ser humano sano es aquel que desarrolla todo su potencial, lo cual incluye la creatividad. La arte-terapia, es la utilizaci\u00f3n de la expresi\u00f3n art\u00edstica&hellip;<\/p>\n","protected":false},"author":1,"featured_media":3483,"comment_status":"closed","ping_status":"open","sticky":false,"template":"","format":"standard","meta":{"_jetpack_memberships_contains_paid_content":false,"footnotes":"","jetpack_publicize_message":"","jetpack_publicize_feature_enabled":true,"jetpack_social_post_already_shared":false,"jetpack_social_options":{"image_generator_settings":{"template":"highway","default_image_id":0,"font":"","enabled":false},"version":2}},"categories":[1],"tags":[26,36,41,93,94,113,129,131,136,137,139,151,163,177,190,195,204,201,220,244,253,255,260,271,277,280,286,287,294,298,303,305],"class_list":["post-3477","post","type-post","status-publish","format-standard","has-post-thumbnail","hentry","category-sin-categoria","tag-acontecimientos","tag-bachillerato","tag-becas-culturales","tag-cultura","tag-cultura-de-la-paz","tag-difusion-cultural","tag-estudiantes","tag-eventos","tag-festejos","tag-festejos-patrios-uninter","tag-filarmonica-de-cuernavaca","tag-historia","tag-intercambios","tag-jornada-cultural","tag-licenciatura","tag-maestria","tag-mexico","tag-musica","tag-musicoterapia","tag-personajes","tag-posgrado","tag-prepa","tag-promocion","tag-salud","tag-secundaria","tag-spanish-school","tag-talleres","tag-talleres-culturales","tag-tradiciones","tag-turismo","tag-uninter","tag-universidad-internacional"],"yoast_head":"<!-- This site is optimized with the Yoast SEO plugin v26.3 - https:\/\/yoast.com\/wordpress\/plugins\/seo\/ -->\r\n<title>Arteterapia - Difusi\u00f3n Cultural<\/title>\r\n<meta name=\"robots\" content=\"index, follow, max-snippet:-1, max-image-preview:large, max-video-preview:-1\" \/>\r\n<link rel=\"canonical\" href=\"https:\/\/blogs.uninter.edu.mx\/difusioncultural\/?p=3477\" \/>\r\n<meta property=\"og:locale\" content=\"es_MX\" \/>\r\n<meta property=\"og:type\" content=\"article\" \/>\r\n<meta property=\"og:title\" content=\"Arteterapia - Difusi\u00f3n Cultural\" \/>\r\n<meta property=\"og:description\" content=\"\u00bfQU\u00c9 ES ARTETERAPIA? Es la utilizaci\u00f3n de t\u00e9cnicas art\u00edsticas, para el auto-conocimiento, el desarrollo personal, la mejora de la salud y la calidad de vida. La Psicolog\u00eda Humanista considera que el ser humano sano es aquel que desarrolla todo su potencial, lo cual incluye la creatividad. La arte-terapia, es la utilizaci\u00f3n de la expresi\u00f3n art\u00edstica&hellip;\" \/>\r\n<meta property=\"og:url\" content=\"https:\/\/blogs.uninter.edu.mx\/difusioncultural\/?p=3477\" \/>\r\n<meta property=\"og:site_name\" content=\"Difusi\u00f3n Cultural\" \/>\r\n<meta property=\"article:published_time\" content=\"2015-03-09T19:45:00+00:00\" \/>\r\n<meta property=\"og:image\" content=\"https:\/\/blogs.uninter.edu.mx\/difusioncultural\/wp-content\/uploads\/2015\/03\/arteterapia.jpg\" \/>\r\n\t<meta property=\"og:image:width\" content=\"591\" \/>\r\n\t<meta property=\"og:image:height\" content=\"591\" \/>\r\n\t<meta property=\"og:image:type\" content=\"image\/jpeg\" \/>\r\n<meta name=\"author\" content=\"webmaster\" \/>\r\n<meta name=\"twitter:card\" content=\"summary_large_image\" \/>\r\n<meta name=\"twitter:label1\" content=\"Escrito por\" \/>\n\t<meta name=\"twitter:data1\" content=\"webmaster\" \/>\n\t<meta name=\"twitter:label2\" content=\"Tiempo de lectura\" \/>\n\t<meta name=\"twitter:data2\" content=\"3 minutos\" \/>\r\n<script type=\"application\/ld+json\" class=\"yoast-schema-graph\">{\"@context\":\"https:\/\/schema.org\",\"@graph\":[{\"@type\":\"Article\",\"@id\":\"https:\/\/blogs.uninter.edu.mx\/difusioncultural\/?p=3477#article\",\"isPartOf\":{\"@id\":\"https:\/\/blogs.uninter.edu.mx\/difusioncultural\/?p=3477\"},\"author\":{\"name\":\"webmaster\",\"@id\":\"https:\/\/blogs.uninter.edu.mx\/difusioncultural\/#\/schema\/person\/37a0926f4dd300a814993fd595abdc4a\"},\"headline\":\"Arteterapia\",\"datePublished\":\"2015-03-09T19:45:00+00:00\",\"mainEntityOfPage\":{\"@id\":\"https:\/\/blogs.uninter.edu.mx\/difusioncultural\/?p=3477\"},\"wordCount\":603,\"publisher\":{\"@id\":\"https:\/\/blogs.uninter.edu.mx\/difusioncultural\/#organization\"},\"image\":{\"@id\":\"https:\/\/blogs.uninter.edu.mx\/difusioncultural\/?p=3477#primaryimage\"},\"thumbnailUrl\":\"https:\/\/blogs.uninter.edu.mx\/difusioncultural\/wp-content\/uploads\/2015\/03\/arteterapia.jpg\",\"keywords\":[\"acontecimientos\",\"bachillerato\",\"becas culturales\",\"cultura\",\"cultura de la paz\",\"difusi\u00f3n cultural\",\"estudiantes\",\"eventos\",\"festejos\",\"festejos patrios uninter\",\"Filarm\u00f3nica de Cuernavaca\",\"historia\",\"intercambios\",\"Jornada Cultural\",\"licenciatura\",\"maestria\",\"Mexico\",\"m\u00fasica\",\"musicoterapia\",\"personajes\",\"posgrado\",\"prepa\",\"promoci\u00f3n\",\"salud\",\"secundaria\",\"spanish school\",\"talleres\",\"talleres culturales\",\"tradiciones\",\"turismo\",\"uninter\",\"universidad internacional\"],\"inLanguage\":\"es\"},{\"@type\":\"WebPage\",\"@id\":\"https:\/\/blogs.uninter.edu.mx\/difusioncultural\/?p=3477\",\"url\":\"https:\/\/blogs.uninter.edu.mx\/difusioncultural\/?p=3477\",\"name\":\"Arteterapia - Difusi\u00f3n Cultural\",\"isPartOf\":{\"@id\":\"https:\/\/blogs.uninter.edu.mx\/difusioncultural\/#website\"},\"primaryImageOfPage\":{\"@id\":\"https:\/\/blogs.uninter.edu.mx\/difusioncultural\/?p=3477#primaryimage\"},\"image\":{\"@id\":\"https:\/\/blogs.uninter.edu.mx\/difusioncultural\/?p=3477#primaryimage\"},\"thumbnailUrl\":\"https:\/\/blogs.uninter.edu.mx\/difusioncultural\/wp-content\/uploads\/2015\/03\/arteterapia.jpg\",\"datePublished\":\"2015-03-09T19:45:00+00:00\",\"breadcrumb\":{\"@id\":\"https:\/\/blogs.uninter.edu.mx\/difusioncultural\/?p=3477#breadcrumb\"},\"inLanguage\":\"es\",\"potentialAction\":[{\"@type\":\"ReadAction\",\"target\":[\"https:\/\/blogs.uninter.edu.mx\/difusioncultural\/?p=3477\"]}]},{\"@type\":\"ImageObject\",\"inLanguage\":\"es\",\"@id\":\"https:\/\/blogs.uninter.edu.mx\/difusioncultural\/?p=3477#primaryimage\",\"url\":\"https:\/\/blogs.uninter.edu.mx\/difusioncultural\/wp-content\/uploads\/2015\/03\/arteterapia.jpg\",\"contentUrl\":\"https:\/\/blogs.uninter.edu.mx\/difusioncultural\/wp-content\/uploads\/2015\/03\/arteterapia.jpg\",\"width\":591,\"height\":591},{\"@type\":\"BreadcrumbList\",\"@id\":\"https:\/\/blogs.uninter.edu.mx\/difusioncultural\/?p=3477#breadcrumb\",\"itemListElement\":[{\"@type\":\"ListItem\",\"position\":1,\"name\":\"Inicio\",\"item\":\"https:\/\/blogs.uninter.edu.mx\/difusioncultural\/\"},{\"@type\":\"ListItem\",\"position\":2,\"name\":\"Arteterapia\"}]},{\"@type\":\"WebSite\",\"@id\":\"https:\/\/blogs.uninter.edu.mx\/difusioncultural\/#website\",\"url\":\"https:\/\/blogs.uninter.edu.mx\/difusioncultural\/\",\"name\":\"Difusi\u00f3n Cultural\",\"description\":\"UNINTER\",\"publisher\":{\"@id\":\"https:\/\/blogs.uninter.edu.mx\/difusioncultural\/#organization\"},\"potentialAction\":[{\"@type\":\"SearchAction\",\"target\":{\"@type\":\"EntryPoint\",\"urlTemplate\":\"https:\/\/blogs.uninter.edu.mx\/difusioncultural\/?s={search_term_string}\"},\"query-input\":{\"@type\":\"PropertyValueSpecification\",\"valueRequired\":true,\"valueName\":\"search_term_string\"}}],\"inLanguage\":\"es\"},{\"@type\":\"Organization\",\"@id\":\"https:\/\/blogs.uninter.edu.mx\/difusioncultural\/#organization\",\"name\":\"Difusi\u00f3n Cultural\",\"url\":\"https:\/\/blogs.uninter.edu.mx\/difusioncultural\/\",\"logo\":{\"@type\":\"ImageObject\",\"inLanguage\":\"es\",\"@id\":\"https:\/\/blogs.uninter.edu.mx\/difusioncultural\/#\/schema\/logo\/image\/\",\"url\":\"https:\/\/blogs.uninter.edu.mx\/difusioncultural\/wp-content\/uploads\/2022\/09\/uninter.jpg\",\"contentUrl\":\"https:\/\/blogs.uninter.edu.mx\/difusioncultural\/wp-content\/uploads\/2022\/09\/uninter.jpg\",\"width\":2048,\"height\":2048,\"caption\":\"Difusi\u00f3n Cultural\"},\"image\":{\"@id\":\"https:\/\/blogs.uninter.edu.mx\/difusioncultural\/#\/schema\/logo\/image\/\"}},{\"@type\":\"Person\",\"@id\":\"https:\/\/blogs.uninter.edu.mx\/difusioncultural\/#\/schema\/person\/37a0926f4dd300a814993fd595abdc4a\",\"name\":\"webmaster\",\"image\":{\"@type\":\"ImageObject\",\"inLanguage\":\"es\",\"@id\":\"https:\/\/blogs.uninter.edu.mx\/difusioncultural\/#\/schema\/person\/image\/\",\"url\":\"https:\/\/secure.gravatar.com\/avatar\/a59c276b01147463ef3aab4118e3137ebc5e1ad6700deb39ccdf8b89e517f7dc?s=96&d=mm&r=g\",\"contentUrl\":\"https:\/\/secure.gravatar.com\/avatar\/a59c276b01147463ef3aab4118e3137ebc5e1ad6700deb39ccdf8b89e517f7dc?s=96&d=mm&r=g\",\"caption\":\"webmaster\"},\"sameAs\":[\"https:\/\/blogs.uninter.edu.mx\/difusioncultural\"],\"url\":\"https:\/\/blogs.uninter.edu.mx\/difusioncultural\/?author=1\"}]}<\/script>\r\n<!-- \/ Yoast SEO plugin. -->","yoast_head_json":{"title":"Arteterapia - Difusi\u00f3n Cultural","robots":{"index":"index","follow":"follow","max-snippet":"max-snippet:-1","max-image-preview":"max-image-preview:large","max-video-preview":"max-video-preview:-1"},"canonical":"https:\/\/blogs.uninter.edu.mx\/difusioncultural\/?p=3477","og_locale":"es_MX","og_type":"article","og_title":"Arteterapia - Difusi\u00f3n Cultural","og_description":"\u00bfQU\u00c9 ES ARTETERAPIA? Es la utilizaci\u00f3n de t\u00e9cnicas art\u00edsticas, para el auto-conocimiento, el desarrollo personal, la mejora de la salud y la calidad de vida. La Psicolog\u00eda Humanista considera que el ser humano sano es aquel que desarrolla todo su potencial, lo cual incluye la creatividad. La arte-terapia, es la utilizaci\u00f3n de la expresi\u00f3n art\u00edstica&hellip;","og_url":"https:\/\/blogs.uninter.edu.mx\/difusioncultural\/?p=3477","og_site_name":"Difusi\u00f3n Cultural","article_published_time":"2015-03-09T19:45:00+00:00","og_image":[{"width":591,"height":591,"url":"https:\/\/blogs.uninter.edu.mx\/difusioncultural\/wp-content\/uploads\/2015\/03\/arteterapia.jpg","type":"image\/jpeg"}],"author":"webmaster","twitter_card":"summary_large_image","twitter_misc":{"Escrito por":"webmaster","Tiempo de lectura":"3 minutos"},"schema":{"@context":"https:\/\/schema.org","@graph":[{"@type":"Article","@id":"https:\/\/blogs.uninter.edu.mx\/difusioncultural\/?p=3477#article","isPartOf":{"@id":"https:\/\/blogs.uninter.edu.mx\/difusioncultural\/?p=3477"},"author":{"name":"webmaster","@id":"https:\/\/blogs.uninter.edu.mx\/difusioncultural\/#\/schema\/person\/37a0926f4dd300a814993fd595abdc4a"},"headline":"Arteterapia","datePublished":"2015-03-09T19:45:00+00:00","mainEntityOfPage":{"@id":"https:\/\/blogs.uninter.edu.mx\/difusioncultural\/?p=3477"},"wordCount":603,"publisher":{"@id":"https:\/\/blogs.uninter.edu.mx\/difusioncultural\/#organization"},"image":{"@id":"https:\/\/blogs.uninter.edu.mx\/difusioncultural\/?p=3477#primaryimage"},"thumbnailUrl":"https:\/\/blogs.uninter.edu.mx\/difusioncultural\/wp-content\/uploads\/2015\/03\/arteterapia.jpg","keywords":["acontecimientos","bachillerato","becas culturales","cultura","cultura de la paz","difusi\u00f3n cultural","estudiantes","eventos","festejos","festejos patrios uninter","Filarm\u00f3nica de Cuernavaca","historia","intercambios","Jornada Cultural","licenciatura","maestria","Mexico","m\u00fasica","musicoterapia","personajes","posgrado","prepa","promoci\u00f3n","salud","secundaria","spanish school","talleres","talleres culturales","tradiciones","turismo","uninter","universidad internacional"],"inLanguage":"es"},{"@type":"WebPage","@id":"https:\/\/blogs.uninter.edu.mx\/difusioncultural\/?p=3477","url":"https:\/\/blogs.uninter.edu.mx\/difusioncultural\/?p=3477","name":"Arteterapia - Difusi\u00f3n Cultural","isPartOf":{"@id":"https:\/\/blogs.uninter.edu.mx\/difusioncultural\/#website"},"primaryImageOfPage":{"@id":"https:\/\/blogs.uninter.edu.mx\/difusioncultural\/?p=3477#primaryimage"},"image":{"@id":"https:\/\/blogs.uninter.edu.mx\/difusioncultural\/?p=3477#primaryimage"},"thumbnailUrl":"https:\/\/blogs.uninter.edu.mx\/difusioncultural\/wp-content\/uploads\/2015\/03\/arteterapia.jpg","datePublished":"2015-03-09T19:45:00+00:00","breadcrumb":{"@id":"https:\/\/blogs.uninter.edu.mx\/difusioncultural\/?p=3477#breadcrumb"},"inLanguage":"es","potentialAction":[{"@type":"ReadAction","target":["https:\/\/blogs.uninter.edu.mx\/difusioncultural\/?p=3477"]}]},{"@type":"ImageObject","inLanguage":"es","@id":"https:\/\/blogs.uninter.edu.mx\/difusioncultural\/?p=3477#primaryimage","url":"https:\/\/blogs.uninter.edu.mx\/difusioncultural\/wp-content\/uploads\/2015\/03\/arteterapia.jpg","contentUrl":"https:\/\/blogs.uninter.edu.mx\/difusioncultural\/wp-content\/uploads\/2015\/03\/arteterapia.jpg","width":591,"height":591},{"@type":"BreadcrumbList","@id":"https:\/\/blogs.uninter.edu.mx\/difusioncultural\/?p=3477#breadcrumb","itemListElement":[{"@type":"ListItem","position":1,"name":"Inicio","item":"https:\/\/blogs.uninter.edu.mx\/difusioncultural\/"},{"@type":"ListItem","position":2,"name":"Arteterapia"}]},{"@type":"WebSite","@id":"https:\/\/blogs.uninter.edu.mx\/difusioncultural\/#website","url":"https:\/\/blogs.uninter.edu.mx\/difusioncultural\/","name":"Difusi\u00f3n Cultural","description":"UNINTER","publisher":{"@id":"https:\/\/blogs.uninter.edu.mx\/difusioncultural\/#organization"},"potentialAction":[{"@type":"SearchAction","target":{"@type":"EntryPoint","urlTemplate":"https:\/\/blogs.uninter.edu.mx\/difusioncultural\/?s={search_term_string}"},"query-input":{"@type":"PropertyValueSpecification","valueRequired":true,"valueName":"search_term_string"}}],"inLanguage":"es"},{"@type":"Organization","@id":"https:\/\/blogs.uninter.edu.mx\/difusioncultural\/#organization","name":"Difusi\u00f3n Cultural","url":"https:\/\/blogs.uninter.edu.mx\/difusioncultural\/","logo":{"@type":"ImageObject","inLanguage":"es","@id":"https:\/\/blogs.uninter.edu.mx\/difusioncultural\/#\/schema\/logo\/image\/","url":"https:\/\/blogs.uninter.edu.mx\/difusioncultural\/wp-content\/uploads\/2022\/09\/uninter.jpg","contentUrl":"https:\/\/blogs.uninter.edu.mx\/difusioncultural\/wp-content\/uploads\/2022\/09\/uninter.jpg","width":2048,"height":2048,"caption":"Difusi\u00f3n Cultural"},"image":{"@id":"https:\/\/blogs.uninter.edu.mx\/difusioncultural\/#\/schema\/logo\/image\/"}},{"@type":"Person","@id":"https:\/\/blogs.uninter.edu.mx\/difusioncultural\/#\/schema\/person\/37a0926f4dd300a814993fd595abdc4a","name":"webmaster","image":{"@type":"ImageObject","inLanguage":"es","@id":"https:\/\/blogs.uninter.edu.mx\/difusioncultural\/#\/schema\/person\/image\/","url":"https:\/\/secure.gravatar.com\/avatar\/a59c276b01147463ef3aab4118e3137ebc5e1ad6700deb39ccdf8b89e517f7dc?s=96&d=mm&r=g","contentUrl":"https:\/\/secure.gravatar.com\/avatar\/a59c276b01147463ef3aab4118e3137ebc5e1ad6700deb39ccdf8b89e517f7dc?s=96&d=mm&r=g","caption":"webmaster"},"sameAs":["https:\/\/blogs.uninter.edu.mx\/difusioncultural"],"url":"https:\/\/blogs.uninter.edu.mx\/difusioncultural\/?author=1"}]}},"jetpack_publicize_connections":[],"jetpack_featured_media_url":"https:\/\/blogs.uninter.edu.mx\/difusioncultural\/wp-content\/uploads\/2015\/03\/arteterapia.jpg","jetpack_sharing_enabled":true,"_links":{"self":[{"href":"https:\/\/blogs.uninter.edu.mx\/difusioncultural\/index.php?rest_route=\/wp\/v2\/posts\/3477","targetHints":{"allow":["GET"]}}],"collection":[{"href":"https:\/\/blogs.uninter.edu.mx\/difusioncultural\/index.php?rest_route=\/wp\/v2\/posts"}],"about":[{"href":"https:\/\/blogs.uninter.edu.mx\/difusioncultural\/index.php?rest_route=\/wp\/v2\/types\/post"}],"author":[{"embeddable":true,"href":"https:\/\/blogs.uninter.edu.mx\/difusioncultural\/index.php?rest_route=\/wp\/v2\/users\/1"}],"replies":[{"embeddable":true,"href":"https:\/\/blogs.uninter.edu.mx\/difusioncultural\/index.php?rest_route=%2Fwp%2Fv2%2Fcomments&post=3477"}],"version-history":[{"count":0,"href":"https:\/\/blogs.uninter.edu.mx\/difusioncultural\/index.php?rest_route=\/wp\/v2\/posts\/3477\/revisions"}],"wp:featuredmedia":[{"embeddable":true,"href":"https:\/\/blogs.uninter.edu.mx\/difusioncultural\/index.php?rest_route=\/wp\/v2\/media\/3483"}],"wp:attachment":[{"href":"https:\/\/blogs.uninter.edu.mx\/difusioncultural\/index.php?rest_route=%2Fwp%2Fv2%2Fmedia&parent=3477"}],"wp:term":[{"taxonomy":"category","embeddable":true,"href":"https:\/\/blogs.uninter.edu.mx\/difusioncultural\/index.php?rest_route=%2Fwp%2Fv2%2Fcategories&post=3477"},{"taxonomy":"post_tag","embeddable":true,"href":"https:\/\/blogs.uninter.edu.mx\/difusioncultural\/index.php?rest_route=%2Fwp%2Fv2%2Ftags&post=3477"}],"curies":[{"name":"wp","href":"https:\/\/api.w.org\/{rel}","templated":true}]}}