{"id":3515,"date":"2015-03-16T10:19:00","date_gmt":"2015-03-16T16:19:00","guid":{"rendered":"https:\/\/difusionculturaluninter.wordpress.com\/?p=3515"},"modified":"2015-03-16T10:19:00","modified_gmt":"2015-03-16T16:19:00","slug":"visita-el-museo-jumex-en-mexico-df","status":"publish","type":"post","link":"https:\/\/blogs.uninter.edu.mx\/difusioncultural\/?p=3515","title":{"rendered":"Visita el Museo Jumex, en M\u00e9xico DF"},"content":{"rendered":"<p class=\"Cuerpo2\"><a href=\"https:\/\/blogs.uninter.edu.mx\/difusioncultural\/wp-content\/uploads\/2015\/03\/131114_349-52e14c98e6afb.jpg\"><img fetchpriority=\"high\" decoding=\"async\" class=\" size-medium wp-image-3517 aligncenter\" src=\"https:\/\/blogs.uninter.edu.mx\/difusioncultural\/wp-content\/uploads\/2015\/03\/131114_349-52e14c98e6afb.jpg?w=300\" alt=\"131114_349-52e14c98e6afb\" width=\"300\" height=\"193\" \/><\/a><\/p>\n<p class=\"Cuerpo2\">La colecci\u00f3n de arte contempor\u00e1neo que Eugenio L\u00f3pez Alonso inici\u00f3 en los noventa es una de las m\u00e1s grandes e importantes de Latinoam\u00e9rica. A partir de noviembre de 2013 se acerc\u00f3 a los capitalinos en una nueva sede que funge como la principal ventana de exposici\u00f3n de la Fundaci\u00f3n Jumex Arte Contempor\u00e1neo (FJAC).<\/p>\n<p class=\"Cuerpo2\">El arquitecto brit\u00e1nico David Chipperfield, quien form\u00f3 parte del equipo para el Tate Modern y el Museo fluvial y del remo de Henley-on-Thames, dise\u00f1\u00f3 este edificio, el primero que realiza en Latinoam\u00e9rica. Su proyecto busc\u00f3 integrar al entorno con el edificio, con espacios abiertos y un techo escalonado que aprovecha la luz natural. El museo est\u00e1 construido sobre un terreno de 2,500 metros cuadrados y se distribuye en cinco plantas que suman un poco m\u00e1s de 6,700 metros cuadrados.<\/p>\n<p class=\"CuerpoA\">La actual sede y galer\u00eda de Ecatepec no cierra sus puertas, seguir\u00e1 activa, pero con exposiciones m\u00e1s experimentales y pensadas espec\u00edficamente para el espacio. \u201cAh\u00ed vamos a presentar proyectos donde el contexto se convierta en el elemento rector, tanto el contexto inmediato de la planta de producci\u00f3n de Jumex como lo que implica estar en el municipio de Ecatepec, una zona industrial, de las m\u00e1s densamente pobladas del pa\u00eds\u201d, revel\u00f3 Patrick Charpenel, director de la Fundaci\u00f3n.<\/p>\n<p class=\"CuerpoA\">\u201cAdem\u00e1s, por cuestiones de espacio, en Ecatepec vamos a mantener la bodega y la biblioteca, la cual est\u00e1 creciendo mucho y queremos que se convierta en el centro de consulta sobre arte contempor\u00e1neo m\u00e1s importante de M\u00e9xico\u201d.<\/p>\n<p class=\"CuerpoA\">El museo inici\u00f3 con una muestra que recuper\u00f3 obras de la colecci\u00f3n, otra que se realiz\u00f3 en conjunto con el MoMA PS1 y revis\u00f3 la trayectoria del artista conceptual James Lee Byars, destacado por sus performances. Tambi\u00e9n inauur\u00f3 con una pieza comisionada a Dami\u00e1n Ortega para el patio del museo, \u201ces una pieza mec\u00e1nica que funciona como reloj en el piso, y a la vez es como un planetario mec\u00e1nico\u201d, detall\u00f3 Charpenel.<\/p>\n<p class=\"Cuerpo2\">Un cuarto proyecto fue la publicaci\u00f3n <em>Las ideas de Gamboa<\/em>, a partir de una investigaci\u00f3n de Mauricio Marcin donde estudia el rol del promotor cultural Fernando Gamboa en la actividad museogr\u00e1fica del pa\u00eds.<\/p>\n<p class=\"Cuerpo2\">Con este programa, Patrick Charpenel pretende reflejar cada parte de la estructura de la fundaci\u00f3n, y as\u00ed cambiar la percepci\u00f3n de que es s\u00f3lo una colecci\u00f3n: \u201cInsisto, somos mucho m\u00e1s, somos una instituci\u00f3n de arte contempor\u00e1neo, activa de muchas maneras. Desde el programa educativo, el \u00e1rea de investigaci\u00f3n, el programa de becas y patrocinios a artistas y las publicaciones que hacemos, con lo que tambi\u00e9n arrancamos una editorial\u201d.<\/p>\n<div class=\"map inner\">\n<h3>Detalles del foro<\/h3>\n<\/div>\n<div class=\"venueDetails forMap vcard\">\n<ul class=\"address adr\">\n<li><strong>Direcci\u00f3n:<\/strong><span class=\"street-address\">Miguel de Cervantes Saavedra 303<\/span><br \/>\n<span class=\"extended-address\">Ampliaci\u00f3n Granada<\/span><br \/>\n<span class=\"locality\">M\u00e9xico, DF<\/span><\/li>\n<\/ul>\n<ul>\n<li><strong>Tel\u00e9fono:<\/strong>\n<p class=\"tel\">5395 2615<\/p>\n<\/li>\n<li><strong>Sitio web:<\/strong><a class=\"url\" title=\"Museo Jumex\" href=\"http:\/\/fundacionjumex.org\/\" rel=\"external\">fundacionjumex.org<\/a><\/li>\n<li><strong>Horarios:<\/strong>Mar-dom 11am-9pm<\/li>\n<li><strong>Precio:<\/strong>$15 con credencia de estudiante, $30 entrada general, $50 extranjeros.<\/li>\n<\/ul>\n<\/div>\n","protected":false},"excerpt":{"rendered":"<p>La colecci\u00f3n de arte contempor\u00e1neo que Eugenio L\u00f3pez Alonso inici\u00f3 en los noventa es una de las m\u00e1s grandes e importantes de Latinoam\u00e9rica. A partir de noviembre de 2013 se acerc\u00f3 a los capitalinos en una nueva sede que funge como la principal ventana de exposici\u00f3n de la Fundaci\u00f3n Jumex Arte Contempor\u00e1neo (FJAC). El arquitecto&hellip;<\/p>\n","protected":false},"author":1,"featured_media":3516,"comment_status":"closed","ping_status":"open","sticky":false,"template":"","format":"standard","meta":{"_jetpack_memberships_contains_paid_content":false,"footnotes":"","jetpack_publicize_message":"","jetpack_publicize_feature_enabled":true,"jetpack_social_post_already_shared":false,"jetpack_social_options":{"image_generator_settings":{"template":"highway","default_image_id":0,"font":"","enabled":false},"version":2}},"categories":[1],"tags":[20,26,36,41,93,94,108,104,105,113,116,129,131,136,137,139,143,147,150,151,162,163,176,177,190,195,204,211,201,220,239,244,253,255,260,264],"class_list":["post-3515","post","type-post","status-publish","format-standard","has-post-thumbnail","hentry","category-sin-categoria","tag-15-de-septiembre","tag-acontecimientos","tag-bachillerato","tag-becas-culturales","tag-cultura","tag-cultura-de-la-paz","tag-dia-de-la-independencia-uninter","tag-dia-mundial-de-la-juventud","tag-dia-mundial-del-teatro","tag-difusion-cultural","tag-efemerides","tag-estudiantes","tag-eventos","tag-festejos","tag-festejos-patrios-uninter","tag-filarmonica-de-cuernavaca","tag-gastronomia","tag-guelaguetza","tag-hip-hop","tag-historia","tag-independencia-de-mexico","tag-intercambios","tag-jean-cocteau","tag-jornada-cultural","tag-licenciatura","tag-maestria","tag-mexico","tag-miss-uninter-2014","tag-musica","tag-musicoterapia","tag-oaxaca","tag-personajes","tag-posgrado","tag-prepa","tag-promocion","tag-reto-uninter"],"yoast_head":"<!-- This site is optimized with the Yoast SEO plugin v26.3 - https:\/\/yoast.com\/wordpress\/plugins\/seo\/ -->\r\n<title>Visita el Museo Jumex, en M\u00e9xico DF - Difusi\u00f3n Cultural<\/title>\r\n<meta name=\"robots\" content=\"index, follow, max-snippet:-1, max-image-preview:large, max-video-preview:-1\" \/>\r\n<link rel=\"canonical\" href=\"https:\/\/blogs.uninter.edu.mx\/difusioncultural\/?p=3515\" \/>\r\n<meta property=\"og:locale\" content=\"es_MX\" \/>\r\n<meta property=\"og:type\" content=\"article\" \/>\r\n<meta property=\"og:title\" content=\"Visita el Museo Jumex, en M\u00e9xico DF - Difusi\u00f3n Cultural\" \/>\r\n<meta property=\"og:description\" content=\"La colecci\u00f3n de arte contempor\u00e1neo que Eugenio L\u00f3pez Alonso inici\u00f3 en los noventa es una de las m\u00e1s grandes e importantes de Latinoam\u00e9rica. A partir de noviembre de 2013 se acerc\u00f3 a los capitalinos en una nueva sede que funge como la principal ventana de exposici\u00f3n de la Fundaci\u00f3n Jumex Arte Contempor\u00e1neo (FJAC). El arquitecto&hellip;\" \/>\r\n<meta property=\"og:url\" content=\"https:\/\/blogs.uninter.edu.mx\/difusioncultural\/?p=3515\" \/>\r\n<meta property=\"og:site_name\" content=\"Difusi\u00f3n Cultural\" \/>\r\n<meta property=\"article:published_time\" content=\"2015-03-16T16:19:00+00:00\" \/>\r\n<meta property=\"og:image\" content=\"https:\/\/blogs.uninter.edu.mx\/difusioncultural\/wp-content\/uploads\/2015\/03\/886_10_sm_130123_n3_website.jpg\" \/>\r\n\t<meta property=\"og:image:width\" content=\"1148\" \/>\r\n\t<meta property=\"og:image:height\" content=\"900\" \/>\r\n\t<meta property=\"og:image:type\" content=\"image\/jpeg\" \/>\r\n<meta name=\"author\" content=\"webmaster\" \/>\r\n<meta name=\"twitter:card\" content=\"summary_large_image\" \/>\r\n<meta name=\"twitter:label1\" content=\"Escrito por\" \/>\n\t<meta name=\"twitter:data1\" content=\"webmaster\" \/>\n\t<meta name=\"twitter:label2\" content=\"Tiempo de lectura\" \/>\n\t<meta name=\"twitter:data2\" content=\"2 minutos\" \/>\r\n<script type=\"application\/ld+json\" class=\"yoast-schema-graph\">{\"@context\":\"https:\/\/schema.org\",\"@graph\":[{\"@type\":\"Article\",\"@id\":\"https:\/\/blogs.uninter.edu.mx\/difusioncultural\/?p=3515#article\",\"isPartOf\":{\"@id\":\"https:\/\/blogs.uninter.edu.mx\/difusioncultural\/?p=3515\"},\"author\":{\"name\":\"webmaster\",\"@id\":\"https:\/\/blogs.uninter.edu.mx\/difusioncultural\/#\/schema\/person\/37a0926f4dd300a814993fd595abdc4a\"},\"headline\":\"Visita el Museo Jumex, en M\u00e9xico DF\",\"datePublished\":\"2015-03-16T16:19:00+00:00\",\"mainEntityOfPage\":{\"@id\":\"https:\/\/blogs.uninter.edu.mx\/difusioncultural\/?p=3515\"},\"wordCount\":496,\"publisher\":{\"@id\":\"https:\/\/blogs.uninter.edu.mx\/difusioncultural\/#organization\"},\"image\":{\"@id\":\"https:\/\/blogs.uninter.edu.mx\/difusioncultural\/?p=3515#primaryimage\"},\"thumbnailUrl\":\"https:\/\/blogs.uninter.edu.mx\/difusioncultural\/wp-content\/uploads\/2015\/03\/886_10_sm_130123_n3_website.jpg\",\"keywords\":[\"15 DE SEPTIEMBRE\",\"acontecimientos\",\"bachillerato\",\"becas culturales\",\"cultura\",\"cultura de la paz\",\"dia de la independencia uninter\",\"D\u00eda Mundial de la Juventud\",\"d\u00eda mundial del teatro\",\"difusi\u00f3n cultural\",\"efem\u00e9rides\",\"estudiantes\",\"eventos\",\"festejos\",\"festejos patrios uninter\",\"Filarm\u00f3nica de Cuernavaca\",\"gastronomia\",\"guelaguetza\",\"HIP HOP\",\"historia\",\"INDEPENDENCIA DE M\u00c9XICO\",\"intercambios\",\"jean cocteau\",\"Jornada Cultural\",\"licenciatura\",\"maestria\",\"Mexico\",\"Miss UNINTER 2014\",\"m\u00fasica\",\"musicoterapia\",\"oaxaca\",\"personajes\",\"posgrado\",\"prepa\",\"promoci\u00f3n\",\"reto uninter\"],\"inLanguage\":\"es\"},{\"@type\":\"WebPage\",\"@id\":\"https:\/\/blogs.uninter.edu.mx\/difusioncultural\/?p=3515\",\"url\":\"https:\/\/blogs.uninter.edu.mx\/difusioncultural\/?p=3515\",\"name\":\"Visita el Museo Jumex, en M\u00e9xico DF - Difusi\u00f3n Cultural\",\"isPartOf\":{\"@id\":\"https:\/\/blogs.uninter.edu.mx\/difusioncultural\/#website\"},\"primaryImageOfPage\":{\"@id\":\"https:\/\/blogs.uninter.edu.mx\/difusioncultural\/?p=3515#primaryimage\"},\"image\":{\"@id\":\"https:\/\/blogs.uninter.edu.mx\/difusioncultural\/?p=3515#primaryimage\"},\"thumbnailUrl\":\"https:\/\/blogs.uninter.edu.mx\/difusioncultural\/wp-content\/uploads\/2015\/03\/886_10_sm_130123_n3_website.jpg\",\"datePublished\":\"2015-03-16T16:19:00+00:00\",\"breadcrumb\":{\"@id\":\"https:\/\/blogs.uninter.edu.mx\/difusioncultural\/?p=3515#breadcrumb\"},\"inLanguage\":\"es\",\"potentialAction\":[{\"@type\":\"ReadAction\",\"target\":[\"https:\/\/blogs.uninter.edu.mx\/difusioncultural\/?p=3515\"]}]},{\"@type\":\"ImageObject\",\"inLanguage\":\"es\",\"@id\":\"https:\/\/blogs.uninter.edu.mx\/difusioncultural\/?p=3515#primaryimage\",\"url\":\"https:\/\/blogs.uninter.edu.mx\/difusioncultural\/wp-content\/uploads\/2015\/03\/886_10_sm_130123_n3_website.jpg\",\"contentUrl\":\"https:\/\/blogs.uninter.edu.mx\/difusioncultural\/wp-content\/uploads\/2015\/03\/886_10_sm_130123_n3_website.jpg\",\"width\":1148,\"height\":900},{\"@type\":\"BreadcrumbList\",\"@id\":\"https:\/\/blogs.uninter.edu.mx\/difusioncultural\/?p=3515#breadcrumb\",\"itemListElement\":[{\"@type\":\"ListItem\",\"position\":1,\"name\":\"Inicio\",\"item\":\"https:\/\/blogs.uninter.edu.mx\/difusioncultural\/\"},{\"@type\":\"ListItem\",\"position\":2,\"name\":\"Visita el Museo Jumex, en M\u00e9xico DF\"}]},{\"@type\":\"WebSite\",\"@id\":\"https:\/\/blogs.uninter.edu.mx\/difusioncultural\/#website\",\"url\":\"https:\/\/blogs.uninter.edu.mx\/difusioncultural\/\",\"name\":\"Difusi\u00f3n Cultural\",\"description\":\"UNINTER\",\"publisher\":{\"@id\":\"https:\/\/blogs.uninter.edu.mx\/difusioncultural\/#organization\"},\"potentialAction\":[{\"@type\":\"SearchAction\",\"target\":{\"@type\":\"EntryPoint\",\"urlTemplate\":\"https:\/\/blogs.uninter.edu.mx\/difusioncultural\/?s={search_term_string}\"},\"query-input\":{\"@type\":\"PropertyValueSpecification\",\"valueRequired\":true,\"valueName\":\"search_term_string\"}}],\"inLanguage\":\"es\"},{\"@type\":\"Organization\",\"@id\":\"https:\/\/blogs.uninter.edu.mx\/difusioncultural\/#organization\",\"name\":\"Difusi\u00f3n Cultural\",\"url\":\"https:\/\/blogs.uninter.edu.mx\/difusioncultural\/\",\"logo\":{\"@type\":\"ImageObject\",\"inLanguage\":\"es\",\"@id\":\"https:\/\/blogs.uninter.edu.mx\/difusioncultural\/#\/schema\/logo\/image\/\",\"url\":\"https:\/\/blogs.uninter.edu.mx\/difusioncultural\/wp-content\/uploads\/2022\/09\/uninter.jpg\",\"contentUrl\":\"https:\/\/blogs.uninter.edu.mx\/difusioncultural\/wp-content\/uploads\/2022\/09\/uninter.jpg\",\"width\":2048,\"height\":2048,\"caption\":\"Difusi\u00f3n Cultural\"},\"image\":{\"@id\":\"https:\/\/blogs.uninter.edu.mx\/difusioncultural\/#\/schema\/logo\/image\/\"}},{\"@type\":\"Person\",\"@id\":\"https:\/\/blogs.uninter.edu.mx\/difusioncultural\/#\/schema\/person\/37a0926f4dd300a814993fd595abdc4a\",\"name\":\"webmaster\",\"image\":{\"@type\":\"ImageObject\",\"inLanguage\":\"es\",\"@id\":\"https:\/\/blogs.uninter.edu.mx\/difusioncultural\/#\/schema\/person\/image\/\",\"url\":\"https:\/\/secure.gravatar.com\/avatar\/a59c276b01147463ef3aab4118e3137ebc5e1ad6700deb39ccdf8b89e517f7dc?s=96&d=mm&r=g\",\"contentUrl\":\"https:\/\/secure.gravatar.com\/avatar\/a59c276b01147463ef3aab4118e3137ebc5e1ad6700deb39ccdf8b89e517f7dc?s=96&d=mm&r=g\",\"caption\":\"webmaster\"},\"sameAs\":[\"https:\/\/blogs.uninter.edu.mx\/difusioncultural\"],\"url\":\"https:\/\/blogs.uninter.edu.mx\/difusioncultural\/?author=1\"}]}<\/script>\r\n<!-- \/ Yoast SEO plugin. -->","yoast_head_json":{"title":"Visita el Museo Jumex, en M\u00e9xico DF - Difusi\u00f3n Cultural","robots":{"index":"index","follow":"follow","max-snippet":"max-snippet:-1","max-image-preview":"max-image-preview:large","max-video-preview":"max-video-preview:-1"},"canonical":"https:\/\/blogs.uninter.edu.mx\/difusioncultural\/?p=3515","og_locale":"es_MX","og_type":"article","og_title":"Visita el Museo Jumex, en M\u00e9xico DF - Difusi\u00f3n Cultural","og_description":"La colecci\u00f3n de arte contempor\u00e1neo que Eugenio L\u00f3pez Alonso inici\u00f3 en los noventa es una de las m\u00e1s grandes e importantes de Latinoam\u00e9rica. A partir de noviembre de 2013 se acerc\u00f3 a los capitalinos en una nueva sede que funge como la principal ventana de exposici\u00f3n de la Fundaci\u00f3n Jumex Arte Contempor\u00e1neo (FJAC). El arquitecto&hellip;","og_url":"https:\/\/blogs.uninter.edu.mx\/difusioncultural\/?p=3515","og_site_name":"Difusi\u00f3n Cultural","article_published_time":"2015-03-16T16:19:00+00:00","og_image":[{"width":1148,"height":900,"url":"https:\/\/blogs.uninter.edu.mx\/difusioncultural\/wp-content\/uploads\/2015\/03\/886_10_sm_130123_n3_website.jpg","type":"image\/jpeg"}],"author":"webmaster","twitter_card":"summary_large_image","twitter_misc":{"Escrito por":"webmaster","Tiempo de lectura":"2 minutos"},"schema":{"@context":"https:\/\/schema.org","@graph":[{"@type":"Article","@id":"https:\/\/blogs.uninter.edu.mx\/difusioncultural\/?p=3515#article","isPartOf":{"@id":"https:\/\/blogs.uninter.edu.mx\/difusioncultural\/?p=3515"},"author":{"name":"webmaster","@id":"https:\/\/blogs.uninter.edu.mx\/difusioncultural\/#\/schema\/person\/37a0926f4dd300a814993fd595abdc4a"},"headline":"Visita el Museo Jumex, en M\u00e9xico DF","datePublished":"2015-03-16T16:19:00+00:00","mainEntityOfPage":{"@id":"https:\/\/blogs.uninter.edu.mx\/difusioncultural\/?p=3515"},"wordCount":496,"publisher":{"@id":"https:\/\/blogs.uninter.edu.mx\/difusioncultural\/#organization"},"image":{"@id":"https:\/\/blogs.uninter.edu.mx\/difusioncultural\/?p=3515#primaryimage"},"thumbnailUrl":"https:\/\/blogs.uninter.edu.mx\/difusioncultural\/wp-content\/uploads\/2015\/03\/886_10_sm_130123_n3_website.jpg","keywords":["15 DE SEPTIEMBRE","acontecimientos","bachillerato","becas culturales","cultura","cultura de la paz","dia de la independencia uninter","D\u00eda Mundial de la Juventud","d\u00eda mundial del teatro","difusi\u00f3n cultural","efem\u00e9rides","estudiantes","eventos","festejos","festejos patrios uninter","Filarm\u00f3nica de Cuernavaca","gastronomia","guelaguetza","HIP HOP","historia","INDEPENDENCIA DE M\u00c9XICO","intercambios","jean cocteau","Jornada Cultural","licenciatura","maestria","Mexico","Miss UNINTER 2014","m\u00fasica","musicoterapia","oaxaca","personajes","posgrado","prepa","promoci\u00f3n","reto uninter"],"inLanguage":"es"},{"@type":"WebPage","@id":"https:\/\/blogs.uninter.edu.mx\/difusioncultural\/?p=3515","url":"https:\/\/blogs.uninter.edu.mx\/difusioncultural\/?p=3515","name":"Visita el Museo Jumex, en M\u00e9xico DF - Difusi\u00f3n Cultural","isPartOf":{"@id":"https:\/\/blogs.uninter.edu.mx\/difusioncultural\/#website"},"primaryImageOfPage":{"@id":"https:\/\/blogs.uninter.edu.mx\/difusioncultural\/?p=3515#primaryimage"},"image":{"@id":"https:\/\/blogs.uninter.edu.mx\/difusioncultural\/?p=3515#primaryimage"},"thumbnailUrl":"https:\/\/blogs.uninter.edu.mx\/difusioncultural\/wp-content\/uploads\/2015\/03\/886_10_sm_130123_n3_website.jpg","datePublished":"2015-03-16T16:19:00+00:00","breadcrumb":{"@id":"https:\/\/blogs.uninter.edu.mx\/difusioncultural\/?p=3515#breadcrumb"},"inLanguage":"es","potentialAction":[{"@type":"ReadAction","target":["https:\/\/blogs.uninter.edu.mx\/difusioncultural\/?p=3515"]}]},{"@type":"ImageObject","inLanguage":"es","@id":"https:\/\/blogs.uninter.edu.mx\/difusioncultural\/?p=3515#primaryimage","url":"https:\/\/blogs.uninter.edu.mx\/difusioncultural\/wp-content\/uploads\/2015\/03\/886_10_sm_130123_n3_website.jpg","contentUrl":"https:\/\/blogs.uninter.edu.mx\/difusioncultural\/wp-content\/uploads\/2015\/03\/886_10_sm_130123_n3_website.jpg","width":1148,"height":900},{"@type":"BreadcrumbList","@id":"https:\/\/blogs.uninter.edu.mx\/difusioncultural\/?p=3515#breadcrumb","itemListElement":[{"@type":"ListItem","position":1,"name":"Inicio","item":"https:\/\/blogs.uninter.edu.mx\/difusioncultural\/"},{"@type":"ListItem","position":2,"name":"Visita el Museo Jumex, en M\u00e9xico DF"}]},{"@type":"WebSite","@id":"https:\/\/blogs.uninter.edu.mx\/difusioncultural\/#website","url":"https:\/\/blogs.uninter.edu.mx\/difusioncultural\/","name":"Difusi\u00f3n Cultural","description":"UNINTER","publisher":{"@id":"https:\/\/blogs.uninter.edu.mx\/difusioncultural\/#organization"},"potentialAction":[{"@type":"SearchAction","target":{"@type":"EntryPoint","urlTemplate":"https:\/\/blogs.uninter.edu.mx\/difusioncultural\/?s={search_term_string}"},"query-input":{"@type":"PropertyValueSpecification","valueRequired":true,"valueName":"search_term_string"}}],"inLanguage":"es"},{"@type":"Organization","@id":"https:\/\/blogs.uninter.edu.mx\/difusioncultural\/#organization","name":"Difusi\u00f3n Cultural","url":"https:\/\/blogs.uninter.edu.mx\/difusioncultural\/","logo":{"@type":"ImageObject","inLanguage":"es","@id":"https:\/\/blogs.uninter.edu.mx\/difusioncultural\/#\/schema\/logo\/image\/","url":"https:\/\/blogs.uninter.edu.mx\/difusioncultural\/wp-content\/uploads\/2022\/09\/uninter.jpg","contentUrl":"https:\/\/blogs.uninter.edu.mx\/difusioncultural\/wp-content\/uploads\/2022\/09\/uninter.jpg","width":2048,"height":2048,"caption":"Difusi\u00f3n Cultural"},"image":{"@id":"https:\/\/blogs.uninter.edu.mx\/difusioncultural\/#\/schema\/logo\/image\/"}},{"@type":"Person","@id":"https:\/\/blogs.uninter.edu.mx\/difusioncultural\/#\/schema\/person\/37a0926f4dd300a814993fd595abdc4a","name":"webmaster","image":{"@type":"ImageObject","inLanguage":"es","@id":"https:\/\/blogs.uninter.edu.mx\/difusioncultural\/#\/schema\/person\/image\/","url":"https:\/\/secure.gravatar.com\/avatar\/a59c276b01147463ef3aab4118e3137ebc5e1ad6700deb39ccdf8b89e517f7dc?s=96&d=mm&r=g","contentUrl":"https:\/\/secure.gravatar.com\/avatar\/a59c276b01147463ef3aab4118e3137ebc5e1ad6700deb39ccdf8b89e517f7dc?s=96&d=mm&r=g","caption":"webmaster"},"sameAs":["https:\/\/blogs.uninter.edu.mx\/difusioncultural"],"url":"https:\/\/blogs.uninter.edu.mx\/difusioncultural\/?author=1"}]}},"jetpack_publicize_connections":[],"jetpack_featured_media_url":"https:\/\/blogs.uninter.edu.mx\/difusioncultural\/wp-content\/uploads\/2015\/03\/886_10_sm_130123_n3_website.jpg","jetpack_sharing_enabled":true,"_links":{"self":[{"href":"https:\/\/blogs.uninter.edu.mx\/difusioncultural\/index.php?rest_route=\/wp\/v2\/posts\/3515","targetHints":{"allow":["GET"]}}],"collection":[{"href":"https:\/\/blogs.uninter.edu.mx\/difusioncultural\/index.php?rest_route=\/wp\/v2\/posts"}],"about":[{"href":"https:\/\/blogs.uninter.edu.mx\/difusioncultural\/index.php?rest_route=\/wp\/v2\/types\/post"}],"author":[{"embeddable":true,"href":"https:\/\/blogs.uninter.edu.mx\/difusioncultural\/index.php?rest_route=\/wp\/v2\/users\/1"}],"replies":[{"embeddable":true,"href":"https:\/\/blogs.uninter.edu.mx\/difusioncultural\/index.php?rest_route=%2Fwp%2Fv2%2Fcomments&post=3515"}],"version-history":[{"count":0,"href":"https:\/\/blogs.uninter.edu.mx\/difusioncultural\/index.php?rest_route=\/wp\/v2\/posts\/3515\/revisions"}],"wp:featuredmedia":[{"embeddable":true,"href":"https:\/\/blogs.uninter.edu.mx\/difusioncultural\/index.php?rest_route=\/wp\/v2\/media\/3516"}],"wp:attachment":[{"href":"https:\/\/blogs.uninter.edu.mx\/difusioncultural\/index.php?rest_route=%2Fwp%2Fv2%2Fmedia&parent=3515"}],"wp:term":[{"taxonomy":"category","embeddable":true,"href":"https:\/\/blogs.uninter.edu.mx\/difusioncultural\/index.php?rest_route=%2Fwp%2Fv2%2Fcategories&post=3515"},{"taxonomy":"post_tag","embeddable":true,"href":"https:\/\/blogs.uninter.edu.mx\/difusioncultural\/index.php?rest_route=%2Fwp%2Fv2%2Ftags&post=3515"}],"curies":[{"name":"wp","href":"https:\/\/api.w.org\/{rel}","templated":true}]}}