{"id":3526,"date":"2015-03-18T08:57:58","date_gmt":"2015-03-18T14:57:58","guid":{"rendered":"https:\/\/difusionculturaluninter.wordpress.com\/?p=3526"},"modified":"2015-03-18T08:57:58","modified_gmt":"2015-03-18T14:57:58","slug":"el-presidente-guadalupe-victoria-ordena-la-creacion-del-museo-nacional","status":"publish","type":"post","link":"https:\/\/blogs.uninter.edu.mx\/difusioncultural\/?p=3526","title":{"rendered":"El Presidente Guadalupe Victoria ordena la creaci\u00f3n del Museo Nacional."},"content":{"rendered":"<p>El 18 de marzo de 1825, el primer Presidente de M\u00e9xico, General Guadalupe Victoria, asesorado por Lucas Alam\u00e1n, dispuso la fundaci\u00f3n del Museo Nacional. Posteriormente el Emperador Maximiliano de Habsburgo, por medio de un decreto, establece en 1865 que las colecciones y objetos del M\u00e9xico prehisp\u00e1nico, y los de historia natural, fueran resguardados en este museo que antes alberg\u00f3 las llamadas \u201ccasas denegridas\u201d de Moctezuma II, donde se dice que el gobernante azteca meditaba sobre los asuntos de gravedad que estremec\u00edan a la gran Tenochtitlan.<\/p>\n<p>Este recinto, que a partir de 1965 alberga al Museo Nacional de las Culturas, fue tambi\u00e9n la primera Casa de Moneda durante la Colonia; aloj\u00f3 en la \u00e9poca juarista a la Suprema Corte de Justicia de la Naci\u00f3n y durante un siglo fue un centro importante de iniciativas para documentar la historia y realizar investigaciones sobre arqueolog\u00eda, etnograf\u00eda, historia y estudios que fundamentaron las exposiciones en sus salas, contribuyendo as\u00ed al desarrollo de la identidad nacional.<\/p>\n<p>Sus importantes colecciones dieron lugar a la fundaci\u00f3n de otros importantes museos como el primer Museo de Historia Natural en el edificio del Chopo, el Museo Nacional de Historia en el Castillo de Chapultepec en 1940, el Museo Nacional de Antropolog\u00eda en 1964.<\/p>\n<p>Al Museo Nacional de las Culturas le corresponde la labor de resguardar los objetos provenientes de diferentes culturas del mundo. Asimismo, responde a las pol\u00edticas del Estado mexicano para desarrollar, en las modalidades propias de un museo, temas universales sobre antiguas civilizaciones y culturas de diferentes latitudes del planeta.<\/p>\n<p><img fetchpriority=\"high\" decoding=\"async\" class=\" size-medium wp-image-3527 aligncenter\" src=\"https:\/\/blogs.uninter.edu.mx\/difusioncultural\/wp-content\/uploads\/2015\/03\/1tlaloc_museo_de_antropologc3ada_fsm_8146.jpg?w=300\" alt=\"1Tlaloc_Museo_de_Antropolog\u00eda_FSM_8146\" width=\"300\" height=\"213\" \/><\/p>\n<p><strong>25 datos necesarios para recorrer la historia de uno de los museos m\u00e1s importantes en M\u00e9xico.\u00a0<\/strong><\/p>\n<p>1.\u00a0En la Sala Teotihuac\u00e1n hay una<strong> r\u00e9plica del Templo de Quetzalc\u00f3atl<\/strong> que, de acuerdo con estudios arqueol\u00f3gicos, tiene el<strong> mismo color que el\u00a0edificio\u00a0original.\u00a0<\/strong><\/p>\n<p>2.\u00a0Adem\u00e1s de <strong>formar parte del proyecto de arte de Google<\/strong>, que integra\u00a0250 museos de todo el mundo, el Museo de Antropolog\u00eda tiene su propio sitio para realizar recorridos virtuales.<\/p>\n<p>3. El proyecto estuvo a cargo\u00a0<strong>del arquitecto mexicano Pedro Ram\u00edrez V\u00e1zquez<\/strong>, quien tambi\u00e9n particip\u00f3 en el dise\u00f1o del Estado Azteca (1966), el Museo de Arte Moderno (1964), as\u00ed como la imagen de los Juegos Ol\u00edmpicos de M\u00e9xico 1968.<\/p>\n<p>4.\u00a0La <strong>construcci\u00f3n del Museo de Antropolog\u00eda dur\u00f3 19 meses<\/strong>, entre febrero de 1963 y septiembre de 1964, durante el sexenio del expresidente Adolfo L\u00f3pez Mateos.<\/p>\n<p>5.\u00a0El <strong>arquitecto Ram\u00edrez V\u00e1zquez gan\u00f3\u00a0la\u00a0medalla de oro en la Bienal Internacional de\u00a0Arquitectura\u00a01965<\/strong>, realizada en Brasil, por los planos y fotograf\u00edas del museo presentados.<\/p>\n<p>6. Mientras se constru\u00eda el MNA, tambi\u00e9n se <strong>trasladaron piezas de varias regiones<\/strong> del pa\u00eds; entre ellas, el <strong>monolito de Tl\u00e1loc\u00a0(de 165 toneladas y siete metros de altura)<\/strong>, deidad de la lluvia, que el 16 de abril de 1964 fue transportado desde el poblado de Coatlichan, en el Estado de M\u00e9xico, hasta el museo.<\/p>\n<p>7.\u00a0En enero de 2013, el Instituto Nacional de Antropolog\u00eda e Historia (INAH) lanz\u00f3 el<strong>documental<em> La Piedra Ausente<\/em><\/strong>, el cual narra la <strong>haza\u00f1a que implic\u00f3 el traslado del monolito<\/strong> prehisp\u00e1nico jalado por dos tractocamiones.<\/p>\n<p><img decoding=\"async\" class=\"  wp-image-3528 alignleft\" src=\"https:\/\/blogs.uninter.edu.mx\/difusioncultural\/wp-content\/uploads\/2015\/03\/piedradelsol.jpg?w=300\" alt=\"piedradelsol\" width=\"124\" height=\"123\" \/>8. La\u00a0<strong>Piedra del Sol<\/strong> \u00a0\u2014 uno de los monolitos m\u00e1s antiguos de la cultura mexica,\u00a0que <strong>mide 3.60 metros de di\u00e1metro y pesa 24 toneladas<\/strong>\u2014 tambi\u00e9n\u00a0fue trasladada desde el Antiguo Museo Nacional hasta el MNA; hizo un recorrido por el Z\u00f3calo y Paseo de la Reforma.<\/p>\n<p>9. El <strong>escudo nacional<\/strong> ubicado en la explanada de acceso libre del museo fue <strong>esculpido sobre el m\u00e1rmol blanco de la fachada<\/strong> por el <strong>artista originario de Guanajuato, Jos\u00e9 Ch\u00e1vez Morado, <\/strong>uno de los \u00faltimos muralistas mexicanos.<\/p>\n<p>10. El ala derecha del vest\u00edbulo del museo <strong>fue sede de la Antigua Escuela Nacional de Antropolog\u00eda e Historia<\/strong>, que actualmente se ubica en el sur de la Ciudad de M\u00e9xico.<\/p>\n<p>11. El <strong>Cuadr\u00e1ngulo de las Monjas, en Uxmal,<\/strong> fue <strong>inspiraci\u00f3n para crear el concepto de patio central<\/strong> del museo, delimitado por edificios.<\/p>\n<p>12. <em>El Paraguas<\/em>, que est\u00e1 en el patio central del museo, est\u00e1 entre las <strong>\u201ccubiertas colgantes\u201d m\u00e1s grandes del mundo<\/strong>. Cubre una superficie de 84 por 52 cent\u00edmetros y es una <strong>fuente de ca\u00edda libre de agua.<\/strong>\u00a0Su cubierta es de bronce y los relieves fueron hechos por los hermanos Ch\u00e1vez Morado.<\/p>\n<p>13.\u00a0El museo ha sido sido la<strong> visita obligada de importantes personalidades<\/strong> en el mundo, como el presidente de Estados Unidos, <strong>Barack Obama, que en mayo de 2013 dio un\u00a0mensaje a un grupo de j\u00f3venes<\/strong>. En su discurso, Obama destac\u00f3 el legado cultural de Diego Rivera, Frida Khalo, Octavio Paz y Sor Juana In\u00e9s de la Cruz.<\/p>\n<p>14.\u00a0El museo est\u00e1 integrado por <strong>22 salas de exhibici\u00f3n<\/strong> sobre una <strong>superficie de 30 mil metros cuadrados.<\/strong><\/p>\n<p>15.\u00a0La <strong>Sala Mexica \u2014<\/strong>que resguarda algunas de las principales obras, como la Piedra del Sol y el monolito Teocalli de la Guerra Sagrada\u2014 fue creada como <strong>la principal del museo<\/strong>, por ello su techo alcanza los 6 metros de altura.<\/p>\n<p>16.\u00a0En el jard\u00edn de la\u00a0<strong>Sala Maya<\/strong> se puede apreciar una<strong> r\u00e9plica de los murales de la zona arqueol\u00f3gica maya de Bonampak<\/strong>, realizada por la artista guatemalteca\u00a0<strong>Rina Lazo, una muralista que fue \u2018mano derecha\u2019 de Diego Rivera<\/strong> en la elaboraci\u00f3n del mural \u201cSue\u00f1o de una tarde dominical en la Alameda Central\u201d, en el Hotel del Prado de la Ciudad de M\u00e9xico.<\/p>\n<p>17.\u00a0Para las salas etnogr\u00e1ficas, <strong>ind\u00edgenas construyeron r\u00e9plicas de su propio entorno<\/strong>: chozas, mobiliario, indumentaria.<\/p>\n<p><a href=\"http:\/\/static.animalpolitico.com\/wp-content\/uploads\/2014\/09\/5312_Campesinos-comida_1905b.jpg\"><img decoding=\"async\" class=\"wp-image-326671 kalooga_17197 alignright\" src=\"http:\/\/static.animalpolitico.com\/wp-content\/uploads\/2014\/09\/5312_Campesinos-comida_1905b.jpg\" alt=\"5312_Campesinos comida_1905b\" width=\"283\" height=\"208\" \/><\/a><\/p>\n<p>18. <strong>Rufino Tamayo<\/strong> elabor\u00f3 para el Museo de Antropolog\u00eda uno de sus <strong>murales m\u00e1s emblem\u00e1ticos<\/strong>: <strong>\u201cDualidad\u201d (1964),<\/strong>\u00a0donde aparecen <strong>Quetzalc\u00f3atl<\/strong> (simbolizando al bien, al d\u00eda) y un <strong>jaguar<\/strong> (que representa el mal y el inframundo).<\/p>\n<p>19. La<strong> colecci\u00f3n<\/strong> que ahora tiene el Museo de Antropolog\u00eda inici\u00f3 desde 1790, con el<strong>descubrimiento el 13 de agosto de la escultura de Coatlicue<\/strong>, mientras se realizaban trabajos de nivelaci\u00f3n en la Plaza Mayor de la ciudad; en diciembre de ese mismo a\u00f1o fue<strong>hallada la Piedra del Sol<\/strong>.<\/p>\n<p>20.\u00a0En<strong> 1825, durante la presidencia de Guadalupe Victoria<\/strong>, se anunci\u00f3 la<strong> creaci\u00f3n del Museo Nacional<\/strong>, antecesor del de Antropolog\u00eda e Historia, con una colecci\u00f3n integrada por la Coatlicue y la Piedra del Sol.<\/p>\n<p>21.\u00a0El Museo de Antropolog\u00eda es el m\u00e1s visitado en M\u00e9xico y en 2005 registr\u00f3 su r\u00e9cord de visitas, con 2 millones 328 mil personas.<\/p>\n<p>22.\u00a0Las principales materias primas del MNA: <strong>m\u00e1rmol, aluminio y cristal.\u00a0<\/strong><\/p>\n<p>23.\u00a0El <strong>museo se edific\u00f3 en una superficie de\u00a070 mil metros cuadrados<\/strong> en el Bosque de Chapultepec, ubicado sobre Reforma, una\u00a0avenida emblem\u00e1tica en la Ciudad de M\u00e9xico.<\/p>\n<p>24. El <strong>pionero del Bauhaus<\/strong> en M\u00e9xico, <strong>Mathias Goeritz<\/strong>, cre\u00f3 un <strong>biombo<\/strong> para el museo, inspirado en el simbolismo huichol.<\/p>\n<p>25.\u00a0Actualmente, e<strong>l MNA cuenta con 7 mil 761 piezas arqueol\u00f3gicas<\/strong> y 5 mil 765 objetos en la secci\u00f3n etnogr\u00e1fica.<\/p>\n","protected":false},"excerpt":{"rendered":"<p>El 18 de marzo de 1825, el primer Presidente de M\u00e9xico, General Guadalupe Victoria, asesorado por Lucas Alam\u00e1n, dispuso la fundaci\u00f3n del Museo Nacional. Posteriormente el Emperador Maximiliano de Habsburgo, por medio de un decreto, establece en 1865 que las colecciones y objetos del M\u00e9xico prehisp\u00e1nico, y los de historia natural, fueran resguardados en este&hellip;<\/p>\n","protected":false},"author":1,"featured_media":3529,"comment_status":"closed","ping_status":"open","sticky":false,"template":"","format":"standard","meta":{"_jetpack_memberships_contains_paid_content":false,"footnotes":"","jetpack_publicize_message":"","jetpack_publicize_feature_enabled":true,"jetpack_social_post_already_shared":false,"jetpack_social_options":{"image_generator_settings":{"template":"highway","default_image_id":0,"font":"","enabled":false},"version":2}},"categories":[1],"tags":[20,26,36,41,93,94,108,104,105,113,116,129,131,136,137,139,143,147,150,151,162,163,176,177,190,195,204,211,201,220,239,244,253,255,260,264,265,271,272,277,280,286,287,294,295,296,298,299,303,305,313],"class_list":["post-3526","post","type-post","status-publish","format-standard","has-post-thumbnail","hentry","category-sin-categoria","tag-15-de-septiembre","tag-acontecimientos","tag-bachillerato","tag-becas-culturales","tag-cultura","tag-cultura-de-la-paz","tag-dia-de-la-independencia-uninter","tag-dia-mundial-de-la-juventud","tag-dia-mundial-del-teatro","tag-difusion-cultural","tag-efemerides","tag-estudiantes","tag-eventos","tag-festejos","tag-festejos-patrios-uninter","tag-filarmonica-de-cuernavaca","tag-gastronomia","tag-guelaguetza","tag-hip-hop","tag-historia","tag-independencia-de-mexico","tag-intercambios","tag-jean-cocteau","tag-jornada-cultural","tag-licenciatura","tag-maestria","tag-mexico","tag-miss-uninter-2014","tag-musica","tag-musicoterapia","tag-oaxaca","tag-personajes","tag-posgrado","tag-prepa","tag-promocion","tag-reto-uninter","tag-revolucion-mexicana","tag-salud","tag-san-valentin","tag-secundaria","tag-spanish-school","tag-talleres","tag-talleres-culturales","tag-tradiciones","tag-tradiciones-meicanas","tag-tradiciones-mexicanas","tag-turismo","tag-un-dia-como-hoy","tag-uninter","tag-universidad-internacional","tag-videos"],"yoast_head":"<!-- This site is optimized with the Yoast SEO plugin v26.3 - https:\/\/yoast.com\/wordpress\/plugins\/seo\/ -->\r\n<title>El Presidente Guadalupe Victoria ordena la creaci\u00f3n del Museo Nacional. - Difusi\u00f3n Cultural<\/title>\r\n<meta name=\"robots\" content=\"index, follow, max-snippet:-1, max-image-preview:large, max-video-preview:-1\" \/>\r\n<link rel=\"canonical\" href=\"https:\/\/blogs.uninter.edu.mx\/difusioncultural\/?p=3526\" \/>\r\n<meta property=\"og:locale\" content=\"es_MX\" \/>\r\n<meta property=\"og:type\" content=\"article\" \/>\r\n<meta property=\"og:title\" content=\"El Presidente Guadalupe Victoria ordena la creaci\u00f3n del Museo Nacional. - Difusi\u00f3n Cultural\" \/>\r\n<meta property=\"og:description\" content=\"El 18 de marzo de 1825, el primer Presidente de M\u00e9xico, General Guadalupe Victoria, asesorado por Lucas Alam\u00e1n, dispuso la fundaci\u00f3n del Museo Nacional. Posteriormente el Emperador Maximiliano de Habsburgo, por medio de un decreto, establece en 1865 que las colecciones y objetos del M\u00e9xico prehisp\u00e1nico, y los de historia natural, fueran resguardados en este&hellip;\" \/>\r\n<meta property=\"og:url\" content=\"https:\/\/blogs.uninter.edu.mx\/difusioncultural\/?p=3526\" \/>\r\n<meta property=\"og:site_name\" content=\"Difusi\u00f3n Cultural\" \/>\r\n<meta property=\"article:published_time\" content=\"2015-03-18T14:57:58+00:00\" \/>\r\n<meta property=\"og:image\" content=\"https:\/\/blogs.uninter.edu.mx\/difusioncultural\/wp-content\/uploads\/2015\/03\/museo_antropologia.jpg\" \/>\r\n\t<meta property=\"og:image:width\" content=\"400\" \/>\r\n\t<meta property=\"og:image:height\" content=\"300\" \/>\r\n\t<meta property=\"og:image:type\" content=\"image\/jpeg\" \/>\r\n<meta name=\"author\" content=\"webmaster\" \/>\r\n<meta name=\"twitter:card\" content=\"summary_large_image\" \/>\r\n<meta name=\"twitter:label1\" content=\"Escrito por\" \/>\n\t<meta name=\"twitter:data1\" content=\"webmaster\" \/>\n\t<meta name=\"twitter:label2\" content=\"Tiempo de lectura\" \/>\n\t<meta name=\"twitter:data2\" content=\"6 minutos\" \/>\r\n<script type=\"application\/ld+json\" class=\"yoast-schema-graph\">{\"@context\":\"https:\/\/schema.org\",\"@graph\":[{\"@type\":\"Article\",\"@id\":\"https:\/\/blogs.uninter.edu.mx\/difusioncultural\/?p=3526#article\",\"isPartOf\":{\"@id\":\"https:\/\/blogs.uninter.edu.mx\/difusioncultural\/?p=3526\"},\"author\":{\"name\":\"webmaster\",\"@id\":\"https:\/\/blogs.uninter.edu.mx\/difusioncultural\/#\/schema\/person\/37a0926f4dd300a814993fd595abdc4a\"},\"headline\":\"El Presidente Guadalupe Victoria ordena la creaci\u00f3n del Museo Nacional.\",\"datePublished\":\"2015-03-18T14:57:58+00:00\",\"mainEntityOfPage\":{\"@id\":\"https:\/\/blogs.uninter.edu.mx\/difusioncultural\/?p=3526\"},\"wordCount\":1152,\"publisher\":{\"@id\":\"https:\/\/blogs.uninter.edu.mx\/difusioncultural\/#organization\"},\"image\":{\"@id\":\"https:\/\/blogs.uninter.edu.mx\/difusioncultural\/?p=3526#primaryimage\"},\"thumbnailUrl\":\"https:\/\/blogs.uninter.edu.mx\/difusioncultural\/wp-content\/uploads\/2015\/03\/museo_antropologia.jpg\",\"keywords\":[\"15 DE SEPTIEMBRE\",\"acontecimientos\",\"bachillerato\",\"becas culturales\",\"cultura\",\"cultura de la paz\",\"dia de la independencia uninter\",\"D\u00eda Mundial de la Juventud\",\"d\u00eda mundial del teatro\",\"difusi\u00f3n cultural\",\"efem\u00e9rides\",\"estudiantes\",\"eventos\",\"festejos\",\"festejos patrios uninter\",\"Filarm\u00f3nica de Cuernavaca\",\"gastronomia\",\"guelaguetza\",\"HIP HOP\",\"historia\",\"INDEPENDENCIA DE M\u00c9XICO\",\"intercambios\",\"jean cocteau\",\"Jornada Cultural\",\"licenciatura\",\"maestria\",\"Mexico\",\"Miss UNINTER 2014\",\"m\u00fasica\",\"musicoterapia\",\"oaxaca\",\"personajes\",\"posgrado\",\"prepa\",\"promoci\u00f3n\",\"reto uninter\",\"revoluci\u00f3n mexicana\",\"salud\",\"san valentin\",\"secundaria\",\"spanish school\",\"talleres\",\"talleres culturales\",\"tradiciones\",\"tradiciones meicanas\",\"tradiciones mexicanas\",\"turismo\",\"un dia como hoy\",\"uninter\",\"universidad internacional\",\"videos\"],\"inLanguage\":\"es\"},{\"@type\":\"WebPage\",\"@id\":\"https:\/\/blogs.uninter.edu.mx\/difusioncultural\/?p=3526\",\"url\":\"https:\/\/blogs.uninter.edu.mx\/difusioncultural\/?p=3526\",\"name\":\"El Presidente Guadalupe Victoria ordena la creaci\u00f3n del Museo Nacional. - Difusi\u00f3n Cultural\",\"isPartOf\":{\"@id\":\"https:\/\/blogs.uninter.edu.mx\/difusioncultural\/#website\"},\"primaryImageOfPage\":{\"@id\":\"https:\/\/blogs.uninter.edu.mx\/difusioncultural\/?p=3526#primaryimage\"},\"image\":{\"@id\":\"https:\/\/blogs.uninter.edu.mx\/difusioncultural\/?p=3526#primaryimage\"},\"thumbnailUrl\":\"https:\/\/blogs.uninter.edu.mx\/difusioncultural\/wp-content\/uploads\/2015\/03\/museo_antropologia.jpg\",\"datePublished\":\"2015-03-18T14:57:58+00:00\",\"breadcrumb\":{\"@id\":\"https:\/\/blogs.uninter.edu.mx\/difusioncultural\/?p=3526#breadcrumb\"},\"inLanguage\":\"es\",\"potentialAction\":[{\"@type\":\"ReadAction\",\"target\":[\"https:\/\/blogs.uninter.edu.mx\/difusioncultural\/?p=3526\"]}]},{\"@type\":\"ImageObject\",\"inLanguage\":\"es\",\"@id\":\"https:\/\/blogs.uninter.edu.mx\/difusioncultural\/?p=3526#primaryimage\",\"url\":\"https:\/\/blogs.uninter.edu.mx\/difusioncultural\/wp-content\/uploads\/2015\/03\/museo_antropologia.jpg\",\"contentUrl\":\"https:\/\/blogs.uninter.edu.mx\/difusioncultural\/wp-content\/uploads\/2015\/03\/museo_antropologia.jpg\",\"width\":400,\"height\":300},{\"@type\":\"BreadcrumbList\",\"@id\":\"https:\/\/blogs.uninter.edu.mx\/difusioncultural\/?p=3526#breadcrumb\",\"itemListElement\":[{\"@type\":\"ListItem\",\"position\":1,\"name\":\"Inicio\",\"item\":\"https:\/\/blogs.uninter.edu.mx\/difusioncultural\/\"},{\"@type\":\"ListItem\",\"position\":2,\"name\":\"El Presidente Guadalupe Victoria ordena la creaci\u00f3n del Museo Nacional.\"}]},{\"@type\":\"WebSite\",\"@id\":\"https:\/\/blogs.uninter.edu.mx\/difusioncultural\/#website\",\"url\":\"https:\/\/blogs.uninter.edu.mx\/difusioncultural\/\",\"name\":\"Difusi\u00f3n Cultural\",\"description\":\"UNINTER\",\"publisher\":{\"@id\":\"https:\/\/blogs.uninter.edu.mx\/difusioncultural\/#organization\"},\"potentialAction\":[{\"@type\":\"SearchAction\",\"target\":{\"@type\":\"EntryPoint\",\"urlTemplate\":\"https:\/\/blogs.uninter.edu.mx\/difusioncultural\/?s={search_term_string}\"},\"query-input\":{\"@type\":\"PropertyValueSpecification\",\"valueRequired\":true,\"valueName\":\"search_term_string\"}}],\"inLanguage\":\"es\"},{\"@type\":\"Organization\",\"@id\":\"https:\/\/blogs.uninter.edu.mx\/difusioncultural\/#organization\",\"name\":\"Difusi\u00f3n Cultural\",\"url\":\"https:\/\/blogs.uninter.edu.mx\/difusioncultural\/\",\"logo\":{\"@type\":\"ImageObject\",\"inLanguage\":\"es\",\"@id\":\"https:\/\/blogs.uninter.edu.mx\/difusioncultural\/#\/schema\/logo\/image\/\",\"url\":\"https:\/\/blogs.uninter.edu.mx\/difusioncultural\/wp-content\/uploads\/2022\/09\/uninter.jpg\",\"contentUrl\":\"https:\/\/blogs.uninter.edu.mx\/difusioncultural\/wp-content\/uploads\/2022\/09\/uninter.jpg\",\"width\":2048,\"height\":2048,\"caption\":\"Difusi\u00f3n Cultural\"},\"image\":{\"@id\":\"https:\/\/blogs.uninter.edu.mx\/difusioncultural\/#\/schema\/logo\/image\/\"}},{\"@type\":\"Person\",\"@id\":\"https:\/\/blogs.uninter.edu.mx\/difusioncultural\/#\/schema\/person\/37a0926f4dd300a814993fd595abdc4a\",\"name\":\"webmaster\",\"image\":{\"@type\":\"ImageObject\",\"inLanguage\":\"es\",\"@id\":\"https:\/\/blogs.uninter.edu.mx\/difusioncultural\/#\/schema\/person\/image\/\",\"url\":\"https:\/\/secure.gravatar.com\/avatar\/a59c276b01147463ef3aab4118e3137ebc5e1ad6700deb39ccdf8b89e517f7dc?s=96&d=mm&r=g\",\"contentUrl\":\"https:\/\/secure.gravatar.com\/avatar\/a59c276b01147463ef3aab4118e3137ebc5e1ad6700deb39ccdf8b89e517f7dc?s=96&d=mm&r=g\",\"caption\":\"webmaster\"},\"sameAs\":[\"https:\/\/blogs.uninter.edu.mx\/difusioncultural\"],\"url\":\"https:\/\/blogs.uninter.edu.mx\/difusioncultural\/?author=1\"}]}<\/script>\r\n<!-- \/ Yoast SEO plugin. -->","yoast_head_json":{"title":"El Presidente Guadalupe Victoria ordena la creaci\u00f3n del Museo Nacional. - Difusi\u00f3n Cultural","robots":{"index":"index","follow":"follow","max-snippet":"max-snippet:-1","max-image-preview":"max-image-preview:large","max-video-preview":"max-video-preview:-1"},"canonical":"https:\/\/blogs.uninter.edu.mx\/difusioncultural\/?p=3526","og_locale":"es_MX","og_type":"article","og_title":"El Presidente Guadalupe Victoria ordena la creaci\u00f3n del Museo Nacional. - Difusi\u00f3n Cultural","og_description":"El 18 de marzo de 1825, el primer Presidente de M\u00e9xico, General Guadalupe Victoria, asesorado por Lucas Alam\u00e1n, dispuso la fundaci\u00f3n del Museo Nacional. Posteriormente el Emperador Maximiliano de Habsburgo, por medio de un decreto, establece en 1865 que las colecciones y objetos del M\u00e9xico prehisp\u00e1nico, y los de historia natural, fueran resguardados en este&hellip;","og_url":"https:\/\/blogs.uninter.edu.mx\/difusioncultural\/?p=3526","og_site_name":"Difusi\u00f3n Cultural","article_published_time":"2015-03-18T14:57:58+00:00","og_image":[{"width":400,"height":300,"url":"https:\/\/blogs.uninter.edu.mx\/difusioncultural\/wp-content\/uploads\/2015\/03\/museo_antropologia.jpg","type":"image\/jpeg"}],"author":"webmaster","twitter_card":"summary_large_image","twitter_misc":{"Escrito por":"webmaster","Tiempo de lectura":"6 minutos"},"schema":{"@context":"https:\/\/schema.org","@graph":[{"@type":"Article","@id":"https:\/\/blogs.uninter.edu.mx\/difusioncultural\/?p=3526#article","isPartOf":{"@id":"https:\/\/blogs.uninter.edu.mx\/difusioncultural\/?p=3526"},"author":{"name":"webmaster","@id":"https:\/\/blogs.uninter.edu.mx\/difusioncultural\/#\/schema\/person\/37a0926f4dd300a814993fd595abdc4a"},"headline":"El Presidente Guadalupe Victoria ordena la creaci\u00f3n del Museo Nacional.","datePublished":"2015-03-18T14:57:58+00:00","mainEntityOfPage":{"@id":"https:\/\/blogs.uninter.edu.mx\/difusioncultural\/?p=3526"},"wordCount":1152,"publisher":{"@id":"https:\/\/blogs.uninter.edu.mx\/difusioncultural\/#organization"},"image":{"@id":"https:\/\/blogs.uninter.edu.mx\/difusioncultural\/?p=3526#primaryimage"},"thumbnailUrl":"https:\/\/blogs.uninter.edu.mx\/difusioncultural\/wp-content\/uploads\/2015\/03\/museo_antropologia.jpg","keywords":["15 DE SEPTIEMBRE","acontecimientos","bachillerato","becas culturales","cultura","cultura de la paz","dia de la independencia uninter","D\u00eda Mundial de la Juventud","d\u00eda mundial del teatro","difusi\u00f3n cultural","efem\u00e9rides","estudiantes","eventos","festejos","festejos patrios uninter","Filarm\u00f3nica de Cuernavaca","gastronomia","guelaguetza","HIP HOP","historia","INDEPENDENCIA DE M\u00c9XICO","intercambios","jean cocteau","Jornada Cultural","licenciatura","maestria","Mexico","Miss UNINTER 2014","m\u00fasica","musicoterapia","oaxaca","personajes","posgrado","prepa","promoci\u00f3n","reto uninter","revoluci\u00f3n mexicana","salud","san valentin","secundaria","spanish school","talleres","talleres culturales","tradiciones","tradiciones meicanas","tradiciones mexicanas","turismo","un dia como hoy","uninter","universidad internacional","videos"],"inLanguage":"es"},{"@type":"WebPage","@id":"https:\/\/blogs.uninter.edu.mx\/difusioncultural\/?p=3526","url":"https:\/\/blogs.uninter.edu.mx\/difusioncultural\/?p=3526","name":"El Presidente Guadalupe Victoria ordena la creaci\u00f3n del Museo Nacional. - Difusi\u00f3n Cultural","isPartOf":{"@id":"https:\/\/blogs.uninter.edu.mx\/difusioncultural\/#website"},"primaryImageOfPage":{"@id":"https:\/\/blogs.uninter.edu.mx\/difusioncultural\/?p=3526#primaryimage"},"image":{"@id":"https:\/\/blogs.uninter.edu.mx\/difusioncultural\/?p=3526#primaryimage"},"thumbnailUrl":"https:\/\/blogs.uninter.edu.mx\/difusioncultural\/wp-content\/uploads\/2015\/03\/museo_antropologia.jpg","datePublished":"2015-03-18T14:57:58+00:00","breadcrumb":{"@id":"https:\/\/blogs.uninter.edu.mx\/difusioncultural\/?p=3526#breadcrumb"},"inLanguage":"es","potentialAction":[{"@type":"ReadAction","target":["https:\/\/blogs.uninter.edu.mx\/difusioncultural\/?p=3526"]}]},{"@type":"ImageObject","inLanguage":"es","@id":"https:\/\/blogs.uninter.edu.mx\/difusioncultural\/?p=3526#primaryimage","url":"https:\/\/blogs.uninter.edu.mx\/difusioncultural\/wp-content\/uploads\/2015\/03\/museo_antropologia.jpg","contentUrl":"https:\/\/blogs.uninter.edu.mx\/difusioncultural\/wp-content\/uploads\/2015\/03\/museo_antropologia.jpg","width":400,"height":300},{"@type":"BreadcrumbList","@id":"https:\/\/blogs.uninter.edu.mx\/difusioncultural\/?p=3526#breadcrumb","itemListElement":[{"@type":"ListItem","position":1,"name":"Inicio","item":"https:\/\/blogs.uninter.edu.mx\/difusioncultural\/"},{"@type":"ListItem","position":2,"name":"El Presidente Guadalupe Victoria ordena la creaci\u00f3n del Museo Nacional."}]},{"@type":"WebSite","@id":"https:\/\/blogs.uninter.edu.mx\/difusioncultural\/#website","url":"https:\/\/blogs.uninter.edu.mx\/difusioncultural\/","name":"Difusi\u00f3n Cultural","description":"UNINTER","publisher":{"@id":"https:\/\/blogs.uninter.edu.mx\/difusioncultural\/#organization"},"potentialAction":[{"@type":"SearchAction","target":{"@type":"EntryPoint","urlTemplate":"https:\/\/blogs.uninter.edu.mx\/difusioncultural\/?s={search_term_string}"},"query-input":{"@type":"PropertyValueSpecification","valueRequired":true,"valueName":"search_term_string"}}],"inLanguage":"es"},{"@type":"Organization","@id":"https:\/\/blogs.uninter.edu.mx\/difusioncultural\/#organization","name":"Difusi\u00f3n Cultural","url":"https:\/\/blogs.uninter.edu.mx\/difusioncultural\/","logo":{"@type":"ImageObject","inLanguage":"es","@id":"https:\/\/blogs.uninter.edu.mx\/difusioncultural\/#\/schema\/logo\/image\/","url":"https:\/\/blogs.uninter.edu.mx\/difusioncultural\/wp-content\/uploads\/2022\/09\/uninter.jpg","contentUrl":"https:\/\/blogs.uninter.edu.mx\/difusioncultural\/wp-content\/uploads\/2022\/09\/uninter.jpg","width":2048,"height":2048,"caption":"Difusi\u00f3n Cultural"},"image":{"@id":"https:\/\/blogs.uninter.edu.mx\/difusioncultural\/#\/schema\/logo\/image\/"}},{"@type":"Person","@id":"https:\/\/blogs.uninter.edu.mx\/difusioncultural\/#\/schema\/person\/37a0926f4dd300a814993fd595abdc4a","name":"webmaster","image":{"@type":"ImageObject","inLanguage":"es","@id":"https:\/\/blogs.uninter.edu.mx\/difusioncultural\/#\/schema\/person\/image\/","url":"https:\/\/secure.gravatar.com\/avatar\/a59c276b01147463ef3aab4118e3137ebc5e1ad6700deb39ccdf8b89e517f7dc?s=96&d=mm&r=g","contentUrl":"https:\/\/secure.gravatar.com\/avatar\/a59c276b01147463ef3aab4118e3137ebc5e1ad6700deb39ccdf8b89e517f7dc?s=96&d=mm&r=g","caption":"webmaster"},"sameAs":["https:\/\/blogs.uninter.edu.mx\/difusioncultural"],"url":"https:\/\/blogs.uninter.edu.mx\/difusioncultural\/?author=1"}]}},"jetpack_publicize_connections":[],"jetpack_featured_media_url":"https:\/\/blogs.uninter.edu.mx\/difusioncultural\/wp-content\/uploads\/2015\/03\/museo_antropologia.jpg","jetpack_sharing_enabled":true,"_links":{"self":[{"href":"https:\/\/blogs.uninter.edu.mx\/difusioncultural\/index.php?rest_route=\/wp\/v2\/posts\/3526","targetHints":{"allow":["GET"]}}],"collection":[{"href":"https:\/\/blogs.uninter.edu.mx\/difusioncultural\/index.php?rest_route=\/wp\/v2\/posts"}],"about":[{"href":"https:\/\/blogs.uninter.edu.mx\/difusioncultural\/index.php?rest_route=\/wp\/v2\/types\/post"}],"author":[{"embeddable":true,"href":"https:\/\/blogs.uninter.edu.mx\/difusioncultural\/index.php?rest_route=\/wp\/v2\/users\/1"}],"replies":[{"embeddable":true,"href":"https:\/\/blogs.uninter.edu.mx\/difusioncultural\/index.php?rest_route=%2Fwp%2Fv2%2Fcomments&post=3526"}],"version-history":[{"count":0,"href":"https:\/\/blogs.uninter.edu.mx\/difusioncultural\/index.php?rest_route=\/wp\/v2\/posts\/3526\/revisions"}],"wp:featuredmedia":[{"embeddable":true,"href":"https:\/\/blogs.uninter.edu.mx\/difusioncultural\/index.php?rest_route=\/wp\/v2\/media\/3529"}],"wp:attachment":[{"href":"https:\/\/blogs.uninter.edu.mx\/difusioncultural\/index.php?rest_route=%2Fwp%2Fv2%2Fmedia&parent=3526"}],"wp:term":[{"taxonomy":"category","embeddable":true,"href":"https:\/\/blogs.uninter.edu.mx\/difusioncultural\/index.php?rest_route=%2Fwp%2Fv2%2Fcategories&post=3526"},{"taxonomy":"post_tag","embeddable":true,"href":"https:\/\/blogs.uninter.edu.mx\/difusioncultural\/index.php?rest_route=%2Fwp%2Fv2%2Ftags&post=3526"}],"curies":[{"name":"wp","href":"https:\/\/api.w.org\/{rel}","templated":true}]}}