{"id":3539,"date":"2015-03-20T10:28:00","date_gmt":"2015-03-20T16:28:00","guid":{"rendered":"https:\/\/difusionculturaluninter.wordpress.com\/?p=3539"},"modified":"2015-03-20T10:28:00","modified_gmt":"2015-03-20T16:28:00","slug":"llega-a-morelos-exposicion-internacional-darwin","status":"publish","type":"post","link":"https:\/\/blogs.uninter.edu.mx\/difusioncultural\/?p=3539","title":{"rendered":"Llega a Morelos: Exposici\u00f3n Internacional Darwin."},"content":{"rendered":"<p class=\"rtejustify\">Del 20 de marzo al 7 de julio se presentar\u00e1 en Cuernavaca la exposici\u00f3n Darwin para celebrar los 206 a\u00f1os del natalicio del autor de la teor\u00eda evolutiva del origen de las especies, inform\u00f3 el Gobernador Graco Ram\u00edrez.<\/p>\n<p class=\"rtejustify\"><img fetchpriority=\"high\" decoding=\"async\" class=\" size-medium wp-image-3541 aligncenter\" src=\"https:\/\/blogs.uninter.edu.mx\/difusioncultural\/wp-content\/uploads\/2015\/03\/darwin-expo-450x300-1.jpg?w=300\" alt=\"Darwin-expo-450x300\" width=\"300\" height=\"200\" \/>La exposici\u00f3n, que se ha presentado en 12 pa\u00edses, ha sido vista por cuatro millones de personas y 31 salas de exhibici\u00f3n, entre los que destacan Australia, Reino Unido, Italia, Espa\u00f1a, Colombia, Argentina y Chile. Estar\u00e1 en el Parque Ecol\u00f3gico Chapultepec, con la expectativa de que supere los 165 mil visitante que tuvo cuando se exhibi\u00f3 en la Ciudad de M\u00e9xico.<br \/>\nGraco Ram\u00edrez anunci\u00f3 que la obra est\u00e1 concebida para celebrar el natalicio del cient\u00edfico Charles Darwin, autor de \u201cEl origen de las especies\u201d, y que la exposici\u00f3n \u201crecrea un recorrido ilustrado de la \u00e9poca, los contextos, lugares y personalidades que influyeron en la gesti\u00f3n de la Teor\u00eda de la Evoluci\u00f3n\u201d.<br \/>\nEl mandatario explic\u00f3 que la muestra est\u00e1 organizada por cinco de los museos de historia natural m\u00e1s prestigiados del mundo: Museo Americano de Historia Natural de Nueva York, Museo de Ciencias de Boston, Museo Field de Chicago, Museo Royal de Ontario y el Museo de Historia Natural de Londres.<br \/>\n\u201cLa novedad es que por primera vez ser\u00e1 montada en un \u00e1rea natural, en el entorno ribere\u00f1o de la barranca de Chapultepec, que es el sitio propicio para lograr una conexi\u00f3n con la naturaleza\u201d, inform\u00f3 Graco Ram\u00edrez.<br \/>\nLa exposici\u00f3n se presentar\u00e1 del 20 de marzo al 7 de julio y ha sido coordinada por el Gobierno del Estado, la Comisi\u00f3n Nacional para el Conocimiento y Uso de la Biodiversidad, la Universidad Nacional Aut\u00f3noma de M\u00e9xico (UNAM) y la Universidad Aut\u00f3noma del Estado de Morelos (UAEM).<br \/>\nAdem\u00e1s, el Gobernador del Estado destac\u00f3 que la inauguraci\u00f3n se realizar\u00e1 como parte de la apertura del nuevo Centro Cultural para la Sustentabilidad \u201cEl Amate\u201d, y que permanecer\u00e1 en el Parque Ecol\u00f3gico.<br \/>\nEl mandatario asegur\u00f3 que se buscar\u00e1 que estudiantes del sector p\u00fablico y privado acudan a conocer la obra que se ha presentado en 31 salas de exhibici\u00f3n a lo largo de todo el mundo.<\/p>\n<p class=\"rtejustify\"><em>&#8220;La novedad es que por primera vez la exposici\u00f3n ser\u00e1 montada en un \u00e1rea natural, en el entorno ribere\u00f1o de la barranca de Chapultepec, que es el sitio propicio para lograr una conexi\u00f3n con la naturaleza.\u201d<\/em><\/p>\n","protected":false},"excerpt":{"rendered":"<p>Del 20 de marzo al 7 de julio se presentar\u00e1 en Cuernavaca la exposici\u00f3n Darwin para celebrar los 206 a\u00f1os del natalicio del autor de la teor\u00eda evolutiva del origen de las especies, inform\u00f3 el Gobernador Graco Ram\u00edrez. La exposici\u00f3n, que se ha presentado en 12 pa\u00edses, ha sido vista por cuatro millones de personas&hellip;<\/p>\n","protected":false},"author":1,"featured_media":3540,"comment_status":"closed","ping_status":"open","sticky":false,"template":"","format":"standard","meta":{"_jetpack_memberships_contains_paid_content":false,"footnotes":"","jetpack_publicize_message":"","jetpack_publicize_feature_enabled":true,"jetpack_social_post_already_shared":false,"jetpack_social_options":{"image_generator_settings":{"template":"highway","default_image_id":0,"font":"","enabled":false},"version":2}},"categories":[8],"tags":[20,26,36,41,93,94,108,104,105,113,116,129,131,136,137,139,143,147,150,151,162,163,176,177,190,195,204,211,201,220,239,244,253,255,260,264,265,271,272,277,280,286,287,294,295,296,298,299,303,305,313],"class_list":["post-3539","post","type-post","status-publish","format-standard","has-post-thumbnail","hentry","category-eventos","tag-15-de-septiembre","tag-acontecimientos","tag-bachillerato","tag-becas-culturales","tag-cultura","tag-cultura-de-la-paz","tag-dia-de-la-independencia-uninter","tag-dia-mundial-de-la-juventud","tag-dia-mundial-del-teatro","tag-difusion-cultural","tag-efemerides","tag-estudiantes","tag-eventos","tag-festejos","tag-festejos-patrios-uninter","tag-filarmonica-de-cuernavaca","tag-gastronomia","tag-guelaguetza","tag-hip-hop","tag-historia","tag-independencia-de-mexico","tag-intercambios","tag-jean-cocteau","tag-jornada-cultural","tag-licenciatura","tag-maestria","tag-mexico","tag-miss-uninter-2014","tag-musica","tag-musicoterapia","tag-oaxaca","tag-personajes","tag-posgrado","tag-prepa","tag-promocion","tag-reto-uninter","tag-revolucion-mexicana","tag-salud","tag-san-valentin","tag-secundaria","tag-spanish-school","tag-talleres","tag-talleres-culturales","tag-tradiciones","tag-tradiciones-meicanas","tag-tradiciones-mexicanas","tag-turismo","tag-un-dia-como-hoy","tag-uninter","tag-universidad-internacional","tag-videos"],"yoast_head":"<!-- This site is optimized with the Yoast SEO plugin v26.3 - https:\/\/yoast.com\/wordpress\/plugins\/seo\/ -->\r\n<title>Llega a Morelos: Exposici\u00f3n Internacional Darwin. - Difusi\u00f3n Cultural<\/title>\r\n<meta name=\"robots\" content=\"index, follow, max-snippet:-1, max-image-preview:large, max-video-preview:-1\" \/>\r\n<link rel=\"canonical\" href=\"https:\/\/blogs.uninter.edu.mx\/difusioncultural\/?p=3539\" \/>\r\n<meta property=\"og:locale\" content=\"es_MX\" \/>\r\n<meta property=\"og:type\" content=\"article\" \/>\r\n<meta property=\"og:title\" content=\"Llega a Morelos: Exposici\u00f3n Internacional Darwin. - Difusi\u00f3n Cultural\" \/>\r\n<meta property=\"og:description\" content=\"Del 20 de marzo al 7 de julio se presentar\u00e1 en Cuernavaca la exposici\u00f3n Darwin para celebrar los 206 a\u00f1os del natalicio del autor de la teor\u00eda evolutiva del origen de las especies, inform\u00f3 el Gobernador Graco Ram\u00edrez. La exposici\u00f3n, que se ha presentado en 12 pa\u00edses, ha sido vista por cuatro millones de personas&hellip;\" \/>\r\n<meta property=\"og:url\" content=\"https:\/\/blogs.uninter.edu.mx\/difusioncultural\/?p=3539\" \/>\r\n<meta property=\"og:site_name\" content=\"Difusi\u00f3n Cultural\" \/>\r\n<meta property=\"article:published_time\" content=\"2015-03-20T16:28:00+00:00\" \/>\r\n<meta property=\"og:image\" content=\"https:\/\/blogs.uninter.edu.mx\/difusioncultural\/wp-content\/uploads\/2015\/03\/0.jpg\" \/>\r\n\t<meta property=\"og:image:width\" content=\"480\" \/>\r\n\t<meta property=\"og:image:height\" content=\"360\" \/>\r\n\t<meta property=\"og:image:type\" content=\"image\/jpeg\" \/>\r\n<meta name=\"author\" content=\"webmaster\" \/>\r\n<meta name=\"twitter:card\" content=\"summary_large_image\" \/>\r\n<meta name=\"twitter:label1\" content=\"Escrito por\" \/>\n\t<meta name=\"twitter:data1\" content=\"webmaster\" \/>\n\t<meta name=\"twitter:label2\" content=\"Tiempo de lectura\" \/>\n\t<meta name=\"twitter:data2\" content=\"2 minutos\" \/>\r\n<script type=\"application\/ld+json\" class=\"yoast-schema-graph\">{\"@context\":\"https:\/\/schema.org\",\"@graph\":[{\"@type\":\"Article\",\"@id\":\"https:\/\/blogs.uninter.edu.mx\/difusioncultural\/?p=3539#article\",\"isPartOf\":{\"@id\":\"https:\/\/blogs.uninter.edu.mx\/difusioncultural\/?p=3539\"},\"author\":{\"name\":\"webmaster\",\"@id\":\"https:\/\/blogs.uninter.edu.mx\/difusioncultural\/#\/schema\/person\/37a0926f4dd300a814993fd595abdc4a\"},\"headline\":\"Llega a Morelos: Exposici\u00f3n Internacional Darwin.\",\"datePublished\":\"2015-03-20T16:28:00+00:00\",\"mainEntityOfPage\":{\"@id\":\"https:\/\/blogs.uninter.edu.mx\/difusioncultural\/?p=3539\"},\"wordCount\":416,\"publisher\":{\"@id\":\"https:\/\/blogs.uninter.edu.mx\/difusioncultural\/#organization\"},\"image\":{\"@id\":\"https:\/\/blogs.uninter.edu.mx\/difusioncultural\/?p=3539#primaryimage\"},\"thumbnailUrl\":\"https:\/\/blogs.uninter.edu.mx\/difusioncultural\/wp-content\/uploads\/2015\/03\/0.jpg\",\"keywords\":[\"15 DE SEPTIEMBRE\",\"acontecimientos\",\"bachillerato\",\"becas culturales\",\"cultura\",\"cultura de la paz\",\"dia de la independencia uninter\",\"D\u00eda Mundial de la Juventud\",\"d\u00eda mundial del teatro\",\"difusi\u00f3n cultural\",\"efem\u00e9rides\",\"estudiantes\",\"eventos\",\"festejos\",\"festejos patrios uninter\",\"Filarm\u00f3nica de Cuernavaca\",\"gastronomia\",\"guelaguetza\",\"HIP HOP\",\"historia\",\"INDEPENDENCIA DE M\u00c9XICO\",\"intercambios\",\"jean cocteau\",\"Jornada Cultural\",\"licenciatura\",\"maestria\",\"Mexico\",\"Miss UNINTER 2014\",\"m\u00fasica\",\"musicoterapia\",\"oaxaca\",\"personajes\",\"posgrado\",\"prepa\",\"promoci\u00f3n\",\"reto uninter\",\"revoluci\u00f3n mexicana\",\"salud\",\"san valentin\",\"secundaria\",\"spanish school\",\"talleres\",\"talleres culturales\",\"tradiciones\",\"tradiciones meicanas\",\"tradiciones mexicanas\",\"turismo\",\"un dia como hoy\",\"uninter\",\"universidad internacional\",\"videos\"],\"articleSection\":[\"Eventos\"],\"inLanguage\":\"es\"},{\"@type\":\"WebPage\",\"@id\":\"https:\/\/blogs.uninter.edu.mx\/difusioncultural\/?p=3539\",\"url\":\"https:\/\/blogs.uninter.edu.mx\/difusioncultural\/?p=3539\",\"name\":\"Llega a Morelos: Exposici\u00f3n Internacional Darwin. - Difusi\u00f3n Cultural\",\"isPartOf\":{\"@id\":\"https:\/\/blogs.uninter.edu.mx\/difusioncultural\/#website\"},\"primaryImageOfPage\":{\"@id\":\"https:\/\/blogs.uninter.edu.mx\/difusioncultural\/?p=3539#primaryimage\"},\"image\":{\"@id\":\"https:\/\/blogs.uninter.edu.mx\/difusioncultural\/?p=3539#primaryimage\"},\"thumbnailUrl\":\"https:\/\/blogs.uninter.edu.mx\/difusioncultural\/wp-content\/uploads\/2015\/03\/0.jpg\",\"datePublished\":\"2015-03-20T16:28:00+00:00\",\"breadcrumb\":{\"@id\":\"https:\/\/blogs.uninter.edu.mx\/difusioncultural\/?p=3539#breadcrumb\"},\"inLanguage\":\"es\",\"potentialAction\":[{\"@type\":\"ReadAction\",\"target\":[\"https:\/\/blogs.uninter.edu.mx\/difusioncultural\/?p=3539\"]}]},{\"@type\":\"ImageObject\",\"inLanguage\":\"es\",\"@id\":\"https:\/\/blogs.uninter.edu.mx\/difusioncultural\/?p=3539#primaryimage\",\"url\":\"https:\/\/blogs.uninter.edu.mx\/difusioncultural\/wp-content\/uploads\/2015\/03\/0.jpg\",\"contentUrl\":\"https:\/\/blogs.uninter.edu.mx\/difusioncultural\/wp-content\/uploads\/2015\/03\/0.jpg\",\"width\":480,\"height\":360},{\"@type\":\"BreadcrumbList\",\"@id\":\"https:\/\/blogs.uninter.edu.mx\/difusioncultural\/?p=3539#breadcrumb\",\"itemListElement\":[{\"@type\":\"ListItem\",\"position\":1,\"name\":\"Inicio\",\"item\":\"https:\/\/blogs.uninter.edu.mx\/difusioncultural\/\"},{\"@type\":\"ListItem\",\"position\":2,\"name\":\"Llega a Morelos: Exposici\u00f3n Internacional Darwin.\"}]},{\"@type\":\"WebSite\",\"@id\":\"https:\/\/blogs.uninter.edu.mx\/difusioncultural\/#website\",\"url\":\"https:\/\/blogs.uninter.edu.mx\/difusioncultural\/\",\"name\":\"Difusi\u00f3n Cultural\",\"description\":\"UNINTER\",\"publisher\":{\"@id\":\"https:\/\/blogs.uninter.edu.mx\/difusioncultural\/#organization\"},\"potentialAction\":[{\"@type\":\"SearchAction\",\"target\":{\"@type\":\"EntryPoint\",\"urlTemplate\":\"https:\/\/blogs.uninter.edu.mx\/difusioncultural\/?s={search_term_string}\"},\"query-input\":{\"@type\":\"PropertyValueSpecification\",\"valueRequired\":true,\"valueName\":\"search_term_string\"}}],\"inLanguage\":\"es\"},{\"@type\":\"Organization\",\"@id\":\"https:\/\/blogs.uninter.edu.mx\/difusioncultural\/#organization\",\"name\":\"Difusi\u00f3n Cultural\",\"url\":\"https:\/\/blogs.uninter.edu.mx\/difusioncultural\/\",\"logo\":{\"@type\":\"ImageObject\",\"inLanguage\":\"es\",\"@id\":\"https:\/\/blogs.uninter.edu.mx\/difusioncultural\/#\/schema\/logo\/image\/\",\"url\":\"https:\/\/blogs.uninter.edu.mx\/difusioncultural\/wp-content\/uploads\/2022\/09\/uninter.jpg\",\"contentUrl\":\"https:\/\/blogs.uninter.edu.mx\/difusioncultural\/wp-content\/uploads\/2022\/09\/uninter.jpg\",\"width\":2048,\"height\":2048,\"caption\":\"Difusi\u00f3n Cultural\"},\"image\":{\"@id\":\"https:\/\/blogs.uninter.edu.mx\/difusioncultural\/#\/schema\/logo\/image\/\"}},{\"@type\":\"Person\",\"@id\":\"https:\/\/blogs.uninter.edu.mx\/difusioncultural\/#\/schema\/person\/37a0926f4dd300a814993fd595abdc4a\",\"name\":\"webmaster\",\"image\":{\"@type\":\"ImageObject\",\"inLanguage\":\"es\",\"@id\":\"https:\/\/blogs.uninter.edu.mx\/difusioncultural\/#\/schema\/person\/image\/\",\"url\":\"https:\/\/secure.gravatar.com\/avatar\/a59c276b01147463ef3aab4118e3137ebc5e1ad6700deb39ccdf8b89e517f7dc?s=96&d=mm&r=g\",\"contentUrl\":\"https:\/\/secure.gravatar.com\/avatar\/a59c276b01147463ef3aab4118e3137ebc5e1ad6700deb39ccdf8b89e517f7dc?s=96&d=mm&r=g\",\"caption\":\"webmaster\"},\"sameAs\":[\"https:\/\/blogs.uninter.edu.mx\/difusioncultural\"],\"url\":\"https:\/\/blogs.uninter.edu.mx\/difusioncultural\/?author=1\"}]}<\/script>\r\n<!-- \/ Yoast SEO plugin. -->","yoast_head_json":{"title":"Llega a Morelos: Exposici\u00f3n Internacional Darwin. - Difusi\u00f3n Cultural","robots":{"index":"index","follow":"follow","max-snippet":"max-snippet:-1","max-image-preview":"max-image-preview:large","max-video-preview":"max-video-preview:-1"},"canonical":"https:\/\/blogs.uninter.edu.mx\/difusioncultural\/?p=3539","og_locale":"es_MX","og_type":"article","og_title":"Llega a Morelos: Exposici\u00f3n Internacional Darwin. - Difusi\u00f3n Cultural","og_description":"Del 20 de marzo al 7 de julio se presentar\u00e1 en Cuernavaca la exposici\u00f3n Darwin para celebrar los 206 a\u00f1os del natalicio del autor de la teor\u00eda evolutiva del origen de las especies, inform\u00f3 el Gobernador Graco Ram\u00edrez. La exposici\u00f3n, que se ha presentado en 12 pa\u00edses, ha sido vista por cuatro millones de personas&hellip;","og_url":"https:\/\/blogs.uninter.edu.mx\/difusioncultural\/?p=3539","og_site_name":"Difusi\u00f3n Cultural","article_published_time":"2015-03-20T16:28:00+00:00","og_image":[{"width":480,"height":360,"url":"https:\/\/blogs.uninter.edu.mx\/difusioncultural\/wp-content\/uploads\/2015\/03\/0.jpg","type":"image\/jpeg"}],"author":"webmaster","twitter_card":"summary_large_image","twitter_misc":{"Escrito por":"webmaster","Tiempo de lectura":"2 minutos"},"schema":{"@context":"https:\/\/schema.org","@graph":[{"@type":"Article","@id":"https:\/\/blogs.uninter.edu.mx\/difusioncultural\/?p=3539#article","isPartOf":{"@id":"https:\/\/blogs.uninter.edu.mx\/difusioncultural\/?p=3539"},"author":{"name":"webmaster","@id":"https:\/\/blogs.uninter.edu.mx\/difusioncultural\/#\/schema\/person\/37a0926f4dd300a814993fd595abdc4a"},"headline":"Llega a Morelos: Exposici\u00f3n Internacional Darwin.","datePublished":"2015-03-20T16:28:00+00:00","mainEntityOfPage":{"@id":"https:\/\/blogs.uninter.edu.mx\/difusioncultural\/?p=3539"},"wordCount":416,"publisher":{"@id":"https:\/\/blogs.uninter.edu.mx\/difusioncultural\/#organization"},"image":{"@id":"https:\/\/blogs.uninter.edu.mx\/difusioncultural\/?p=3539#primaryimage"},"thumbnailUrl":"https:\/\/blogs.uninter.edu.mx\/difusioncultural\/wp-content\/uploads\/2015\/03\/0.jpg","keywords":["15 DE SEPTIEMBRE","acontecimientos","bachillerato","becas culturales","cultura","cultura de la paz","dia de la independencia uninter","D\u00eda Mundial de la Juventud","d\u00eda mundial del teatro","difusi\u00f3n cultural","efem\u00e9rides","estudiantes","eventos","festejos","festejos patrios uninter","Filarm\u00f3nica de Cuernavaca","gastronomia","guelaguetza","HIP HOP","historia","INDEPENDENCIA DE M\u00c9XICO","intercambios","jean cocteau","Jornada Cultural","licenciatura","maestria","Mexico","Miss UNINTER 2014","m\u00fasica","musicoterapia","oaxaca","personajes","posgrado","prepa","promoci\u00f3n","reto uninter","revoluci\u00f3n mexicana","salud","san valentin","secundaria","spanish school","talleres","talleres culturales","tradiciones","tradiciones meicanas","tradiciones mexicanas","turismo","un dia como hoy","uninter","universidad internacional","videos"],"articleSection":["Eventos"],"inLanguage":"es"},{"@type":"WebPage","@id":"https:\/\/blogs.uninter.edu.mx\/difusioncultural\/?p=3539","url":"https:\/\/blogs.uninter.edu.mx\/difusioncultural\/?p=3539","name":"Llega a Morelos: Exposici\u00f3n Internacional Darwin. - Difusi\u00f3n Cultural","isPartOf":{"@id":"https:\/\/blogs.uninter.edu.mx\/difusioncultural\/#website"},"primaryImageOfPage":{"@id":"https:\/\/blogs.uninter.edu.mx\/difusioncultural\/?p=3539#primaryimage"},"image":{"@id":"https:\/\/blogs.uninter.edu.mx\/difusioncultural\/?p=3539#primaryimage"},"thumbnailUrl":"https:\/\/blogs.uninter.edu.mx\/difusioncultural\/wp-content\/uploads\/2015\/03\/0.jpg","datePublished":"2015-03-20T16:28:00+00:00","breadcrumb":{"@id":"https:\/\/blogs.uninter.edu.mx\/difusioncultural\/?p=3539#breadcrumb"},"inLanguage":"es","potentialAction":[{"@type":"ReadAction","target":["https:\/\/blogs.uninter.edu.mx\/difusioncultural\/?p=3539"]}]},{"@type":"ImageObject","inLanguage":"es","@id":"https:\/\/blogs.uninter.edu.mx\/difusioncultural\/?p=3539#primaryimage","url":"https:\/\/blogs.uninter.edu.mx\/difusioncultural\/wp-content\/uploads\/2015\/03\/0.jpg","contentUrl":"https:\/\/blogs.uninter.edu.mx\/difusioncultural\/wp-content\/uploads\/2015\/03\/0.jpg","width":480,"height":360},{"@type":"BreadcrumbList","@id":"https:\/\/blogs.uninter.edu.mx\/difusioncultural\/?p=3539#breadcrumb","itemListElement":[{"@type":"ListItem","position":1,"name":"Inicio","item":"https:\/\/blogs.uninter.edu.mx\/difusioncultural\/"},{"@type":"ListItem","position":2,"name":"Llega a Morelos: Exposici\u00f3n Internacional Darwin."}]},{"@type":"WebSite","@id":"https:\/\/blogs.uninter.edu.mx\/difusioncultural\/#website","url":"https:\/\/blogs.uninter.edu.mx\/difusioncultural\/","name":"Difusi\u00f3n Cultural","description":"UNINTER","publisher":{"@id":"https:\/\/blogs.uninter.edu.mx\/difusioncultural\/#organization"},"potentialAction":[{"@type":"SearchAction","target":{"@type":"EntryPoint","urlTemplate":"https:\/\/blogs.uninter.edu.mx\/difusioncultural\/?s={search_term_string}"},"query-input":{"@type":"PropertyValueSpecification","valueRequired":true,"valueName":"search_term_string"}}],"inLanguage":"es"},{"@type":"Organization","@id":"https:\/\/blogs.uninter.edu.mx\/difusioncultural\/#organization","name":"Difusi\u00f3n Cultural","url":"https:\/\/blogs.uninter.edu.mx\/difusioncultural\/","logo":{"@type":"ImageObject","inLanguage":"es","@id":"https:\/\/blogs.uninter.edu.mx\/difusioncultural\/#\/schema\/logo\/image\/","url":"https:\/\/blogs.uninter.edu.mx\/difusioncultural\/wp-content\/uploads\/2022\/09\/uninter.jpg","contentUrl":"https:\/\/blogs.uninter.edu.mx\/difusioncultural\/wp-content\/uploads\/2022\/09\/uninter.jpg","width":2048,"height":2048,"caption":"Difusi\u00f3n Cultural"},"image":{"@id":"https:\/\/blogs.uninter.edu.mx\/difusioncultural\/#\/schema\/logo\/image\/"}},{"@type":"Person","@id":"https:\/\/blogs.uninter.edu.mx\/difusioncultural\/#\/schema\/person\/37a0926f4dd300a814993fd595abdc4a","name":"webmaster","image":{"@type":"ImageObject","inLanguage":"es","@id":"https:\/\/blogs.uninter.edu.mx\/difusioncultural\/#\/schema\/person\/image\/","url":"https:\/\/secure.gravatar.com\/avatar\/a59c276b01147463ef3aab4118e3137ebc5e1ad6700deb39ccdf8b89e517f7dc?s=96&d=mm&r=g","contentUrl":"https:\/\/secure.gravatar.com\/avatar\/a59c276b01147463ef3aab4118e3137ebc5e1ad6700deb39ccdf8b89e517f7dc?s=96&d=mm&r=g","caption":"webmaster"},"sameAs":["https:\/\/blogs.uninter.edu.mx\/difusioncultural"],"url":"https:\/\/blogs.uninter.edu.mx\/difusioncultural\/?author=1"}]}},"jetpack_publicize_connections":[],"jetpack_featured_media_url":"https:\/\/blogs.uninter.edu.mx\/difusioncultural\/wp-content\/uploads\/2015\/03\/0.jpg","jetpack_sharing_enabled":true,"_links":{"self":[{"href":"https:\/\/blogs.uninter.edu.mx\/difusioncultural\/index.php?rest_route=\/wp\/v2\/posts\/3539","targetHints":{"allow":["GET"]}}],"collection":[{"href":"https:\/\/blogs.uninter.edu.mx\/difusioncultural\/index.php?rest_route=\/wp\/v2\/posts"}],"about":[{"href":"https:\/\/blogs.uninter.edu.mx\/difusioncultural\/index.php?rest_route=\/wp\/v2\/types\/post"}],"author":[{"embeddable":true,"href":"https:\/\/blogs.uninter.edu.mx\/difusioncultural\/index.php?rest_route=\/wp\/v2\/users\/1"}],"replies":[{"embeddable":true,"href":"https:\/\/blogs.uninter.edu.mx\/difusioncultural\/index.php?rest_route=%2Fwp%2Fv2%2Fcomments&post=3539"}],"version-history":[{"count":0,"href":"https:\/\/blogs.uninter.edu.mx\/difusioncultural\/index.php?rest_route=\/wp\/v2\/posts\/3539\/revisions"}],"wp:featuredmedia":[{"embeddable":true,"href":"https:\/\/blogs.uninter.edu.mx\/difusioncultural\/index.php?rest_route=\/wp\/v2\/media\/3540"}],"wp:attachment":[{"href":"https:\/\/blogs.uninter.edu.mx\/difusioncultural\/index.php?rest_route=%2Fwp%2Fv2%2Fmedia&parent=3539"}],"wp:term":[{"taxonomy":"category","embeddable":true,"href":"https:\/\/blogs.uninter.edu.mx\/difusioncultural\/index.php?rest_route=%2Fwp%2Fv2%2Fcategories&post=3539"},{"taxonomy":"post_tag","embeddable":true,"href":"https:\/\/blogs.uninter.edu.mx\/difusioncultural\/index.php?rest_route=%2Fwp%2Fv2%2Ftags&post=3539"}],"curies":[{"name":"wp","href":"https:\/\/api.w.org\/{rel}","templated":true}]}}