{"id":3555,"date":"2015-03-23T11:02:32","date_gmt":"2015-03-23T17:02:32","guid":{"rendered":"https:\/\/difusionculturaluninter.wordpress.com\/?p=3555"},"modified":"2015-03-23T11:02:32","modified_gmt":"2015-03-23T17:02:32","slug":"emmy-noether-la-madre-del-algebra","status":"publish","type":"post","link":"https:\/\/blogs.uninter.edu.mx\/difusioncultural\/?p=3555","title":{"rendered":"Emmy Noether, la madre del \u00e1lgebra."},"content":{"rendered":"<h3 class=\"subhead\" style=\"text-align:center;\"><strong>La mujer odiada por Hitler y admirada por Einstein<\/strong><\/h3>\n<p><a href=\"https:\/\/blogs.uninter.edu.mx\/difusioncultural\/wp-content\/uploads\/2015\/03\/46991-004-cbf00393.jpg\"><img fetchpriority=\"high\" decoding=\"async\" class=\" size-medium wp-image-3557 aligncenter\" src=\"https:\/\/blogs.uninter.edu.mx\/difusioncultural\/wp-content\/uploads\/2015\/03\/46991-004-cbf00393.jpg?w=216\" alt=\"inoethe001p1\" width=\"216\" height=\"300\" \/><\/a><\/p>\n<h3 class=\"subhead\"><strong>Se cumplen 133 a\u00f1os del nacimiento de la matem\u00e1tica jud\u00eda Emmy Noether, que consigui\u00f3 dar clase cuando las mujeres ni siquiera pod\u00edan matricularse en la universidad.<\/strong><\/h3>\n<p id=\"story-texto\" class=\"p\">Si hay un nombre femenino que recordar en la historia de las matem\u00e1ticas es<img decoding=\"async\" class=\"  wp-image-3559 alignright\" src=\"https:\/\/blogs.uninter.edu.mx\/difusioncultural\/wp-content\/uploads\/2015\/03\/25-noether.jpg\" alt=\"25-Noether\" width=\"250\" height=\"209\" \/> el de Emmy Noether. Por lo menos para\u00a0alguien que sab\u00eda del tema como Albert Einstein, quien la defini\u00f3 como la <strong>\u00abgenio creativa de las matem\u00e1ticas m\u00e1s significativa desde que comenz\u00f3 la educaci\u00f3n superior para las mujeres\u00bb<\/strong>.<\/p>\n<p id=\"U162599653481E0H\" class=\"p\">De origen jud\u00edo, Noether naci\u00f3 en la Baviera alemana hace este lunes 133 a\u00f1os, en una familia de matem\u00e1ticos. Hasta tres generaciones se hab\u00edan dedicado a los n\u00fameros y ella no quiso ser menos. Aprendi\u00f3 acudiendo a las clases que impart\u00eda su padre en la universidad, ya que era una \u00e9poca en la que no se admit\u00edan mujeres en las aulas. Iba de simple oyente.<\/p>\n<p id=\"U162599653481BqF\" class=\"p\">Dada su persistencia, Emmy Noether consigui\u00f3 que la dejasen matricularse en Erlangen, la universidad de su ciudad natal, donde se doctor\u00f3 con un c\u00e9lebre trabajo sobre los invariantes. Tal fue su \u00e9xito, que el profesor David Hilbert la invit\u00f3 a impartir una serie de conferencias en Gotinga, aunque no consigui\u00f3 llevarlas a cabo por la oposici\u00f3n de parte del profesorado. Solo le permitieron acceder a un puesto no oficial de profesora asociada.<\/p>\n<p id=\"U162599653481mFE\" class=\"p\"><img decoding=\"async\" class=\"  wp-image-3558 alignleft\" src=\"https:\/\/blogs.uninter.edu.mx\/difusioncultural\/wp-content\/uploads\/2015\/03\/emmy-noether-4-728.jpg?w=300\" alt=\"emmy-noether-4-728\" width=\"182\" height=\"138\" \/>Consigui\u00f3 revolucionar el campo de las matem\u00e1ticas con teor\u00edas sobre anillos, cuerpos y \u00e1lgebras. Tambi\u00e9n el de la f\u00edsica, con el teorema que lleva su nombre y que relaciona dos ideas b\u00e1sicas: la invariancia de la forma que una ley f\u00edsica toma con respecto a cualquier transformaci\u00f3n y la ley de conservaci\u00f3n de una magnitud f\u00edsica. Un teorema que se suele formular como \u00aba cada simetr\u00eda le corresponde una ley de conservaci\u00f3n, y viceversa\u00bb.<\/p>\n<p class=\"p\">\n<h4 class=\"ladillo\">Exiliada en Estados Unidos<\/h4>\n<p id=\"U162599653481rKB\" class=\"p\">Reconocida en su mundo, no lo era por su propia naci\u00f3n, que le dio la espalda tras el ascenso de Hitler al poder. Aquella Alemania no estaba hecha para genios; no si eran jud\u00edos y Emmy Noether fue un caso m\u00e1s de los dotados que fueron ninguneados y olvidados. Le fue imposible seguir dando clase en la Universidad de Gotinga tras la aprobaci\u00f3n de la Ley para la Restauraci\u00f3n del Servicio Civil Profesional, que imped\u00eda mantener su puesto a los funcionarios jud\u00edos y pol\u00edticamente sospechosos.<\/p>\n<p id=\"U162599653481S0F\" class=\"p\">Sin poder dar clases ni conferencias bajo su nombre, Emmy Noether tuvo que exiliarse en Estados Unidos, donde continu\u00f3 sus estudios y trabajos en el Instituto de Estudios Avanzados de Princeton, compagin\u00e1ndolos con su labor de profesora en Bryn Mawr. All\u00ed desarroll\u00f3 su labor hasta que, dos a\u00f1os m\u00e1s tarde, le descubrieron untumor p\u00e9lvico y falleci\u00f3 a consecuencia de la operaci\u00f3n.<\/p>\n","protected":false},"excerpt":{"rendered":"<p>La mujer odiada por Hitler y admirada por Einstein Se cumplen 133 a\u00f1os del nacimiento de la matem\u00e1tica jud\u00eda Emmy Noether, que consigui\u00f3 dar clase cuando las mujeres ni siquiera pod\u00edan matricularse en la universidad. Si hay un nombre femenino que recordar en la historia de las matem\u00e1ticas es el de Emmy Noether. Por lo&hellip;<\/p>\n","protected":false},"author":1,"featured_media":3556,"comment_status":"closed","ping_status":"open","sticky":false,"template":"","format":"standard","meta":{"_jetpack_memberships_contains_paid_content":false,"footnotes":"","jetpack_publicize_message":"","jetpack_publicize_feature_enabled":true,"jetpack_social_post_already_shared":false,"jetpack_social_options":{"image_generator_settings":{"template":"highway","default_image_id":0,"font":"","enabled":false},"version":2}},"categories":[13],"tags":[20,26,36,41,93,94,108,104,105,113,116,129,131,136,137,139,143,147,150,151,162,163,176,177,190,195,204,211,201,220,239,244,253,255,260,264,265,271,272,277,280,286,287,294,295,296,298,299,303,305,313],"class_list":["post-3555","post","type-post","status-publish","format-standard","has-post-thumbnail","hentry","category-personas-interesantes","tag-15-de-septiembre","tag-acontecimientos","tag-bachillerato","tag-becas-culturales","tag-cultura","tag-cultura-de-la-paz","tag-dia-de-la-independencia-uninter","tag-dia-mundial-de-la-juventud","tag-dia-mundial-del-teatro","tag-difusion-cultural","tag-efemerides","tag-estudiantes","tag-eventos","tag-festejos","tag-festejos-patrios-uninter","tag-filarmonica-de-cuernavaca","tag-gastronomia","tag-guelaguetza","tag-hip-hop","tag-historia","tag-independencia-de-mexico","tag-intercambios","tag-jean-cocteau","tag-jornada-cultural","tag-licenciatura","tag-maestria","tag-mexico","tag-miss-uninter-2014","tag-musica","tag-musicoterapia","tag-oaxaca","tag-personajes","tag-posgrado","tag-prepa","tag-promocion","tag-reto-uninter","tag-revolucion-mexicana","tag-salud","tag-san-valentin","tag-secundaria","tag-spanish-school","tag-talleres","tag-talleres-culturales","tag-tradiciones","tag-tradiciones-meicanas","tag-tradiciones-mexicanas","tag-turismo","tag-un-dia-como-hoy","tag-uninter","tag-universidad-internacional","tag-videos"],"yoast_head":"<!-- This site is optimized with the Yoast SEO plugin v26.3 - https:\/\/yoast.com\/wordpress\/plugins\/seo\/ -->\r\n<title>Emmy Noether, la madre del \u00e1lgebra. - Difusi\u00f3n Cultural<\/title>\r\n<meta name=\"robots\" content=\"index, follow, max-snippet:-1, max-image-preview:large, max-video-preview:-1\" \/>\r\n<link rel=\"canonical\" href=\"https:\/\/blogs.uninter.edu.mx\/difusioncultural\/?p=3555\" \/>\r\n<meta property=\"og:locale\" content=\"es_MX\" \/>\r\n<meta property=\"og:type\" content=\"article\" \/>\r\n<meta property=\"og:title\" content=\"Emmy Noether, la madre del \u00e1lgebra. - Difusi\u00f3n Cultural\" \/>\r\n<meta property=\"og:description\" content=\"La mujer odiada por Hitler y admirada por Einstein Se cumplen 133 a\u00f1os del nacimiento de la matem\u00e1tica jud\u00eda Emmy Noether, que consigui\u00f3 dar clase cuando las mujeres ni siquiera pod\u00edan matricularse en la universidad. Si hay un nombre femenino que recordar en la historia de las matem\u00e1ticas es el de Emmy Noether. Por lo&hellip;\" \/>\r\n<meta property=\"og:url\" content=\"https:\/\/blogs.uninter.edu.mx\/difusioncultural\/?p=3555\" \/>\r\n<meta property=\"og:site_name\" content=\"Difusi\u00f3n Cultural\" \/>\r\n<meta property=\"article:published_time\" content=\"2015-03-23T17:02:32+00:00\" \/>\r\n<meta property=\"og:image\" content=\"https:\/\/blogs.uninter.edu.mx\/difusioncultural\/wp-content\/uploads\/2015\/03\/sh-emmynoether.jpg\" \/>\r\n\t<meta property=\"og:image:width\" content=\"300\" \/>\r\n\t<meta property=\"og:image:height\" content=\"235\" \/>\r\n\t<meta property=\"og:image:type\" content=\"image\/jpeg\" \/>\r\n<meta name=\"author\" content=\"webmaster\" \/>\r\n<meta name=\"twitter:card\" content=\"summary_large_image\" \/>\r\n<meta name=\"twitter:label1\" content=\"Escrito por\" \/>\n\t<meta name=\"twitter:data1\" content=\"webmaster\" \/>\n\t<meta name=\"twitter:label2\" content=\"Tiempo de lectura\" \/>\n\t<meta name=\"twitter:data2\" content=\"2 minutos\" \/>\r\n<script type=\"application\/ld+json\" class=\"yoast-schema-graph\">{\"@context\":\"https:\/\/schema.org\",\"@graph\":[{\"@type\":\"Article\",\"@id\":\"https:\/\/blogs.uninter.edu.mx\/difusioncultural\/?p=3555#article\",\"isPartOf\":{\"@id\":\"https:\/\/blogs.uninter.edu.mx\/difusioncultural\/?p=3555\"},\"author\":{\"name\":\"webmaster\",\"@id\":\"https:\/\/blogs.uninter.edu.mx\/difusioncultural\/#\/schema\/person\/37a0926f4dd300a814993fd595abdc4a\"},\"headline\":\"Emmy Noether, la madre del \u00e1lgebra.\",\"datePublished\":\"2015-03-23T17:02:32+00:00\",\"mainEntityOfPage\":{\"@id\":\"https:\/\/blogs.uninter.edu.mx\/difusioncultural\/?p=3555\"},\"wordCount\":493,\"publisher\":{\"@id\":\"https:\/\/blogs.uninter.edu.mx\/difusioncultural\/#organization\"},\"image\":{\"@id\":\"https:\/\/blogs.uninter.edu.mx\/difusioncultural\/?p=3555#primaryimage\"},\"thumbnailUrl\":\"https:\/\/blogs.uninter.edu.mx\/difusioncultural\/wp-content\/uploads\/2015\/03\/sh-emmynoether.jpg\",\"keywords\":[\"15 DE SEPTIEMBRE\",\"acontecimientos\",\"bachillerato\",\"becas culturales\",\"cultura\",\"cultura de la paz\",\"dia de la independencia uninter\",\"D\u00eda Mundial de la Juventud\",\"d\u00eda mundial del teatro\",\"difusi\u00f3n cultural\",\"efem\u00e9rides\",\"estudiantes\",\"eventos\",\"festejos\",\"festejos patrios uninter\",\"Filarm\u00f3nica de Cuernavaca\",\"gastronomia\",\"guelaguetza\",\"HIP HOP\",\"historia\",\"INDEPENDENCIA DE M\u00c9XICO\",\"intercambios\",\"jean cocteau\",\"Jornada Cultural\",\"licenciatura\",\"maestria\",\"Mexico\",\"Miss UNINTER 2014\",\"m\u00fasica\",\"musicoterapia\",\"oaxaca\",\"personajes\",\"posgrado\",\"prepa\",\"promoci\u00f3n\",\"reto uninter\",\"revoluci\u00f3n mexicana\",\"salud\",\"san valentin\",\"secundaria\",\"spanish school\",\"talleres\",\"talleres culturales\",\"tradiciones\",\"tradiciones meicanas\",\"tradiciones mexicanas\",\"turismo\",\"un dia como hoy\",\"uninter\",\"universidad internacional\",\"videos\"],\"articleSection\":[\"Personas interesantes\"],\"inLanguage\":\"es\"},{\"@type\":\"WebPage\",\"@id\":\"https:\/\/blogs.uninter.edu.mx\/difusioncultural\/?p=3555\",\"url\":\"https:\/\/blogs.uninter.edu.mx\/difusioncultural\/?p=3555\",\"name\":\"Emmy Noether, la madre del \u00e1lgebra. - Difusi\u00f3n Cultural\",\"isPartOf\":{\"@id\":\"https:\/\/blogs.uninter.edu.mx\/difusioncultural\/#website\"},\"primaryImageOfPage\":{\"@id\":\"https:\/\/blogs.uninter.edu.mx\/difusioncultural\/?p=3555#primaryimage\"},\"image\":{\"@id\":\"https:\/\/blogs.uninter.edu.mx\/difusioncultural\/?p=3555#primaryimage\"},\"thumbnailUrl\":\"https:\/\/blogs.uninter.edu.mx\/difusioncultural\/wp-content\/uploads\/2015\/03\/sh-emmynoether.jpg\",\"datePublished\":\"2015-03-23T17:02:32+00:00\",\"breadcrumb\":{\"@id\":\"https:\/\/blogs.uninter.edu.mx\/difusioncultural\/?p=3555#breadcrumb\"},\"inLanguage\":\"es\",\"potentialAction\":[{\"@type\":\"ReadAction\",\"target\":[\"https:\/\/blogs.uninter.edu.mx\/difusioncultural\/?p=3555\"]}]},{\"@type\":\"ImageObject\",\"inLanguage\":\"es\",\"@id\":\"https:\/\/blogs.uninter.edu.mx\/difusioncultural\/?p=3555#primaryimage\",\"url\":\"https:\/\/blogs.uninter.edu.mx\/difusioncultural\/wp-content\/uploads\/2015\/03\/sh-emmynoether.jpg\",\"contentUrl\":\"https:\/\/blogs.uninter.edu.mx\/difusioncultural\/wp-content\/uploads\/2015\/03\/sh-emmynoether.jpg\",\"width\":300,\"height\":235},{\"@type\":\"BreadcrumbList\",\"@id\":\"https:\/\/blogs.uninter.edu.mx\/difusioncultural\/?p=3555#breadcrumb\",\"itemListElement\":[{\"@type\":\"ListItem\",\"position\":1,\"name\":\"Inicio\",\"item\":\"https:\/\/blogs.uninter.edu.mx\/difusioncultural\/\"},{\"@type\":\"ListItem\",\"position\":2,\"name\":\"Emmy Noether, la madre del \u00e1lgebra.\"}]},{\"@type\":\"WebSite\",\"@id\":\"https:\/\/blogs.uninter.edu.mx\/difusioncultural\/#website\",\"url\":\"https:\/\/blogs.uninter.edu.mx\/difusioncultural\/\",\"name\":\"Difusi\u00f3n Cultural\",\"description\":\"UNINTER\",\"publisher\":{\"@id\":\"https:\/\/blogs.uninter.edu.mx\/difusioncultural\/#organization\"},\"potentialAction\":[{\"@type\":\"SearchAction\",\"target\":{\"@type\":\"EntryPoint\",\"urlTemplate\":\"https:\/\/blogs.uninter.edu.mx\/difusioncultural\/?s={search_term_string}\"},\"query-input\":{\"@type\":\"PropertyValueSpecification\",\"valueRequired\":true,\"valueName\":\"search_term_string\"}}],\"inLanguage\":\"es\"},{\"@type\":\"Organization\",\"@id\":\"https:\/\/blogs.uninter.edu.mx\/difusioncultural\/#organization\",\"name\":\"Difusi\u00f3n Cultural\",\"url\":\"https:\/\/blogs.uninter.edu.mx\/difusioncultural\/\",\"logo\":{\"@type\":\"ImageObject\",\"inLanguage\":\"es\",\"@id\":\"https:\/\/blogs.uninter.edu.mx\/difusioncultural\/#\/schema\/logo\/image\/\",\"url\":\"https:\/\/blogs.uninter.edu.mx\/difusioncultural\/wp-content\/uploads\/2022\/09\/uninter.jpg\",\"contentUrl\":\"https:\/\/blogs.uninter.edu.mx\/difusioncultural\/wp-content\/uploads\/2022\/09\/uninter.jpg\",\"width\":2048,\"height\":2048,\"caption\":\"Difusi\u00f3n Cultural\"},\"image\":{\"@id\":\"https:\/\/blogs.uninter.edu.mx\/difusioncultural\/#\/schema\/logo\/image\/\"}},{\"@type\":\"Person\",\"@id\":\"https:\/\/blogs.uninter.edu.mx\/difusioncultural\/#\/schema\/person\/37a0926f4dd300a814993fd595abdc4a\",\"name\":\"webmaster\",\"image\":{\"@type\":\"ImageObject\",\"inLanguage\":\"es\",\"@id\":\"https:\/\/blogs.uninter.edu.mx\/difusioncultural\/#\/schema\/person\/image\/\",\"url\":\"https:\/\/secure.gravatar.com\/avatar\/a59c276b01147463ef3aab4118e3137ebc5e1ad6700deb39ccdf8b89e517f7dc?s=96&d=mm&r=g\",\"contentUrl\":\"https:\/\/secure.gravatar.com\/avatar\/a59c276b01147463ef3aab4118e3137ebc5e1ad6700deb39ccdf8b89e517f7dc?s=96&d=mm&r=g\",\"caption\":\"webmaster\"},\"sameAs\":[\"https:\/\/blogs.uninter.edu.mx\/difusioncultural\"],\"url\":\"https:\/\/blogs.uninter.edu.mx\/difusioncultural\/?author=1\"}]}<\/script>\r\n<!-- \/ Yoast SEO plugin. -->","yoast_head_json":{"title":"Emmy Noether, la madre del \u00e1lgebra. - Difusi\u00f3n Cultural","robots":{"index":"index","follow":"follow","max-snippet":"max-snippet:-1","max-image-preview":"max-image-preview:large","max-video-preview":"max-video-preview:-1"},"canonical":"https:\/\/blogs.uninter.edu.mx\/difusioncultural\/?p=3555","og_locale":"es_MX","og_type":"article","og_title":"Emmy Noether, la madre del \u00e1lgebra. - Difusi\u00f3n Cultural","og_description":"La mujer odiada por Hitler y admirada por Einstein Se cumplen 133 a\u00f1os del nacimiento de la matem\u00e1tica jud\u00eda Emmy Noether, que consigui\u00f3 dar clase cuando las mujeres ni siquiera pod\u00edan matricularse en la universidad. Si hay un nombre femenino que recordar en la historia de las matem\u00e1ticas es el de Emmy Noether. Por lo&hellip;","og_url":"https:\/\/blogs.uninter.edu.mx\/difusioncultural\/?p=3555","og_site_name":"Difusi\u00f3n Cultural","article_published_time":"2015-03-23T17:02:32+00:00","og_image":[{"width":300,"height":235,"url":"https:\/\/blogs.uninter.edu.mx\/difusioncultural\/wp-content\/uploads\/2015\/03\/sh-emmynoether.jpg","type":"image\/jpeg"}],"author":"webmaster","twitter_card":"summary_large_image","twitter_misc":{"Escrito por":"webmaster","Tiempo de lectura":"2 minutos"},"schema":{"@context":"https:\/\/schema.org","@graph":[{"@type":"Article","@id":"https:\/\/blogs.uninter.edu.mx\/difusioncultural\/?p=3555#article","isPartOf":{"@id":"https:\/\/blogs.uninter.edu.mx\/difusioncultural\/?p=3555"},"author":{"name":"webmaster","@id":"https:\/\/blogs.uninter.edu.mx\/difusioncultural\/#\/schema\/person\/37a0926f4dd300a814993fd595abdc4a"},"headline":"Emmy Noether, la madre del \u00e1lgebra.","datePublished":"2015-03-23T17:02:32+00:00","mainEntityOfPage":{"@id":"https:\/\/blogs.uninter.edu.mx\/difusioncultural\/?p=3555"},"wordCount":493,"publisher":{"@id":"https:\/\/blogs.uninter.edu.mx\/difusioncultural\/#organization"},"image":{"@id":"https:\/\/blogs.uninter.edu.mx\/difusioncultural\/?p=3555#primaryimage"},"thumbnailUrl":"https:\/\/blogs.uninter.edu.mx\/difusioncultural\/wp-content\/uploads\/2015\/03\/sh-emmynoether.jpg","keywords":["15 DE SEPTIEMBRE","acontecimientos","bachillerato","becas culturales","cultura","cultura de la paz","dia de la independencia uninter","D\u00eda Mundial de la Juventud","d\u00eda mundial del teatro","difusi\u00f3n cultural","efem\u00e9rides","estudiantes","eventos","festejos","festejos patrios uninter","Filarm\u00f3nica de Cuernavaca","gastronomia","guelaguetza","HIP HOP","historia","INDEPENDENCIA DE M\u00c9XICO","intercambios","jean cocteau","Jornada Cultural","licenciatura","maestria","Mexico","Miss UNINTER 2014","m\u00fasica","musicoterapia","oaxaca","personajes","posgrado","prepa","promoci\u00f3n","reto uninter","revoluci\u00f3n mexicana","salud","san valentin","secundaria","spanish school","talleres","talleres culturales","tradiciones","tradiciones meicanas","tradiciones mexicanas","turismo","un dia como hoy","uninter","universidad internacional","videos"],"articleSection":["Personas interesantes"],"inLanguage":"es"},{"@type":"WebPage","@id":"https:\/\/blogs.uninter.edu.mx\/difusioncultural\/?p=3555","url":"https:\/\/blogs.uninter.edu.mx\/difusioncultural\/?p=3555","name":"Emmy Noether, la madre del \u00e1lgebra. - Difusi\u00f3n Cultural","isPartOf":{"@id":"https:\/\/blogs.uninter.edu.mx\/difusioncultural\/#website"},"primaryImageOfPage":{"@id":"https:\/\/blogs.uninter.edu.mx\/difusioncultural\/?p=3555#primaryimage"},"image":{"@id":"https:\/\/blogs.uninter.edu.mx\/difusioncultural\/?p=3555#primaryimage"},"thumbnailUrl":"https:\/\/blogs.uninter.edu.mx\/difusioncultural\/wp-content\/uploads\/2015\/03\/sh-emmynoether.jpg","datePublished":"2015-03-23T17:02:32+00:00","breadcrumb":{"@id":"https:\/\/blogs.uninter.edu.mx\/difusioncultural\/?p=3555#breadcrumb"},"inLanguage":"es","potentialAction":[{"@type":"ReadAction","target":["https:\/\/blogs.uninter.edu.mx\/difusioncultural\/?p=3555"]}]},{"@type":"ImageObject","inLanguage":"es","@id":"https:\/\/blogs.uninter.edu.mx\/difusioncultural\/?p=3555#primaryimage","url":"https:\/\/blogs.uninter.edu.mx\/difusioncultural\/wp-content\/uploads\/2015\/03\/sh-emmynoether.jpg","contentUrl":"https:\/\/blogs.uninter.edu.mx\/difusioncultural\/wp-content\/uploads\/2015\/03\/sh-emmynoether.jpg","width":300,"height":235},{"@type":"BreadcrumbList","@id":"https:\/\/blogs.uninter.edu.mx\/difusioncultural\/?p=3555#breadcrumb","itemListElement":[{"@type":"ListItem","position":1,"name":"Inicio","item":"https:\/\/blogs.uninter.edu.mx\/difusioncultural\/"},{"@type":"ListItem","position":2,"name":"Emmy Noether, la madre del \u00e1lgebra."}]},{"@type":"WebSite","@id":"https:\/\/blogs.uninter.edu.mx\/difusioncultural\/#website","url":"https:\/\/blogs.uninter.edu.mx\/difusioncultural\/","name":"Difusi\u00f3n Cultural","description":"UNINTER","publisher":{"@id":"https:\/\/blogs.uninter.edu.mx\/difusioncultural\/#organization"},"potentialAction":[{"@type":"SearchAction","target":{"@type":"EntryPoint","urlTemplate":"https:\/\/blogs.uninter.edu.mx\/difusioncultural\/?s={search_term_string}"},"query-input":{"@type":"PropertyValueSpecification","valueRequired":true,"valueName":"search_term_string"}}],"inLanguage":"es"},{"@type":"Organization","@id":"https:\/\/blogs.uninter.edu.mx\/difusioncultural\/#organization","name":"Difusi\u00f3n Cultural","url":"https:\/\/blogs.uninter.edu.mx\/difusioncultural\/","logo":{"@type":"ImageObject","inLanguage":"es","@id":"https:\/\/blogs.uninter.edu.mx\/difusioncultural\/#\/schema\/logo\/image\/","url":"https:\/\/blogs.uninter.edu.mx\/difusioncultural\/wp-content\/uploads\/2022\/09\/uninter.jpg","contentUrl":"https:\/\/blogs.uninter.edu.mx\/difusioncultural\/wp-content\/uploads\/2022\/09\/uninter.jpg","width":2048,"height":2048,"caption":"Difusi\u00f3n Cultural"},"image":{"@id":"https:\/\/blogs.uninter.edu.mx\/difusioncultural\/#\/schema\/logo\/image\/"}},{"@type":"Person","@id":"https:\/\/blogs.uninter.edu.mx\/difusioncultural\/#\/schema\/person\/37a0926f4dd300a814993fd595abdc4a","name":"webmaster","image":{"@type":"ImageObject","inLanguage":"es","@id":"https:\/\/blogs.uninter.edu.mx\/difusioncultural\/#\/schema\/person\/image\/","url":"https:\/\/secure.gravatar.com\/avatar\/a59c276b01147463ef3aab4118e3137ebc5e1ad6700deb39ccdf8b89e517f7dc?s=96&d=mm&r=g","contentUrl":"https:\/\/secure.gravatar.com\/avatar\/a59c276b01147463ef3aab4118e3137ebc5e1ad6700deb39ccdf8b89e517f7dc?s=96&d=mm&r=g","caption":"webmaster"},"sameAs":["https:\/\/blogs.uninter.edu.mx\/difusioncultural"],"url":"https:\/\/blogs.uninter.edu.mx\/difusioncultural\/?author=1"}]}},"jetpack_publicize_connections":[],"jetpack_featured_media_url":"https:\/\/blogs.uninter.edu.mx\/difusioncultural\/wp-content\/uploads\/2015\/03\/sh-emmynoether.jpg","jetpack_sharing_enabled":true,"_links":{"self":[{"href":"https:\/\/blogs.uninter.edu.mx\/difusioncultural\/index.php?rest_route=\/wp\/v2\/posts\/3555","targetHints":{"allow":["GET"]}}],"collection":[{"href":"https:\/\/blogs.uninter.edu.mx\/difusioncultural\/index.php?rest_route=\/wp\/v2\/posts"}],"about":[{"href":"https:\/\/blogs.uninter.edu.mx\/difusioncultural\/index.php?rest_route=\/wp\/v2\/types\/post"}],"author":[{"embeddable":true,"href":"https:\/\/blogs.uninter.edu.mx\/difusioncultural\/index.php?rest_route=\/wp\/v2\/users\/1"}],"replies":[{"embeddable":true,"href":"https:\/\/blogs.uninter.edu.mx\/difusioncultural\/index.php?rest_route=%2Fwp%2Fv2%2Fcomments&post=3555"}],"version-history":[{"count":0,"href":"https:\/\/blogs.uninter.edu.mx\/difusioncultural\/index.php?rest_route=\/wp\/v2\/posts\/3555\/revisions"}],"wp:featuredmedia":[{"embeddable":true,"href":"https:\/\/blogs.uninter.edu.mx\/difusioncultural\/index.php?rest_route=\/wp\/v2\/media\/3556"}],"wp:attachment":[{"href":"https:\/\/blogs.uninter.edu.mx\/difusioncultural\/index.php?rest_route=%2Fwp%2Fv2%2Fmedia&parent=3555"}],"wp:term":[{"taxonomy":"category","embeddable":true,"href":"https:\/\/blogs.uninter.edu.mx\/difusioncultural\/index.php?rest_route=%2Fwp%2Fv2%2Fcategories&post=3555"},{"taxonomy":"post_tag","embeddable":true,"href":"https:\/\/blogs.uninter.edu.mx\/difusioncultural\/index.php?rest_route=%2Fwp%2Fv2%2Ftags&post=3555"}],"curies":[{"name":"wp","href":"https:\/\/api.w.org\/{rel}","templated":true}]}}