{"id":3572,"date":"2015-04-09T08:24:00","date_gmt":"2015-04-09T13:24:00","guid":{"rendered":"https:\/\/difusionculturaluninter.wordpress.com\/?p=3572"},"modified":"2015-04-09T08:24:00","modified_gmt":"2015-04-09T13:24:00","slug":"104-anos-104-fotografias-104-fotografos","status":"publish","type":"post","link":"https:\/\/blogs.uninter.edu.mx\/difusioncultural\/?p=3572","title":{"rendered":"104 A\u00f1os 104 Fotograf\u00edas\/ 104 Fot\u00f3grafos"},"content":{"rendered":"<p>Esta exposici\u00f3n es una invitaci\u00f3n a indagar el por qu\u00e9 s\u00f3lo ciertas fotograf\u00edas, principalmente del archivo Casasola, colonizaron el imaginario de la naci\u00f3n a lo largo de una centuria, y c\u00f3mo la reiterada edici\u00f3n y distribuci\u00f3n de esas im\u00e1genes que inspir\u00f3 a no pocos pintores, artistas gr\u00e1ficos, novelistas y cineastas, acab\u00f3 por convertirse en una especie de monumento nacional intocable e inamovible, que sepult\u00f3 por muchos a\u00f1os cualquier intento de ver y abordar la revoluci\u00f3n mexicana desde otra perspectiva.<\/p>\n<p>La investigaci\u00f3n es un intento por encontrar el orden perdido en el trastorno de esa memoria, y por explicar cu\u00e1l fue el papel que jug\u00f3 la fotograf\u00eda en la dimensi\u00f3n cultural que tuvo la revoluci\u00f3n pol\u00edtica. En ese sentido la exposici\u00f3n es una advertencia contra el peligro que implica la monopolizaci\u00f3n de la mirada, y propone una revisi\u00f3n de la revoluci\u00f3n mexicana a trav\u00e9s, no de una, sino de 104 miradas, muchas de ellas in\u00e9ditas. Son im\u00e1genes de cien fot\u00f3grafos mexicanos y extranjeros, profesionales y aficionados, que cubrieron la lucha armada en varias zonas geogr\u00e1ficas y durante m\u00e1s de dos d\u00e9cadas, especialmente en el periodo de 1910 a 1924.<br \/>\nA ciento cuatro a\u00f1os de distancia, las fracciones de segundo que dur\u00f3 cada registro fotogr\u00e1fico se convierten en un tiempo hist\u00f3rico que transcurre dentro de las fotograf\u00edas, son hilos conductores que nos ayudan a entender el complejo proceso de las construcciones visuales que sufri\u00f3 la naci\u00f3n a partir de la lucha armada. Sin embargo, debido a lo inestable, polivalente y ambiguo de las fotograf\u00edas, es necesario aprender a leer lo que aparentemente no es le\u00edble y dudar de lo que siempre ha sido indubitable.<br \/>\nEste trabajo es una invitaci\u00f3n para que no s\u00f3lo seamos espectadores, sino tambi\u00e9n lectores de las fotograf\u00edas, para que tengamos una aproximaci\u00f3n visual, pero tambi\u00e9n textual a ellas. Este es un ejercicio para gozar lo que denotan, pero sobre todo para reflexionar en lo que connotan estas im\u00e1genes hist\u00f3ricas.<br \/>\nAl confrontar la diversidad de esas ciento cuatro miradas que sobrevivieron ancladas milagrosamente fuera de la historia, &#8220;104 a\u00f1os, 104 fotograf\u00edas, 104 fot\u00f3grafos&#8221;, busca el ant\u00eddoto contra los efectos de la mirada monol\u00edtica que domin\u00f3 la imaginaci\u00f3n de los mexicanos durante varias d\u00e9cadas, y propone a la vez la necesaria e imprescindible multiplicidad de miradas que debemos poner en pr\u00e1ctica los herederos de la historia de uno de los sucesos m\u00e1s importantes del siglo XX.<br \/>\n<strong>MUSEO NACIONAL DE LA REVOLUCI\u00d3N<\/strong><\/p>\n<h2><strong>Fecha: Martes a domingo hasta el 29 de marzo de 2015.<\/strong><\/h2>\n<h2><strong>De martes a viernes de 9 a 6 p.m.<\/strong><\/h2>\n<h2><strong>S\u00e1bados y domingos de 9:30 a 6:30 pm\u00a0<\/strong><\/h2>\n<h2><strong>Entrada general: $26.00<\/strong><\/h2>\n<h2><strong>50% de descuento al presentar credencial vigente de estudiante, maestro e INAPAM.<\/strong><\/h2>\n","protected":false},"excerpt":{"rendered":"<p>Esta exposici\u00f3n es una invitaci\u00f3n a indagar el por qu\u00e9 s\u00f3lo ciertas fotograf\u00edas, principalmente del archivo Casasola, colonizaron el imaginario de la naci\u00f3n a lo largo de una centuria, y c\u00f3mo la reiterada edici\u00f3n y distribuci\u00f3n de esas im\u00e1genes que inspir\u00f3 a no pocos pintores, artistas gr\u00e1ficos, novelistas y cineastas, acab\u00f3 por convertirse en una&hellip;<\/p>\n","protected":false},"author":1,"featured_media":3573,"comment_status":"closed","ping_status":"open","sticky":false,"template":"","format":"standard","meta":{"_jetpack_memberships_contains_paid_content":false,"footnotes":"","jetpack_publicize_message":"","jetpack_publicize_feature_enabled":true,"jetpack_social_post_already_shared":false,"jetpack_social_options":{"image_generator_settings":{"template":"highway","default_image_id":0,"font":"","enabled":false},"version":2}},"categories":[8],"tags":[20,26,36,41,93,94,108,104,105,113,116,129,131,136,137,139,143,147,150,151,162,163,176,177,190,195,204,211,201,220,239,244,253,255,260,264,265,271,272,277,280],"class_list":["post-3572","post","type-post","status-publish","format-standard","has-post-thumbnail","hentry","category-eventos","tag-15-de-septiembre","tag-acontecimientos","tag-bachillerato","tag-becas-culturales","tag-cultura","tag-cultura-de-la-paz","tag-dia-de-la-independencia-uninter","tag-dia-mundial-de-la-juventud","tag-dia-mundial-del-teatro","tag-difusion-cultural","tag-efemerides","tag-estudiantes","tag-eventos","tag-festejos","tag-festejos-patrios-uninter","tag-filarmonica-de-cuernavaca","tag-gastronomia","tag-guelaguetza","tag-hip-hop","tag-historia","tag-independencia-de-mexico","tag-intercambios","tag-jean-cocteau","tag-jornada-cultural","tag-licenciatura","tag-maestria","tag-mexico","tag-miss-uninter-2014","tag-musica","tag-musicoterapia","tag-oaxaca","tag-personajes","tag-posgrado","tag-prepa","tag-promocion","tag-reto-uninter","tag-revolucion-mexicana","tag-salud","tag-san-valentin","tag-secundaria","tag-spanish-school"],"yoast_head":"<!-- This site is optimized with the Yoast SEO plugin v26.3 - https:\/\/yoast.com\/wordpress\/plugins\/seo\/ -->\r\n<title>104 A\u00f1os 104 Fotograf\u00edas\/ 104 Fot\u00f3grafos - Difusi\u00f3n Cultural<\/title>\r\n<meta name=\"robots\" content=\"index, follow, max-snippet:-1, max-image-preview:large, max-video-preview:-1\" \/>\r\n<link rel=\"canonical\" href=\"https:\/\/blogs.uninter.edu.mx\/difusioncultural\/?p=3572\" \/>\r\n<meta property=\"og:locale\" content=\"es_MX\" \/>\r\n<meta property=\"og:type\" content=\"article\" \/>\r\n<meta property=\"og:title\" content=\"104 A\u00f1os 104 Fotograf\u00edas\/ 104 Fot\u00f3grafos - Difusi\u00f3n Cultural\" \/>\r\n<meta property=\"og:description\" content=\"Esta exposici\u00f3n es una invitaci\u00f3n a indagar el por qu\u00e9 s\u00f3lo ciertas fotograf\u00edas, principalmente del archivo Casasola, colonizaron el imaginario de la naci\u00f3n a lo largo de una centuria, y c\u00f3mo la reiterada edici\u00f3n y distribuci\u00f3n de esas im\u00e1genes que inspir\u00f3 a no pocos pintores, artistas gr\u00e1ficos, novelistas y cineastas, acab\u00f3 por convertirse en una&hellip;\" \/>\r\n<meta property=\"og:url\" content=\"https:\/\/blogs.uninter.edu.mx\/difusioncultural\/?p=3572\" \/>\r\n<meta property=\"og:site_name\" content=\"Difusi\u00f3n Cultural\" \/>\r\n<meta property=\"article:published_time\" content=\"2015-04-09T13:24:00+00:00\" \/>\r\n<meta property=\"og:image\" content=\"https:\/\/blogs.uninter.edu.mx\/difusioncultural\/wp-content\/uploads\/2015\/04\/104_2_1422991763.jpg\" \/>\r\n\t<meta property=\"og:image:width\" content=\"390\" \/>\r\n\t<meta property=\"og:image:height\" content=\"140\" \/>\r\n\t<meta property=\"og:image:type\" content=\"image\/jpeg\" \/>\r\n<meta name=\"author\" content=\"webmaster\" \/>\r\n<meta name=\"twitter:card\" content=\"summary_large_image\" \/>\r\n<meta name=\"twitter:label1\" content=\"Escrito por\" \/>\n\t<meta name=\"twitter:data1\" content=\"webmaster\" \/>\n\t<meta name=\"twitter:label2\" content=\"Tiempo de lectura\" \/>\n\t<meta name=\"twitter:data2\" content=\"2 minutos\" \/>\r\n<script type=\"application\/ld+json\" class=\"yoast-schema-graph\">{\"@context\":\"https:\/\/schema.org\",\"@graph\":[{\"@type\":\"Article\",\"@id\":\"https:\/\/blogs.uninter.edu.mx\/difusioncultural\/?p=3572#article\",\"isPartOf\":{\"@id\":\"https:\/\/blogs.uninter.edu.mx\/difusioncultural\/?p=3572\"},\"author\":{\"name\":\"webmaster\",\"@id\":\"https:\/\/blogs.uninter.edu.mx\/difusioncultural\/#\/schema\/person\/37a0926f4dd300a814993fd595abdc4a\"},\"headline\":\"104 A\u00f1os 104 Fotograf\u00edas\/ 104 Fot\u00f3grafos\",\"datePublished\":\"2015-04-09T13:24:00+00:00\",\"mainEntityOfPage\":{\"@id\":\"https:\/\/blogs.uninter.edu.mx\/difusioncultural\/?p=3572\"},\"wordCount\":492,\"publisher\":{\"@id\":\"https:\/\/blogs.uninter.edu.mx\/difusioncultural\/#organization\"},\"image\":{\"@id\":\"https:\/\/blogs.uninter.edu.mx\/difusioncultural\/?p=3572#primaryimage\"},\"thumbnailUrl\":\"https:\/\/blogs.uninter.edu.mx\/difusioncultural\/wp-content\/uploads\/2015\/04\/104_2_1422991763.jpg\",\"keywords\":[\"15 DE SEPTIEMBRE\",\"acontecimientos\",\"bachillerato\",\"becas culturales\",\"cultura\",\"cultura de la paz\",\"dia de la independencia uninter\",\"D\u00eda Mundial de la Juventud\",\"d\u00eda mundial del teatro\",\"difusi\u00f3n cultural\",\"efem\u00e9rides\",\"estudiantes\",\"eventos\",\"festejos\",\"festejos patrios uninter\",\"Filarm\u00f3nica de Cuernavaca\",\"gastronomia\",\"guelaguetza\",\"HIP HOP\",\"historia\",\"INDEPENDENCIA DE M\u00c9XICO\",\"intercambios\",\"jean cocteau\",\"Jornada Cultural\",\"licenciatura\",\"maestria\",\"Mexico\",\"Miss UNINTER 2014\",\"m\u00fasica\",\"musicoterapia\",\"oaxaca\",\"personajes\",\"posgrado\",\"prepa\",\"promoci\u00f3n\",\"reto uninter\",\"revoluci\u00f3n mexicana\",\"salud\",\"san valentin\",\"secundaria\",\"spanish school\"],\"articleSection\":[\"Eventos\"],\"inLanguage\":\"es\"},{\"@type\":\"WebPage\",\"@id\":\"https:\/\/blogs.uninter.edu.mx\/difusioncultural\/?p=3572\",\"url\":\"https:\/\/blogs.uninter.edu.mx\/difusioncultural\/?p=3572\",\"name\":\"104 A\u00f1os 104 Fotograf\u00edas\/ 104 Fot\u00f3grafos - Difusi\u00f3n Cultural\",\"isPartOf\":{\"@id\":\"https:\/\/blogs.uninter.edu.mx\/difusioncultural\/#website\"},\"primaryImageOfPage\":{\"@id\":\"https:\/\/blogs.uninter.edu.mx\/difusioncultural\/?p=3572#primaryimage\"},\"image\":{\"@id\":\"https:\/\/blogs.uninter.edu.mx\/difusioncultural\/?p=3572#primaryimage\"},\"thumbnailUrl\":\"https:\/\/blogs.uninter.edu.mx\/difusioncultural\/wp-content\/uploads\/2015\/04\/104_2_1422991763.jpg\",\"datePublished\":\"2015-04-09T13:24:00+00:00\",\"breadcrumb\":{\"@id\":\"https:\/\/blogs.uninter.edu.mx\/difusioncultural\/?p=3572#breadcrumb\"},\"inLanguage\":\"es\",\"potentialAction\":[{\"@type\":\"ReadAction\",\"target\":[\"https:\/\/blogs.uninter.edu.mx\/difusioncultural\/?p=3572\"]}]},{\"@type\":\"ImageObject\",\"inLanguage\":\"es\",\"@id\":\"https:\/\/blogs.uninter.edu.mx\/difusioncultural\/?p=3572#primaryimage\",\"url\":\"https:\/\/blogs.uninter.edu.mx\/difusioncultural\/wp-content\/uploads\/2015\/04\/104_2_1422991763.jpg\",\"contentUrl\":\"https:\/\/blogs.uninter.edu.mx\/difusioncultural\/wp-content\/uploads\/2015\/04\/104_2_1422991763.jpg\",\"width\":390,\"height\":140},{\"@type\":\"BreadcrumbList\",\"@id\":\"https:\/\/blogs.uninter.edu.mx\/difusioncultural\/?p=3572#breadcrumb\",\"itemListElement\":[{\"@type\":\"ListItem\",\"position\":1,\"name\":\"Inicio\",\"item\":\"https:\/\/blogs.uninter.edu.mx\/difusioncultural\/\"},{\"@type\":\"ListItem\",\"position\":2,\"name\":\"104 A\u00f1os 104 Fotograf\u00edas\/ 104 Fot\u00f3grafos\"}]},{\"@type\":\"WebSite\",\"@id\":\"https:\/\/blogs.uninter.edu.mx\/difusioncultural\/#website\",\"url\":\"https:\/\/blogs.uninter.edu.mx\/difusioncultural\/\",\"name\":\"Difusi\u00f3n Cultural\",\"description\":\"UNINTER\",\"publisher\":{\"@id\":\"https:\/\/blogs.uninter.edu.mx\/difusioncultural\/#organization\"},\"potentialAction\":[{\"@type\":\"SearchAction\",\"target\":{\"@type\":\"EntryPoint\",\"urlTemplate\":\"https:\/\/blogs.uninter.edu.mx\/difusioncultural\/?s={search_term_string}\"},\"query-input\":{\"@type\":\"PropertyValueSpecification\",\"valueRequired\":true,\"valueName\":\"search_term_string\"}}],\"inLanguage\":\"es\"},{\"@type\":\"Organization\",\"@id\":\"https:\/\/blogs.uninter.edu.mx\/difusioncultural\/#organization\",\"name\":\"Difusi\u00f3n Cultural\",\"url\":\"https:\/\/blogs.uninter.edu.mx\/difusioncultural\/\",\"logo\":{\"@type\":\"ImageObject\",\"inLanguage\":\"es\",\"@id\":\"https:\/\/blogs.uninter.edu.mx\/difusioncultural\/#\/schema\/logo\/image\/\",\"url\":\"https:\/\/blogs.uninter.edu.mx\/difusioncultural\/wp-content\/uploads\/2022\/09\/uninter.jpg\",\"contentUrl\":\"https:\/\/blogs.uninter.edu.mx\/difusioncultural\/wp-content\/uploads\/2022\/09\/uninter.jpg\",\"width\":2048,\"height\":2048,\"caption\":\"Difusi\u00f3n Cultural\"},\"image\":{\"@id\":\"https:\/\/blogs.uninter.edu.mx\/difusioncultural\/#\/schema\/logo\/image\/\"}},{\"@type\":\"Person\",\"@id\":\"https:\/\/blogs.uninter.edu.mx\/difusioncultural\/#\/schema\/person\/37a0926f4dd300a814993fd595abdc4a\",\"name\":\"webmaster\",\"image\":{\"@type\":\"ImageObject\",\"inLanguage\":\"es\",\"@id\":\"https:\/\/blogs.uninter.edu.mx\/difusioncultural\/#\/schema\/person\/image\/\",\"url\":\"https:\/\/secure.gravatar.com\/avatar\/a59c276b01147463ef3aab4118e3137ebc5e1ad6700deb39ccdf8b89e517f7dc?s=96&d=mm&r=g\",\"contentUrl\":\"https:\/\/secure.gravatar.com\/avatar\/a59c276b01147463ef3aab4118e3137ebc5e1ad6700deb39ccdf8b89e517f7dc?s=96&d=mm&r=g\",\"caption\":\"webmaster\"},\"sameAs\":[\"https:\/\/blogs.uninter.edu.mx\/difusioncultural\"],\"url\":\"https:\/\/blogs.uninter.edu.mx\/difusioncultural\/?author=1\"}]}<\/script>\r\n<!-- \/ Yoast SEO plugin. -->","yoast_head_json":{"title":"104 A\u00f1os 104 Fotograf\u00edas\/ 104 Fot\u00f3grafos - Difusi\u00f3n Cultural","robots":{"index":"index","follow":"follow","max-snippet":"max-snippet:-1","max-image-preview":"max-image-preview:large","max-video-preview":"max-video-preview:-1"},"canonical":"https:\/\/blogs.uninter.edu.mx\/difusioncultural\/?p=3572","og_locale":"es_MX","og_type":"article","og_title":"104 A\u00f1os 104 Fotograf\u00edas\/ 104 Fot\u00f3grafos - Difusi\u00f3n Cultural","og_description":"Esta exposici\u00f3n es una invitaci\u00f3n a indagar el por qu\u00e9 s\u00f3lo ciertas fotograf\u00edas, principalmente del archivo Casasola, colonizaron el imaginario de la naci\u00f3n a lo largo de una centuria, y c\u00f3mo la reiterada edici\u00f3n y distribuci\u00f3n de esas im\u00e1genes que inspir\u00f3 a no pocos pintores, artistas gr\u00e1ficos, novelistas y cineastas, acab\u00f3 por convertirse en una&hellip;","og_url":"https:\/\/blogs.uninter.edu.mx\/difusioncultural\/?p=3572","og_site_name":"Difusi\u00f3n Cultural","article_published_time":"2015-04-09T13:24:00+00:00","og_image":[{"width":390,"height":140,"url":"https:\/\/blogs.uninter.edu.mx\/difusioncultural\/wp-content\/uploads\/2015\/04\/104_2_1422991763.jpg","type":"image\/jpeg"}],"author":"webmaster","twitter_card":"summary_large_image","twitter_misc":{"Escrito por":"webmaster","Tiempo de lectura":"2 minutos"},"schema":{"@context":"https:\/\/schema.org","@graph":[{"@type":"Article","@id":"https:\/\/blogs.uninter.edu.mx\/difusioncultural\/?p=3572#article","isPartOf":{"@id":"https:\/\/blogs.uninter.edu.mx\/difusioncultural\/?p=3572"},"author":{"name":"webmaster","@id":"https:\/\/blogs.uninter.edu.mx\/difusioncultural\/#\/schema\/person\/37a0926f4dd300a814993fd595abdc4a"},"headline":"104 A\u00f1os 104 Fotograf\u00edas\/ 104 Fot\u00f3grafos","datePublished":"2015-04-09T13:24:00+00:00","mainEntityOfPage":{"@id":"https:\/\/blogs.uninter.edu.mx\/difusioncultural\/?p=3572"},"wordCount":492,"publisher":{"@id":"https:\/\/blogs.uninter.edu.mx\/difusioncultural\/#organization"},"image":{"@id":"https:\/\/blogs.uninter.edu.mx\/difusioncultural\/?p=3572#primaryimage"},"thumbnailUrl":"https:\/\/blogs.uninter.edu.mx\/difusioncultural\/wp-content\/uploads\/2015\/04\/104_2_1422991763.jpg","keywords":["15 DE SEPTIEMBRE","acontecimientos","bachillerato","becas culturales","cultura","cultura de la paz","dia de la independencia uninter","D\u00eda Mundial de la Juventud","d\u00eda mundial del teatro","difusi\u00f3n cultural","efem\u00e9rides","estudiantes","eventos","festejos","festejos patrios uninter","Filarm\u00f3nica de Cuernavaca","gastronomia","guelaguetza","HIP HOP","historia","INDEPENDENCIA DE M\u00c9XICO","intercambios","jean cocteau","Jornada Cultural","licenciatura","maestria","Mexico","Miss UNINTER 2014","m\u00fasica","musicoterapia","oaxaca","personajes","posgrado","prepa","promoci\u00f3n","reto uninter","revoluci\u00f3n mexicana","salud","san valentin","secundaria","spanish school"],"articleSection":["Eventos"],"inLanguage":"es"},{"@type":"WebPage","@id":"https:\/\/blogs.uninter.edu.mx\/difusioncultural\/?p=3572","url":"https:\/\/blogs.uninter.edu.mx\/difusioncultural\/?p=3572","name":"104 A\u00f1os 104 Fotograf\u00edas\/ 104 Fot\u00f3grafos - Difusi\u00f3n Cultural","isPartOf":{"@id":"https:\/\/blogs.uninter.edu.mx\/difusioncultural\/#website"},"primaryImageOfPage":{"@id":"https:\/\/blogs.uninter.edu.mx\/difusioncultural\/?p=3572#primaryimage"},"image":{"@id":"https:\/\/blogs.uninter.edu.mx\/difusioncultural\/?p=3572#primaryimage"},"thumbnailUrl":"https:\/\/blogs.uninter.edu.mx\/difusioncultural\/wp-content\/uploads\/2015\/04\/104_2_1422991763.jpg","datePublished":"2015-04-09T13:24:00+00:00","breadcrumb":{"@id":"https:\/\/blogs.uninter.edu.mx\/difusioncultural\/?p=3572#breadcrumb"},"inLanguage":"es","potentialAction":[{"@type":"ReadAction","target":["https:\/\/blogs.uninter.edu.mx\/difusioncultural\/?p=3572"]}]},{"@type":"ImageObject","inLanguage":"es","@id":"https:\/\/blogs.uninter.edu.mx\/difusioncultural\/?p=3572#primaryimage","url":"https:\/\/blogs.uninter.edu.mx\/difusioncultural\/wp-content\/uploads\/2015\/04\/104_2_1422991763.jpg","contentUrl":"https:\/\/blogs.uninter.edu.mx\/difusioncultural\/wp-content\/uploads\/2015\/04\/104_2_1422991763.jpg","width":390,"height":140},{"@type":"BreadcrumbList","@id":"https:\/\/blogs.uninter.edu.mx\/difusioncultural\/?p=3572#breadcrumb","itemListElement":[{"@type":"ListItem","position":1,"name":"Inicio","item":"https:\/\/blogs.uninter.edu.mx\/difusioncultural\/"},{"@type":"ListItem","position":2,"name":"104 A\u00f1os 104 Fotograf\u00edas\/ 104 Fot\u00f3grafos"}]},{"@type":"WebSite","@id":"https:\/\/blogs.uninter.edu.mx\/difusioncultural\/#website","url":"https:\/\/blogs.uninter.edu.mx\/difusioncultural\/","name":"Difusi\u00f3n Cultural","description":"UNINTER","publisher":{"@id":"https:\/\/blogs.uninter.edu.mx\/difusioncultural\/#organization"},"potentialAction":[{"@type":"SearchAction","target":{"@type":"EntryPoint","urlTemplate":"https:\/\/blogs.uninter.edu.mx\/difusioncultural\/?s={search_term_string}"},"query-input":{"@type":"PropertyValueSpecification","valueRequired":true,"valueName":"search_term_string"}}],"inLanguage":"es"},{"@type":"Organization","@id":"https:\/\/blogs.uninter.edu.mx\/difusioncultural\/#organization","name":"Difusi\u00f3n Cultural","url":"https:\/\/blogs.uninter.edu.mx\/difusioncultural\/","logo":{"@type":"ImageObject","inLanguage":"es","@id":"https:\/\/blogs.uninter.edu.mx\/difusioncultural\/#\/schema\/logo\/image\/","url":"https:\/\/blogs.uninter.edu.mx\/difusioncultural\/wp-content\/uploads\/2022\/09\/uninter.jpg","contentUrl":"https:\/\/blogs.uninter.edu.mx\/difusioncultural\/wp-content\/uploads\/2022\/09\/uninter.jpg","width":2048,"height":2048,"caption":"Difusi\u00f3n Cultural"},"image":{"@id":"https:\/\/blogs.uninter.edu.mx\/difusioncultural\/#\/schema\/logo\/image\/"}},{"@type":"Person","@id":"https:\/\/blogs.uninter.edu.mx\/difusioncultural\/#\/schema\/person\/37a0926f4dd300a814993fd595abdc4a","name":"webmaster","image":{"@type":"ImageObject","inLanguage":"es","@id":"https:\/\/blogs.uninter.edu.mx\/difusioncultural\/#\/schema\/person\/image\/","url":"https:\/\/secure.gravatar.com\/avatar\/a59c276b01147463ef3aab4118e3137ebc5e1ad6700deb39ccdf8b89e517f7dc?s=96&d=mm&r=g","contentUrl":"https:\/\/secure.gravatar.com\/avatar\/a59c276b01147463ef3aab4118e3137ebc5e1ad6700deb39ccdf8b89e517f7dc?s=96&d=mm&r=g","caption":"webmaster"},"sameAs":["https:\/\/blogs.uninter.edu.mx\/difusioncultural"],"url":"https:\/\/blogs.uninter.edu.mx\/difusioncultural\/?author=1"}]}},"jetpack_publicize_connections":[],"jetpack_featured_media_url":"https:\/\/blogs.uninter.edu.mx\/difusioncultural\/wp-content\/uploads\/2015\/04\/104_2_1422991763.jpg","jetpack_sharing_enabled":true,"_links":{"self":[{"href":"https:\/\/blogs.uninter.edu.mx\/difusioncultural\/index.php?rest_route=\/wp\/v2\/posts\/3572","targetHints":{"allow":["GET"]}}],"collection":[{"href":"https:\/\/blogs.uninter.edu.mx\/difusioncultural\/index.php?rest_route=\/wp\/v2\/posts"}],"about":[{"href":"https:\/\/blogs.uninter.edu.mx\/difusioncultural\/index.php?rest_route=\/wp\/v2\/types\/post"}],"author":[{"embeddable":true,"href":"https:\/\/blogs.uninter.edu.mx\/difusioncultural\/index.php?rest_route=\/wp\/v2\/users\/1"}],"replies":[{"embeddable":true,"href":"https:\/\/blogs.uninter.edu.mx\/difusioncultural\/index.php?rest_route=%2Fwp%2Fv2%2Fcomments&post=3572"}],"version-history":[{"count":0,"href":"https:\/\/blogs.uninter.edu.mx\/difusioncultural\/index.php?rest_route=\/wp\/v2\/posts\/3572\/revisions"}],"wp:featuredmedia":[{"embeddable":true,"href":"https:\/\/blogs.uninter.edu.mx\/difusioncultural\/index.php?rest_route=\/wp\/v2\/media\/3573"}],"wp:attachment":[{"href":"https:\/\/blogs.uninter.edu.mx\/difusioncultural\/index.php?rest_route=%2Fwp%2Fv2%2Fmedia&parent=3572"}],"wp:term":[{"taxonomy":"category","embeddable":true,"href":"https:\/\/blogs.uninter.edu.mx\/difusioncultural\/index.php?rest_route=%2Fwp%2Fv2%2Fcategories&post=3572"},{"taxonomy":"post_tag","embeddable":true,"href":"https:\/\/blogs.uninter.edu.mx\/difusioncultural\/index.php?rest_route=%2Fwp%2Fv2%2Ftags&post=3572"}],"curies":[{"name":"wp","href":"https:\/\/api.w.org\/{rel}","templated":true}]}}