{"id":3576,"date":"2015-04-07T08:54:00","date_gmt":"2015-04-07T13:54:00","guid":{"rendered":"https:\/\/difusionculturaluninter.wordpress.com\/?p=3576"},"modified":"2015-04-07T08:54:00","modified_gmt":"2015-04-07T13:54:00","slug":"centro-cultural-universitario-ccu","status":"publish","type":"post","link":"https:\/\/blogs.uninter.edu.mx\/difusioncultural\/?p=3576","title":{"rendered":"Centro Cultural Universitario (CCU)"},"content":{"rendered":"<p>En 2005, tras la construcci\u00f3n de la nueva sede de la Secretaria de Relaciones Exteriores, el antiguo edificio ubicado en Tlatelolco estuvo a disposici\u00f3n pol\u00edtica\u00a0 del GDF dando lugar a un acuerdo para que la Universidad Nacional Aut\u00f3noma de M\u00e9xico creara el Centro Cultural Universitario Tlatelolco mismo que se encuentra abierto al p\u00fablico desde 2007.<\/p>\n<p>El 7 de marzo se funda el Centro Cultural Universitario (CCU), sito en Av. Hidalgo 120, con una Escuela de Filosof\u00eda y Letras e incorporado a la UNAM, gracias a las facilidades otorgadas por el rector de \u00e9sta, Dr. Rodulfo Brito Foucher 1<br \/>\nEl CCU inicia trabajos con siete profesores y 13 alumnos; para noviembre del mismo a\u00f1o, la matr\u00edcula se incrementa a 22. Diez a\u00f1os despu\u00e9s, el CCU se convierte en la Universidad Iberoamericana.<\/p>\n<p><strong><span style=\"color:#cc0033;\"><span class=\"TEXTO2\">HISTORIA DE TLATELOLCO<\/span><\/span><\/strong><br \/>\nEl siglo xx vio en Tlatelolco una suerte de leit motiv, \u00fatil para entender varios de los cap\u00edtulos de la historia mexicana. La convirti\u00f3 m\u00e1s que en un punto de la geograf\u00eda, en una coordenada que daba cuenta del significado de un enorme segmento temporal que abarcaba desde los episodios del universo mesoamericano hasta el surgimiento de la tortuosa modernidad fraguada por el M\u00e9xico posrevolucionario. Con cierta reserva, se estima que hacia 1338 algunos grupos provenientes de Tenochti-tlan fundaron ah\u00ed la segunda ciudad en importancia del mundo mexica, en lo que era el \u00faltimo lindero occidental del Lago de Texcoco. No ha sido f\u00e1cil determinar si esa emigraci\u00f3n fue resultado de una escisi\u00f3n violenta o de un pacto pol\u00edtico, pero Tlatelolco se convirti\u00f3 paulatinamente en la gran ciudad-mercado de la cuenca central y en el mayor crucero comercial de la geograf\u00eda mexica. Se dice que en su momento de auge la ciudad estuvo integrada por 20 barrios o calpullis, con nombres en lengua n\u00e1huatl, algunos de los cuales han sobrevivido hasta nuestros d\u00edas: Tepiton, Acozac, Nonohualco, Xolalpa, Atezcapan, Tecualtitlan, etc.<br \/>\nEn una fecha pr\u00f3xima a la Pascua de Resurrecci\u00f3n de 1520, bajo el mando de Pedro de Alvarado se perpetr\u00f3 una matanza durante la fiesta de t\u00f3xcatl \u2013relativa al renacimiento de Tezcatlipoca\u2013, y ah\u00ed tambi\u00e9n se verific\u00f3 lo que quiz\u00e1 fue el \u00faltimo intento de rechazo de la invasi\u00f3n espa\u00f1ola, cuando los guerreros mexicas se replegaron oponiendo una resistencia que dur\u00f3 casi dos meses.<br \/>\nDesde los umbrales de la \u00e9poca novohispana, el sitio continu\u00f3 viviendo bajo una intensa din\u00e1mica que puede constatarse en las Cartas de relaci\u00f3n redactadas por Hern\u00e1n Cort\u00e9s o en la prosa testimonial del fraile franciscano Juan de Torquemada en su Monarqu\u00eda indiana. Los misioneros espa\u00f1oles construyeron primero en su plaza central el templo dedicado a Santiago Ap\u00f3stol y, en la epifan\u00eda de 1536, el virrey Antonio de Mendoza fund\u00f3 el Colegio Imperial de la Santa Cruz, instituci\u00f3n que se convirti\u00f3 en el principal punto de encuentro intelectual del mestizaje, asociado tanto a los frailes Juan de Zum\u00e1rraga, Bernardino de Sahag\u00fan y Juan de Foucher como a los hijos de los principales se\u00f1ores de la estructura ind\u00edgena, a quienes se adoctrin\u00f3 en el catolicismo bajo el poderoso influjo de la tradici\u00f3n grecolatina, aprendizaje clave en la formaci\u00f3n de algunos de ellos como cronistas de la extinci\u00f3n de un mundo que paulatinamente se ve\u00eda eclipsado por la presencia de Occidente. La historia general de las cosas de Nueva Espa\u00f1a y los c\u00f3dices Florentino y Matritense forman en s\u00ed mismos una descripci\u00f3n de los alcances del proyecto educativo en que se cifraba el gran experimento cultural. Asimismo, la historia de Tlatelolco es inseparable de la de Juan Badiano, autor del primer gran c\u00f3dice de la herbolaria medicinal aparecido en el virreinato.<\/p>\n","protected":false},"excerpt":{"rendered":"<p>En 2005, tras la construcci\u00f3n de la nueva sede de la Secretaria de Relaciones Exteriores, el antiguo edificio ubicado en Tlatelolco estuvo a disposici\u00f3n pol\u00edtica\u00a0 del GDF dando lugar a un acuerdo para que la Universidad Nacional Aut\u00f3noma de M\u00e9xico creara el Centro Cultural Universitario Tlatelolco mismo que se encuentra abierto al p\u00fablico desde 2007.&hellip;<\/p>\n","protected":false},"author":1,"featured_media":3577,"comment_status":"closed","ping_status":"open","sticky":false,"template":"","format":"standard","meta":{"_jetpack_memberships_contains_paid_content":false,"footnotes":"","jetpack_publicize_message":"","jetpack_publicize_feature_enabled":true,"jetpack_social_post_already_shared":false,"jetpack_social_options":{"image_generator_settings":{"template":"highway","default_image_id":0,"font":"","enabled":false},"version":2}},"categories":[1],"tags":[20,26,36,41,93,94,108,104,105,113,116,129,131,136,137,139,143,147,150,151,162,163,176,177,190,195,204,211,201,220,239,244,253,255,260],"class_list":["post-3576","post","type-post","status-publish","format-standard","has-post-thumbnail","hentry","category-sin-categoria","tag-15-de-septiembre","tag-acontecimientos","tag-bachillerato","tag-becas-culturales","tag-cultura","tag-cultura-de-la-paz","tag-dia-de-la-independencia-uninter","tag-dia-mundial-de-la-juventud","tag-dia-mundial-del-teatro","tag-difusion-cultural","tag-efemerides","tag-estudiantes","tag-eventos","tag-festejos","tag-festejos-patrios-uninter","tag-filarmonica-de-cuernavaca","tag-gastronomia","tag-guelaguetza","tag-hip-hop","tag-historia","tag-independencia-de-mexico","tag-intercambios","tag-jean-cocteau","tag-jornada-cultural","tag-licenciatura","tag-maestria","tag-mexico","tag-miss-uninter-2014","tag-musica","tag-musicoterapia","tag-oaxaca","tag-personajes","tag-posgrado","tag-prepa","tag-promocion"],"yoast_head":"<!-- This site is optimized with the Yoast SEO plugin v26.3 - https:\/\/yoast.com\/wordpress\/plugins\/seo\/ -->\r\n<title>Centro Cultural Universitario (CCU) - Difusi\u00f3n Cultural<\/title>\r\n<meta name=\"robots\" content=\"index, follow, max-snippet:-1, max-image-preview:large, max-video-preview:-1\" \/>\r\n<link rel=\"canonical\" href=\"https:\/\/blogs.uninter.edu.mx\/difusioncultural\/?p=3576\" \/>\r\n<meta property=\"og:locale\" content=\"es_MX\" \/>\r\n<meta property=\"og:type\" content=\"article\" \/>\r\n<meta property=\"og:title\" content=\"Centro Cultural Universitario (CCU) - Difusi\u00f3n Cultural\" \/>\r\n<meta property=\"og:description\" content=\"En 2005, tras la construcci\u00f3n de la nueva sede de la Secretaria de Relaciones Exteriores, el antiguo edificio ubicado en Tlatelolco estuvo a disposici\u00f3n pol\u00edtica\u00a0 del GDF dando lugar a un acuerdo para que la Universidad Nacional Aut\u00f3noma de M\u00e9xico creara el Centro Cultural Universitario Tlatelolco mismo que se encuentra abierto al p\u00fablico desde 2007.&hellip;\" \/>\r\n<meta property=\"og:url\" content=\"https:\/\/blogs.uninter.edu.mx\/difusioncultural\/?p=3576\" \/>\r\n<meta property=\"og:site_name\" content=\"Difusi\u00f3n Cultural\" \/>\r\n<meta property=\"article:published_time\" content=\"2015-04-07T13:54:00+00:00\" \/>\r\n<meta property=\"og:image\" content=\"https:\/\/blogs.uninter.edu.mx\/difusioncultural\/wp-content\/uploads\/2015\/04\/ccu.jpg\" \/>\r\n\t<meta property=\"og:image:width\" content=\"1000\" \/>\r\n\t<meta property=\"og:image:height\" content=\"666\" \/>\r\n\t<meta property=\"og:image:type\" content=\"image\/jpeg\" \/>\r\n<meta name=\"author\" content=\"webmaster\" \/>\r\n<meta name=\"twitter:card\" content=\"summary_large_image\" \/>\r\n<meta name=\"twitter:label1\" content=\"Escrito por\" \/>\n\t<meta name=\"twitter:data1\" content=\"webmaster\" \/>\n\t<meta name=\"twitter:label2\" content=\"Tiempo de lectura\" \/>\n\t<meta name=\"twitter:data2\" content=\"3 minutos\" \/>\r\n<script type=\"application\/ld+json\" class=\"yoast-schema-graph\">{\"@context\":\"https:\/\/schema.org\",\"@graph\":[{\"@type\":\"Article\",\"@id\":\"https:\/\/blogs.uninter.edu.mx\/difusioncultural\/?p=3576#article\",\"isPartOf\":{\"@id\":\"https:\/\/blogs.uninter.edu.mx\/difusioncultural\/?p=3576\"},\"author\":{\"name\":\"webmaster\",\"@id\":\"https:\/\/blogs.uninter.edu.mx\/difusioncultural\/#\/schema\/person\/37a0926f4dd300a814993fd595abdc4a\"},\"headline\":\"Centro Cultural Universitario (CCU)\",\"datePublished\":\"2015-04-07T13:54:00+00:00\",\"mainEntityOfPage\":{\"@id\":\"https:\/\/blogs.uninter.edu.mx\/difusioncultural\/?p=3576\"},\"wordCount\":637,\"publisher\":{\"@id\":\"https:\/\/blogs.uninter.edu.mx\/difusioncultural\/#organization\"},\"image\":{\"@id\":\"https:\/\/blogs.uninter.edu.mx\/difusioncultural\/?p=3576#primaryimage\"},\"thumbnailUrl\":\"https:\/\/blogs.uninter.edu.mx\/difusioncultural\/wp-content\/uploads\/2015\/04\/ccu.jpg\",\"keywords\":[\"15 DE SEPTIEMBRE\",\"acontecimientos\",\"bachillerato\",\"becas culturales\",\"cultura\",\"cultura de la paz\",\"dia de la independencia uninter\",\"D\u00eda Mundial de la Juventud\",\"d\u00eda mundial del teatro\",\"difusi\u00f3n cultural\",\"efem\u00e9rides\",\"estudiantes\",\"eventos\",\"festejos\",\"festejos patrios uninter\",\"Filarm\u00f3nica de Cuernavaca\",\"gastronomia\",\"guelaguetza\",\"HIP HOP\",\"historia\",\"INDEPENDENCIA DE M\u00c9XICO\",\"intercambios\",\"jean cocteau\",\"Jornada Cultural\",\"licenciatura\",\"maestria\",\"Mexico\",\"Miss UNINTER 2014\",\"m\u00fasica\",\"musicoterapia\",\"oaxaca\",\"personajes\",\"posgrado\",\"prepa\",\"promoci\u00f3n\"],\"inLanguage\":\"es\"},{\"@type\":\"WebPage\",\"@id\":\"https:\/\/blogs.uninter.edu.mx\/difusioncultural\/?p=3576\",\"url\":\"https:\/\/blogs.uninter.edu.mx\/difusioncultural\/?p=3576\",\"name\":\"Centro Cultural Universitario (CCU) - Difusi\u00f3n Cultural\",\"isPartOf\":{\"@id\":\"https:\/\/blogs.uninter.edu.mx\/difusioncultural\/#website\"},\"primaryImageOfPage\":{\"@id\":\"https:\/\/blogs.uninter.edu.mx\/difusioncultural\/?p=3576#primaryimage\"},\"image\":{\"@id\":\"https:\/\/blogs.uninter.edu.mx\/difusioncultural\/?p=3576#primaryimage\"},\"thumbnailUrl\":\"https:\/\/blogs.uninter.edu.mx\/difusioncultural\/wp-content\/uploads\/2015\/04\/ccu.jpg\",\"datePublished\":\"2015-04-07T13:54:00+00:00\",\"breadcrumb\":{\"@id\":\"https:\/\/blogs.uninter.edu.mx\/difusioncultural\/?p=3576#breadcrumb\"},\"inLanguage\":\"es\",\"potentialAction\":[{\"@type\":\"ReadAction\",\"target\":[\"https:\/\/blogs.uninter.edu.mx\/difusioncultural\/?p=3576\"]}]},{\"@type\":\"ImageObject\",\"inLanguage\":\"es\",\"@id\":\"https:\/\/blogs.uninter.edu.mx\/difusioncultural\/?p=3576#primaryimage\",\"url\":\"https:\/\/blogs.uninter.edu.mx\/difusioncultural\/wp-content\/uploads\/2015\/04\/ccu.jpg\",\"contentUrl\":\"https:\/\/blogs.uninter.edu.mx\/difusioncultural\/wp-content\/uploads\/2015\/04\/ccu.jpg\",\"width\":1000,\"height\":666},{\"@type\":\"BreadcrumbList\",\"@id\":\"https:\/\/blogs.uninter.edu.mx\/difusioncultural\/?p=3576#breadcrumb\",\"itemListElement\":[{\"@type\":\"ListItem\",\"position\":1,\"name\":\"Inicio\",\"item\":\"https:\/\/blogs.uninter.edu.mx\/difusioncultural\/\"},{\"@type\":\"ListItem\",\"position\":2,\"name\":\"Centro Cultural Universitario (CCU)\"}]},{\"@type\":\"WebSite\",\"@id\":\"https:\/\/blogs.uninter.edu.mx\/difusioncultural\/#website\",\"url\":\"https:\/\/blogs.uninter.edu.mx\/difusioncultural\/\",\"name\":\"Difusi\u00f3n Cultural\",\"description\":\"UNINTER\",\"publisher\":{\"@id\":\"https:\/\/blogs.uninter.edu.mx\/difusioncultural\/#organization\"},\"potentialAction\":[{\"@type\":\"SearchAction\",\"target\":{\"@type\":\"EntryPoint\",\"urlTemplate\":\"https:\/\/blogs.uninter.edu.mx\/difusioncultural\/?s={search_term_string}\"},\"query-input\":{\"@type\":\"PropertyValueSpecification\",\"valueRequired\":true,\"valueName\":\"search_term_string\"}}],\"inLanguage\":\"es\"},{\"@type\":\"Organization\",\"@id\":\"https:\/\/blogs.uninter.edu.mx\/difusioncultural\/#organization\",\"name\":\"Difusi\u00f3n Cultural\",\"url\":\"https:\/\/blogs.uninter.edu.mx\/difusioncultural\/\",\"logo\":{\"@type\":\"ImageObject\",\"inLanguage\":\"es\",\"@id\":\"https:\/\/blogs.uninter.edu.mx\/difusioncultural\/#\/schema\/logo\/image\/\",\"url\":\"https:\/\/blogs.uninter.edu.mx\/difusioncultural\/wp-content\/uploads\/2022\/09\/uninter.jpg\",\"contentUrl\":\"https:\/\/blogs.uninter.edu.mx\/difusioncultural\/wp-content\/uploads\/2022\/09\/uninter.jpg\",\"width\":2048,\"height\":2048,\"caption\":\"Difusi\u00f3n Cultural\"},\"image\":{\"@id\":\"https:\/\/blogs.uninter.edu.mx\/difusioncultural\/#\/schema\/logo\/image\/\"}},{\"@type\":\"Person\",\"@id\":\"https:\/\/blogs.uninter.edu.mx\/difusioncultural\/#\/schema\/person\/37a0926f4dd300a814993fd595abdc4a\",\"name\":\"webmaster\",\"image\":{\"@type\":\"ImageObject\",\"inLanguage\":\"es\",\"@id\":\"https:\/\/blogs.uninter.edu.mx\/difusioncultural\/#\/schema\/person\/image\/\",\"url\":\"https:\/\/secure.gravatar.com\/avatar\/a59c276b01147463ef3aab4118e3137ebc5e1ad6700deb39ccdf8b89e517f7dc?s=96&d=mm&r=g\",\"contentUrl\":\"https:\/\/secure.gravatar.com\/avatar\/a59c276b01147463ef3aab4118e3137ebc5e1ad6700deb39ccdf8b89e517f7dc?s=96&d=mm&r=g\",\"caption\":\"webmaster\"},\"sameAs\":[\"https:\/\/blogs.uninter.edu.mx\/difusioncultural\"],\"url\":\"https:\/\/blogs.uninter.edu.mx\/difusioncultural\/?author=1\"}]}<\/script>\r\n<!-- \/ Yoast SEO plugin. -->","yoast_head_json":{"title":"Centro Cultural Universitario (CCU) - Difusi\u00f3n Cultural","robots":{"index":"index","follow":"follow","max-snippet":"max-snippet:-1","max-image-preview":"max-image-preview:large","max-video-preview":"max-video-preview:-1"},"canonical":"https:\/\/blogs.uninter.edu.mx\/difusioncultural\/?p=3576","og_locale":"es_MX","og_type":"article","og_title":"Centro Cultural Universitario (CCU) - Difusi\u00f3n Cultural","og_description":"En 2005, tras la construcci\u00f3n de la nueva sede de la Secretaria de Relaciones Exteriores, el antiguo edificio ubicado en Tlatelolco estuvo a disposici\u00f3n pol\u00edtica\u00a0 del GDF dando lugar a un acuerdo para que la Universidad Nacional Aut\u00f3noma de M\u00e9xico creara el Centro Cultural Universitario Tlatelolco mismo que se encuentra abierto al p\u00fablico desde 2007.&hellip;","og_url":"https:\/\/blogs.uninter.edu.mx\/difusioncultural\/?p=3576","og_site_name":"Difusi\u00f3n Cultural","article_published_time":"2015-04-07T13:54:00+00:00","og_image":[{"width":1000,"height":666,"url":"https:\/\/blogs.uninter.edu.mx\/difusioncultural\/wp-content\/uploads\/2015\/04\/ccu.jpg","type":"image\/jpeg"}],"author":"webmaster","twitter_card":"summary_large_image","twitter_misc":{"Escrito por":"webmaster","Tiempo de lectura":"3 minutos"},"schema":{"@context":"https:\/\/schema.org","@graph":[{"@type":"Article","@id":"https:\/\/blogs.uninter.edu.mx\/difusioncultural\/?p=3576#article","isPartOf":{"@id":"https:\/\/blogs.uninter.edu.mx\/difusioncultural\/?p=3576"},"author":{"name":"webmaster","@id":"https:\/\/blogs.uninter.edu.mx\/difusioncultural\/#\/schema\/person\/37a0926f4dd300a814993fd595abdc4a"},"headline":"Centro Cultural Universitario (CCU)","datePublished":"2015-04-07T13:54:00+00:00","mainEntityOfPage":{"@id":"https:\/\/blogs.uninter.edu.mx\/difusioncultural\/?p=3576"},"wordCount":637,"publisher":{"@id":"https:\/\/blogs.uninter.edu.mx\/difusioncultural\/#organization"},"image":{"@id":"https:\/\/blogs.uninter.edu.mx\/difusioncultural\/?p=3576#primaryimage"},"thumbnailUrl":"https:\/\/blogs.uninter.edu.mx\/difusioncultural\/wp-content\/uploads\/2015\/04\/ccu.jpg","keywords":["15 DE SEPTIEMBRE","acontecimientos","bachillerato","becas culturales","cultura","cultura de la paz","dia de la independencia uninter","D\u00eda Mundial de la Juventud","d\u00eda mundial del teatro","difusi\u00f3n cultural","efem\u00e9rides","estudiantes","eventos","festejos","festejos patrios uninter","Filarm\u00f3nica de Cuernavaca","gastronomia","guelaguetza","HIP HOP","historia","INDEPENDENCIA DE M\u00c9XICO","intercambios","jean cocteau","Jornada Cultural","licenciatura","maestria","Mexico","Miss UNINTER 2014","m\u00fasica","musicoterapia","oaxaca","personajes","posgrado","prepa","promoci\u00f3n"],"inLanguage":"es"},{"@type":"WebPage","@id":"https:\/\/blogs.uninter.edu.mx\/difusioncultural\/?p=3576","url":"https:\/\/blogs.uninter.edu.mx\/difusioncultural\/?p=3576","name":"Centro Cultural Universitario (CCU) - Difusi\u00f3n Cultural","isPartOf":{"@id":"https:\/\/blogs.uninter.edu.mx\/difusioncultural\/#website"},"primaryImageOfPage":{"@id":"https:\/\/blogs.uninter.edu.mx\/difusioncultural\/?p=3576#primaryimage"},"image":{"@id":"https:\/\/blogs.uninter.edu.mx\/difusioncultural\/?p=3576#primaryimage"},"thumbnailUrl":"https:\/\/blogs.uninter.edu.mx\/difusioncultural\/wp-content\/uploads\/2015\/04\/ccu.jpg","datePublished":"2015-04-07T13:54:00+00:00","breadcrumb":{"@id":"https:\/\/blogs.uninter.edu.mx\/difusioncultural\/?p=3576#breadcrumb"},"inLanguage":"es","potentialAction":[{"@type":"ReadAction","target":["https:\/\/blogs.uninter.edu.mx\/difusioncultural\/?p=3576"]}]},{"@type":"ImageObject","inLanguage":"es","@id":"https:\/\/blogs.uninter.edu.mx\/difusioncultural\/?p=3576#primaryimage","url":"https:\/\/blogs.uninter.edu.mx\/difusioncultural\/wp-content\/uploads\/2015\/04\/ccu.jpg","contentUrl":"https:\/\/blogs.uninter.edu.mx\/difusioncultural\/wp-content\/uploads\/2015\/04\/ccu.jpg","width":1000,"height":666},{"@type":"BreadcrumbList","@id":"https:\/\/blogs.uninter.edu.mx\/difusioncultural\/?p=3576#breadcrumb","itemListElement":[{"@type":"ListItem","position":1,"name":"Inicio","item":"https:\/\/blogs.uninter.edu.mx\/difusioncultural\/"},{"@type":"ListItem","position":2,"name":"Centro Cultural Universitario (CCU)"}]},{"@type":"WebSite","@id":"https:\/\/blogs.uninter.edu.mx\/difusioncultural\/#website","url":"https:\/\/blogs.uninter.edu.mx\/difusioncultural\/","name":"Difusi\u00f3n Cultural","description":"UNINTER","publisher":{"@id":"https:\/\/blogs.uninter.edu.mx\/difusioncultural\/#organization"},"potentialAction":[{"@type":"SearchAction","target":{"@type":"EntryPoint","urlTemplate":"https:\/\/blogs.uninter.edu.mx\/difusioncultural\/?s={search_term_string}"},"query-input":{"@type":"PropertyValueSpecification","valueRequired":true,"valueName":"search_term_string"}}],"inLanguage":"es"},{"@type":"Organization","@id":"https:\/\/blogs.uninter.edu.mx\/difusioncultural\/#organization","name":"Difusi\u00f3n Cultural","url":"https:\/\/blogs.uninter.edu.mx\/difusioncultural\/","logo":{"@type":"ImageObject","inLanguage":"es","@id":"https:\/\/blogs.uninter.edu.mx\/difusioncultural\/#\/schema\/logo\/image\/","url":"https:\/\/blogs.uninter.edu.mx\/difusioncultural\/wp-content\/uploads\/2022\/09\/uninter.jpg","contentUrl":"https:\/\/blogs.uninter.edu.mx\/difusioncultural\/wp-content\/uploads\/2022\/09\/uninter.jpg","width":2048,"height":2048,"caption":"Difusi\u00f3n Cultural"},"image":{"@id":"https:\/\/blogs.uninter.edu.mx\/difusioncultural\/#\/schema\/logo\/image\/"}},{"@type":"Person","@id":"https:\/\/blogs.uninter.edu.mx\/difusioncultural\/#\/schema\/person\/37a0926f4dd300a814993fd595abdc4a","name":"webmaster","image":{"@type":"ImageObject","inLanguage":"es","@id":"https:\/\/blogs.uninter.edu.mx\/difusioncultural\/#\/schema\/person\/image\/","url":"https:\/\/secure.gravatar.com\/avatar\/a59c276b01147463ef3aab4118e3137ebc5e1ad6700deb39ccdf8b89e517f7dc?s=96&d=mm&r=g","contentUrl":"https:\/\/secure.gravatar.com\/avatar\/a59c276b01147463ef3aab4118e3137ebc5e1ad6700deb39ccdf8b89e517f7dc?s=96&d=mm&r=g","caption":"webmaster"},"sameAs":["https:\/\/blogs.uninter.edu.mx\/difusioncultural"],"url":"https:\/\/blogs.uninter.edu.mx\/difusioncultural\/?author=1"}]}},"jetpack_publicize_connections":[],"jetpack_featured_media_url":"https:\/\/blogs.uninter.edu.mx\/difusioncultural\/wp-content\/uploads\/2015\/04\/ccu.jpg","jetpack_sharing_enabled":true,"_links":{"self":[{"href":"https:\/\/blogs.uninter.edu.mx\/difusioncultural\/index.php?rest_route=\/wp\/v2\/posts\/3576","targetHints":{"allow":["GET"]}}],"collection":[{"href":"https:\/\/blogs.uninter.edu.mx\/difusioncultural\/index.php?rest_route=\/wp\/v2\/posts"}],"about":[{"href":"https:\/\/blogs.uninter.edu.mx\/difusioncultural\/index.php?rest_route=\/wp\/v2\/types\/post"}],"author":[{"embeddable":true,"href":"https:\/\/blogs.uninter.edu.mx\/difusioncultural\/index.php?rest_route=\/wp\/v2\/users\/1"}],"replies":[{"embeddable":true,"href":"https:\/\/blogs.uninter.edu.mx\/difusioncultural\/index.php?rest_route=%2Fwp%2Fv2%2Fcomments&post=3576"}],"version-history":[{"count":0,"href":"https:\/\/blogs.uninter.edu.mx\/difusioncultural\/index.php?rest_route=\/wp\/v2\/posts\/3576\/revisions"}],"wp:featuredmedia":[{"embeddable":true,"href":"https:\/\/blogs.uninter.edu.mx\/difusioncultural\/index.php?rest_route=\/wp\/v2\/media\/3577"}],"wp:attachment":[{"href":"https:\/\/blogs.uninter.edu.mx\/difusioncultural\/index.php?rest_route=%2Fwp%2Fv2%2Fmedia&parent=3576"}],"wp:term":[{"taxonomy":"category","embeddable":true,"href":"https:\/\/blogs.uninter.edu.mx\/difusioncultural\/index.php?rest_route=%2Fwp%2Fv2%2Fcategories&post=3576"},{"taxonomy":"post_tag","embeddable":true,"href":"https:\/\/blogs.uninter.edu.mx\/difusioncultural\/index.php?rest_route=%2Fwp%2Fv2%2Ftags&post=3576"}],"curies":[{"name":"wp","href":"https:\/\/api.w.org\/{rel}","templated":true}]}}