{"id":3592,"date":"2015-04-15T08:05:00","date_gmt":"2015-04-15T13:05:00","guid":{"rendered":"https:\/\/difusionculturaluninter.wordpress.com\/?p=3592"},"modified":"2015-04-15T08:05:00","modified_gmt":"2015-04-15T13:05:00","slug":"la-historia-del-cine-meicano","status":"publish","type":"post","link":"https:\/\/blogs.uninter.edu.mx\/difusioncultural\/?p=3592","title":{"rendered":"La historia del Cine Meicano"},"content":{"rendered":"<p>El cine mexicano comenz\u00f3 a finales del siglo 19 y desde entonces ha girado en torno acambios en la situaci\u00f3n econ\u00f3mica, cultural y pol\u00edtica del pa\u00eds. Los temas comunes de las pel\u00edculas son la Revoluci\u00f3n Mexicana, las dificultades de la familia, la vida rural y el nacionalismo. La industria del cine hoy en d\u00eda sigue teniendo cambios, dependiendo de la cantidad de apoyo o la oposici\u00f3n del gobierno.<\/p>\n<section class=\"content-about\">\n<h2 class=\"Heading3\">Los comienzos<\/h2>\n<div class=\"nonhowto-step\">\n<p class=\"intelliTXT step-content\">La historia del cine mexicano empez\u00f3 con una historia de \u00e9xito en el per\u00edodo pol\u00edticamente y econ\u00f3micamente estable de la d\u00e9cada de 1890. Tan pronto como los inventores Auguste y Louis Lumi\u00e8re de Francia viajaron a M\u00e9xico con sus proyectores de nuevo dise\u00f1o, los empresarios cinematogr\u00e1ficos mexicanos comenzaron a hacer pel\u00edculas acerca de los eventos nacionales para las clases alta y baja de la ciudad. Con el respaldo de los esfuerzos de modernizaci\u00f3n del presidente Porfirio D\u00edaz, nuevas salas de cine abrieron en todo el pa\u00eds. Durante la Revoluci\u00f3n (1910-1920), la industria del cine document\u00f3 los ej\u00e9rcitos, sin embargo, dej\u00f3 de hacer largometrajes.<\/p>\n<\/div>\n<div class=\"nonhowto-step\"><\/div>\n<\/section>\n<section class=\"content-about\">\n<h2 class=\"Heading3\">Despu\u00e9s de la Revoluci\u00f3n<\/h2>\n<div class=\"nonhowto-step\">\n<p class=\"intelliTXT step-content\">Cuando termin\u00f3 la revoluci\u00f3n, decenas de nuevas pel\u00edculas mudas fueron producidas. Sin embargo, la industria del cine mexicano estaba siendo cuestionada por la falta de apoyo del gobierno y la promoci\u00f3n de Estados Unidos para servicios de alta calidad a precios reducidos. En 1930, casi todas las pel\u00edculas mexicanas se realizaban a trav\u00e9s de la frontera. El cine sonoro dio a M\u00e9xico la oportunidad de volver a ser un l\u00edder cinematogr\u00e1fico importante. En pocos a\u00f1os, la industria fue la creaci\u00f3n de sus propios estilos y recibir apoyo a nivel nacional. Este crecimiento continu\u00f3 hasta el comienzo de la Segunda Guerra Mundial.<\/p>\n<section class=\"content-about\">\n<h2 class=\"Heading3\">Nuevos g\u00e9neros<\/h2>\n<div class=\"nonhowto-step\">\n<p class=\"intelliTXT step-content\">Durante la d\u00e9cada de 1930, dos tipos de pel\u00edculas se convirtieron en est\u00e1ndar. Hubo pel\u00edculas que apoyaron al gobierno de C\u00e1rdenas, como &#8220;Redes&#8221; (&#8220;The Waves&#8221;) en 1936. Luego estaban las que tuvieron atractivo comercial, que se basaban en la literatura mexicana, el teatro y temas modernos mexicanos. Especialmente populares fueron la &#8220;comedia ranchera&#8221;, la forma mexicana de pel\u00edculas de vaqueros que ofrece comedia, tragedia, una partitura musical y el \u00e9nfasis nacionalista.<\/p>\n<\/div>\n<div class=\"nonhowto-step\"><\/div>\n<\/section>\n<section class=\"content-about\">\n<h2 class=\"Heading3\">Despu\u00e9s de la Segunda Guerra Mundial<\/h2>\n<div class=\"nonhowto-step\">\n<p class=\"intelliTXT step-content\">Despu\u00e9s de la Segunda Guerra Mundial, M\u00e9xico cre\u00f3 un fondo para apoyar a los productores m\u00e1s importantes de cine del pa\u00eds. Compr\u00f3 muchos de los estudios y teatros con el fin de reforzar la competitividad del pa\u00eds contra el inversionista estadounidense William O. Jenkins, quien tuvo una participaci\u00f3n importante en la industria del cine. El gobierno tambi\u00e9n eximi\u00f3 a la industria del cine mexicano de los impuestos estatales. De todos modos, la calidad del cine y la cantidad del pa\u00eds empez\u00f3 a reducirse de manera constante cuando Estados Unidos ya no ofreci\u00f3 m\u00e1s apoyo en tiempos de guerra a la industria cinematogr\u00e1fica.<\/p>\n<\/div>\n<div class=\"nonhowto-step\"><\/div>\n<\/section>\n<section class=\"content-about\">\n<h2 class=\"Heading3\">Los a\u00f1os 50 y 60<\/h2>\n<div class=\"nonhowto-step\">\n<p class=\"intelliTXT step-content\">Con fondos limitados, s\u00f3lo los productores que prometieron los mejores beneficios recibieron financiamiento del gobierno. Esto result\u00f3 en pel\u00edculas su mayor\u00eda de bajo presupuesto, rancheras y de luchadores eran de mayor inter\u00e9s para los espectadores de la clase baja de la ciudad. Menos de la mitad de las m\u00e1s de 4.300 pel\u00edculas que se ofrecieron en M\u00e9xico durante la d\u00e9cada de 1950 eran mexicanas. Se produc\u00edan principalmente en los Estados Unidos. Esta tendencia continu\u00f3 en la d\u00e9cada de 1960.<\/p>\n<\/div>\n<div class=\"nonhowto-step\"><\/div>\n<\/section>\n<section class=\"content-about\">\n<h2 class=\"Heading3\">Dos d\u00e9cadas despu\u00e9s<\/h2>\n<div class=\"nonhowto-step\">\n<p class=\"intelliTXT step-content\">Desde la d\u00e9cada de 1990 hasta la actualidad, el cine mexicano se ha establecido como l\u00edder entre las naciones de habla espa\u00f1ola. Los avances fueron dos escuelas nuevas de cine, un mayor apoyo para las mujeres en la industria del cine, temas m\u00e1s diversos y un mayor n\u00famero de personas con talento se emplearon, como fot\u00f3grafos, guionistas, escen\u00f3grafos, escritores musicales y profesionales de producci\u00f3n. Aunque la industria del cine es siempre dependiente del contexto externo econ\u00f3mico y pol\u00edtico, parece que la experiencia disponible compensa las subidas y bajadas.<\/p>\n<\/div>\n<h2 class=\"Heading3\"><\/h2>\n<h2 class=\"Heading3\">Leyendas del cine mexicano<\/h2>\n<ul class=\"slide-summaries\">\n<li>\n<div class=\"slide-summary\">\n<h2>Pedro Infante<\/h2>\n<p class=\"slidecaption\"><a href=\"https:\/\/blogs.uninter.edu.mx\/difusioncultural\/wp-content\/uploads\/2015\/04\/20080515klphishmx_1_ies_sco.jpg\"><img fetchpriority=\"high\" decoding=\"async\" class=\" size-medium wp-image-3593 alignleft\" src=\"https:\/\/blogs.uninter.edu.mx\/difusioncultural\/wp-content\/uploads\/2015\/04\/20080515klphishmx_1_ies_sco.jpg?w=300\" alt=\"20080515klphishmx_1_Ies_SCO\" width=\"300\" height=\"232\" \/><\/a>La \u00c9poca de Oro del cine mexicano dio grandes actores y artistas en el \u00e1mbito cinematogr\u00e1fico.Uno de ellos, exponente muy famoso y popular, fue el actor y cantante Pedro Infante (1917-1957), quien protagoniz\u00f3 memorables pel\u00edculas al lado de grandes directores. Su magn\u00e9tica personalidad y su mel\u00f3dica voz lo llevaron al estrellato que, bajo ladirecci\u00f3n de Ismael Rodr\u00edguez, logr\u00f3 una proyecci\u00f3n internacional. Su trabajo actoral en &#8220;Tizoc&#8221; (1956) fue reconocido en el Festival de Cine de Berl\u00edn; otros trabajos relevantes son: &#8220;Nosotros los pobres&#8221; y &#8220;Ustedes los ricos&#8221; (1948), &#8220;Los tres huastecos&#8221; (1948) o &#8220;La vida no vale nada&#8221; (1954).<\/p>\n<\/div>\n<\/li>\n<\/ul>\n<ul class=\"slide-summaries\">\n<li>\n<div class=\"slide-summary\">\n<h2>Mar\u00eda F\u00e9lix<\/h2>\n<p class=\"slidecaption\"><a href=\"https:\/\/blogs.uninter.edu.mx\/difusioncultural\/wp-content\/uploads\/2015\/04\/marc3ada_fc3a9lix_publicity_still.jpg\"><img decoding=\"async\" class=\" size-medium wp-image-3595 alignleft\" src=\"https:\/\/blogs.uninter.edu.mx\/difusioncultural\/wp-content\/uploads\/2015\/04\/marc3ada_fc3a9lix_publicity_still.jpg?w=229\" alt=\"Mar\u00eda_F\u00e9lix_publicity_still\" width=\"229\" height=\"300\" \/><\/a>De belleza excepcional, Mar\u00eda F\u00e9lix (1914-2002) se consagr\u00f3 en el cine nacional mexicano con su primera pel\u00edcula &#8220;El pe\u00f1\u00f3n de las \u00e1nimas&#8221; (1942), bajo la direcci\u00f3n de Miguel Zacar\u00edas; un trabajo que realizar\u00eda al lado de otro grande: Jorge Negrete. Su trabajo en el cine es muy amplio, desde melodram\u00e1ticas filmaciones campiranas o aquellas de ciudad donde el viejo M\u00e9xico qued\u00f3 reflejado por momentos de manera casi idealista. Mar\u00eda F\u00e9lix ser\u00e1 recordada tambi\u00e9n por sus excentricidades y un fuerte car\u00e1cter que le gan\u00f3 el mote de &#8220;La Do\u00f1a&#8221;.<\/p>\n<\/div>\n<\/li>\n<\/ul>\n<ul class=\"slide-summaries\">\n<li>\n<div class=\"slide-summary\">\n<h2>Gael Garc\u00eda Bernal<\/h2>\n<p class=\"slidecaption\"><a href=\"https:\/\/blogs.uninter.edu.mx\/difusioncultural\/wp-content\/uploads\/2015\/04\/gael-garcia-terrible-regreso-pri.jpeg\"><img decoding=\"async\" class=\" size-medium wp-image-3594 alignleft\" src=\"https:\/\/blogs.uninter.edu.mx\/difusioncultural\/wp-content\/uploads\/2015\/04\/gael-garcia-terrible-regreso-pri.jpeg?w=300\" alt=\"gael-garcia-terrible-regreso-pri\" width=\"300\" height=\"225\" \/><\/a>El actor, director y activista social, Gael Garc\u00eda Bernal (1978), nacido en M\u00e9xico, es representante de un cine latinoamericano con una visi\u00f3n fresca y cr\u00edtica del mundo que vivimos. Es una estrella reconocida que, bajo la direcci\u00f3n del gran director Alejandro Gonz\u00e1lez I\u00f1\u00e1rritu, se posicion\u00f3 entre los actores de mayor fama internacional. Entre sus mejores trabajos destacan &#8220;Amores Perros&#8221;, &#8220;21 Gramos&#8221; y &#8220;Babel&#8221;, logrando una gran cantidad de galardones. Su carrera cinematogr\u00e1fica ha sido muy prol\u00edfica y ha fundado la productora Canana Films, junto con otra gran estrella: Diego Luna (1979).<\/p>\n<\/div>\n<\/li>\n<\/ul>\n<\/section>\n<\/div>\n<\/section>\n","protected":false},"excerpt":{"rendered":"<p>El cine mexicano comenz\u00f3 a finales del siglo 19 y desde entonces ha girado en torno acambios en la situaci\u00f3n econ\u00f3mica, cultural y pol\u00edtica del pa\u00eds. Los temas comunes de las pel\u00edculas son la Revoluci\u00f3n Mexicana, las dificultades de la familia, la vida rural y el nacionalismo. La industria del cine hoy en d\u00eda sigue&hellip;<\/p>\n","protected":false},"author":1,"featured_media":3596,"comment_status":"closed","ping_status":"open","sticky":false,"template":"","format":"standard","meta":{"_jetpack_memberships_contains_paid_content":false,"footnotes":"","jetpack_publicize_message":"","jetpack_publicize_feature_enabled":true,"jetpack_social_post_already_shared":false,"jetpack_social_options":{"image_generator_settings":{"template":"highway","default_image_id":0,"font":"","enabled":false},"version":2}},"categories":[1],"tags":[20,26,36,41,93,94,108,104,105,113,116,129,131,136,137,139],"class_list":["post-3592","post","type-post","status-publish","format-standard","has-post-thumbnail","hentry","category-sin-categoria","tag-15-de-septiembre","tag-acontecimientos","tag-bachillerato","tag-becas-culturales","tag-cultura","tag-cultura-de-la-paz","tag-dia-de-la-independencia-uninter","tag-dia-mundial-de-la-juventud","tag-dia-mundial-del-teatro","tag-difusion-cultural","tag-efemerides","tag-estudiantes","tag-eventos","tag-festejos","tag-festejos-patrios-uninter","tag-filarmonica-de-cuernavaca"],"yoast_head":"<!-- This site is optimized with the Yoast SEO plugin v26.3 - https:\/\/yoast.com\/wordpress\/plugins\/seo\/ -->\r\n<title>La historia del Cine Meicano - Difusi\u00f3n Cultural<\/title>\r\n<meta name=\"robots\" content=\"index, follow, max-snippet:-1, max-image-preview:large, max-video-preview:-1\" \/>\r\n<link rel=\"canonical\" href=\"https:\/\/blogs.uninter.edu.mx\/difusioncultural\/?p=3592\" \/>\r\n<meta property=\"og:locale\" content=\"es_MX\" \/>\r\n<meta property=\"og:type\" content=\"article\" \/>\r\n<meta property=\"og:title\" content=\"La historia del Cine Meicano - Difusi\u00f3n Cultural\" \/>\r\n<meta property=\"og:description\" content=\"El cine mexicano comenz\u00f3 a finales del siglo 19 y desde entonces ha girado en torno acambios en la situaci\u00f3n econ\u00f3mica, cultural y pol\u00edtica del pa\u00eds. Los temas comunes de las pel\u00edculas son la Revoluci\u00f3n Mexicana, las dificultades de la familia, la vida rural y el nacionalismo. La industria del cine hoy en d\u00eda sigue&hellip;\" \/>\r\n<meta property=\"og:url\" content=\"https:\/\/blogs.uninter.edu.mx\/difusioncultural\/?p=3592\" \/>\r\n<meta property=\"og:site_name\" content=\"Difusi\u00f3n Cultural\" \/>\r\n<meta property=\"article:published_time\" content=\"2015-04-15T13:05:00+00:00\" \/>\r\n<meta property=\"og:image\" content=\"https:\/\/blogs.uninter.edu.mx\/difusioncultural\/wp-content\/uploads\/2015\/04\/cinemexicano.jpg\" \/>\r\n\t<meta property=\"og:image:width\" content=\"283\" \/>\r\n\t<meta property=\"og:image:height\" content=\"360\" \/>\r\n\t<meta property=\"og:image:type\" content=\"image\/jpeg\" \/>\r\n<meta name=\"author\" content=\"webmaster\" \/>\r\n<meta name=\"twitter:card\" content=\"summary_large_image\" \/>\r\n<meta name=\"twitter:label1\" content=\"Escrito por\" \/>\n\t<meta name=\"twitter:data1\" content=\"webmaster\" \/>\n\t<meta name=\"twitter:label2\" content=\"Tiempo de lectura\" \/>\n\t<meta name=\"twitter:data2\" content=\"5 minutos\" \/>\r\n<script type=\"application\/ld+json\" class=\"yoast-schema-graph\">{\"@context\":\"https:\/\/schema.org\",\"@graph\":[{\"@type\":\"Article\",\"@id\":\"https:\/\/blogs.uninter.edu.mx\/difusioncultural\/?p=3592#article\",\"isPartOf\":{\"@id\":\"https:\/\/blogs.uninter.edu.mx\/difusioncultural\/?p=3592\"},\"author\":{\"name\":\"webmaster\",\"@id\":\"https:\/\/blogs.uninter.edu.mx\/difusioncultural\/#\/schema\/person\/37a0926f4dd300a814993fd595abdc4a\"},\"headline\":\"La historia del Cine Meicano\",\"datePublished\":\"2015-04-15T13:05:00+00:00\",\"mainEntityOfPage\":{\"@id\":\"https:\/\/blogs.uninter.edu.mx\/difusioncultural\/?p=3592\"},\"wordCount\":1019,\"publisher\":{\"@id\":\"https:\/\/blogs.uninter.edu.mx\/difusioncultural\/#organization\"},\"image\":{\"@id\":\"https:\/\/blogs.uninter.edu.mx\/difusioncultural\/?p=3592#primaryimage\"},\"thumbnailUrl\":\"https:\/\/blogs.uninter.edu.mx\/difusioncultural\/wp-content\/uploads\/2015\/04\/cinemexicano.jpg\",\"keywords\":[\"15 DE SEPTIEMBRE\",\"acontecimientos\",\"bachillerato\",\"becas culturales\",\"cultura\",\"cultura de la paz\",\"dia de la independencia uninter\",\"D\u00eda Mundial de la Juventud\",\"d\u00eda mundial del teatro\",\"difusi\u00f3n cultural\",\"efem\u00e9rides\",\"estudiantes\",\"eventos\",\"festejos\",\"festejos patrios uninter\",\"Filarm\u00f3nica de Cuernavaca\"],\"inLanguage\":\"es\"},{\"@type\":\"WebPage\",\"@id\":\"https:\/\/blogs.uninter.edu.mx\/difusioncultural\/?p=3592\",\"url\":\"https:\/\/blogs.uninter.edu.mx\/difusioncultural\/?p=3592\",\"name\":\"La historia del Cine Meicano - Difusi\u00f3n Cultural\",\"isPartOf\":{\"@id\":\"https:\/\/blogs.uninter.edu.mx\/difusioncultural\/#website\"},\"primaryImageOfPage\":{\"@id\":\"https:\/\/blogs.uninter.edu.mx\/difusioncultural\/?p=3592#primaryimage\"},\"image\":{\"@id\":\"https:\/\/blogs.uninter.edu.mx\/difusioncultural\/?p=3592#primaryimage\"},\"thumbnailUrl\":\"https:\/\/blogs.uninter.edu.mx\/difusioncultural\/wp-content\/uploads\/2015\/04\/cinemexicano.jpg\",\"datePublished\":\"2015-04-15T13:05:00+00:00\",\"breadcrumb\":{\"@id\":\"https:\/\/blogs.uninter.edu.mx\/difusioncultural\/?p=3592#breadcrumb\"},\"inLanguage\":\"es\",\"potentialAction\":[{\"@type\":\"ReadAction\",\"target\":[\"https:\/\/blogs.uninter.edu.mx\/difusioncultural\/?p=3592\"]}]},{\"@type\":\"ImageObject\",\"inLanguage\":\"es\",\"@id\":\"https:\/\/blogs.uninter.edu.mx\/difusioncultural\/?p=3592#primaryimage\",\"url\":\"https:\/\/blogs.uninter.edu.mx\/difusioncultural\/wp-content\/uploads\/2015\/04\/cinemexicano.jpg\",\"contentUrl\":\"https:\/\/blogs.uninter.edu.mx\/difusioncultural\/wp-content\/uploads\/2015\/04\/cinemexicano.jpg\",\"width\":283,\"height\":360},{\"@type\":\"BreadcrumbList\",\"@id\":\"https:\/\/blogs.uninter.edu.mx\/difusioncultural\/?p=3592#breadcrumb\",\"itemListElement\":[{\"@type\":\"ListItem\",\"position\":1,\"name\":\"Inicio\",\"item\":\"https:\/\/blogs.uninter.edu.mx\/difusioncultural\/\"},{\"@type\":\"ListItem\",\"position\":2,\"name\":\"La historia del Cine Meicano\"}]},{\"@type\":\"WebSite\",\"@id\":\"https:\/\/blogs.uninter.edu.mx\/difusioncultural\/#website\",\"url\":\"https:\/\/blogs.uninter.edu.mx\/difusioncultural\/\",\"name\":\"Difusi\u00f3n Cultural\",\"description\":\"UNINTER\",\"publisher\":{\"@id\":\"https:\/\/blogs.uninter.edu.mx\/difusioncultural\/#organization\"},\"potentialAction\":[{\"@type\":\"SearchAction\",\"target\":{\"@type\":\"EntryPoint\",\"urlTemplate\":\"https:\/\/blogs.uninter.edu.mx\/difusioncultural\/?s={search_term_string}\"},\"query-input\":{\"@type\":\"PropertyValueSpecification\",\"valueRequired\":true,\"valueName\":\"search_term_string\"}}],\"inLanguage\":\"es\"},{\"@type\":\"Organization\",\"@id\":\"https:\/\/blogs.uninter.edu.mx\/difusioncultural\/#organization\",\"name\":\"Difusi\u00f3n Cultural\",\"url\":\"https:\/\/blogs.uninter.edu.mx\/difusioncultural\/\",\"logo\":{\"@type\":\"ImageObject\",\"inLanguage\":\"es\",\"@id\":\"https:\/\/blogs.uninter.edu.mx\/difusioncultural\/#\/schema\/logo\/image\/\",\"url\":\"https:\/\/blogs.uninter.edu.mx\/difusioncultural\/wp-content\/uploads\/2022\/09\/uninter.jpg\",\"contentUrl\":\"https:\/\/blogs.uninter.edu.mx\/difusioncultural\/wp-content\/uploads\/2022\/09\/uninter.jpg\",\"width\":2048,\"height\":2048,\"caption\":\"Difusi\u00f3n Cultural\"},\"image\":{\"@id\":\"https:\/\/blogs.uninter.edu.mx\/difusioncultural\/#\/schema\/logo\/image\/\"}},{\"@type\":\"Person\",\"@id\":\"https:\/\/blogs.uninter.edu.mx\/difusioncultural\/#\/schema\/person\/37a0926f4dd300a814993fd595abdc4a\",\"name\":\"webmaster\",\"image\":{\"@type\":\"ImageObject\",\"inLanguage\":\"es\",\"@id\":\"https:\/\/blogs.uninter.edu.mx\/difusioncultural\/#\/schema\/person\/image\/\",\"url\":\"https:\/\/secure.gravatar.com\/avatar\/a59c276b01147463ef3aab4118e3137ebc5e1ad6700deb39ccdf8b89e517f7dc?s=96&d=mm&r=g\",\"contentUrl\":\"https:\/\/secure.gravatar.com\/avatar\/a59c276b01147463ef3aab4118e3137ebc5e1ad6700deb39ccdf8b89e517f7dc?s=96&d=mm&r=g\",\"caption\":\"webmaster\"},\"sameAs\":[\"https:\/\/blogs.uninter.edu.mx\/difusioncultural\"],\"url\":\"https:\/\/blogs.uninter.edu.mx\/difusioncultural\/?author=1\"}]}<\/script>\r\n<!-- \/ Yoast SEO plugin. -->","yoast_head_json":{"title":"La historia del Cine Meicano - Difusi\u00f3n Cultural","robots":{"index":"index","follow":"follow","max-snippet":"max-snippet:-1","max-image-preview":"max-image-preview:large","max-video-preview":"max-video-preview:-1"},"canonical":"https:\/\/blogs.uninter.edu.mx\/difusioncultural\/?p=3592","og_locale":"es_MX","og_type":"article","og_title":"La historia del Cine Meicano - Difusi\u00f3n Cultural","og_description":"El cine mexicano comenz\u00f3 a finales del siglo 19 y desde entonces ha girado en torno acambios en la situaci\u00f3n econ\u00f3mica, cultural y pol\u00edtica del pa\u00eds. Los temas comunes de las pel\u00edculas son la Revoluci\u00f3n Mexicana, las dificultades de la familia, la vida rural y el nacionalismo. La industria del cine hoy en d\u00eda sigue&hellip;","og_url":"https:\/\/blogs.uninter.edu.mx\/difusioncultural\/?p=3592","og_site_name":"Difusi\u00f3n Cultural","article_published_time":"2015-04-15T13:05:00+00:00","og_image":[{"width":283,"height":360,"url":"https:\/\/blogs.uninter.edu.mx\/difusioncultural\/wp-content\/uploads\/2015\/04\/cinemexicano.jpg","type":"image\/jpeg"}],"author":"webmaster","twitter_card":"summary_large_image","twitter_misc":{"Escrito por":"webmaster","Tiempo de lectura":"5 minutos"},"schema":{"@context":"https:\/\/schema.org","@graph":[{"@type":"Article","@id":"https:\/\/blogs.uninter.edu.mx\/difusioncultural\/?p=3592#article","isPartOf":{"@id":"https:\/\/blogs.uninter.edu.mx\/difusioncultural\/?p=3592"},"author":{"name":"webmaster","@id":"https:\/\/blogs.uninter.edu.mx\/difusioncultural\/#\/schema\/person\/37a0926f4dd300a814993fd595abdc4a"},"headline":"La historia del Cine Meicano","datePublished":"2015-04-15T13:05:00+00:00","mainEntityOfPage":{"@id":"https:\/\/blogs.uninter.edu.mx\/difusioncultural\/?p=3592"},"wordCount":1019,"publisher":{"@id":"https:\/\/blogs.uninter.edu.mx\/difusioncultural\/#organization"},"image":{"@id":"https:\/\/blogs.uninter.edu.mx\/difusioncultural\/?p=3592#primaryimage"},"thumbnailUrl":"https:\/\/blogs.uninter.edu.mx\/difusioncultural\/wp-content\/uploads\/2015\/04\/cinemexicano.jpg","keywords":["15 DE SEPTIEMBRE","acontecimientos","bachillerato","becas culturales","cultura","cultura de la paz","dia de la independencia uninter","D\u00eda Mundial de la Juventud","d\u00eda mundial del teatro","difusi\u00f3n cultural","efem\u00e9rides","estudiantes","eventos","festejos","festejos patrios uninter","Filarm\u00f3nica de Cuernavaca"],"inLanguage":"es"},{"@type":"WebPage","@id":"https:\/\/blogs.uninter.edu.mx\/difusioncultural\/?p=3592","url":"https:\/\/blogs.uninter.edu.mx\/difusioncultural\/?p=3592","name":"La historia del Cine Meicano - Difusi\u00f3n Cultural","isPartOf":{"@id":"https:\/\/blogs.uninter.edu.mx\/difusioncultural\/#website"},"primaryImageOfPage":{"@id":"https:\/\/blogs.uninter.edu.mx\/difusioncultural\/?p=3592#primaryimage"},"image":{"@id":"https:\/\/blogs.uninter.edu.mx\/difusioncultural\/?p=3592#primaryimage"},"thumbnailUrl":"https:\/\/blogs.uninter.edu.mx\/difusioncultural\/wp-content\/uploads\/2015\/04\/cinemexicano.jpg","datePublished":"2015-04-15T13:05:00+00:00","breadcrumb":{"@id":"https:\/\/blogs.uninter.edu.mx\/difusioncultural\/?p=3592#breadcrumb"},"inLanguage":"es","potentialAction":[{"@type":"ReadAction","target":["https:\/\/blogs.uninter.edu.mx\/difusioncultural\/?p=3592"]}]},{"@type":"ImageObject","inLanguage":"es","@id":"https:\/\/blogs.uninter.edu.mx\/difusioncultural\/?p=3592#primaryimage","url":"https:\/\/blogs.uninter.edu.mx\/difusioncultural\/wp-content\/uploads\/2015\/04\/cinemexicano.jpg","contentUrl":"https:\/\/blogs.uninter.edu.mx\/difusioncultural\/wp-content\/uploads\/2015\/04\/cinemexicano.jpg","width":283,"height":360},{"@type":"BreadcrumbList","@id":"https:\/\/blogs.uninter.edu.mx\/difusioncultural\/?p=3592#breadcrumb","itemListElement":[{"@type":"ListItem","position":1,"name":"Inicio","item":"https:\/\/blogs.uninter.edu.mx\/difusioncultural\/"},{"@type":"ListItem","position":2,"name":"La historia del Cine Meicano"}]},{"@type":"WebSite","@id":"https:\/\/blogs.uninter.edu.mx\/difusioncultural\/#website","url":"https:\/\/blogs.uninter.edu.mx\/difusioncultural\/","name":"Difusi\u00f3n Cultural","description":"UNINTER","publisher":{"@id":"https:\/\/blogs.uninter.edu.mx\/difusioncultural\/#organization"},"potentialAction":[{"@type":"SearchAction","target":{"@type":"EntryPoint","urlTemplate":"https:\/\/blogs.uninter.edu.mx\/difusioncultural\/?s={search_term_string}"},"query-input":{"@type":"PropertyValueSpecification","valueRequired":true,"valueName":"search_term_string"}}],"inLanguage":"es"},{"@type":"Organization","@id":"https:\/\/blogs.uninter.edu.mx\/difusioncultural\/#organization","name":"Difusi\u00f3n Cultural","url":"https:\/\/blogs.uninter.edu.mx\/difusioncultural\/","logo":{"@type":"ImageObject","inLanguage":"es","@id":"https:\/\/blogs.uninter.edu.mx\/difusioncultural\/#\/schema\/logo\/image\/","url":"https:\/\/blogs.uninter.edu.mx\/difusioncultural\/wp-content\/uploads\/2022\/09\/uninter.jpg","contentUrl":"https:\/\/blogs.uninter.edu.mx\/difusioncultural\/wp-content\/uploads\/2022\/09\/uninter.jpg","width":2048,"height":2048,"caption":"Difusi\u00f3n Cultural"},"image":{"@id":"https:\/\/blogs.uninter.edu.mx\/difusioncultural\/#\/schema\/logo\/image\/"}},{"@type":"Person","@id":"https:\/\/blogs.uninter.edu.mx\/difusioncultural\/#\/schema\/person\/37a0926f4dd300a814993fd595abdc4a","name":"webmaster","image":{"@type":"ImageObject","inLanguage":"es","@id":"https:\/\/blogs.uninter.edu.mx\/difusioncultural\/#\/schema\/person\/image\/","url":"https:\/\/secure.gravatar.com\/avatar\/a59c276b01147463ef3aab4118e3137ebc5e1ad6700deb39ccdf8b89e517f7dc?s=96&d=mm&r=g","contentUrl":"https:\/\/secure.gravatar.com\/avatar\/a59c276b01147463ef3aab4118e3137ebc5e1ad6700deb39ccdf8b89e517f7dc?s=96&d=mm&r=g","caption":"webmaster"},"sameAs":["https:\/\/blogs.uninter.edu.mx\/difusioncultural"],"url":"https:\/\/blogs.uninter.edu.mx\/difusioncultural\/?author=1"}]}},"jetpack_publicize_connections":[],"jetpack_featured_media_url":"https:\/\/blogs.uninter.edu.mx\/difusioncultural\/wp-content\/uploads\/2015\/04\/cinemexicano.jpg","jetpack_sharing_enabled":true,"_links":{"self":[{"href":"https:\/\/blogs.uninter.edu.mx\/difusioncultural\/index.php?rest_route=\/wp\/v2\/posts\/3592","targetHints":{"allow":["GET"]}}],"collection":[{"href":"https:\/\/blogs.uninter.edu.mx\/difusioncultural\/index.php?rest_route=\/wp\/v2\/posts"}],"about":[{"href":"https:\/\/blogs.uninter.edu.mx\/difusioncultural\/index.php?rest_route=\/wp\/v2\/types\/post"}],"author":[{"embeddable":true,"href":"https:\/\/blogs.uninter.edu.mx\/difusioncultural\/index.php?rest_route=\/wp\/v2\/users\/1"}],"replies":[{"embeddable":true,"href":"https:\/\/blogs.uninter.edu.mx\/difusioncultural\/index.php?rest_route=%2Fwp%2Fv2%2Fcomments&post=3592"}],"version-history":[{"count":0,"href":"https:\/\/blogs.uninter.edu.mx\/difusioncultural\/index.php?rest_route=\/wp\/v2\/posts\/3592\/revisions"}],"wp:featuredmedia":[{"embeddable":true,"href":"https:\/\/blogs.uninter.edu.mx\/difusioncultural\/index.php?rest_route=\/wp\/v2\/media\/3596"}],"wp:attachment":[{"href":"https:\/\/blogs.uninter.edu.mx\/difusioncultural\/index.php?rest_route=%2Fwp%2Fv2%2Fmedia&parent=3592"}],"wp:term":[{"taxonomy":"category","embeddable":true,"href":"https:\/\/blogs.uninter.edu.mx\/difusioncultural\/index.php?rest_route=%2Fwp%2Fv2%2Fcategories&post=3592"},{"taxonomy":"post_tag","embeddable":true,"href":"https:\/\/blogs.uninter.edu.mx\/difusioncultural\/index.php?rest_route=%2Fwp%2Fv2%2Ftags&post=3592"}],"curies":[{"name":"wp","href":"https:\/\/api.w.org\/{rel}","templated":true}]}}