{"id":3603,"date":"2015-04-22T10:22:34","date_gmt":"2015-04-22T15:22:34","guid":{"rendered":"https:\/\/difusionculturaluninter.wordpress.com\/?p=3603"},"modified":"2015-04-22T10:22:34","modified_gmt":"2015-04-22T15:22:34","slug":"dia-de-la-tierra","status":"publish","type":"post","link":"https:\/\/blogs.uninter.edu.mx\/difusioncultural\/?p=3603","title":{"rendered":"D\u00eda de la tierra"},"content":{"rendered":"<p>Hoy\u00a0mi\u00e9rcoles, 22 de abril, se cumplen 45 a\u00f1os del primer <span id=\"U3073447725541VXF\">D\u00eda de la Tierra.<\/span><\/p>\n<p>Un d\u00eda como hoy, en 1970, el senador estadounidense Gaylord Nelson quiso crear una conciencia com\u00fan a los problemas medioambientales, a ra\u00edz de su frustraci\u00f3n porque este tema tan delicado no ocupaba ning\u00fan lugar en las agendas de los pol\u00edticos estadounidenses, as\u00ed que decidi\u00f3 crear el <span id=\"U30734477255410YC\">D\u00eda de la Tierra<\/span>, fijado en el 22 de abril.<\/p>\n<p><a href=\"https:\/\/blogs.uninter.edu.mx\/difusioncultural\/wp-content\/uploads\/2015\/04\/dia-de-la-tierra-2.jpg\"><img fetchpriority=\"high\" decoding=\"async\" class=\" size-medium wp-image-3605 aligncenter\" src=\"https:\/\/blogs.uninter.edu.mx\/difusioncultural\/wp-content\/uploads\/2015\/04\/dia-de-la-tierra-2.jpg?w=300\" alt=\"Dia-de-la-Tierra-2\" width=\"300\" height=\"199\" \/><\/a><\/p>\n<p>Esta fecha coincid\u00eda con con el cumplea\u00f1os de Vladimir Lenin, una coincidencia que hizo pensar a muchos que el <span id=\"U3073447725541PUH\">D\u00eda de la Tierra<\/span> se trataba de una conspiraci\u00f3n comunista. \u201cEl objetivo de Lenin era destruir la propiedad privada, objetivo que tambi\u00e9n comparten los ambientalistas\u201d aleg\u00f3 en 2004 la web Capitalism Magazine.<\/p>\n<p>Sin embargo, y a pesar de estas acusaciones, el primer d\u00eda dedicado a nuestro planeta en 1970 consigui\u00f3 una participaci\u00f3n de m\u00e1s de veinte millones de personas en EE.UU y, hoy en d\u00eda, m\u00e1s de mil millones de personas en 180 pa\u00edses son part\u00edcipes de esta celebraci\u00f3n, seg\u00fan los datos que aporta Rogers.<\/p>\n<p>En general, se suele decir que todos los d\u00edas de nuestra vida deber\u00edan estar dedicados a las actividades que se programan para este d\u00eda, como consumir productos ecol\u00f3gicos, concienciar a nuestros allegados o pasar un d\u00eda en la naturaleza, desconectando de las tecnolog\u00edas, para proteger, en cierta forma, el medioambiente de nuestro planeta.<\/p>\n<p>Existe un refr\u00e1n que dice \u201cTodos los d\u00edas son el d\u00eda de la Tierra\u201d, sin embargo, los defensores de esta celebraci\u00f3n alegan que se trata de un d\u00eda concreto al a\u00f1o para conectar con la naturaleza y ser un poco m\u00e1s conscientes de los problemas que causamos en el planeta con comportamientos habituales a los que no damos demasiada importancia.<\/p>\n<p>Gracias a que en 1970 se proclam\u00f3 el 22 de abril como el <span id=\"U3073447725541JrB\">D\u00eda de la Tierra<\/span>, propiciado por una preocupaci\u00f3n creciente durante los a\u00f1os 60, se empezaron a crear organismos, como por ejemplo la Agencia de Protecci\u00f3n Medioambiental de EE.UU, y el ecologismo pas\u00f3 de ser una cuesti\u00f3n marginal a una preocupaci\u00f3n general.<\/p>\n","protected":false},"excerpt":{"rendered":"<p>Hoy\u00a0mi\u00e9rcoles, 22 de abril, se cumplen 45 a\u00f1os del primer D\u00eda de la Tierra. Un d\u00eda como hoy, en 1970, el senador estadounidense Gaylord Nelson quiso crear una conciencia com\u00fan a los problemas medioambientales, a ra\u00edz de su frustraci\u00f3n porque este tema tan delicado no ocupaba ning\u00fan lugar en las agendas de los pol\u00edticos estadounidenses,&hellip;<\/p>\n","protected":false},"author":1,"featured_media":3604,"comment_status":"closed","ping_status":"open","sticky":false,"template":"","format":"standard","meta":{"_jetpack_memberships_contains_paid_content":false,"footnotes":"","jetpack_publicize_message":"","jetpack_publicize_feature_enabled":true,"jetpack_social_post_already_shared":false,"jetpack_social_options":{"image_generator_settings":{"template":"highway","default_image_id":0,"font":"","enabled":false},"version":2}},"categories":[1],"tags":[20,26,36,41,93,94,108,104,105,113,116,129,131,136,137,139,143,147,150,151,162,163,176,177,190,195,204,211,201,220,239,244,253,255,260,264,265,271,272,277,280,286,287,294,295,296,298,299,303,305,313],"class_list":["post-3603","post","type-post","status-publish","format-standard","has-post-thumbnail","hentry","category-sin-categoria","tag-15-de-septiembre","tag-acontecimientos","tag-bachillerato","tag-becas-culturales","tag-cultura","tag-cultura-de-la-paz","tag-dia-de-la-independencia-uninter","tag-dia-mundial-de-la-juventud","tag-dia-mundial-del-teatro","tag-difusion-cultural","tag-efemerides","tag-estudiantes","tag-eventos","tag-festejos","tag-festejos-patrios-uninter","tag-filarmonica-de-cuernavaca","tag-gastronomia","tag-guelaguetza","tag-hip-hop","tag-historia","tag-independencia-de-mexico","tag-intercambios","tag-jean-cocteau","tag-jornada-cultural","tag-licenciatura","tag-maestria","tag-mexico","tag-miss-uninter-2014","tag-musica","tag-musicoterapia","tag-oaxaca","tag-personajes","tag-posgrado","tag-prepa","tag-promocion","tag-reto-uninter","tag-revolucion-mexicana","tag-salud","tag-san-valentin","tag-secundaria","tag-spanish-school","tag-talleres","tag-talleres-culturales","tag-tradiciones","tag-tradiciones-meicanas","tag-tradiciones-mexicanas","tag-turismo","tag-un-dia-como-hoy","tag-uninter","tag-universidad-internacional","tag-videos"],"yoast_head":"<!-- This site is optimized with the Yoast SEO plugin v26.3 - https:\/\/yoast.com\/wordpress\/plugins\/seo\/ -->\r\n<title>D\u00eda de la tierra - Difusi\u00f3n Cultural<\/title>\r\n<meta name=\"robots\" content=\"index, follow, max-snippet:-1, max-image-preview:large, max-video-preview:-1\" \/>\r\n<link rel=\"canonical\" href=\"https:\/\/blogs.uninter.edu.mx\/difusioncultural\/?p=3603\" \/>\r\n<meta property=\"og:locale\" content=\"es_MX\" \/>\r\n<meta property=\"og:type\" content=\"article\" \/>\r\n<meta property=\"og:title\" content=\"D\u00eda de la tierra - Difusi\u00f3n Cultural\" \/>\r\n<meta property=\"og:description\" content=\"Hoy\u00a0mi\u00e9rcoles, 22 de abril, se cumplen 45 a\u00f1os del primer D\u00eda de la Tierra. Un d\u00eda como hoy, en 1970, el senador estadounidense Gaylord Nelson quiso crear una conciencia com\u00fan a los problemas medioambientales, a ra\u00edz de su frustraci\u00f3n porque este tema tan delicado no ocupaba ning\u00fan lugar en las agendas de los pol\u00edticos estadounidenses,&hellip;\" \/>\r\n<meta property=\"og:url\" content=\"https:\/\/blogs.uninter.edu.mx\/difusioncultural\/?p=3603\" \/>\r\n<meta property=\"og:site_name\" content=\"Difusi\u00f3n Cultural\" \/>\r\n<meta property=\"article:published_time\" content=\"2015-04-22T15:22:34+00:00\" \/>\r\n<meta property=\"og:image\" content=\"https:\/\/blogs.uninter.edu.mx\/difusioncultural\/wp-content\/uploads\/2015\/04\/d_a_de_la_tierra.png\" \/>\r\n\t<meta property=\"og:image:width\" content=\"500\" \/>\r\n\t<meta property=\"og:image:height\" content=\"307\" \/>\r\n\t<meta property=\"og:image:type\" content=\"image\/png\" \/>\r\n<meta name=\"author\" content=\"webmaster\" \/>\r\n<meta name=\"twitter:card\" content=\"summary_large_image\" \/>\r\n<meta name=\"twitter:label1\" content=\"Escrito por\" \/>\n\t<meta name=\"twitter:data1\" content=\"webmaster\" \/>\n\t<meta name=\"twitter:label2\" content=\"Tiempo de lectura\" \/>\n\t<meta name=\"twitter:data2\" content=\"2 minutos\" \/>\r\n<script type=\"application\/ld+json\" class=\"yoast-schema-graph\">{\"@context\":\"https:\/\/schema.org\",\"@graph\":[{\"@type\":\"Article\",\"@id\":\"https:\/\/blogs.uninter.edu.mx\/difusioncultural\/?p=3603#article\",\"isPartOf\":{\"@id\":\"https:\/\/blogs.uninter.edu.mx\/difusioncultural\/?p=3603\"},\"author\":{\"name\":\"webmaster\",\"@id\":\"https:\/\/blogs.uninter.edu.mx\/difusioncultural\/#\/schema\/person\/37a0926f4dd300a814993fd595abdc4a\"},\"headline\":\"D\u00eda de la tierra\",\"datePublished\":\"2015-04-22T15:22:34+00:00\",\"mainEntityOfPage\":{\"@id\":\"https:\/\/blogs.uninter.edu.mx\/difusioncultural\/?p=3603\"},\"wordCount\":382,\"publisher\":{\"@id\":\"https:\/\/blogs.uninter.edu.mx\/difusioncultural\/#organization\"},\"image\":{\"@id\":\"https:\/\/blogs.uninter.edu.mx\/difusioncultural\/?p=3603#primaryimage\"},\"thumbnailUrl\":\"https:\/\/blogs.uninter.edu.mx\/difusioncultural\/wp-content\/uploads\/2015\/04\/d_a_de_la_tierra.png\",\"keywords\":[\"15 DE SEPTIEMBRE\",\"acontecimientos\",\"bachillerato\",\"becas culturales\",\"cultura\",\"cultura de la paz\",\"dia de la independencia uninter\",\"D\u00eda Mundial de la Juventud\",\"d\u00eda mundial del teatro\",\"difusi\u00f3n cultural\",\"efem\u00e9rides\",\"estudiantes\",\"eventos\",\"festejos\",\"festejos patrios uninter\",\"Filarm\u00f3nica de Cuernavaca\",\"gastronomia\",\"guelaguetza\",\"HIP HOP\",\"historia\",\"INDEPENDENCIA DE M\u00c9XICO\",\"intercambios\",\"jean cocteau\",\"Jornada Cultural\",\"licenciatura\",\"maestria\",\"Mexico\",\"Miss UNINTER 2014\",\"m\u00fasica\",\"musicoterapia\",\"oaxaca\",\"personajes\",\"posgrado\",\"prepa\",\"promoci\u00f3n\",\"reto uninter\",\"revoluci\u00f3n mexicana\",\"salud\",\"san valentin\",\"secundaria\",\"spanish school\",\"talleres\",\"talleres culturales\",\"tradiciones\",\"tradiciones meicanas\",\"tradiciones mexicanas\",\"turismo\",\"un dia como hoy\",\"uninter\",\"universidad internacional\",\"videos\"],\"inLanguage\":\"es\"},{\"@type\":\"WebPage\",\"@id\":\"https:\/\/blogs.uninter.edu.mx\/difusioncultural\/?p=3603\",\"url\":\"https:\/\/blogs.uninter.edu.mx\/difusioncultural\/?p=3603\",\"name\":\"D\u00eda de la tierra - Difusi\u00f3n Cultural\",\"isPartOf\":{\"@id\":\"https:\/\/blogs.uninter.edu.mx\/difusioncultural\/#website\"},\"primaryImageOfPage\":{\"@id\":\"https:\/\/blogs.uninter.edu.mx\/difusioncultural\/?p=3603#primaryimage\"},\"image\":{\"@id\":\"https:\/\/blogs.uninter.edu.mx\/difusioncultural\/?p=3603#primaryimage\"},\"thumbnailUrl\":\"https:\/\/blogs.uninter.edu.mx\/difusioncultural\/wp-content\/uploads\/2015\/04\/d_a_de_la_tierra.png\",\"datePublished\":\"2015-04-22T15:22:34+00:00\",\"breadcrumb\":{\"@id\":\"https:\/\/blogs.uninter.edu.mx\/difusioncultural\/?p=3603#breadcrumb\"},\"inLanguage\":\"es\",\"potentialAction\":[{\"@type\":\"ReadAction\",\"target\":[\"https:\/\/blogs.uninter.edu.mx\/difusioncultural\/?p=3603\"]}]},{\"@type\":\"ImageObject\",\"inLanguage\":\"es\",\"@id\":\"https:\/\/blogs.uninter.edu.mx\/difusioncultural\/?p=3603#primaryimage\",\"url\":\"https:\/\/blogs.uninter.edu.mx\/difusioncultural\/wp-content\/uploads\/2015\/04\/d_a_de_la_tierra.png\",\"contentUrl\":\"https:\/\/blogs.uninter.edu.mx\/difusioncultural\/wp-content\/uploads\/2015\/04\/d_a_de_la_tierra.png\",\"width\":500,\"height\":307},{\"@type\":\"BreadcrumbList\",\"@id\":\"https:\/\/blogs.uninter.edu.mx\/difusioncultural\/?p=3603#breadcrumb\",\"itemListElement\":[{\"@type\":\"ListItem\",\"position\":1,\"name\":\"Inicio\",\"item\":\"https:\/\/blogs.uninter.edu.mx\/difusioncultural\/\"},{\"@type\":\"ListItem\",\"position\":2,\"name\":\"D\u00eda de la tierra\"}]},{\"@type\":\"WebSite\",\"@id\":\"https:\/\/blogs.uninter.edu.mx\/difusioncultural\/#website\",\"url\":\"https:\/\/blogs.uninter.edu.mx\/difusioncultural\/\",\"name\":\"Difusi\u00f3n Cultural\",\"description\":\"UNINTER\",\"publisher\":{\"@id\":\"https:\/\/blogs.uninter.edu.mx\/difusioncultural\/#organization\"},\"potentialAction\":[{\"@type\":\"SearchAction\",\"target\":{\"@type\":\"EntryPoint\",\"urlTemplate\":\"https:\/\/blogs.uninter.edu.mx\/difusioncultural\/?s={search_term_string}\"},\"query-input\":{\"@type\":\"PropertyValueSpecification\",\"valueRequired\":true,\"valueName\":\"search_term_string\"}}],\"inLanguage\":\"es\"},{\"@type\":\"Organization\",\"@id\":\"https:\/\/blogs.uninter.edu.mx\/difusioncultural\/#organization\",\"name\":\"Difusi\u00f3n Cultural\",\"url\":\"https:\/\/blogs.uninter.edu.mx\/difusioncultural\/\",\"logo\":{\"@type\":\"ImageObject\",\"inLanguage\":\"es\",\"@id\":\"https:\/\/blogs.uninter.edu.mx\/difusioncultural\/#\/schema\/logo\/image\/\",\"url\":\"https:\/\/blogs.uninter.edu.mx\/difusioncultural\/wp-content\/uploads\/2022\/09\/uninter.jpg\",\"contentUrl\":\"https:\/\/blogs.uninter.edu.mx\/difusioncultural\/wp-content\/uploads\/2022\/09\/uninter.jpg\",\"width\":2048,\"height\":2048,\"caption\":\"Difusi\u00f3n Cultural\"},\"image\":{\"@id\":\"https:\/\/blogs.uninter.edu.mx\/difusioncultural\/#\/schema\/logo\/image\/\"}},{\"@type\":\"Person\",\"@id\":\"https:\/\/blogs.uninter.edu.mx\/difusioncultural\/#\/schema\/person\/37a0926f4dd300a814993fd595abdc4a\",\"name\":\"webmaster\",\"image\":{\"@type\":\"ImageObject\",\"inLanguage\":\"es\",\"@id\":\"https:\/\/blogs.uninter.edu.mx\/difusioncultural\/#\/schema\/person\/image\/\",\"url\":\"https:\/\/secure.gravatar.com\/avatar\/a59c276b01147463ef3aab4118e3137ebc5e1ad6700deb39ccdf8b89e517f7dc?s=96&d=mm&r=g\",\"contentUrl\":\"https:\/\/secure.gravatar.com\/avatar\/a59c276b01147463ef3aab4118e3137ebc5e1ad6700deb39ccdf8b89e517f7dc?s=96&d=mm&r=g\",\"caption\":\"webmaster\"},\"sameAs\":[\"https:\/\/blogs.uninter.edu.mx\/difusioncultural\"],\"url\":\"https:\/\/blogs.uninter.edu.mx\/difusioncultural\/?author=1\"}]}<\/script>\r\n<!-- \/ Yoast SEO plugin. -->","yoast_head_json":{"title":"D\u00eda de la tierra - Difusi\u00f3n Cultural","robots":{"index":"index","follow":"follow","max-snippet":"max-snippet:-1","max-image-preview":"max-image-preview:large","max-video-preview":"max-video-preview:-1"},"canonical":"https:\/\/blogs.uninter.edu.mx\/difusioncultural\/?p=3603","og_locale":"es_MX","og_type":"article","og_title":"D\u00eda de la tierra - Difusi\u00f3n Cultural","og_description":"Hoy\u00a0mi\u00e9rcoles, 22 de abril, se cumplen 45 a\u00f1os del primer D\u00eda de la Tierra. Un d\u00eda como hoy, en 1970, el senador estadounidense Gaylord Nelson quiso crear una conciencia com\u00fan a los problemas medioambientales, a ra\u00edz de su frustraci\u00f3n porque este tema tan delicado no ocupaba ning\u00fan lugar en las agendas de los pol\u00edticos estadounidenses,&hellip;","og_url":"https:\/\/blogs.uninter.edu.mx\/difusioncultural\/?p=3603","og_site_name":"Difusi\u00f3n Cultural","article_published_time":"2015-04-22T15:22:34+00:00","og_image":[{"width":500,"height":307,"url":"https:\/\/blogs.uninter.edu.mx\/difusioncultural\/wp-content\/uploads\/2015\/04\/d_a_de_la_tierra.png","type":"image\/png"}],"author":"webmaster","twitter_card":"summary_large_image","twitter_misc":{"Escrito por":"webmaster","Tiempo de lectura":"2 minutos"},"schema":{"@context":"https:\/\/schema.org","@graph":[{"@type":"Article","@id":"https:\/\/blogs.uninter.edu.mx\/difusioncultural\/?p=3603#article","isPartOf":{"@id":"https:\/\/blogs.uninter.edu.mx\/difusioncultural\/?p=3603"},"author":{"name":"webmaster","@id":"https:\/\/blogs.uninter.edu.mx\/difusioncultural\/#\/schema\/person\/37a0926f4dd300a814993fd595abdc4a"},"headline":"D\u00eda de la tierra","datePublished":"2015-04-22T15:22:34+00:00","mainEntityOfPage":{"@id":"https:\/\/blogs.uninter.edu.mx\/difusioncultural\/?p=3603"},"wordCount":382,"publisher":{"@id":"https:\/\/blogs.uninter.edu.mx\/difusioncultural\/#organization"},"image":{"@id":"https:\/\/blogs.uninter.edu.mx\/difusioncultural\/?p=3603#primaryimage"},"thumbnailUrl":"https:\/\/blogs.uninter.edu.mx\/difusioncultural\/wp-content\/uploads\/2015\/04\/d_a_de_la_tierra.png","keywords":["15 DE SEPTIEMBRE","acontecimientos","bachillerato","becas culturales","cultura","cultura de la paz","dia de la independencia uninter","D\u00eda Mundial de la Juventud","d\u00eda mundial del teatro","difusi\u00f3n cultural","efem\u00e9rides","estudiantes","eventos","festejos","festejos patrios uninter","Filarm\u00f3nica de Cuernavaca","gastronomia","guelaguetza","HIP HOP","historia","INDEPENDENCIA DE M\u00c9XICO","intercambios","jean cocteau","Jornada Cultural","licenciatura","maestria","Mexico","Miss UNINTER 2014","m\u00fasica","musicoterapia","oaxaca","personajes","posgrado","prepa","promoci\u00f3n","reto uninter","revoluci\u00f3n mexicana","salud","san valentin","secundaria","spanish school","talleres","talleres culturales","tradiciones","tradiciones meicanas","tradiciones mexicanas","turismo","un dia como hoy","uninter","universidad internacional","videos"],"inLanguage":"es"},{"@type":"WebPage","@id":"https:\/\/blogs.uninter.edu.mx\/difusioncultural\/?p=3603","url":"https:\/\/blogs.uninter.edu.mx\/difusioncultural\/?p=3603","name":"D\u00eda de la tierra - Difusi\u00f3n Cultural","isPartOf":{"@id":"https:\/\/blogs.uninter.edu.mx\/difusioncultural\/#website"},"primaryImageOfPage":{"@id":"https:\/\/blogs.uninter.edu.mx\/difusioncultural\/?p=3603#primaryimage"},"image":{"@id":"https:\/\/blogs.uninter.edu.mx\/difusioncultural\/?p=3603#primaryimage"},"thumbnailUrl":"https:\/\/blogs.uninter.edu.mx\/difusioncultural\/wp-content\/uploads\/2015\/04\/d_a_de_la_tierra.png","datePublished":"2015-04-22T15:22:34+00:00","breadcrumb":{"@id":"https:\/\/blogs.uninter.edu.mx\/difusioncultural\/?p=3603#breadcrumb"},"inLanguage":"es","potentialAction":[{"@type":"ReadAction","target":["https:\/\/blogs.uninter.edu.mx\/difusioncultural\/?p=3603"]}]},{"@type":"ImageObject","inLanguage":"es","@id":"https:\/\/blogs.uninter.edu.mx\/difusioncultural\/?p=3603#primaryimage","url":"https:\/\/blogs.uninter.edu.mx\/difusioncultural\/wp-content\/uploads\/2015\/04\/d_a_de_la_tierra.png","contentUrl":"https:\/\/blogs.uninter.edu.mx\/difusioncultural\/wp-content\/uploads\/2015\/04\/d_a_de_la_tierra.png","width":500,"height":307},{"@type":"BreadcrumbList","@id":"https:\/\/blogs.uninter.edu.mx\/difusioncultural\/?p=3603#breadcrumb","itemListElement":[{"@type":"ListItem","position":1,"name":"Inicio","item":"https:\/\/blogs.uninter.edu.mx\/difusioncultural\/"},{"@type":"ListItem","position":2,"name":"D\u00eda de la tierra"}]},{"@type":"WebSite","@id":"https:\/\/blogs.uninter.edu.mx\/difusioncultural\/#website","url":"https:\/\/blogs.uninter.edu.mx\/difusioncultural\/","name":"Difusi\u00f3n Cultural","description":"UNINTER","publisher":{"@id":"https:\/\/blogs.uninter.edu.mx\/difusioncultural\/#organization"},"potentialAction":[{"@type":"SearchAction","target":{"@type":"EntryPoint","urlTemplate":"https:\/\/blogs.uninter.edu.mx\/difusioncultural\/?s={search_term_string}"},"query-input":{"@type":"PropertyValueSpecification","valueRequired":true,"valueName":"search_term_string"}}],"inLanguage":"es"},{"@type":"Organization","@id":"https:\/\/blogs.uninter.edu.mx\/difusioncultural\/#organization","name":"Difusi\u00f3n Cultural","url":"https:\/\/blogs.uninter.edu.mx\/difusioncultural\/","logo":{"@type":"ImageObject","inLanguage":"es","@id":"https:\/\/blogs.uninter.edu.mx\/difusioncultural\/#\/schema\/logo\/image\/","url":"https:\/\/blogs.uninter.edu.mx\/difusioncultural\/wp-content\/uploads\/2022\/09\/uninter.jpg","contentUrl":"https:\/\/blogs.uninter.edu.mx\/difusioncultural\/wp-content\/uploads\/2022\/09\/uninter.jpg","width":2048,"height":2048,"caption":"Difusi\u00f3n Cultural"},"image":{"@id":"https:\/\/blogs.uninter.edu.mx\/difusioncultural\/#\/schema\/logo\/image\/"}},{"@type":"Person","@id":"https:\/\/blogs.uninter.edu.mx\/difusioncultural\/#\/schema\/person\/37a0926f4dd300a814993fd595abdc4a","name":"webmaster","image":{"@type":"ImageObject","inLanguage":"es","@id":"https:\/\/blogs.uninter.edu.mx\/difusioncultural\/#\/schema\/person\/image\/","url":"https:\/\/secure.gravatar.com\/avatar\/a59c276b01147463ef3aab4118e3137ebc5e1ad6700deb39ccdf8b89e517f7dc?s=96&d=mm&r=g","contentUrl":"https:\/\/secure.gravatar.com\/avatar\/a59c276b01147463ef3aab4118e3137ebc5e1ad6700deb39ccdf8b89e517f7dc?s=96&d=mm&r=g","caption":"webmaster"},"sameAs":["https:\/\/blogs.uninter.edu.mx\/difusioncultural"],"url":"https:\/\/blogs.uninter.edu.mx\/difusioncultural\/?author=1"}]}},"jetpack_publicize_connections":[],"jetpack_featured_media_url":"https:\/\/blogs.uninter.edu.mx\/difusioncultural\/wp-content\/uploads\/2015\/04\/d_a_de_la_tierra.png","jetpack_sharing_enabled":true,"_links":{"self":[{"href":"https:\/\/blogs.uninter.edu.mx\/difusioncultural\/index.php?rest_route=\/wp\/v2\/posts\/3603","targetHints":{"allow":["GET"]}}],"collection":[{"href":"https:\/\/blogs.uninter.edu.mx\/difusioncultural\/index.php?rest_route=\/wp\/v2\/posts"}],"about":[{"href":"https:\/\/blogs.uninter.edu.mx\/difusioncultural\/index.php?rest_route=\/wp\/v2\/types\/post"}],"author":[{"embeddable":true,"href":"https:\/\/blogs.uninter.edu.mx\/difusioncultural\/index.php?rest_route=\/wp\/v2\/users\/1"}],"replies":[{"embeddable":true,"href":"https:\/\/blogs.uninter.edu.mx\/difusioncultural\/index.php?rest_route=%2Fwp%2Fv2%2Fcomments&post=3603"}],"version-history":[{"count":0,"href":"https:\/\/blogs.uninter.edu.mx\/difusioncultural\/index.php?rest_route=\/wp\/v2\/posts\/3603\/revisions"}],"wp:featuredmedia":[{"embeddable":true,"href":"https:\/\/blogs.uninter.edu.mx\/difusioncultural\/index.php?rest_route=\/wp\/v2\/media\/3604"}],"wp:attachment":[{"href":"https:\/\/blogs.uninter.edu.mx\/difusioncultural\/index.php?rest_route=%2Fwp%2Fv2%2Fmedia&parent=3603"}],"wp:term":[{"taxonomy":"category","embeddable":true,"href":"https:\/\/blogs.uninter.edu.mx\/difusioncultural\/index.php?rest_route=%2Fwp%2Fv2%2Fcategories&post=3603"},{"taxonomy":"post_tag","embeddable":true,"href":"https:\/\/blogs.uninter.edu.mx\/difusioncultural\/index.php?rest_route=%2Fwp%2Fv2%2Ftags&post=3603"}],"curies":[{"name":"wp","href":"https:\/\/api.w.org\/{rel}","templated":true}]}}