{"id":3741,"date":"2015-06-29T10:59:45","date_gmt":"2015-06-29T15:59:45","guid":{"rendered":"https:\/\/difusionculturaluninter.wordpress.com\/?p=3741"},"modified":"2015-06-29T10:59:45","modified_gmt":"2015-06-29T15:59:45","slug":"exposicion-de-leonardo-da-vinci-y-miguel-angel-en-bellas-artes","status":"publish","type":"post","link":"https:\/\/blogs.uninter.edu.mx\/difusioncultural\/?p=3741","title":{"rendered":"Exposici\u00f3n de Leonardo Da vinci y Miguel Angel en Bellas Artes"},"content":{"rendered":"<p>-Cuernavaca.-Leonardo Da Vinci y Miguel \u00c1ngel Buonarroti visitan Bellas Artes<a href=\"https:\/\/blogs.uninter.edu.mx\/difusioncultural\/wp-content\/uploads\/2015\/06\/davinci.jpg\"><img decoding=\"async\" class=\"alignnone size-medium wp-image-3742\" src=\"https:\/\/blogs.uninter.edu.mx\/difusioncultural\/wp-content\/uploads\/2015\/06\/davinci.jpg?w=300\" alt=\"davinci\" width=\"300\" height=\"120\" \/><\/a><\/p>\n<p>A partir de este viernes 27 de Junio, estar\u00e1n abiertas las exposiciones &#8220;Miguel \u00c1ngel Buonarroti. Un artista entre dos mundos&#8221; y &#8220;Leonardo Da Vinci y la idea de la belleza&#8221;. La primera concluyendo el 27 de agosto y la de Da Vinci el 23 de agosto.<\/p>\n<p>La exposici\u00f3n de Miguel \u00c1ngel contara con los bocetos de la capilla Sixtina que sobrevivieron despu\u00e9s de que este los quemara, la escultura \u201cCristo Giustaniani\u201d la cual estar\u00e1 exhibida por primera vez fuera de Italia, una reproducci\u00f3n de \u201cLa Piedad\u201d, entre otras. Adem\u00e1s se expondr\u00e1n otras 45 obras que demuestren la influencia que ha tenido en M\u00e9xico.<\/p>\n<p>Por otro lado la exposici\u00f3n de Leonardo contara con \u201cEl c\u00f3dice del vuelo de las aves\u201d, obra cuya exposici\u00f3n no siempre es posible en la Biblioteca Real de Tur\u00edn por razones de conservadur\u00eda, en este c\u00f3dice se encuentran los apuntes que Leonardo tomo sobre la anatom\u00eda, fisiolog\u00eda y aerodin\u00e1mica en diferentes especies de aves, as\u00ed como el boceto de una m\u00e1quina para volar.<\/p>\n<p>La exposici\u00f3n de Leonardo Da Vinci estar\u00e1 disponible de martes a domingo en un horario de 13:00 a 15:00 horas. La entrada es gratuita para estudiantes y maestros con credencial vigente.<\/p>\n","protected":false},"excerpt":{"rendered":"<p>-Cuernavaca.-Leonardo Da Vinci y Miguel \u00c1ngel Buonarroti visitan Bellas Artes A partir de este viernes 27 de Junio, estar\u00e1n abiertas las exposiciones &#8220;Miguel \u00c1ngel Buonarroti. Un artista entre dos mundos&#8221; y &#8220;Leonardo Da Vinci y la idea de la belleza&#8221;. La primera concluyendo el 27 de agosto y la de Da Vinci el 23 de&hellip;<\/p>\n","protected":false},"author":1,"featured_media":3742,"comment_status":"closed","ping_status":"open","sticky":false,"template":"","format":"standard","meta":{"_jetpack_memberships_contains_paid_content":false,"footnotes":"","jetpack_publicize_message":"","jetpack_publicize_feature_enabled":true,"jetpack_social_post_already_shared":false,"jetpack_social_options":{"image_generator_settings":{"template":"highway","default_image_id":0,"font":"","enabled":false},"version":2}},"categories":[8],"tags":[26,41,49,52,63,93,103,108,113,120,129,131,139,162,163,173,177,187,188,190,204,210,253,255,260,269,277,280,287,303,305],"class_list":["post-3741","post","type-post","status-publish","format-standard","has-post-thumbnail","hentry","category-eventos","tag-acontecimientos","tag-becas-culturales","tag-bellasartes","tag-bocetos","tag-capillasixtina","tag-cultura","tag-davinci","tag-dia-de-la-independencia-uninter","tag-difusion-cultural","tag-eldavid","tag-estudiantes","tag-eventos","tag-filarmonica-de-cuernavaca","tag-independencia-de-mexico","tag-intercambios","tag-italia","tag-jornada-cultural","tag-leonardo","tag-leonardodavinci","tag-licenciatura","tag-mexico","tag-miguelangel","tag-posgrado","tag-prepa","tag-promocion","tag-roma","tag-secundaria","tag-spanish-school","tag-talleres-culturales","tag-uninter","tag-universidad-internacional"],"yoast_head":"<!-- This site is optimized with the Yoast SEO plugin v26.3 - https:\/\/yoast.com\/wordpress\/plugins\/seo\/ -->\r\n<title>Exposici\u00f3n de Leonardo Da vinci y Miguel Angel en Bellas Artes - Difusi\u00f3n Cultural<\/title>\r\n<meta name=\"robots\" content=\"index, follow, max-snippet:-1, max-image-preview:large, max-video-preview:-1\" \/>\r\n<link rel=\"canonical\" href=\"https:\/\/blogs.uninter.edu.mx\/difusioncultural\/?p=3741\" \/>\r\n<meta property=\"og:locale\" content=\"es_MX\" \/>\r\n<meta property=\"og:type\" content=\"article\" \/>\r\n<meta property=\"og:title\" content=\"Exposici\u00f3n de Leonardo Da vinci y Miguel Angel en Bellas Artes - Difusi\u00f3n Cultural\" \/>\r\n<meta property=\"og:description\" content=\"-Cuernavaca.-Leonardo Da Vinci y Miguel \u00c1ngel Buonarroti visitan Bellas Artes A partir de este viernes 27 de Junio, estar\u00e1n abiertas las exposiciones &#8220;Miguel \u00c1ngel Buonarroti. Un artista entre dos mundos&#8221; y &#8220;Leonardo Da Vinci y la idea de la belleza&#8221;. La primera concluyendo el 27 de agosto y la de Da Vinci el 23 de&hellip;\" \/>\r\n<meta property=\"og:url\" content=\"https:\/\/blogs.uninter.edu.mx\/difusioncultural\/?p=3741\" \/>\r\n<meta property=\"og:site_name\" content=\"Difusi\u00f3n Cultural\" \/>\r\n<meta property=\"article:published_time\" content=\"2015-06-29T15:59:45+00:00\" \/>\r\n<meta property=\"og:image\" content=\"https:\/\/blogs.uninter.edu.mx\/difusioncultural\/wp-content\/uploads\/2015\/06\/davinci.jpg\" \/>\r\n\t<meta property=\"og:image:width\" content=\"2125\" \/>\r\n\t<meta property=\"og:image:height\" content=\"853\" \/>\r\n\t<meta property=\"og:image:type\" content=\"image\/jpeg\" \/>\r\n<meta name=\"author\" content=\"webmaster\" \/>\r\n<meta name=\"twitter:card\" content=\"summary_large_image\" \/>\r\n<meta name=\"twitter:label1\" content=\"Escrito por\" \/>\n\t<meta name=\"twitter:data1\" content=\"webmaster\" \/>\n\t<meta name=\"twitter:label2\" content=\"Tiempo de lectura\" \/>\n\t<meta name=\"twitter:data2\" content=\"1 minuto\" \/>\r\n<script type=\"application\/ld+json\" class=\"yoast-schema-graph\">{\"@context\":\"https:\/\/schema.org\",\"@graph\":[{\"@type\":\"Article\",\"@id\":\"https:\/\/blogs.uninter.edu.mx\/difusioncultural\/?p=3741#article\",\"isPartOf\":{\"@id\":\"https:\/\/blogs.uninter.edu.mx\/difusioncultural\/?p=3741\"},\"author\":{\"name\":\"webmaster\",\"@id\":\"https:\/\/blogs.uninter.edu.mx\/difusioncultural\/#\/schema\/person\/37a0926f4dd300a814993fd595abdc4a\"},\"headline\":\"Exposici\u00f3n de Leonardo Da vinci y Miguel Angel en Bellas Artes\",\"datePublished\":\"2015-06-29T15:59:45+00:00\",\"mainEntityOfPage\":{\"@id\":\"https:\/\/blogs.uninter.edu.mx\/difusioncultural\/?p=3741\"},\"wordCount\":232,\"publisher\":{\"@id\":\"https:\/\/blogs.uninter.edu.mx\/difusioncultural\/#organization\"},\"image\":{\"@id\":\"https:\/\/blogs.uninter.edu.mx\/difusioncultural\/?p=3741#primaryimage\"},\"thumbnailUrl\":\"https:\/\/blogs.uninter.edu.mx\/difusioncultural\/wp-content\/uploads\/2015\/06\/davinci.jpg\",\"keywords\":[\"acontecimientos\",\"becas culturales\",\"bellasartes\",\"bocetos\",\"capillasixtina\",\"cultura\",\"davinci\",\"dia de la independencia uninter\",\"difusi\u00f3n cultural\",\"eldavid\",\"estudiantes\",\"eventos\",\"Filarm\u00f3nica de Cuernavaca\",\"INDEPENDENCIA DE M\u00c9XICO\",\"intercambios\",\"italia\",\"Jornada Cultural\",\"leonardo\",\"leonardodavinci\",\"licenciatura\",\"Mexico\",\"miguelangel\",\"posgrado\",\"prepa\",\"promoci\u00f3n\",\"roma\",\"secundaria\",\"spanish school\",\"talleres culturales\",\"uninter\",\"universidad internacional\"],\"articleSection\":[\"Eventos\"],\"inLanguage\":\"es\"},{\"@type\":\"WebPage\",\"@id\":\"https:\/\/blogs.uninter.edu.mx\/difusioncultural\/?p=3741\",\"url\":\"https:\/\/blogs.uninter.edu.mx\/difusioncultural\/?p=3741\",\"name\":\"Exposici\u00f3n de Leonardo Da vinci y Miguel Angel en Bellas Artes - Difusi\u00f3n Cultural\",\"isPartOf\":{\"@id\":\"https:\/\/blogs.uninter.edu.mx\/difusioncultural\/#website\"},\"primaryImageOfPage\":{\"@id\":\"https:\/\/blogs.uninter.edu.mx\/difusioncultural\/?p=3741#primaryimage\"},\"image\":{\"@id\":\"https:\/\/blogs.uninter.edu.mx\/difusioncultural\/?p=3741#primaryimage\"},\"thumbnailUrl\":\"https:\/\/blogs.uninter.edu.mx\/difusioncultural\/wp-content\/uploads\/2015\/06\/davinci.jpg\",\"datePublished\":\"2015-06-29T15:59:45+00:00\",\"breadcrumb\":{\"@id\":\"https:\/\/blogs.uninter.edu.mx\/difusioncultural\/?p=3741#breadcrumb\"},\"inLanguage\":\"es\",\"potentialAction\":[{\"@type\":\"ReadAction\",\"target\":[\"https:\/\/blogs.uninter.edu.mx\/difusioncultural\/?p=3741\"]}]},{\"@type\":\"ImageObject\",\"inLanguage\":\"es\",\"@id\":\"https:\/\/blogs.uninter.edu.mx\/difusioncultural\/?p=3741#primaryimage\",\"url\":\"https:\/\/blogs.uninter.edu.mx\/difusioncultural\/wp-content\/uploads\/2015\/06\/davinci.jpg\",\"contentUrl\":\"https:\/\/blogs.uninter.edu.mx\/difusioncultural\/wp-content\/uploads\/2015\/06\/davinci.jpg\",\"width\":2125,\"height\":853},{\"@type\":\"BreadcrumbList\",\"@id\":\"https:\/\/blogs.uninter.edu.mx\/difusioncultural\/?p=3741#breadcrumb\",\"itemListElement\":[{\"@type\":\"ListItem\",\"position\":1,\"name\":\"Inicio\",\"item\":\"https:\/\/blogs.uninter.edu.mx\/difusioncultural\/\"},{\"@type\":\"ListItem\",\"position\":2,\"name\":\"Exposici\u00f3n de Leonardo Da vinci y Miguel Angel en Bellas Artes\"}]},{\"@type\":\"WebSite\",\"@id\":\"https:\/\/blogs.uninter.edu.mx\/difusioncultural\/#website\",\"url\":\"https:\/\/blogs.uninter.edu.mx\/difusioncultural\/\",\"name\":\"Difusi\u00f3n Cultural\",\"description\":\"UNINTER\",\"publisher\":{\"@id\":\"https:\/\/blogs.uninter.edu.mx\/difusioncultural\/#organization\"},\"potentialAction\":[{\"@type\":\"SearchAction\",\"target\":{\"@type\":\"EntryPoint\",\"urlTemplate\":\"https:\/\/blogs.uninter.edu.mx\/difusioncultural\/?s={search_term_string}\"},\"query-input\":{\"@type\":\"PropertyValueSpecification\",\"valueRequired\":true,\"valueName\":\"search_term_string\"}}],\"inLanguage\":\"es\"},{\"@type\":\"Organization\",\"@id\":\"https:\/\/blogs.uninter.edu.mx\/difusioncultural\/#organization\",\"name\":\"Difusi\u00f3n Cultural\",\"url\":\"https:\/\/blogs.uninter.edu.mx\/difusioncultural\/\",\"logo\":{\"@type\":\"ImageObject\",\"inLanguage\":\"es\",\"@id\":\"https:\/\/blogs.uninter.edu.mx\/difusioncultural\/#\/schema\/logo\/image\/\",\"url\":\"https:\/\/blogs.uninter.edu.mx\/difusioncultural\/wp-content\/uploads\/2022\/09\/uninter.jpg\",\"contentUrl\":\"https:\/\/blogs.uninter.edu.mx\/difusioncultural\/wp-content\/uploads\/2022\/09\/uninter.jpg\",\"width\":2048,\"height\":2048,\"caption\":\"Difusi\u00f3n Cultural\"},\"image\":{\"@id\":\"https:\/\/blogs.uninter.edu.mx\/difusioncultural\/#\/schema\/logo\/image\/\"}},{\"@type\":\"Person\",\"@id\":\"https:\/\/blogs.uninter.edu.mx\/difusioncultural\/#\/schema\/person\/37a0926f4dd300a814993fd595abdc4a\",\"name\":\"webmaster\",\"image\":{\"@type\":\"ImageObject\",\"inLanguage\":\"es\",\"@id\":\"https:\/\/blogs.uninter.edu.mx\/difusioncultural\/#\/schema\/person\/image\/\",\"url\":\"https:\/\/secure.gravatar.com\/avatar\/a59c276b01147463ef3aab4118e3137ebc5e1ad6700deb39ccdf8b89e517f7dc?s=96&d=mm&r=g\",\"contentUrl\":\"https:\/\/secure.gravatar.com\/avatar\/a59c276b01147463ef3aab4118e3137ebc5e1ad6700deb39ccdf8b89e517f7dc?s=96&d=mm&r=g\",\"caption\":\"webmaster\"},\"sameAs\":[\"https:\/\/blogs.uninter.edu.mx\/difusioncultural\"],\"url\":\"https:\/\/blogs.uninter.edu.mx\/difusioncultural\/?author=1\"}]}<\/script>\r\n<!-- \/ Yoast SEO plugin. -->","yoast_head_json":{"title":"Exposici\u00f3n de Leonardo Da vinci y Miguel Angel en Bellas Artes - Difusi\u00f3n Cultural","robots":{"index":"index","follow":"follow","max-snippet":"max-snippet:-1","max-image-preview":"max-image-preview:large","max-video-preview":"max-video-preview:-1"},"canonical":"https:\/\/blogs.uninter.edu.mx\/difusioncultural\/?p=3741","og_locale":"es_MX","og_type":"article","og_title":"Exposici\u00f3n de Leonardo Da vinci y Miguel Angel en Bellas Artes - Difusi\u00f3n Cultural","og_description":"-Cuernavaca.-Leonardo Da Vinci y Miguel \u00c1ngel Buonarroti visitan Bellas Artes A partir de este viernes 27 de Junio, estar\u00e1n abiertas las exposiciones &#8220;Miguel \u00c1ngel Buonarroti. Un artista entre dos mundos&#8221; y &#8220;Leonardo Da Vinci y la idea de la belleza&#8221;. La primera concluyendo el 27 de agosto y la de Da Vinci el 23 de&hellip;","og_url":"https:\/\/blogs.uninter.edu.mx\/difusioncultural\/?p=3741","og_site_name":"Difusi\u00f3n Cultural","article_published_time":"2015-06-29T15:59:45+00:00","og_image":[{"width":2125,"height":853,"url":"https:\/\/blogs.uninter.edu.mx\/difusioncultural\/wp-content\/uploads\/2015\/06\/davinci.jpg","type":"image\/jpeg"}],"author":"webmaster","twitter_card":"summary_large_image","twitter_misc":{"Escrito por":"webmaster","Tiempo de lectura":"1 minuto"},"schema":{"@context":"https:\/\/schema.org","@graph":[{"@type":"Article","@id":"https:\/\/blogs.uninter.edu.mx\/difusioncultural\/?p=3741#article","isPartOf":{"@id":"https:\/\/blogs.uninter.edu.mx\/difusioncultural\/?p=3741"},"author":{"name":"webmaster","@id":"https:\/\/blogs.uninter.edu.mx\/difusioncultural\/#\/schema\/person\/37a0926f4dd300a814993fd595abdc4a"},"headline":"Exposici\u00f3n de Leonardo Da vinci y Miguel Angel en Bellas Artes","datePublished":"2015-06-29T15:59:45+00:00","mainEntityOfPage":{"@id":"https:\/\/blogs.uninter.edu.mx\/difusioncultural\/?p=3741"},"wordCount":232,"publisher":{"@id":"https:\/\/blogs.uninter.edu.mx\/difusioncultural\/#organization"},"image":{"@id":"https:\/\/blogs.uninter.edu.mx\/difusioncultural\/?p=3741#primaryimage"},"thumbnailUrl":"https:\/\/blogs.uninter.edu.mx\/difusioncultural\/wp-content\/uploads\/2015\/06\/davinci.jpg","keywords":["acontecimientos","becas culturales","bellasartes","bocetos","capillasixtina","cultura","davinci","dia de la independencia uninter","difusi\u00f3n cultural","eldavid","estudiantes","eventos","Filarm\u00f3nica de Cuernavaca","INDEPENDENCIA DE M\u00c9XICO","intercambios","italia","Jornada Cultural","leonardo","leonardodavinci","licenciatura","Mexico","miguelangel","posgrado","prepa","promoci\u00f3n","roma","secundaria","spanish school","talleres culturales","uninter","universidad internacional"],"articleSection":["Eventos"],"inLanguage":"es"},{"@type":"WebPage","@id":"https:\/\/blogs.uninter.edu.mx\/difusioncultural\/?p=3741","url":"https:\/\/blogs.uninter.edu.mx\/difusioncultural\/?p=3741","name":"Exposici\u00f3n de Leonardo Da vinci y Miguel Angel en Bellas Artes - Difusi\u00f3n Cultural","isPartOf":{"@id":"https:\/\/blogs.uninter.edu.mx\/difusioncultural\/#website"},"primaryImageOfPage":{"@id":"https:\/\/blogs.uninter.edu.mx\/difusioncultural\/?p=3741#primaryimage"},"image":{"@id":"https:\/\/blogs.uninter.edu.mx\/difusioncultural\/?p=3741#primaryimage"},"thumbnailUrl":"https:\/\/blogs.uninter.edu.mx\/difusioncultural\/wp-content\/uploads\/2015\/06\/davinci.jpg","datePublished":"2015-06-29T15:59:45+00:00","breadcrumb":{"@id":"https:\/\/blogs.uninter.edu.mx\/difusioncultural\/?p=3741#breadcrumb"},"inLanguage":"es","potentialAction":[{"@type":"ReadAction","target":["https:\/\/blogs.uninter.edu.mx\/difusioncultural\/?p=3741"]}]},{"@type":"ImageObject","inLanguage":"es","@id":"https:\/\/blogs.uninter.edu.mx\/difusioncultural\/?p=3741#primaryimage","url":"https:\/\/blogs.uninter.edu.mx\/difusioncultural\/wp-content\/uploads\/2015\/06\/davinci.jpg","contentUrl":"https:\/\/blogs.uninter.edu.mx\/difusioncultural\/wp-content\/uploads\/2015\/06\/davinci.jpg","width":2125,"height":853},{"@type":"BreadcrumbList","@id":"https:\/\/blogs.uninter.edu.mx\/difusioncultural\/?p=3741#breadcrumb","itemListElement":[{"@type":"ListItem","position":1,"name":"Inicio","item":"https:\/\/blogs.uninter.edu.mx\/difusioncultural\/"},{"@type":"ListItem","position":2,"name":"Exposici\u00f3n de Leonardo Da vinci y Miguel Angel en Bellas Artes"}]},{"@type":"WebSite","@id":"https:\/\/blogs.uninter.edu.mx\/difusioncultural\/#website","url":"https:\/\/blogs.uninter.edu.mx\/difusioncultural\/","name":"Difusi\u00f3n Cultural","description":"UNINTER","publisher":{"@id":"https:\/\/blogs.uninter.edu.mx\/difusioncultural\/#organization"},"potentialAction":[{"@type":"SearchAction","target":{"@type":"EntryPoint","urlTemplate":"https:\/\/blogs.uninter.edu.mx\/difusioncultural\/?s={search_term_string}"},"query-input":{"@type":"PropertyValueSpecification","valueRequired":true,"valueName":"search_term_string"}}],"inLanguage":"es"},{"@type":"Organization","@id":"https:\/\/blogs.uninter.edu.mx\/difusioncultural\/#organization","name":"Difusi\u00f3n Cultural","url":"https:\/\/blogs.uninter.edu.mx\/difusioncultural\/","logo":{"@type":"ImageObject","inLanguage":"es","@id":"https:\/\/blogs.uninter.edu.mx\/difusioncultural\/#\/schema\/logo\/image\/","url":"https:\/\/blogs.uninter.edu.mx\/difusioncultural\/wp-content\/uploads\/2022\/09\/uninter.jpg","contentUrl":"https:\/\/blogs.uninter.edu.mx\/difusioncultural\/wp-content\/uploads\/2022\/09\/uninter.jpg","width":2048,"height":2048,"caption":"Difusi\u00f3n Cultural"},"image":{"@id":"https:\/\/blogs.uninter.edu.mx\/difusioncultural\/#\/schema\/logo\/image\/"}},{"@type":"Person","@id":"https:\/\/blogs.uninter.edu.mx\/difusioncultural\/#\/schema\/person\/37a0926f4dd300a814993fd595abdc4a","name":"webmaster","image":{"@type":"ImageObject","inLanguage":"es","@id":"https:\/\/blogs.uninter.edu.mx\/difusioncultural\/#\/schema\/person\/image\/","url":"https:\/\/secure.gravatar.com\/avatar\/a59c276b01147463ef3aab4118e3137ebc5e1ad6700deb39ccdf8b89e517f7dc?s=96&d=mm&r=g","contentUrl":"https:\/\/secure.gravatar.com\/avatar\/a59c276b01147463ef3aab4118e3137ebc5e1ad6700deb39ccdf8b89e517f7dc?s=96&d=mm&r=g","caption":"webmaster"},"sameAs":["https:\/\/blogs.uninter.edu.mx\/difusioncultural"],"url":"https:\/\/blogs.uninter.edu.mx\/difusioncultural\/?author=1"}]}},"jetpack_publicize_connections":[],"jetpack_featured_media_url":"https:\/\/blogs.uninter.edu.mx\/difusioncultural\/wp-content\/uploads\/2015\/06\/davinci.jpg","jetpack_sharing_enabled":true,"_links":{"self":[{"href":"https:\/\/blogs.uninter.edu.mx\/difusioncultural\/index.php?rest_route=\/wp\/v2\/posts\/3741","targetHints":{"allow":["GET"]}}],"collection":[{"href":"https:\/\/blogs.uninter.edu.mx\/difusioncultural\/index.php?rest_route=\/wp\/v2\/posts"}],"about":[{"href":"https:\/\/blogs.uninter.edu.mx\/difusioncultural\/index.php?rest_route=\/wp\/v2\/types\/post"}],"author":[{"embeddable":true,"href":"https:\/\/blogs.uninter.edu.mx\/difusioncultural\/index.php?rest_route=\/wp\/v2\/users\/1"}],"replies":[{"embeddable":true,"href":"https:\/\/blogs.uninter.edu.mx\/difusioncultural\/index.php?rest_route=%2Fwp%2Fv2%2Fcomments&post=3741"}],"version-history":[{"count":0,"href":"https:\/\/blogs.uninter.edu.mx\/difusioncultural\/index.php?rest_route=\/wp\/v2\/posts\/3741\/revisions"}],"wp:featuredmedia":[{"embeddable":true,"href":"https:\/\/blogs.uninter.edu.mx\/difusioncultural\/index.php?rest_route=\/wp\/v2\/media\/3742"}],"wp:attachment":[{"href":"https:\/\/blogs.uninter.edu.mx\/difusioncultural\/index.php?rest_route=%2Fwp%2Fv2%2Fmedia&parent=3741"}],"wp:term":[{"taxonomy":"category","embeddable":true,"href":"https:\/\/blogs.uninter.edu.mx\/difusioncultural\/index.php?rest_route=%2Fwp%2Fv2%2Fcategories&post=3741"},{"taxonomy":"post_tag","embeddable":true,"href":"https:\/\/blogs.uninter.edu.mx\/difusioncultural\/index.php?rest_route=%2Fwp%2Fv2%2Ftags&post=3741"}],"curies":[{"name":"wp","href":"https:\/\/api.w.org\/{rel}","templated":true}]}}