{"id":3748,"date":"2015-07-02T10:30:44","date_gmt":"2015-07-02T15:30:44","guid":{"rendered":"https:\/\/difusionculturaluninter.wordpress.com\/?p=3748"},"modified":"2015-07-02T10:30:44","modified_gmt":"2015-07-02T15:30:44","slug":"a-100-anos-de-la-muerte-del-general-porfirio-diaz","status":"publish","type":"post","link":"https:\/\/blogs.uninter.edu.mx\/difusioncultural\/?p=3748","title":{"rendered":"A 100 a\u00f1os de la muerte del General Porfirio D\u00edaz"},"content":{"rendered":"<p><a href=\"https:\/\/blogs.uninter.edu.mx\/difusioncultural\/wp-content\/uploads\/2015\/07\/profirio-diaz.jpg\"><img fetchpriority=\"high\" decoding=\"async\" class=\"alignnone size-medium wp-image-3749\" src=\"https:\/\/blogs.uninter.edu.mx\/difusioncultural\/wp-content\/uploads\/2015\/07\/profirio-diaz.jpg?w=300\" alt=\"profirio diaz\" width=\"300\" height=\"264\" \/><\/a><\/p>\n<p>Ciudad de M\u00e9xico.- Orden, Paz y Progreso. Porfirio D\u00edaz durante 30 a\u00f1os de mandato estabilizo el gobierno en M\u00e9xico, concilio diferencias partidistas y retomo relaci\u00f3n con el clero. El general ten\u00eda una gran admiraci\u00f3n por las ciudades Europeas principalmente las calzada de Paris, Fracia. dise\u00f1o urbano que se trajo a la capital mexicana un ejemplo es \u00a0a la Av. Reforma que une el centro historico con el bosque de chapultepec.en la llamada Ciudad de los Palacios que con gran influencia y capital Frances se construyeron impresionantes palacios. que hoy dan vida a museos, oficinas, galerias, restaurantes y otros que se encuentran en restauraci\u00f3n por empresas como grupo Carso. En tema de cultura durante estos a\u00f1os se impulso la m\u00fasica profesional, la m\u00fasica folklorica, las bellas artes y como dato importante el eficio de Bellas Artes \u00a0fue traido pieza por pieza de Fracia.<\/p>\n<p>Durante el porfiriato M\u00e9xico de Moderniz\u00f3, comenzo el crecimiento econ\u00f3mico,\u00a0 se favoreci\u00f3 la inversi\u00f3n extranjera, se reactiv\u00f3 la miner\u00eda y la industria, abrieron los bancos y las compa\u00f1\u00edas de seguros; y las regiones aisladas del pa\u00eds comenzaron a comunicarse con miles de kil\u00f3metros de v\u00edas de ferrocarril.<\/p>\n<p>Tambien es bien sabido que Porfirio D\u00edaz tenia controlado los poderes federales desarrollando un regimen autoritario y su voluntad personal estaba por encima de la ley,\u00a0El glamour que se respiraba en la oligarqu\u00eda porfirista ocultaba la miseria y la desgracia de una gran mayor\u00eda. Los latifundios hab\u00edan aumentado a costa de las tierras de los pueblos, se favoreci\u00f3 la inversi\u00f3n extranjera pero se pagaban salarios paup\u00e9rrimos en condiciones de trabajo inhumanas.<\/p>\n<p>Un d\u00eda como hoy hace 100 a\u00f1os muere en el exilio el General Porfirio D\u00edaz.<\/p>\n","protected":false},"excerpt":{"rendered":"<p>Ciudad de M\u00e9xico.- Orden, Paz y Progreso. Porfirio D\u00edaz durante 30 a\u00f1os de mandato estabilizo el gobierno en M\u00e9xico, concilio diferencias partidistas y retomo relaci\u00f3n con el clero. El general ten\u00eda una gran admiraci\u00f3n por las ciudades Europeas principalmente las calzada de Paris, Fracia. dise\u00f1o urbano que se trajo a la capital mexicana un ejemplo&hellip;<\/p>\n","protected":false},"author":1,"featured_media":3749,"comment_status":"closed","ping_status":"open","sticky":false,"template":"","format":"standard","meta":{"_jetpack_memberships_contains_paid_content":false,"footnotes":"","jetpack_publicize_message":"","jetpack_publicize_feature_enabled":true,"jetpack_social_post_already_shared":false,"jetpack_social_options":{"image_generator_settings":{"template":"highway","default_image_id":0,"font":"","enabled":false},"version":2}},"categories":[1],"tags":[19,21,22,26,41,93,94,113,129,131,136,137,139,151,162,195,204,251,252,260,280,303,305],"class_list":["post-3748","post","type-post","status-publish","format-standard","has-post-thumbnail","hentry","category-sin-categoria","tag-100-anos-de-muerte","tag-2-julio-1915","tag-2-julio-2015","tag-acontecimientos","tag-becas-culturales","tag-cultura","tag-cultura-de-la-paz","tag-difusion-cultural","tag-estudiantes","tag-eventos","tag-festejos","tag-festejos-patrios-uninter","tag-filarmonica-de-cuernavaca","tag-historia","tag-independencia-de-mexico","tag-maestria","tag-mexico","tag-porfiriato","tag-porfirio-diaz","tag-promocion","tag-spanish-school","tag-uninter","tag-universidad-internacional"],"yoast_head":"<!-- This site is optimized with the Yoast SEO plugin v26.3 - https:\/\/yoast.com\/wordpress\/plugins\/seo\/ -->\r\n<title>A 100 a\u00f1os de la muerte del General Porfirio D\u00edaz - Difusi\u00f3n Cultural<\/title>\r\n<meta name=\"robots\" content=\"index, follow, max-snippet:-1, max-image-preview:large, max-video-preview:-1\" \/>\r\n<link rel=\"canonical\" href=\"https:\/\/blogs.uninter.edu.mx\/difusioncultural\/?p=3748\" \/>\r\n<meta property=\"og:locale\" content=\"es_MX\" \/>\r\n<meta property=\"og:type\" content=\"article\" \/>\r\n<meta property=\"og:title\" content=\"A 100 a\u00f1os de la muerte del General Porfirio D\u00edaz - Difusi\u00f3n Cultural\" \/>\r\n<meta property=\"og:description\" content=\"Ciudad de M\u00e9xico.- Orden, Paz y Progreso. Porfirio D\u00edaz durante 30 a\u00f1os de mandato estabilizo el gobierno en M\u00e9xico, concilio diferencias partidistas y retomo relaci\u00f3n con el clero. El general ten\u00eda una gran admiraci\u00f3n por las ciudades Europeas principalmente las calzada de Paris, Fracia. dise\u00f1o urbano que se trajo a la capital mexicana un ejemplo&hellip;\" \/>\r\n<meta property=\"og:url\" content=\"https:\/\/blogs.uninter.edu.mx\/difusioncultural\/?p=3748\" \/>\r\n<meta property=\"og:site_name\" content=\"Difusi\u00f3n Cultural\" \/>\r\n<meta property=\"article:published_time\" content=\"2015-07-02T15:30:44+00:00\" \/>\r\n<meta property=\"og:image\" content=\"https:\/\/blogs.uninter.edu.mx\/difusioncultural\/wp-content\/uploads\/2015\/07\/profirio-diaz.jpg\" \/>\r\n\t<meta property=\"og:image:width\" content=\"340\" \/>\r\n\t<meta property=\"og:image:height\" content=\"299\" \/>\r\n\t<meta property=\"og:image:type\" content=\"image\/jpeg\" \/>\r\n<meta name=\"author\" content=\"webmaster\" \/>\r\n<meta name=\"twitter:card\" content=\"summary_large_image\" \/>\r\n<meta name=\"twitter:label1\" content=\"Escrito por\" \/>\n\t<meta name=\"twitter:data1\" content=\"webmaster\" \/>\n\t<meta name=\"twitter:label2\" content=\"Tiempo de lectura\" \/>\n\t<meta name=\"twitter:data2\" content=\"2 minutos\" \/>\r\n<script type=\"application\/ld+json\" class=\"yoast-schema-graph\">{\"@context\":\"https:\/\/schema.org\",\"@graph\":[{\"@type\":\"Article\",\"@id\":\"https:\/\/blogs.uninter.edu.mx\/difusioncultural\/?p=3748#article\",\"isPartOf\":{\"@id\":\"https:\/\/blogs.uninter.edu.mx\/difusioncultural\/?p=3748\"},\"author\":{\"name\":\"webmaster\",\"@id\":\"https:\/\/blogs.uninter.edu.mx\/difusioncultural\/#\/schema\/person\/37a0926f4dd300a814993fd595abdc4a\"},\"headline\":\"A 100 a\u00f1os de la muerte del General Porfirio D\u00edaz\",\"datePublished\":\"2015-07-02T15:30:44+00:00\",\"mainEntityOfPage\":{\"@id\":\"https:\/\/blogs.uninter.edu.mx\/difusioncultural\/?p=3748\"},\"wordCount\":316,\"publisher\":{\"@id\":\"https:\/\/blogs.uninter.edu.mx\/difusioncultural\/#organization\"},\"image\":{\"@id\":\"https:\/\/blogs.uninter.edu.mx\/difusioncultural\/?p=3748#primaryimage\"},\"thumbnailUrl\":\"https:\/\/blogs.uninter.edu.mx\/difusioncultural\/wp-content\/uploads\/2015\/07\/profirio-diaz.jpg\",\"keywords\":[\"100 a\u00f1os de muerte\",\"2 julio 1915\",\"2 julio 2015\",\"acontecimientos\",\"becas culturales\",\"cultura\",\"cultura de la paz\",\"difusi\u00f3n cultural\",\"estudiantes\",\"eventos\",\"festejos\",\"festejos patrios uninter\",\"Filarm\u00f3nica de Cuernavaca\",\"historia\",\"INDEPENDENCIA DE M\u00c9XICO\",\"maestria\",\"Mexico\",\"porfiriato\",\"porfirio diaz\",\"promoci\u00f3n\",\"spanish school\",\"uninter\",\"universidad internacional\"],\"inLanguage\":\"es\"},{\"@type\":\"WebPage\",\"@id\":\"https:\/\/blogs.uninter.edu.mx\/difusioncultural\/?p=3748\",\"url\":\"https:\/\/blogs.uninter.edu.mx\/difusioncultural\/?p=3748\",\"name\":\"A 100 a\u00f1os de la muerte del General Porfirio D\u00edaz - Difusi\u00f3n Cultural\",\"isPartOf\":{\"@id\":\"https:\/\/blogs.uninter.edu.mx\/difusioncultural\/#website\"},\"primaryImageOfPage\":{\"@id\":\"https:\/\/blogs.uninter.edu.mx\/difusioncultural\/?p=3748#primaryimage\"},\"image\":{\"@id\":\"https:\/\/blogs.uninter.edu.mx\/difusioncultural\/?p=3748#primaryimage\"},\"thumbnailUrl\":\"https:\/\/blogs.uninter.edu.mx\/difusioncultural\/wp-content\/uploads\/2015\/07\/profirio-diaz.jpg\",\"datePublished\":\"2015-07-02T15:30:44+00:00\",\"breadcrumb\":{\"@id\":\"https:\/\/blogs.uninter.edu.mx\/difusioncultural\/?p=3748#breadcrumb\"},\"inLanguage\":\"es\",\"potentialAction\":[{\"@type\":\"ReadAction\",\"target\":[\"https:\/\/blogs.uninter.edu.mx\/difusioncultural\/?p=3748\"]}]},{\"@type\":\"ImageObject\",\"inLanguage\":\"es\",\"@id\":\"https:\/\/blogs.uninter.edu.mx\/difusioncultural\/?p=3748#primaryimage\",\"url\":\"https:\/\/blogs.uninter.edu.mx\/difusioncultural\/wp-content\/uploads\/2015\/07\/profirio-diaz.jpg\",\"contentUrl\":\"https:\/\/blogs.uninter.edu.mx\/difusioncultural\/wp-content\/uploads\/2015\/07\/profirio-diaz.jpg\",\"width\":340,\"height\":299},{\"@type\":\"BreadcrumbList\",\"@id\":\"https:\/\/blogs.uninter.edu.mx\/difusioncultural\/?p=3748#breadcrumb\",\"itemListElement\":[{\"@type\":\"ListItem\",\"position\":1,\"name\":\"Inicio\",\"item\":\"https:\/\/blogs.uninter.edu.mx\/difusioncultural\/\"},{\"@type\":\"ListItem\",\"position\":2,\"name\":\"A 100 a\u00f1os de la muerte del General Porfirio D\u00edaz\"}]},{\"@type\":\"WebSite\",\"@id\":\"https:\/\/blogs.uninter.edu.mx\/difusioncultural\/#website\",\"url\":\"https:\/\/blogs.uninter.edu.mx\/difusioncultural\/\",\"name\":\"Difusi\u00f3n Cultural\",\"description\":\"UNINTER\",\"publisher\":{\"@id\":\"https:\/\/blogs.uninter.edu.mx\/difusioncultural\/#organization\"},\"potentialAction\":[{\"@type\":\"SearchAction\",\"target\":{\"@type\":\"EntryPoint\",\"urlTemplate\":\"https:\/\/blogs.uninter.edu.mx\/difusioncultural\/?s={search_term_string}\"},\"query-input\":{\"@type\":\"PropertyValueSpecification\",\"valueRequired\":true,\"valueName\":\"search_term_string\"}}],\"inLanguage\":\"es\"},{\"@type\":\"Organization\",\"@id\":\"https:\/\/blogs.uninter.edu.mx\/difusioncultural\/#organization\",\"name\":\"Difusi\u00f3n Cultural\",\"url\":\"https:\/\/blogs.uninter.edu.mx\/difusioncultural\/\",\"logo\":{\"@type\":\"ImageObject\",\"inLanguage\":\"es\",\"@id\":\"https:\/\/blogs.uninter.edu.mx\/difusioncultural\/#\/schema\/logo\/image\/\",\"url\":\"https:\/\/blogs.uninter.edu.mx\/difusioncultural\/wp-content\/uploads\/2022\/09\/uninter.jpg\",\"contentUrl\":\"https:\/\/blogs.uninter.edu.mx\/difusioncultural\/wp-content\/uploads\/2022\/09\/uninter.jpg\",\"width\":2048,\"height\":2048,\"caption\":\"Difusi\u00f3n Cultural\"},\"image\":{\"@id\":\"https:\/\/blogs.uninter.edu.mx\/difusioncultural\/#\/schema\/logo\/image\/\"}},{\"@type\":\"Person\",\"@id\":\"https:\/\/blogs.uninter.edu.mx\/difusioncultural\/#\/schema\/person\/37a0926f4dd300a814993fd595abdc4a\",\"name\":\"webmaster\",\"image\":{\"@type\":\"ImageObject\",\"inLanguage\":\"es\",\"@id\":\"https:\/\/blogs.uninter.edu.mx\/difusioncultural\/#\/schema\/person\/image\/\",\"url\":\"https:\/\/secure.gravatar.com\/avatar\/a59c276b01147463ef3aab4118e3137ebc5e1ad6700deb39ccdf8b89e517f7dc?s=96&d=mm&r=g\",\"contentUrl\":\"https:\/\/secure.gravatar.com\/avatar\/a59c276b01147463ef3aab4118e3137ebc5e1ad6700deb39ccdf8b89e517f7dc?s=96&d=mm&r=g\",\"caption\":\"webmaster\"},\"sameAs\":[\"https:\/\/blogs.uninter.edu.mx\/difusioncultural\"],\"url\":\"https:\/\/blogs.uninter.edu.mx\/difusioncultural\/?author=1\"}]}<\/script>\r\n<!-- \/ Yoast SEO plugin. -->","yoast_head_json":{"title":"A 100 a\u00f1os de la muerte del General Porfirio D\u00edaz - Difusi\u00f3n Cultural","robots":{"index":"index","follow":"follow","max-snippet":"max-snippet:-1","max-image-preview":"max-image-preview:large","max-video-preview":"max-video-preview:-1"},"canonical":"https:\/\/blogs.uninter.edu.mx\/difusioncultural\/?p=3748","og_locale":"es_MX","og_type":"article","og_title":"A 100 a\u00f1os de la muerte del General Porfirio D\u00edaz - Difusi\u00f3n Cultural","og_description":"Ciudad de M\u00e9xico.- Orden, Paz y Progreso. Porfirio D\u00edaz durante 30 a\u00f1os de mandato estabilizo el gobierno en M\u00e9xico, concilio diferencias partidistas y retomo relaci\u00f3n con el clero. El general ten\u00eda una gran admiraci\u00f3n por las ciudades Europeas principalmente las calzada de Paris, Fracia. dise\u00f1o urbano que se trajo a la capital mexicana un ejemplo&hellip;","og_url":"https:\/\/blogs.uninter.edu.mx\/difusioncultural\/?p=3748","og_site_name":"Difusi\u00f3n Cultural","article_published_time":"2015-07-02T15:30:44+00:00","og_image":[{"width":340,"height":299,"url":"https:\/\/blogs.uninter.edu.mx\/difusioncultural\/wp-content\/uploads\/2015\/07\/profirio-diaz.jpg","type":"image\/jpeg"}],"author":"webmaster","twitter_card":"summary_large_image","twitter_misc":{"Escrito por":"webmaster","Tiempo de lectura":"2 minutos"},"schema":{"@context":"https:\/\/schema.org","@graph":[{"@type":"Article","@id":"https:\/\/blogs.uninter.edu.mx\/difusioncultural\/?p=3748#article","isPartOf":{"@id":"https:\/\/blogs.uninter.edu.mx\/difusioncultural\/?p=3748"},"author":{"name":"webmaster","@id":"https:\/\/blogs.uninter.edu.mx\/difusioncultural\/#\/schema\/person\/37a0926f4dd300a814993fd595abdc4a"},"headline":"A 100 a\u00f1os de la muerte del General Porfirio D\u00edaz","datePublished":"2015-07-02T15:30:44+00:00","mainEntityOfPage":{"@id":"https:\/\/blogs.uninter.edu.mx\/difusioncultural\/?p=3748"},"wordCount":316,"publisher":{"@id":"https:\/\/blogs.uninter.edu.mx\/difusioncultural\/#organization"},"image":{"@id":"https:\/\/blogs.uninter.edu.mx\/difusioncultural\/?p=3748#primaryimage"},"thumbnailUrl":"https:\/\/blogs.uninter.edu.mx\/difusioncultural\/wp-content\/uploads\/2015\/07\/profirio-diaz.jpg","keywords":["100 a\u00f1os de muerte","2 julio 1915","2 julio 2015","acontecimientos","becas culturales","cultura","cultura de la paz","difusi\u00f3n cultural","estudiantes","eventos","festejos","festejos patrios uninter","Filarm\u00f3nica de Cuernavaca","historia","INDEPENDENCIA DE M\u00c9XICO","maestria","Mexico","porfiriato","porfirio diaz","promoci\u00f3n","spanish school","uninter","universidad internacional"],"inLanguage":"es"},{"@type":"WebPage","@id":"https:\/\/blogs.uninter.edu.mx\/difusioncultural\/?p=3748","url":"https:\/\/blogs.uninter.edu.mx\/difusioncultural\/?p=3748","name":"A 100 a\u00f1os de la muerte del General Porfirio D\u00edaz - Difusi\u00f3n Cultural","isPartOf":{"@id":"https:\/\/blogs.uninter.edu.mx\/difusioncultural\/#website"},"primaryImageOfPage":{"@id":"https:\/\/blogs.uninter.edu.mx\/difusioncultural\/?p=3748#primaryimage"},"image":{"@id":"https:\/\/blogs.uninter.edu.mx\/difusioncultural\/?p=3748#primaryimage"},"thumbnailUrl":"https:\/\/blogs.uninter.edu.mx\/difusioncultural\/wp-content\/uploads\/2015\/07\/profirio-diaz.jpg","datePublished":"2015-07-02T15:30:44+00:00","breadcrumb":{"@id":"https:\/\/blogs.uninter.edu.mx\/difusioncultural\/?p=3748#breadcrumb"},"inLanguage":"es","potentialAction":[{"@type":"ReadAction","target":["https:\/\/blogs.uninter.edu.mx\/difusioncultural\/?p=3748"]}]},{"@type":"ImageObject","inLanguage":"es","@id":"https:\/\/blogs.uninter.edu.mx\/difusioncultural\/?p=3748#primaryimage","url":"https:\/\/blogs.uninter.edu.mx\/difusioncultural\/wp-content\/uploads\/2015\/07\/profirio-diaz.jpg","contentUrl":"https:\/\/blogs.uninter.edu.mx\/difusioncultural\/wp-content\/uploads\/2015\/07\/profirio-diaz.jpg","width":340,"height":299},{"@type":"BreadcrumbList","@id":"https:\/\/blogs.uninter.edu.mx\/difusioncultural\/?p=3748#breadcrumb","itemListElement":[{"@type":"ListItem","position":1,"name":"Inicio","item":"https:\/\/blogs.uninter.edu.mx\/difusioncultural\/"},{"@type":"ListItem","position":2,"name":"A 100 a\u00f1os de la muerte del General Porfirio D\u00edaz"}]},{"@type":"WebSite","@id":"https:\/\/blogs.uninter.edu.mx\/difusioncultural\/#website","url":"https:\/\/blogs.uninter.edu.mx\/difusioncultural\/","name":"Difusi\u00f3n Cultural","description":"UNINTER","publisher":{"@id":"https:\/\/blogs.uninter.edu.mx\/difusioncultural\/#organization"},"potentialAction":[{"@type":"SearchAction","target":{"@type":"EntryPoint","urlTemplate":"https:\/\/blogs.uninter.edu.mx\/difusioncultural\/?s={search_term_string}"},"query-input":{"@type":"PropertyValueSpecification","valueRequired":true,"valueName":"search_term_string"}}],"inLanguage":"es"},{"@type":"Organization","@id":"https:\/\/blogs.uninter.edu.mx\/difusioncultural\/#organization","name":"Difusi\u00f3n Cultural","url":"https:\/\/blogs.uninter.edu.mx\/difusioncultural\/","logo":{"@type":"ImageObject","inLanguage":"es","@id":"https:\/\/blogs.uninter.edu.mx\/difusioncultural\/#\/schema\/logo\/image\/","url":"https:\/\/blogs.uninter.edu.mx\/difusioncultural\/wp-content\/uploads\/2022\/09\/uninter.jpg","contentUrl":"https:\/\/blogs.uninter.edu.mx\/difusioncultural\/wp-content\/uploads\/2022\/09\/uninter.jpg","width":2048,"height":2048,"caption":"Difusi\u00f3n Cultural"},"image":{"@id":"https:\/\/blogs.uninter.edu.mx\/difusioncultural\/#\/schema\/logo\/image\/"}},{"@type":"Person","@id":"https:\/\/blogs.uninter.edu.mx\/difusioncultural\/#\/schema\/person\/37a0926f4dd300a814993fd595abdc4a","name":"webmaster","image":{"@type":"ImageObject","inLanguage":"es","@id":"https:\/\/blogs.uninter.edu.mx\/difusioncultural\/#\/schema\/person\/image\/","url":"https:\/\/secure.gravatar.com\/avatar\/a59c276b01147463ef3aab4118e3137ebc5e1ad6700deb39ccdf8b89e517f7dc?s=96&d=mm&r=g","contentUrl":"https:\/\/secure.gravatar.com\/avatar\/a59c276b01147463ef3aab4118e3137ebc5e1ad6700deb39ccdf8b89e517f7dc?s=96&d=mm&r=g","caption":"webmaster"},"sameAs":["https:\/\/blogs.uninter.edu.mx\/difusioncultural"],"url":"https:\/\/blogs.uninter.edu.mx\/difusioncultural\/?author=1"}]}},"jetpack_publicize_connections":[],"jetpack_featured_media_url":"https:\/\/blogs.uninter.edu.mx\/difusioncultural\/wp-content\/uploads\/2015\/07\/profirio-diaz.jpg","jetpack_sharing_enabled":true,"_links":{"self":[{"href":"https:\/\/blogs.uninter.edu.mx\/difusioncultural\/index.php?rest_route=\/wp\/v2\/posts\/3748","targetHints":{"allow":["GET"]}}],"collection":[{"href":"https:\/\/blogs.uninter.edu.mx\/difusioncultural\/index.php?rest_route=\/wp\/v2\/posts"}],"about":[{"href":"https:\/\/blogs.uninter.edu.mx\/difusioncultural\/index.php?rest_route=\/wp\/v2\/types\/post"}],"author":[{"embeddable":true,"href":"https:\/\/blogs.uninter.edu.mx\/difusioncultural\/index.php?rest_route=\/wp\/v2\/users\/1"}],"replies":[{"embeddable":true,"href":"https:\/\/blogs.uninter.edu.mx\/difusioncultural\/index.php?rest_route=%2Fwp%2Fv2%2Fcomments&post=3748"}],"version-history":[{"count":0,"href":"https:\/\/blogs.uninter.edu.mx\/difusioncultural\/index.php?rest_route=\/wp\/v2\/posts\/3748\/revisions"}],"wp:featuredmedia":[{"embeddable":true,"href":"https:\/\/blogs.uninter.edu.mx\/difusioncultural\/index.php?rest_route=\/wp\/v2\/media\/3749"}],"wp:attachment":[{"href":"https:\/\/blogs.uninter.edu.mx\/difusioncultural\/index.php?rest_route=%2Fwp%2Fv2%2Fmedia&parent=3748"}],"wp:term":[{"taxonomy":"category","embeddable":true,"href":"https:\/\/blogs.uninter.edu.mx\/difusioncultural\/index.php?rest_route=%2Fwp%2Fv2%2Fcategories&post=3748"},{"taxonomy":"post_tag","embeddable":true,"href":"https:\/\/blogs.uninter.edu.mx\/difusioncultural\/index.php?rest_route=%2Fwp%2Fv2%2Ftags&post=3748"}],"curies":[{"name":"wp","href":"https:\/\/api.w.org\/{rel}","templated":true}]}}