{"id":3766,"date":"2015-07-04T05:00:28","date_gmt":"2015-07-04T10:00:28","guid":{"rendered":"https:\/\/difusionculturaluninter.wordpress.com\/?p=3766"},"modified":"2015-07-04T05:00:28","modified_gmt":"2015-07-04T10:00:28","slug":"a-3-anos-del-descubrimiento-del-boson-de-higgs-la-particula-de-dios","status":"publish","type":"post","link":"https:\/\/blogs.uninter.edu.mx\/difusioncultural\/?p=3766","title":{"rendered":"A 3 a\u00f1os del descubrimiento del Bos\u00f3n de Higgs, la &#8220;particula de Dios&#8221;"},"content":{"rendered":"<p>&nbsp;<\/p>\n<p><a href=\"https:\/\/blogs.uninter.edu.mx\/difusioncultural\/wp-content\/uploads\/2015\/07\/particula-de-dios.jpg\"><img decoding=\"async\" class=\"alignnone size-medium wp-image-3767\" src=\"https:\/\/blogs.uninter.edu.mx\/difusioncultural\/wp-content\/uploads\/2015\/07\/particula-de-dios.jpg?w=300\" alt=\"particula de dios\" width=\"300\" height=\"155\" \/><\/a>El 4 de julio de 2012, la Organizaci\u00f3n Europea para la Investigaci\u00f3n Nuclear, conocida como CERN, anunciaba el hallazgo de una part\u00edcula consistente con el bos\u00f3n de Higgs, propuesto por Peter Higgs en 1964. Las posteriores investigaciones acerca de las caracter\u00edsticas, interacciones y propiedades cu\u00e1nticas de esta part\u00edcula llevaron a los cient\u00edficos a concluir que esta se trataba, efectivamente, del bos\u00f3n de Higgs. El bos\u00f3n de Higgs fue propuesto dentro del Modelo est\u00e1ndar de f\u00edsica de part\u00edculas, modelo que intenta explicar la raz\u00f3n de la presencia de masa en las part\u00edculas elementales. La existencia del bos\u00f3n de Higgs, entonces, es clave para entender c\u00f3mo se form\u00f3 la materia en el Universo, y por eso tambi\u00e9n es conocido como la \u201cpart\u00edcula de Dios\u201d. Esta part\u00edcula no tiene carga el\u00e9ctrica ni color, es muy inestable y su vida media es de aproximadamente un zeptosegundo, es decir, una miltrillon\u00e9sima parte de un segundo. Por este importante descubrimiento te\u00f3rico, en 2013 Peter Higgs y \u00a0Fran\u00e7ois Englert recibieron el Premio Nobel de F\u00edsica.<\/p>\n<p><em>Cita tuhistory.com<\/em><\/p>\n","protected":false},"excerpt":{"rendered":"<p>&nbsp; El 4 de julio de 2012, la Organizaci\u00f3n Europea para la Investigaci\u00f3n Nuclear, conocida como CERN, anunciaba el hallazgo de una part\u00edcula consistente con el bos\u00f3n de Higgs, propuesto por Peter Higgs en 1964. Las posteriores investigaciones acerca de las caracter\u00edsticas, interacciones y propiedades cu\u00e1nticas de esta part\u00edcula llevaron a los cient\u00edficos a concluir&hellip;<\/p>\n","protected":false},"author":1,"featured_media":3767,"comment_status":"closed","ping_status":"open","sticky":false,"template":"","format":"standard","meta":{"_jetpack_memberships_contains_paid_content":false,"footnotes":"","jetpack_publicize_message":"","jetpack_publicize_feature_enabled":true,"jetpack_social_post_already_shared":false,"jetpack_social_options":{"image_generator_settings":{"template":"highway","default_image_id":0,"font":"","enabled":false},"version":2}},"categories":[1],"tags":[16,36,41,54,93,94,108,113,114,124,129,131,139,151,163,172,180,183,204,280,303,305],"class_list":["post-3766","post","type-post","status-publish","format-standard","has-post-thumbnail","hentry","category-sin-categoria","tag-03dejulio","tag-bachillerato","tag-becas-culturales","tag-boson-de-higgs","tag-cultura","tag-cultura-de-la-paz","tag-dia-de-la-independencia-uninter","tag-difusion-cultural","tag-dios","tag-energia","tag-estudiantes","tag-eventos","tag-filarmonica-de-cuernavaca","tag-historia","tag-intercambios","tag-investigacion-nuclear","tag-la-cecula-de-dios","tag-laparticuladedios","tag-mexico","tag-spanish-school","tag-uninter","tag-universidad-internacional"],"yoast_head":"<!-- This site is optimized with the Yoast SEO plugin v26.3 - https:\/\/yoast.com\/wordpress\/plugins\/seo\/ -->\r\n<title>A 3 a\u00f1os del descubrimiento del Bos\u00f3n de Higgs, la &quot;particula de Dios&quot; - Difusi\u00f3n Cultural<\/title>\r\n<meta name=\"robots\" content=\"index, follow, max-snippet:-1, max-image-preview:large, max-video-preview:-1\" \/>\r\n<link rel=\"canonical\" href=\"https:\/\/blogs.uninter.edu.mx\/difusioncultural\/?p=3766\" \/>\r\n<meta property=\"og:locale\" content=\"es_MX\" \/>\r\n<meta property=\"og:type\" content=\"article\" \/>\r\n<meta property=\"og:title\" content=\"A 3 a\u00f1os del descubrimiento del Bos\u00f3n de Higgs, la &quot;particula de Dios&quot; - Difusi\u00f3n Cultural\" \/>\r\n<meta property=\"og:description\" content=\"&nbsp; El 4 de julio de 2012, la Organizaci\u00f3n Europea para la Investigaci\u00f3n Nuclear, conocida como CERN, anunciaba el hallazgo de una part\u00edcula consistente con el bos\u00f3n de Higgs, propuesto por Peter Higgs en 1964. Las posteriores investigaciones acerca de las caracter\u00edsticas, interacciones y propiedades cu\u00e1nticas de esta part\u00edcula llevaron a los cient\u00edficos a concluir&hellip;\" \/>\r\n<meta property=\"og:url\" content=\"https:\/\/blogs.uninter.edu.mx\/difusioncultural\/?p=3766\" \/>\r\n<meta property=\"og:site_name\" content=\"Difusi\u00f3n Cultural\" \/>\r\n<meta property=\"article:published_time\" content=\"2015-07-04T10:00:28+00:00\" \/>\r\n<meta property=\"og:image\" content=\"https:\/\/blogs.uninter.edu.mx\/difusioncultural\/wp-content\/uploads\/2015\/07\/particula-de-dios.jpg\" \/>\r\n\t<meta property=\"og:image:width\" content=\"600\" \/>\r\n\t<meta property=\"og:image:height\" content=\"310\" \/>\r\n\t<meta property=\"og:image:type\" content=\"image\/jpeg\" \/>\r\n<meta name=\"author\" content=\"webmaster\" \/>\r\n<meta name=\"twitter:card\" content=\"summary_large_image\" \/>\r\n<meta name=\"twitter:label1\" content=\"Escrito por\" \/>\n\t<meta name=\"twitter:data1\" content=\"webmaster\" \/>\n\t<meta name=\"twitter:label2\" content=\"Tiempo de lectura\" \/>\n\t<meta name=\"twitter:data2\" content=\"1 minuto\" \/>\r\n<script type=\"application\/ld+json\" class=\"yoast-schema-graph\">{\"@context\":\"https:\/\/schema.org\",\"@graph\":[{\"@type\":\"Article\",\"@id\":\"https:\/\/blogs.uninter.edu.mx\/difusioncultural\/?p=3766#article\",\"isPartOf\":{\"@id\":\"https:\/\/blogs.uninter.edu.mx\/difusioncultural\/?p=3766\"},\"author\":{\"name\":\"webmaster\",\"@id\":\"https:\/\/blogs.uninter.edu.mx\/difusioncultural\/#\/schema\/person\/37a0926f4dd300a814993fd595abdc4a\"},\"headline\":\"A 3 a\u00f1os del descubrimiento del Bos\u00f3n de Higgs, la &#8220;particula de Dios&#8221;\",\"datePublished\":\"2015-07-04T10:00:28+00:00\",\"mainEntityOfPage\":{\"@id\":\"https:\/\/blogs.uninter.edu.mx\/difusioncultural\/?p=3766\"},\"wordCount\":207,\"publisher\":{\"@id\":\"https:\/\/blogs.uninter.edu.mx\/difusioncultural\/#organization\"},\"image\":{\"@id\":\"https:\/\/blogs.uninter.edu.mx\/difusioncultural\/?p=3766#primaryimage\"},\"thumbnailUrl\":\"https:\/\/blogs.uninter.edu.mx\/difusioncultural\/wp-content\/uploads\/2015\/07\/particula-de-dios.jpg\",\"keywords\":[\"03dejulio\",\"bachillerato\",\"becas culturales\",\"boson de higgs\",\"cultura\",\"cultura de la paz\",\"dia de la independencia uninter\",\"difusi\u00f3n cultural\",\"dios\",\"energia\",\"estudiantes\",\"eventos\",\"Filarm\u00f3nica de Cuernavaca\",\"historia\",\"intercambios\",\"investigacion nuclear\",\"la cecula de dios\",\"laparticuladedios\",\"Mexico\",\"spanish school\",\"uninter\",\"universidad internacional\"],\"inLanguage\":\"es\"},{\"@type\":\"WebPage\",\"@id\":\"https:\/\/blogs.uninter.edu.mx\/difusioncultural\/?p=3766\",\"url\":\"https:\/\/blogs.uninter.edu.mx\/difusioncultural\/?p=3766\",\"name\":\"A 3 a\u00f1os del descubrimiento del Bos\u00f3n de Higgs, la \\\"particula de Dios\\\" - Difusi\u00f3n Cultural\",\"isPartOf\":{\"@id\":\"https:\/\/blogs.uninter.edu.mx\/difusioncultural\/#website\"},\"primaryImageOfPage\":{\"@id\":\"https:\/\/blogs.uninter.edu.mx\/difusioncultural\/?p=3766#primaryimage\"},\"image\":{\"@id\":\"https:\/\/blogs.uninter.edu.mx\/difusioncultural\/?p=3766#primaryimage\"},\"thumbnailUrl\":\"https:\/\/blogs.uninter.edu.mx\/difusioncultural\/wp-content\/uploads\/2015\/07\/particula-de-dios.jpg\",\"datePublished\":\"2015-07-04T10:00:28+00:00\",\"breadcrumb\":{\"@id\":\"https:\/\/blogs.uninter.edu.mx\/difusioncultural\/?p=3766#breadcrumb\"},\"inLanguage\":\"es\",\"potentialAction\":[{\"@type\":\"ReadAction\",\"target\":[\"https:\/\/blogs.uninter.edu.mx\/difusioncultural\/?p=3766\"]}]},{\"@type\":\"ImageObject\",\"inLanguage\":\"es\",\"@id\":\"https:\/\/blogs.uninter.edu.mx\/difusioncultural\/?p=3766#primaryimage\",\"url\":\"https:\/\/blogs.uninter.edu.mx\/difusioncultural\/wp-content\/uploads\/2015\/07\/particula-de-dios.jpg\",\"contentUrl\":\"https:\/\/blogs.uninter.edu.mx\/difusioncultural\/wp-content\/uploads\/2015\/07\/particula-de-dios.jpg\",\"width\":600,\"height\":310},{\"@type\":\"BreadcrumbList\",\"@id\":\"https:\/\/blogs.uninter.edu.mx\/difusioncultural\/?p=3766#breadcrumb\",\"itemListElement\":[{\"@type\":\"ListItem\",\"position\":1,\"name\":\"Inicio\",\"item\":\"https:\/\/blogs.uninter.edu.mx\/difusioncultural\/\"},{\"@type\":\"ListItem\",\"position\":2,\"name\":\"A 3 a\u00f1os del descubrimiento del Bos\u00f3n de Higgs, la &#8220;particula de Dios&#8221;\"}]},{\"@type\":\"WebSite\",\"@id\":\"https:\/\/blogs.uninter.edu.mx\/difusioncultural\/#website\",\"url\":\"https:\/\/blogs.uninter.edu.mx\/difusioncultural\/\",\"name\":\"Difusi\u00f3n Cultural\",\"description\":\"UNINTER\",\"publisher\":{\"@id\":\"https:\/\/blogs.uninter.edu.mx\/difusioncultural\/#organization\"},\"potentialAction\":[{\"@type\":\"SearchAction\",\"target\":{\"@type\":\"EntryPoint\",\"urlTemplate\":\"https:\/\/blogs.uninter.edu.mx\/difusioncultural\/?s={search_term_string}\"},\"query-input\":{\"@type\":\"PropertyValueSpecification\",\"valueRequired\":true,\"valueName\":\"search_term_string\"}}],\"inLanguage\":\"es\"},{\"@type\":\"Organization\",\"@id\":\"https:\/\/blogs.uninter.edu.mx\/difusioncultural\/#organization\",\"name\":\"Difusi\u00f3n Cultural\",\"url\":\"https:\/\/blogs.uninter.edu.mx\/difusioncultural\/\",\"logo\":{\"@type\":\"ImageObject\",\"inLanguage\":\"es\",\"@id\":\"https:\/\/blogs.uninter.edu.mx\/difusioncultural\/#\/schema\/logo\/image\/\",\"url\":\"https:\/\/blogs.uninter.edu.mx\/difusioncultural\/wp-content\/uploads\/2022\/09\/uninter.jpg\",\"contentUrl\":\"https:\/\/blogs.uninter.edu.mx\/difusioncultural\/wp-content\/uploads\/2022\/09\/uninter.jpg\",\"width\":2048,\"height\":2048,\"caption\":\"Difusi\u00f3n Cultural\"},\"image\":{\"@id\":\"https:\/\/blogs.uninter.edu.mx\/difusioncultural\/#\/schema\/logo\/image\/\"}},{\"@type\":\"Person\",\"@id\":\"https:\/\/blogs.uninter.edu.mx\/difusioncultural\/#\/schema\/person\/37a0926f4dd300a814993fd595abdc4a\",\"name\":\"webmaster\",\"image\":{\"@type\":\"ImageObject\",\"inLanguage\":\"es\",\"@id\":\"https:\/\/blogs.uninter.edu.mx\/difusioncultural\/#\/schema\/person\/image\/\",\"url\":\"https:\/\/secure.gravatar.com\/avatar\/a59c276b01147463ef3aab4118e3137ebc5e1ad6700deb39ccdf8b89e517f7dc?s=96&d=mm&r=g\",\"contentUrl\":\"https:\/\/secure.gravatar.com\/avatar\/a59c276b01147463ef3aab4118e3137ebc5e1ad6700deb39ccdf8b89e517f7dc?s=96&d=mm&r=g\",\"caption\":\"webmaster\"},\"sameAs\":[\"https:\/\/blogs.uninter.edu.mx\/difusioncultural\"],\"url\":\"https:\/\/blogs.uninter.edu.mx\/difusioncultural\/?author=1\"}]}<\/script>\r\n<!-- \/ Yoast SEO plugin. -->","yoast_head_json":{"title":"A 3 a\u00f1os del descubrimiento del Bos\u00f3n de Higgs, la \"particula de Dios\" - Difusi\u00f3n Cultural","robots":{"index":"index","follow":"follow","max-snippet":"max-snippet:-1","max-image-preview":"max-image-preview:large","max-video-preview":"max-video-preview:-1"},"canonical":"https:\/\/blogs.uninter.edu.mx\/difusioncultural\/?p=3766","og_locale":"es_MX","og_type":"article","og_title":"A 3 a\u00f1os del descubrimiento del Bos\u00f3n de Higgs, la \"particula de Dios\" - Difusi\u00f3n Cultural","og_description":"&nbsp; El 4 de julio de 2012, la Organizaci\u00f3n Europea para la Investigaci\u00f3n Nuclear, conocida como CERN, anunciaba el hallazgo de una part\u00edcula consistente con el bos\u00f3n de Higgs, propuesto por Peter Higgs en 1964. Las posteriores investigaciones acerca de las caracter\u00edsticas, interacciones y propiedades cu\u00e1nticas de esta part\u00edcula llevaron a los cient\u00edficos a concluir&hellip;","og_url":"https:\/\/blogs.uninter.edu.mx\/difusioncultural\/?p=3766","og_site_name":"Difusi\u00f3n Cultural","article_published_time":"2015-07-04T10:00:28+00:00","og_image":[{"width":600,"height":310,"url":"https:\/\/blogs.uninter.edu.mx\/difusioncultural\/wp-content\/uploads\/2015\/07\/particula-de-dios.jpg","type":"image\/jpeg"}],"author":"webmaster","twitter_card":"summary_large_image","twitter_misc":{"Escrito por":"webmaster","Tiempo de lectura":"1 minuto"},"schema":{"@context":"https:\/\/schema.org","@graph":[{"@type":"Article","@id":"https:\/\/blogs.uninter.edu.mx\/difusioncultural\/?p=3766#article","isPartOf":{"@id":"https:\/\/blogs.uninter.edu.mx\/difusioncultural\/?p=3766"},"author":{"name":"webmaster","@id":"https:\/\/blogs.uninter.edu.mx\/difusioncultural\/#\/schema\/person\/37a0926f4dd300a814993fd595abdc4a"},"headline":"A 3 a\u00f1os del descubrimiento del Bos\u00f3n de Higgs, la &#8220;particula de Dios&#8221;","datePublished":"2015-07-04T10:00:28+00:00","mainEntityOfPage":{"@id":"https:\/\/blogs.uninter.edu.mx\/difusioncultural\/?p=3766"},"wordCount":207,"publisher":{"@id":"https:\/\/blogs.uninter.edu.mx\/difusioncultural\/#organization"},"image":{"@id":"https:\/\/blogs.uninter.edu.mx\/difusioncultural\/?p=3766#primaryimage"},"thumbnailUrl":"https:\/\/blogs.uninter.edu.mx\/difusioncultural\/wp-content\/uploads\/2015\/07\/particula-de-dios.jpg","keywords":["03dejulio","bachillerato","becas culturales","boson de higgs","cultura","cultura de la paz","dia de la independencia uninter","difusi\u00f3n cultural","dios","energia","estudiantes","eventos","Filarm\u00f3nica de Cuernavaca","historia","intercambios","investigacion nuclear","la cecula de dios","laparticuladedios","Mexico","spanish school","uninter","universidad internacional"],"inLanguage":"es"},{"@type":"WebPage","@id":"https:\/\/blogs.uninter.edu.mx\/difusioncultural\/?p=3766","url":"https:\/\/blogs.uninter.edu.mx\/difusioncultural\/?p=3766","name":"A 3 a\u00f1os del descubrimiento del Bos\u00f3n de Higgs, la \"particula de Dios\" - Difusi\u00f3n Cultural","isPartOf":{"@id":"https:\/\/blogs.uninter.edu.mx\/difusioncultural\/#website"},"primaryImageOfPage":{"@id":"https:\/\/blogs.uninter.edu.mx\/difusioncultural\/?p=3766#primaryimage"},"image":{"@id":"https:\/\/blogs.uninter.edu.mx\/difusioncultural\/?p=3766#primaryimage"},"thumbnailUrl":"https:\/\/blogs.uninter.edu.mx\/difusioncultural\/wp-content\/uploads\/2015\/07\/particula-de-dios.jpg","datePublished":"2015-07-04T10:00:28+00:00","breadcrumb":{"@id":"https:\/\/blogs.uninter.edu.mx\/difusioncultural\/?p=3766#breadcrumb"},"inLanguage":"es","potentialAction":[{"@type":"ReadAction","target":["https:\/\/blogs.uninter.edu.mx\/difusioncultural\/?p=3766"]}]},{"@type":"ImageObject","inLanguage":"es","@id":"https:\/\/blogs.uninter.edu.mx\/difusioncultural\/?p=3766#primaryimage","url":"https:\/\/blogs.uninter.edu.mx\/difusioncultural\/wp-content\/uploads\/2015\/07\/particula-de-dios.jpg","contentUrl":"https:\/\/blogs.uninter.edu.mx\/difusioncultural\/wp-content\/uploads\/2015\/07\/particula-de-dios.jpg","width":600,"height":310},{"@type":"BreadcrumbList","@id":"https:\/\/blogs.uninter.edu.mx\/difusioncultural\/?p=3766#breadcrumb","itemListElement":[{"@type":"ListItem","position":1,"name":"Inicio","item":"https:\/\/blogs.uninter.edu.mx\/difusioncultural\/"},{"@type":"ListItem","position":2,"name":"A 3 a\u00f1os del descubrimiento del Bos\u00f3n de Higgs, la &#8220;particula de Dios&#8221;"}]},{"@type":"WebSite","@id":"https:\/\/blogs.uninter.edu.mx\/difusioncultural\/#website","url":"https:\/\/blogs.uninter.edu.mx\/difusioncultural\/","name":"Difusi\u00f3n Cultural","description":"UNINTER","publisher":{"@id":"https:\/\/blogs.uninter.edu.mx\/difusioncultural\/#organization"},"potentialAction":[{"@type":"SearchAction","target":{"@type":"EntryPoint","urlTemplate":"https:\/\/blogs.uninter.edu.mx\/difusioncultural\/?s={search_term_string}"},"query-input":{"@type":"PropertyValueSpecification","valueRequired":true,"valueName":"search_term_string"}}],"inLanguage":"es"},{"@type":"Organization","@id":"https:\/\/blogs.uninter.edu.mx\/difusioncultural\/#organization","name":"Difusi\u00f3n Cultural","url":"https:\/\/blogs.uninter.edu.mx\/difusioncultural\/","logo":{"@type":"ImageObject","inLanguage":"es","@id":"https:\/\/blogs.uninter.edu.mx\/difusioncultural\/#\/schema\/logo\/image\/","url":"https:\/\/blogs.uninter.edu.mx\/difusioncultural\/wp-content\/uploads\/2022\/09\/uninter.jpg","contentUrl":"https:\/\/blogs.uninter.edu.mx\/difusioncultural\/wp-content\/uploads\/2022\/09\/uninter.jpg","width":2048,"height":2048,"caption":"Difusi\u00f3n Cultural"},"image":{"@id":"https:\/\/blogs.uninter.edu.mx\/difusioncultural\/#\/schema\/logo\/image\/"}},{"@type":"Person","@id":"https:\/\/blogs.uninter.edu.mx\/difusioncultural\/#\/schema\/person\/37a0926f4dd300a814993fd595abdc4a","name":"webmaster","image":{"@type":"ImageObject","inLanguage":"es","@id":"https:\/\/blogs.uninter.edu.mx\/difusioncultural\/#\/schema\/person\/image\/","url":"https:\/\/secure.gravatar.com\/avatar\/a59c276b01147463ef3aab4118e3137ebc5e1ad6700deb39ccdf8b89e517f7dc?s=96&d=mm&r=g","contentUrl":"https:\/\/secure.gravatar.com\/avatar\/a59c276b01147463ef3aab4118e3137ebc5e1ad6700deb39ccdf8b89e517f7dc?s=96&d=mm&r=g","caption":"webmaster"},"sameAs":["https:\/\/blogs.uninter.edu.mx\/difusioncultural"],"url":"https:\/\/blogs.uninter.edu.mx\/difusioncultural\/?author=1"}]}},"jetpack_publicize_connections":[],"jetpack_featured_media_url":"https:\/\/blogs.uninter.edu.mx\/difusioncultural\/wp-content\/uploads\/2015\/07\/particula-de-dios.jpg","jetpack_sharing_enabled":true,"_links":{"self":[{"href":"https:\/\/blogs.uninter.edu.mx\/difusioncultural\/index.php?rest_route=\/wp\/v2\/posts\/3766","targetHints":{"allow":["GET"]}}],"collection":[{"href":"https:\/\/blogs.uninter.edu.mx\/difusioncultural\/index.php?rest_route=\/wp\/v2\/posts"}],"about":[{"href":"https:\/\/blogs.uninter.edu.mx\/difusioncultural\/index.php?rest_route=\/wp\/v2\/types\/post"}],"author":[{"embeddable":true,"href":"https:\/\/blogs.uninter.edu.mx\/difusioncultural\/index.php?rest_route=\/wp\/v2\/users\/1"}],"replies":[{"embeddable":true,"href":"https:\/\/blogs.uninter.edu.mx\/difusioncultural\/index.php?rest_route=%2Fwp%2Fv2%2Fcomments&post=3766"}],"version-history":[{"count":0,"href":"https:\/\/blogs.uninter.edu.mx\/difusioncultural\/index.php?rest_route=\/wp\/v2\/posts\/3766\/revisions"}],"wp:featuredmedia":[{"embeddable":true,"href":"https:\/\/blogs.uninter.edu.mx\/difusioncultural\/index.php?rest_route=\/wp\/v2\/media\/3767"}],"wp:attachment":[{"href":"https:\/\/blogs.uninter.edu.mx\/difusioncultural\/index.php?rest_route=%2Fwp%2Fv2%2Fmedia&parent=3766"}],"wp:term":[{"taxonomy":"category","embeddable":true,"href":"https:\/\/blogs.uninter.edu.mx\/difusioncultural\/index.php?rest_route=%2Fwp%2Fv2%2Fcategories&post=3766"},{"taxonomy":"post_tag","embeddable":true,"href":"https:\/\/blogs.uninter.edu.mx\/difusioncultural\/index.php?rest_route=%2Fwp%2Fv2%2Ftags&post=3766"}],"curies":[{"name":"wp","href":"https:\/\/api.w.org\/{rel}","templated":true}]}}