{"id":3824,"date":"2015-08-03T09:40:17","date_gmt":"2015-08-03T14:40:17","guid":{"rendered":"https:\/\/difusionculturaluninter.wordpress.com\/?p=3824"},"modified":"2015-08-03T09:40:17","modified_gmt":"2015-08-03T14:40:17","slug":"universitarias-chilenas-desarrollan-un-cargador-de-baterias-que-se-enchufa-a-las-plantas","status":"publish","type":"post","link":"https:\/\/blogs.uninter.edu.mx\/difusioncultural\/?p=3824","title":{"rendered":"Universitarias chilenas desarrollan un cargador de bater\u00edas que se enchufa a las plantas"},"content":{"rendered":"<p>&nbsp;<\/p>\n<p><a href=\"https:\/\/blogs.uninter.edu.mx\/difusioncultural\/wp-content\/uploads\/2015\/08\/plantas-cargadoras.jpg\"><img fetchpriority=\"high\" decoding=\"async\" class=\"alignnone size-medium wp-image-3825\" src=\"https:\/\/blogs.uninter.edu.mx\/difusioncultural\/wp-content\/uploads\/2015\/08\/plantas-cargadoras.jpg?w=300\" alt=\"plantas cargadoras\" width=\"300\" height=\"200\" \/><\/a><\/p>\n<p>Un equipo de ingenieras chilenas desarroll\u00f3 un cargador para dispositivos m\u00f3viles que funciona con energ\u00eda fotosint\u00e9tica, conect\u00e1ndose a una planta.<\/p>\n<p>Por entonces estudiantes universitarias, Carolina Guerrero, Camila Rupcich y Evelyn Aravena idearon un novedoso sistema para cargar dispositivos electr\u00f3nicos sin necesidad de recurrir a la red el\u00e9ctrica. Para lograrlo, no debieron ir mucho m\u00e1s all\u00e1 de la simple cotidianeidad, aunque con mucha perspicacia. As\u00ed fue como dise\u00f1aron E-Kaia, un cargador de dispositivos m\u00f3viles que se enchufa a una planta.<\/p>\n<p>Por raro que pueda sonar, este revolucionario invento, liviano y portable, aprovecha la energ\u00eda residual de la fotos\u00edntesis vegetal y la transforma en energ\u00eda el\u00e9ctrica. Se trata de un dispositivo tan eficiente, que basta con la energ\u00eda provista por una planta saludable y bien cuidada para cargar un tel\u00e9fono celular. Logra su cometido al crear un circuito bajo tierra, que genera 5 voltios y 600 miliamperios sin da\u00f1ar en lo m\u00e1s m\u00ednimo a la planta. Los detalles acerca de su tecnolog\u00eda son todav\u00eda un secreto, dado que, si bien ya cuenta con frondosas inversiones por parte de importantes concursos de innovaci\u00f3n, su patente todav\u00eda se encuentra en tr\u00e1mite.<\/p>\n<p>Adem\u00e1s, es capaz de realizar la carga el\u00e9ctrica con bastante rapidez, si se compara con una carga convencional, demorando solamente una hora y media en cargar completamente la bater\u00eda de un tel\u00e9fono celular.<\/p>\n<p>Este desarrollo no se limita a la carga de dispositivos electr\u00f3nicos port\u00e1tiles, sino que abre las puertas a un sinf\u00edn de aplicaciones, autosustentables y ecol\u00f3gicas, que permitir\u00edan solucionar los problemas de sectores aislados o con escaso acceso a la energ\u00eda el\u00e9ctrica convencional.<\/p>\n<p>cita: tuhistory.com<\/p>\n","protected":false},"excerpt":{"rendered":"<p>&nbsp; Un equipo de ingenieras chilenas desarroll\u00f3 un cargador para dispositivos m\u00f3viles que funciona con energ\u00eda fotosint\u00e9tica, conect\u00e1ndose a una planta. Por entonces estudiantes universitarias, Carolina Guerrero, Camila Rupcich y Evelyn Aravena idearon un novedoso sistema para cargar dispositivos electr\u00f3nicos sin necesidad de recurrir a la red el\u00e9ctrica. Para lograrlo, no debieron ir mucho m\u00e1s&hellip;<\/p>\n","protected":false},"author":1,"featured_media":3825,"comment_status":"closed","ping_status":"open","sticky":false,"template":"","format":"image","meta":{"_jetpack_memberships_contains_paid_content":false,"footnotes":"","jetpack_publicize_message":"","jetpack_publicize_feature_enabled":true,"jetpack_social_post_already_shared":false,"jetpack_social_options":{"image_generator_settings":{"template":"highway","default_image_id":0,"font":"","enabled":false},"version":2}},"categories":[1],"tags":[26,36,41,69,81,93,94,113,121,129,131,136,139,151,163,190,195,204,201,238,248,253,255,277,280,303,305],"class_list":["post-3824","post","type-post","status-publish","format-image","has-post-thumbnail","hentry","category-sin-categoria","tag-acontecimientos","tag-bachillerato","tag-becas-culturales","tag-chile","tag-conoce","tag-cultura","tag-cultura-de-la-paz","tag-difusion-cultural","tag-electricidad-natural","tag-estudiantes","tag-eventos","tag-festejos","tag-filarmonica-de-cuernavaca","tag-historia","tag-intercambios","tag-licenciatura","tag-maestria","tag-mexico","tag-musica","tag-nuevo-invento-chileno","tag-plasntas-que-dan-energia","tag-posgrado","tag-prepa","tag-secundaria","tag-spanish-school","tag-uninter","tag-universidad-internacional","post_format-post-format-image"],"yoast_head":"<!-- This site is optimized with the Yoast SEO plugin v26.3 - https:\/\/yoast.com\/wordpress\/plugins\/seo\/ -->\r\n<title>Universitarias chilenas desarrollan un cargador de bater\u00edas que se enchufa a las plantas - Difusi\u00f3n Cultural<\/title>\r\n<meta name=\"robots\" content=\"index, follow, max-snippet:-1, max-image-preview:large, max-video-preview:-1\" \/>\r\n<link rel=\"canonical\" href=\"https:\/\/blogs.uninter.edu.mx\/difusioncultural\/?p=3824\" \/>\r\n<meta property=\"og:locale\" content=\"es_MX\" \/>\r\n<meta property=\"og:type\" content=\"article\" \/>\r\n<meta property=\"og:title\" content=\"Universitarias chilenas desarrollan un cargador de bater\u00edas que se enchufa a las plantas - Difusi\u00f3n Cultural\" \/>\r\n<meta property=\"og:description\" content=\"&nbsp; Un equipo de ingenieras chilenas desarroll\u00f3 un cargador para dispositivos m\u00f3viles que funciona con energ\u00eda fotosint\u00e9tica, conect\u00e1ndose a una planta. Por entonces estudiantes universitarias, Carolina Guerrero, Camila Rupcich y Evelyn Aravena idearon un novedoso sistema para cargar dispositivos electr\u00f3nicos sin necesidad de recurrir a la red el\u00e9ctrica. Para lograrlo, no debieron ir mucho m\u00e1s&hellip;\" \/>\r\n<meta property=\"og:url\" content=\"https:\/\/blogs.uninter.edu.mx\/difusioncultural\/?p=3824\" \/>\r\n<meta property=\"og:site_name\" content=\"Difusi\u00f3n Cultural\" \/>\r\n<meta property=\"article:published_time\" content=\"2015-08-03T14:40:17+00:00\" \/>\r\n<meta property=\"og:image\" content=\"https:\/\/blogs.uninter.edu.mx\/difusioncultural\/wp-content\/uploads\/2015\/08\/plantas-cargadoras.jpg\" \/>\r\n\t<meta property=\"og:image:width\" content=\"700\" \/>\r\n\t<meta property=\"og:image:height\" content=\"467\" \/>\r\n\t<meta property=\"og:image:type\" content=\"image\/jpeg\" \/>\r\n<meta name=\"author\" content=\"webmaster\" \/>\r\n<meta name=\"twitter:card\" content=\"summary_large_image\" \/>\r\n<meta name=\"twitter:label1\" content=\"Escrito por\" \/>\n\t<meta name=\"twitter:data1\" content=\"webmaster\" \/>\n\t<meta name=\"twitter:label2\" content=\"Tiempo de lectura\" \/>\n\t<meta name=\"twitter:data2\" content=\"1 minuto\" \/>\r\n<script type=\"application\/ld+json\" class=\"yoast-schema-graph\">{\"@context\":\"https:\/\/schema.org\",\"@graph\":[{\"@type\":\"Article\",\"@id\":\"https:\/\/blogs.uninter.edu.mx\/difusioncultural\/?p=3824#article\",\"isPartOf\":{\"@id\":\"https:\/\/blogs.uninter.edu.mx\/difusioncultural\/?p=3824\"},\"author\":{\"name\":\"webmaster\",\"@id\":\"https:\/\/blogs.uninter.edu.mx\/difusioncultural\/#\/schema\/person\/37a0926f4dd300a814993fd595abdc4a\"},\"headline\":\"Universitarias chilenas desarrollan un cargador de bater\u00edas que se enchufa a las plantas\",\"datePublished\":\"2015-08-03T14:40:17+00:00\",\"mainEntityOfPage\":{\"@id\":\"https:\/\/blogs.uninter.edu.mx\/difusioncultural\/?p=3824\"},\"wordCount\":312,\"publisher\":{\"@id\":\"https:\/\/blogs.uninter.edu.mx\/difusioncultural\/#organization\"},\"image\":{\"@id\":\"https:\/\/blogs.uninter.edu.mx\/difusioncultural\/?p=3824#primaryimage\"},\"thumbnailUrl\":\"https:\/\/blogs.uninter.edu.mx\/difusioncultural\/wp-content\/uploads\/2015\/08\/plantas-cargadoras.jpg\",\"keywords\":[\"acontecimientos\",\"bachillerato\",\"becas culturales\",\"chile\",\"conoce\",\"cultura\",\"cultura de la paz\",\"difusi\u00f3n cultural\",\"electricidad natural\",\"estudiantes\",\"eventos\",\"festejos\",\"Filarm\u00f3nica de Cuernavaca\",\"historia\",\"intercambios\",\"licenciatura\",\"maestria\",\"Mexico\",\"m\u00fasica\",\"nuevo invento chileno\",\"plasntas que dan energia\",\"posgrado\",\"prepa\",\"secundaria\",\"spanish school\",\"uninter\",\"universidad internacional\"],\"inLanguage\":\"es\"},{\"@type\":\"WebPage\",\"@id\":\"https:\/\/blogs.uninter.edu.mx\/difusioncultural\/?p=3824\",\"url\":\"https:\/\/blogs.uninter.edu.mx\/difusioncultural\/?p=3824\",\"name\":\"Universitarias chilenas desarrollan un cargador de bater\u00edas que se enchufa a las plantas - Difusi\u00f3n Cultural\",\"isPartOf\":{\"@id\":\"https:\/\/blogs.uninter.edu.mx\/difusioncultural\/#website\"},\"primaryImageOfPage\":{\"@id\":\"https:\/\/blogs.uninter.edu.mx\/difusioncultural\/?p=3824#primaryimage\"},\"image\":{\"@id\":\"https:\/\/blogs.uninter.edu.mx\/difusioncultural\/?p=3824#primaryimage\"},\"thumbnailUrl\":\"https:\/\/blogs.uninter.edu.mx\/difusioncultural\/wp-content\/uploads\/2015\/08\/plantas-cargadoras.jpg\",\"datePublished\":\"2015-08-03T14:40:17+00:00\",\"breadcrumb\":{\"@id\":\"https:\/\/blogs.uninter.edu.mx\/difusioncultural\/?p=3824#breadcrumb\"},\"inLanguage\":\"es\",\"potentialAction\":[{\"@type\":\"ReadAction\",\"target\":[\"https:\/\/blogs.uninter.edu.mx\/difusioncultural\/?p=3824\"]}]},{\"@type\":\"ImageObject\",\"inLanguage\":\"es\",\"@id\":\"https:\/\/blogs.uninter.edu.mx\/difusioncultural\/?p=3824#primaryimage\",\"url\":\"https:\/\/blogs.uninter.edu.mx\/difusioncultural\/wp-content\/uploads\/2015\/08\/plantas-cargadoras.jpg\",\"contentUrl\":\"https:\/\/blogs.uninter.edu.mx\/difusioncultural\/wp-content\/uploads\/2015\/08\/plantas-cargadoras.jpg\",\"width\":700,\"height\":467},{\"@type\":\"BreadcrumbList\",\"@id\":\"https:\/\/blogs.uninter.edu.mx\/difusioncultural\/?p=3824#breadcrumb\",\"itemListElement\":[{\"@type\":\"ListItem\",\"position\":1,\"name\":\"Inicio\",\"item\":\"https:\/\/blogs.uninter.edu.mx\/difusioncultural\/\"},{\"@type\":\"ListItem\",\"position\":2,\"name\":\"Universitarias chilenas desarrollan un cargador de bater\u00edas que se enchufa a las plantas\"}]},{\"@type\":\"WebSite\",\"@id\":\"https:\/\/blogs.uninter.edu.mx\/difusioncultural\/#website\",\"url\":\"https:\/\/blogs.uninter.edu.mx\/difusioncultural\/\",\"name\":\"Difusi\u00f3n Cultural\",\"description\":\"UNINTER\",\"publisher\":{\"@id\":\"https:\/\/blogs.uninter.edu.mx\/difusioncultural\/#organization\"},\"potentialAction\":[{\"@type\":\"SearchAction\",\"target\":{\"@type\":\"EntryPoint\",\"urlTemplate\":\"https:\/\/blogs.uninter.edu.mx\/difusioncultural\/?s={search_term_string}\"},\"query-input\":{\"@type\":\"PropertyValueSpecification\",\"valueRequired\":true,\"valueName\":\"search_term_string\"}}],\"inLanguage\":\"es\"},{\"@type\":\"Organization\",\"@id\":\"https:\/\/blogs.uninter.edu.mx\/difusioncultural\/#organization\",\"name\":\"Difusi\u00f3n Cultural\",\"url\":\"https:\/\/blogs.uninter.edu.mx\/difusioncultural\/\",\"logo\":{\"@type\":\"ImageObject\",\"inLanguage\":\"es\",\"@id\":\"https:\/\/blogs.uninter.edu.mx\/difusioncultural\/#\/schema\/logo\/image\/\",\"url\":\"https:\/\/blogs.uninter.edu.mx\/difusioncultural\/wp-content\/uploads\/2022\/09\/uninter.jpg\",\"contentUrl\":\"https:\/\/blogs.uninter.edu.mx\/difusioncultural\/wp-content\/uploads\/2022\/09\/uninter.jpg\",\"width\":2048,\"height\":2048,\"caption\":\"Difusi\u00f3n Cultural\"},\"image\":{\"@id\":\"https:\/\/blogs.uninter.edu.mx\/difusioncultural\/#\/schema\/logo\/image\/\"}},{\"@type\":\"Person\",\"@id\":\"https:\/\/blogs.uninter.edu.mx\/difusioncultural\/#\/schema\/person\/37a0926f4dd300a814993fd595abdc4a\",\"name\":\"webmaster\",\"image\":{\"@type\":\"ImageObject\",\"inLanguage\":\"es\",\"@id\":\"https:\/\/blogs.uninter.edu.mx\/difusioncultural\/#\/schema\/person\/image\/\",\"url\":\"https:\/\/secure.gravatar.com\/avatar\/a59c276b01147463ef3aab4118e3137ebc5e1ad6700deb39ccdf8b89e517f7dc?s=96&d=mm&r=g\",\"contentUrl\":\"https:\/\/secure.gravatar.com\/avatar\/a59c276b01147463ef3aab4118e3137ebc5e1ad6700deb39ccdf8b89e517f7dc?s=96&d=mm&r=g\",\"caption\":\"webmaster\"},\"sameAs\":[\"https:\/\/blogs.uninter.edu.mx\/difusioncultural\"],\"url\":\"https:\/\/blogs.uninter.edu.mx\/difusioncultural\/?author=1\"}]}<\/script>\r\n<!-- \/ Yoast SEO plugin. -->","yoast_head_json":{"title":"Universitarias chilenas desarrollan un cargador de bater\u00edas que se enchufa a las plantas - Difusi\u00f3n Cultural","robots":{"index":"index","follow":"follow","max-snippet":"max-snippet:-1","max-image-preview":"max-image-preview:large","max-video-preview":"max-video-preview:-1"},"canonical":"https:\/\/blogs.uninter.edu.mx\/difusioncultural\/?p=3824","og_locale":"es_MX","og_type":"article","og_title":"Universitarias chilenas desarrollan un cargador de bater\u00edas que se enchufa a las plantas - Difusi\u00f3n Cultural","og_description":"&nbsp; Un equipo de ingenieras chilenas desarroll\u00f3 un cargador para dispositivos m\u00f3viles que funciona con energ\u00eda fotosint\u00e9tica, conect\u00e1ndose a una planta. Por entonces estudiantes universitarias, Carolina Guerrero, Camila Rupcich y Evelyn Aravena idearon un novedoso sistema para cargar dispositivos electr\u00f3nicos sin necesidad de recurrir a la red el\u00e9ctrica. Para lograrlo, no debieron ir mucho m\u00e1s&hellip;","og_url":"https:\/\/blogs.uninter.edu.mx\/difusioncultural\/?p=3824","og_site_name":"Difusi\u00f3n Cultural","article_published_time":"2015-08-03T14:40:17+00:00","og_image":[{"width":700,"height":467,"url":"https:\/\/blogs.uninter.edu.mx\/difusioncultural\/wp-content\/uploads\/2015\/08\/plantas-cargadoras.jpg","type":"image\/jpeg"}],"author":"webmaster","twitter_card":"summary_large_image","twitter_misc":{"Escrito por":"webmaster","Tiempo de lectura":"1 minuto"},"schema":{"@context":"https:\/\/schema.org","@graph":[{"@type":"Article","@id":"https:\/\/blogs.uninter.edu.mx\/difusioncultural\/?p=3824#article","isPartOf":{"@id":"https:\/\/blogs.uninter.edu.mx\/difusioncultural\/?p=3824"},"author":{"name":"webmaster","@id":"https:\/\/blogs.uninter.edu.mx\/difusioncultural\/#\/schema\/person\/37a0926f4dd300a814993fd595abdc4a"},"headline":"Universitarias chilenas desarrollan un cargador de bater\u00edas que se enchufa a las plantas","datePublished":"2015-08-03T14:40:17+00:00","mainEntityOfPage":{"@id":"https:\/\/blogs.uninter.edu.mx\/difusioncultural\/?p=3824"},"wordCount":312,"publisher":{"@id":"https:\/\/blogs.uninter.edu.mx\/difusioncultural\/#organization"},"image":{"@id":"https:\/\/blogs.uninter.edu.mx\/difusioncultural\/?p=3824#primaryimage"},"thumbnailUrl":"https:\/\/blogs.uninter.edu.mx\/difusioncultural\/wp-content\/uploads\/2015\/08\/plantas-cargadoras.jpg","keywords":["acontecimientos","bachillerato","becas culturales","chile","conoce","cultura","cultura de la paz","difusi\u00f3n cultural","electricidad natural","estudiantes","eventos","festejos","Filarm\u00f3nica de Cuernavaca","historia","intercambios","licenciatura","maestria","Mexico","m\u00fasica","nuevo invento chileno","plasntas que dan energia","posgrado","prepa","secundaria","spanish school","uninter","universidad internacional"],"inLanguage":"es"},{"@type":"WebPage","@id":"https:\/\/blogs.uninter.edu.mx\/difusioncultural\/?p=3824","url":"https:\/\/blogs.uninter.edu.mx\/difusioncultural\/?p=3824","name":"Universitarias chilenas desarrollan un cargador de bater\u00edas que se enchufa a las plantas - Difusi\u00f3n Cultural","isPartOf":{"@id":"https:\/\/blogs.uninter.edu.mx\/difusioncultural\/#website"},"primaryImageOfPage":{"@id":"https:\/\/blogs.uninter.edu.mx\/difusioncultural\/?p=3824#primaryimage"},"image":{"@id":"https:\/\/blogs.uninter.edu.mx\/difusioncultural\/?p=3824#primaryimage"},"thumbnailUrl":"https:\/\/blogs.uninter.edu.mx\/difusioncultural\/wp-content\/uploads\/2015\/08\/plantas-cargadoras.jpg","datePublished":"2015-08-03T14:40:17+00:00","breadcrumb":{"@id":"https:\/\/blogs.uninter.edu.mx\/difusioncultural\/?p=3824#breadcrumb"},"inLanguage":"es","potentialAction":[{"@type":"ReadAction","target":["https:\/\/blogs.uninter.edu.mx\/difusioncultural\/?p=3824"]}]},{"@type":"ImageObject","inLanguage":"es","@id":"https:\/\/blogs.uninter.edu.mx\/difusioncultural\/?p=3824#primaryimage","url":"https:\/\/blogs.uninter.edu.mx\/difusioncultural\/wp-content\/uploads\/2015\/08\/plantas-cargadoras.jpg","contentUrl":"https:\/\/blogs.uninter.edu.mx\/difusioncultural\/wp-content\/uploads\/2015\/08\/plantas-cargadoras.jpg","width":700,"height":467},{"@type":"BreadcrumbList","@id":"https:\/\/blogs.uninter.edu.mx\/difusioncultural\/?p=3824#breadcrumb","itemListElement":[{"@type":"ListItem","position":1,"name":"Inicio","item":"https:\/\/blogs.uninter.edu.mx\/difusioncultural\/"},{"@type":"ListItem","position":2,"name":"Universitarias chilenas desarrollan un cargador de bater\u00edas que se enchufa a las plantas"}]},{"@type":"WebSite","@id":"https:\/\/blogs.uninter.edu.mx\/difusioncultural\/#website","url":"https:\/\/blogs.uninter.edu.mx\/difusioncultural\/","name":"Difusi\u00f3n Cultural","description":"UNINTER","publisher":{"@id":"https:\/\/blogs.uninter.edu.mx\/difusioncultural\/#organization"},"potentialAction":[{"@type":"SearchAction","target":{"@type":"EntryPoint","urlTemplate":"https:\/\/blogs.uninter.edu.mx\/difusioncultural\/?s={search_term_string}"},"query-input":{"@type":"PropertyValueSpecification","valueRequired":true,"valueName":"search_term_string"}}],"inLanguage":"es"},{"@type":"Organization","@id":"https:\/\/blogs.uninter.edu.mx\/difusioncultural\/#organization","name":"Difusi\u00f3n Cultural","url":"https:\/\/blogs.uninter.edu.mx\/difusioncultural\/","logo":{"@type":"ImageObject","inLanguage":"es","@id":"https:\/\/blogs.uninter.edu.mx\/difusioncultural\/#\/schema\/logo\/image\/","url":"https:\/\/blogs.uninter.edu.mx\/difusioncultural\/wp-content\/uploads\/2022\/09\/uninter.jpg","contentUrl":"https:\/\/blogs.uninter.edu.mx\/difusioncultural\/wp-content\/uploads\/2022\/09\/uninter.jpg","width":2048,"height":2048,"caption":"Difusi\u00f3n Cultural"},"image":{"@id":"https:\/\/blogs.uninter.edu.mx\/difusioncultural\/#\/schema\/logo\/image\/"}},{"@type":"Person","@id":"https:\/\/blogs.uninter.edu.mx\/difusioncultural\/#\/schema\/person\/37a0926f4dd300a814993fd595abdc4a","name":"webmaster","image":{"@type":"ImageObject","inLanguage":"es","@id":"https:\/\/blogs.uninter.edu.mx\/difusioncultural\/#\/schema\/person\/image\/","url":"https:\/\/secure.gravatar.com\/avatar\/a59c276b01147463ef3aab4118e3137ebc5e1ad6700deb39ccdf8b89e517f7dc?s=96&d=mm&r=g","contentUrl":"https:\/\/secure.gravatar.com\/avatar\/a59c276b01147463ef3aab4118e3137ebc5e1ad6700deb39ccdf8b89e517f7dc?s=96&d=mm&r=g","caption":"webmaster"},"sameAs":["https:\/\/blogs.uninter.edu.mx\/difusioncultural"],"url":"https:\/\/blogs.uninter.edu.mx\/difusioncultural\/?author=1"}]}},"jetpack_publicize_connections":[],"jetpack_featured_media_url":"https:\/\/blogs.uninter.edu.mx\/difusioncultural\/wp-content\/uploads\/2015\/08\/plantas-cargadoras.jpg","jetpack_sharing_enabled":true,"_links":{"self":[{"href":"https:\/\/blogs.uninter.edu.mx\/difusioncultural\/index.php?rest_route=\/wp\/v2\/posts\/3824","targetHints":{"allow":["GET"]}}],"collection":[{"href":"https:\/\/blogs.uninter.edu.mx\/difusioncultural\/index.php?rest_route=\/wp\/v2\/posts"}],"about":[{"href":"https:\/\/blogs.uninter.edu.mx\/difusioncultural\/index.php?rest_route=\/wp\/v2\/types\/post"}],"author":[{"embeddable":true,"href":"https:\/\/blogs.uninter.edu.mx\/difusioncultural\/index.php?rest_route=\/wp\/v2\/users\/1"}],"replies":[{"embeddable":true,"href":"https:\/\/blogs.uninter.edu.mx\/difusioncultural\/index.php?rest_route=%2Fwp%2Fv2%2Fcomments&post=3824"}],"version-history":[{"count":0,"href":"https:\/\/blogs.uninter.edu.mx\/difusioncultural\/index.php?rest_route=\/wp\/v2\/posts\/3824\/revisions"}],"wp:featuredmedia":[{"embeddable":true,"href":"https:\/\/blogs.uninter.edu.mx\/difusioncultural\/index.php?rest_route=\/wp\/v2\/media\/3825"}],"wp:attachment":[{"href":"https:\/\/blogs.uninter.edu.mx\/difusioncultural\/index.php?rest_route=%2Fwp%2Fv2%2Fmedia&parent=3824"}],"wp:term":[{"taxonomy":"category","embeddable":true,"href":"https:\/\/blogs.uninter.edu.mx\/difusioncultural\/index.php?rest_route=%2Fwp%2Fv2%2Fcategories&post=3824"},{"taxonomy":"post_tag","embeddable":true,"href":"https:\/\/blogs.uninter.edu.mx\/difusioncultural\/index.php?rest_route=%2Fwp%2Fv2%2Ftags&post=3824"}],"curies":[{"name":"wp","href":"https:\/\/api.w.org\/{rel}","templated":true}]}}