{"id":3833,"date":"2015-08-18T18:03:04","date_gmt":"2015-08-18T23:03:04","guid":{"rendered":"https:\/\/difusionculturaluninter.wordpress.com\/?p=3833"},"modified":"2015-08-18T18:03:04","modified_gmt":"2015-08-18T23:03:04","slug":"un-dia-como-hoy-muere-genghis-khan","status":"publish","type":"post","link":"https:\/\/blogs.uninter.edu.mx\/difusioncultural\/?p=3833","title":{"rendered":"Un d\u00eda como hoy muere Genghis Khan"},"content":{"rendered":"<p><a href=\"https:\/\/blogs.uninter.edu.mx\/difusioncultural\/wp-content\/uploads\/2015\/08\/fallecio-genghis-khan-600x310-1.jpg\"><img decoding=\"async\" class=\"alignnone size-medium wp-image-3834\" src=\"https:\/\/blogs.uninter.edu.mx\/difusioncultural\/wp-content\/uploads\/2015\/08\/fallecio-genghis-khan-600x310-1.jpg?w=300\" alt=\"fallecio-genghis-khan-600x310\" width=\"300\" height=\"155\" \/><\/a><\/p>\n<p>Genghis Khan naci\u00f3 en el a\u00f1o 1162 a. C. y falleci\u00f3 el 18 de agosto de 1227, fue un pr\u00edncipe mongol que unific\u00f3 a las tribus n\u00f3madas de esta etnia del norte de Asia, fundando el primer Imperio Mongol. Bajo su liderazgo, los mongoles comenzaron una oleada de conquistas que extendi\u00f3 su dominio a un vast\u00edsimo territorio ocupando desde Europa Central hasta el sur de Asia. En el marco de esta expansi\u00f3n, las hordas mongolas conquistaron importantes reinos de Asia, como el Imperio Jin del norte de China (1211-1216), el Imperio Tangut, el reino Kara-Kit\u00e1n y el Imperio de Jorezm. Tras su desaparici\u00f3n, el imperio mongol por \u00e9l forjado, que se extend\u00eda desde Corea hasta el mar Caspio, se dividi\u00f3 entre sus cuatro hijos, bajo la autoridad del tercero de ellos, Ogodei, quien fue elegido por la asamblea de pr\u00edncipes mongoles (1229). Ogodei consolid\u00f3 las conquistas de su padre, complet\u00f3 la sumisi\u00f3n del norte de China (1234) y Corea (1236), ensanch\u00f3 el imperio, estableci\u00f3 el protectorado mongol sobre Georgia, Armenia y el C\u00e1ucaso y penetr\u00f3 en Rusia y en la llanura del Danubio (1237-1240). A pesar de su fama de conquistador cruel y despiadado, fue un soberano h\u00e1bil e inteligente, que impuso la paz y el orden en sus dominios, acab\u00f3 con las seculares rivalidades tribales y el bandolerismo, cre\u00f3 nuevas v\u00edas de comunicaci\u00f3n, respet\u00f3 las diferentes creencias de sus s\u00fabditos y, sin saber leer, supo valorar la utilidad del lenguaje escrito.<\/p>\n<p><em>cita: tuhistory.com<\/em><\/p>\n","protected":false},"excerpt":{"rendered":"<p>Genghis Khan naci\u00f3 en el a\u00f1o 1162 a. C. y falleci\u00f3 el 18 de agosto de 1227, fue un pr\u00edncipe mongol que unific\u00f3 a las tribus n\u00f3madas de esta etnia del norte de Asia, fundando el primer Imperio Mongol. Bajo su liderazgo, los mongoles comenzaron una oleada de conquistas que extendi\u00f3 su dominio a un&hellip;<\/p>\n","protected":false},"author":1,"featured_media":3834,"comment_status":"closed","ping_status":"open","sticky":false,"template":"","format":"image","meta":{"_jetpack_memberships_contains_paid_content":false,"footnotes":"","jetpack_publicize_message":"","jetpack_publicize_feature_enabled":true,"jetpack_social_post_already_shared":false,"jetpack_social_options":{"image_generator_settings":{"template":"highway","default_image_id":0,"font":"","enabled":false},"version":2}},"categories":[13],"tags":[26,36,41,93,94,113,116,129,131,133,136,139,145,151,163,195,204,253,255,277,280,303,305],"class_list":["post-3833","post","type-post","status-publish","format-image","has-post-thumbnail","hentry","category-personas-interesantes","tag-acontecimientos","tag-bachillerato","tag-becas-culturales","tag-cultura","tag-cultura-de-la-paz","tag-difusion-cultural","tag-efemerides","tag-estudiantes","tag-eventos","tag-fallecio-genghis-khan","tag-festejos","tag-filarmonica-de-cuernavaca","tag-genghis-khan","tag-historia","tag-intercambios","tag-maestria","tag-mexico","tag-posgrado","tag-prepa","tag-secundaria","tag-spanish-school","tag-uninter","tag-universidad-internacional","post_format-post-format-image"],"yoast_head":"<!-- This site is optimized with the Yoast SEO plugin v26.3 - https:\/\/yoast.com\/wordpress\/plugins\/seo\/ -->\r\n<title>Un d\u00eda como hoy muere Genghis Khan - Difusi\u00f3n Cultural<\/title>\r\n<meta name=\"robots\" content=\"index, follow, max-snippet:-1, max-image-preview:large, max-video-preview:-1\" \/>\r\n<link rel=\"canonical\" href=\"https:\/\/blogs.uninter.edu.mx\/difusioncultural\/?p=3833\" \/>\r\n<meta property=\"og:locale\" content=\"es_MX\" \/>\r\n<meta property=\"og:type\" content=\"article\" \/>\r\n<meta property=\"og:title\" content=\"Un d\u00eda como hoy muere Genghis Khan - Difusi\u00f3n Cultural\" \/>\r\n<meta property=\"og:description\" content=\"Genghis Khan naci\u00f3 en el a\u00f1o 1162 a. C. y falleci\u00f3 el 18 de agosto de 1227, fue un pr\u00edncipe mongol que unific\u00f3 a las tribus n\u00f3madas de esta etnia del norte de Asia, fundando el primer Imperio Mongol. Bajo su liderazgo, los mongoles comenzaron una oleada de conquistas que extendi\u00f3 su dominio a un&hellip;\" \/>\r\n<meta property=\"og:url\" content=\"https:\/\/blogs.uninter.edu.mx\/difusioncultural\/?p=3833\" \/>\r\n<meta property=\"og:site_name\" content=\"Difusi\u00f3n Cultural\" \/>\r\n<meta property=\"article:published_time\" content=\"2015-08-18T23:03:04+00:00\" \/>\r\n<meta property=\"og:image\" content=\"https:\/\/blogs.uninter.edu.mx\/difusioncultural\/wp-content\/uploads\/2015\/08\/fallecio-genghis-khan-600x310-1.jpg\" \/>\r\n\t<meta property=\"og:image:width\" content=\"600\" \/>\r\n\t<meta property=\"og:image:height\" content=\"310\" \/>\r\n\t<meta property=\"og:image:type\" content=\"image\/jpeg\" \/>\r\n<meta name=\"author\" content=\"webmaster\" \/>\r\n<meta name=\"twitter:card\" content=\"summary_large_image\" \/>\r\n<meta name=\"twitter:label1\" content=\"Escrito por\" \/>\n\t<meta name=\"twitter:data1\" content=\"webmaster\" \/>\n\t<meta name=\"twitter:label2\" content=\"Tiempo de lectura\" \/>\n\t<meta name=\"twitter:data2\" content=\"1 minuto\" \/>\r\n<script type=\"application\/ld+json\" class=\"yoast-schema-graph\">{\"@context\":\"https:\/\/schema.org\",\"@graph\":[{\"@type\":\"Article\",\"@id\":\"https:\/\/blogs.uninter.edu.mx\/difusioncultural\/?p=3833#article\",\"isPartOf\":{\"@id\":\"https:\/\/blogs.uninter.edu.mx\/difusioncultural\/?p=3833\"},\"author\":{\"name\":\"webmaster\",\"@id\":\"https:\/\/blogs.uninter.edu.mx\/difusioncultural\/#\/schema\/person\/37a0926f4dd300a814993fd595abdc4a\"},\"headline\":\"Un d\u00eda como hoy muere Genghis Khan\",\"datePublished\":\"2015-08-18T23:03:04+00:00\",\"mainEntityOfPage\":{\"@id\":\"https:\/\/blogs.uninter.edu.mx\/difusioncultural\/?p=3833\"},\"wordCount\":262,\"publisher\":{\"@id\":\"https:\/\/blogs.uninter.edu.mx\/difusioncultural\/#organization\"},\"image\":{\"@id\":\"https:\/\/blogs.uninter.edu.mx\/difusioncultural\/?p=3833#primaryimage\"},\"thumbnailUrl\":\"https:\/\/blogs.uninter.edu.mx\/difusioncultural\/wp-content\/uploads\/2015\/08\/fallecio-genghis-khan-600x310-1.jpg\",\"keywords\":[\"acontecimientos\",\"bachillerato\",\"becas culturales\",\"cultura\",\"cultura de la paz\",\"difusi\u00f3n cultural\",\"efem\u00e9rides\",\"estudiantes\",\"eventos\",\"fallecio Genghis Khan\",\"festejos\",\"Filarm\u00f3nica de Cuernavaca\",\"Genghis Khan\",\"historia\",\"intercambios\",\"maestria\",\"Mexico\",\"posgrado\",\"prepa\",\"secundaria\",\"spanish school\",\"uninter\",\"universidad internacional\"],\"articleSection\":[\"Personas interesantes\"],\"inLanguage\":\"es\"},{\"@type\":\"WebPage\",\"@id\":\"https:\/\/blogs.uninter.edu.mx\/difusioncultural\/?p=3833\",\"url\":\"https:\/\/blogs.uninter.edu.mx\/difusioncultural\/?p=3833\",\"name\":\"Un d\u00eda como hoy muere Genghis Khan - Difusi\u00f3n Cultural\",\"isPartOf\":{\"@id\":\"https:\/\/blogs.uninter.edu.mx\/difusioncultural\/#website\"},\"primaryImageOfPage\":{\"@id\":\"https:\/\/blogs.uninter.edu.mx\/difusioncultural\/?p=3833#primaryimage\"},\"image\":{\"@id\":\"https:\/\/blogs.uninter.edu.mx\/difusioncultural\/?p=3833#primaryimage\"},\"thumbnailUrl\":\"https:\/\/blogs.uninter.edu.mx\/difusioncultural\/wp-content\/uploads\/2015\/08\/fallecio-genghis-khan-600x310-1.jpg\",\"datePublished\":\"2015-08-18T23:03:04+00:00\",\"breadcrumb\":{\"@id\":\"https:\/\/blogs.uninter.edu.mx\/difusioncultural\/?p=3833#breadcrumb\"},\"inLanguage\":\"es\",\"potentialAction\":[{\"@type\":\"ReadAction\",\"target\":[\"https:\/\/blogs.uninter.edu.mx\/difusioncultural\/?p=3833\"]}]},{\"@type\":\"ImageObject\",\"inLanguage\":\"es\",\"@id\":\"https:\/\/blogs.uninter.edu.mx\/difusioncultural\/?p=3833#primaryimage\",\"url\":\"https:\/\/blogs.uninter.edu.mx\/difusioncultural\/wp-content\/uploads\/2015\/08\/fallecio-genghis-khan-600x310-1.jpg\",\"contentUrl\":\"https:\/\/blogs.uninter.edu.mx\/difusioncultural\/wp-content\/uploads\/2015\/08\/fallecio-genghis-khan-600x310-1.jpg\",\"width\":600,\"height\":310},{\"@type\":\"BreadcrumbList\",\"@id\":\"https:\/\/blogs.uninter.edu.mx\/difusioncultural\/?p=3833#breadcrumb\",\"itemListElement\":[{\"@type\":\"ListItem\",\"position\":1,\"name\":\"Inicio\",\"item\":\"https:\/\/blogs.uninter.edu.mx\/difusioncultural\/\"},{\"@type\":\"ListItem\",\"position\":2,\"name\":\"Un d\u00eda como hoy muere Genghis Khan\"}]},{\"@type\":\"WebSite\",\"@id\":\"https:\/\/blogs.uninter.edu.mx\/difusioncultural\/#website\",\"url\":\"https:\/\/blogs.uninter.edu.mx\/difusioncultural\/\",\"name\":\"Difusi\u00f3n Cultural\",\"description\":\"UNINTER\",\"publisher\":{\"@id\":\"https:\/\/blogs.uninter.edu.mx\/difusioncultural\/#organization\"},\"potentialAction\":[{\"@type\":\"SearchAction\",\"target\":{\"@type\":\"EntryPoint\",\"urlTemplate\":\"https:\/\/blogs.uninter.edu.mx\/difusioncultural\/?s={search_term_string}\"},\"query-input\":{\"@type\":\"PropertyValueSpecification\",\"valueRequired\":true,\"valueName\":\"search_term_string\"}}],\"inLanguage\":\"es\"},{\"@type\":\"Organization\",\"@id\":\"https:\/\/blogs.uninter.edu.mx\/difusioncultural\/#organization\",\"name\":\"Difusi\u00f3n Cultural\",\"url\":\"https:\/\/blogs.uninter.edu.mx\/difusioncultural\/\",\"logo\":{\"@type\":\"ImageObject\",\"inLanguage\":\"es\",\"@id\":\"https:\/\/blogs.uninter.edu.mx\/difusioncultural\/#\/schema\/logo\/image\/\",\"url\":\"https:\/\/blogs.uninter.edu.mx\/difusioncultural\/wp-content\/uploads\/2022\/09\/uninter.jpg\",\"contentUrl\":\"https:\/\/blogs.uninter.edu.mx\/difusioncultural\/wp-content\/uploads\/2022\/09\/uninter.jpg\",\"width\":2048,\"height\":2048,\"caption\":\"Difusi\u00f3n Cultural\"},\"image\":{\"@id\":\"https:\/\/blogs.uninter.edu.mx\/difusioncultural\/#\/schema\/logo\/image\/\"}},{\"@type\":\"Person\",\"@id\":\"https:\/\/blogs.uninter.edu.mx\/difusioncultural\/#\/schema\/person\/37a0926f4dd300a814993fd595abdc4a\",\"name\":\"webmaster\",\"image\":{\"@type\":\"ImageObject\",\"inLanguage\":\"es\",\"@id\":\"https:\/\/blogs.uninter.edu.mx\/difusioncultural\/#\/schema\/person\/image\/\",\"url\":\"https:\/\/secure.gravatar.com\/avatar\/a59c276b01147463ef3aab4118e3137ebc5e1ad6700deb39ccdf8b89e517f7dc?s=96&d=mm&r=g\",\"contentUrl\":\"https:\/\/secure.gravatar.com\/avatar\/a59c276b01147463ef3aab4118e3137ebc5e1ad6700deb39ccdf8b89e517f7dc?s=96&d=mm&r=g\",\"caption\":\"webmaster\"},\"sameAs\":[\"https:\/\/blogs.uninter.edu.mx\/difusioncultural\"],\"url\":\"https:\/\/blogs.uninter.edu.mx\/difusioncultural\/?author=1\"}]}<\/script>\r\n<!-- \/ Yoast SEO plugin. -->","yoast_head_json":{"title":"Un d\u00eda como hoy muere Genghis Khan - Difusi\u00f3n Cultural","robots":{"index":"index","follow":"follow","max-snippet":"max-snippet:-1","max-image-preview":"max-image-preview:large","max-video-preview":"max-video-preview:-1"},"canonical":"https:\/\/blogs.uninter.edu.mx\/difusioncultural\/?p=3833","og_locale":"es_MX","og_type":"article","og_title":"Un d\u00eda como hoy muere Genghis Khan - Difusi\u00f3n Cultural","og_description":"Genghis Khan naci\u00f3 en el a\u00f1o 1162 a. C. y falleci\u00f3 el 18 de agosto de 1227, fue un pr\u00edncipe mongol que unific\u00f3 a las tribus n\u00f3madas de esta etnia del norte de Asia, fundando el primer Imperio Mongol. Bajo su liderazgo, los mongoles comenzaron una oleada de conquistas que extendi\u00f3 su dominio a un&hellip;","og_url":"https:\/\/blogs.uninter.edu.mx\/difusioncultural\/?p=3833","og_site_name":"Difusi\u00f3n Cultural","article_published_time":"2015-08-18T23:03:04+00:00","og_image":[{"width":600,"height":310,"url":"https:\/\/blogs.uninter.edu.mx\/difusioncultural\/wp-content\/uploads\/2015\/08\/fallecio-genghis-khan-600x310-1.jpg","type":"image\/jpeg"}],"author":"webmaster","twitter_card":"summary_large_image","twitter_misc":{"Escrito por":"webmaster","Tiempo de lectura":"1 minuto"},"schema":{"@context":"https:\/\/schema.org","@graph":[{"@type":"Article","@id":"https:\/\/blogs.uninter.edu.mx\/difusioncultural\/?p=3833#article","isPartOf":{"@id":"https:\/\/blogs.uninter.edu.mx\/difusioncultural\/?p=3833"},"author":{"name":"webmaster","@id":"https:\/\/blogs.uninter.edu.mx\/difusioncultural\/#\/schema\/person\/37a0926f4dd300a814993fd595abdc4a"},"headline":"Un d\u00eda como hoy muere Genghis Khan","datePublished":"2015-08-18T23:03:04+00:00","mainEntityOfPage":{"@id":"https:\/\/blogs.uninter.edu.mx\/difusioncultural\/?p=3833"},"wordCount":262,"publisher":{"@id":"https:\/\/blogs.uninter.edu.mx\/difusioncultural\/#organization"},"image":{"@id":"https:\/\/blogs.uninter.edu.mx\/difusioncultural\/?p=3833#primaryimage"},"thumbnailUrl":"https:\/\/blogs.uninter.edu.mx\/difusioncultural\/wp-content\/uploads\/2015\/08\/fallecio-genghis-khan-600x310-1.jpg","keywords":["acontecimientos","bachillerato","becas culturales","cultura","cultura de la paz","difusi\u00f3n cultural","efem\u00e9rides","estudiantes","eventos","fallecio Genghis Khan","festejos","Filarm\u00f3nica de Cuernavaca","Genghis Khan","historia","intercambios","maestria","Mexico","posgrado","prepa","secundaria","spanish school","uninter","universidad internacional"],"articleSection":["Personas interesantes"],"inLanguage":"es"},{"@type":"WebPage","@id":"https:\/\/blogs.uninter.edu.mx\/difusioncultural\/?p=3833","url":"https:\/\/blogs.uninter.edu.mx\/difusioncultural\/?p=3833","name":"Un d\u00eda como hoy muere Genghis Khan - Difusi\u00f3n Cultural","isPartOf":{"@id":"https:\/\/blogs.uninter.edu.mx\/difusioncultural\/#website"},"primaryImageOfPage":{"@id":"https:\/\/blogs.uninter.edu.mx\/difusioncultural\/?p=3833#primaryimage"},"image":{"@id":"https:\/\/blogs.uninter.edu.mx\/difusioncultural\/?p=3833#primaryimage"},"thumbnailUrl":"https:\/\/blogs.uninter.edu.mx\/difusioncultural\/wp-content\/uploads\/2015\/08\/fallecio-genghis-khan-600x310-1.jpg","datePublished":"2015-08-18T23:03:04+00:00","breadcrumb":{"@id":"https:\/\/blogs.uninter.edu.mx\/difusioncultural\/?p=3833#breadcrumb"},"inLanguage":"es","potentialAction":[{"@type":"ReadAction","target":["https:\/\/blogs.uninter.edu.mx\/difusioncultural\/?p=3833"]}]},{"@type":"ImageObject","inLanguage":"es","@id":"https:\/\/blogs.uninter.edu.mx\/difusioncultural\/?p=3833#primaryimage","url":"https:\/\/blogs.uninter.edu.mx\/difusioncultural\/wp-content\/uploads\/2015\/08\/fallecio-genghis-khan-600x310-1.jpg","contentUrl":"https:\/\/blogs.uninter.edu.mx\/difusioncultural\/wp-content\/uploads\/2015\/08\/fallecio-genghis-khan-600x310-1.jpg","width":600,"height":310},{"@type":"BreadcrumbList","@id":"https:\/\/blogs.uninter.edu.mx\/difusioncultural\/?p=3833#breadcrumb","itemListElement":[{"@type":"ListItem","position":1,"name":"Inicio","item":"https:\/\/blogs.uninter.edu.mx\/difusioncultural\/"},{"@type":"ListItem","position":2,"name":"Un d\u00eda como hoy muere Genghis Khan"}]},{"@type":"WebSite","@id":"https:\/\/blogs.uninter.edu.mx\/difusioncultural\/#website","url":"https:\/\/blogs.uninter.edu.mx\/difusioncultural\/","name":"Difusi\u00f3n Cultural","description":"UNINTER","publisher":{"@id":"https:\/\/blogs.uninter.edu.mx\/difusioncultural\/#organization"},"potentialAction":[{"@type":"SearchAction","target":{"@type":"EntryPoint","urlTemplate":"https:\/\/blogs.uninter.edu.mx\/difusioncultural\/?s={search_term_string}"},"query-input":{"@type":"PropertyValueSpecification","valueRequired":true,"valueName":"search_term_string"}}],"inLanguage":"es"},{"@type":"Organization","@id":"https:\/\/blogs.uninter.edu.mx\/difusioncultural\/#organization","name":"Difusi\u00f3n Cultural","url":"https:\/\/blogs.uninter.edu.mx\/difusioncultural\/","logo":{"@type":"ImageObject","inLanguage":"es","@id":"https:\/\/blogs.uninter.edu.mx\/difusioncultural\/#\/schema\/logo\/image\/","url":"https:\/\/blogs.uninter.edu.mx\/difusioncultural\/wp-content\/uploads\/2022\/09\/uninter.jpg","contentUrl":"https:\/\/blogs.uninter.edu.mx\/difusioncultural\/wp-content\/uploads\/2022\/09\/uninter.jpg","width":2048,"height":2048,"caption":"Difusi\u00f3n Cultural"},"image":{"@id":"https:\/\/blogs.uninter.edu.mx\/difusioncultural\/#\/schema\/logo\/image\/"}},{"@type":"Person","@id":"https:\/\/blogs.uninter.edu.mx\/difusioncultural\/#\/schema\/person\/37a0926f4dd300a814993fd595abdc4a","name":"webmaster","image":{"@type":"ImageObject","inLanguage":"es","@id":"https:\/\/blogs.uninter.edu.mx\/difusioncultural\/#\/schema\/person\/image\/","url":"https:\/\/secure.gravatar.com\/avatar\/a59c276b01147463ef3aab4118e3137ebc5e1ad6700deb39ccdf8b89e517f7dc?s=96&d=mm&r=g","contentUrl":"https:\/\/secure.gravatar.com\/avatar\/a59c276b01147463ef3aab4118e3137ebc5e1ad6700deb39ccdf8b89e517f7dc?s=96&d=mm&r=g","caption":"webmaster"},"sameAs":["https:\/\/blogs.uninter.edu.mx\/difusioncultural"],"url":"https:\/\/blogs.uninter.edu.mx\/difusioncultural\/?author=1"}]}},"jetpack_publicize_connections":[],"jetpack_featured_media_url":"https:\/\/blogs.uninter.edu.mx\/difusioncultural\/wp-content\/uploads\/2015\/08\/fallecio-genghis-khan-600x310-1.jpg","jetpack_sharing_enabled":true,"_links":{"self":[{"href":"https:\/\/blogs.uninter.edu.mx\/difusioncultural\/index.php?rest_route=\/wp\/v2\/posts\/3833","targetHints":{"allow":["GET"]}}],"collection":[{"href":"https:\/\/blogs.uninter.edu.mx\/difusioncultural\/index.php?rest_route=\/wp\/v2\/posts"}],"about":[{"href":"https:\/\/blogs.uninter.edu.mx\/difusioncultural\/index.php?rest_route=\/wp\/v2\/types\/post"}],"author":[{"embeddable":true,"href":"https:\/\/blogs.uninter.edu.mx\/difusioncultural\/index.php?rest_route=\/wp\/v2\/users\/1"}],"replies":[{"embeddable":true,"href":"https:\/\/blogs.uninter.edu.mx\/difusioncultural\/index.php?rest_route=%2Fwp%2Fv2%2Fcomments&post=3833"}],"version-history":[{"count":0,"href":"https:\/\/blogs.uninter.edu.mx\/difusioncultural\/index.php?rest_route=\/wp\/v2\/posts\/3833\/revisions"}],"wp:featuredmedia":[{"embeddable":true,"href":"https:\/\/blogs.uninter.edu.mx\/difusioncultural\/index.php?rest_route=\/wp\/v2\/media\/3834"}],"wp:attachment":[{"href":"https:\/\/blogs.uninter.edu.mx\/difusioncultural\/index.php?rest_route=%2Fwp%2Fv2%2Fmedia&parent=3833"}],"wp:term":[{"taxonomy":"category","embeddable":true,"href":"https:\/\/blogs.uninter.edu.mx\/difusioncultural\/index.php?rest_route=%2Fwp%2Fv2%2Fcategories&post=3833"},{"taxonomy":"post_tag","embeddable":true,"href":"https:\/\/blogs.uninter.edu.mx\/difusioncultural\/index.php?rest_route=%2Fwp%2Fv2%2Ftags&post=3833"}],"curies":[{"name":"wp","href":"https:\/\/api.w.org\/{rel}","templated":true}]}}