{"id":3855,"date":"2015-09-11T16:55:56","date_gmt":"2015-09-11T21:55:56","guid":{"rendered":"https:\/\/difusionculturaluninter.wordpress.com\/?p=3855"},"modified":"2015-09-11T16:55:56","modified_gmt":"2015-09-11T21:55:56","slug":"la-importancia-de-nuestras-fiestas-patrias","status":"publish","type":"post","link":"https:\/\/blogs.uninter.edu.mx\/difusioncultural\/?p=3855","title":{"rendered":"La importancia de nuestras Fiestas Patrias"},"content":{"rendered":"<p><a href=\"https:\/\/blogs.uninter.edu.mx\/difusioncultural\/wp-content\/uploads\/2015\/09\/independencia-mexicana.jpg\"><img fetchpriority=\"high\" decoding=\"async\" class=\"size-medium wp-image-3856 aligncenter\" src=\"https:\/\/blogs.uninter.edu.mx\/difusioncultural\/wp-content\/uploads\/2015\/09\/independencia-mexicana.jpg?w=300\" alt=\"independencia-mexicana\" width=\"300\" height=\"167\" \/><\/a><\/p>\n<p>Como sabemos que ya estamos a d\u00edas de dar el &#8220;Grito de Dolores&#8221;, te invitamos a leer esta reflexi\u00f3n sobre el valor de las fiestas patrias que conmemoran a este hermoso pa\u00eds. M\u00e9xico.<\/p>\n<p>Aprovecho este espacio para enviarles un cordial saludo con motivo de las Fiestas Patrias, festejo que todos los mexicanos celebramos a\u00f1o con a\u00f1o en el mes de septiembre.<\/p>\n<p>Asimismo, m\u00e1s all\u00e1 del d\u00eda de fiesta que este evento implica, me gustar\u00eda invitarlos a reflexionar sobre la trascendencia hist\u00f3rica y la importancia c\u00edvica que\u00a0 \u201cEl Grito\u201d tiene y que frecuentemente olvidamos.<\/p>\n<p>La celebraci\u00f3n de independencia es el momento en que a\u00f1o con a\u00f1o todos los mexicanos nos unimos para festejar la existencia de M\u00e9xico como pa\u00eds y naci\u00f3n \u00fanica e independiente. Tras casi 300 a\u00f1os de haber permanecido como una colonia espa\u00f1ola,\u00a0 esta festividad conmemora el d\u00eda en que el cura Miguel Hidalgo y Costilla lanz\u00f3 el conocido \u201cGrito de Dolores\u201d e hizo un llamado a la poblaci\u00f3n para que se reconociese a M\u00e9xico como una naci\u00f3n aut\u00f3noma.<\/p>\n<p>Esta fiesta es, por tanto, por y para M\u00e9xico y por y para todos los mexicanos. Es un d\u00eda en el que \u201cgritamos\u201d con orgullo que somos mexicanos y en el que celebramos todo lo que esto implica, especialmente en materia de identidad como pueblo y de compromiso c\u00edvico como ciudadanos, dentro y fuera de nuestras fronteras nacionales.<\/p>\n<p>Como C\u00f3nsul General de M\u00e9xico en San Jos\u00e9, puedo decir con admiraci\u00f3n que he sido y contin\u00fao siendo testigo d\u00eda con d\u00eda de la gran labor que la mayor\u00eda de ustedes, la comunidad mexicana migrante y radicada en el Norte de California, lleva a cabo en beneficio de sus compatriotas y del apego que, a pesar de estar fuera, siguen profesando por nuestro pa\u00eds.<\/p>\n<p>M\u00e9xico requiere precisamente de ese compromiso, de ese patriotismo por parte de todos nosotros, para que a trav\u00e9s de nuestro trabajo y nuestro ejemplo, de la forma en la que nos conducimos d\u00eda a d\u00eda, y de las contribuciones positivas que hagamos a nuestra comunidad y a la sociedad en general, pongamos siempre en alto el nombre de nuestro pa\u00eds.<\/p>\n<p>El evento de \u201cEl Grito\u201d tendr\u00e1 lugar este 15 de septiembre en el City Hall de San Jos\u00e9. Ese d\u00eda, de 3 de la tarde a 10 de la noche, estaremos cantando con mariachi, degustando nuestra comida tradicional, apreciando nuestras artesan\u00edas y conviviendo con nuestros familiares y amigos\u00a0 en un evento p\u00fablico, gratuito y familiar que con cari\u00f1o y dedicaci\u00f3n el Consulado General de M\u00e9xico en San Jos\u00e9 ha preparado para todos ustedes.<\/p>\n<p>No obstante, los invito a celebrar a ese M\u00e9xico que todos amamos no s\u00f3lo este d\u00eda sino todo el a\u00f1o: con nuestro trabajo, con nuestra familia, con nosotros mismos; as\u00ed compartiremos a trav\u00e9s de nuestra conducta y nuestro quehacer cotidiano la gran naci\u00f3n que M\u00e9xico es y de la que orgullosamente todos nosotros formamos parte. \u00a1Viva M\u00e9xico!<\/p>\n<p><strong><em>Carlos Ponce Mart\u00ednez<br \/>\nC\u00f3nsul General de M\u00e9xico en San Jos\u00e9<\/em><\/strong><\/p>\n<p>&nbsp;<\/p>\n<p>cita:laoferta.com<a href=\"https:\/\/blogs.uninter.edu.mx\/difusioncultural\/wp-content\/uploads\/2015\/09\/independencia-mexicana.jpg\"><br \/>\n<\/a><\/p>\n","protected":false},"excerpt":{"rendered":"<p>Como sabemos que ya estamos a d\u00edas de dar el &#8220;Grito de Dolores&#8221;, te invitamos a leer esta reflexi\u00f3n sobre el valor de las fiestas patrias que conmemoran a este hermoso pa\u00eds. M\u00e9xico. Aprovecho este espacio para enviarles un cordial saludo con motivo de las Fiestas Patrias, festejo que todos los mexicanos celebramos a\u00f1o con&hellip;<\/p>\n","protected":false},"author":1,"featured_media":3856,"comment_status":"closed","ping_status":"open","sticky":false,"template":"","format":"image","meta":{"_jetpack_memberships_contains_paid_content":false,"footnotes":"","jetpack_publicize_message":"","jetpack_publicize_feature_enabled":true,"jetpack_social_post_already_shared":false,"jetpack_social_options":{"image_generator_settings":{"template":"highway","default_image_id":0,"font":"","enabled":false},"version":2}},"categories":[1],"tags":[20,26,36,41,93,94,108,109,113,116,129,131,137,138,139,151,161,163,195,203,204,206,253,255,277,280,303,305],"class_list":["post-3855","post","type-post","status-publish","format-image","has-post-thumbnail","hentry","category-sin-categoria","tag-15-de-septiembre","tag-acontecimientos","tag-bachillerato","tag-becas-culturales","tag-cultura","tag-cultura-de-la-paz","tag-dia-de-la-independencia-uninter","tag-dia-de-mexico","tag-difusion-cultural","tag-efemerides","tag-estudiantes","tag-eventos","tag-festejos-patrios-uninter","tag-festival-mexico","tag-filarmonica-de-cuernavaca","tag-historia","tag-importancia-de-las-fiestas-patrias-mexico","tag-intercambios","tag-maestria","tag-mensaje-de-embajador-mexico","tag-mexico","tag-mexico-city","tag-posgrado","tag-prepa","tag-secundaria","tag-spanish-school","tag-uninter","tag-universidad-internacional","post_format-post-format-image"],"yoast_head":"<!-- This site is optimized with the Yoast SEO plugin v26.3 - https:\/\/yoast.com\/wordpress\/plugins\/seo\/ -->\r\n<title>La importancia de nuestras Fiestas Patrias - Difusi\u00f3n Cultural<\/title>\r\n<meta name=\"robots\" content=\"index, follow, max-snippet:-1, max-image-preview:large, max-video-preview:-1\" \/>\r\n<link rel=\"canonical\" href=\"https:\/\/blogs.uninter.edu.mx\/difusioncultural\/?p=3855\" \/>\r\n<meta property=\"og:locale\" content=\"es_MX\" \/>\r\n<meta property=\"og:type\" content=\"article\" \/>\r\n<meta property=\"og:title\" content=\"La importancia de nuestras Fiestas Patrias - Difusi\u00f3n Cultural\" \/>\r\n<meta property=\"og:description\" content=\"Como sabemos que ya estamos a d\u00edas de dar el &#8220;Grito de Dolores&#8221;, te invitamos a leer esta reflexi\u00f3n sobre el valor de las fiestas patrias que conmemoran a este hermoso pa\u00eds. M\u00e9xico. Aprovecho este espacio para enviarles un cordial saludo con motivo de las Fiestas Patrias, festejo que todos los mexicanos celebramos a\u00f1o con&hellip;\" \/>\r\n<meta property=\"og:url\" content=\"https:\/\/blogs.uninter.edu.mx\/difusioncultural\/?p=3855\" \/>\r\n<meta property=\"og:site_name\" content=\"Difusi\u00f3n Cultural\" \/>\r\n<meta property=\"article:published_time\" content=\"2015-09-11T21:55:56+00:00\" \/>\r\n<meta property=\"og:image\" content=\"https:\/\/blogs.uninter.edu.mx\/difusioncultural\/wp-content\/uploads\/2015\/09\/independencia-mexicana.jpg\" \/>\r\n\t<meta property=\"og:image:width\" content=\"630\" \/>\r\n\t<meta property=\"og:image:height\" content=\"350\" \/>\r\n\t<meta property=\"og:image:type\" content=\"image\/jpeg\" \/>\r\n<meta name=\"author\" content=\"webmaster\" \/>\r\n<meta name=\"twitter:card\" content=\"summary_large_image\" \/>\r\n<meta name=\"twitter:label1\" content=\"Escrito por\" \/>\n\t<meta name=\"twitter:data1\" content=\"webmaster\" \/>\n\t<meta name=\"twitter:label2\" content=\"Tiempo de lectura\" \/>\n\t<meta name=\"twitter:data2\" content=\"3 minutos\" \/>\r\n<script type=\"application\/ld+json\" class=\"yoast-schema-graph\">{\"@context\":\"https:\/\/schema.org\",\"@graph\":[{\"@type\":\"Article\",\"@id\":\"https:\/\/blogs.uninter.edu.mx\/difusioncultural\/?p=3855#article\",\"isPartOf\":{\"@id\":\"https:\/\/blogs.uninter.edu.mx\/difusioncultural\/?p=3855\"},\"author\":{\"name\":\"webmaster\",\"@id\":\"https:\/\/blogs.uninter.edu.mx\/difusioncultural\/#\/schema\/person\/37a0926f4dd300a814993fd595abdc4a\"},\"headline\":\"La importancia de nuestras Fiestas Patrias\",\"datePublished\":\"2015-09-11T21:55:56+00:00\",\"mainEntityOfPage\":{\"@id\":\"https:\/\/blogs.uninter.edu.mx\/difusioncultural\/?p=3855\"},\"wordCount\":555,\"publisher\":{\"@id\":\"https:\/\/blogs.uninter.edu.mx\/difusioncultural\/#organization\"},\"image\":{\"@id\":\"https:\/\/blogs.uninter.edu.mx\/difusioncultural\/?p=3855#primaryimage\"},\"thumbnailUrl\":\"https:\/\/blogs.uninter.edu.mx\/difusioncultural\/wp-content\/uploads\/2015\/09\/independencia-mexicana.jpg\",\"keywords\":[\"15 DE SEPTIEMBRE\",\"acontecimientos\",\"bachillerato\",\"becas culturales\",\"cultura\",\"cultura de la paz\",\"dia de la independencia uninter\",\"dia de mexico\",\"difusi\u00f3n cultural\",\"efem\u00e9rides\",\"estudiantes\",\"eventos\",\"festejos patrios uninter\",\"festival mexico\",\"Filarm\u00f3nica de Cuernavaca\",\"historia\",\"importancia de las fiestas patrias mexico\",\"intercambios\",\"maestria\",\"mensaje de embajador mexico\",\"Mexico\",\"mexico city\",\"posgrado\",\"prepa\",\"secundaria\",\"spanish school\",\"uninter\",\"universidad internacional\"],\"inLanguage\":\"es\"},{\"@type\":\"WebPage\",\"@id\":\"https:\/\/blogs.uninter.edu.mx\/difusioncultural\/?p=3855\",\"url\":\"https:\/\/blogs.uninter.edu.mx\/difusioncultural\/?p=3855\",\"name\":\"La importancia de nuestras Fiestas Patrias - Difusi\u00f3n Cultural\",\"isPartOf\":{\"@id\":\"https:\/\/blogs.uninter.edu.mx\/difusioncultural\/#website\"},\"primaryImageOfPage\":{\"@id\":\"https:\/\/blogs.uninter.edu.mx\/difusioncultural\/?p=3855#primaryimage\"},\"image\":{\"@id\":\"https:\/\/blogs.uninter.edu.mx\/difusioncultural\/?p=3855#primaryimage\"},\"thumbnailUrl\":\"https:\/\/blogs.uninter.edu.mx\/difusioncultural\/wp-content\/uploads\/2015\/09\/independencia-mexicana.jpg\",\"datePublished\":\"2015-09-11T21:55:56+00:00\",\"breadcrumb\":{\"@id\":\"https:\/\/blogs.uninter.edu.mx\/difusioncultural\/?p=3855#breadcrumb\"},\"inLanguage\":\"es\",\"potentialAction\":[{\"@type\":\"ReadAction\",\"target\":[\"https:\/\/blogs.uninter.edu.mx\/difusioncultural\/?p=3855\"]}]},{\"@type\":\"ImageObject\",\"inLanguage\":\"es\",\"@id\":\"https:\/\/blogs.uninter.edu.mx\/difusioncultural\/?p=3855#primaryimage\",\"url\":\"https:\/\/blogs.uninter.edu.mx\/difusioncultural\/wp-content\/uploads\/2015\/09\/independencia-mexicana.jpg\",\"contentUrl\":\"https:\/\/blogs.uninter.edu.mx\/difusioncultural\/wp-content\/uploads\/2015\/09\/independencia-mexicana.jpg\",\"width\":630,\"height\":350},{\"@type\":\"BreadcrumbList\",\"@id\":\"https:\/\/blogs.uninter.edu.mx\/difusioncultural\/?p=3855#breadcrumb\",\"itemListElement\":[{\"@type\":\"ListItem\",\"position\":1,\"name\":\"Inicio\",\"item\":\"https:\/\/blogs.uninter.edu.mx\/difusioncultural\/\"},{\"@type\":\"ListItem\",\"position\":2,\"name\":\"La importancia de nuestras Fiestas Patrias\"}]},{\"@type\":\"WebSite\",\"@id\":\"https:\/\/blogs.uninter.edu.mx\/difusioncultural\/#website\",\"url\":\"https:\/\/blogs.uninter.edu.mx\/difusioncultural\/\",\"name\":\"Difusi\u00f3n Cultural\",\"description\":\"UNINTER\",\"publisher\":{\"@id\":\"https:\/\/blogs.uninter.edu.mx\/difusioncultural\/#organization\"},\"potentialAction\":[{\"@type\":\"SearchAction\",\"target\":{\"@type\":\"EntryPoint\",\"urlTemplate\":\"https:\/\/blogs.uninter.edu.mx\/difusioncultural\/?s={search_term_string}\"},\"query-input\":{\"@type\":\"PropertyValueSpecification\",\"valueRequired\":true,\"valueName\":\"search_term_string\"}}],\"inLanguage\":\"es\"},{\"@type\":\"Organization\",\"@id\":\"https:\/\/blogs.uninter.edu.mx\/difusioncultural\/#organization\",\"name\":\"Difusi\u00f3n Cultural\",\"url\":\"https:\/\/blogs.uninter.edu.mx\/difusioncultural\/\",\"logo\":{\"@type\":\"ImageObject\",\"inLanguage\":\"es\",\"@id\":\"https:\/\/blogs.uninter.edu.mx\/difusioncultural\/#\/schema\/logo\/image\/\",\"url\":\"https:\/\/blogs.uninter.edu.mx\/difusioncultural\/wp-content\/uploads\/2022\/09\/uninter.jpg\",\"contentUrl\":\"https:\/\/blogs.uninter.edu.mx\/difusioncultural\/wp-content\/uploads\/2022\/09\/uninter.jpg\",\"width\":2048,\"height\":2048,\"caption\":\"Difusi\u00f3n Cultural\"},\"image\":{\"@id\":\"https:\/\/blogs.uninter.edu.mx\/difusioncultural\/#\/schema\/logo\/image\/\"}},{\"@type\":\"Person\",\"@id\":\"https:\/\/blogs.uninter.edu.mx\/difusioncultural\/#\/schema\/person\/37a0926f4dd300a814993fd595abdc4a\",\"name\":\"webmaster\",\"image\":{\"@type\":\"ImageObject\",\"inLanguage\":\"es\",\"@id\":\"https:\/\/blogs.uninter.edu.mx\/difusioncultural\/#\/schema\/person\/image\/\",\"url\":\"https:\/\/secure.gravatar.com\/avatar\/a59c276b01147463ef3aab4118e3137ebc5e1ad6700deb39ccdf8b89e517f7dc?s=96&d=mm&r=g\",\"contentUrl\":\"https:\/\/secure.gravatar.com\/avatar\/a59c276b01147463ef3aab4118e3137ebc5e1ad6700deb39ccdf8b89e517f7dc?s=96&d=mm&r=g\",\"caption\":\"webmaster\"},\"sameAs\":[\"https:\/\/blogs.uninter.edu.mx\/difusioncultural\"],\"url\":\"https:\/\/blogs.uninter.edu.mx\/difusioncultural\/?author=1\"}]}<\/script>\r\n<!-- \/ Yoast SEO plugin. -->","yoast_head_json":{"title":"La importancia de nuestras Fiestas Patrias - Difusi\u00f3n Cultural","robots":{"index":"index","follow":"follow","max-snippet":"max-snippet:-1","max-image-preview":"max-image-preview:large","max-video-preview":"max-video-preview:-1"},"canonical":"https:\/\/blogs.uninter.edu.mx\/difusioncultural\/?p=3855","og_locale":"es_MX","og_type":"article","og_title":"La importancia de nuestras Fiestas Patrias - Difusi\u00f3n Cultural","og_description":"Como sabemos que ya estamos a d\u00edas de dar el &#8220;Grito de Dolores&#8221;, te invitamos a leer esta reflexi\u00f3n sobre el valor de las fiestas patrias que conmemoran a este hermoso pa\u00eds. M\u00e9xico. Aprovecho este espacio para enviarles un cordial saludo con motivo de las Fiestas Patrias, festejo que todos los mexicanos celebramos a\u00f1o con&hellip;","og_url":"https:\/\/blogs.uninter.edu.mx\/difusioncultural\/?p=3855","og_site_name":"Difusi\u00f3n Cultural","article_published_time":"2015-09-11T21:55:56+00:00","og_image":[{"width":630,"height":350,"url":"https:\/\/blogs.uninter.edu.mx\/difusioncultural\/wp-content\/uploads\/2015\/09\/independencia-mexicana.jpg","type":"image\/jpeg"}],"author":"webmaster","twitter_card":"summary_large_image","twitter_misc":{"Escrito por":"webmaster","Tiempo de lectura":"3 minutos"},"schema":{"@context":"https:\/\/schema.org","@graph":[{"@type":"Article","@id":"https:\/\/blogs.uninter.edu.mx\/difusioncultural\/?p=3855#article","isPartOf":{"@id":"https:\/\/blogs.uninter.edu.mx\/difusioncultural\/?p=3855"},"author":{"name":"webmaster","@id":"https:\/\/blogs.uninter.edu.mx\/difusioncultural\/#\/schema\/person\/37a0926f4dd300a814993fd595abdc4a"},"headline":"La importancia de nuestras Fiestas Patrias","datePublished":"2015-09-11T21:55:56+00:00","mainEntityOfPage":{"@id":"https:\/\/blogs.uninter.edu.mx\/difusioncultural\/?p=3855"},"wordCount":555,"publisher":{"@id":"https:\/\/blogs.uninter.edu.mx\/difusioncultural\/#organization"},"image":{"@id":"https:\/\/blogs.uninter.edu.mx\/difusioncultural\/?p=3855#primaryimage"},"thumbnailUrl":"https:\/\/blogs.uninter.edu.mx\/difusioncultural\/wp-content\/uploads\/2015\/09\/independencia-mexicana.jpg","keywords":["15 DE SEPTIEMBRE","acontecimientos","bachillerato","becas culturales","cultura","cultura de la paz","dia de la independencia uninter","dia de mexico","difusi\u00f3n cultural","efem\u00e9rides","estudiantes","eventos","festejos patrios uninter","festival mexico","Filarm\u00f3nica de Cuernavaca","historia","importancia de las fiestas patrias mexico","intercambios","maestria","mensaje de embajador mexico","Mexico","mexico city","posgrado","prepa","secundaria","spanish school","uninter","universidad internacional"],"inLanguage":"es"},{"@type":"WebPage","@id":"https:\/\/blogs.uninter.edu.mx\/difusioncultural\/?p=3855","url":"https:\/\/blogs.uninter.edu.mx\/difusioncultural\/?p=3855","name":"La importancia de nuestras Fiestas Patrias - Difusi\u00f3n Cultural","isPartOf":{"@id":"https:\/\/blogs.uninter.edu.mx\/difusioncultural\/#website"},"primaryImageOfPage":{"@id":"https:\/\/blogs.uninter.edu.mx\/difusioncultural\/?p=3855#primaryimage"},"image":{"@id":"https:\/\/blogs.uninter.edu.mx\/difusioncultural\/?p=3855#primaryimage"},"thumbnailUrl":"https:\/\/blogs.uninter.edu.mx\/difusioncultural\/wp-content\/uploads\/2015\/09\/independencia-mexicana.jpg","datePublished":"2015-09-11T21:55:56+00:00","breadcrumb":{"@id":"https:\/\/blogs.uninter.edu.mx\/difusioncultural\/?p=3855#breadcrumb"},"inLanguage":"es","potentialAction":[{"@type":"ReadAction","target":["https:\/\/blogs.uninter.edu.mx\/difusioncultural\/?p=3855"]}]},{"@type":"ImageObject","inLanguage":"es","@id":"https:\/\/blogs.uninter.edu.mx\/difusioncultural\/?p=3855#primaryimage","url":"https:\/\/blogs.uninter.edu.mx\/difusioncultural\/wp-content\/uploads\/2015\/09\/independencia-mexicana.jpg","contentUrl":"https:\/\/blogs.uninter.edu.mx\/difusioncultural\/wp-content\/uploads\/2015\/09\/independencia-mexicana.jpg","width":630,"height":350},{"@type":"BreadcrumbList","@id":"https:\/\/blogs.uninter.edu.mx\/difusioncultural\/?p=3855#breadcrumb","itemListElement":[{"@type":"ListItem","position":1,"name":"Inicio","item":"https:\/\/blogs.uninter.edu.mx\/difusioncultural\/"},{"@type":"ListItem","position":2,"name":"La importancia de nuestras Fiestas Patrias"}]},{"@type":"WebSite","@id":"https:\/\/blogs.uninter.edu.mx\/difusioncultural\/#website","url":"https:\/\/blogs.uninter.edu.mx\/difusioncultural\/","name":"Difusi\u00f3n Cultural","description":"UNINTER","publisher":{"@id":"https:\/\/blogs.uninter.edu.mx\/difusioncultural\/#organization"},"potentialAction":[{"@type":"SearchAction","target":{"@type":"EntryPoint","urlTemplate":"https:\/\/blogs.uninter.edu.mx\/difusioncultural\/?s={search_term_string}"},"query-input":{"@type":"PropertyValueSpecification","valueRequired":true,"valueName":"search_term_string"}}],"inLanguage":"es"},{"@type":"Organization","@id":"https:\/\/blogs.uninter.edu.mx\/difusioncultural\/#organization","name":"Difusi\u00f3n Cultural","url":"https:\/\/blogs.uninter.edu.mx\/difusioncultural\/","logo":{"@type":"ImageObject","inLanguage":"es","@id":"https:\/\/blogs.uninter.edu.mx\/difusioncultural\/#\/schema\/logo\/image\/","url":"https:\/\/blogs.uninter.edu.mx\/difusioncultural\/wp-content\/uploads\/2022\/09\/uninter.jpg","contentUrl":"https:\/\/blogs.uninter.edu.mx\/difusioncultural\/wp-content\/uploads\/2022\/09\/uninter.jpg","width":2048,"height":2048,"caption":"Difusi\u00f3n Cultural"},"image":{"@id":"https:\/\/blogs.uninter.edu.mx\/difusioncultural\/#\/schema\/logo\/image\/"}},{"@type":"Person","@id":"https:\/\/blogs.uninter.edu.mx\/difusioncultural\/#\/schema\/person\/37a0926f4dd300a814993fd595abdc4a","name":"webmaster","image":{"@type":"ImageObject","inLanguage":"es","@id":"https:\/\/blogs.uninter.edu.mx\/difusioncultural\/#\/schema\/person\/image\/","url":"https:\/\/secure.gravatar.com\/avatar\/a59c276b01147463ef3aab4118e3137ebc5e1ad6700deb39ccdf8b89e517f7dc?s=96&d=mm&r=g","contentUrl":"https:\/\/secure.gravatar.com\/avatar\/a59c276b01147463ef3aab4118e3137ebc5e1ad6700deb39ccdf8b89e517f7dc?s=96&d=mm&r=g","caption":"webmaster"},"sameAs":["https:\/\/blogs.uninter.edu.mx\/difusioncultural"],"url":"https:\/\/blogs.uninter.edu.mx\/difusioncultural\/?author=1"}]}},"jetpack_publicize_connections":[],"jetpack_featured_media_url":"https:\/\/blogs.uninter.edu.mx\/difusioncultural\/wp-content\/uploads\/2015\/09\/independencia-mexicana.jpg","jetpack_sharing_enabled":true,"_links":{"self":[{"href":"https:\/\/blogs.uninter.edu.mx\/difusioncultural\/index.php?rest_route=\/wp\/v2\/posts\/3855","targetHints":{"allow":["GET"]}}],"collection":[{"href":"https:\/\/blogs.uninter.edu.mx\/difusioncultural\/index.php?rest_route=\/wp\/v2\/posts"}],"about":[{"href":"https:\/\/blogs.uninter.edu.mx\/difusioncultural\/index.php?rest_route=\/wp\/v2\/types\/post"}],"author":[{"embeddable":true,"href":"https:\/\/blogs.uninter.edu.mx\/difusioncultural\/index.php?rest_route=\/wp\/v2\/users\/1"}],"replies":[{"embeddable":true,"href":"https:\/\/blogs.uninter.edu.mx\/difusioncultural\/index.php?rest_route=%2Fwp%2Fv2%2Fcomments&post=3855"}],"version-history":[{"count":0,"href":"https:\/\/blogs.uninter.edu.mx\/difusioncultural\/index.php?rest_route=\/wp\/v2\/posts\/3855\/revisions"}],"wp:featuredmedia":[{"embeddable":true,"href":"https:\/\/blogs.uninter.edu.mx\/difusioncultural\/index.php?rest_route=\/wp\/v2\/media\/3856"}],"wp:attachment":[{"href":"https:\/\/blogs.uninter.edu.mx\/difusioncultural\/index.php?rest_route=%2Fwp%2Fv2%2Fmedia&parent=3855"}],"wp:term":[{"taxonomy":"category","embeddable":true,"href":"https:\/\/blogs.uninter.edu.mx\/difusioncultural\/index.php?rest_route=%2Fwp%2Fv2%2Fcategories&post=3855"},{"taxonomy":"post_tag","embeddable":true,"href":"https:\/\/blogs.uninter.edu.mx\/difusioncultural\/index.php?rest_route=%2Fwp%2Fv2%2Ftags&post=3855"}],"curies":[{"name":"wp","href":"https:\/\/api.w.org\/{rel}","templated":true}]}}