{"id":3887,"date":"2015-10-03T13:27:31","date_gmt":"2015-10-03T18:27:31","guid":{"rendered":"https:\/\/difusionculturaluninter.wordpress.com\/?p=3887"},"modified":"2015-10-03T13:27:31","modified_gmt":"2015-10-03T18:27:31","slug":"las-migraciones-del-siglo-xxi-un-desafio-para-la-humanidad","status":"publish","type":"post","link":"https:\/\/blogs.uninter.edu.mx\/difusioncultural\/?p=3887","title":{"rendered":"Las migraciones del siglo XXI. Un desaf\u00edo para la humanidad"},"content":{"rendered":"<p><a href=\"https:\/\/blogs.uninter.edu.mx\/difusioncultural\/wp-content\/uploads\/2015\/10\/migraciones-refugiados.jpg\"><img fetchpriority=\"high\" decoding=\"async\" class=\"size-medium wp-image-3888 aligncenter\" src=\"https:\/\/blogs.uninter.edu.mx\/difusioncultural\/wp-content\/uploads\/2015\/10\/migraciones-refugiados.jpg?w=300\" alt=\"migraciones.refugiados\" width=\"300\" height=\"200\" \/><\/a><\/p>\n<p>Sea porque huye de conflictos b\u00e9licos, de privaciones econ\u00f3micas, o ambas, la gente cruza a diario las fronteras en busca de una vida digna; la comunidad mundial debe abordar esta problem\u00e1tica.<\/p>\n<p>Por primera vez en su historia, la Uni\u00f3n Europea se enfrenta a una afluencia masiva de refugiados, que procede desde regiones lindantes. Mientras que algunos interpretan este fen\u00f3meno como puntual y pasajero, son muchos los que han comenzado a preguntarse si esta tendencia lleg\u00f3 para quedarse. En definitiva, <strong>la respuesta podr\u00eda estar en manos de las sociedades y sus l\u00edderes, que deben asumir pol\u00edticas tendientes a morigerar el fen\u00f3meno a nivel nacional, regional y global.<\/strong><\/p>\n<p>A nivel mundial, <strong>el n\u00famero de migrantes est\u00e1 directamente vinculado con el n\u00famero de guerras y los derechos humanos cercenados,<\/strong> sea ya por reg\u00edmenes de poder institucional o de facto. En este sentido, existe una serie interminable de conflictos armados, internos y regionales, en todo el mundo, concentrados mayormente en Oriente Medio y \u00c1frica. <strong>Si los estados del mundo fueran capaces de abordar las profundas causas de estos conflictos, el n\u00famero de migrantes en el mundo se ver\u00eda dr\u00e1sticamente reducido.<\/strong><\/p>\n<p>Finalmente, las legislaciones vigentes en cuanto a la materia migratoria sufren de una seria obsolescencia, lo que resulta bastante l\u00f3gico si se contempla que el r\u00e9gimen mundial de refugiados se estableci\u00f3 en un momento muy particular de la historia, a ra\u00edz del Holocausto y el inicio de la Guerra Fr\u00eda. <strong>La Convenci\u00f3n de 1951 sobre el Estatuto de los Refugiados, define al refugiado como alguien que huye de una &#8220;persecuci\u00f3n&#8221;, sea ya por cuestiones de raza, religi\u00f3n, nacionalidad, pertenencia social u opini\u00f3n pol\u00edtica.<\/strong> La idea de proteger a personas cuyos gobiernos no pueden hacerlo no exist\u00eda entonces y, <strong>hoy, los fuertes desplazamientos migratorios son cada vez m\u00e1s complejos; la mayor\u00eda no encaja adecuadamente con la Convenci\u00f3n de 1951.<\/strong><\/p>\n<p><strong>El cambio clim\u00e1tico, la inseguridad alimentaria y la violencia generalizada<\/strong>, <strong>por ejemplo, representan hoy las causas m\u00e1s incidentes de los grandes desplazamientos migratorios.<\/strong> Cuando se trata de un Estado fuerte, el gobierno puede, generalmente y en alguna medida, proporcionar soluciones a las personas afectadas. Esto resulta directamente imposible, cuando se trata de un Estado fr\u00e1gil.<strong> Las personas que resultan excluidas de la definici\u00f3n internacional de refugiado, aunque sin embargo lo son, sufren de graves privaciones de sus derechos socioecon\u00f3micos; se trata de un grupo may\u00fasculo de gente, a la que podr\u00eda denominarse &#8220;migrantes de supervivencia&#8221;.<\/strong><\/p>\n","protected":false},"excerpt":{"rendered":"<p>Sea porque huye de conflictos b\u00e9licos, de privaciones econ\u00f3micas, o ambas, la gente cruza a diario las fronteras en busca de una vida digna; la comunidad mundial debe abordar esta problem\u00e1tica. Por primera vez en su historia, la Uni\u00f3n Europea se enfrenta a una afluencia masiva de refugiados, que procede desde regiones lindantes. Mientras que&hellip;<\/p>\n","protected":false},"author":1,"featured_media":3888,"comment_status":"closed","ping_status":"open","sticky":false,"template":"","format":"image","meta":{"_jetpack_memberships_contains_paid_content":false,"footnotes":"","jetpack_publicize_message":"","jetpack_publicize_feature_enabled":true,"jetpack_social_post_already_shared":false,"jetpack_social_options":{"image_generator_settings":{"template":"highway","default_image_id":0,"font":"","enabled":false},"version":2}},"categories":[1],"tags":[20,26,36,41,93,94,108,113,116,129,131,136,137,139,151,163,177,190,195,204,209,277,280,303,305],"class_list":["post-3887","post","type-post","status-publish","format-image","has-post-thumbnail","hentry","category-sin-categoria","tag-15-de-septiembre","tag-acontecimientos","tag-bachillerato","tag-becas-culturales","tag-cultura","tag-cultura-de-la-paz","tag-dia-de-la-independencia-uninter","tag-difusion-cultural","tag-efemerides","tag-estudiantes","tag-eventos","tag-festejos","tag-festejos-patrios-uninter","tag-filarmonica-de-cuernavaca","tag-historia","tag-intercambios","tag-jornada-cultural","tag-licenciatura","tag-maestria","tag-mexico","tag-migracion","tag-secundaria","tag-spanish-school","tag-uninter","tag-universidad-internacional","post_format-post-format-image"],"yoast_head":"<!-- This site is optimized with the Yoast SEO plugin v26.3 - https:\/\/yoast.com\/wordpress\/plugins\/seo\/ -->\r\n<title>Las migraciones del siglo XXI. Un desaf\u00edo para la humanidad - Difusi\u00f3n Cultural<\/title>\r\n<meta name=\"robots\" content=\"index, follow, max-snippet:-1, max-image-preview:large, max-video-preview:-1\" \/>\r\n<link rel=\"canonical\" href=\"https:\/\/blogs.uninter.edu.mx\/difusioncultural\/?p=3887\" \/>\r\n<meta property=\"og:locale\" content=\"es_MX\" \/>\r\n<meta property=\"og:type\" content=\"article\" \/>\r\n<meta property=\"og:title\" content=\"Las migraciones del siglo XXI. Un desaf\u00edo para la humanidad - Difusi\u00f3n Cultural\" \/>\r\n<meta property=\"og:description\" content=\"Sea porque huye de conflictos b\u00e9licos, de privaciones econ\u00f3micas, o ambas, la gente cruza a diario las fronteras en busca de una vida digna; la comunidad mundial debe abordar esta problem\u00e1tica. Por primera vez en su historia, la Uni\u00f3n Europea se enfrenta a una afluencia masiva de refugiados, que procede desde regiones lindantes. Mientras que&hellip;\" \/>\r\n<meta property=\"og:url\" content=\"https:\/\/blogs.uninter.edu.mx\/difusioncultural\/?p=3887\" \/>\r\n<meta property=\"og:site_name\" content=\"Difusi\u00f3n Cultural\" \/>\r\n<meta property=\"article:published_time\" content=\"2015-10-03T18:27:31+00:00\" \/>\r\n<meta property=\"og:image\" content=\"https:\/\/blogs.uninter.edu.mx\/difusioncultural\/wp-content\/uploads\/2015\/10\/migraciones-refugiados.jpg\" \/>\r\n\t<meta property=\"og:image:width\" content=\"700\" \/>\r\n\t<meta property=\"og:image:height\" content=\"467\" \/>\r\n\t<meta property=\"og:image:type\" content=\"image\/jpeg\" \/>\r\n<meta name=\"author\" content=\"webmaster\" \/>\r\n<meta name=\"twitter:card\" content=\"summary_large_image\" \/>\r\n<meta name=\"twitter:label1\" content=\"Escrito por\" \/>\n\t<meta name=\"twitter:data1\" content=\"webmaster\" \/>\n\t<meta name=\"twitter:label2\" content=\"Tiempo de lectura\" \/>\n\t<meta name=\"twitter:data2\" content=\"2 minutos\" \/>\r\n<script type=\"application\/ld+json\" class=\"yoast-schema-graph\">{\"@context\":\"https:\/\/schema.org\",\"@graph\":[{\"@type\":\"Article\",\"@id\":\"https:\/\/blogs.uninter.edu.mx\/difusioncultural\/?p=3887#article\",\"isPartOf\":{\"@id\":\"https:\/\/blogs.uninter.edu.mx\/difusioncultural\/?p=3887\"},\"author\":{\"name\":\"webmaster\",\"@id\":\"https:\/\/blogs.uninter.edu.mx\/difusioncultural\/#\/schema\/person\/37a0926f4dd300a814993fd595abdc4a\"},\"headline\":\"Las migraciones del siglo XXI. Un desaf\u00edo para la humanidad\",\"datePublished\":\"2015-10-03T18:27:31+00:00\",\"mainEntityOfPage\":{\"@id\":\"https:\/\/blogs.uninter.edu.mx\/difusioncultural\/?p=3887\"},\"wordCount\":443,\"publisher\":{\"@id\":\"https:\/\/blogs.uninter.edu.mx\/difusioncultural\/#organization\"},\"image\":{\"@id\":\"https:\/\/blogs.uninter.edu.mx\/difusioncultural\/?p=3887#primaryimage\"},\"thumbnailUrl\":\"https:\/\/blogs.uninter.edu.mx\/difusioncultural\/wp-content\/uploads\/2015\/10\/migraciones-refugiados.jpg\",\"keywords\":[\"15 DE SEPTIEMBRE\",\"acontecimientos\",\"bachillerato\",\"becas culturales\",\"cultura\",\"cultura de la paz\",\"dia de la independencia uninter\",\"difusi\u00f3n cultural\",\"efem\u00e9rides\",\"estudiantes\",\"eventos\",\"festejos\",\"festejos patrios uninter\",\"Filarm\u00f3nica de Cuernavaca\",\"historia\",\"intercambios\",\"Jornada Cultural\",\"licenciatura\",\"maestria\",\"Mexico\",\"migracion\",\"secundaria\",\"spanish school\",\"uninter\",\"universidad internacional\"],\"inLanguage\":\"es\"},{\"@type\":\"WebPage\",\"@id\":\"https:\/\/blogs.uninter.edu.mx\/difusioncultural\/?p=3887\",\"url\":\"https:\/\/blogs.uninter.edu.mx\/difusioncultural\/?p=3887\",\"name\":\"Las migraciones del siglo XXI. Un desaf\u00edo para la humanidad - Difusi\u00f3n Cultural\",\"isPartOf\":{\"@id\":\"https:\/\/blogs.uninter.edu.mx\/difusioncultural\/#website\"},\"primaryImageOfPage\":{\"@id\":\"https:\/\/blogs.uninter.edu.mx\/difusioncultural\/?p=3887#primaryimage\"},\"image\":{\"@id\":\"https:\/\/blogs.uninter.edu.mx\/difusioncultural\/?p=3887#primaryimage\"},\"thumbnailUrl\":\"https:\/\/blogs.uninter.edu.mx\/difusioncultural\/wp-content\/uploads\/2015\/10\/migraciones-refugiados.jpg\",\"datePublished\":\"2015-10-03T18:27:31+00:00\",\"breadcrumb\":{\"@id\":\"https:\/\/blogs.uninter.edu.mx\/difusioncultural\/?p=3887#breadcrumb\"},\"inLanguage\":\"es\",\"potentialAction\":[{\"@type\":\"ReadAction\",\"target\":[\"https:\/\/blogs.uninter.edu.mx\/difusioncultural\/?p=3887\"]}]},{\"@type\":\"ImageObject\",\"inLanguage\":\"es\",\"@id\":\"https:\/\/blogs.uninter.edu.mx\/difusioncultural\/?p=3887#primaryimage\",\"url\":\"https:\/\/blogs.uninter.edu.mx\/difusioncultural\/wp-content\/uploads\/2015\/10\/migraciones-refugiados.jpg\",\"contentUrl\":\"https:\/\/blogs.uninter.edu.mx\/difusioncultural\/wp-content\/uploads\/2015\/10\/migraciones-refugiados.jpg\",\"width\":700,\"height\":467},{\"@type\":\"BreadcrumbList\",\"@id\":\"https:\/\/blogs.uninter.edu.mx\/difusioncultural\/?p=3887#breadcrumb\",\"itemListElement\":[{\"@type\":\"ListItem\",\"position\":1,\"name\":\"Inicio\",\"item\":\"https:\/\/blogs.uninter.edu.mx\/difusioncultural\/\"},{\"@type\":\"ListItem\",\"position\":2,\"name\":\"Las migraciones del siglo XXI. Un desaf\u00edo para la humanidad\"}]},{\"@type\":\"WebSite\",\"@id\":\"https:\/\/blogs.uninter.edu.mx\/difusioncultural\/#website\",\"url\":\"https:\/\/blogs.uninter.edu.mx\/difusioncultural\/\",\"name\":\"Difusi\u00f3n Cultural\",\"description\":\"UNINTER\",\"publisher\":{\"@id\":\"https:\/\/blogs.uninter.edu.mx\/difusioncultural\/#organization\"},\"potentialAction\":[{\"@type\":\"SearchAction\",\"target\":{\"@type\":\"EntryPoint\",\"urlTemplate\":\"https:\/\/blogs.uninter.edu.mx\/difusioncultural\/?s={search_term_string}\"},\"query-input\":{\"@type\":\"PropertyValueSpecification\",\"valueRequired\":true,\"valueName\":\"search_term_string\"}}],\"inLanguage\":\"es\"},{\"@type\":\"Organization\",\"@id\":\"https:\/\/blogs.uninter.edu.mx\/difusioncultural\/#organization\",\"name\":\"Difusi\u00f3n Cultural\",\"url\":\"https:\/\/blogs.uninter.edu.mx\/difusioncultural\/\",\"logo\":{\"@type\":\"ImageObject\",\"inLanguage\":\"es\",\"@id\":\"https:\/\/blogs.uninter.edu.mx\/difusioncultural\/#\/schema\/logo\/image\/\",\"url\":\"https:\/\/blogs.uninter.edu.mx\/difusioncultural\/wp-content\/uploads\/2022\/09\/uninter.jpg\",\"contentUrl\":\"https:\/\/blogs.uninter.edu.mx\/difusioncultural\/wp-content\/uploads\/2022\/09\/uninter.jpg\",\"width\":2048,\"height\":2048,\"caption\":\"Difusi\u00f3n Cultural\"},\"image\":{\"@id\":\"https:\/\/blogs.uninter.edu.mx\/difusioncultural\/#\/schema\/logo\/image\/\"}},{\"@type\":\"Person\",\"@id\":\"https:\/\/blogs.uninter.edu.mx\/difusioncultural\/#\/schema\/person\/37a0926f4dd300a814993fd595abdc4a\",\"name\":\"webmaster\",\"image\":{\"@type\":\"ImageObject\",\"inLanguage\":\"es\",\"@id\":\"https:\/\/blogs.uninter.edu.mx\/difusioncultural\/#\/schema\/person\/image\/\",\"url\":\"https:\/\/secure.gravatar.com\/avatar\/a59c276b01147463ef3aab4118e3137ebc5e1ad6700deb39ccdf8b89e517f7dc?s=96&d=mm&r=g\",\"contentUrl\":\"https:\/\/secure.gravatar.com\/avatar\/a59c276b01147463ef3aab4118e3137ebc5e1ad6700deb39ccdf8b89e517f7dc?s=96&d=mm&r=g\",\"caption\":\"webmaster\"},\"sameAs\":[\"https:\/\/blogs.uninter.edu.mx\/difusioncultural\"],\"url\":\"https:\/\/blogs.uninter.edu.mx\/difusioncultural\/?author=1\"}]}<\/script>\r\n<!-- \/ Yoast SEO plugin. -->","yoast_head_json":{"title":"Las migraciones del siglo XXI. Un desaf\u00edo para la humanidad - Difusi\u00f3n Cultural","robots":{"index":"index","follow":"follow","max-snippet":"max-snippet:-1","max-image-preview":"max-image-preview:large","max-video-preview":"max-video-preview:-1"},"canonical":"https:\/\/blogs.uninter.edu.mx\/difusioncultural\/?p=3887","og_locale":"es_MX","og_type":"article","og_title":"Las migraciones del siglo XXI. Un desaf\u00edo para la humanidad - Difusi\u00f3n Cultural","og_description":"Sea porque huye de conflictos b\u00e9licos, de privaciones econ\u00f3micas, o ambas, la gente cruza a diario las fronteras en busca de una vida digna; la comunidad mundial debe abordar esta problem\u00e1tica. Por primera vez en su historia, la Uni\u00f3n Europea se enfrenta a una afluencia masiva de refugiados, que procede desde regiones lindantes. Mientras que&hellip;","og_url":"https:\/\/blogs.uninter.edu.mx\/difusioncultural\/?p=3887","og_site_name":"Difusi\u00f3n Cultural","article_published_time":"2015-10-03T18:27:31+00:00","og_image":[{"width":700,"height":467,"url":"https:\/\/blogs.uninter.edu.mx\/difusioncultural\/wp-content\/uploads\/2015\/10\/migraciones-refugiados.jpg","type":"image\/jpeg"}],"author":"webmaster","twitter_card":"summary_large_image","twitter_misc":{"Escrito por":"webmaster","Tiempo de lectura":"2 minutos"},"schema":{"@context":"https:\/\/schema.org","@graph":[{"@type":"Article","@id":"https:\/\/blogs.uninter.edu.mx\/difusioncultural\/?p=3887#article","isPartOf":{"@id":"https:\/\/blogs.uninter.edu.mx\/difusioncultural\/?p=3887"},"author":{"name":"webmaster","@id":"https:\/\/blogs.uninter.edu.mx\/difusioncultural\/#\/schema\/person\/37a0926f4dd300a814993fd595abdc4a"},"headline":"Las migraciones del siglo XXI. Un desaf\u00edo para la humanidad","datePublished":"2015-10-03T18:27:31+00:00","mainEntityOfPage":{"@id":"https:\/\/blogs.uninter.edu.mx\/difusioncultural\/?p=3887"},"wordCount":443,"publisher":{"@id":"https:\/\/blogs.uninter.edu.mx\/difusioncultural\/#organization"},"image":{"@id":"https:\/\/blogs.uninter.edu.mx\/difusioncultural\/?p=3887#primaryimage"},"thumbnailUrl":"https:\/\/blogs.uninter.edu.mx\/difusioncultural\/wp-content\/uploads\/2015\/10\/migraciones-refugiados.jpg","keywords":["15 DE SEPTIEMBRE","acontecimientos","bachillerato","becas culturales","cultura","cultura de la paz","dia de la independencia uninter","difusi\u00f3n cultural","efem\u00e9rides","estudiantes","eventos","festejos","festejos patrios uninter","Filarm\u00f3nica de Cuernavaca","historia","intercambios","Jornada Cultural","licenciatura","maestria","Mexico","migracion","secundaria","spanish school","uninter","universidad internacional"],"inLanguage":"es"},{"@type":"WebPage","@id":"https:\/\/blogs.uninter.edu.mx\/difusioncultural\/?p=3887","url":"https:\/\/blogs.uninter.edu.mx\/difusioncultural\/?p=3887","name":"Las migraciones del siglo XXI. Un desaf\u00edo para la humanidad - Difusi\u00f3n Cultural","isPartOf":{"@id":"https:\/\/blogs.uninter.edu.mx\/difusioncultural\/#website"},"primaryImageOfPage":{"@id":"https:\/\/blogs.uninter.edu.mx\/difusioncultural\/?p=3887#primaryimage"},"image":{"@id":"https:\/\/blogs.uninter.edu.mx\/difusioncultural\/?p=3887#primaryimage"},"thumbnailUrl":"https:\/\/blogs.uninter.edu.mx\/difusioncultural\/wp-content\/uploads\/2015\/10\/migraciones-refugiados.jpg","datePublished":"2015-10-03T18:27:31+00:00","breadcrumb":{"@id":"https:\/\/blogs.uninter.edu.mx\/difusioncultural\/?p=3887#breadcrumb"},"inLanguage":"es","potentialAction":[{"@type":"ReadAction","target":["https:\/\/blogs.uninter.edu.mx\/difusioncultural\/?p=3887"]}]},{"@type":"ImageObject","inLanguage":"es","@id":"https:\/\/blogs.uninter.edu.mx\/difusioncultural\/?p=3887#primaryimage","url":"https:\/\/blogs.uninter.edu.mx\/difusioncultural\/wp-content\/uploads\/2015\/10\/migraciones-refugiados.jpg","contentUrl":"https:\/\/blogs.uninter.edu.mx\/difusioncultural\/wp-content\/uploads\/2015\/10\/migraciones-refugiados.jpg","width":700,"height":467},{"@type":"BreadcrumbList","@id":"https:\/\/blogs.uninter.edu.mx\/difusioncultural\/?p=3887#breadcrumb","itemListElement":[{"@type":"ListItem","position":1,"name":"Inicio","item":"https:\/\/blogs.uninter.edu.mx\/difusioncultural\/"},{"@type":"ListItem","position":2,"name":"Las migraciones del siglo XXI. Un desaf\u00edo para la humanidad"}]},{"@type":"WebSite","@id":"https:\/\/blogs.uninter.edu.mx\/difusioncultural\/#website","url":"https:\/\/blogs.uninter.edu.mx\/difusioncultural\/","name":"Difusi\u00f3n Cultural","description":"UNINTER","publisher":{"@id":"https:\/\/blogs.uninter.edu.mx\/difusioncultural\/#organization"},"potentialAction":[{"@type":"SearchAction","target":{"@type":"EntryPoint","urlTemplate":"https:\/\/blogs.uninter.edu.mx\/difusioncultural\/?s={search_term_string}"},"query-input":{"@type":"PropertyValueSpecification","valueRequired":true,"valueName":"search_term_string"}}],"inLanguage":"es"},{"@type":"Organization","@id":"https:\/\/blogs.uninter.edu.mx\/difusioncultural\/#organization","name":"Difusi\u00f3n Cultural","url":"https:\/\/blogs.uninter.edu.mx\/difusioncultural\/","logo":{"@type":"ImageObject","inLanguage":"es","@id":"https:\/\/blogs.uninter.edu.mx\/difusioncultural\/#\/schema\/logo\/image\/","url":"https:\/\/blogs.uninter.edu.mx\/difusioncultural\/wp-content\/uploads\/2022\/09\/uninter.jpg","contentUrl":"https:\/\/blogs.uninter.edu.mx\/difusioncultural\/wp-content\/uploads\/2022\/09\/uninter.jpg","width":2048,"height":2048,"caption":"Difusi\u00f3n Cultural"},"image":{"@id":"https:\/\/blogs.uninter.edu.mx\/difusioncultural\/#\/schema\/logo\/image\/"}},{"@type":"Person","@id":"https:\/\/blogs.uninter.edu.mx\/difusioncultural\/#\/schema\/person\/37a0926f4dd300a814993fd595abdc4a","name":"webmaster","image":{"@type":"ImageObject","inLanguage":"es","@id":"https:\/\/blogs.uninter.edu.mx\/difusioncultural\/#\/schema\/person\/image\/","url":"https:\/\/secure.gravatar.com\/avatar\/a59c276b01147463ef3aab4118e3137ebc5e1ad6700deb39ccdf8b89e517f7dc?s=96&d=mm&r=g","contentUrl":"https:\/\/secure.gravatar.com\/avatar\/a59c276b01147463ef3aab4118e3137ebc5e1ad6700deb39ccdf8b89e517f7dc?s=96&d=mm&r=g","caption":"webmaster"},"sameAs":["https:\/\/blogs.uninter.edu.mx\/difusioncultural"],"url":"https:\/\/blogs.uninter.edu.mx\/difusioncultural\/?author=1"}]}},"jetpack_publicize_connections":[],"jetpack_featured_media_url":"https:\/\/blogs.uninter.edu.mx\/difusioncultural\/wp-content\/uploads\/2015\/10\/migraciones-refugiados.jpg","jetpack_sharing_enabled":true,"_links":{"self":[{"href":"https:\/\/blogs.uninter.edu.mx\/difusioncultural\/index.php?rest_route=\/wp\/v2\/posts\/3887","targetHints":{"allow":["GET"]}}],"collection":[{"href":"https:\/\/blogs.uninter.edu.mx\/difusioncultural\/index.php?rest_route=\/wp\/v2\/posts"}],"about":[{"href":"https:\/\/blogs.uninter.edu.mx\/difusioncultural\/index.php?rest_route=\/wp\/v2\/types\/post"}],"author":[{"embeddable":true,"href":"https:\/\/blogs.uninter.edu.mx\/difusioncultural\/index.php?rest_route=\/wp\/v2\/users\/1"}],"replies":[{"embeddable":true,"href":"https:\/\/blogs.uninter.edu.mx\/difusioncultural\/index.php?rest_route=%2Fwp%2Fv2%2Fcomments&post=3887"}],"version-history":[{"count":0,"href":"https:\/\/blogs.uninter.edu.mx\/difusioncultural\/index.php?rest_route=\/wp\/v2\/posts\/3887\/revisions"}],"wp:featuredmedia":[{"embeddable":true,"href":"https:\/\/blogs.uninter.edu.mx\/difusioncultural\/index.php?rest_route=\/wp\/v2\/media\/3888"}],"wp:attachment":[{"href":"https:\/\/blogs.uninter.edu.mx\/difusioncultural\/index.php?rest_route=%2Fwp%2Fv2%2Fmedia&parent=3887"}],"wp:term":[{"taxonomy":"category","embeddable":true,"href":"https:\/\/blogs.uninter.edu.mx\/difusioncultural\/index.php?rest_route=%2Fwp%2Fv2%2Fcategories&post=3887"},{"taxonomy":"post_tag","embeddable":true,"href":"https:\/\/blogs.uninter.edu.mx\/difusioncultural\/index.php?rest_route=%2Fwp%2Fv2%2Ftags&post=3887"}],"curies":[{"name":"wp","href":"https:\/\/api.w.org\/{rel}","templated":true}]}}