{"id":3890,"date":"2015-10-05T18:55:56","date_gmt":"2015-10-05T23:55:56","guid":{"rendered":"https:\/\/difusionculturaluninter.wordpress.com\/?p=3890"},"modified":"2015-10-05T18:55:56","modified_gmt":"2015-10-05T23:55:56","slug":"zuckerberg-anuncio-un-ambicioso-proyecto-para-proveer-acceso-a-internet-desde-el-espacio","status":"publish","type":"post","link":"https:\/\/blogs.uninter.edu.mx\/difusioncultural\/?p=3890","title":{"rendered":"Zuckerberg anunci\u00f3 un ambicioso proyecto para proveer acceso a Internet desde el espacio"},"content":{"rendered":"<p><a href=\"https:\/\/difusionculturaluninter.files.wordpress.com\/2015\/10\/internet-espacio.jpg\"><img decoding=\"async\" class=\"size-medium wp-image-3891 aligncenter\" src=\"https:\/\/difusionculturaluninter.files.wordpress.com\/2015\/10\/internet-espacio.jpg?w=300\" alt=\"internet.espacio\" width=\"300\" height=\"165\" \/><\/a><\/p>\n<p>Tras destacar que &#8220;la conectividad tradicional es ineficiente&#8221;, el due\u00f1o y fundador de Facebook anunci\u00f3 que planea brindar conexi\u00f3n a Internet desde el espacio, a trav\u00e9s de sat\u00e9lites.<\/p>\n<p><strong>&#8220;Estoy emocionado de anunciar nuestro primer proyecto para entregar Internet desde el espacio. <\/strong>Como parte de nuestros esfuerzos para conectar el mundo a trav\u00e9s de Internet.org, <strong>nos estamos asociando con eutelsat para lanzar un sat\u00e9lite en \u00f3rbita que conecte a millones de personas&#8221;, se\u00f1al\u00f3 Zuckerberg <\/strong>en un comunicado desde su perfil de la red social Facebook.<\/p>\n<p>Adem\u00e1s, agreg\u00f3 que &#8220;durante el \u00faltimo a\u00f1o Facebook ha ido explorando formas de utilizar aviones y sat\u00e9lites para transmitir el acceso a internet a las comunidades terrestres desde el cielo. <strong>Para conectar a las personas que viven en regiones remotas, la infraestructura de conectividad tradicional es a menudo dif\u00edcil e ineficiente, por lo que tenemos que inventar nuevas tecnolog\u00edas&#8221;.<\/strong><\/p>\n<p>As\u00ed dio curso a la presentaci\u00f3n oficial del nuevo proyecto, en asociaci\u00f3n con la empresa Eutelsat, que <strong>prev\u00e9 el lanzamiento de un sat\u00e9lite, llamado Amos-6, con el que proveer\u00e1n de cobertura y conexi\u00f3n a Internet a grandes regiones de \u00c1frica, hacia el sur del Sahara.<\/strong><\/p>\n<p><strong>&#8220;El sat\u00e9lite Amos 6 est\u00e1 en construcci\u00f3n y se lanzar\u00e1 en 2016 en una \u00f3rbita geoestacionaria que cubrir\u00e1 grandes partes del oeste, el este y el sur de \u00c1frica [\u2026] Vamos a trabajar con los socios locales a trav\u00e9s de estas regiones para ayudar a que las comunidades comiencen a acceder a los servicios de Internet provistos a trav\u00e9s del sat\u00e9lite&#8221;, puntualiz\u00f3 Zuckerberg.<\/strong><\/p>\n<p>Cita: tuhistory.com<\/p>\n","protected":false},"excerpt":{"rendered":"<p>Tras destacar que &#8220;la conectividad tradicional es ineficiente&#8221;, el due\u00f1o y fundador de Facebook anunci\u00f3 que planea brindar conexi\u00f3n a Internet desde el espacio, a trav\u00e9s de sat\u00e9lites. &#8220;Estoy emocionado de anunciar nuestro primer proyecto para entregar Internet desde el espacio. Como parte de nuestros esfuerzos para conectar el mundo a trav\u00e9s de Internet.org, nos&hellip;<\/p>\n","protected":false},"author":1,"featured_media":3891,"comment_status":"closed","ping_status":"open","sticky":false,"template":"","format":"image","meta":{"_jetpack_memberships_contains_paid_content":false,"footnotes":"","jetpack_publicize_message":"","jetpack_publicize_feature_enabled":true,"jetpack_social_post_already_shared":false,"jetpack_social_options":{"image_generator_settings":{"template":"highway","default_image_id":0,"font":"","enabled":false},"version":2}},"categories":[13],"tags":[20,26,36,41,93,94,113,116,129,131,136,137,139,151,163,164,165,166,167,190,195,202,204,253,255,277,280,303,305,319],"class_list":["post-3890","post","type-post","status-publish","format-image","has-post-thumbnail","hentry","category-personas-interesantes","tag-15-de-septiembre","tag-acontecimientos","tag-bachillerato","tag-becas-culturales","tag-cultura","tag-cultura-de-la-paz","tag-difusion-cultural","tag-efemerides","tag-estudiantes","tag-eventos","tag-festejos","tag-festejos-patrios-uninter","tag-filarmonica-de-cuernavaca","tag-historia","tag-intercambios","tag-internet-desde-el-espacio","tag-internet-gratis","tag-internet-libre","tag-internet-propone-facebook","tag-licenciatura","tag-maestria","tag-me-gusta-al-internet-gratis","tag-mexico","tag-posgrado","tag-prepa","tag-secundaria","tag-spanish-school","tag-uninter","tag-universidad-internacional","tag-zuckerberg","post_format-post-format-image"],"yoast_head":"<!-- This site is optimized with the Yoast SEO plugin v26.3 - https:\/\/yoast.com\/wordpress\/plugins\/seo\/ -->\r\n<title>Zuckerberg anunci\u00f3 un ambicioso proyecto para proveer acceso a Internet desde el espacio - Difusi\u00f3n Cultural<\/title>\r\n<meta name=\"robots\" content=\"index, follow, max-snippet:-1, max-image-preview:large, max-video-preview:-1\" \/>\r\n<link rel=\"canonical\" href=\"https:\/\/blogs.uninter.edu.mx\/difusioncultural\/?p=3890\" \/>\r\n<meta property=\"og:locale\" content=\"es_MX\" \/>\r\n<meta property=\"og:type\" content=\"article\" \/>\r\n<meta property=\"og:title\" content=\"Zuckerberg anunci\u00f3 un ambicioso proyecto para proveer acceso a Internet desde el espacio - Difusi\u00f3n Cultural\" \/>\r\n<meta property=\"og:description\" content=\"Tras destacar que &#8220;la conectividad tradicional es ineficiente&#8221;, el due\u00f1o y fundador de Facebook anunci\u00f3 que planea brindar conexi\u00f3n a Internet desde el espacio, a trav\u00e9s de sat\u00e9lites. &#8220;Estoy emocionado de anunciar nuestro primer proyecto para entregar Internet desde el espacio. Como parte de nuestros esfuerzos para conectar el mundo a trav\u00e9s de Internet.org, nos&hellip;\" \/>\r\n<meta property=\"og:url\" content=\"https:\/\/blogs.uninter.edu.mx\/difusioncultural\/?p=3890\" \/>\r\n<meta property=\"og:site_name\" content=\"Difusi\u00f3n Cultural\" \/>\r\n<meta property=\"article:published_time\" content=\"2015-10-05T23:55:56+00:00\" \/>\r\n<meta property=\"og:image\" content=\"https:\/\/blogs.uninter.edu.mx\/difusioncultural\/wp-content\/uploads\/2015\/10\/internet-espacio.jpg\" \/>\r\n\t<meta property=\"og:image:width\" content=\"700\" \/>\r\n\t<meta property=\"og:image:height\" content=\"385\" \/>\r\n\t<meta property=\"og:image:type\" content=\"image\/jpeg\" \/>\r\n<meta name=\"author\" content=\"webmaster\" \/>\r\n<meta name=\"twitter:card\" content=\"summary_large_image\" \/>\r\n<meta name=\"twitter:label1\" content=\"Escrito por\" \/>\n\t<meta name=\"twitter:data1\" content=\"webmaster\" \/>\n\t<meta name=\"twitter:label2\" content=\"Tiempo de lectura\" \/>\n\t<meta name=\"twitter:data2\" content=\"1 minuto\" \/>\r\n<script type=\"application\/ld+json\" class=\"yoast-schema-graph\">{\"@context\":\"https:\/\/schema.org\",\"@graph\":[{\"@type\":\"Article\",\"@id\":\"https:\/\/blogs.uninter.edu.mx\/difusioncultural\/?p=3890#article\",\"isPartOf\":{\"@id\":\"https:\/\/blogs.uninter.edu.mx\/difusioncultural\/?p=3890\"},\"author\":{\"name\":\"webmaster\",\"@id\":\"https:\/\/blogs.uninter.edu.mx\/difusioncultural\/#\/schema\/person\/37a0926f4dd300a814993fd595abdc4a\"},\"headline\":\"Zuckerberg anunci\u00f3 un ambicioso proyecto para proveer acceso a Internet desde el espacio\",\"datePublished\":\"2015-10-05T23:55:56+00:00\",\"mainEntityOfPage\":{\"@id\":\"https:\/\/blogs.uninter.edu.mx\/difusioncultural\/?p=3890\"},\"wordCount\":287,\"publisher\":{\"@id\":\"https:\/\/blogs.uninter.edu.mx\/difusioncultural\/#organization\"},\"image\":{\"@id\":\"https:\/\/blogs.uninter.edu.mx\/difusioncultural\/?p=3890#primaryimage\"},\"thumbnailUrl\":\"https:\/\/blogs.uninter.edu.mx\/difusioncultural\/wp-content\/uploads\/2015\/10\/internet-espacio.jpg\",\"keywords\":[\"15 DE SEPTIEMBRE\",\"acontecimientos\",\"bachillerato\",\"becas culturales\",\"cultura\",\"cultura de la paz\",\"difusi\u00f3n cultural\",\"efem\u00e9rides\",\"estudiantes\",\"eventos\",\"festejos\",\"festejos patrios uninter\",\"Filarm\u00f3nica de Cuernavaca\",\"historia\",\"intercambios\",\"internet desde el espacio\",\"internet gratis\",\"internet libre\",\"internet propone facebook\",\"licenciatura\",\"maestria\",\"me gusta al internet gratis\",\"Mexico\",\"posgrado\",\"prepa\",\"secundaria\",\"spanish school\",\"uninter\",\"universidad internacional\",\"Zuckerberg\"],\"articleSection\":[\"Personas interesantes\"],\"inLanguage\":\"es\"},{\"@type\":\"WebPage\",\"@id\":\"https:\/\/blogs.uninter.edu.mx\/difusioncultural\/?p=3890\",\"url\":\"https:\/\/blogs.uninter.edu.mx\/difusioncultural\/?p=3890\",\"name\":\"Zuckerberg anunci\u00f3 un ambicioso proyecto para proveer acceso a Internet desde el espacio - Difusi\u00f3n Cultural\",\"isPartOf\":{\"@id\":\"https:\/\/blogs.uninter.edu.mx\/difusioncultural\/#website\"},\"primaryImageOfPage\":{\"@id\":\"https:\/\/blogs.uninter.edu.mx\/difusioncultural\/?p=3890#primaryimage\"},\"image\":{\"@id\":\"https:\/\/blogs.uninter.edu.mx\/difusioncultural\/?p=3890#primaryimage\"},\"thumbnailUrl\":\"https:\/\/blogs.uninter.edu.mx\/difusioncultural\/wp-content\/uploads\/2015\/10\/internet-espacio.jpg\",\"datePublished\":\"2015-10-05T23:55:56+00:00\",\"breadcrumb\":{\"@id\":\"https:\/\/blogs.uninter.edu.mx\/difusioncultural\/?p=3890#breadcrumb\"},\"inLanguage\":\"es\",\"potentialAction\":[{\"@type\":\"ReadAction\",\"target\":[\"https:\/\/blogs.uninter.edu.mx\/difusioncultural\/?p=3890\"]}]},{\"@type\":\"ImageObject\",\"inLanguage\":\"es\",\"@id\":\"https:\/\/blogs.uninter.edu.mx\/difusioncultural\/?p=3890#primaryimage\",\"url\":\"https:\/\/blogs.uninter.edu.mx\/difusioncultural\/wp-content\/uploads\/2015\/10\/internet-espacio.jpg\",\"contentUrl\":\"https:\/\/blogs.uninter.edu.mx\/difusioncultural\/wp-content\/uploads\/2015\/10\/internet-espacio.jpg\",\"width\":700,\"height\":385},{\"@type\":\"BreadcrumbList\",\"@id\":\"https:\/\/blogs.uninter.edu.mx\/difusioncultural\/?p=3890#breadcrumb\",\"itemListElement\":[{\"@type\":\"ListItem\",\"position\":1,\"name\":\"Inicio\",\"item\":\"https:\/\/blogs.uninter.edu.mx\/difusioncultural\/\"},{\"@type\":\"ListItem\",\"position\":2,\"name\":\"Zuckerberg anunci\u00f3 un ambicioso proyecto para proveer acceso a Internet desde el espacio\"}]},{\"@type\":\"WebSite\",\"@id\":\"https:\/\/blogs.uninter.edu.mx\/difusioncultural\/#website\",\"url\":\"https:\/\/blogs.uninter.edu.mx\/difusioncultural\/\",\"name\":\"Difusi\u00f3n Cultural\",\"description\":\"UNINTER\",\"publisher\":{\"@id\":\"https:\/\/blogs.uninter.edu.mx\/difusioncultural\/#organization\"},\"potentialAction\":[{\"@type\":\"SearchAction\",\"target\":{\"@type\":\"EntryPoint\",\"urlTemplate\":\"https:\/\/blogs.uninter.edu.mx\/difusioncultural\/?s={search_term_string}\"},\"query-input\":{\"@type\":\"PropertyValueSpecification\",\"valueRequired\":true,\"valueName\":\"search_term_string\"}}],\"inLanguage\":\"es\"},{\"@type\":\"Organization\",\"@id\":\"https:\/\/blogs.uninter.edu.mx\/difusioncultural\/#organization\",\"name\":\"Difusi\u00f3n Cultural\",\"url\":\"https:\/\/blogs.uninter.edu.mx\/difusioncultural\/\",\"logo\":{\"@type\":\"ImageObject\",\"inLanguage\":\"es\",\"@id\":\"https:\/\/blogs.uninter.edu.mx\/difusioncultural\/#\/schema\/logo\/image\/\",\"url\":\"https:\/\/blogs.uninter.edu.mx\/difusioncultural\/wp-content\/uploads\/2022\/09\/uninter.jpg\",\"contentUrl\":\"https:\/\/blogs.uninter.edu.mx\/difusioncultural\/wp-content\/uploads\/2022\/09\/uninter.jpg\",\"width\":2048,\"height\":2048,\"caption\":\"Difusi\u00f3n Cultural\"},\"image\":{\"@id\":\"https:\/\/blogs.uninter.edu.mx\/difusioncultural\/#\/schema\/logo\/image\/\"}},{\"@type\":\"Person\",\"@id\":\"https:\/\/blogs.uninter.edu.mx\/difusioncultural\/#\/schema\/person\/37a0926f4dd300a814993fd595abdc4a\",\"name\":\"webmaster\",\"image\":{\"@type\":\"ImageObject\",\"inLanguage\":\"es\",\"@id\":\"https:\/\/blogs.uninter.edu.mx\/difusioncultural\/#\/schema\/person\/image\/\",\"url\":\"https:\/\/secure.gravatar.com\/avatar\/a59c276b01147463ef3aab4118e3137ebc5e1ad6700deb39ccdf8b89e517f7dc?s=96&d=mm&r=g\",\"contentUrl\":\"https:\/\/secure.gravatar.com\/avatar\/a59c276b01147463ef3aab4118e3137ebc5e1ad6700deb39ccdf8b89e517f7dc?s=96&d=mm&r=g\",\"caption\":\"webmaster\"},\"sameAs\":[\"https:\/\/blogs.uninter.edu.mx\/difusioncultural\"],\"url\":\"https:\/\/blogs.uninter.edu.mx\/difusioncultural\/?author=1\"}]}<\/script>\r\n<!-- \/ Yoast SEO plugin. -->","yoast_head_json":{"title":"Zuckerberg anunci\u00f3 un ambicioso proyecto para proveer acceso a Internet desde el espacio - Difusi\u00f3n Cultural","robots":{"index":"index","follow":"follow","max-snippet":"max-snippet:-1","max-image-preview":"max-image-preview:large","max-video-preview":"max-video-preview:-1"},"canonical":"https:\/\/blogs.uninter.edu.mx\/difusioncultural\/?p=3890","og_locale":"es_MX","og_type":"article","og_title":"Zuckerberg anunci\u00f3 un ambicioso proyecto para proveer acceso a Internet desde el espacio - Difusi\u00f3n Cultural","og_description":"Tras destacar que &#8220;la conectividad tradicional es ineficiente&#8221;, el due\u00f1o y fundador de Facebook anunci\u00f3 que planea brindar conexi\u00f3n a Internet desde el espacio, a trav\u00e9s de sat\u00e9lites. &#8220;Estoy emocionado de anunciar nuestro primer proyecto para entregar Internet desde el espacio. Como parte de nuestros esfuerzos para conectar el mundo a trav\u00e9s de Internet.org, nos&hellip;","og_url":"https:\/\/blogs.uninter.edu.mx\/difusioncultural\/?p=3890","og_site_name":"Difusi\u00f3n Cultural","article_published_time":"2015-10-05T23:55:56+00:00","og_image":[{"width":700,"height":385,"url":"https:\/\/blogs.uninter.edu.mx\/difusioncultural\/wp-content\/uploads\/2015\/10\/internet-espacio.jpg","type":"image\/jpeg"}],"author":"webmaster","twitter_card":"summary_large_image","twitter_misc":{"Escrito por":"webmaster","Tiempo de lectura":"1 minuto"},"schema":{"@context":"https:\/\/schema.org","@graph":[{"@type":"Article","@id":"https:\/\/blogs.uninter.edu.mx\/difusioncultural\/?p=3890#article","isPartOf":{"@id":"https:\/\/blogs.uninter.edu.mx\/difusioncultural\/?p=3890"},"author":{"name":"webmaster","@id":"https:\/\/blogs.uninter.edu.mx\/difusioncultural\/#\/schema\/person\/37a0926f4dd300a814993fd595abdc4a"},"headline":"Zuckerberg anunci\u00f3 un ambicioso proyecto para proveer acceso a Internet desde el espacio","datePublished":"2015-10-05T23:55:56+00:00","mainEntityOfPage":{"@id":"https:\/\/blogs.uninter.edu.mx\/difusioncultural\/?p=3890"},"wordCount":287,"publisher":{"@id":"https:\/\/blogs.uninter.edu.mx\/difusioncultural\/#organization"},"image":{"@id":"https:\/\/blogs.uninter.edu.mx\/difusioncultural\/?p=3890#primaryimage"},"thumbnailUrl":"https:\/\/blogs.uninter.edu.mx\/difusioncultural\/wp-content\/uploads\/2015\/10\/internet-espacio.jpg","keywords":["15 DE SEPTIEMBRE","acontecimientos","bachillerato","becas culturales","cultura","cultura de la paz","difusi\u00f3n cultural","efem\u00e9rides","estudiantes","eventos","festejos","festejos patrios uninter","Filarm\u00f3nica de Cuernavaca","historia","intercambios","internet desde el espacio","internet gratis","internet libre","internet propone facebook","licenciatura","maestria","me gusta al internet gratis","Mexico","posgrado","prepa","secundaria","spanish school","uninter","universidad internacional","Zuckerberg"],"articleSection":["Personas interesantes"],"inLanguage":"es"},{"@type":"WebPage","@id":"https:\/\/blogs.uninter.edu.mx\/difusioncultural\/?p=3890","url":"https:\/\/blogs.uninter.edu.mx\/difusioncultural\/?p=3890","name":"Zuckerberg anunci\u00f3 un ambicioso proyecto para proveer acceso a Internet desde el espacio - Difusi\u00f3n Cultural","isPartOf":{"@id":"https:\/\/blogs.uninter.edu.mx\/difusioncultural\/#website"},"primaryImageOfPage":{"@id":"https:\/\/blogs.uninter.edu.mx\/difusioncultural\/?p=3890#primaryimage"},"image":{"@id":"https:\/\/blogs.uninter.edu.mx\/difusioncultural\/?p=3890#primaryimage"},"thumbnailUrl":"https:\/\/blogs.uninter.edu.mx\/difusioncultural\/wp-content\/uploads\/2015\/10\/internet-espacio.jpg","datePublished":"2015-10-05T23:55:56+00:00","breadcrumb":{"@id":"https:\/\/blogs.uninter.edu.mx\/difusioncultural\/?p=3890#breadcrumb"},"inLanguage":"es","potentialAction":[{"@type":"ReadAction","target":["https:\/\/blogs.uninter.edu.mx\/difusioncultural\/?p=3890"]}]},{"@type":"ImageObject","inLanguage":"es","@id":"https:\/\/blogs.uninter.edu.mx\/difusioncultural\/?p=3890#primaryimage","url":"https:\/\/blogs.uninter.edu.mx\/difusioncultural\/wp-content\/uploads\/2015\/10\/internet-espacio.jpg","contentUrl":"https:\/\/blogs.uninter.edu.mx\/difusioncultural\/wp-content\/uploads\/2015\/10\/internet-espacio.jpg","width":700,"height":385},{"@type":"BreadcrumbList","@id":"https:\/\/blogs.uninter.edu.mx\/difusioncultural\/?p=3890#breadcrumb","itemListElement":[{"@type":"ListItem","position":1,"name":"Inicio","item":"https:\/\/blogs.uninter.edu.mx\/difusioncultural\/"},{"@type":"ListItem","position":2,"name":"Zuckerberg anunci\u00f3 un ambicioso proyecto para proveer acceso a Internet desde el espacio"}]},{"@type":"WebSite","@id":"https:\/\/blogs.uninter.edu.mx\/difusioncultural\/#website","url":"https:\/\/blogs.uninter.edu.mx\/difusioncultural\/","name":"Difusi\u00f3n Cultural","description":"UNINTER","publisher":{"@id":"https:\/\/blogs.uninter.edu.mx\/difusioncultural\/#organization"},"potentialAction":[{"@type":"SearchAction","target":{"@type":"EntryPoint","urlTemplate":"https:\/\/blogs.uninter.edu.mx\/difusioncultural\/?s={search_term_string}"},"query-input":{"@type":"PropertyValueSpecification","valueRequired":true,"valueName":"search_term_string"}}],"inLanguage":"es"},{"@type":"Organization","@id":"https:\/\/blogs.uninter.edu.mx\/difusioncultural\/#organization","name":"Difusi\u00f3n Cultural","url":"https:\/\/blogs.uninter.edu.mx\/difusioncultural\/","logo":{"@type":"ImageObject","inLanguage":"es","@id":"https:\/\/blogs.uninter.edu.mx\/difusioncultural\/#\/schema\/logo\/image\/","url":"https:\/\/blogs.uninter.edu.mx\/difusioncultural\/wp-content\/uploads\/2022\/09\/uninter.jpg","contentUrl":"https:\/\/blogs.uninter.edu.mx\/difusioncultural\/wp-content\/uploads\/2022\/09\/uninter.jpg","width":2048,"height":2048,"caption":"Difusi\u00f3n Cultural"},"image":{"@id":"https:\/\/blogs.uninter.edu.mx\/difusioncultural\/#\/schema\/logo\/image\/"}},{"@type":"Person","@id":"https:\/\/blogs.uninter.edu.mx\/difusioncultural\/#\/schema\/person\/37a0926f4dd300a814993fd595abdc4a","name":"webmaster","image":{"@type":"ImageObject","inLanguage":"es","@id":"https:\/\/blogs.uninter.edu.mx\/difusioncultural\/#\/schema\/person\/image\/","url":"https:\/\/secure.gravatar.com\/avatar\/a59c276b01147463ef3aab4118e3137ebc5e1ad6700deb39ccdf8b89e517f7dc?s=96&d=mm&r=g","contentUrl":"https:\/\/secure.gravatar.com\/avatar\/a59c276b01147463ef3aab4118e3137ebc5e1ad6700deb39ccdf8b89e517f7dc?s=96&d=mm&r=g","caption":"webmaster"},"sameAs":["https:\/\/blogs.uninter.edu.mx\/difusioncultural"],"url":"https:\/\/blogs.uninter.edu.mx\/difusioncultural\/?author=1"}]}},"jetpack_publicize_connections":[],"jetpack_featured_media_url":"https:\/\/blogs.uninter.edu.mx\/difusioncultural\/wp-content\/uploads\/2015\/10\/internet-espacio.jpg","jetpack_sharing_enabled":true,"_links":{"self":[{"href":"https:\/\/blogs.uninter.edu.mx\/difusioncultural\/index.php?rest_route=\/wp\/v2\/posts\/3890","targetHints":{"allow":["GET"]}}],"collection":[{"href":"https:\/\/blogs.uninter.edu.mx\/difusioncultural\/index.php?rest_route=\/wp\/v2\/posts"}],"about":[{"href":"https:\/\/blogs.uninter.edu.mx\/difusioncultural\/index.php?rest_route=\/wp\/v2\/types\/post"}],"author":[{"embeddable":true,"href":"https:\/\/blogs.uninter.edu.mx\/difusioncultural\/index.php?rest_route=\/wp\/v2\/users\/1"}],"replies":[{"embeddable":true,"href":"https:\/\/blogs.uninter.edu.mx\/difusioncultural\/index.php?rest_route=%2Fwp%2Fv2%2Fcomments&post=3890"}],"version-history":[{"count":0,"href":"https:\/\/blogs.uninter.edu.mx\/difusioncultural\/index.php?rest_route=\/wp\/v2\/posts\/3890\/revisions"}],"wp:featuredmedia":[{"embeddable":true,"href":"https:\/\/blogs.uninter.edu.mx\/difusioncultural\/index.php?rest_route=\/wp\/v2\/media\/3891"}],"wp:attachment":[{"href":"https:\/\/blogs.uninter.edu.mx\/difusioncultural\/index.php?rest_route=%2Fwp%2Fv2%2Fmedia&parent=3890"}],"wp:term":[{"taxonomy":"category","embeddable":true,"href":"https:\/\/blogs.uninter.edu.mx\/difusioncultural\/index.php?rest_route=%2Fwp%2Fv2%2Fcategories&post=3890"},{"taxonomy":"post_tag","embeddable":true,"href":"https:\/\/blogs.uninter.edu.mx\/difusioncultural\/index.php?rest_route=%2Fwp%2Fv2%2Ftags&post=3890"}],"curies":[{"name":"wp","href":"https:\/\/api.w.org\/{rel}","templated":true}]}}