{"id":3915,"date":"2015-11-18T16:31:27","date_gmt":"2015-11-18T22:31:27","guid":{"rendered":"https:\/\/difusionculturaluninter.wordpress.com\/?p=3915"},"modified":"2015-11-18T16:31:27","modified_gmt":"2015-11-18T22:31:27","slug":"con-tecnologia-satelital-miles-de-ninos-aborigenes-acceden-a-la-educacion","status":"publish","type":"post","link":"https:\/\/blogs.uninter.edu.mx\/difusioncultural\/?p=3915","title":{"rendered":"Con tecnolog\u00eda satelital, miles de ni\u00f1os abor\u00edgenes acceden a la educaci\u00f3n"},"content":{"rendered":"<p><a href=\"https:\/\/difusionculturaluninter.files.wordpress.com\/2015\/11\/auspiciado-7-620x325.jpg\"><img fetchpriority=\"high\" decoding=\"async\" class=\"size-medium wp-image-3916 aligncenter\" src=\"https:\/\/difusionculturaluninter.files.wordpress.com\/2015\/11\/auspiciado-7-620x325.jpg?w=300\" alt=\"auspiciado-7-620x325\" width=\"300\" height=\"174\" \/><\/a><\/p>\n<p>La aplicaci\u00f3n de tecnolog\u00eda satelital permite a ni\u00f1os y ni\u00f1as de la comunidad Way\u00fau, establecida en una de las regiones m\u00e1s postergadas del extremo norte colombiano, acceder a contenidos educativos de calidad y soslayar, en gran medida, la brecha digital.<\/p>\n<p>Los Way\u00fau son una comunidad ind\u00edgena, que habita una vasta regi\u00f3n des\u00e9rtica en el norte de Colombia. Manejan su propia lengua, el wayuunaiki, y su principal actividad econ\u00f3mica se basa en el pastoreo, la fabricaci\u00f3n de artesan\u00edas y su comercializaci\u00f3n.El rec\u00f3ndito lugar que habitan, ha postergado sistem\u00e1ticamente el acceso de los m\u00e1s peque\u00f1os a una educaci\u00f3n media, priv\u00e1ndolos adem\u00e1s de cualquier aproximaci\u00f3n a las nuevas tecnolog\u00edas.<\/p>\n<p>Sin embargo, el reciente desembarco de una nueva herramienta satelital, permite hoy que m\u00e1s de 1.200 estudiantes accedan a una educaci\u00f3n de calidad, con contenidos pedag\u00f3gicos especialmente dise\u00f1ados para ellos. Alfredo Deluque, presidente de la C\u00e1mara de Representantes de Colombia, recuerda que s\u00f3lo la educaci\u00f3n permite generar las bases para un pa\u00eds equitativo, y se\u00f1ala que, gracias a la cobertura satelital, hoy los estudiantes de la comunidad Way\u00fautienen m\u00e1s oportunidades.<\/p>\n<p>La nueva herramienta educativa pone \u00e9nfasis en cuatro \u00e1reas b\u00e1sicas: inform\u00e1tica, administraci\u00f3n p\u00fablica, medioambiente y agropecuaria. A su vez, la plataforma satelital permite que los estudiantes conozcan y se adapten a los vertiginosos cambios del mundo, sin perder sus ra\u00edces culturales.<\/p>\n<p>Se trata de un gran primer paso en el camino trazado hacia la descentralizaci\u00f3n de las ayudas tecnol\u00f3gicas en Colombia, que pretende trasladar a la periferia de las grandes ciudades el acceso a las Tecnolog\u00edas de la Informaci\u00f3n y las Comunidades.<\/p>\n<p>&nbsp;<\/p>\n","protected":false},"excerpt":{"rendered":"<p>La aplicaci\u00f3n de tecnolog\u00eda satelital permite a ni\u00f1os y ni\u00f1as de la comunidad Way\u00fau, establecida en una de las regiones m\u00e1s postergadas del extremo norte colombiano, acceder a contenidos educativos de calidad y soslayar, en gran medida, la brecha digital. Los Way\u00fau son una comunidad ind\u00edgena, que habita una vasta regi\u00f3n des\u00e9rtica en el norte&hellip;<\/p>\n","protected":false},"author":1,"featured_media":3916,"comment_status":"closed","ping_status":"open","sticky":false,"template":"","format":"image","meta":{"_jetpack_memberships_contains_paid_content":false,"footnotes":"","jetpack_publicize_message":"","jetpack_publicize_feature_enabled":true,"jetpack_social_post_already_shared":false,"jetpack_social_options":{"image_generator_settings":{"template":"highway","default_image_id":0,"font":"","enabled":false},"version":2}},"categories":[1],"tags":[26,36,41,93,113,115,116,129,131,137,151,163,190,195,204,227,228,229,253,255,260,277,280,303,305],"class_list":["post-3915","post","type-post","status-publish","format-image","has-post-thumbnail","hentry","category-sin-categoria","tag-acontecimientos","tag-bachillerato","tag-becas-culturales","tag-cultura","tag-difusion-cultural","tag-educacion-satelital","tag-efemerides","tag-estudiantes","tag-eventos","tag-festejos-patrios-uninter","tag-historia","tag-intercambios","tag-licenciatura","tag-maestria","tag-mexico","tag-ninos-con-educacion","tag-ninos-internet-educacion","tag-ninos-se-acercan-a-la-tecnologia","tag-posgrado","tag-prepa","tag-promocion","tag-secundaria","tag-spanish-school","tag-uninter","tag-universidad-internacional","post_format-post-format-image"],"yoast_head":"<!-- This site is optimized with the Yoast SEO plugin v26.3 - https:\/\/yoast.com\/wordpress\/plugins\/seo\/ -->\r\n<title>Con tecnolog\u00eda satelital, miles de ni\u00f1os abor\u00edgenes acceden a la educaci\u00f3n - Difusi\u00f3n Cultural<\/title>\r\n<meta name=\"robots\" content=\"index, follow, max-snippet:-1, max-image-preview:large, max-video-preview:-1\" \/>\r\n<link rel=\"canonical\" href=\"https:\/\/blogs.uninter.edu.mx\/difusioncultural\/?p=3915\" \/>\r\n<meta property=\"og:locale\" content=\"es_MX\" \/>\r\n<meta property=\"og:type\" content=\"article\" \/>\r\n<meta property=\"og:title\" content=\"Con tecnolog\u00eda satelital, miles de ni\u00f1os abor\u00edgenes acceden a la educaci\u00f3n - Difusi\u00f3n Cultural\" \/>\r\n<meta property=\"og:description\" content=\"La aplicaci\u00f3n de tecnolog\u00eda satelital permite a ni\u00f1os y ni\u00f1as de la comunidad Way\u00fau, establecida en una de las regiones m\u00e1s postergadas del extremo norte colombiano, acceder a contenidos educativos de calidad y soslayar, en gran medida, la brecha digital. Los Way\u00fau son una comunidad ind\u00edgena, que habita una vasta regi\u00f3n des\u00e9rtica en el norte&hellip;\" \/>\r\n<meta property=\"og:url\" content=\"https:\/\/blogs.uninter.edu.mx\/difusioncultural\/?p=3915\" \/>\r\n<meta property=\"og:site_name\" content=\"Difusi\u00f3n Cultural\" \/>\r\n<meta property=\"article:published_time\" content=\"2015-11-18T22:31:27+00:00\" \/>\r\n<meta property=\"og:image\" content=\"https:\/\/blogs.uninter.edu.mx\/difusioncultural\/wp-content\/uploads\/2015\/11\/auspiciado-7-620x325-1.jpg\" \/>\r\n\t<meta property=\"og:image:width\" content=\"620\" \/>\r\n\t<meta property=\"og:image:height\" content=\"359\" \/>\r\n\t<meta property=\"og:image:type\" content=\"image\/jpeg\" \/>\r\n<meta name=\"author\" content=\"webmaster\" \/>\r\n<meta name=\"twitter:card\" content=\"summary_large_image\" \/>\r\n<meta name=\"twitter:label1\" content=\"Escrito por\" \/>\n\t<meta name=\"twitter:data1\" content=\"webmaster\" \/>\n\t<meta name=\"twitter:label2\" content=\"Tiempo de lectura\" \/>\n\t<meta name=\"twitter:data2\" content=\"2 minutos\" \/>\r\n<script type=\"application\/ld+json\" class=\"yoast-schema-graph\">{\"@context\":\"https:\/\/schema.org\",\"@graph\":[{\"@type\":\"Article\",\"@id\":\"https:\/\/blogs.uninter.edu.mx\/difusioncultural\/?p=3915#article\",\"isPartOf\":{\"@id\":\"https:\/\/blogs.uninter.edu.mx\/difusioncultural\/?p=3915\"},\"author\":{\"name\":\"webmaster\",\"@id\":\"https:\/\/blogs.uninter.edu.mx\/difusioncultural\/#\/schema\/person\/37a0926f4dd300a814993fd595abdc4a\"},\"headline\":\"Con tecnolog\u00eda satelital, miles de ni\u00f1os abor\u00edgenes acceden a la educaci\u00f3n\",\"datePublished\":\"2015-11-18T22:31:27+00:00\",\"mainEntityOfPage\":{\"@id\":\"https:\/\/blogs.uninter.edu.mx\/difusioncultural\/?p=3915\"},\"wordCount\":317,\"publisher\":{\"@id\":\"https:\/\/blogs.uninter.edu.mx\/difusioncultural\/#organization\"},\"image\":{\"@id\":\"https:\/\/blogs.uninter.edu.mx\/difusioncultural\/?p=3915#primaryimage\"},\"thumbnailUrl\":\"https:\/\/blogs.uninter.edu.mx\/difusioncultural\/wp-content\/uploads\/2015\/11\/auspiciado-7-620x325-1.jpg\",\"keywords\":[\"acontecimientos\",\"bachillerato\",\"becas culturales\",\"cultura\",\"difusi\u00f3n cultural\",\"educaci\u00f3n satelital\",\"efem\u00e9rides\",\"estudiantes\",\"eventos\",\"festejos patrios uninter\",\"historia\",\"intercambios\",\"licenciatura\",\"maestria\",\"Mexico\",\"ni\u00f1os con educaci\u00f3n\",\"ni\u00f1os internet educaci\u00f3n\",\"ni\u00f1os se acercan a la tecnolog\u00eda\",\"posgrado\",\"prepa\",\"promoci\u00f3n\",\"secundaria\",\"spanish school\",\"uninter\",\"universidad internacional\"],\"inLanguage\":\"es\"},{\"@type\":\"WebPage\",\"@id\":\"https:\/\/blogs.uninter.edu.mx\/difusioncultural\/?p=3915\",\"url\":\"https:\/\/blogs.uninter.edu.mx\/difusioncultural\/?p=3915\",\"name\":\"Con tecnolog\u00eda satelital, miles de ni\u00f1os abor\u00edgenes acceden a la educaci\u00f3n - Difusi\u00f3n Cultural\",\"isPartOf\":{\"@id\":\"https:\/\/blogs.uninter.edu.mx\/difusioncultural\/#website\"},\"primaryImageOfPage\":{\"@id\":\"https:\/\/blogs.uninter.edu.mx\/difusioncultural\/?p=3915#primaryimage\"},\"image\":{\"@id\":\"https:\/\/blogs.uninter.edu.mx\/difusioncultural\/?p=3915#primaryimage\"},\"thumbnailUrl\":\"https:\/\/blogs.uninter.edu.mx\/difusioncultural\/wp-content\/uploads\/2015\/11\/auspiciado-7-620x325-1.jpg\",\"datePublished\":\"2015-11-18T22:31:27+00:00\",\"breadcrumb\":{\"@id\":\"https:\/\/blogs.uninter.edu.mx\/difusioncultural\/?p=3915#breadcrumb\"},\"inLanguage\":\"es\",\"potentialAction\":[{\"@type\":\"ReadAction\",\"target\":[\"https:\/\/blogs.uninter.edu.mx\/difusioncultural\/?p=3915\"]}]},{\"@type\":\"ImageObject\",\"inLanguage\":\"es\",\"@id\":\"https:\/\/blogs.uninter.edu.mx\/difusioncultural\/?p=3915#primaryimage\",\"url\":\"https:\/\/blogs.uninter.edu.mx\/difusioncultural\/wp-content\/uploads\/2015\/11\/auspiciado-7-620x325-1.jpg\",\"contentUrl\":\"https:\/\/blogs.uninter.edu.mx\/difusioncultural\/wp-content\/uploads\/2015\/11\/auspiciado-7-620x325-1.jpg\",\"width\":620,\"height\":359},{\"@type\":\"BreadcrumbList\",\"@id\":\"https:\/\/blogs.uninter.edu.mx\/difusioncultural\/?p=3915#breadcrumb\",\"itemListElement\":[{\"@type\":\"ListItem\",\"position\":1,\"name\":\"Inicio\",\"item\":\"https:\/\/blogs.uninter.edu.mx\/difusioncultural\/\"},{\"@type\":\"ListItem\",\"position\":2,\"name\":\"Con tecnolog\u00eda satelital, miles de ni\u00f1os abor\u00edgenes acceden a la educaci\u00f3n\"}]},{\"@type\":\"WebSite\",\"@id\":\"https:\/\/blogs.uninter.edu.mx\/difusioncultural\/#website\",\"url\":\"https:\/\/blogs.uninter.edu.mx\/difusioncultural\/\",\"name\":\"Difusi\u00f3n Cultural\",\"description\":\"UNINTER\",\"publisher\":{\"@id\":\"https:\/\/blogs.uninter.edu.mx\/difusioncultural\/#organization\"},\"potentialAction\":[{\"@type\":\"SearchAction\",\"target\":{\"@type\":\"EntryPoint\",\"urlTemplate\":\"https:\/\/blogs.uninter.edu.mx\/difusioncultural\/?s={search_term_string}\"},\"query-input\":{\"@type\":\"PropertyValueSpecification\",\"valueRequired\":true,\"valueName\":\"search_term_string\"}}],\"inLanguage\":\"es\"},{\"@type\":\"Organization\",\"@id\":\"https:\/\/blogs.uninter.edu.mx\/difusioncultural\/#organization\",\"name\":\"Difusi\u00f3n Cultural\",\"url\":\"https:\/\/blogs.uninter.edu.mx\/difusioncultural\/\",\"logo\":{\"@type\":\"ImageObject\",\"inLanguage\":\"es\",\"@id\":\"https:\/\/blogs.uninter.edu.mx\/difusioncultural\/#\/schema\/logo\/image\/\",\"url\":\"https:\/\/blogs.uninter.edu.mx\/difusioncultural\/wp-content\/uploads\/2022\/09\/uninter.jpg\",\"contentUrl\":\"https:\/\/blogs.uninter.edu.mx\/difusioncultural\/wp-content\/uploads\/2022\/09\/uninter.jpg\",\"width\":2048,\"height\":2048,\"caption\":\"Difusi\u00f3n Cultural\"},\"image\":{\"@id\":\"https:\/\/blogs.uninter.edu.mx\/difusioncultural\/#\/schema\/logo\/image\/\"}},{\"@type\":\"Person\",\"@id\":\"https:\/\/blogs.uninter.edu.mx\/difusioncultural\/#\/schema\/person\/37a0926f4dd300a814993fd595abdc4a\",\"name\":\"webmaster\",\"image\":{\"@type\":\"ImageObject\",\"inLanguage\":\"es\",\"@id\":\"https:\/\/blogs.uninter.edu.mx\/difusioncultural\/#\/schema\/person\/image\/\",\"url\":\"https:\/\/secure.gravatar.com\/avatar\/a59c276b01147463ef3aab4118e3137ebc5e1ad6700deb39ccdf8b89e517f7dc?s=96&d=mm&r=g\",\"contentUrl\":\"https:\/\/secure.gravatar.com\/avatar\/a59c276b01147463ef3aab4118e3137ebc5e1ad6700deb39ccdf8b89e517f7dc?s=96&d=mm&r=g\",\"caption\":\"webmaster\"},\"sameAs\":[\"https:\/\/blogs.uninter.edu.mx\/difusioncultural\"],\"url\":\"https:\/\/blogs.uninter.edu.mx\/difusioncultural\/?author=1\"}]}<\/script>\r\n<!-- \/ Yoast SEO plugin. -->","yoast_head_json":{"title":"Con tecnolog\u00eda satelital, miles de ni\u00f1os abor\u00edgenes acceden a la educaci\u00f3n - Difusi\u00f3n Cultural","robots":{"index":"index","follow":"follow","max-snippet":"max-snippet:-1","max-image-preview":"max-image-preview:large","max-video-preview":"max-video-preview:-1"},"canonical":"https:\/\/blogs.uninter.edu.mx\/difusioncultural\/?p=3915","og_locale":"es_MX","og_type":"article","og_title":"Con tecnolog\u00eda satelital, miles de ni\u00f1os abor\u00edgenes acceden a la educaci\u00f3n - Difusi\u00f3n Cultural","og_description":"La aplicaci\u00f3n de tecnolog\u00eda satelital permite a ni\u00f1os y ni\u00f1as de la comunidad Way\u00fau, establecida en una de las regiones m\u00e1s postergadas del extremo norte colombiano, acceder a contenidos educativos de calidad y soslayar, en gran medida, la brecha digital. Los Way\u00fau son una comunidad ind\u00edgena, que habita una vasta regi\u00f3n des\u00e9rtica en el norte&hellip;","og_url":"https:\/\/blogs.uninter.edu.mx\/difusioncultural\/?p=3915","og_site_name":"Difusi\u00f3n Cultural","article_published_time":"2015-11-18T22:31:27+00:00","og_image":[{"width":620,"height":359,"url":"https:\/\/blogs.uninter.edu.mx\/difusioncultural\/wp-content\/uploads\/2015\/11\/auspiciado-7-620x325-1.jpg","type":"image\/jpeg"}],"author":"webmaster","twitter_card":"summary_large_image","twitter_misc":{"Escrito por":"webmaster","Tiempo de lectura":"2 minutos"},"schema":{"@context":"https:\/\/schema.org","@graph":[{"@type":"Article","@id":"https:\/\/blogs.uninter.edu.mx\/difusioncultural\/?p=3915#article","isPartOf":{"@id":"https:\/\/blogs.uninter.edu.mx\/difusioncultural\/?p=3915"},"author":{"name":"webmaster","@id":"https:\/\/blogs.uninter.edu.mx\/difusioncultural\/#\/schema\/person\/37a0926f4dd300a814993fd595abdc4a"},"headline":"Con tecnolog\u00eda satelital, miles de ni\u00f1os abor\u00edgenes acceden a la educaci\u00f3n","datePublished":"2015-11-18T22:31:27+00:00","mainEntityOfPage":{"@id":"https:\/\/blogs.uninter.edu.mx\/difusioncultural\/?p=3915"},"wordCount":317,"publisher":{"@id":"https:\/\/blogs.uninter.edu.mx\/difusioncultural\/#organization"},"image":{"@id":"https:\/\/blogs.uninter.edu.mx\/difusioncultural\/?p=3915#primaryimage"},"thumbnailUrl":"https:\/\/blogs.uninter.edu.mx\/difusioncultural\/wp-content\/uploads\/2015\/11\/auspiciado-7-620x325-1.jpg","keywords":["acontecimientos","bachillerato","becas culturales","cultura","difusi\u00f3n cultural","educaci\u00f3n satelital","efem\u00e9rides","estudiantes","eventos","festejos patrios uninter","historia","intercambios","licenciatura","maestria","Mexico","ni\u00f1os con educaci\u00f3n","ni\u00f1os internet educaci\u00f3n","ni\u00f1os se acercan a la tecnolog\u00eda","posgrado","prepa","promoci\u00f3n","secundaria","spanish school","uninter","universidad internacional"],"inLanguage":"es"},{"@type":"WebPage","@id":"https:\/\/blogs.uninter.edu.mx\/difusioncultural\/?p=3915","url":"https:\/\/blogs.uninter.edu.mx\/difusioncultural\/?p=3915","name":"Con tecnolog\u00eda satelital, miles de ni\u00f1os abor\u00edgenes acceden a la educaci\u00f3n - Difusi\u00f3n Cultural","isPartOf":{"@id":"https:\/\/blogs.uninter.edu.mx\/difusioncultural\/#website"},"primaryImageOfPage":{"@id":"https:\/\/blogs.uninter.edu.mx\/difusioncultural\/?p=3915#primaryimage"},"image":{"@id":"https:\/\/blogs.uninter.edu.mx\/difusioncultural\/?p=3915#primaryimage"},"thumbnailUrl":"https:\/\/blogs.uninter.edu.mx\/difusioncultural\/wp-content\/uploads\/2015\/11\/auspiciado-7-620x325-1.jpg","datePublished":"2015-11-18T22:31:27+00:00","breadcrumb":{"@id":"https:\/\/blogs.uninter.edu.mx\/difusioncultural\/?p=3915#breadcrumb"},"inLanguage":"es","potentialAction":[{"@type":"ReadAction","target":["https:\/\/blogs.uninter.edu.mx\/difusioncultural\/?p=3915"]}]},{"@type":"ImageObject","inLanguage":"es","@id":"https:\/\/blogs.uninter.edu.mx\/difusioncultural\/?p=3915#primaryimage","url":"https:\/\/blogs.uninter.edu.mx\/difusioncultural\/wp-content\/uploads\/2015\/11\/auspiciado-7-620x325-1.jpg","contentUrl":"https:\/\/blogs.uninter.edu.mx\/difusioncultural\/wp-content\/uploads\/2015\/11\/auspiciado-7-620x325-1.jpg","width":620,"height":359},{"@type":"BreadcrumbList","@id":"https:\/\/blogs.uninter.edu.mx\/difusioncultural\/?p=3915#breadcrumb","itemListElement":[{"@type":"ListItem","position":1,"name":"Inicio","item":"https:\/\/blogs.uninter.edu.mx\/difusioncultural\/"},{"@type":"ListItem","position":2,"name":"Con tecnolog\u00eda satelital, miles de ni\u00f1os abor\u00edgenes acceden a la educaci\u00f3n"}]},{"@type":"WebSite","@id":"https:\/\/blogs.uninter.edu.mx\/difusioncultural\/#website","url":"https:\/\/blogs.uninter.edu.mx\/difusioncultural\/","name":"Difusi\u00f3n Cultural","description":"UNINTER","publisher":{"@id":"https:\/\/blogs.uninter.edu.mx\/difusioncultural\/#organization"},"potentialAction":[{"@type":"SearchAction","target":{"@type":"EntryPoint","urlTemplate":"https:\/\/blogs.uninter.edu.mx\/difusioncultural\/?s={search_term_string}"},"query-input":{"@type":"PropertyValueSpecification","valueRequired":true,"valueName":"search_term_string"}}],"inLanguage":"es"},{"@type":"Organization","@id":"https:\/\/blogs.uninter.edu.mx\/difusioncultural\/#organization","name":"Difusi\u00f3n Cultural","url":"https:\/\/blogs.uninter.edu.mx\/difusioncultural\/","logo":{"@type":"ImageObject","inLanguage":"es","@id":"https:\/\/blogs.uninter.edu.mx\/difusioncultural\/#\/schema\/logo\/image\/","url":"https:\/\/blogs.uninter.edu.mx\/difusioncultural\/wp-content\/uploads\/2022\/09\/uninter.jpg","contentUrl":"https:\/\/blogs.uninter.edu.mx\/difusioncultural\/wp-content\/uploads\/2022\/09\/uninter.jpg","width":2048,"height":2048,"caption":"Difusi\u00f3n Cultural"},"image":{"@id":"https:\/\/blogs.uninter.edu.mx\/difusioncultural\/#\/schema\/logo\/image\/"}},{"@type":"Person","@id":"https:\/\/blogs.uninter.edu.mx\/difusioncultural\/#\/schema\/person\/37a0926f4dd300a814993fd595abdc4a","name":"webmaster","image":{"@type":"ImageObject","inLanguage":"es","@id":"https:\/\/blogs.uninter.edu.mx\/difusioncultural\/#\/schema\/person\/image\/","url":"https:\/\/secure.gravatar.com\/avatar\/a59c276b01147463ef3aab4118e3137ebc5e1ad6700deb39ccdf8b89e517f7dc?s=96&d=mm&r=g","contentUrl":"https:\/\/secure.gravatar.com\/avatar\/a59c276b01147463ef3aab4118e3137ebc5e1ad6700deb39ccdf8b89e517f7dc?s=96&d=mm&r=g","caption":"webmaster"},"sameAs":["https:\/\/blogs.uninter.edu.mx\/difusioncultural"],"url":"https:\/\/blogs.uninter.edu.mx\/difusioncultural\/?author=1"}]}},"jetpack_publicize_connections":[],"jetpack_featured_media_url":"https:\/\/blogs.uninter.edu.mx\/difusioncultural\/wp-content\/uploads\/2015\/11\/auspiciado-7-620x325-1.jpg","jetpack_sharing_enabled":true,"_links":{"self":[{"href":"https:\/\/blogs.uninter.edu.mx\/difusioncultural\/index.php?rest_route=\/wp\/v2\/posts\/3915","targetHints":{"allow":["GET"]}}],"collection":[{"href":"https:\/\/blogs.uninter.edu.mx\/difusioncultural\/index.php?rest_route=\/wp\/v2\/posts"}],"about":[{"href":"https:\/\/blogs.uninter.edu.mx\/difusioncultural\/index.php?rest_route=\/wp\/v2\/types\/post"}],"author":[{"embeddable":true,"href":"https:\/\/blogs.uninter.edu.mx\/difusioncultural\/index.php?rest_route=\/wp\/v2\/users\/1"}],"replies":[{"embeddable":true,"href":"https:\/\/blogs.uninter.edu.mx\/difusioncultural\/index.php?rest_route=%2Fwp%2Fv2%2Fcomments&post=3915"}],"version-history":[{"count":0,"href":"https:\/\/blogs.uninter.edu.mx\/difusioncultural\/index.php?rest_route=\/wp\/v2\/posts\/3915\/revisions"}],"wp:featuredmedia":[{"embeddable":true,"href":"https:\/\/blogs.uninter.edu.mx\/difusioncultural\/index.php?rest_route=\/wp\/v2\/media\/3916"}],"wp:attachment":[{"href":"https:\/\/blogs.uninter.edu.mx\/difusioncultural\/index.php?rest_route=%2Fwp%2Fv2%2Fmedia&parent=3915"}],"wp:term":[{"taxonomy":"category","embeddable":true,"href":"https:\/\/blogs.uninter.edu.mx\/difusioncultural\/index.php?rest_route=%2Fwp%2Fv2%2Fcategories&post=3915"},{"taxonomy":"post_tag","embeddable":true,"href":"https:\/\/blogs.uninter.edu.mx\/difusioncultural\/index.php?rest_route=%2Fwp%2Fv2%2Ftags&post=3915"}],"curies":[{"name":"wp","href":"https:\/\/api.w.org\/{rel}","templated":true}]}}