{"id":5586,"date":"2017-02-13T09:32:07","date_gmt":"2017-02-13T15:32:07","guid":{"rendered":"https:\/\/difusionculturaluninter.wordpress.com\/?p=5586"},"modified":"2017-02-13T09:32:07","modified_gmt":"2017-02-13T15:32:07","slug":"aniversario-del-voto-femenino-a-nivel-municipal","status":"publish","type":"post","link":"https:\/\/blogs.uninter.edu.mx\/difusioncultural\/?p=5586","title":{"rendered":"Aniversario del voto femenino a nivel municipal"},"content":{"rendered":"<p>El 12 de Febrero de 1947 es publicado en el <em>Diario Oficial de la Federaci\u00f3n<\/em> el Decreto de adici\u00f3n al art\u00edculo 115 constitucional para permitir la participaci\u00f3n de las mujeres en las elecciones municipales como votantes y como candidatas.<\/p>\n<p>Como fruto de la lucha emprendida por muchas mujeres por alcanzar la igualdad pol\u00edtica con los varones, esta reforma signific\u00f3 un gran avance en la democratizaci\u00f3n del pa\u00eds al reconocer, as\u00ed sea a nivel municipal, los derechos pol\u00edtico-electorales b\u00e1sicos de las mujeres, que significan poco m\u00e1s de la mitad de la poblaci\u00f3n total del pa\u00eds. Tambi\u00e9n significar\u00eda un invaluable antecedente de la reforma constitucional de 1953, que otorgar\u00eda los mismos derechos que esta reforma pero a nivel federal, la que se realiz\u00f3 en octubre de 1953, por la que justamente ser\u00eda derogada la disposici\u00f3n que conced\u00eda el voto activo y pasivo a las mujeres en las elecciones municipales.<\/p>\n<h3><span style=\"font-family:Arial, Helvetica, sans-serif;font-size:small;\"><strong>PLANTEAMIENTO FILOS\u00d3FICO DEL SUFRAGIO FEMENINO EN M\u00c9XICO<\/strong><\/span><\/h3>\n<h3><span style=\"font-family:Arial, Helvetica, sans-serif;font-size:small;\">En la lucha de las mujeres ubicamos tres momentos:<\/span><\/h3>\n<h3><span style=\"font-family:Arial, Helvetica, sans-serif;font-size:small;\">El primero, a finales del siglo XIX en la organizaci\u00f3n y participaci\u00f3n de las mujeres en los foros feministas, demandando derechos ciudadanos, entre ellos el voto femenino, para ser exactos el a\u00f1o de 1953.<\/span><\/h3>\n<h3><span style=\"font-family:Arial, Helvetica, sans-serif;font-size:small;\">El segundo momento, en las luchas del movimiento feminista de los a\u00f1os setentas. Partiendo del reconocimiento del avance te\u00f3rico que signific\u00f3 la construcci\u00f3n del concepto de g\u00e9nero como categor\u00eda de an\u00e1lisis, que explica los mecanismos de la opresi\u00f3n y abre la posibilidad de superarlos; y en la pr\u00e1ctica, combatiendo en forma concreta, real, aut\u00e9ntica, viva, por lograr la democracia, entendida como la igualdad de los g\u00e9neros, conservando la diferencia sexual. Entendiendo igualdad como la superaci\u00f3n de la dominaci\u00f3n de un g\u00e9nero sobre otro, eliminando la capacidad de un g\u00e9nero de censurar y prohibir, rechazar, delimitar y levantar barreras.<\/span><\/h3>\n<h3><span style=\"font-family:Arial, Helvetica, sans-serif;font-size:small;\">Es un momento en que se alcanza una nueva etapa en la reflexi\u00f3n y en la acci\u00f3n feminista; en donde las mujeres nos asumimos como \u8220un sujeto social que se construye como su propio objeto de estudio: el g\u00e9nero, y que reconstruye su identidad y su pr\u00e1ctica\u8221.<\/span><\/h3>\n<h3><span style=\"font-family:Arial, Helvetica, sans-serif;font-size:small;\">La Dra. Graciela Hierro identifica, en las luchas feministas de M\u00e9xico y Am\u00e9rica Latina un inter\u00e9s com\u00fan de las mujeres que es la lucha contra el poder patriarcal en lo que concierne a la posesi\u00f3n y disposici\u00f3n de nuestro cuerpo y sus productos; de nuestro trabajo, nuestra creatividad y nuestro ocio y tambi\u00e9n y especialmente de nuestro placer\u8221.<\/span><\/h3>\n<h3><span style=\"font-family:Arial, Helvetica, sans-serif;font-size:small;\">Y en esta lucha contra el patriarcado las mujeres somos c\u00f3mplices, porque s\u00f3lo entre individuales pueden darse pactos de poder que garanticen la democracia. Explica que como somos las iguales, las que no se distinguen unas de otras, s\u00f3lo alcanzamos una complicidad que resulta precaria para la democracia.<\/span><\/h3>\n<h3><span style=\"font-family:Arial, Helvetica, sans-serif;font-size:small;\">Asegura que la democracia del g\u00e9nero s\u00f3lo se da con la base en la conciencia feminista que supere las relaciones de complicidad (regla de la maternidad: patr\u00f3n negativo madre e hija). Por otro lado, dice que para la relaci\u00f3n que potencializa a los grupos de mujeres sigue el modelo democr\u00e1tico pacto entre iguales que permite la decisi\u00f3n y formaci\u00f3n de liderazgos femeninos (regla de maternalidad: las mujeres reconocen entre s\u00ed el valor de otras mujeres en la lucha feminista; jerarqu\u00eda que da origen a la genealog\u00eda feminista que permiten el pacto entre mujeres).<\/span><\/h3>\n<h3><span style=\"font-family:Arial, Helvetica, sans-serif;font-size:small;\">El tercer momento, se ubica en los a\u00f1os noventas en los avances y logros, en la participaci\u00f3n de las mujeres en nuevas causas y movimientos como por ejemplo el que est\u00e1 en contra de la violencia hacia las mujeres, las trabajadoras de la costura, el desarrollo humano sostenible, entre otros.<\/span><\/h3>\n<h3><span style=\"font-family:Arial, Helvetica, sans-serif;font-size:small;\">Adem\u00e1s existe un crecimiento en el movimiento de las mujeres, no s\u00f3lo en cantidad, sino en capacidad, por mencionar: la creaci\u00f3n de redes, alianzas, pactos por medio del di\u00e1logo. Todo esto genera una nueva forma de vivir (para algunas), se reconoce la pluralidad, la tolerancia y el respeto en sus relaciones. Con esto se logra integrar una sola Agenda Nacional de Mujeres.<\/span><\/h3>\n<hr \/>\n<h3><span style=\"font-family:Arial, Helvetica, sans-serif;font-size:small;\"><br \/>\n<strong>CRONOLOG\u00cdA DEL MOVIMIENTO DE LAS MUJERES SUFRAGISTAS MEXICANAS<\/strong><\/span><\/h3>\n<h3><span style=\"font-family:Arial, Helvetica, sans-serif;font-size:small;\"><br \/>\n1884-1887. &#8211; En la primera revista femenina Violetas del An\u00e1huac, fundada y<br \/>\ndirigida por Laureana Wright Gonz\u00e1lez y escrita solamente por<br \/>\nmujeres se plante\u00f3 la demanda del sufragio para la mujer y la<br \/>\nigualdad de oportunidades para hombres y mujeres.<\/span><\/h3>\n<h3><span style=\"font-family:Arial, Helvetica, sans-serif;font-size:small;\">1910.- Diversas asociaciones feministas se unen a Madero, entre ellas el Club Femenil Antireeleccionista \u8220Las Hijas de Cuauht\u00e9moc\u8221. Poco tiempo despu\u00e9s, las integrantes del Club protestan por el fraude en las elecciones y demandan la participaci\u00f3n pol\u00edtica de las mujeres mexicanas.<\/span><\/h3>\n<h3><span style=\"font-family:Arial, Helvetica, sans-serif;font-size:small;\">\u00b7 Dolores Jim\u00e9nez y Muro funda Regeneraci\u00f3n y Concordia, organizaci\u00f3n Pro Derechos de la Mujer.<br \/>\n\u00b7 Las sufragistas mexicanas solicitan a Emilio V\u00e1zquez G\u00f3mez se les otorgue el voto.<\/span><\/h3>\n<h3><span style=\"font-family:Arial, Helvetica, sans-serif;font-size:small;\">1916.- Primer Congreso Feminista (13 de enero) impulsado por el general Salvador Alvarado como Gobernador de Yucat\u00e1n y las organizadoras fueron Consuelo Zavala, Dominga Canto, Adolfina Valencia de \u00c1vila, Mar\u00eda Luisa Flota, Beatriz Peniche, Amalia G\u00f3mez, Piedad Carrillo Gil, Isolina P\u00e9rez Castillo, Elena Osorio, Fidelia Gonz\u00e1lez, Candelaria Villanueva, Lucrecia y Adriana Badillo, Rosina Maga\u00f1a y Consuelo Andrade.<\/span><\/h3>\n<h3><span style=\"font-family:Arial, Helvetica, sans-serif;font-size:small;\">Uno de los principales acuerdos a los que se lleg\u00f3 en este Primer Congreso feminista fue demandar que se otorgar\u00e1 el voto ciudadano a las mujeres.<\/span><\/h3>\n<h3><span style=\"font-family:Arial, Helvetica, sans-serif;font-size:small;\"><br \/>\n1917.- Posteriormente a la promulgaci\u00f3n de la Constituci\u00f3n Pol\u00edtica de 1917, en abril del mismo a\u00f1o, se expidi\u00f3 la Ley de Relaciones Familiares seg\u00fan la cual los hombres y las mujeres tienen derecho a considerarse iguales en el seno del hogar.<\/p>\n<p>\u00b7 Hermila Galindo lanza su candidatura para diputada por el V distrito electoral de la Ciudad de M\u00e9xico.<\/span><\/h3>\n<h3><span style=\"font-family:Arial, Helvetica, sans-serif;font-size:small;\">\u00b7 Aun cuando la Constituci\u00f3n del 17 no neg\u00f3 la ciudadan\u00eda a las mujeres y, en consecuencia, el derecho a votar y ser elegidas tampoco se le otorg\u00f3 el voto expresamente.<\/span><\/h3>\n<h3><span style=\"font-family:Arial, Helvetica, sans-serif;font-size:small;\">1922.- Durante el gobierno de Felipe Carrillo Puerto en el Estado de Yucat\u00e1n (1922-1924), se produjeron tambi\u00e9n importantes avances en la lucha por los derechos de las mujeres a trav\u00e9s de la creaci\u00f3n de las Ligas Feministas, que ten\u00edan por objeto ser autogestoras del mejoramiento de la situaci\u00f3n de la mujer en todos los aspectos.<\/span><\/h3>\n<h3><span style=\"font-family:Arial, Helvetica, sans-serif;font-size:small;\">Tambi\u00e9n durante este periodo se produjo un gran esc\u00e1ndalo en el \u00e1mbito nacional al intentar introducir temas relativos a la educaci\u00f3n sexual y planificaci\u00f3n familiar, por lo que fue instaurado el 10 de mayo como el D\u00eda de las Madres, desde entonces, para contrarrestar dicho esc\u00e1ndalo.<\/span><\/h3>\n<h3><span style=\"font-family:Arial, Helvetica, sans-serif;font-size:small;\"><br \/>\n1923.- Del 20 al 30 de mayo de 1923, la Secci\u00f3n Mexicana de la Liga Panamericana de Mujeres convoc\u00f3 al Primer Congreso Nacional Feminista, que se reuni\u00f3 en la Ciudad de M\u00e9xico, con la asistencia de 100 delegadas. Sus principales conclusiones en lo pol\u00edtico estuvieron referidas a impulsar las siguientes solicitudes:<\/span><\/h3>\n<h3><span style=\"font-family:Arial, Helvetica, sans-serif;font-size:small;\">\u00b7 La igualdad civil para que la mujer pudiera ser elegible en los cargos administrativos (en ese momento, los ayuntamientos eran cargos administrativos, no pol\u00edticos). Y<\/span><\/h3>\n<h3><span style=\"font-family:Arial, Helvetica, sans-serif;font-size:small;\">\u00b7 El decreto de la igualdad pol\u00edtica y la representaci\u00f3n parlamentaria por parte de agrupaciones sociales.<\/span><\/h3>\n<h3><span style=\"font-family:Arial, Helvetica, sans-serif;font-size:small;\">Como consecuencia del Congreso Nacional Feminista, el 13 de julio de ese mismo a\u00f1o, el gobernador de San Luis Potos\u00ed, Aurelio Manrique, expidi\u00f3 un decreto en el que se conced\u00eda a las mujeres del estado el derecho a votar y a ser elegidas en las elecciones municipales.<\/span><\/h3>\n<h3><span style=\"font-family:Arial, Helvetica, sans-serif;font-size:small;\">En Yucat\u00e1n, unos meses antes, Elvia Carrillo Puerto, Beatriz Peniche de Ponce y Raquel Dzib Cicero figuraban como candidatas a diputadas al Congreso del Estado de Yucat\u00e1n. Elvia Carrillo Puerto result\u00f3 la primera mexicana electa diputada al Congreso Local por el V Distrito, el 18 de noviembre de 1923. Sin embargo, despu\u00e9s de desempe\u00f1ar su cargo por dos a\u00f1os renunci\u00f3, debido a las amenazas de muerte que recibi\u00f3.<\/span><\/h3>\n<h3><span style=\"font-family:Arial, Helvetica, sans-serif;font-size:small;\">1925.- La legislatura del Estado de Chiapas concedi\u00f3 a la mujer, de los 18 a\u00f1os en adelante y en todo el territorio de la entidad, los mismos derechos pol\u00edticos del hombre.<\/span><\/h3>\n<h3><span style=\"font-family:Arial, Helvetica, sans-serif;font-size:small;\">\u00b7 Elvia Carrillo Puerto cambia su residencia a San Luis Potos\u00ed y es elegida al obtener la mayor\u00eda de votos, pero el Colegio Electoral no reconoci\u00f3 su triunfo.<\/span><\/h3>\n<h3><span style=\"font-family:Arial, Helvetica, sans-serif;font-size:small;\">1928.- Siendo presidente Plutarco El\u00edas Calles, se redact\u00f3 un nuevo C\u00f3digo Civil, en el que se dispuso que \u8220&#8230; la mujer no queda sometida, por raz\u00f3n de su sexo, a restricci\u00f3n alguna en la adquisici\u00f3n y ejercicio de sus derechos; y que al llegar a la mayor\u00eda de edad tiene la libre disposici\u00f3n de su persona y sus bienes, estando capacitada para celebrar toda clase de contratos&#8230;<\/span><\/h3>\n<h3><span style=\"font-family:Arial, Helvetica, sans-serif;font-size:small;\">1929.- Surgen nuevas asociaciones de mujeres, cuyo principal objetivo es<br \/>\nobtener los derechos pol\u00edticos plenos: el partido Feminista Revolucionario y el Bloque Nacional de Mujeres Revolucionarias.<\/span><\/h3>\n<h3><span style=\"font-family:Arial, Helvetica, sans-serif;font-size:small;\">1934.- Durante la campa\u00f1a presidencial del General L\u00e1zaro C\u00e1rdenas se conforma el Frente de Mujeres Mexicanas.<\/span><\/h3>\n<h3><span style=\"font-family:Arial, Helvetica, sans-serif;font-size:small;\">1935.- Por primera vez las mujeres participan en las votaciones internas del Partido Nacional Revolucionario (PNR).<\/span><\/h3>\n<h3><span style=\"font-family:Arial, Helvetica, sans-serif;font-size:small;\">\u00b7 El Frente \u00danico Pro Derechos de la Mujer, re\u00fane a 800 agrupaciones femeninas de todo el pa\u00eds y de diversas posturas ideol\u00f3gicas que comparten un mismo objetivo: conquistar el derechos a votar y ser elegidas.<\/span><\/h3>\n<h3><span style=\"font-family:Arial, Helvetica, sans-serif;font-size:small;\">1936.- En Veracruz dos mujeres lanzan su candidatura para diputadas locales: Mar\u00eda Tinoco y Enriqueta L. De Pulgar\u00edn. El registro fue aceptado por el Departamento Electoral Nacional, pues la Ley Electoral no inclu\u00eda ning\u00fan cap\u00edtulo sobre las mujeres.<\/span><\/h3>\n<h3><span style=\"font-family:Arial, Helvetica, sans-serif;font-size:small;\">1937.- El Presidente L\u00e1zaro C\u00e1rdenas envi\u00f3 a la C\u00e1mara de Senadores la iniciativa para reformar el Art\u00edculo 34 constitucional, como primer paso para que las mujeres obtengan la ciudadan\u00eda.<\/span><\/h3>\n<h3><span style=\"font-family:Arial, Helvetica, sans-serif;font-size:small;\">\u00b7 El 10 de diciembre tan solo se emite un dictamen donde se decide posponer el debate hasta pasada la Asamblea Nacional Constituyente del PNR.<\/span><\/h3>\n<h3><span style=\"font-family:Arial, Helvetica, sans-serif;font-size:small;\">1938.- El Frente \u00danico Pro Derechos de la Mujer decide incorporarse al PNR considerando que bien val\u00eda perder la autonom\u00eda en aras de hacer ver a los opositores del movimiento femenino que no eran ni mochas ni comunistas y que su lealtad estaba con la revoluci\u00f3n.<\/span><\/h3>\n<h3><span style=\"font-family:Arial, Helvetica, sans-serif;font-size:small;\">\u00b7 Aurora Meza Andraca se convierte en la primera Presidenta Municipal en Chilpancingo Guerrero.<\/span><\/h3>\n<h3><span style=\"font-family:Arial, Helvetica, sans-serif;font-size:small;\">1940.- El Comit\u00e9 Nacional Femenil apoy\u00f3 la candidatura presidencial del General Manuel \u00c1vila Camacho. Para entonces se hab\u00edan formado ya las grandes centrales afiliadas al Partido de la Revoluci\u00f3n Mexicana. Al principio de ese gobierno, las secretar\u00edas femeniles de las organizaciones CTM, CNOP, CNC, FSTSE, CGT, SNT, constituyeron la Alianza Nacional Femenina, que sostuvo un programa de 10 puntos.<\/span><\/h3>\n<h3><span style=\"font-family:Arial, Helvetica, sans-serif;font-size:small;\">1946.- El 24 de diciembre, la C\u00e1mara de Diputados aprob\u00f3 la iniciativa enviada por el Presidente Miguel Alem\u00e1n, en la que se adicion\u00f3 el Art\u00edculo 115 Constitucional, que entr\u00f3 en vigor el 12 de febrero del siguiente a\u00f1o. Se establec\u00eda que en las elecciones municipales participar\u00edan las mujeres en igualdad de condiciones que los varones, con el derecho a votar y ser elegidas.<\/span><\/h3>\n<h3><span style=\"font-family:Arial, Helvetica, sans-serif;font-size:small;\">1947.- A partir de la reforme del Art\u00edculo 15 de la Constituci\u00f3n, las mujeres comenzaron a ocupar cargos de elecci\u00f3n en los Ayuntamientos:<\/p>\n<p>\u00b7 En Aguascalientes, Mar\u00eda del Carmen Mart\u00edn del Campo se convierte en la primera Presidenta Municipal de esa ciudad.<\/span><\/h3>\n<h3><span style=\"font-family:Arial, Helvetica, sans-serif;font-size:small;\">\u00b7 En el Distrito Federal, Aurora Fern\u00e1ndez en nombrada Delegada de Milpa Alta y Guadalupe I. Ram\u00edrez de Xochimilco.<\/span><\/h3>\n<h3><span style=\"font-family:Arial, Helvetica, sans-serif;font-size:small;\">1952.- El 6 de abril, siendo candidato a la presidencia de la Rep\u00fablica, Adolfo Ruiz Cortines prometi\u00f3, ante 20 mil mujeres asistentes, a un mitin de campa\u00f1a, la ciudadan\u00eda sin restricciones para las mujeres.<\/span><\/h3>\n<h3><span style=\"font-family:Arial, Helvetica, sans-serif;font-size:small;\">1953.- El 17 de octubre, se public\u00f3 en el Diario Oficial el nuevo texto del Art\u00edculo 34 Constitucional: Son ciudadanos de la Rep\u00fablica los varones y las mujeres que, teniendo la calidad de mexicanos, re\u00fanan, adem\u00e1s, los siguientes requisitos: haber cumplido 18 a\u00f1os, siendo casados, o 21 si no lo son, y tener un modo honesto de vivir<\/span><\/h3>\n<h3><span style=\"font-family:Arial, Helvetica, sans-serif;font-size:small;\">1955.- En las elecciones del 3 de julio las mujeres acuden a emitir su voto a las urnas, para elegir Diputados Federales XLIII Legislatura.<\/span><\/h3>\n<p><img fetchpriority=\"high\" decoding=\"async\" class=\" aligncenter\" src=\"http:\/\/www.memoriapoliticademexico.org\/Efemerides\/2\/12021947b.jpg\" width=\"227\" height=\"310\" \/><\/p>\n","protected":false},"excerpt":{"rendered":"<p>El 12 de Febrero de 1947 es publicado en el Diario Oficial de la Federaci\u00f3n el Decreto de adici\u00f3n al art\u00edculo 115 constitucional para permitir la participaci\u00f3n de las mujeres en las elecciones municipales como votantes y como candidatas. Como fruto de la lucha emprendida por muchas mujeres por alcanzar la igualdad pol\u00edtica con los&hellip;<\/p>\n","protected":false},"author":1,"featured_media":5598,"comment_status":"closed","ping_status":"open","sticky":false,"template":"","format":"standard","meta":{"_jetpack_memberships_contains_paid_content":false,"footnotes":"","jetpack_publicize_message":"","jetpack_publicize_feature_enabled":true,"jetpack_social_post_already_shared":false,"jetpack_social_options":{"image_generator_settings":{"template":"highway","default_image_id":0,"font":"","enabled":false},"version":2}},"categories":[1],"tags":[],"class_list":["post-5586","post","type-post","status-publish","format-standard","has-post-thumbnail","hentry","category-sin-categoria"],"yoast_head":"<!-- This site is optimized with the Yoast SEO plugin v26.3 - https:\/\/yoast.com\/wordpress\/plugins\/seo\/ -->\r\n<title>Aniversario del voto femenino a nivel municipal - Difusi\u00f3n Cultural<\/title>\r\n<meta name=\"robots\" content=\"index, follow, max-snippet:-1, max-image-preview:large, max-video-preview:-1\" \/>\r\n<link rel=\"canonical\" href=\"https:\/\/blogs.uninter.edu.mx\/difusioncultural\/?p=5586\" \/>\r\n<meta property=\"og:locale\" content=\"es_MX\" \/>\r\n<meta property=\"og:type\" content=\"article\" \/>\r\n<meta property=\"og:title\" content=\"Aniversario del voto femenino a nivel municipal - Difusi\u00f3n Cultural\" \/>\r\n<meta property=\"og:description\" content=\"El 12 de Febrero de 1947 es publicado en el Diario Oficial de la Federaci\u00f3n el Decreto de adici\u00f3n al art\u00edculo 115 constitucional para permitir la participaci\u00f3n de las mujeres en las elecciones municipales como votantes y como candidatas. Como fruto de la lucha emprendida por muchas mujeres por alcanzar la igualdad pol\u00edtica con los&hellip;\" \/>\r\n<meta property=\"og:url\" content=\"https:\/\/blogs.uninter.edu.mx\/difusioncultural\/?p=5586\" \/>\r\n<meta property=\"og:site_name\" content=\"Difusi\u00f3n Cultural\" \/>\r\n<meta property=\"article:published_time\" content=\"2017-02-13T15:32:07+00:00\" \/>\r\n<meta property=\"og:image\" content=\"https:\/\/blogs.uninter.edu.mx\/difusioncultural\/wp-content\/uploads\/2017\/02\/mujervotando.jpg\" \/>\r\n\t<meta property=\"og:image:width\" content=\"800\" \/>\r\n\t<meta property=\"og:image:height\" content=\"524\" \/>\r\n\t<meta property=\"og:image:type\" content=\"image\/jpeg\" \/>\r\n<meta name=\"author\" content=\"webmaster\" \/>\r\n<meta name=\"twitter:card\" content=\"summary_large_image\" \/>\r\n<meta name=\"twitter:label1\" content=\"Escrito por\" \/>\n\t<meta name=\"twitter:data1\" content=\"webmaster\" \/>\n\t<meta name=\"twitter:label2\" content=\"Tiempo de lectura\" \/>\n\t<meta name=\"twitter:data2\" content=\"10 minutos\" \/>\r\n<script type=\"application\/ld+json\" class=\"yoast-schema-graph\">{\"@context\":\"https:\/\/schema.org\",\"@graph\":[{\"@type\":\"Article\",\"@id\":\"https:\/\/blogs.uninter.edu.mx\/difusioncultural\/?p=5586#article\",\"isPartOf\":{\"@id\":\"https:\/\/blogs.uninter.edu.mx\/difusioncultural\/?p=5586\"},\"author\":{\"name\":\"webmaster\",\"@id\":\"https:\/\/blogs.uninter.edu.mx\/difusioncultural\/#\/schema\/person\/37a0926f4dd300a814993fd595abdc4a\"},\"headline\":\"Aniversario del voto femenino a nivel municipal\",\"datePublished\":\"2017-02-13T15:32:07+00:00\",\"mainEntityOfPage\":{\"@id\":\"https:\/\/blogs.uninter.edu.mx\/difusioncultural\/?p=5586\"},\"wordCount\":2056,\"publisher\":{\"@id\":\"https:\/\/blogs.uninter.edu.mx\/difusioncultural\/#organization\"},\"image\":{\"@id\":\"https:\/\/blogs.uninter.edu.mx\/difusioncultural\/?p=5586#primaryimage\"},\"thumbnailUrl\":\"https:\/\/blogs.uninter.edu.mx\/difusioncultural\/wp-content\/uploads\/2017\/02\/mujervotando.jpg\",\"inLanguage\":\"es\"},{\"@type\":\"WebPage\",\"@id\":\"https:\/\/blogs.uninter.edu.mx\/difusioncultural\/?p=5586\",\"url\":\"https:\/\/blogs.uninter.edu.mx\/difusioncultural\/?p=5586\",\"name\":\"Aniversario del voto femenino a nivel municipal - Difusi\u00f3n Cultural\",\"isPartOf\":{\"@id\":\"https:\/\/blogs.uninter.edu.mx\/difusioncultural\/#website\"},\"primaryImageOfPage\":{\"@id\":\"https:\/\/blogs.uninter.edu.mx\/difusioncultural\/?p=5586#primaryimage\"},\"image\":{\"@id\":\"https:\/\/blogs.uninter.edu.mx\/difusioncultural\/?p=5586#primaryimage\"},\"thumbnailUrl\":\"https:\/\/blogs.uninter.edu.mx\/difusioncultural\/wp-content\/uploads\/2017\/02\/mujervotando.jpg\",\"datePublished\":\"2017-02-13T15:32:07+00:00\",\"breadcrumb\":{\"@id\":\"https:\/\/blogs.uninter.edu.mx\/difusioncultural\/?p=5586#breadcrumb\"},\"inLanguage\":\"es\",\"potentialAction\":[{\"@type\":\"ReadAction\",\"target\":[\"https:\/\/blogs.uninter.edu.mx\/difusioncultural\/?p=5586\"]}]},{\"@type\":\"ImageObject\",\"inLanguage\":\"es\",\"@id\":\"https:\/\/blogs.uninter.edu.mx\/difusioncultural\/?p=5586#primaryimage\",\"url\":\"https:\/\/blogs.uninter.edu.mx\/difusioncultural\/wp-content\/uploads\/2017\/02\/mujervotando.jpg\",\"contentUrl\":\"https:\/\/blogs.uninter.edu.mx\/difusioncultural\/wp-content\/uploads\/2017\/02\/mujervotando.jpg\",\"width\":800,\"height\":524,\"caption\":\"T\u00edtulo: Mujer deposita su voto durante una elecci\u00f3n presidencial, Fondo: Archivo Casasola, Autor: Casasola, Lugar asunto: M\u00e9xico, D.F., M\u00e9xico, Fecha de asunto: 1958, Proceso: Negativo de pel\u00edcula de seguridad.\"},{\"@type\":\"BreadcrumbList\",\"@id\":\"https:\/\/blogs.uninter.edu.mx\/difusioncultural\/?p=5586#breadcrumb\",\"itemListElement\":[{\"@type\":\"ListItem\",\"position\":1,\"name\":\"Inicio\",\"item\":\"https:\/\/blogs.uninter.edu.mx\/difusioncultural\/\"},{\"@type\":\"ListItem\",\"position\":2,\"name\":\"Aniversario del voto femenino a nivel municipal\"}]},{\"@type\":\"WebSite\",\"@id\":\"https:\/\/blogs.uninter.edu.mx\/difusioncultural\/#website\",\"url\":\"https:\/\/blogs.uninter.edu.mx\/difusioncultural\/\",\"name\":\"Difusi\u00f3n Cultural\",\"description\":\"UNINTER\",\"publisher\":{\"@id\":\"https:\/\/blogs.uninter.edu.mx\/difusioncultural\/#organization\"},\"potentialAction\":[{\"@type\":\"SearchAction\",\"target\":{\"@type\":\"EntryPoint\",\"urlTemplate\":\"https:\/\/blogs.uninter.edu.mx\/difusioncultural\/?s={search_term_string}\"},\"query-input\":{\"@type\":\"PropertyValueSpecification\",\"valueRequired\":true,\"valueName\":\"search_term_string\"}}],\"inLanguage\":\"es\"},{\"@type\":\"Organization\",\"@id\":\"https:\/\/blogs.uninter.edu.mx\/difusioncultural\/#organization\",\"name\":\"Difusi\u00f3n Cultural\",\"url\":\"https:\/\/blogs.uninter.edu.mx\/difusioncultural\/\",\"logo\":{\"@type\":\"ImageObject\",\"inLanguage\":\"es\",\"@id\":\"https:\/\/blogs.uninter.edu.mx\/difusioncultural\/#\/schema\/logo\/image\/\",\"url\":\"https:\/\/blogs.uninter.edu.mx\/difusioncultural\/wp-content\/uploads\/2022\/09\/uninter.jpg\",\"contentUrl\":\"https:\/\/blogs.uninter.edu.mx\/difusioncultural\/wp-content\/uploads\/2022\/09\/uninter.jpg\",\"width\":2048,\"height\":2048,\"caption\":\"Difusi\u00f3n Cultural\"},\"image\":{\"@id\":\"https:\/\/blogs.uninter.edu.mx\/difusioncultural\/#\/schema\/logo\/image\/\"}},{\"@type\":\"Person\",\"@id\":\"https:\/\/blogs.uninter.edu.mx\/difusioncultural\/#\/schema\/person\/37a0926f4dd300a814993fd595abdc4a\",\"name\":\"webmaster\",\"image\":{\"@type\":\"ImageObject\",\"inLanguage\":\"es\",\"@id\":\"https:\/\/blogs.uninter.edu.mx\/difusioncultural\/#\/schema\/person\/image\/\",\"url\":\"https:\/\/secure.gravatar.com\/avatar\/a59c276b01147463ef3aab4118e3137ebc5e1ad6700deb39ccdf8b89e517f7dc?s=96&d=mm&r=g\",\"contentUrl\":\"https:\/\/secure.gravatar.com\/avatar\/a59c276b01147463ef3aab4118e3137ebc5e1ad6700deb39ccdf8b89e517f7dc?s=96&d=mm&r=g\",\"caption\":\"webmaster\"},\"sameAs\":[\"https:\/\/blogs.uninter.edu.mx\/difusioncultural\"],\"url\":\"https:\/\/blogs.uninter.edu.mx\/difusioncultural\/?author=1\"}]}<\/script>\r\n<!-- \/ Yoast SEO plugin. -->","yoast_head_json":{"title":"Aniversario del voto femenino a nivel municipal - Difusi\u00f3n Cultural","robots":{"index":"index","follow":"follow","max-snippet":"max-snippet:-1","max-image-preview":"max-image-preview:large","max-video-preview":"max-video-preview:-1"},"canonical":"https:\/\/blogs.uninter.edu.mx\/difusioncultural\/?p=5586","og_locale":"es_MX","og_type":"article","og_title":"Aniversario del voto femenino a nivel municipal - Difusi\u00f3n Cultural","og_description":"El 12 de Febrero de 1947 es publicado en el Diario Oficial de la Federaci\u00f3n el Decreto de adici\u00f3n al art\u00edculo 115 constitucional para permitir la participaci\u00f3n de las mujeres en las elecciones municipales como votantes y como candidatas. Como fruto de la lucha emprendida por muchas mujeres por alcanzar la igualdad pol\u00edtica con los&hellip;","og_url":"https:\/\/blogs.uninter.edu.mx\/difusioncultural\/?p=5586","og_site_name":"Difusi\u00f3n Cultural","article_published_time":"2017-02-13T15:32:07+00:00","og_image":[{"width":800,"height":524,"url":"https:\/\/blogs.uninter.edu.mx\/difusioncultural\/wp-content\/uploads\/2017\/02\/mujervotando.jpg","type":"image\/jpeg"}],"author":"webmaster","twitter_card":"summary_large_image","twitter_misc":{"Escrito por":"webmaster","Tiempo de lectura":"10 minutos"},"schema":{"@context":"https:\/\/schema.org","@graph":[{"@type":"Article","@id":"https:\/\/blogs.uninter.edu.mx\/difusioncultural\/?p=5586#article","isPartOf":{"@id":"https:\/\/blogs.uninter.edu.mx\/difusioncultural\/?p=5586"},"author":{"name":"webmaster","@id":"https:\/\/blogs.uninter.edu.mx\/difusioncultural\/#\/schema\/person\/37a0926f4dd300a814993fd595abdc4a"},"headline":"Aniversario del voto femenino a nivel municipal","datePublished":"2017-02-13T15:32:07+00:00","mainEntityOfPage":{"@id":"https:\/\/blogs.uninter.edu.mx\/difusioncultural\/?p=5586"},"wordCount":2056,"publisher":{"@id":"https:\/\/blogs.uninter.edu.mx\/difusioncultural\/#organization"},"image":{"@id":"https:\/\/blogs.uninter.edu.mx\/difusioncultural\/?p=5586#primaryimage"},"thumbnailUrl":"https:\/\/blogs.uninter.edu.mx\/difusioncultural\/wp-content\/uploads\/2017\/02\/mujervotando.jpg","inLanguage":"es"},{"@type":"WebPage","@id":"https:\/\/blogs.uninter.edu.mx\/difusioncultural\/?p=5586","url":"https:\/\/blogs.uninter.edu.mx\/difusioncultural\/?p=5586","name":"Aniversario del voto femenino a nivel municipal - Difusi\u00f3n Cultural","isPartOf":{"@id":"https:\/\/blogs.uninter.edu.mx\/difusioncultural\/#website"},"primaryImageOfPage":{"@id":"https:\/\/blogs.uninter.edu.mx\/difusioncultural\/?p=5586#primaryimage"},"image":{"@id":"https:\/\/blogs.uninter.edu.mx\/difusioncultural\/?p=5586#primaryimage"},"thumbnailUrl":"https:\/\/blogs.uninter.edu.mx\/difusioncultural\/wp-content\/uploads\/2017\/02\/mujervotando.jpg","datePublished":"2017-02-13T15:32:07+00:00","breadcrumb":{"@id":"https:\/\/blogs.uninter.edu.mx\/difusioncultural\/?p=5586#breadcrumb"},"inLanguage":"es","potentialAction":[{"@type":"ReadAction","target":["https:\/\/blogs.uninter.edu.mx\/difusioncultural\/?p=5586"]}]},{"@type":"ImageObject","inLanguage":"es","@id":"https:\/\/blogs.uninter.edu.mx\/difusioncultural\/?p=5586#primaryimage","url":"https:\/\/blogs.uninter.edu.mx\/difusioncultural\/wp-content\/uploads\/2017\/02\/mujervotando.jpg","contentUrl":"https:\/\/blogs.uninter.edu.mx\/difusioncultural\/wp-content\/uploads\/2017\/02\/mujervotando.jpg","width":800,"height":524,"caption":"T\u00edtulo: Mujer deposita su voto durante una elecci\u00f3n presidencial, Fondo: Archivo Casasola, Autor: Casasola, Lugar asunto: M\u00e9xico, D.F., M\u00e9xico, Fecha de asunto: 1958, Proceso: Negativo de pel\u00edcula de seguridad."},{"@type":"BreadcrumbList","@id":"https:\/\/blogs.uninter.edu.mx\/difusioncultural\/?p=5586#breadcrumb","itemListElement":[{"@type":"ListItem","position":1,"name":"Inicio","item":"https:\/\/blogs.uninter.edu.mx\/difusioncultural\/"},{"@type":"ListItem","position":2,"name":"Aniversario del voto femenino a nivel municipal"}]},{"@type":"WebSite","@id":"https:\/\/blogs.uninter.edu.mx\/difusioncultural\/#website","url":"https:\/\/blogs.uninter.edu.mx\/difusioncultural\/","name":"Difusi\u00f3n Cultural","description":"UNINTER","publisher":{"@id":"https:\/\/blogs.uninter.edu.mx\/difusioncultural\/#organization"},"potentialAction":[{"@type":"SearchAction","target":{"@type":"EntryPoint","urlTemplate":"https:\/\/blogs.uninter.edu.mx\/difusioncultural\/?s={search_term_string}"},"query-input":{"@type":"PropertyValueSpecification","valueRequired":true,"valueName":"search_term_string"}}],"inLanguage":"es"},{"@type":"Organization","@id":"https:\/\/blogs.uninter.edu.mx\/difusioncultural\/#organization","name":"Difusi\u00f3n Cultural","url":"https:\/\/blogs.uninter.edu.mx\/difusioncultural\/","logo":{"@type":"ImageObject","inLanguage":"es","@id":"https:\/\/blogs.uninter.edu.mx\/difusioncultural\/#\/schema\/logo\/image\/","url":"https:\/\/blogs.uninter.edu.mx\/difusioncultural\/wp-content\/uploads\/2022\/09\/uninter.jpg","contentUrl":"https:\/\/blogs.uninter.edu.mx\/difusioncultural\/wp-content\/uploads\/2022\/09\/uninter.jpg","width":2048,"height":2048,"caption":"Difusi\u00f3n Cultural"},"image":{"@id":"https:\/\/blogs.uninter.edu.mx\/difusioncultural\/#\/schema\/logo\/image\/"}},{"@type":"Person","@id":"https:\/\/blogs.uninter.edu.mx\/difusioncultural\/#\/schema\/person\/37a0926f4dd300a814993fd595abdc4a","name":"webmaster","image":{"@type":"ImageObject","inLanguage":"es","@id":"https:\/\/blogs.uninter.edu.mx\/difusioncultural\/#\/schema\/person\/image\/","url":"https:\/\/secure.gravatar.com\/avatar\/a59c276b01147463ef3aab4118e3137ebc5e1ad6700deb39ccdf8b89e517f7dc?s=96&d=mm&r=g","contentUrl":"https:\/\/secure.gravatar.com\/avatar\/a59c276b01147463ef3aab4118e3137ebc5e1ad6700deb39ccdf8b89e517f7dc?s=96&d=mm&r=g","caption":"webmaster"},"sameAs":["https:\/\/blogs.uninter.edu.mx\/difusioncultural"],"url":"https:\/\/blogs.uninter.edu.mx\/difusioncultural\/?author=1"}]}},"jetpack_publicize_connections":[],"jetpack_featured_media_url":"https:\/\/blogs.uninter.edu.mx\/difusioncultural\/wp-content\/uploads\/2017\/02\/mujervotando.jpg","jetpack_sharing_enabled":true,"_links":{"self":[{"href":"https:\/\/blogs.uninter.edu.mx\/difusioncultural\/index.php?rest_route=\/wp\/v2\/posts\/5586","targetHints":{"allow":["GET"]}}],"collection":[{"href":"https:\/\/blogs.uninter.edu.mx\/difusioncultural\/index.php?rest_route=\/wp\/v2\/posts"}],"about":[{"href":"https:\/\/blogs.uninter.edu.mx\/difusioncultural\/index.php?rest_route=\/wp\/v2\/types\/post"}],"author":[{"embeddable":true,"href":"https:\/\/blogs.uninter.edu.mx\/difusioncultural\/index.php?rest_route=\/wp\/v2\/users\/1"}],"replies":[{"embeddable":true,"href":"https:\/\/blogs.uninter.edu.mx\/difusioncultural\/index.php?rest_route=%2Fwp%2Fv2%2Fcomments&post=5586"}],"version-history":[{"count":0,"href":"https:\/\/blogs.uninter.edu.mx\/difusioncultural\/index.php?rest_route=\/wp\/v2\/posts\/5586\/revisions"}],"wp:featuredmedia":[{"embeddable":true,"href":"https:\/\/blogs.uninter.edu.mx\/difusioncultural\/index.php?rest_route=\/wp\/v2\/media\/5598"}],"wp:attachment":[{"href":"https:\/\/blogs.uninter.edu.mx\/difusioncultural\/index.php?rest_route=%2Fwp%2Fv2%2Fmedia&parent=5586"}],"wp:term":[{"taxonomy":"category","embeddable":true,"href":"https:\/\/blogs.uninter.edu.mx\/difusioncultural\/index.php?rest_route=%2Fwp%2Fv2%2Fcategories&post=5586"},{"taxonomy":"post_tag","embeddable":true,"href":"https:\/\/blogs.uninter.edu.mx\/difusioncultural\/index.php?rest_route=%2Fwp%2Fv2%2Ftags&post=5586"}],"curies":[{"name":"wp","href":"https:\/\/api.w.org\/{rel}","templated":true}]}}