{"id":5646,"date":"2017-07-20T10:52:14","date_gmt":"2017-07-20T15:52:14","guid":{"rendered":"https:\/\/difusionculturaluninter.wordpress.com\/?p=5646"},"modified":"2017-07-20T10:52:14","modified_gmt":"2017-07-20T15:52:14","slug":"independencia-de-colombia-por-que-se-celebra-el-20-de-julio","status":"publish","type":"post","link":"https:\/\/blogs.uninter.edu.mx\/difusioncultural\/?p=5646","title":{"rendered":"Independencia de Colombia: \u00bfpor qu\u00e9 se celebra el 20 de julio?"},"content":{"rendered":"<p>Este 20 de julio se celebra el D\u00eda de la independencia de Colombia. Hoy se cumplen 207 a\u00f1os de la\u00a0la firma del Acta de la Revoluci\u00f3n en 1810, fecha que el\u00a0Congreso de Estados Unidos de Colombia decret\u00f3 oficialmente como aniversario de la proclamaci\u00f3n de la independencia nacional en 1873. Es decir, 63 a\u00f1os despu\u00e9s de dicha firma.<\/p>\n<div id=\"elpais_gpt-INTEXT\"><\/div>\n<p>Lo cierto es que <strong>Colombia<\/strong> vivi\u00f3 varias <strong>declaraciones de independencia<\/strong> a lo largo de una d\u00e9cada, pero fue la de 1810 la que qued\u00f3 en la memoria colectiva. Sin embargo, otros s\u00edmbolos colombianos no se hicieron oficiales hasta muchos a\u00f1os despu\u00e9s. Por ejemplo, la bandera tricolor fue reglamentada el 26 de noviembre de 1861,el himno se hizo oficial en 1920 y el escudo no lo har\u00eda hasta el 6 de agosto de 1955.<\/p>\n<p><img fetchpriority=\"high\" decoding=\"async\" class=\"alignnone size-full wp-image-5652\" src=\"https:\/\/difusionculturaluninter.files.wordpress.com\/2017\/07\/colombia.jpg\" alt=\"Colombia.jpg\" width=\"1960\" height=\"1307\" \/><\/p>\n","protected":false},"excerpt":{"rendered":"<p>Este 20 de julio se celebra el D\u00eda de la independencia de Colombia. Hoy se cumplen 207 a\u00f1os de la\u00a0la firma del Acta de la Revoluci\u00f3n en 1810, fecha que el\u00a0Congreso de Estados Unidos de Colombia decret\u00f3 oficialmente como aniversario de la proclamaci\u00f3n de la independencia nacional en 1873. Es decir, 63 a\u00f1os despu\u00e9s de&hellip;<\/p>\n","protected":false},"author":1,"featured_media":0,"comment_status":"closed","ping_status":"open","sticky":false,"template":"","format":"standard","meta":{"_jetpack_memberships_contains_paid_content":false,"footnotes":"","jetpack_publicize_message":"","jetpack_publicize_feature_enabled":true,"jetpack_social_post_already_shared":false,"jetpack_social_options":{"image_generator_settings":{"template":"highway","default_image_id":0,"font":"","enabled":false},"version":2}},"categories":[14],"tags":[],"class_list":["post-5646","post","type-post","status-publish","format-standard","hentry","category-un-dia-como-hoy"],"yoast_head":"<!-- This site is optimized with the Yoast SEO plugin v26.3 - https:\/\/yoast.com\/wordpress\/plugins\/seo\/ -->\r\n<title>Independencia de Colombia: \u00bfpor qu\u00e9 se celebra el 20 de julio? - Difusi\u00f3n Cultural<\/title>\r\n<meta name=\"robots\" content=\"index, follow, max-snippet:-1, max-image-preview:large, max-video-preview:-1\" \/>\r\n<link rel=\"canonical\" href=\"https:\/\/blogs.uninter.edu.mx\/difusioncultural\/?p=5646\" \/>\r\n<meta property=\"og:locale\" content=\"es_MX\" \/>\r\n<meta property=\"og:type\" content=\"article\" \/>\r\n<meta property=\"og:title\" content=\"Independencia de Colombia: \u00bfpor qu\u00e9 se celebra el 20 de julio? - Difusi\u00f3n Cultural\" \/>\r\n<meta property=\"og:description\" content=\"Este 20 de julio se celebra el D\u00eda de la independencia de Colombia. Hoy se cumplen 207 a\u00f1os de la\u00a0la firma del Acta de la Revoluci\u00f3n en 1810, fecha que el\u00a0Congreso de Estados Unidos de Colombia decret\u00f3 oficialmente como aniversario de la proclamaci\u00f3n de la independencia nacional en 1873. Es decir, 63 a\u00f1os despu\u00e9s de&hellip;\" \/>\r\n<meta property=\"og:url\" content=\"https:\/\/blogs.uninter.edu.mx\/difusioncultural\/?p=5646\" \/>\r\n<meta property=\"og:site_name\" content=\"Difusi\u00f3n Cultural\" \/>\r\n<meta property=\"article:published_time\" content=\"2017-07-20T15:52:14+00:00\" \/>\r\n<meta property=\"og:image\" content=\"https:\/\/difusionculturaluninter.files.wordpress.com\/2017\/07\/colombia.jpg\" \/>\r\n<meta name=\"author\" content=\"webmaster\" \/>\r\n<meta name=\"twitter:card\" content=\"summary_large_image\" \/>\r\n<meta name=\"twitter:label1\" content=\"Escrito por\" \/>\n\t<meta name=\"twitter:data1\" content=\"webmaster\" \/>\n\t<meta name=\"twitter:label2\" content=\"Tiempo de lectura\" \/>\n\t<meta name=\"twitter:data2\" content=\"1 minuto\" \/>\r\n<script type=\"application\/ld+json\" class=\"yoast-schema-graph\">{\"@context\":\"https:\/\/schema.org\",\"@graph\":[{\"@type\":\"Article\",\"@id\":\"https:\/\/blogs.uninter.edu.mx\/difusioncultural\/?p=5646#article\",\"isPartOf\":{\"@id\":\"https:\/\/blogs.uninter.edu.mx\/difusioncultural\/?p=5646\"},\"author\":{\"name\":\"webmaster\",\"@id\":\"https:\/\/blogs.uninter.edu.mx\/difusioncultural\/#\/schema\/person\/37a0926f4dd300a814993fd595abdc4a\"},\"headline\":\"Independencia de Colombia: \u00bfpor qu\u00e9 se celebra el 20 de julio?\",\"datePublished\":\"2017-07-20T15:52:14+00:00\",\"mainEntityOfPage\":{\"@id\":\"https:\/\/blogs.uninter.edu.mx\/difusioncultural\/?p=5646\"},\"wordCount\":143,\"publisher\":{\"@id\":\"https:\/\/blogs.uninter.edu.mx\/difusioncultural\/#organization\"},\"image\":{\"@id\":\"https:\/\/blogs.uninter.edu.mx\/difusioncultural\/?p=5646#primaryimage\"},\"thumbnailUrl\":\"https:\/\/difusionculturaluninter.files.wordpress.com\/2017\/07\/colombia.jpg\",\"articleSection\":[\"un dia como hoy\"],\"inLanguage\":\"es\"},{\"@type\":\"WebPage\",\"@id\":\"https:\/\/blogs.uninter.edu.mx\/difusioncultural\/?p=5646\",\"url\":\"https:\/\/blogs.uninter.edu.mx\/difusioncultural\/?p=5646\",\"name\":\"Independencia de Colombia: \u00bfpor qu\u00e9 se celebra el 20 de julio? - Difusi\u00f3n Cultural\",\"isPartOf\":{\"@id\":\"https:\/\/blogs.uninter.edu.mx\/difusioncultural\/#website\"},\"primaryImageOfPage\":{\"@id\":\"https:\/\/blogs.uninter.edu.mx\/difusioncultural\/?p=5646#primaryimage\"},\"image\":{\"@id\":\"https:\/\/blogs.uninter.edu.mx\/difusioncultural\/?p=5646#primaryimage\"},\"thumbnailUrl\":\"https:\/\/difusionculturaluninter.files.wordpress.com\/2017\/07\/colombia.jpg\",\"datePublished\":\"2017-07-20T15:52:14+00:00\",\"breadcrumb\":{\"@id\":\"https:\/\/blogs.uninter.edu.mx\/difusioncultural\/?p=5646#breadcrumb\"},\"inLanguage\":\"es\",\"potentialAction\":[{\"@type\":\"ReadAction\",\"target\":[\"https:\/\/blogs.uninter.edu.mx\/difusioncultural\/?p=5646\"]}]},{\"@type\":\"ImageObject\",\"inLanguage\":\"es\",\"@id\":\"https:\/\/blogs.uninter.edu.mx\/difusioncultural\/?p=5646#primaryimage\",\"url\":\"https:\/\/difusionculturaluninter.files.wordpress.com\/2017\/07\/colombia.jpg\",\"contentUrl\":\"https:\/\/difusionculturaluninter.files.wordpress.com\/2017\/07\/colombia.jpg\"},{\"@type\":\"BreadcrumbList\",\"@id\":\"https:\/\/blogs.uninter.edu.mx\/difusioncultural\/?p=5646#breadcrumb\",\"itemListElement\":[{\"@type\":\"ListItem\",\"position\":1,\"name\":\"Inicio\",\"item\":\"https:\/\/blogs.uninter.edu.mx\/difusioncultural\/\"},{\"@type\":\"ListItem\",\"position\":2,\"name\":\"Independencia de Colombia: \u00bfpor qu\u00e9 se celebra el 20 de julio?\"}]},{\"@type\":\"WebSite\",\"@id\":\"https:\/\/blogs.uninter.edu.mx\/difusioncultural\/#website\",\"url\":\"https:\/\/blogs.uninter.edu.mx\/difusioncultural\/\",\"name\":\"Difusi\u00f3n Cultural\",\"description\":\"UNINTER\",\"publisher\":{\"@id\":\"https:\/\/blogs.uninter.edu.mx\/difusioncultural\/#organization\"},\"potentialAction\":[{\"@type\":\"SearchAction\",\"target\":{\"@type\":\"EntryPoint\",\"urlTemplate\":\"https:\/\/blogs.uninter.edu.mx\/difusioncultural\/?s={search_term_string}\"},\"query-input\":{\"@type\":\"PropertyValueSpecification\",\"valueRequired\":true,\"valueName\":\"search_term_string\"}}],\"inLanguage\":\"es\"},{\"@type\":\"Organization\",\"@id\":\"https:\/\/blogs.uninter.edu.mx\/difusioncultural\/#organization\",\"name\":\"Difusi\u00f3n Cultural\",\"url\":\"https:\/\/blogs.uninter.edu.mx\/difusioncultural\/\",\"logo\":{\"@type\":\"ImageObject\",\"inLanguage\":\"es\",\"@id\":\"https:\/\/blogs.uninter.edu.mx\/difusioncultural\/#\/schema\/logo\/image\/\",\"url\":\"https:\/\/blogs.uninter.edu.mx\/difusioncultural\/wp-content\/uploads\/2022\/09\/uninter.jpg\",\"contentUrl\":\"https:\/\/blogs.uninter.edu.mx\/difusioncultural\/wp-content\/uploads\/2022\/09\/uninter.jpg\",\"width\":2048,\"height\":2048,\"caption\":\"Difusi\u00f3n Cultural\"},\"image\":{\"@id\":\"https:\/\/blogs.uninter.edu.mx\/difusioncultural\/#\/schema\/logo\/image\/\"}},{\"@type\":\"Person\",\"@id\":\"https:\/\/blogs.uninter.edu.mx\/difusioncultural\/#\/schema\/person\/37a0926f4dd300a814993fd595abdc4a\",\"name\":\"webmaster\",\"image\":{\"@type\":\"ImageObject\",\"inLanguage\":\"es\",\"@id\":\"https:\/\/blogs.uninter.edu.mx\/difusioncultural\/#\/schema\/person\/image\/\",\"url\":\"https:\/\/secure.gravatar.com\/avatar\/a59c276b01147463ef3aab4118e3137ebc5e1ad6700deb39ccdf8b89e517f7dc?s=96&d=mm&r=g\",\"contentUrl\":\"https:\/\/secure.gravatar.com\/avatar\/a59c276b01147463ef3aab4118e3137ebc5e1ad6700deb39ccdf8b89e517f7dc?s=96&d=mm&r=g\",\"caption\":\"webmaster\"},\"sameAs\":[\"https:\/\/blogs.uninter.edu.mx\/difusioncultural\"],\"url\":\"https:\/\/blogs.uninter.edu.mx\/difusioncultural\/?author=1\"}]}<\/script>\r\n<!-- \/ Yoast SEO plugin. -->","yoast_head_json":{"title":"Independencia de Colombia: \u00bfpor qu\u00e9 se celebra el 20 de julio? - Difusi\u00f3n Cultural","robots":{"index":"index","follow":"follow","max-snippet":"max-snippet:-1","max-image-preview":"max-image-preview:large","max-video-preview":"max-video-preview:-1"},"canonical":"https:\/\/blogs.uninter.edu.mx\/difusioncultural\/?p=5646","og_locale":"es_MX","og_type":"article","og_title":"Independencia de Colombia: \u00bfpor qu\u00e9 se celebra el 20 de julio? - Difusi\u00f3n Cultural","og_description":"Este 20 de julio se celebra el D\u00eda de la independencia de Colombia. Hoy se cumplen 207 a\u00f1os de la\u00a0la firma del Acta de la Revoluci\u00f3n en 1810, fecha que el\u00a0Congreso de Estados Unidos de Colombia decret\u00f3 oficialmente como aniversario de la proclamaci\u00f3n de la independencia nacional en 1873. Es decir, 63 a\u00f1os despu\u00e9s de&hellip;","og_url":"https:\/\/blogs.uninter.edu.mx\/difusioncultural\/?p=5646","og_site_name":"Difusi\u00f3n Cultural","article_published_time":"2017-07-20T15:52:14+00:00","og_image":[{"url":"https:\/\/difusionculturaluninter.files.wordpress.com\/2017\/07\/colombia.jpg","type":"","width":"","height":""}],"author":"webmaster","twitter_card":"summary_large_image","twitter_misc":{"Escrito por":"webmaster","Tiempo de lectura":"1 minuto"},"schema":{"@context":"https:\/\/schema.org","@graph":[{"@type":"Article","@id":"https:\/\/blogs.uninter.edu.mx\/difusioncultural\/?p=5646#article","isPartOf":{"@id":"https:\/\/blogs.uninter.edu.mx\/difusioncultural\/?p=5646"},"author":{"name":"webmaster","@id":"https:\/\/blogs.uninter.edu.mx\/difusioncultural\/#\/schema\/person\/37a0926f4dd300a814993fd595abdc4a"},"headline":"Independencia de Colombia: \u00bfpor qu\u00e9 se celebra el 20 de julio?","datePublished":"2017-07-20T15:52:14+00:00","mainEntityOfPage":{"@id":"https:\/\/blogs.uninter.edu.mx\/difusioncultural\/?p=5646"},"wordCount":143,"publisher":{"@id":"https:\/\/blogs.uninter.edu.mx\/difusioncultural\/#organization"},"image":{"@id":"https:\/\/blogs.uninter.edu.mx\/difusioncultural\/?p=5646#primaryimage"},"thumbnailUrl":"https:\/\/difusionculturaluninter.files.wordpress.com\/2017\/07\/colombia.jpg","articleSection":["un dia como hoy"],"inLanguage":"es"},{"@type":"WebPage","@id":"https:\/\/blogs.uninter.edu.mx\/difusioncultural\/?p=5646","url":"https:\/\/blogs.uninter.edu.mx\/difusioncultural\/?p=5646","name":"Independencia de Colombia: \u00bfpor qu\u00e9 se celebra el 20 de julio? - Difusi\u00f3n Cultural","isPartOf":{"@id":"https:\/\/blogs.uninter.edu.mx\/difusioncultural\/#website"},"primaryImageOfPage":{"@id":"https:\/\/blogs.uninter.edu.mx\/difusioncultural\/?p=5646#primaryimage"},"image":{"@id":"https:\/\/blogs.uninter.edu.mx\/difusioncultural\/?p=5646#primaryimage"},"thumbnailUrl":"https:\/\/difusionculturaluninter.files.wordpress.com\/2017\/07\/colombia.jpg","datePublished":"2017-07-20T15:52:14+00:00","breadcrumb":{"@id":"https:\/\/blogs.uninter.edu.mx\/difusioncultural\/?p=5646#breadcrumb"},"inLanguage":"es","potentialAction":[{"@type":"ReadAction","target":["https:\/\/blogs.uninter.edu.mx\/difusioncultural\/?p=5646"]}]},{"@type":"ImageObject","inLanguage":"es","@id":"https:\/\/blogs.uninter.edu.mx\/difusioncultural\/?p=5646#primaryimage","url":"https:\/\/difusionculturaluninter.files.wordpress.com\/2017\/07\/colombia.jpg","contentUrl":"https:\/\/difusionculturaluninter.files.wordpress.com\/2017\/07\/colombia.jpg"},{"@type":"BreadcrumbList","@id":"https:\/\/blogs.uninter.edu.mx\/difusioncultural\/?p=5646#breadcrumb","itemListElement":[{"@type":"ListItem","position":1,"name":"Inicio","item":"https:\/\/blogs.uninter.edu.mx\/difusioncultural\/"},{"@type":"ListItem","position":2,"name":"Independencia de Colombia: \u00bfpor qu\u00e9 se celebra el 20 de julio?"}]},{"@type":"WebSite","@id":"https:\/\/blogs.uninter.edu.mx\/difusioncultural\/#website","url":"https:\/\/blogs.uninter.edu.mx\/difusioncultural\/","name":"Difusi\u00f3n Cultural","description":"UNINTER","publisher":{"@id":"https:\/\/blogs.uninter.edu.mx\/difusioncultural\/#organization"},"potentialAction":[{"@type":"SearchAction","target":{"@type":"EntryPoint","urlTemplate":"https:\/\/blogs.uninter.edu.mx\/difusioncultural\/?s={search_term_string}"},"query-input":{"@type":"PropertyValueSpecification","valueRequired":true,"valueName":"search_term_string"}}],"inLanguage":"es"},{"@type":"Organization","@id":"https:\/\/blogs.uninter.edu.mx\/difusioncultural\/#organization","name":"Difusi\u00f3n Cultural","url":"https:\/\/blogs.uninter.edu.mx\/difusioncultural\/","logo":{"@type":"ImageObject","inLanguage":"es","@id":"https:\/\/blogs.uninter.edu.mx\/difusioncultural\/#\/schema\/logo\/image\/","url":"https:\/\/blogs.uninter.edu.mx\/difusioncultural\/wp-content\/uploads\/2022\/09\/uninter.jpg","contentUrl":"https:\/\/blogs.uninter.edu.mx\/difusioncultural\/wp-content\/uploads\/2022\/09\/uninter.jpg","width":2048,"height":2048,"caption":"Difusi\u00f3n Cultural"},"image":{"@id":"https:\/\/blogs.uninter.edu.mx\/difusioncultural\/#\/schema\/logo\/image\/"}},{"@type":"Person","@id":"https:\/\/blogs.uninter.edu.mx\/difusioncultural\/#\/schema\/person\/37a0926f4dd300a814993fd595abdc4a","name":"webmaster","image":{"@type":"ImageObject","inLanguage":"es","@id":"https:\/\/blogs.uninter.edu.mx\/difusioncultural\/#\/schema\/person\/image\/","url":"https:\/\/secure.gravatar.com\/avatar\/a59c276b01147463ef3aab4118e3137ebc5e1ad6700deb39ccdf8b89e517f7dc?s=96&d=mm&r=g","contentUrl":"https:\/\/secure.gravatar.com\/avatar\/a59c276b01147463ef3aab4118e3137ebc5e1ad6700deb39ccdf8b89e517f7dc?s=96&d=mm&r=g","caption":"webmaster"},"sameAs":["https:\/\/blogs.uninter.edu.mx\/difusioncultural"],"url":"https:\/\/blogs.uninter.edu.mx\/difusioncultural\/?author=1"}]}},"jetpack_publicize_connections":[],"jetpack_featured_media_url":"","jetpack_sharing_enabled":true,"_links":{"self":[{"href":"https:\/\/blogs.uninter.edu.mx\/difusioncultural\/index.php?rest_route=\/wp\/v2\/posts\/5646","targetHints":{"allow":["GET"]}}],"collection":[{"href":"https:\/\/blogs.uninter.edu.mx\/difusioncultural\/index.php?rest_route=\/wp\/v2\/posts"}],"about":[{"href":"https:\/\/blogs.uninter.edu.mx\/difusioncultural\/index.php?rest_route=\/wp\/v2\/types\/post"}],"author":[{"embeddable":true,"href":"https:\/\/blogs.uninter.edu.mx\/difusioncultural\/index.php?rest_route=\/wp\/v2\/users\/1"}],"replies":[{"embeddable":true,"href":"https:\/\/blogs.uninter.edu.mx\/difusioncultural\/index.php?rest_route=%2Fwp%2Fv2%2Fcomments&post=5646"}],"version-history":[{"count":0,"href":"https:\/\/blogs.uninter.edu.mx\/difusioncultural\/index.php?rest_route=\/wp\/v2\/posts\/5646\/revisions"}],"wp:attachment":[{"href":"https:\/\/blogs.uninter.edu.mx\/difusioncultural\/index.php?rest_route=%2Fwp%2Fv2%2Fmedia&parent=5646"}],"wp:term":[{"taxonomy":"category","embeddable":true,"href":"https:\/\/blogs.uninter.edu.mx\/difusioncultural\/index.php?rest_route=%2Fwp%2Fv2%2Fcategories&post=5646"},{"taxonomy":"post_tag","embeddable":true,"href":"https:\/\/blogs.uninter.edu.mx\/difusioncultural\/index.php?rest_route=%2Fwp%2Fv2%2Ftags&post=5646"}],"curies":[{"name":"wp","href":"https:\/\/api.w.org\/{rel}","templated":true}]}}