{"id":5776,"date":"2017-09-13T15:22:17","date_gmt":"2017-09-13T20:22:17","guid":{"rendered":"https:\/\/difusionculturaluninter.wordpress.com\/?p=5776"},"modified":"2017-09-13T15:22:17","modified_gmt":"2017-09-13T20:22:17","slug":"dia-conmemorativo-de-los-ninos-heroes","status":"publish","type":"post","link":"https:\/\/blogs.uninter.edu.mx\/difusioncultural\/?p=5776","title":{"rendered":"D\u00eda conmemorativo de los ni\u00f1os h\u00e9roes"},"content":{"rendered":"<div class=\"navigation-bar\"><\/div>\n<h4><strong>Los Ni\u00f1os H\u00e9roes es el nombre \u00a0con el que se les conoce a los seis cadetes del\u00a0Colegio Militar de M\u00e9xico\u00a0que murieron durante su her\u00f3ica\u00a0defensa\u00a0del\u00a0Castillo de Chapultepec\u00a0durante la invasi\u00f3n de Estados Unidos en el a\u00f1o de 1847.<\/strong><\/h4>\n<h4><strong><img fetchpriority=\"high\" decoding=\"async\" class=\"alignnone size-full wp-image-5782\" style=\"font-weight:normal;\" src=\"https:\/\/difusionculturaluninter.files.wordpress.com\/2017\/09\/nic3b1os-heroes.jpg\" alt=\"ni\u00f1os-heroes\" width=\"630\" height=\"330\" \/><\/strong><\/h4>\n<h4><strong>Los seis cadetes fueron:<\/strong><\/h4>\n<ul>\n<li>\n<h4><strong><em>Juan de la Barrera<\/em><\/strong><\/h4>\n<\/li>\n<li>\n<h4><strong><em>Juan Escutia<\/em><\/strong><\/h4>\n<\/li>\n<li>\n<h4><strong><em>Francisco M\u00e1rquez<\/em><\/strong><\/h4>\n<\/li>\n<li>\n<h4><strong><em>Agustin Melgar<\/em><\/strong><\/h4>\n<\/li>\n<li>\n<h4><strong><em>Fernando Montes de Oca<\/em><\/strong><\/h4>\n<\/li>\n<li>\n<h4><strong><em>Vicente Su\u00e1rez<\/em><\/strong><\/h4>\n<\/li>\n<\/ul>\n<h4><\/h4>\n<h4><strong>Los\u00a0Ni\u00f1os H\u00e9roes\u00a0ten\u00edan entre\u00a014 y 19 a\u00f1os de edad, pues estaban recibiendo formaci\u00f3n en el Colegio Militar. Todos ellos murieron el\u00a013 de Septiembre de 1847\u00a0cuando el ej\u00e9rcito de Estados Unidos tom\u00f3 por asalto el Castillo de Chapultepec, en donde se ubicaba el Colegio Militar.<\/strong><\/h4>\n","protected":false},"excerpt":{"rendered":"<p>Los Ni\u00f1os H\u00e9roes es el nombre \u00a0con el que se les conoce a los seis cadetes del\u00a0Colegio Militar de M\u00e9xico\u00a0que murieron durante su her\u00f3ica\u00a0defensa\u00a0del\u00a0Castillo de Chapultepec\u00a0durante la invasi\u00f3n de Estados Unidos en el a\u00f1o de 1847. Los seis cadetes fueron: Juan de la Barrera Juan Escutia Francisco M\u00e1rquez Agustin Melgar Fernando Montes de Oca Vicente&hellip;<\/p>\n","protected":false},"author":1,"featured_media":0,"comment_status":"closed","ping_status":"open","sticky":false,"template":"","format":"standard","meta":{"_jetpack_memberships_contains_paid_content":false,"footnotes":"","jetpack_publicize_message":"","jetpack_publicize_feature_enabled":true,"jetpack_social_post_already_shared":false,"jetpack_social_options":{"image_generator_settings":{"template":"highway","default_image_id":0,"font":"","enabled":false},"version":2}},"categories":[1],"tags":[],"class_list":["post-5776","post","type-post","status-publish","format-standard","hentry","category-sin-categoria"],"yoast_head":"<!-- This site is optimized with the Yoast SEO plugin v26.3 - https:\/\/yoast.com\/wordpress\/plugins\/seo\/ -->\r\n<title>D\u00eda conmemorativo de los ni\u00f1os h\u00e9roes - Difusi\u00f3n Cultural<\/title>\r\n<meta name=\"robots\" content=\"index, follow, max-snippet:-1, max-image-preview:large, max-video-preview:-1\" \/>\r\n<link rel=\"canonical\" href=\"https:\/\/blogs.uninter.edu.mx\/difusioncultural\/?p=5776\" \/>\r\n<meta property=\"og:locale\" content=\"es_MX\" \/>\r\n<meta property=\"og:type\" content=\"article\" \/>\r\n<meta property=\"og:title\" content=\"D\u00eda conmemorativo de los ni\u00f1os h\u00e9roes - Difusi\u00f3n Cultural\" \/>\r\n<meta property=\"og:description\" content=\"Los Ni\u00f1os H\u00e9roes es el nombre \u00a0con el que se les conoce a los seis cadetes del\u00a0Colegio Militar de M\u00e9xico\u00a0que murieron durante su her\u00f3ica\u00a0defensa\u00a0del\u00a0Castillo de Chapultepec\u00a0durante la invasi\u00f3n de Estados Unidos en el a\u00f1o de 1847. Los seis cadetes fueron: Juan de la Barrera Juan Escutia Francisco M\u00e1rquez Agustin Melgar Fernando Montes de Oca Vicente&hellip;\" \/>\r\n<meta property=\"og:url\" content=\"https:\/\/blogs.uninter.edu.mx\/difusioncultural\/?p=5776\" \/>\r\n<meta property=\"og:site_name\" content=\"Difusi\u00f3n Cultural\" \/>\r\n<meta property=\"article:published_time\" content=\"2017-09-13T20:22:17+00:00\" \/>\r\n<meta property=\"og:image\" content=\"https:\/\/difusionculturaluninter.files.wordpress.com\/2017\/09\/nic3b1os-heroes.jpg\" \/>\r\n<meta name=\"author\" content=\"webmaster\" \/>\r\n<meta name=\"twitter:card\" content=\"summary_large_image\" \/>\r\n<meta name=\"twitter:label1\" content=\"Escrito por\" \/>\n\t<meta name=\"twitter:data1\" content=\"webmaster\" \/>\n\t<meta name=\"twitter:label2\" content=\"Tiempo de lectura\" \/>\n\t<meta name=\"twitter:data2\" content=\"1 minuto\" \/>\r\n<script type=\"application\/ld+json\" class=\"yoast-schema-graph\">{\"@context\":\"https:\/\/schema.org\",\"@graph\":[{\"@type\":\"Article\",\"@id\":\"https:\/\/blogs.uninter.edu.mx\/difusioncultural\/?p=5776#article\",\"isPartOf\":{\"@id\":\"https:\/\/blogs.uninter.edu.mx\/difusioncultural\/?p=5776\"},\"author\":{\"name\":\"webmaster\",\"@id\":\"https:\/\/blogs.uninter.edu.mx\/difusioncultural\/#\/schema\/person\/37a0926f4dd300a814993fd595abdc4a\"},\"headline\":\"D\u00eda conmemorativo de los ni\u00f1os h\u00e9roes\",\"datePublished\":\"2017-09-13T20:22:17+00:00\",\"mainEntityOfPage\":{\"@id\":\"https:\/\/blogs.uninter.edu.mx\/difusioncultural\/?p=5776\"},\"wordCount\":128,\"publisher\":{\"@id\":\"https:\/\/blogs.uninter.edu.mx\/difusioncultural\/#organization\"},\"image\":{\"@id\":\"https:\/\/blogs.uninter.edu.mx\/difusioncultural\/?p=5776#primaryimage\"},\"thumbnailUrl\":\"https:\/\/difusionculturaluninter.files.wordpress.com\/2017\/09\/nic3b1os-heroes.jpg\",\"inLanguage\":\"es\"},{\"@type\":\"WebPage\",\"@id\":\"https:\/\/blogs.uninter.edu.mx\/difusioncultural\/?p=5776\",\"url\":\"https:\/\/blogs.uninter.edu.mx\/difusioncultural\/?p=5776\",\"name\":\"D\u00eda conmemorativo de los ni\u00f1os h\u00e9roes - Difusi\u00f3n Cultural\",\"isPartOf\":{\"@id\":\"https:\/\/blogs.uninter.edu.mx\/difusioncultural\/#website\"},\"primaryImageOfPage\":{\"@id\":\"https:\/\/blogs.uninter.edu.mx\/difusioncultural\/?p=5776#primaryimage\"},\"image\":{\"@id\":\"https:\/\/blogs.uninter.edu.mx\/difusioncultural\/?p=5776#primaryimage\"},\"thumbnailUrl\":\"https:\/\/difusionculturaluninter.files.wordpress.com\/2017\/09\/nic3b1os-heroes.jpg\",\"datePublished\":\"2017-09-13T20:22:17+00:00\",\"breadcrumb\":{\"@id\":\"https:\/\/blogs.uninter.edu.mx\/difusioncultural\/?p=5776#breadcrumb\"},\"inLanguage\":\"es\",\"potentialAction\":[{\"@type\":\"ReadAction\",\"target\":[\"https:\/\/blogs.uninter.edu.mx\/difusioncultural\/?p=5776\"]}]},{\"@type\":\"ImageObject\",\"inLanguage\":\"es\",\"@id\":\"https:\/\/blogs.uninter.edu.mx\/difusioncultural\/?p=5776#primaryimage\",\"url\":\"https:\/\/difusionculturaluninter.files.wordpress.com\/2017\/09\/nic3b1os-heroes.jpg\",\"contentUrl\":\"https:\/\/difusionculturaluninter.files.wordpress.com\/2017\/09\/nic3b1os-heroes.jpg\"},{\"@type\":\"BreadcrumbList\",\"@id\":\"https:\/\/blogs.uninter.edu.mx\/difusioncultural\/?p=5776#breadcrumb\",\"itemListElement\":[{\"@type\":\"ListItem\",\"position\":1,\"name\":\"Inicio\",\"item\":\"https:\/\/blogs.uninter.edu.mx\/difusioncultural\/\"},{\"@type\":\"ListItem\",\"position\":2,\"name\":\"D\u00eda conmemorativo de los ni\u00f1os h\u00e9roes\"}]},{\"@type\":\"WebSite\",\"@id\":\"https:\/\/blogs.uninter.edu.mx\/difusioncultural\/#website\",\"url\":\"https:\/\/blogs.uninter.edu.mx\/difusioncultural\/\",\"name\":\"Difusi\u00f3n Cultural\",\"description\":\"UNINTER\",\"publisher\":{\"@id\":\"https:\/\/blogs.uninter.edu.mx\/difusioncultural\/#organization\"},\"potentialAction\":[{\"@type\":\"SearchAction\",\"target\":{\"@type\":\"EntryPoint\",\"urlTemplate\":\"https:\/\/blogs.uninter.edu.mx\/difusioncultural\/?s={search_term_string}\"},\"query-input\":{\"@type\":\"PropertyValueSpecification\",\"valueRequired\":true,\"valueName\":\"search_term_string\"}}],\"inLanguage\":\"es\"},{\"@type\":\"Organization\",\"@id\":\"https:\/\/blogs.uninter.edu.mx\/difusioncultural\/#organization\",\"name\":\"Difusi\u00f3n Cultural\",\"url\":\"https:\/\/blogs.uninter.edu.mx\/difusioncultural\/\",\"logo\":{\"@type\":\"ImageObject\",\"inLanguage\":\"es\",\"@id\":\"https:\/\/blogs.uninter.edu.mx\/difusioncultural\/#\/schema\/logo\/image\/\",\"url\":\"https:\/\/blogs.uninter.edu.mx\/difusioncultural\/wp-content\/uploads\/2022\/09\/uninter.jpg\",\"contentUrl\":\"https:\/\/blogs.uninter.edu.mx\/difusioncultural\/wp-content\/uploads\/2022\/09\/uninter.jpg\",\"width\":2048,\"height\":2048,\"caption\":\"Difusi\u00f3n Cultural\"},\"image\":{\"@id\":\"https:\/\/blogs.uninter.edu.mx\/difusioncultural\/#\/schema\/logo\/image\/\"}},{\"@type\":\"Person\",\"@id\":\"https:\/\/blogs.uninter.edu.mx\/difusioncultural\/#\/schema\/person\/37a0926f4dd300a814993fd595abdc4a\",\"name\":\"webmaster\",\"image\":{\"@type\":\"ImageObject\",\"inLanguage\":\"es\",\"@id\":\"https:\/\/blogs.uninter.edu.mx\/difusioncultural\/#\/schema\/person\/image\/\",\"url\":\"https:\/\/secure.gravatar.com\/avatar\/a59c276b01147463ef3aab4118e3137ebc5e1ad6700deb39ccdf8b89e517f7dc?s=96&d=mm&r=g\",\"contentUrl\":\"https:\/\/secure.gravatar.com\/avatar\/a59c276b01147463ef3aab4118e3137ebc5e1ad6700deb39ccdf8b89e517f7dc?s=96&d=mm&r=g\",\"caption\":\"webmaster\"},\"sameAs\":[\"https:\/\/blogs.uninter.edu.mx\/difusioncultural\"],\"url\":\"https:\/\/blogs.uninter.edu.mx\/difusioncultural\/?author=1\"}]}<\/script>\r\n<!-- \/ Yoast SEO plugin. -->","yoast_head_json":{"title":"D\u00eda conmemorativo de los ni\u00f1os h\u00e9roes - Difusi\u00f3n Cultural","robots":{"index":"index","follow":"follow","max-snippet":"max-snippet:-1","max-image-preview":"max-image-preview:large","max-video-preview":"max-video-preview:-1"},"canonical":"https:\/\/blogs.uninter.edu.mx\/difusioncultural\/?p=5776","og_locale":"es_MX","og_type":"article","og_title":"D\u00eda conmemorativo de los ni\u00f1os h\u00e9roes - Difusi\u00f3n Cultural","og_description":"Los Ni\u00f1os H\u00e9roes es el nombre \u00a0con el que se les conoce a los seis cadetes del\u00a0Colegio Militar de M\u00e9xico\u00a0que murieron durante su her\u00f3ica\u00a0defensa\u00a0del\u00a0Castillo de Chapultepec\u00a0durante la invasi\u00f3n de Estados Unidos en el a\u00f1o de 1847. Los seis cadetes fueron: Juan de la Barrera Juan Escutia Francisco M\u00e1rquez Agustin Melgar Fernando Montes de Oca Vicente&hellip;","og_url":"https:\/\/blogs.uninter.edu.mx\/difusioncultural\/?p=5776","og_site_name":"Difusi\u00f3n Cultural","article_published_time":"2017-09-13T20:22:17+00:00","og_image":[{"url":"https:\/\/difusionculturaluninter.files.wordpress.com\/2017\/09\/nic3b1os-heroes.jpg","type":"","width":"","height":""}],"author":"webmaster","twitter_card":"summary_large_image","twitter_misc":{"Escrito por":"webmaster","Tiempo de lectura":"1 minuto"},"schema":{"@context":"https:\/\/schema.org","@graph":[{"@type":"Article","@id":"https:\/\/blogs.uninter.edu.mx\/difusioncultural\/?p=5776#article","isPartOf":{"@id":"https:\/\/blogs.uninter.edu.mx\/difusioncultural\/?p=5776"},"author":{"name":"webmaster","@id":"https:\/\/blogs.uninter.edu.mx\/difusioncultural\/#\/schema\/person\/37a0926f4dd300a814993fd595abdc4a"},"headline":"D\u00eda conmemorativo de los ni\u00f1os h\u00e9roes","datePublished":"2017-09-13T20:22:17+00:00","mainEntityOfPage":{"@id":"https:\/\/blogs.uninter.edu.mx\/difusioncultural\/?p=5776"},"wordCount":128,"publisher":{"@id":"https:\/\/blogs.uninter.edu.mx\/difusioncultural\/#organization"},"image":{"@id":"https:\/\/blogs.uninter.edu.mx\/difusioncultural\/?p=5776#primaryimage"},"thumbnailUrl":"https:\/\/difusionculturaluninter.files.wordpress.com\/2017\/09\/nic3b1os-heroes.jpg","inLanguage":"es"},{"@type":"WebPage","@id":"https:\/\/blogs.uninter.edu.mx\/difusioncultural\/?p=5776","url":"https:\/\/blogs.uninter.edu.mx\/difusioncultural\/?p=5776","name":"D\u00eda conmemorativo de los ni\u00f1os h\u00e9roes - Difusi\u00f3n Cultural","isPartOf":{"@id":"https:\/\/blogs.uninter.edu.mx\/difusioncultural\/#website"},"primaryImageOfPage":{"@id":"https:\/\/blogs.uninter.edu.mx\/difusioncultural\/?p=5776#primaryimage"},"image":{"@id":"https:\/\/blogs.uninter.edu.mx\/difusioncultural\/?p=5776#primaryimage"},"thumbnailUrl":"https:\/\/difusionculturaluninter.files.wordpress.com\/2017\/09\/nic3b1os-heroes.jpg","datePublished":"2017-09-13T20:22:17+00:00","breadcrumb":{"@id":"https:\/\/blogs.uninter.edu.mx\/difusioncultural\/?p=5776#breadcrumb"},"inLanguage":"es","potentialAction":[{"@type":"ReadAction","target":["https:\/\/blogs.uninter.edu.mx\/difusioncultural\/?p=5776"]}]},{"@type":"ImageObject","inLanguage":"es","@id":"https:\/\/blogs.uninter.edu.mx\/difusioncultural\/?p=5776#primaryimage","url":"https:\/\/difusionculturaluninter.files.wordpress.com\/2017\/09\/nic3b1os-heroes.jpg","contentUrl":"https:\/\/difusionculturaluninter.files.wordpress.com\/2017\/09\/nic3b1os-heroes.jpg"},{"@type":"BreadcrumbList","@id":"https:\/\/blogs.uninter.edu.mx\/difusioncultural\/?p=5776#breadcrumb","itemListElement":[{"@type":"ListItem","position":1,"name":"Inicio","item":"https:\/\/blogs.uninter.edu.mx\/difusioncultural\/"},{"@type":"ListItem","position":2,"name":"D\u00eda conmemorativo de los ni\u00f1os h\u00e9roes"}]},{"@type":"WebSite","@id":"https:\/\/blogs.uninter.edu.mx\/difusioncultural\/#website","url":"https:\/\/blogs.uninter.edu.mx\/difusioncultural\/","name":"Difusi\u00f3n Cultural","description":"UNINTER","publisher":{"@id":"https:\/\/blogs.uninter.edu.mx\/difusioncultural\/#organization"},"potentialAction":[{"@type":"SearchAction","target":{"@type":"EntryPoint","urlTemplate":"https:\/\/blogs.uninter.edu.mx\/difusioncultural\/?s={search_term_string}"},"query-input":{"@type":"PropertyValueSpecification","valueRequired":true,"valueName":"search_term_string"}}],"inLanguage":"es"},{"@type":"Organization","@id":"https:\/\/blogs.uninter.edu.mx\/difusioncultural\/#organization","name":"Difusi\u00f3n Cultural","url":"https:\/\/blogs.uninter.edu.mx\/difusioncultural\/","logo":{"@type":"ImageObject","inLanguage":"es","@id":"https:\/\/blogs.uninter.edu.mx\/difusioncultural\/#\/schema\/logo\/image\/","url":"https:\/\/blogs.uninter.edu.mx\/difusioncultural\/wp-content\/uploads\/2022\/09\/uninter.jpg","contentUrl":"https:\/\/blogs.uninter.edu.mx\/difusioncultural\/wp-content\/uploads\/2022\/09\/uninter.jpg","width":2048,"height":2048,"caption":"Difusi\u00f3n Cultural"},"image":{"@id":"https:\/\/blogs.uninter.edu.mx\/difusioncultural\/#\/schema\/logo\/image\/"}},{"@type":"Person","@id":"https:\/\/blogs.uninter.edu.mx\/difusioncultural\/#\/schema\/person\/37a0926f4dd300a814993fd595abdc4a","name":"webmaster","image":{"@type":"ImageObject","inLanguage":"es","@id":"https:\/\/blogs.uninter.edu.mx\/difusioncultural\/#\/schema\/person\/image\/","url":"https:\/\/secure.gravatar.com\/avatar\/a59c276b01147463ef3aab4118e3137ebc5e1ad6700deb39ccdf8b89e517f7dc?s=96&d=mm&r=g","contentUrl":"https:\/\/secure.gravatar.com\/avatar\/a59c276b01147463ef3aab4118e3137ebc5e1ad6700deb39ccdf8b89e517f7dc?s=96&d=mm&r=g","caption":"webmaster"},"sameAs":["https:\/\/blogs.uninter.edu.mx\/difusioncultural"],"url":"https:\/\/blogs.uninter.edu.mx\/difusioncultural\/?author=1"}]}},"jetpack_publicize_connections":[],"jetpack_featured_media_url":"","jetpack_sharing_enabled":true,"_links":{"self":[{"href":"https:\/\/blogs.uninter.edu.mx\/difusioncultural\/index.php?rest_route=\/wp\/v2\/posts\/5776","targetHints":{"allow":["GET"]}}],"collection":[{"href":"https:\/\/blogs.uninter.edu.mx\/difusioncultural\/index.php?rest_route=\/wp\/v2\/posts"}],"about":[{"href":"https:\/\/blogs.uninter.edu.mx\/difusioncultural\/index.php?rest_route=\/wp\/v2\/types\/post"}],"author":[{"embeddable":true,"href":"https:\/\/blogs.uninter.edu.mx\/difusioncultural\/index.php?rest_route=\/wp\/v2\/users\/1"}],"replies":[{"embeddable":true,"href":"https:\/\/blogs.uninter.edu.mx\/difusioncultural\/index.php?rest_route=%2Fwp%2Fv2%2Fcomments&post=5776"}],"version-history":[{"count":0,"href":"https:\/\/blogs.uninter.edu.mx\/difusioncultural\/index.php?rest_route=\/wp\/v2\/posts\/5776\/revisions"}],"wp:attachment":[{"href":"https:\/\/blogs.uninter.edu.mx\/difusioncultural\/index.php?rest_route=%2Fwp%2Fv2%2Fmedia&parent=5776"}],"wp:term":[{"taxonomy":"category","embeddable":true,"href":"https:\/\/blogs.uninter.edu.mx\/difusioncultural\/index.php?rest_route=%2Fwp%2Fv2%2Fcategories&post=5776"},{"taxonomy":"post_tag","embeddable":true,"href":"https:\/\/blogs.uninter.edu.mx\/difusioncultural\/index.php?rest_route=%2Fwp%2Fv2%2Ftags&post=5776"}],"curies":[{"name":"wp","href":"https:\/\/api.w.org\/{rel}","templated":true}]}}