{"id":5940,"date":"2017-12-19T10:39:09","date_gmt":"2017-12-19T16:39:09","guid":{"rendered":"https:\/\/difusionculturaluninter.wordpress.com\/?p=5940"},"modified":"2017-12-19T10:39:09","modified_gmt":"2017-12-19T16:39:09","slug":"edith-piaf","status":"publish","type":"post","link":"https:\/\/blogs.uninter.edu.mx\/difusioncultural\/?p=5940","title":{"rendered":"EDITH PIAF."},"content":{"rendered":"<p><img fetchpriority=\"high\" decoding=\"async\" class=\"irc_mi\" src=\"https:\/\/www.biography.com\/.image\/t_share\/MTQzMjg0NDA3OTg4Mzk3NjM5\/edith-piaf_gettyimages-104500550-1jpg.jpg\" alt=\"Resultado de imagen para edith piaf\" width=\"469\" height=\"469\" \/><\/p>\n<p>Par\u00eds, 19 de Diciembre 1915 &#8211; Provenza, 10 de Octubre1963.<\/p>\n<p class=\"parrafo first-parrafo\">Cantante y letrista francesa su primer \u00e9xito lleg\u00f3 cuando ten\u00eda 20. Gracias a Louis Lepl\u00e9e, quien la llam\u00f3 &#8220;La M\u00f4me Piaf&#8221; (chica gorri\u00f3n), lanz\u00f3 su primer disco.<\/p>\n<p class=\"parrafo first-parrafo\">Despu\u00e9s conoci\u00f3 a\u00a0 el compositor Raymond Asso y a la pianista\u00a0Marguerite Monnot, que le acompa\u00f1ar\u00eda durante toda su carrera y en el a\u00f1o 1946 grab\u00f3 &#8220;La vie en Rose&#8221;, una de sus canciones m\u00e1s famosas.<\/p>\n<p class=\"parrafo first-parrafo\">Marion Cotillard se gan\u00f3 un Oscar por interpretar a\u00a0<strong>Edith Piaf\u00a0<\/strong>en la pel\u00edcula &#8220;La vie en Rose&#8221; y en el Per\u00fa Patricia Barreto ha hecho lo mismo para las tablas. \u00bfPor qu\u00e9 conocer a esta mujer, entonces? Pues es un claro ejemplo de que la voz sale del alma.<\/p>\n<p class=\"parrafo first-parrafo\">Cien a\u00f1os despu\u00e9s, en Par\u00eds, se luce una estatua de bronce de\u00a0<strong>Edith Piaf.\u00a0<\/strong>Son varios los que se sientan frente a ella para tomar vino y hablar de los problemas cotidianos, de las tragedias, de lo que se tiene. El homenaje perfecto.<\/p>\n","protected":false},"excerpt":{"rendered":"<p>Par\u00eds, 19 de Diciembre 1915 &#8211; Provenza, 10 de Octubre1963. Cantante y letrista francesa su primer \u00e9xito lleg\u00f3 cuando ten\u00eda 20. Gracias a Louis Lepl\u00e9e, quien la llam\u00f3 &#8220;La M\u00f4me Piaf&#8221; (chica gorri\u00f3n), lanz\u00f3 su primer disco. Despu\u00e9s conoci\u00f3 a\u00a0 el compositor Raymond Asso y a la pianista\u00a0Marguerite Monnot, que le acompa\u00f1ar\u00eda durante toda su&hellip;<\/p>\n","protected":false},"author":1,"featured_media":0,"comment_status":"closed","ping_status":"open","sticky":false,"template":"","format":"standard","meta":{"_jetpack_memberships_contains_paid_content":false,"footnotes":"","jetpack_publicize_message":"","jetpack_publicize_feature_enabled":true,"jetpack_social_post_already_shared":false,"jetpack_social_options":{"image_generator_settings":{"template":"highway","default_image_id":0,"font":"","enabled":false},"version":2}},"categories":[1],"tags":[],"class_list":["post-5940","post","type-post","status-publish","format-standard","hentry","category-sin-categoria"],"yoast_head":"<!-- This site is optimized with the Yoast SEO plugin v26.3 - https:\/\/yoast.com\/wordpress\/plugins\/seo\/ -->\r\n<title>EDITH PIAF. - Difusi\u00f3n Cultural<\/title>\r\n<meta name=\"robots\" content=\"index, follow, max-snippet:-1, max-image-preview:large, max-video-preview:-1\" \/>\r\n<link rel=\"canonical\" href=\"https:\/\/blogs.uninter.edu.mx\/difusioncultural\/?p=5940\" \/>\r\n<meta property=\"og:locale\" content=\"es_MX\" \/>\r\n<meta property=\"og:type\" content=\"article\" \/>\r\n<meta property=\"og:title\" content=\"EDITH PIAF. - Difusi\u00f3n Cultural\" \/>\r\n<meta property=\"og:description\" content=\"Par\u00eds, 19 de Diciembre 1915 &#8211; Provenza, 10 de Octubre1963. Cantante y letrista francesa su primer \u00e9xito lleg\u00f3 cuando ten\u00eda 20. Gracias a Louis Lepl\u00e9e, quien la llam\u00f3 &#8220;La M\u00f4me Piaf&#8221; (chica gorri\u00f3n), lanz\u00f3 su primer disco. Despu\u00e9s conoci\u00f3 a\u00a0 el compositor Raymond Asso y a la pianista\u00a0Marguerite Monnot, que le acompa\u00f1ar\u00eda durante toda su&hellip;\" \/>\r\n<meta property=\"og:url\" content=\"https:\/\/blogs.uninter.edu.mx\/difusioncultural\/?p=5940\" \/>\r\n<meta property=\"og:site_name\" content=\"Difusi\u00f3n Cultural\" \/>\r\n<meta property=\"article:published_time\" content=\"2017-12-19T16:39:09+00:00\" \/>\r\n<meta property=\"og:image\" content=\"https:\/\/www.biography.com\/.image\/t_share\/MTQzMjg0NDA3OTg4Mzk3NjM5\/edith-piaf_gettyimages-104500550-1jpg.jpg\" \/>\r\n<meta name=\"author\" content=\"webmaster\" \/>\r\n<meta name=\"twitter:card\" content=\"summary_large_image\" \/>\r\n<meta name=\"twitter:label1\" content=\"Escrito por\" \/>\n\t<meta name=\"twitter:data1\" content=\"webmaster\" \/>\n\t<meta name=\"twitter:label2\" content=\"Tiempo de lectura\" \/>\n\t<meta name=\"twitter:data2\" content=\"1 minuto\" \/>\r\n<script type=\"application\/ld+json\" class=\"yoast-schema-graph\">{\"@context\":\"https:\/\/schema.org\",\"@graph\":[{\"@type\":\"Article\",\"@id\":\"https:\/\/blogs.uninter.edu.mx\/difusioncultural\/?p=5940#article\",\"isPartOf\":{\"@id\":\"https:\/\/blogs.uninter.edu.mx\/difusioncultural\/?p=5940\"},\"author\":{\"name\":\"webmaster\",\"@id\":\"https:\/\/blogs.uninter.edu.mx\/difusioncultural\/#\/schema\/person\/37a0926f4dd300a814993fd595abdc4a\"},\"headline\":\"EDITH PIAF.\",\"datePublished\":\"2017-12-19T16:39:09+00:00\",\"mainEntityOfPage\":{\"@id\":\"https:\/\/blogs.uninter.edu.mx\/difusioncultural\/?p=5940\"},\"wordCount\":177,\"publisher\":{\"@id\":\"https:\/\/blogs.uninter.edu.mx\/difusioncultural\/#organization\"},\"image\":{\"@id\":\"https:\/\/blogs.uninter.edu.mx\/difusioncultural\/?p=5940#primaryimage\"},\"thumbnailUrl\":\"https:\/\/www.biography.com\/.image\/t_share\/MTQzMjg0NDA3OTg4Mzk3NjM5\/edith-piaf_gettyimages-104500550-1jpg.jpg\",\"inLanguage\":\"es\"},{\"@type\":\"WebPage\",\"@id\":\"https:\/\/blogs.uninter.edu.mx\/difusioncultural\/?p=5940\",\"url\":\"https:\/\/blogs.uninter.edu.mx\/difusioncultural\/?p=5940\",\"name\":\"EDITH PIAF. - Difusi\u00f3n Cultural\",\"isPartOf\":{\"@id\":\"https:\/\/blogs.uninter.edu.mx\/difusioncultural\/#website\"},\"primaryImageOfPage\":{\"@id\":\"https:\/\/blogs.uninter.edu.mx\/difusioncultural\/?p=5940#primaryimage\"},\"image\":{\"@id\":\"https:\/\/blogs.uninter.edu.mx\/difusioncultural\/?p=5940#primaryimage\"},\"thumbnailUrl\":\"https:\/\/www.biography.com\/.image\/t_share\/MTQzMjg0NDA3OTg4Mzk3NjM5\/edith-piaf_gettyimages-104500550-1jpg.jpg\",\"datePublished\":\"2017-12-19T16:39:09+00:00\",\"breadcrumb\":{\"@id\":\"https:\/\/blogs.uninter.edu.mx\/difusioncultural\/?p=5940#breadcrumb\"},\"inLanguage\":\"es\",\"potentialAction\":[{\"@type\":\"ReadAction\",\"target\":[\"https:\/\/blogs.uninter.edu.mx\/difusioncultural\/?p=5940\"]}]},{\"@type\":\"ImageObject\",\"inLanguage\":\"es\",\"@id\":\"https:\/\/blogs.uninter.edu.mx\/difusioncultural\/?p=5940#primaryimage\",\"url\":\"https:\/\/www.biography.com\/.image\/t_share\/MTQzMjg0NDA3OTg4Mzk3NjM5\/edith-piaf_gettyimages-104500550-1jpg.jpg\",\"contentUrl\":\"https:\/\/www.biography.com\/.image\/t_share\/MTQzMjg0NDA3OTg4Mzk3NjM5\/edith-piaf_gettyimages-104500550-1jpg.jpg\"},{\"@type\":\"BreadcrumbList\",\"@id\":\"https:\/\/blogs.uninter.edu.mx\/difusioncultural\/?p=5940#breadcrumb\",\"itemListElement\":[{\"@type\":\"ListItem\",\"position\":1,\"name\":\"Inicio\",\"item\":\"https:\/\/blogs.uninter.edu.mx\/difusioncultural\/\"},{\"@type\":\"ListItem\",\"position\":2,\"name\":\"EDITH PIAF.\"}]},{\"@type\":\"WebSite\",\"@id\":\"https:\/\/blogs.uninter.edu.mx\/difusioncultural\/#website\",\"url\":\"https:\/\/blogs.uninter.edu.mx\/difusioncultural\/\",\"name\":\"Difusi\u00f3n Cultural\",\"description\":\"UNINTER\",\"publisher\":{\"@id\":\"https:\/\/blogs.uninter.edu.mx\/difusioncultural\/#organization\"},\"potentialAction\":[{\"@type\":\"SearchAction\",\"target\":{\"@type\":\"EntryPoint\",\"urlTemplate\":\"https:\/\/blogs.uninter.edu.mx\/difusioncultural\/?s={search_term_string}\"},\"query-input\":{\"@type\":\"PropertyValueSpecification\",\"valueRequired\":true,\"valueName\":\"search_term_string\"}}],\"inLanguage\":\"es\"},{\"@type\":\"Organization\",\"@id\":\"https:\/\/blogs.uninter.edu.mx\/difusioncultural\/#organization\",\"name\":\"Difusi\u00f3n Cultural\",\"url\":\"https:\/\/blogs.uninter.edu.mx\/difusioncultural\/\",\"logo\":{\"@type\":\"ImageObject\",\"inLanguage\":\"es\",\"@id\":\"https:\/\/blogs.uninter.edu.mx\/difusioncultural\/#\/schema\/logo\/image\/\",\"url\":\"https:\/\/blogs.uninter.edu.mx\/difusioncultural\/wp-content\/uploads\/2022\/09\/uninter.jpg\",\"contentUrl\":\"https:\/\/blogs.uninter.edu.mx\/difusioncultural\/wp-content\/uploads\/2022\/09\/uninter.jpg\",\"width\":2048,\"height\":2048,\"caption\":\"Difusi\u00f3n Cultural\"},\"image\":{\"@id\":\"https:\/\/blogs.uninter.edu.mx\/difusioncultural\/#\/schema\/logo\/image\/\"}},{\"@type\":\"Person\",\"@id\":\"https:\/\/blogs.uninter.edu.mx\/difusioncultural\/#\/schema\/person\/37a0926f4dd300a814993fd595abdc4a\",\"name\":\"webmaster\",\"image\":{\"@type\":\"ImageObject\",\"inLanguage\":\"es\",\"@id\":\"https:\/\/blogs.uninter.edu.mx\/difusioncultural\/#\/schema\/person\/image\/\",\"url\":\"https:\/\/secure.gravatar.com\/avatar\/a59c276b01147463ef3aab4118e3137ebc5e1ad6700deb39ccdf8b89e517f7dc?s=96&d=mm&r=g\",\"contentUrl\":\"https:\/\/secure.gravatar.com\/avatar\/a59c276b01147463ef3aab4118e3137ebc5e1ad6700deb39ccdf8b89e517f7dc?s=96&d=mm&r=g\",\"caption\":\"webmaster\"},\"sameAs\":[\"https:\/\/blogs.uninter.edu.mx\/difusioncultural\"],\"url\":\"https:\/\/blogs.uninter.edu.mx\/difusioncultural\/?author=1\"}]}<\/script>\r\n<!-- \/ Yoast SEO plugin. -->","yoast_head_json":{"title":"EDITH PIAF. - Difusi\u00f3n Cultural","robots":{"index":"index","follow":"follow","max-snippet":"max-snippet:-1","max-image-preview":"max-image-preview:large","max-video-preview":"max-video-preview:-1"},"canonical":"https:\/\/blogs.uninter.edu.mx\/difusioncultural\/?p=5940","og_locale":"es_MX","og_type":"article","og_title":"EDITH PIAF. - Difusi\u00f3n Cultural","og_description":"Par\u00eds, 19 de Diciembre 1915 &#8211; Provenza, 10 de Octubre1963. Cantante y letrista francesa su primer \u00e9xito lleg\u00f3 cuando ten\u00eda 20. Gracias a Louis Lepl\u00e9e, quien la llam\u00f3 &#8220;La M\u00f4me Piaf&#8221; (chica gorri\u00f3n), lanz\u00f3 su primer disco. Despu\u00e9s conoci\u00f3 a\u00a0 el compositor Raymond Asso y a la pianista\u00a0Marguerite Monnot, que le acompa\u00f1ar\u00eda durante toda su&hellip;","og_url":"https:\/\/blogs.uninter.edu.mx\/difusioncultural\/?p=5940","og_site_name":"Difusi\u00f3n Cultural","article_published_time":"2017-12-19T16:39:09+00:00","og_image":[{"url":"https:\/\/www.biography.com\/.image\/t_share\/MTQzMjg0NDA3OTg4Mzk3NjM5\/edith-piaf_gettyimages-104500550-1jpg.jpg","type":"","width":"","height":""}],"author":"webmaster","twitter_card":"summary_large_image","twitter_misc":{"Escrito por":"webmaster","Tiempo de lectura":"1 minuto"},"schema":{"@context":"https:\/\/schema.org","@graph":[{"@type":"Article","@id":"https:\/\/blogs.uninter.edu.mx\/difusioncultural\/?p=5940#article","isPartOf":{"@id":"https:\/\/blogs.uninter.edu.mx\/difusioncultural\/?p=5940"},"author":{"name":"webmaster","@id":"https:\/\/blogs.uninter.edu.mx\/difusioncultural\/#\/schema\/person\/37a0926f4dd300a814993fd595abdc4a"},"headline":"EDITH PIAF.","datePublished":"2017-12-19T16:39:09+00:00","mainEntityOfPage":{"@id":"https:\/\/blogs.uninter.edu.mx\/difusioncultural\/?p=5940"},"wordCount":177,"publisher":{"@id":"https:\/\/blogs.uninter.edu.mx\/difusioncultural\/#organization"},"image":{"@id":"https:\/\/blogs.uninter.edu.mx\/difusioncultural\/?p=5940#primaryimage"},"thumbnailUrl":"https:\/\/www.biography.com\/.image\/t_share\/MTQzMjg0NDA3OTg4Mzk3NjM5\/edith-piaf_gettyimages-104500550-1jpg.jpg","inLanguage":"es"},{"@type":"WebPage","@id":"https:\/\/blogs.uninter.edu.mx\/difusioncultural\/?p=5940","url":"https:\/\/blogs.uninter.edu.mx\/difusioncultural\/?p=5940","name":"EDITH PIAF. - Difusi\u00f3n Cultural","isPartOf":{"@id":"https:\/\/blogs.uninter.edu.mx\/difusioncultural\/#website"},"primaryImageOfPage":{"@id":"https:\/\/blogs.uninter.edu.mx\/difusioncultural\/?p=5940#primaryimage"},"image":{"@id":"https:\/\/blogs.uninter.edu.mx\/difusioncultural\/?p=5940#primaryimage"},"thumbnailUrl":"https:\/\/www.biography.com\/.image\/t_share\/MTQzMjg0NDA3OTg4Mzk3NjM5\/edith-piaf_gettyimages-104500550-1jpg.jpg","datePublished":"2017-12-19T16:39:09+00:00","breadcrumb":{"@id":"https:\/\/blogs.uninter.edu.mx\/difusioncultural\/?p=5940#breadcrumb"},"inLanguage":"es","potentialAction":[{"@type":"ReadAction","target":["https:\/\/blogs.uninter.edu.mx\/difusioncultural\/?p=5940"]}]},{"@type":"ImageObject","inLanguage":"es","@id":"https:\/\/blogs.uninter.edu.mx\/difusioncultural\/?p=5940#primaryimage","url":"https:\/\/www.biography.com\/.image\/t_share\/MTQzMjg0NDA3OTg4Mzk3NjM5\/edith-piaf_gettyimages-104500550-1jpg.jpg","contentUrl":"https:\/\/www.biography.com\/.image\/t_share\/MTQzMjg0NDA3OTg4Mzk3NjM5\/edith-piaf_gettyimages-104500550-1jpg.jpg"},{"@type":"BreadcrumbList","@id":"https:\/\/blogs.uninter.edu.mx\/difusioncultural\/?p=5940#breadcrumb","itemListElement":[{"@type":"ListItem","position":1,"name":"Inicio","item":"https:\/\/blogs.uninter.edu.mx\/difusioncultural\/"},{"@type":"ListItem","position":2,"name":"EDITH PIAF."}]},{"@type":"WebSite","@id":"https:\/\/blogs.uninter.edu.mx\/difusioncultural\/#website","url":"https:\/\/blogs.uninter.edu.mx\/difusioncultural\/","name":"Difusi\u00f3n Cultural","description":"UNINTER","publisher":{"@id":"https:\/\/blogs.uninter.edu.mx\/difusioncultural\/#organization"},"potentialAction":[{"@type":"SearchAction","target":{"@type":"EntryPoint","urlTemplate":"https:\/\/blogs.uninter.edu.mx\/difusioncultural\/?s={search_term_string}"},"query-input":{"@type":"PropertyValueSpecification","valueRequired":true,"valueName":"search_term_string"}}],"inLanguage":"es"},{"@type":"Organization","@id":"https:\/\/blogs.uninter.edu.mx\/difusioncultural\/#organization","name":"Difusi\u00f3n Cultural","url":"https:\/\/blogs.uninter.edu.mx\/difusioncultural\/","logo":{"@type":"ImageObject","inLanguage":"es","@id":"https:\/\/blogs.uninter.edu.mx\/difusioncultural\/#\/schema\/logo\/image\/","url":"https:\/\/blogs.uninter.edu.mx\/difusioncultural\/wp-content\/uploads\/2022\/09\/uninter.jpg","contentUrl":"https:\/\/blogs.uninter.edu.mx\/difusioncultural\/wp-content\/uploads\/2022\/09\/uninter.jpg","width":2048,"height":2048,"caption":"Difusi\u00f3n Cultural"},"image":{"@id":"https:\/\/blogs.uninter.edu.mx\/difusioncultural\/#\/schema\/logo\/image\/"}},{"@type":"Person","@id":"https:\/\/blogs.uninter.edu.mx\/difusioncultural\/#\/schema\/person\/37a0926f4dd300a814993fd595abdc4a","name":"webmaster","image":{"@type":"ImageObject","inLanguage":"es","@id":"https:\/\/blogs.uninter.edu.mx\/difusioncultural\/#\/schema\/person\/image\/","url":"https:\/\/secure.gravatar.com\/avatar\/a59c276b01147463ef3aab4118e3137ebc5e1ad6700deb39ccdf8b89e517f7dc?s=96&d=mm&r=g","contentUrl":"https:\/\/secure.gravatar.com\/avatar\/a59c276b01147463ef3aab4118e3137ebc5e1ad6700deb39ccdf8b89e517f7dc?s=96&d=mm&r=g","caption":"webmaster"},"sameAs":["https:\/\/blogs.uninter.edu.mx\/difusioncultural"],"url":"https:\/\/blogs.uninter.edu.mx\/difusioncultural\/?author=1"}]}},"jetpack_publicize_connections":[],"jetpack_featured_media_url":"","jetpack_sharing_enabled":true,"_links":{"self":[{"href":"https:\/\/blogs.uninter.edu.mx\/difusioncultural\/index.php?rest_route=\/wp\/v2\/posts\/5940","targetHints":{"allow":["GET"]}}],"collection":[{"href":"https:\/\/blogs.uninter.edu.mx\/difusioncultural\/index.php?rest_route=\/wp\/v2\/posts"}],"about":[{"href":"https:\/\/blogs.uninter.edu.mx\/difusioncultural\/index.php?rest_route=\/wp\/v2\/types\/post"}],"author":[{"embeddable":true,"href":"https:\/\/blogs.uninter.edu.mx\/difusioncultural\/index.php?rest_route=\/wp\/v2\/users\/1"}],"replies":[{"embeddable":true,"href":"https:\/\/blogs.uninter.edu.mx\/difusioncultural\/index.php?rest_route=%2Fwp%2Fv2%2Fcomments&post=5940"}],"version-history":[{"count":0,"href":"https:\/\/blogs.uninter.edu.mx\/difusioncultural\/index.php?rest_route=\/wp\/v2\/posts\/5940\/revisions"}],"wp:attachment":[{"href":"https:\/\/blogs.uninter.edu.mx\/difusioncultural\/index.php?rest_route=%2Fwp%2Fv2%2Fmedia&parent=5940"}],"wp:term":[{"taxonomy":"category","embeddable":true,"href":"https:\/\/blogs.uninter.edu.mx\/difusioncultural\/index.php?rest_route=%2Fwp%2Fv2%2Fcategories&post=5940"},{"taxonomy":"post_tag","embeddable":true,"href":"https:\/\/blogs.uninter.edu.mx\/difusioncultural\/index.php?rest_route=%2Fwp%2Fv2%2Ftags&post=5940"}],"curies":[{"name":"wp","href":"https:\/\/api.w.org\/{rel}","templated":true}]}}