{"id":5974,"date":"2018-01-26T13:00:26","date_gmt":"2018-01-26T19:00:26","guid":{"rendered":"https:\/\/difusionculturaluninter.wordpress.com\/?p=5974"},"modified":"2018-01-26T13:00:26","modified_gmt":"2018-01-26T19:00:26","slug":"natalicio-de-justo-sierra","status":"publish","type":"post","link":"https:\/\/blogs.uninter.edu.mx\/difusioncultural\/?p=5974","title":{"rendered":"NATALICIO DE JUSTO SIERRA."},"content":{"rendered":"<h1><\/h1>\n<p>26 DE ENERO DE 1848 &#8211; 13 DE SEPTIEMBRE DE 1912.<\/p>\n<p>Justo Sierra M\u00e9ndez.\u00a0Fu\u00e9 un escritor, pol\u00edtico, Abogado y periodista hijo de\u00a0Justo Sierra O&#8217;Reilly y de Concepci\u00f3n M\u00e9ndez.<\/p>\n<p>Dicipulo de Manuel Altamirano quien lo\u00a0llev\u00f3 a participar en las tertulias literarias donde gana atenci\u00f3n y relaciones que proporcionan su contribuci\u00f3n al periodismo y al pensamiento de la \u00e9poca.<\/p>\n<p>Inicia en el periodismo con el \u00a0peri\u00f3dico El Monitor Republicano con una secci\u00f3n nombrada \u201cConversaciones del Domingo\u201d.<\/p>\n<p>Fu\u00e9 colaborador de <b>El Renacimiento<\/b> y muchos otros peri\u00f3dicos donde public\u00f3 cuentos, cr\u00f3nicas de viaje, versos. <b>Secretario de Instrucci\u00f3n P\u00fablica y Bellas Artes <\/b>durante el r\u00e9gimen del general Porfirio D\u00edaz, se convirti\u00f3, como <b>positivista\u00a0<\/b>y luego como <b><i>spenceriano<\/i><\/b>, en uno de los m\u00e1s importantes promotores de su proyecto educativo: fund\u00f3 la hoy <b>Universidad Nacional Aut\u00f3noma de M\u00e9xico<\/b>(1910).<\/p>\n<p>Destacan sus ensayos <b>Evoluci\u00f3n pol\u00edtica del pueblo mexicano<\/b> (1900-1902) y Ju\u00e1rez<b>, su obra y su tiempo<\/b> (1906).<\/p>\n<p>&nbsp;<\/p>\n<p><img decoding=\"async\" src=\"http:\/\/www.educacionyculturaaz.com\/wp-content\/uploads\/2017\/10\/justo-sierra-mc3a9ndez1.jpg\" alt=\"Resultado de imagen para justo sierra\" \/><\/p>\n","protected":false},"excerpt":{"rendered":"<p>26 DE ENERO DE 1848 &#8211; 13 DE SEPTIEMBRE DE 1912. Justo Sierra M\u00e9ndez.\u00a0Fu\u00e9 un escritor, pol\u00edtico, Abogado y periodista hijo de\u00a0Justo Sierra O&#8217;Reilly y de Concepci\u00f3n M\u00e9ndez. Dicipulo de Manuel Altamirano quien lo\u00a0llev\u00f3 a participar en las tertulias literarias donde gana atenci\u00f3n y relaciones que proporcionan su contribuci\u00f3n al periodismo y al pensamiento de&hellip;<\/p>\n","protected":false},"author":1,"featured_media":0,"comment_status":"closed","ping_status":"open","sticky":false,"template":"","format":"standard","meta":{"_jetpack_memberships_contains_paid_content":false,"footnotes":"","jetpack_publicize_message":"","jetpack_publicize_feature_enabled":true,"jetpack_social_post_already_shared":false,"jetpack_social_options":{"image_generator_settings":{"template":"highway","default_image_id":0,"font":"","enabled":false},"version":2}},"categories":[1],"tags":[],"class_list":["post-5974","post","type-post","status-publish","format-standard","hentry","category-sin-categoria"],"yoast_head":"<!-- This site is optimized with the Yoast SEO plugin v26.3 - https:\/\/yoast.com\/wordpress\/plugins\/seo\/ -->\r\n<title>NATALICIO DE JUSTO SIERRA. - Difusi\u00f3n Cultural<\/title>\r\n<meta name=\"robots\" content=\"index, follow, max-snippet:-1, max-image-preview:large, max-video-preview:-1\" \/>\r\n<link rel=\"canonical\" href=\"https:\/\/blogs.uninter.edu.mx\/difusioncultural\/?p=5974\" \/>\r\n<meta property=\"og:locale\" content=\"es_MX\" \/>\r\n<meta property=\"og:type\" content=\"article\" \/>\r\n<meta property=\"og:title\" content=\"NATALICIO DE JUSTO SIERRA. - Difusi\u00f3n Cultural\" \/>\r\n<meta property=\"og:description\" content=\"26 DE ENERO DE 1848 &#8211; 13 DE SEPTIEMBRE DE 1912. Justo Sierra M\u00e9ndez.\u00a0Fu\u00e9 un escritor, pol\u00edtico, Abogado y periodista hijo de\u00a0Justo Sierra O&#8217;Reilly y de Concepci\u00f3n M\u00e9ndez. Dicipulo de Manuel Altamirano quien lo\u00a0llev\u00f3 a participar en las tertulias literarias donde gana atenci\u00f3n y relaciones que proporcionan su contribuci\u00f3n al periodismo y al pensamiento de&hellip;\" \/>\r\n<meta property=\"og:url\" content=\"https:\/\/blogs.uninter.edu.mx\/difusioncultural\/?p=5974\" \/>\r\n<meta property=\"og:site_name\" content=\"Difusi\u00f3n Cultural\" \/>\r\n<meta property=\"article:published_time\" content=\"2018-01-26T19:00:26+00:00\" \/>\r\n<meta property=\"og:image\" content=\"http:\/\/www.educacionyculturaaz.com\/wp-content\/uploads\/2017\/10\/justo-sierra-mc3a9ndez1.jpg\" \/>\r\n<meta name=\"author\" content=\"webmaster\" \/>\r\n<meta name=\"twitter:card\" content=\"summary_large_image\" \/>\r\n<meta name=\"twitter:label1\" content=\"Escrito por\" \/>\n\t<meta name=\"twitter:data1\" content=\"webmaster\" \/>\n\t<meta name=\"twitter:label2\" content=\"Tiempo de lectura\" \/>\n\t<meta name=\"twitter:data2\" content=\"1 minuto\" \/>\r\n<script type=\"application\/ld+json\" class=\"yoast-schema-graph\">{\"@context\":\"https:\/\/schema.org\",\"@graph\":[{\"@type\":\"Article\",\"@id\":\"https:\/\/blogs.uninter.edu.mx\/difusioncultural\/?p=5974#article\",\"isPartOf\":{\"@id\":\"https:\/\/blogs.uninter.edu.mx\/difusioncultural\/?p=5974\"},\"author\":{\"name\":\"webmaster\",\"@id\":\"https:\/\/blogs.uninter.edu.mx\/difusioncultural\/#\/schema\/person\/37a0926f4dd300a814993fd595abdc4a\"},\"headline\":\"NATALICIO DE JUSTO SIERRA.\",\"datePublished\":\"2018-01-26T19:00:26+00:00\",\"mainEntityOfPage\":{\"@id\":\"https:\/\/blogs.uninter.edu.mx\/difusioncultural\/?p=5974\"},\"wordCount\":172,\"publisher\":{\"@id\":\"https:\/\/blogs.uninter.edu.mx\/difusioncultural\/#organization\"},\"image\":{\"@id\":\"https:\/\/blogs.uninter.edu.mx\/difusioncultural\/?p=5974#primaryimage\"},\"thumbnailUrl\":\"http:\/\/www.educacionyculturaaz.com\/wp-content\/uploads\/2017\/10\/justo-sierra-mc3a9ndez1.jpg\",\"inLanguage\":\"es\"},{\"@type\":\"WebPage\",\"@id\":\"https:\/\/blogs.uninter.edu.mx\/difusioncultural\/?p=5974\",\"url\":\"https:\/\/blogs.uninter.edu.mx\/difusioncultural\/?p=5974\",\"name\":\"NATALICIO DE JUSTO SIERRA. - Difusi\u00f3n Cultural\",\"isPartOf\":{\"@id\":\"https:\/\/blogs.uninter.edu.mx\/difusioncultural\/#website\"},\"primaryImageOfPage\":{\"@id\":\"https:\/\/blogs.uninter.edu.mx\/difusioncultural\/?p=5974#primaryimage\"},\"image\":{\"@id\":\"https:\/\/blogs.uninter.edu.mx\/difusioncultural\/?p=5974#primaryimage\"},\"thumbnailUrl\":\"http:\/\/www.educacionyculturaaz.com\/wp-content\/uploads\/2017\/10\/justo-sierra-mc3a9ndez1.jpg\",\"datePublished\":\"2018-01-26T19:00:26+00:00\",\"breadcrumb\":{\"@id\":\"https:\/\/blogs.uninter.edu.mx\/difusioncultural\/?p=5974#breadcrumb\"},\"inLanguage\":\"es\",\"potentialAction\":[{\"@type\":\"ReadAction\",\"target\":[\"https:\/\/blogs.uninter.edu.mx\/difusioncultural\/?p=5974\"]}]},{\"@type\":\"ImageObject\",\"inLanguage\":\"es\",\"@id\":\"https:\/\/blogs.uninter.edu.mx\/difusioncultural\/?p=5974#primaryimage\",\"url\":\"http:\/\/www.educacionyculturaaz.com\/wp-content\/uploads\/2017\/10\/justo-sierra-mc3a9ndez1.jpg\",\"contentUrl\":\"http:\/\/www.educacionyculturaaz.com\/wp-content\/uploads\/2017\/10\/justo-sierra-mc3a9ndez1.jpg\"},{\"@type\":\"BreadcrumbList\",\"@id\":\"https:\/\/blogs.uninter.edu.mx\/difusioncultural\/?p=5974#breadcrumb\",\"itemListElement\":[{\"@type\":\"ListItem\",\"position\":1,\"name\":\"Inicio\",\"item\":\"https:\/\/blogs.uninter.edu.mx\/difusioncultural\/\"},{\"@type\":\"ListItem\",\"position\":2,\"name\":\"NATALICIO DE JUSTO SIERRA.\"}]},{\"@type\":\"WebSite\",\"@id\":\"https:\/\/blogs.uninter.edu.mx\/difusioncultural\/#website\",\"url\":\"https:\/\/blogs.uninter.edu.mx\/difusioncultural\/\",\"name\":\"Difusi\u00f3n Cultural\",\"description\":\"UNINTER\",\"publisher\":{\"@id\":\"https:\/\/blogs.uninter.edu.mx\/difusioncultural\/#organization\"},\"potentialAction\":[{\"@type\":\"SearchAction\",\"target\":{\"@type\":\"EntryPoint\",\"urlTemplate\":\"https:\/\/blogs.uninter.edu.mx\/difusioncultural\/?s={search_term_string}\"},\"query-input\":{\"@type\":\"PropertyValueSpecification\",\"valueRequired\":true,\"valueName\":\"search_term_string\"}}],\"inLanguage\":\"es\"},{\"@type\":\"Organization\",\"@id\":\"https:\/\/blogs.uninter.edu.mx\/difusioncultural\/#organization\",\"name\":\"Difusi\u00f3n Cultural\",\"url\":\"https:\/\/blogs.uninter.edu.mx\/difusioncultural\/\",\"logo\":{\"@type\":\"ImageObject\",\"inLanguage\":\"es\",\"@id\":\"https:\/\/blogs.uninter.edu.mx\/difusioncultural\/#\/schema\/logo\/image\/\",\"url\":\"https:\/\/blogs.uninter.edu.mx\/difusioncultural\/wp-content\/uploads\/2022\/09\/uninter.jpg\",\"contentUrl\":\"https:\/\/blogs.uninter.edu.mx\/difusioncultural\/wp-content\/uploads\/2022\/09\/uninter.jpg\",\"width\":2048,\"height\":2048,\"caption\":\"Difusi\u00f3n Cultural\"},\"image\":{\"@id\":\"https:\/\/blogs.uninter.edu.mx\/difusioncultural\/#\/schema\/logo\/image\/\"}},{\"@type\":\"Person\",\"@id\":\"https:\/\/blogs.uninter.edu.mx\/difusioncultural\/#\/schema\/person\/37a0926f4dd300a814993fd595abdc4a\",\"name\":\"webmaster\",\"image\":{\"@type\":\"ImageObject\",\"inLanguage\":\"es\",\"@id\":\"https:\/\/blogs.uninter.edu.mx\/difusioncultural\/#\/schema\/person\/image\/\",\"url\":\"https:\/\/secure.gravatar.com\/avatar\/a59c276b01147463ef3aab4118e3137ebc5e1ad6700deb39ccdf8b89e517f7dc?s=96&d=mm&r=g\",\"contentUrl\":\"https:\/\/secure.gravatar.com\/avatar\/a59c276b01147463ef3aab4118e3137ebc5e1ad6700deb39ccdf8b89e517f7dc?s=96&d=mm&r=g\",\"caption\":\"webmaster\"},\"sameAs\":[\"https:\/\/blogs.uninter.edu.mx\/difusioncultural\"],\"url\":\"https:\/\/blogs.uninter.edu.mx\/difusioncultural\/?author=1\"}]}<\/script>\r\n<!-- \/ Yoast SEO plugin. -->","yoast_head_json":{"title":"NATALICIO DE JUSTO SIERRA. - Difusi\u00f3n Cultural","robots":{"index":"index","follow":"follow","max-snippet":"max-snippet:-1","max-image-preview":"max-image-preview:large","max-video-preview":"max-video-preview:-1"},"canonical":"https:\/\/blogs.uninter.edu.mx\/difusioncultural\/?p=5974","og_locale":"es_MX","og_type":"article","og_title":"NATALICIO DE JUSTO SIERRA. - Difusi\u00f3n Cultural","og_description":"26 DE ENERO DE 1848 &#8211; 13 DE SEPTIEMBRE DE 1912. Justo Sierra M\u00e9ndez.\u00a0Fu\u00e9 un escritor, pol\u00edtico, Abogado y periodista hijo de\u00a0Justo Sierra O&#8217;Reilly y de Concepci\u00f3n M\u00e9ndez. Dicipulo de Manuel Altamirano quien lo\u00a0llev\u00f3 a participar en las tertulias literarias donde gana atenci\u00f3n y relaciones que proporcionan su contribuci\u00f3n al periodismo y al pensamiento de&hellip;","og_url":"https:\/\/blogs.uninter.edu.mx\/difusioncultural\/?p=5974","og_site_name":"Difusi\u00f3n Cultural","article_published_time":"2018-01-26T19:00:26+00:00","og_image":[{"url":"http:\/\/www.educacionyculturaaz.com\/wp-content\/uploads\/2017\/10\/justo-sierra-mc3a9ndez1.jpg","type":"","width":"","height":""}],"author":"webmaster","twitter_card":"summary_large_image","twitter_misc":{"Escrito por":"webmaster","Tiempo de lectura":"1 minuto"},"schema":{"@context":"https:\/\/schema.org","@graph":[{"@type":"Article","@id":"https:\/\/blogs.uninter.edu.mx\/difusioncultural\/?p=5974#article","isPartOf":{"@id":"https:\/\/blogs.uninter.edu.mx\/difusioncultural\/?p=5974"},"author":{"name":"webmaster","@id":"https:\/\/blogs.uninter.edu.mx\/difusioncultural\/#\/schema\/person\/37a0926f4dd300a814993fd595abdc4a"},"headline":"NATALICIO DE JUSTO SIERRA.","datePublished":"2018-01-26T19:00:26+00:00","mainEntityOfPage":{"@id":"https:\/\/blogs.uninter.edu.mx\/difusioncultural\/?p=5974"},"wordCount":172,"publisher":{"@id":"https:\/\/blogs.uninter.edu.mx\/difusioncultural\/#organization"},"image":{"@id":"https:\/\/blogs.uninter.edu.mx\/difusioncultural\/?p=5974#primaryimage"},"thumbnailUrl":"http:\/\/www.educacionyculturaaz.com\/wp-content\/uploads\/2017\/10\/justo-sierra-mc3a9ndez1.jpg","inLanguage":"es"},{"@type":"WebPage","@id":"https:\/\/blogs.uninter.edu.mx\/difusioncultural\/?p=5974","url":"https:\/\/blogs.uninter.edu.mx\/difusioncultural\/?p=5974","name":"NATALICIO DE JUSTO SIERRA. - Difusi\u00f3n Cultural","isPartOf":{"@id":"https:\/\/blogs.uninter.edu.mx\/difusioncultural\/#website"},"primaryImageOfPage":{"@id":"https:\/\/blogs.uninter.edu.mx\/difusioncultural\/?p=5974#primaryimage"},"image":{"@id":"https:\/\/blogs.uninter.edu.mx\/difusioncultural\/?p=5974#primaryimage"},"thumbnailUrl":"http:\/\/www.educacionyculturaaz.com\/wp-content\/uploads\/2017\/10\/justo-sierra-mc3a9ndez1.jpg","datePublished":"2018-01-26T19:00:26+00:00","breadcrumb":{"@id":"https:\/\/blogs.uninter.edu.mx\/difusioncultural\/?p=5974#breadcrumb"},"inLanguage":"es","potentialAction":[{"@type":"ReadAction","target":["https:\/\/blogs.uninter.edu.mx\/difusioncultural\/?p=5974"]}]},{"@type":"ImageObject","inLanguage":"es","@id":"https:\/\/blogs.uninter.edu.mx\/difusioncultural\/?p=5974#primaryimage","url":"http:\/\/www.educacionyculturaaz.com\/wp-content\/uploads\/2017\/10\/justo-sierra-mc3a9ndez1.jpg","contentUrl":"http:\/\/www.educacionyculturaaz.com\/wp-content\/uploads\/2017\/10\/justo-sierra-mc3a9ndez1.jpg"},{"@type":"BreadcrumbList","@id":"https:\/\/blogs.uninter.edu.mx\/difusioncultural\/?p=5974#breadcrumb","itemListElement":[{"@type":"ListItem","position":1,"name":"Inicio","item":"https:\/\/blogs.uninter.edu.mx\/difusioncultural\/"},{"@type":"ListItem","position":2,"name":"NATALICIO DE JUSTO SIERRA."}]},{"@type":"WebSite","@id":"https:\/\/blogs.uninter.edu.mx\/difusioncultural\/#website","url":"https:\/\/blogs.uninter.edu.mx\/difusioncultural\/","name":"Difusi\u00f3n Cultural","description":"UNINTER","publisher":{"@id":"https:\/\/blogs.uninter.edu.mx\/difusioncultural\/#organization"},"potentialAction":[{"@type":"SearchAction","target":{"@type":"EntryPoint","urlTemplate":"https:\/\/blogs.uninter.edu.mx\/difusioncultural\/?s={search_term_string}"},"query-input":{"@type":"PropertyValueSpecification","valueRequired":true,"valueName":"search_term_string"}}],"inLanguage":"es"},{"@type":"Organization","@id":"https:\/\/blogs.uninter.edu.mx\/difusioncultural\/#organization","name":"Difusi\u00f3n Cultural","url":"https:\/\/blogs.uninter.edu.mx\/difusioncultural\/","logo":{"@type":"ImageObject","inLanguage":"es","@id":"https:\/\/blogs.uninter.edu.mx\/difusioncultural\/#\/schema\/logo\/image\/","url":"https:\/\/blogs.uninter.edu.mx\/difusioncultural\/wp-content\/uploads\/2022\/09\/uninter.jpg","contentUrl":"https:\/\/blogs.uninter.edu.mx\/difusioncultural\/wp-content\/uploads\/2022\/09\/uninter.jpg","width":2048,"height":2048,"caption":"Difusi\u00f3n Cultural"},"image":{"@id":"https:\/\/blogs.uninter.edu.mx\/difusioncultural\/#\/schema\/logo\/image\/"}},{"@type":"Person","@id":"https:\/\/blogs.uninter.edu.mx\/difusioncultural\/#\/schema\/person\/37a0926f4dd300a814993fd595abdc4a","name":"webmaster","image":{"@type":"ImageObject","inLanguage":"es","@id":"https:\/\/blogs.uninter.edu.mx\/difusioncultural\/#\/schema\/person\/image\/","url":"https:\/\/secure.gravatar.com\/avatar\/a59c276b01147463ef3aab4118e3137ebc5e1ad6700deb39ccdf8b89e517f7dc?s=96&d=mm&r=g","contentUrl":"https:\/\/secure.gravatar.com\/avatar\/a59c276b01147463ef3aab4118e3137ebc5e1ad6700deb39ccdf8b89e517f7dc?s=96&d=mm&r=g","caption":"webmaster"},"sameAs":["https:\/\/blogs.uninter.edu.mx\/difusioncultural"],"url":"https:\/\/blogs.uninter.edu.mx\/difusioncultural\/?author=1"}]}},"jetpack_publicize_connections":[],"jetpack_featured_media_url":"","jetpack_sharing_enabled":true,"_links":{"self":[{"href":"https:\/\/blogs.uninter.edu.mx\/difusioncultural\/index.php?rest_route=\/wp\/v2\/posts\/5974","targetHints":{"allow":["GET"]}}],"collection":[{"href":"https:\/\/blogs.uninter.edu.mx\/difusioncultural\/index.php?rest_route=\/wp\/v2\/posts"}],"about":[{"href":"https:\/\/blogs.uninter.edu.mx\/difusioncultural\/index.php?rest_route=\/wp\/v2\/types\/post"}],"author":[{"embeddable":true,"href":"https:\/\/blogs.uninter.edu.mx\/difusioncultural\/index.php?rest_route=\/wp\/v2\/users\/1"}],"replies":[{"embeddable":true,"href":"https:\/\/blogs.uninter.edu.mx\/difusioncultural\/index.php?rest_route=%2Fwp%2Fv2%2Fcomments&post=5974"}],"version-history":[{"count":0,"href":"https:\/\/blogs.uninter.edu.mx\/difusioncultural\/index.php?rest_route=\/wp\/v2\/posts\/5974\/revisions"}],"wp:attachment":[{"href":"https:\/\/blogs.uninter.edu.mx\/difusioncultural\/index.php?rest_route=%2Fwp%2Fv2%2Fmedia&parent=5974"}],"wp:term":[{"taxonomy":"category","embeddable":true,"href":"https:\/\/blogs.uninter.edu.mx\/difusioncultural\/index.php?rest_route=%2Fwp%2Fv2%2Fcategories&post=5974"},{"taxonomy":"post_tag","embeddable":true,"href":"https:\/\/blogs.uninter.edu.mx\/difusioncultural\/index.php?rest_route=%2Fwp%2Fv2%2Ftags&post=5974"}],"curies":[{"name":"wp","href":"https:\/\/api.w.org\/{rel}","templated":true}]}}