{"id":607,"date":"2012-09-20T15:36:12","date_gmt":"2012-09-20T15:36:12","guid":{"rendered":"http:\/\/difusionculturaluninter.wordpress.com\/?p=607"},"modified":"2012-09-20T15:36:12","modified_gmt":"2012-09-20T15:36:12","slug":"el-jardin-borda-lugar-de-descanso","status":"publish","type":"post","link":"https:\/\/blogs.uninter.edu.mx\/difusioncultural\/?p=607","title":{"rendered":"El Jard\u00edn Borda Lugar de Descanso"},"content":{"rendered":"<p>Cuernavaca tiene muchos bellos lugares que como estudiantes no apreciamos, los  hemos visto siempre cuando vamos camino al trabajo, a la escuela, a eventos, fiestas y dem\u00e1s pero nunca nos hemos detenido a observar y darnos cuenta de los maravillosos lugares que tenemos y de su historia.<\/p>\n<p>Jard\u00edn Borda es uno de mis lugares favoritos me gusta sentarme en la banquita de piedra que se encuentra al fondo y remontarme a la \u00e9poca colonial e imaginarme a personas con atuendos antiguos pasar caminando por el jard\u00edn, se me  hacen tan fascinantes las fotos que se encuentran dentro del museo y ver el paso del tiempo sobre las cosas.  Para invadirlos de mi entusiasmo les contar\u00e9 un poco de la historia del lugar.<\/p>\n<p>El Jard\u00edn Borda es nombrado as\u00ed por Jos\u00e9 de la Borda el construy\u00f3 este jard\u00edn por su padre que era minero y que sufr\u00eda una enfermedad de los mineros, el lugar se hizo para descanso de su padre, lamentablemente su padre disfrut\u00f3 de este recinto hermoso debido a que meses despu\u00e9s muri\u00f3, Don Manuel al poco tiempo decidi\u00f3 transformarlo en un jard\u00edn bot\u00e1nico, entonces se comenzaron a traer distintas plantas de muchos lugares y r\u00e1pidamente esta flora se comenz\u00f3 a adaptar al c\u00e1lido y agradable clima de Cuernavaca.<br \/>\nSu arquitectura es muy variada tiene estilos  versallesco, mud\u00e9jar y barroco italiano. Como la fuente Magna que se encuentra al final del jard\u00edn con elementos barrocos e italianos.<\/p>\n<p>Maximiliano de Habsburgo y Carlota de B\u00e9lgica se enamoraron de este jard\u00edn paradisiaco. El emperador Maximiliano, fascinado por este lugar escribi\u00f3 una carta a su amiga  la baronesa de Binzer, donde expres\u00f3 su admiraci\u00f3n y lo podemos observar en este fragmento encontrado:<br \/>\nEl jard\u00edn de viejo estilo est\u00e1 atravesado por magn\u00edficas enramadas oscuras cubiertas de rosas siempre en flor. Innumerables fuentes, bajo las espesas copas de los naranjos y de los mangos seculares, refrescan el ambiente. Sobre la terraza que corre a lo largo de nuestros cuartos y que cubre el mirador, est\u00e1n nuestras c\u00f3modas hamacas y mientras pintados pajarillos nos cantan canciones, nos mecemos en nuestros sue\u00f1os. Aqu\u00ed en Cuernavaca hacemos por primera vez una verdadera vida tropical&#8230;<\/p>\n<p>Don Guillermo Prieto narra en sus espl\u00e9ndidos art\u00edculos titulados \u201cUn Paseo por Cuernavaca, 1845\u201d, su fascinaci\u00f3n por el Jard\u00edn Borda:<br \/>\n\u00a1C\u00f3mo describir mis sensaciones, ni tomar el lente helado del bot\u00e1nico, para describir las variadas riquezas vegetales de este jard\u00edn&#8230;!el copudo arbusto del caf\u00e9, de fruto encendido y dulc\u00edsimo\u2026\u2026el mango, cuya semilla como el p\u00f3lipo efect\u00faa la reproducci\u00f3n perfecta en cualquiera de sus partes\u2026la alevosa hierba del chichicastle\u2026<br \/>\nmameyes y zapotes de varias clases, vi\u00e9ndose en las aguas del estanque grande.<\/p>\n<p>En 1951, Luis Cernuda, poeta espa\u00f1ol, visit\u00f3 el Jard\u00edn Borda y escribi\u00f3:<br \/>\nAl cruzar el cancel, aun antes de cruzarlo, desde la entrada al patio, ya sientes ese brinco, ese tr\u00e9molo de la sangre, que te advierte de una simpat\u00eda que nace. Otra vez un rinc\u00f3n\u2026  Y este rinc\u00f3n es de los m\u00e1s hermosos que has visto\u2026 Qu\u00e9 desolaci\u00f3n. Y al mismo tiempo, qu\u00e9 encanto viene de todo esto\u2026<br \/>\nSi en alguna ocasi\u00f3n la idea de madurez excesiva te ha parecido menos triste, es aqu\u00ed: en este lugar lo pasado, aunque en todo se deja sentir, sin quitarle gracia, le da hondura, lo penetra de sosiego\u2026<br \/>\nPasado y presente se reconcilian, se confunden, insidiosamente, para recrear un tiempo ya vivido\u2026<br \/>\nEste aire que mueve las ramas es el mismo que otra vez, a esta hora, las moviera un d\u00eda. Esta nostalgia no es tuya, sino de alguno que la sinti\u00f3 anta\u00f1o en este sitio\u2026<\/p>\n<p>Es fascinante todo lo que podemos encontrar en nuestro estado tan solo es cuesti\u00f3n de dar un pasos, indagar, leer un poco y adentrarnos en sus maravillas.<br \/>\n[slideshow]<\/p>\n","protected":false},"excerpt":{"rendered":"<p>Cuernavaca tiene muchos bellos lugares que como estudiantes no apreciamos, los hemos visto siempre cuando vamos camino al trabajo, a la escuela, a eventos, fiestas y dem\u00e1s pero nunca nos hemos detenido a observar y darnos cuenta de los maravillosos lugares que tenemos y de su historia. Jard\u00edn Borda es uno de mis lugares favoritos&hellip;<\/p>\n","protected":false},"author":24,"featured_media":0,"comment_status":"open","ping_status":"open","sticky":false,"template":"","format":"standard","meta":{"_jetpack_memberships_contains_paid_content":false,"footnotes":"","jetpack_publicize_message":"","jetpack_publicize_feature_enabled":true,"jetpack_social_post_already_shared":false,"jetpack_social_options":{"image_generator_settings":{"template":"highway","default_image_id":0,"font":"","enabled":false},"version":2}},"categories":[1],"tags":[],"class_list":["post-607","post","type-post","status-publish","format-standard","hentry","category-sin-categoria"],"yoast_head":"<!-- This site is optimized with the Yoast SEO plugin v26.3 - https:\/\/yoast.com\/wordpress\/plugins\/seo\/ -->\r\n<title>El Jard\u00edn Borda Lugar de Descanso - Difusi\u00f3n Cultural<\/title>\r\n<meta name=\"robots\" content=\"index, follow, max-snippet:-1, max-image-preview:large, max-video-preview:-1\" \/>\r\n<link rel=\"canonical\" href=\"https:\/\/blogs.uninter.edu.mx\/difusioncultural\/?p=607\" \/>\r\n<meta property=\"og:locale\" content=\"es_MX\" \/>\r\n<meta property=\"og:type\" content=\"article\" \/>\r\n<meta property=\"og:title\" content=\"El Jard\u00edn Borda Lugar de Descanso - Difusi\u00f3n Cultural\" \/>\r\n<meta property=\"og:description\" content=\"Cuernavaca tiene muchos bellos lugares que como estudiantes no apreciamos, los hemos visto siempre cuando vamos camino al trabajo, a la escuela, a eventos, fiestas y dem\u00e1s pero nunca nos hemos detenido a observar y darnos cuenta de los maravillosos lugares que tenemos y de su historia. Jard\u00edn Borda es uno de mis lugares favoritos&hellip;\" \/>\r\n<meta property=\"og:url\" content=\"https:\/\/blogs.uninter.edu.mx\/difusioncultural\/?p=607\" \/>\r\n<meta property=\"og:site_name\" content=\"Difusi\u00f3n Cultural\" \/>\r\n<meta property=\"article:published_time\" content=\"2012-09-20T15:36:12+00:00\" \/>\r\n<meta name=\"author\" content=\"Aslhey Alejandra Gonz\u00e1lez Castro\" \/>\r\n<meta name=\"twitter:card\" content=\"summary_large_image\" \/>\r\n<meta name=\"twitter:label1\" content=\"Escrito por\" \/>\n\t<meta name=\"twitter:data1\" content=\"Aslhey Alejandra Gonz\u00e1lez Castro\" \/>\n\t<meta name=\"twitter:label2\" content=\"Tiempo de lectura\" \/>\n\t<meta name=\"twitter:data2\" content=\"3 minutos\" \/>\r\n<script type=\"application\/ld+json\" class=\"yoast-schema-graph\">{\"@context\":\"https:\/\/schema.org\",\"@graph\":[{\"@type\":\"Article\",\"@id\":\"https:\/\/blogs.uninter.edu.mx\/difusioncultural\/?p=607#article\",\"isPartOf\":{\"@id\":\"https:\/\/blogs.uninter.edu.mx\/difusioncultural\/?p=607\"},\"author\":{\"name\":\"Aslhey Alejandra Gonz\u00e1lez Castro\",\"@id\":\"https:\/\/blogs.uninter.edu.mx\/difusioncultural\/#\/schema\/person\/c710e37686022500827405824a08a18c\"},\"headline\":\"El Jard\u00edn Borda Lugar de Descanso\",\"datePublished\":\"2012-09-20T15:36:12+00:00\",\"mainEntityOfPage\":{\"@id\":\"https:\/\/blogs.uninter.edu.mx\/difusioncultural\/?p=607\"},\"wordCount\":673,\"commentCount\":0,\"publisher\":{\"@id\":\"https:\/\/blogs.uninter.edu.mx\/difusioncultural\/#organization\"},\"inLanguage\":\"es\",\"potentialAction\":[{\"@type\":\"CommentAction\",\"name\":\"Comment\",\"target\":[\"https:\/\/blogs.uninter.edu.mx\/difusioncultural\/?p=607#respond\"]}]},{\"@type\":\"WebPage\",\"@id\":\"https:\/\/blogs.uninter.edu.mx\/difusioncultural\/?p=607\",\"url\":\"https:\/\/blogs.uninter.edu.mx\/difusioncultural\/?p=607\",\"name\":\"El Jard\u00edn Borda Lugar de Descanso - Difusi\u00f3n Cultural\",\"isPartOf\":{\"@id\":\"https:\/\/blogs.uninter.edu.mx\/difusioncultural\/#website\"},\"datePublished\":\"2012-09-20T15:36:12+00:00\",\"breadcrumb\":{\"@id\":\"https:\/\/blogs.uninter.edu.mx\/difusioncultural\/?p=607#breadcrumb\"},\"inLanguage\":\"es\",\"potentialAction\":[{\"@type\":\"ReadAction\",\"target\":[\"https:\/\/blogs.uninter.edu.mx\/difusioncultural\/?p=607\"]}]},{\"@type\":\"BreadcrumbList\",\"@id\":\"https:\/\/blogs.uninter.edu.mx\/difusioncultural\/?p=607#breadcrumb\",\"itemListElement\":[{\"@type\":\"ListItem\",\"position\":1,\"name\":\"Inicio\",\"item\":\"https:\/\/blogs.uninter.edu.mx\/difusioncultural\/\"},{\"@type\":\"ListItem\",\"position\":2,\"name\":\"El Jard\u00edn Borda Lugar de Descanso\"}]},{\"@type\":\"WebSite\",\"@id\":\"https:\/\/blogs.uninter.edu.mx\/difusioncultural\/#website\",\"url\":\"https:\/\/blogs.uninter.edu.mx\/difusioncultural\/\",\"name\":\"Difusi\u00f3n Cultural\",\"description\":\"UNINTER\",\"publisher\":{\"@id\":\"https:\/\/blogs.uninter.edu.mx\/difusioncultural\/#organization\"},\"potentialAction\":[{\"@type\":\"SearchAction\",\"target\":{\"@type\":\"EntryPoint\",\"urlTemplate\":\"https:\/\/blogs.uninter.edu.mx\/difusioncultural\/?s={search_term_string}\"},\"query-input\":{\"@type\":\"PropertyValueSpecification\",\"valueRequired\":true,\"valueName\":\"search_term_string\"}}],\"inLanguage\":\"es\"},{\"@type\":\"Organization\",\"@id\":\"https:\/\/blogs.uninter.edu.mx\/difusioncultural\/#organization\",\"name\":\"Difusi\u00f3n Cultural\",\"url\":\"https:\/\/blogs.uninter.edu.mx\/difusioncultural\/\",\"logo\":{\"@type\":\"ImageObject\",\"inLanguage\":\"es\",\"@id\":\"https:\/\/blogs.uninter.edu.mx\/difusioncultural\/#\/schema\/logo\/image\/\",\"url\":\"https:\/\/blogs.uninter.edu.mx\/difusioncultural\/wp-content\/uploads\/2022\/09\/uninter.jpg\",\"contentUrl\":\"https:\/\/blogs.uninter.edu.mx\/difusioncultural\/wp-content\/uploads\/2022\/09\/uninter.jpg\",\"width\":2048,\"height\":2048,\"caption\":\"Difusi\u00f3n Cultural\"},\"image\":{\"@id\":\"https:\/\/blogs.uninter.edu.mx\/difusioncultural\/#\/schema\/logo\/image\/\"}},{\"@type\":\"Person\",\"@id\":\"https:\/\/blogs.uninter.edu.mx\/difusioncultural\/#\/schema\/person\/c710e37686022500827405824a08a18c\",\"name\":\"Aslhey Alejandra Gonz\u00e1lez Castro\",\"image\":{\"@type\":\"ImageObject\",\"inLanguage\":\"es\",\"@id\":\"https:\/\/blogs.uninter.edu.mx\/difusioncultural\/#\/schema\/person\/image\/\",\"url\":\"https:\/\/secure.gravatar.com\/avatar\/1905d6ed47b47ccbfb53e4b64f72f2017309e25d96ef418088d4f998ecf6552e?s=96&d=mm&r=g\",\"contentUrl\":\"https:\/\/secure.gravatar.com\/avatar\/1905d6ed47b47ccbfb53e4b64f72f2017309e25d96ef418088d4f998ecf6552e?s=96&d=mm&r=g\",\"caption\":\"Aslhey Alejandra Gonz\u00e1lez Castro\"},\"url\":\"https:\/\/blogs.uninter.edu.mx\/difusioncultural\/?author=24\"}]}<\/script>\r\n<!-- \/ Yoast SEO plugin. -->","yoast_head_json":{"title":"El Jard\u00edn Borda Lugar de Descanso - Difusi\u00f3n Cultural","robots":{"index":"index","follow":"follow","max-snippet":"max-snippet:-1","max-image-preview":"max-image-preview:large","max-video-preview":"max-video-preview:-1"},"canonical":"https:\/\/blogs.uninter.edu.mx\/difusioncultural\/?p=607","og_locale":"es_MX","og_type":"article","og_title":"El Jard\u00edn Borda Lugar de Descanso - Difusi\u00f3n Cultural","og_description":"Cuernavaca tiene muchos bellos lugares que como estudiantes no apreciamos, los hemos visto siempre cuando vamos camino al trabajo, a la escuela, a eventos, fiestas y dem\u00e1s pero nunca nos hemos detenido a observar y darnos cuenta de los maravillosos lugares que tenemos y de su historia. Jard\u00edn Borda es uno de mis lugares favoritos&hellip;","og_url":"https:\/\/blogs.uninter.edu.mx\/difusioncultural\/?p=607","og_site_name":"Difusi\u00f3n Cultural","article_published_time":"2012-09-20T15:36:12+00:00","author":"Aslhey Alejandra Gonz\u00e1lez Castro","twitter_card":"summary_large_image","twitter_misc":{"Escrito por":"Aslhey Alejandra Gonz\u00e1lez Castro","Tiempo de lectura":"3 minutos"},"schema":{"@context":"https:\/\/schema.org","@graph":[{"@type":"Article","@id":"https:\/\/blogs.uninter.edu.mx\/difusioncultural\/?p=607#article","isPartOf":{"@id":"https:\/\/blogs.uninter.edu.mx\/difusioncultural\/?p=607"},"author":{"name":"Aslhey Alejandra Gonz\u00e1lez Castro","@id":"https:\/\/blogs.uninter.edu.mx\/difusioncultural\/#\/schema\/person\/c710e37686022500827405824a08a18c"},"headline":"El Jard\u00edn Borda Lugar de Descanso","datePublished":"2012-09-20T15:36:12+00:00","mainEntityOfPage":{"@id":"https:\/\/blogs.uninter.edu.mx\/difusioncultural\/?p=607"},"wordCount":673,"commentCount":0,"publisher":{"@id":"https:\/\/blogs.uninter.edu.mx\/difusioncultural\/#organization"},"inLanguage":"es","potentialAction":[{"@type":"CommentAction","name":"Comment","target":["https:\/\/blogs.uninter.edu.mx\/difusioncultural\/?p=607#respond"]}]},{"@type":"WebPage","@id":"https:\/\/blogs.uninter.edu.mx\/difusioncultural\/?p=607","url":"https:\/\/blogs.uninter.edu.mx\/difusioncultural\/?p=607","name":"El Jard\u00edn Borda Lugar de Descanso - Difusi\u00f3n Cultural","isPartOf":{"@id":"https:\/\/blogs.uninter.edu.mx\/difusioncultural\/#website"},"datePublished":"2012-09-20T15:36:12+00:00","breadcrumb":{"@id":"https:\/\/blogs.uninter.edu.mx\/difusioncultural\/?p=607#breadcrumb"},"inLanguage":"es","potentialAction":[{"@type":"ReadAction","target":["https:\/\/blogs.uninter.edu.mx\/difusioncultural\/?p=607"]}]},{"@type":"BreadcrumbList","@id":"https:\/\/blogs.uninter.edu.mx\/difusioncultural\/?p=607#breadcrumb","itemListElement":[{"@type":"ListItem","position":1,"name":"Inicio","item":"https:\/\/blogs.uninter.edu.mx\/difusioncultural\/"},{"@type":"ListItem","position":2,"name":"El Jard\u00edn Borda Lugar de Descanso"}]},{"@type":"WebSite","@id":"https:\/\/blogs.uninter.edu.mx\/difusioncultural\/#website","url":"https:\/\/blogs.uninter.edu.mx\/difusioncultural\/","name":"Difusi\u00f3n Cultural","description":"UNINTER","publisher":{"@id":"https:\/\/blogs.uninter.edu.mx\/difusioncultural\/#organization"},"potentialAction":[{"@type":"SearchAction","target":{"@type":"EntryPoint","urlTemplate":"https:\/\/blogs.uninter.edu.mx\/difusioncultural\/?s={search_term_string}"},"query-input":{"@type":"PropertyValueSpecification","valueRequired":true,"valueName":"search_term_string"}}],"inLanguage":"es"},{"@type":"Organization","@id":"https:\/\/blogs.uninter.edu.mx\/difusioncultural\/#organization","name":"Difusi\u00f3n Cultural","url":"https:\/\/blogs.uninter.edu.mx\/difusioncultural\/","logo":{"@type":"ImageObject","inLanguage":"es","@id":"https:\/\/blogs.uninter.edu.mx\/difusioncultural\/#\/schema\/logo\/image\/","url":"https:\/\/blogs.uninter.edu.mx\/difusioncultural\/wp-content\/uploads\/2022\/09\/uninter.jpg","contentUrl":"https:\/\/blogs.uninter.edu.mx\/difusioncultural\/wp-content\/uploads\/2022\/09\/uninter.jpg","width":2048,"height":2048,"caption":"Difusi\u00f3n Cultural"},"image":{"@id":"https:\/\/blogs.uninter.edu.mx\/difusioncultural\/#\/schema\/logo\/image\/"}},{"@type":"Person","@id":"https:\/\/blogs.uninter.edu.mx\/difusioncultural\/#\/schema\/person\/c710e37686022500827405824a08a18c","name":"Aslhey Alejandra Gonz\u00e1lez Castro","image":{"@type":"ImageObject","inLanguage":"es","@id":"https:\/\/blogs.uninter.edu.mx\/difusioncultural\/#\/schema\/person\/image\/","url":"https:\/\/secure.gravatar.com\/avatar\/1905d6ed47b47ccbfb53e4b64f72f2017309e25d96ef418088d4f998ecf6552e?s=96&d=mm&r=g","contentUrl":"https:\/\/secure.gravatar.com\/avatar\/1905d6ed47b47ccbfb53e4b64f72f2017309e25d96ef418088d4f998ecf6552e?s=96&d=mm&r=g","caption":"Aslhey Alejandra Gonz\u00e1lez Castro"},"url":"https:\/\/blogs.uninter.edu.mx\/difusioncultural\/?author=24"}]}},"jetpack_publicize_connections":[],"jetpack_featured_media_url":"","jetpack_sharing_enabled":true,"_links":{"self":[{"href":"https:\/\/blogs.uninter.edu.mx\/difusioncultural\/index.php?rest_route=\/wp\/v2\/posts\/607","targetHints":{"allow":["GET"]}}],"collection":[{"href":"https:\/\/blogs.uninter.edu.mx\/difusioncultural\/index.php?rest_route=\/wp\/v2\/posts"}],"about":[{"href":"https:\/\/blogs.uninter.edu.mx\/difusioncultural\/index.php?rest_route=\/wp\/v2\/types\/post"}],"author":[{"embeddable":true,"href":"https:\/\/blogs.uninter.edu.mx\/difusioncultural\/index.php?rest_route=\/wp\/v2\/users\/24"}],"replies":[{"embeddable":true,"href":"https:\/\/blogs.uninter.edu.mx\/difusioncultural\/index.php?rest_route=%2Fwp%2Fv2%2Fcomments&post=607"}],"version-history":[{"count":0,"href":"https:\/\/blogs.uninter.edu.mx\/difusioncultural\/index.php?rest_route=\/wp\/v2\/posts\/607\/revisions"}],"wp:attachment":[{"href":"https:\/\/blogs.uninter.edu.mx\/difusioncultural\/index.php?rest_route=%2Fwp%2Fv2%2Fmedia&parent=607"}],"wp:term":[{"taxonomy":"category","embeddable":true,"href":"https:\/\/blogs.uninter.edu.mx\/difusioncultural\/index.php?rest_route=%2Fwp%2Fv2%2Fcategories&post=607"},{"taxonomy":"post_tag","embeddable":true,"href":"https:\/\/blogs.uninter.edu.mx\/difusioncultural\/index.php?rest_route=%2Fwp%2Fv2%2Ftags&post=607"}],"curies":[{"name":"wp","href":"https:\/\/api.w.org\/{rel}","templated":true}]}}