{"id":6105,"date":"2018-04-04T12:24:15","date_gmt":"2018-04-04T17:24:15","guid":{"rendered":"https:\/\/difusionculturaluninter.wordpress.com\/?p=6105"},"modified":"2018-04-04T12:24:15","modified_gmt":"2018-04-04T17:24:15","slug":"fue-inaugurado-vasco-de-gama-puente-mas-largo-de-europa","status":"publish","type":"post","link":"https:\/\/blogs.uninter.edu.mx\/difusioncultural\/?p=6105","title":{"rendered":"Fue inaugurado Vasco de Gama puente m\u00e1s largo de Europa."},"content":{"rendered":"<p>El Puente Vasco da Gama es el puente m\u00e1s reciente sobre el r\u00edo Tajo, en el \u00e1rea de la Grande Lisboa (capital de Portugal) que conecta Montijo y Sacav\u00e9m, muy pr\u00f3ximo al Parque das Na\u00e7\u00f5es. Fue inaugurado el 4 de abril de 1998, el puente es el m\u00e1s largo de Europa, con sus 17,2 km de longitud, de los cuales 10 est\u00e1n sobre las aguas del estuario del Tajo. La anchura de la pista es de 30 metros, y la longitud de la mayor luz es de 420 metros. El nombre del puente conmemora los 500 a\u00f1os de la llegada de Vasco da Gama c\u00e9lebre navegante portugu\u00e9s) a la India, en 1498. Se dise\u00f1\u00f3 a fin de construir una alternativa al puente 25 de Abril para el tr\u00e1fico que circula entre el norte y el sur del pa\u00eds, por la zona de la capital portuguesa, pero a pesar de haber desviado una parte significativa del tr\u00e1fico que no necesitaba pasar por el centro de Lisboa, r\u00e1pidamente se hizo clara la necesidad de una tercera traves\u00eda del r\u00edo Tajo, m\u00e1s hacia el oeste.<\/p>\n<p><img decoding=\"async\" src=\"https:\/\/drupal-multisite-s3.s3-us-west-2.amazonaws.com\/files\/puente-vasco-de-gama-600x310.jpg\" alt=\"Resultado de imagen para Fue inaugurado Vasco de Gama puente m\u00c3\u00a1s largo de Europa\" \/><\/p>\n","protected":false},"excerpt":{"rendered":"<p>El Puente Vasco da Gama es el puente m\u00e1s reciente sobre el r\u00edo Tajo, en el \u00e1rea de la Grande Lisboa (capital de Portugal) que conecta Montijo y Sacav\u00e9m, muy pr\u00f3ximo al Parque das Na\u00e7\u00f5es. Fue inaugurado el 4 de abril de 1998, el puente es el m\u00e1s largo de Europa, con sus 17,2 km&hellip;<\/p>\n","protected":false},"author":1,"featured_media":0,"comment_status":"closed","ping_status":"open","sticky":false,"template":"","format":"standard","meta":{"_jetpack_memberships_contains_paid_content":false,"footnotes":"","jetpack_publicize_message":"","jetpack_publicize_feature_enabled":true,"jetpack_social_post_already_shared":false,"jetpack_social_options":{"image_generator_settings":{"template":"highway","default_image_id":0,"font":"","enabled":false},"version":2}},"categories":[1],"tags":[],"class_list":["post-6105","post","type-post","status-publish","format-standard","hentry","category-sin-categoria"],"yoast_head":"<!-- This site is optimized with the Yoast SEO plugin v26.3 - https:\/\/yoast.com\/wordpress\/plugins\/seo\/ -->\r\n<title>Fue inaugurado Vasco de Gama puente m\u00e1s largo de Europa. - Difusi\u00f3n Cultural<\/title>\r\n<meta name=\"robots\" content=\"index, follow, max-snippet:-1, max-image-preview:large, max-video-preview:-1\" \/>\r\n<link rel=\"canonical\" href=\"https:\/\/blogs.uninter.edu.mx\/difusioncultural\/?p=6105\" \/>\r\n<meta property=\"og:locale\" content=\"es_MX\" \/>\r\n<meta property=\"og:type\" content=\"article\" \/>\r\n<meta property=\"og:title\" content=\"Fue inaugurado Vasco de Gama puente m\u00e1s largo de Europa. - Difusi\u00f3n Cultural\" \/>\r\n<meta property=\"og:description\" content=\"El Puente Vasco da Gama es el puente m\u00e1s reciente sobre el r\u00edo Tajo, en el \u00e1rea de la Grande Lisboa (capital de Portugal) que conecta Montijo y Sacav\u00e9m, muy pr\u00f3ximo al Parque das Na\u00e7\u00f5es. Fue inaugurado el 4 de abril de 1998, el puente es el m\u00e1s largo de Europa, con sus 17,2 km&hellip;\" \/>\r\n<meta property=\"og:url\" content=\"https:\/\/blogs.uninter.edu.mx\/difusioncultural\/?p=6105\" \/>\r\n<meta property=\"og:site_name\" content=\"Difusi\u00f3n Cultural\" \/>\r\n<meta property=\"article:published_time\" content=\"2018-04-04T17:24:15+00:00\" \/>\r\n<meta property=\"og:image\" content=\"https:\/\/drupal-multisite-s3.s3-us-west-2.amazonaws.com\/files\/puente-vasco-de-gama-600x310.jpg\" \/>\r\n<meta name=\"author\" content=\"webmaster\" \/>\r\n<meta name=\"twitter:card\" content=\"summary_large_image\" \/>\r\n<meta name=\"twitter:label1\" content=\"Escrito por\" \/>\n\t<meta name=\"twitter:data1\" content=\"webmaster\" \/>\n\t<meta name=\"twitter:label2\" content=\"Tiempo de lectura\" \/>\n\t<meta name=\"twitter:data2\" content=\"1 minuto\" \/>\r\n<script type=\"application\/ld+json\" class=\"yoast-schema-graph\">{\"@context\":\"https:\/\/schema.org\",\"@graph\":[{\"@type\":\"Article\",\"@id\":\"https:\/\/blogs.uninter.edu.mx\/difusioncultural\/?p=6105#article\",\"isPartOf\":{\"@id\":\"https:\/\/blogs.uninter.edu.mx\/difusioncultural\/?p=6105\"},\"author\":{\"name\":\"webmaster\",\"@id\":\"https:\/\/blogs.uninter.edu.mx\/difusioncultural\/#\/schema\/person\/37a0926f4dd300a814993fd595abdc4a\"},\"headline\":\"Fue inaugurado Vasco de Gama puente m\u00e1s largo de Europa.\",\"datePublished\":\"2018-04-04T17:24:15+00:00\",\"mainEntityOfPage\":{\"@id\":\"https:\/\/blogs.uninter.edu.mx\/difusioncultural\/?p=6105\"},\"wordCount\":201,\"publisher\":{\"@id\":\"https:\/\/blogs.uninter.edu.mx\/difusioncultural\/#organization\"},\"image\":{\"@id\":\"https:\/\/blogs.uninter.edu.mx\/difusioncultural\/?p=6105#primaryimage\"},\"thumbnailUrl\":\"https:\/\/drupal-multisite-s3.s3-us-west-2.amazonaws.com\/files\/puente-vasco-de-gama-600x310.jpg\",\"inLanguage\":\"es\"},{\"@type\":\"WebPage\",\"@id\":\"https:\/\/blogs.uninter.edu.mx\/difusioncultural\/?p=6105\",\"url\":\"https:\/\/blogs.uninter.edu.mx\/difusioncultural\/?p=6105\",\"name\":\"Fue inaugurado Vasco de Gama puente m\u00e1s largo de Europa. - Difusi\u00f3n Cultural\",\"isPartOf\":{\"@id\":\"https:\/\/blogs.uninter.edu.mx\/difusioncultural\/#website\"},\"primaryImageOfPage\":{\"@id\":\"https:\/\/blogs.uninter.edu.mx\/difusioncultural\/?p=6105#primaryimage\"},\"image\":{\"@id\":\"https:\/\/blogs.uninter.edu.mx\/difusioncultural\/?p=6105#primaryimage\"},\"thumbnailUrl\":\"https:\/\/drupal-multisite-s3.s3-us-west-2.amazonaws.com\/files\/puente-vasco-de-gama-600x310.jpg\",\"datePublished\":\"2018-04-04T17:24:15+00:00\",\"breadcrumb\":{\"@id\":\"https:\/\/blogs.uninter.edu.mx\/difusioncultural\/?p=6105#breadcrumb\"},\"inLanguage\":\"es\",\"potentialAction\":[{\"@type\":\"ReadAction\",\"target\":[\"https:\/\/blogs.uninter.edu.mx\/difusioncultural\/?p=6105\"]}]},{\"@type\":\"ImageObject\",\"inLanguage\":\"es\",\"@id\":\"https:\/\/blogs.uninter.edu.mx\/difusioncultural\/?p=6105#primaryimage\",\"url\":\"https:\/\/drupal-multisite-s3.s3-us-west-2.amazonaws.com\/files\/puente-vasco-de-gama-600x310.jpg\",\"contentUrl\":\"https:\/\/drupal-multisite-s3.s3-us-west-2.amazonaws.com\/files\/puente-vasco-de-gama-600x310.jpg\"},{\"@type\":\"BreadcrumbList\",\"@id\":\"https:\/\/blogs.uninter.edu.mx\/difusioncultural\/?p=6105#breadcrumb\",\"itemListElement\":[{\"@type\":\"ListItem\",\"position\":1,\"name\":\"Inicio\",\"item\":\"https:\/\/blogs.uninter.edu.mx\/difusioncultural\/\"},{\"@type\":\"ListItem\",\"position\":2,\"name\":\"Fue inaugurado Vasco de Gama puente m\u00e1s largo de Europa.\"}]},{\"@type\":\"WebSite\",\"@id\":\"https:\/\/blogs.uninter.edu.mx\/difusioncultural\/#website\",\"url\":\"https:\/\/blogs.uninter.edu.mx\/difusioncultural\/\",\"name\":\"Difusi\u00f3n Cultural\",\"description\":\"UNINTER\",\"publisher\":{\"@id\":\"https:\/\/blogs.uninter.edu.mx\/difusioncultural\/#organization\"},\"potentialAction\":[{\"@type\":\"SearchAction\",\"target\":{\"@type\":\"EntryPoint\",\"urlTemplate\":\"https:\/\/blogs.uninter.edu.mx\/difusioncultural\/?s={search_term_string}\"},\"query-input\":{\"@type\":\"PropertyValueSpecification\",\"valueRequired\":true,\"valueName\":\"search_term_string\"}}],\"inLanguage\":\"es\"},{\"@type\":\"Organization\",\"@id\":\"https:\/\/blogs.uninter.edu.mx\/difusioncultural\/#organization\",\"name\":\"Difusi\u00f3n Cultural\",\"url\":\"https:\/\/blogs.uninter.edu.mx\/difusioncultural\/\",\"logo\":{\"@type\":\"ImageObject\",\"inLanguage\":\"es\",\"@id\":\"https:\/\/blogs.uninter.edu.mx\/difusioncultural\/#\/schema\/logo\/image\/\",\"url\":\"https:\/\/blogs.uninter.edu.mx\/difusioncultural\/wp-content\/uploads\/2022\/09\/uninter.jpg\",\"contentUrl\":\"https:\/\/blogs.uninter.edu.mx\/difusioncultural\/wp-content\/uploads\/2022\/09\/uninter.jpg\",\"width\":2048,\"height\":2048,\"caption\":\"Difusi\u00f3n Cultural\"},\"image\":{\"@id\":\"https:\/\/blogs.uninter.edu.mx\/difusioncultural\/#\/schema\/logo\/image\/\"}},{\"@type\":\"Person\",\"@id\":\"https:\/\/blogs.uninter.edu.mx\/difusioncultural\/#\/schema\/person\/37a0926f4dd300a814993fd595abdc4a\",\"name\":\"webmaster\",\"image\":{\"@type\":\"ImageObject\",\"inLanguage\":\"es\",\"@id\":\"https:\/\/blogs.uninter.edu.mx\/difusioncultural\/#\/schema\/person\/image\/\",\"url\":\"https:\/\/secure.gravatar.com\/avatar\/a59c276b01147463ef3aab4118e3137ebc5e1ad6700deb39ccdf8b89e517f7dc?s=96&d=mm&r=g\",\"contentUrl\":\"https:\/\/secure.gravatar.com\/avatar\/a59c276b01147463ef3aab4118e3137ebc5e1ad6700deb39ccdf8b89e517f7dc?s=96&d=mm&r=g\",\"caption\":\"webmaster\"},\"sameAs\":[\"https:\/\/blogs.uninter.edu.mx\/difusioncultural\"],\"url\":\"https:\/\/blogs.uninter.edu.mx\/difusioncultural\/?author=1\"}]}<\/script>\r\n<!-- \/ Yoast SEO plugin. -->","yoast_head_json":{"title":"Fue inaugurado Vasco de Gama puente m\u00e1s largo de Europa. - Difusi\u00f3n Cultural","robots":{"index":"index","follow":"follow","max-snippet":"max-snippet:-1","max-image-preview":"max-image-preview:large","max-video-preview":"max-video-preview:-1"},"canonical":"https:\/\/blogs.uninter.edu.mx\/difusioncultural\/?p=6105","og_locale":"es_MX","og_type":"article","og_title":"Fue inaugurado Vasco de Gama puente m\u00e1s largo de Europa. - Difusi\u00f3n Cultural","og_description":"El Puente Vasco da Gama es el puente m\u00e1s reciente sobre el r\u00edo Tajo, en el \u00e1rea de la Grande Lisboa (capital de Portugal) que conecta Montijo y Sacav\u00e9m, muy pr\u00f3ximo al Parque das Na\u00e7\u00f5es. Fue inaugurado el 4 de abril de 1998, el puente es el m\u00e1s largo de Europa, con sus 17,2 km&hellip;","og_url":"https:\/\/blogs.uninter.edu.mx\/difusioncultural\/?p=6105","og_site_name":"Difusi\u00f3n Cultural","article_published_time":"2018-04-04T17:24:15+00:00","og_image":[{"url":"https:\/\/drupal-multisite-s3.s3-us-west-2.amazonaws.com\/files\/puente-vasco-de-gama-600x310.jpg","type":"","width":"","height":""}],"author":"webmaster","twitter_card":"summary_large_image","twitter_misc":{"Escrito por":"webmaster","Tiempo de lectura":"1 minuto"},"schema":{"@context":"https:\/\/schema.org","@graph":[{"@type":"Article","@id":"https:\/\/blogs.uninter.edu.mx\/difusioncultural\/?p=6105#article","isPartOf":{"@id":"https:\/\/blogs.uninter.edu.mx\/difusioncultural\/?p=6105"},"author":{"name":"webmaster","@id":"https:\/\/blogs.uninter.edu.mx\/difusioncultural\/#\/schema\/person\/37a0926f4dd300a814993fd595abdc4a"},"headline":"Fue inaugurado Vasco de Gama puente m\u00e1s largo de Europa.","datePublished":"2018-04-04T17:24:15+00:00","mainEntityOfPage":{"@id":"https:\/\/blogs.uninter.edu.mx\/difusioncultural\/?p=6105"},"wordCount":201,"publisher":{"@id":"https:\/\/blogs.uninter.edu.mx\/difusioncultural\/#organization"},"image":{"@id":"https:\/\/blogs.uninter.edu.mx\/difusioncultural\/?p=6105#primaryimage"},"thumbnailUrl":"https:\/\/drupal-multisite-s3.s3-us-west-2.amazonaws.com\/files\/puente-vasco-de-gama-600x310.jpg","inLanguage":"es"},{"@type":"WebPage","@id":"https:\/\/blogs.uninter.edu.mx\/difusioncultural\/?p=6105","url":"https:\/\/blogs.uninter.edu.mx\/difusioncultural\/?p=6105","name":"Fue inaugurado Vasco de Gama puente m\u00e1s largo de Europa. - Difusi\u00f3n Cultural","isPartOf":{"@id":"https:\/\/blogs.uninter.edu.mx\/difusioncultural\/#website"},"primaryImageOfPage":{"@id":"https:\/\/blogs.uninter.edu.mx\/difusioncultural\/?p=6105#primaryimage"},"image":{"@id":"https:\/\/blogs.uninter.edu.mx\/difusioncultural\/?p=6105#primaryimage"},"thumbnailUrl":"https:\/\/drupal-multisite-s3.s3-us-west-2.amazonaws.com\/files\/puente-vasco-de-gama-600x310.jpg","datePublished":"2018-04-04T17:24:15+00:00","breadcrumb":{"@id":"https:\/\/blogs.uninter.edu.mx\/difusioncultural\/?p=6105#breadcrumb"},"inLanguage":"es","potentialAction":[{"@type":"ReadAction","target":["https:\/\/blogs.uninter.edu.mx\/difusioncultural\/?p=6105"]}]},{"@type":"ImageObject","inLanguage":"es","@id":"https:\/\/blogs.uninter.edu.mx\/difusioncultural\/?p=6105#primaryimage","url":"https:\/\/drupal-multisite-s3.s3-us-west-2.amazonaws.com\/files\/puente-vasco-de-gama-600x310.jpg","contentUrl":"https:\/\/drupal-multisite-s3.s3-us-west-2.amazonaws.com\/files\/puente-vasco-de-gama-600x310.jpg"},{"@type":"BreadcrumbList","@id":"https:\/\/blogs.uninter.edu.mx\/difusioncultural\/?p=6105#breadcrumb","itemListElement":[{"@type":"ListItem","position":1,"name":"Inicio","item":"https:\/\/blogs.uninter.edu.mx\/difusioncultural\/"},{"@type":"ListItem","position":2,"name":"Fue inaugurado Vasco de Gama puente m\u00e1s largo de Europa."}]},{"@type":"WebSite","@id":"https:\/\/blogs.uninter.edu.mx\/difusioncultural\/#website","url":"https:\/\/blogs.uninter.edu.mx\/difusioncultural\/","name":"Difusi\u00f3n Cultural","description":"UNINTER","publisher":{"@id":"https:\/\/blogs.uninter.edu.mx\/difusioncultural\/#organization"},"potentialAction":[{"@type":"SearchAction","target":{"@type":"EntryPoint","urlTemplate":"https:\/\/blogs.uninter.edu.mx\/difusioncultural\/?s={search_term_string}"},"query-input":{"@type":"PropertyValueSpecification","valueRequired":true,"valueName":"search_term_string"}}],"inLanguage":"es"},{"@type":"Organization","@id":"https:\/\/blogs.uninter.edu.mx\/difusioncultural\/#organization","name":"Difusi\u00f3n Cultural","url":"https:\/\/blogs.uninter.edu.mx\/difusioncultural\/","logo":{"@type":"ImageObject","inLanguage":"es","@id":"https:\/\/blogs.uninter.edu.mx\/difusioncultural\/#\/schema\/logo\/image\/","url":"https:\/\/blogs.uninter.edu.mx\/difusioncultural\/wp-content\/uploads\/2022\/09\/uninter.jpg","contentUrl":"https:\/\/blogs.uninter.edu.mx\/difusioncultural\/wp-content\/uploads\/2022\/09\/uninter.jpg","width":2048,"height":2048,"caption":"Difusi\u00f3n Cultural"},"image":{"@id":"https:\/\/blogs.uninter.edu.mx\/difusioncultural\/#\/schema\/logo\/image\/"}},{"@type":"Person","@id":"https:\/\/blogs.uninter.edu.mx\/difusioncultural\/#\/schema\/person\/37a0926f4dd300a814993fd595abdc4a","name":"webmaster","image":{"@type":"ImageObject","inLanguage":"es","@id":"https:\/\/blogs.uninter.edu.mx\/difusioncultural\/#\/schema\/person\/image\/","url":"https:\/\/secure.gravatar.com\/avatar\/a59c276b01147463ef3aab4118e3137ebc5e1ad6700deb39ccdf8b89e517f7dc?s=96&d=mm&r=g","contentUrl":"https:\/\/secure.gravatar.com\/avatar\/a59c276b01147463ef3aab4118e3137ebc5e1ad6700deb39ccdf8b89e517f7dc?s=96&d=mm&r=g","caption":"webmaster"},"sameAs":["https:\/\/blogs.uninter.edu.mx\/difusioncultural"],"url":"https:\/\/blogs.uninter.edu.mx\/difusioncultural\/?author=1"}]}},"jetpack_publicize_connections":[],"jetpack_featured_media_url":"","jetpack_sharing_enabled":true,"_links":{"self":[{"href":"https:\/\/blogs.uninter.edu.mx\/difusioncultural\/index.php?rest_route=\/wp\/v2\/posts\/6105","targetHints":{"allow":["GET"]}}],"collection":[{"href":"https:\/\/blogs.uninter.edu.mx\/difusioncultural\/index.php?rest_route=\/wp\/v2\/posts"}],"about":[{"href":"https:\/\/blogs.uninter.edu.mx\/difusioncultural\/index.php?rest_route=\/wp\/v2\/types\/post"}],"author":[{"embeddable":true,"href":"https:\/\/blogs.uninter.edu.mx\/difusioncultural\/index.php?rest_route=\/wp\/v2\/users\/1"}],"replies":[{"embeddable":true,"href":"https:\/\/blogs.uninter.edu.mx\/difusioncultural\/index.php?rest_route=%2Fwp%2Fv2%2Fcomments&post=6105"}],"version-history":[{"count":0,"href":"https:\/\/blogs.uninter.edu.mx\/difusioncultural\/index.php?rest_route=\/wp\/v2\/posts\/6105\/revisions"}],"wp:attachment":[{"href":"https:\/\/blogs.uninter.edu.mx\/difusioncultural\/index.php?rest_route=%2Fwp%2Fv2%2Fmedia&parent=6105"}],"wp:term":[{"taxonomy":"category","embeddable":true,"href":"https:\/\/blogs.uninter.edu.mx\/difusioncultural\/index.php?rest_route=%2Fwp%2Fv2%2Fcategories&post=6105"},{"taxonomy":"post_tag","embeddable":true,"href":"https:\/\/blogs.uninter.edu.mx\/difusioncultural\/index.php?rest_route=%2Fwp%2Fv2%2Ftags&post=6105"}],"curies":[{"name":"wp","href":"https:\/\/api.w.org\/{rel}","templated":true}]}}