{"id":6167,"date":"2018-05-05T12:00:41","date_gmt":"2018-05-05T17:00:41","guid":{"rendered":"https:\/\/difusionculturaluninter.wordpress.com\/?p=6167"},"modified":"2018-05-05T12:00:41","modified_gmt":"2018-05-05T17:00:41","slug":"5-de-mayo-la-batalla-de-puebla","status":"publish","type":"post","link":"https:\/\/blogs.uninter.edu.mx\/difusioncultural\/?p=6167","title":{"rendered":"5 DE MAYO &#8220;LA BATALLA DE PUEBLA&#8221;"},"content":{"rendered":"<p style=\"text-align:justify;\">El cinco\u00a0de Mayo se conmemora el d\u00eda de la Batalla de Puebla, en la cual el ej\u00e9rcito mexicano venci\u00f3 al ej\u00e9rcito franc\u00e9s. Cada ano se celebra en M\u00e9xico,\u00a0con orgullo y pasi\u00f3n, esta victoria\u00a0con grandes festejos.<\/p>\n<p><img fetchpriority=\"high\" decoding=\"async\" class=\"alignnone size-full wp-image-6166\" src=\"https:\/\/difusionculturaluninter.files.wordpress.com\/2018\/04\/img_0399-770x392.jpg\" alt=\"IMG_0399-770x392\" width=\"770\" height=\"392\" \/><\/p>\n<p style=\"text-align:justify;\">HISTORIA DE LA BATALLA DE PUEBLA<\/p>\n<p style=\"text-align:justify;\">Antes del 5\u00a0de Mayo, el d\u00eda \u00a028 de abril\u00a0de\u00a01862,\u00a0tuvo lugar un enfrentamiento conocido como la Batalla de las Cumbres entre el Ej\u00e9rcito Expedicionario Franc\u00e9s y el Ej\u00e9rcito Mexicano. En este conflicto hubo cerca de 500 bajas francesas en contra de apenas 50 bajas mexicanas.<\/p>\n<p style=\"text-align:justify;\">El 2 de mayo parte el Ej\u00e9rcito Expedicionario Franc\u00e9s desde San Agust\u00edn del Palmar en Veracruz con rumbo\u00a0a cruzar la Sierra Madre Oriental y dirigirse hacia Puebla, era paso obligado para llegar a la capital mexicana.<\/p>\n<p style=\"text-align:justify;\">Otros generales mexicanos tambi\u00e9n participaron en la defensa de Puebla como es el caso de\u00a0\u00a0las tropas de\u00a0Oaxaca\u00a0dirigidas por\u00a0Porfirio D\u00edaz. El centro de la l\u00ednea lo defendi\u00f3\u00a0Francisco Lamadrid\u00a0con las tropas del\u00a0Estado de M\u00e9xico\u00a0y\u00a0San Luis Potos\u00ed. La izquierda se apoy\u00f3 en el cerro de Acueyametepec, ubicado en el norte de la ciudad, y en cuya cumbre\u00a0est\u00e1n los\u00a0Fuertes de Loreto y Guadalupe, con el general\u00a0Miguel Negrete\u00a0a la cabeza de la Segunda Divisi\u00f3n de Infanter\u00eda.<\/p>\n<ul style=\"text-align:justify;\">\n<li>El 5 de mayo, a las 9 de la manana, aparecen los franceses en el horizonte, pero es hasta las 11 de la manana cuando comienzan las hostilidades,\u00a0anunci\u00e1ndose con un ca\u00f1onazo desde el Fuerte de Guadalupe y acompa\u00f1ado por los repiques de las campanas de la ciudad.<\/li>\n<li>El conde de Lorencez\u00a0ordena una maniobra sorpresiva que divide a la columna francesa en dos; eran 4,000 hombres marchando para atacar los Fuertes de Loreto y Guadalupe.<\/li>\n<li>El 6o. Batall\u00f3n de la Guardia Nacional del Estado de Puebla,\u00a0bajo el mando del coronel\u00a0Juan Nepomuceno M\u00e9ndez, fue el primer cuerpo del Ej\u00e9rcito de Oriente en hacer frente a los franceses y \u00a0rechazar el \u00a0ataque.<\/li>\n<li>Varios embates franceses fueron repelidos por la resistencia del Ej\u00e9rcito Mexicano como es el caso de los zuavos (originarios de Argelia),\u00a0el regimiento de \u00e9lite de la infanter\u00eda francesa, quienes iniciaron un\u00a0cauteloso ascenso hacia el Fuerte de Guadalupe, pero fueron\u00a0recibidos con bayonetas y obligados lo franceses a retroceder.<\/li>\n<li>A las 2h30\u00a0de la tarde, cuando los mexicanos empezaban a vislumbrar la victoria, Lorencez se dispuso a lanzar el \u00faltimo asalto, dirigiendo a los Cazadores de Vincennes y el Regimiento de Zuavos hacia Guadalupe.\u00a0 Zaragoza dispuso que el Batall\u00f3n Reforma de San Luis Potos\u00ed saliera en auxilio de los fuertes.<\/li>\n<li>Luego de ser repelidos por \u00faltima vez, las fuerzas del Ej\u00e9rcito Expedicionario Franc\u00e9s comenzaron a huir\u00a0completamente dispersados. Se replegaron a la hacienda Los \u00c1lamos, para finalmente retirarse hacia Amozoc.<\/li>\n<\/ul>\n<p style=\"text-align:justify;\">El d\u00eda\u00a0<strong>5 de mayo de 1862<\/strong>, tras una de las m\u00e1s duras batallas de la historia, la cual dur\u00f3 desde el amanecer a la tarde, los franceses terminaron por retirarse. El saldo fue de m\u00e1s de 500 bajas en las l\u00edneas francesas contra apenas unas 100 en las mexicanas.<\/p>\n<p style=\"text-align:justify;\">\u00c9ste hecho se convirti\u00f3 en un fuerte s\u00edmbolo de la resistencia y del poder mexicano, representando justamente una victoria simb\u00f3lica contra los grandes imperios.<\/p>\n<p style=\"text-align:justify;\">\n<p>&nbsp;<\/p>\n","protected":false},"excerpt":{"rendered":"<p>El cinco\u00a0de Mayo se conmemora el d\u00eda de la Batalla de Puebla, en la cual el ej\u00e9rcito mexicano venci\u00f3 al ej\u00e9rcito franc\u00e9s. Cada ano se celebra en M\u00e9xico,\u00a0con orgullo y pasi\u00f3n, esta victoria\u00a0con grandes festejos. HISTORIA DE LA BATALLA DE PUEBLA Antes del 5\u00a0de Mayo, el d\u00eda \u00a028 de abril\u00a0de\u00a01862,\u00a0tuvo lugar un enfrentamiento conocido como&hellip;<\/p>\n","protected":false},"author":1,"featured_media":6166,"comment_status":"closed","ping_status":"open","sticky":false,"template":"","format":"aside","meta":{"_jetpack_memberships_contains_paid_content":false,"footnotes":"","jetpack_publicize_message":"","jetpack_publicize_feature_enabled":true,"jetpack_social_post_already_shared":false,"jetpack_social_options":{"image_generator_settings":{"template":"highway","default_image_id":0,"font":"","enabled":false},"version":2}},"categories":[1],"tags":[],"class_list":["post-6167","post","type-post","status-publish","format-aside","has-post-thumbnail","hentry","category-sin-categoria","post_format-post-format-aside"],"yoast_head":"<!-- This site is optimized with the Yoast SEO plugin v26.3 - https:\/\/yoast.com\/wordpress\/plugins\/seo\/ -->\r\n<title>5 DE MAYO &quot;LA BATALLA DE PUEBLA&quot; - Difusi\u00f3n Cultural<\/title>\r\n<meta name=\"robots\" content=\"index, follow, max-snippet:-1, max-image-preview:large, max-video-preview:-1\" \/>\r\n<link rel=\"canonical\" href=\"https:\/\/blogs.uninter.edu.mx\/difusioncultural\/?p=6167\" \/>\r\n<meta property=\"og:locale\" content=\"es_MX\" \/>\r\n<meta property=\"og:type\" content=\"article\" \/>\r\n<meta property=\"og:title\" content=\"5 DE MAYO &quot;LA BATALLA DE PUEBLA&quot; - Difusi\u00f3n Cultural\" \/>\r\n<meta property=\"og:description\" content=\"El cinco\u00a0de Mayo se conmemora el d\u00eda de la Batalla de Puebla, en la cual el ej\u00e9rcito mexicano venci\u00f3 al ej\u00e9rcito franc\u00e9s. Cada ano se celebra en M\u00e9xico,\u00a0con orgullo y pasi\u00f3n, esta victoria\u00a0con grandes festejos. HISTORIA DE LA BATALLA DE PUEBLA Antes del 5\u00a0de Mayo, el d\u00eda \u00a028 de abril\u00a0de\u00a01862,\u00a0tuvo lugar un enfrentamiento conocido como&hellip;\" \/>\r\n<meta property=\"og:url\" content=\"https:\/\/blogs.uninter.edu.mx\/difusioncultural\/?p=6167\" \/>\r\n<meta property=\"og:site_name\" content=\"Difusi\u00f3n Cultural\" \/>\r\n<meta property=\"article:published_time\" content=\"2018-05-05T17:00:41+00:00\" \/>\r\n<meta property=\"og:image\" content=\"https:\/\/blogs.uninter.edu.mx\/difusioncultural\/wp-content\/uploads\/2018\/04\/img_0399-770x392-1.jpg\" \/>\r\n\t<meta property=\"og:image:width\" content=\"770\" \/>\r\n\t<meta property=\"og:image:height\" content=\"392\" \/>\r\n\t<meta property=\"og:image:type\" content=\"image\/jpeg\" \/>\r\n<meta name=\"author\" content=\"webmaster\" \/>\r\n<meta name=\"twitter:card\" content=\"summary_large_image\" \/>\r\n<meta name=\"twitter:label1\" content=\"Escrito por\" \/>\n\t<meta name=\"twitter:data1\" content=\"webmaster\" \/>\n\t<meta name=\"twitter:label2\" content=\"Tiempo de lectura\" \/>\n\t<meta name=\"twitter:data2\" content=\"3 minutos\" \/>\r\n<script type=\"application\/ld+json\" class=\"yoast-schema-graph\">{\"@context\":\"https:\/\/schema.org\",\"@graph\":[{\"@type\":\"Article\",\"@id\":\"https:\/\/blogs.uninter.edu.mx\/difusioncultural\/?p=6167#article\",\"isPartOf\":{\"@id\":\"https:\/\/blogs.uninter.edu.mx\/difusioncultural\/?p=6167\"},\"author\":{\"name\":\"webmaster\",\"@id\":\"https:\/\/blogs.uninter.edu.mx\/difusioncultural\/#\/schema\/person\/37a0926f4dd300a814993fd595abdc4a\"},\"headline\":\"5 DE MAYO &#8220;LA BATALLA DE PUEBLA&#8221;\",\"datePublished\":\"2018-05-05T17:00:41+00:00\",\"mainEntityOfPage\":{\"@id\":\"https:\/\/blogs.uninter.edu.mx\/difusioncultural\/?p=6167\"},\"wordCount\":561,\"publisher\":{\"@id\":\"https:\/\/blogs.uninter.edu.mx\/difusioncultural\/#organization\"},\"image\":{\"@id\":\"https:\/\/blogs.uninter.edu.mx\/difusioncultural\/?p=6167#primaryimage\"},\"thumbnailUrl\":\"https:\/\/blogs.uninter.edu.mx\/difusioncultural\/wp-content\/uploads\/2018\/04\/img_0399-770x392-1.jpg\",\"inLanguage\":\"es\"},{\"@type\":\"WebPage\",\"@id\":\"https:\/\/blogs.uninter.edu.mx\/difusioncultural\/?p=6167\",\"url\":\"https:\/\/blogs.uninter.edu.mx\/difusioncultural\/?p=6167\",\"name\":\"5 DE MAYO \\\"LA BATALLA DE PUEBLA\\\" - Difusi\u00f3n Cultural\",\"isPartOf\":{\"@id\":\"https:\/\/blogs.uninter.edu.mx\/difusioncultural\/#website\"},\"primaryImageOfPage\":{\"@id\":\"https:\/\/blogs.uninter.edu.mx\/difusioncultural\/?p=6167#primaryimage\"},\"image\":{\"@id\":\"https:\/\/blogs.uninter.edu.mx\/difusioncultural\/?p=6167#primaryimage\"},\"thumbnailUrl\":\"https:\/\/blogs.uninter.edu.mx\/difusioncultural\/wp-content\/uploads\/2018\/04\/img_0399-770x392-1.jpg\",\"datePublished\":\"2018-05-05T17:00:41+00:00\",\"breadcrumb\":{\"@id\":\"https:\/\/blogs.uninter.edu.mx\/difusioncultural\/?p=6167#breadcrumb\"},\"inLanguage\":\"es\",\"potentialAction\":[{\"@type\":\"ReadAction\",\"target\":[\"https:\/\/blogs.uninter.edu.mx\/difusioncultural\/?p=6167\"]}]},{\"@type\":\"ImageObject\",\"inLanguage\":\"es\",\"@id\":\"https:\/\/blogs.uninter.edu.mx\/difusioncultural\/?p=6167#primaryimage\",\"url\":\"https:\/\/blogs.uninter.edu.mx\/difusioncultural\/wp-content\/uploads\/2018\/04\/img_0399-770x392-1.jpg\",\"contentUrl\":\"https:\/\/blogs.uninter.edu.mx\/difusioncultural\/wp-content\/uploads\/2018\/04\/img_0399-770x392-1.jpg\",\"width\":770,\"height\":392},{\"@type\":\"BreadcrumbList\",\"@id\":\"https:\/\/blogs.uninter.edu.mx\/difusioncultural\/?p=6167#breadcrumb\",\"itemListElement\":[{\"@type\":\"ListItem\",\"position\":1,\"name\":\"Inicio\",\"item\":\"https:\/\/blogs.uninter.edu.mx\/difusioncultural\/\"},{\"@type\":\"ListItem\",\"position\":2,\"name\":\"5 DE MAYO &#8220;LA BATALLA DE PUEBLA&#8221;\"}]},{\"@type\":\"WebSite\",\"@id\":\"https:\/\/blogs.uninter.edu.mx\/difusioncultural\/#website\",\"url\":\"https:\/\/blogs.uninter.edu.mx\/difusioncultural\/\",\"name\":\"Difusi\u00f3n Cultural\",\"description\":\"UNINTER\",\"publisher\":{\"@id\":\"https:\/\/blogs.uninter.edu.mx\/difusioncultural\/#organization\"},\"potentialAction\":[{\"@type\":\"SearchAction\",\"target\":{\"@type\":\"EntryPoint\",\"urlTemplate\":\"https:\/\/blogs.uninter.edu.mx\/difusioncultural\/?s={search_term_string}\"},\"query-input\":{\"@type\":\"PropertyValueSpecification\",\"valueRequired\":true,\"valueName\":\"search_term_string\"}}],\"inLanguage\":\"es\"},{\"@type\":\"Organization\",\"@id\":\"https:\/\/blogs.uninter.edu.mx\/difusioncultural\/#organization\",\"name\":\"Difusi\u00f3n Cultural\",\"url\":\"https:\/\/blogs.uninter.edu.mx\/difusioncultural\/\",\"logo\":{\"@type\":\"ImageObject\",\"inLanguage\":\"es\",\"@id\":\"https:\/\/blogs.uninter.edu.mx\/difusioncultural\/#\/schema\/logo\/image\/\",\"url\":\"https:\/\/blogs.uninter.edu.mx\/difusioncultural\/wp-content\/uploads\/2022\/09\/uninter.jpg\",\"contentUrl\":\"https:\/\/blogs.uninter.edu.mx\/difusioncultural\/wp-content\/uploads\/2022\/09\/uninter.jpg\",\"width\":2048,\"height\":2048,\"caption\":\"Difusi\u00f3n Cultural\"},\"image\":{\"@id\":\"https:\/\/blogs.uninter.edu.mx\/difusioncultural\/#\/schema\/logo\/image\/\"}},{\"@type\":\"Person\",\"@id\":\"https:\/\/blogs.uninter.edu.mx\/difusioncultural\/#\/schema\/person\/37a0926f4dd300a814993fd595abdc4a\",\"name\":\"webmaster\",\"image\":{\"@type\":\"ImageObject\",\"inLanguage\":\"es\",\"@id\":\"https:\/\/blogs.uninter.edu.mx\/difusioncultural\/#\/schema\/person\/image\/\",\"url\":\"https:\/\/secure.gravatar.com\/avatar\/a59c276b01147463ef3aab4118e3137ebc5e1ad6700deb39ccdf8b89e517f7dc?s=96&d=mm&r=g\",\"contentUrl\":\"https:\/\/secure.gravatar.com\/avatar\/a59c276b01147463ef3aab4118e3137ebc5e1ad6700deb39ccdf8b89e517f7dc?s=96&d=mm&r=g\",\"caption\":\"webmaster\"},\"sameAs\":[\"https:\/\/blogs.uninter.edu.mx\/difusioncultural\"],\"url\":\"https:\/\/blogs.uninter.edu.mx\/difusioncultural\/?author=1\"}]}<\/script>\r\n<!-- \/ Yoast SEO plugin. -->","yoast_head_json":{"title":"5 DE MAYO \"LA BATALLA DE PUEBLA\" - Difusi\u00f3n Cultural","robots":{"index":"index","follow":"follow","max-snippet":"max-snippet:-1","max-image-preview":"max-image-preview:large","max-video-preview":"max-video-preview:-1"},"canonical":"https:\/\/blogs.uninter.edu.mx\/difusioncultural\/?p=6167","og_locale":"es_MX","og_type":"article","og_title":"5 DE MAYO \"LA BATALLA DE PUEBLA\" - Difusi\u00f3n Cultural","og_description":"El cinco\u00a0de Mayo se conmemora el d\u00eda de la Batalla de Puebla, en la cual el ej\u00e9rcito mexicano venci\u00f3 al ej\u00e9rcito franc\u00e9s. Cada ano se celebra en M\u00e9xico,\u00a0con orgullo y pasi\u00f3n, esta victoria\u00a0con grandes festejos. HISTORIA DE LA BATALLA DE PUEBLA Antes del 5\u00a0de Mayo, el d\u00eda \u00a028 de abril\u00a0de\u00a01862,\u00a0tuvo lugar un enfrentamiento conocido como&hellip;","og_url":"https:\/\/blogs.uninter.edu.mx\/difusioncultural\/?p=6167","og_site_name":"Difusi\u00f3n Cultural","article_published_time":"2018-05-05T17:00:41+00:00","og_image":[{"width":770,"height":392,"url":"https:\/\/blogs.uninter.edu.mx\/difusioncultural\/wp-content\/uploads\/2018\/04\/img_0399-770x392-1.jpg","type":"image\/jpeg"}],"author":"webmaster","twitter_card":"summary_large_image","twitter_misc":{"Escrito por":"webmaster","Tiempo de lectura":"3 minutos"},"schema":{"@context":"https:\/\/schema.org","@graph":[{"@type":"Article","@id":"https:\/\/blogs.uninter.edu.mx\/difusioncultural\/?p=6167#article","isPartOf":{"@id":"https:\/\/blogs.uninter.edu.mx\/difusioncultural\/?p=6167"},"author":{"name":"webmaster","@id":"https:\/\/blogs.uninter.edu.mx\/difusioncultural\/#\/schema\/person\/37a0926f4dd300a814993fd595abdc4a"},"headline":"5 DE MAYO &#8220;LA BATALLA DE PUEBLA&#8221;","datePublished":"2018-05-05T17:00:41+00:00","mainEntityOfPage":{"@id":"https:\/\/blogs.uninter.edu.mx\/difusioncultural\/?p=6167"},"wordCount":561,"publisher":{"@id":"https:\/\/blogs.uninter.edu.mx\/difusioncultural\/#organization"},"image":{"@id":"https:\/\/blogs.uninter.edu.mx\/difusioncultural\/?p=6167#primaryimage"},"thumbnailUrl":"https:\/\/blogs.uninter.edu.mx\/difusioncultural\/wp-content\/uploads\/2018\/04\/img_0399-770x392-1.jpg","inLanguage":"es"},{"@type":"WebPage","@id":"https:\/\/blogs.uninter.edu.mx\/difusioncultural\/?p=6167","url":"https:\/\/blogs.uninter.edu.mx\/difusioncultural\/?p=6167","name":"5 DE MAYO \"LA BATALLA DE PUEBLA\" - Difusi\u00f3n Cultural","isPartOf":{"@id":"https:\/\/blogs.uninter.edu.mx\/difusioncultural\/#website"},"primaryImageOfPage":{"@id":"https:\/\/blogs.uninter.edu.mx\/difusioncultural\/?p=6167#primaryimage"},"image":{"@id":"https:\/\/blogs.uninter.edu.mx\/difusioncultural\/?p=6167#primaryimage"},"thumbnailUrl":"https:\/\/blogs.uninter.edu.mx\/difusioncultural\/wp-content\/uploads\/2018\/04\/img_0399-770x392-1.jpg","datePublished":"2018-05-05T17:00:41+00:00","breadcrumb":{"@id":"https:\/\/blogs.uninter.edu.mx\/difusioncultural\/?p=6167#breadcrumb"},"inLanguage":"es","potentialAction":[{"@type":"ReadAction","target":["https:\/\/blogs.uninter.edu.mx\/difusioncultural\/?p=6167"]}]},{"@type":"ImageObject","inLanguage":"es","@id":"https:\/\/blogs.uninter.edu.mx\/difusioncultural\/?p=6167#primaryimage","url":"https:\/\/blogs.uninter.edu.mx\/difusioncultural\/wp-content\/uploads\/2018\/04\/img_0399-770x392-1.jpg","contentUrl":"https:\/\/blogs.uninter.edu.mx\/difusioncultural\/wp-content\/uploads\/2018\/04\/img_0399-770x392-1.jpg","width":770,"height":392},{"@type":"BreadcrumbList","@id":"https:\/\/blogs.uninter.edu.mx\/difusioncultural\/?p=6167#breadcrumb","itemListElement":[{"@type":"ListItem","position":1,"name":"Inicio","item":"https:\/\/blogs.uninter.edu.mx\/difusioncultural\/"},{"@type":"ListItem","position":2,"name":"5 DE MAYO &#8220;LA BATALLA DE PUEBLA&#8221;"}]},{"@type":"WebSite","@id":"https:\/\/blogs.uninter.edu.mx\/difusioncultural\/#website","url":"https:\/\/blogs.uninter.edu.mx\/difusioncultural\/","name":"Difusi\u00f3n Cultural","description":"UNINTER","publisher":{"@id":"https:\/\/blogs.uninter.edu.mx\/difusioncultural\/#organization"},"potentialAction":[{"@type":"SearchAction","target":{"@type":"EntryPoint","urlTemplate":"https:\/\/blogs.uninter.edu.mx\/difusioncultural\/?s={search_term_string}"},"query-input":{"@type":"PropertyValueSpecification","valueRequired":true,"valueName":"search_term_string"}}],"inLanguage":"es"},{"@type":"Organization","@id":"https:\/\/blogs.uninter.edu.mx\/difusioncultural\/#organization","name":"Difusi\u00f3n Cultural","url":"https:\/\/blogs.uninter.edu.mx\/difusioncultural\/","logo":{"@type":"ImageObject","inLanguage":"es","@id":"https:\/\/blogs.uninter.edu.mx\/difusioncultural\/#\/schema\/logo\/image\/","url":"https:\/\/blogs.uninter.edu.mx\/difusioncultural\/wp-content\/uploads\/2022\/09\/uninter.jpg","contentUrl":"https:\/\/blogs.uninter.edu.mx\/difusioncultural\/wp-content\/uploads\/2022\/09\/uninter.jpg","width":2048,"height":2048,"caption":"Difusi\u00f3n Cultural"},"image":{"@id":"https:\/\/blogs.uninter.edu.mx\/difusioncultural\/#\/schema\/logo\/image\/"}},{"@type":"Person","@id":"https:\/\/blogs.uninter.edu.mx\/difusioncultural\/#\/schema\/person\/37a0926f4dd300a814993fd595abdc4a","name":"webmaster","image":{"@type":"ImageObject","inLanguage":"es","@id":"https:\/\/blogs.uninter.edu.mx\/difusioncultural\/#\/schema\/person\/image\/","url":"https:\/\/secure.gravatar.com\/avatar\/a59c276b01147463ef3aab4118e3137ebc5e1ad6700deb39ccdf8b89e517f7dc?s=96&d=mm&r=g","contentUrl":"https:\/\/secure.gravatar.com\/avatar\/a59c276b01147463ef3aab4118e3137ebc5e1ad6700deb39ccdf8b89e517f7dc?s=96&d=mm&r=g","caption":"webmaster"},"sameAs":["https:\/\/blogs.uninter.edu.mx\/difusioncultural"],"url":"https:\/\/blogs.uninter.edu.mx\/difusioncultural\/?author=1"}]}},"jetpack_publicize_connections":[],"jetpack_featured_media_url":"https:\/\/blogs.uninter.edu.mx\/difusioncultural\/wp-content\/uploads\/2018\/04\/img_0399-770x392-1.jpg","jetpack_sharing_enabled":true,"_links":{"self":[{"href":"https:\/\/blogs.uninter.edu.mx\/difusioncultural\/index.php?rest_route=\/wp\/v2\/posts\/6167","targetHints":{"allow":["GET"]}}],"collection":[{"href":"https:\/\/blogs.uninter.edu.mx\/difusioncultural\/index.php?rest_route=\/wp\/v2\/posts"}],"about":[{"href":"https:\/\/blogs.uninter.edu.mx\/difusioncultural\/index.php?rest_route=\/wp\/v2\/types\/post"}],"author":[{"embeddable":true,"href":"https:\/\/blogs.uninter.edu.mx\/difusioncultural\/index.php?rest_route=\/wp\/v2\/users\/1"}],"replies":[{"embeddable":true,"href":"https:\/\/blogs.uninter.edu.mx\/difusioncultural\/index.php?rest_route=%2Fwp%2Fv2%2Fcomments&post=6167"}],"version-history":[{"count":0,"href":"https:\/\/blogs.uninter.edu.mx\/difusioncultural\/index.php?rest_route=\/wp\/v2\/posts\/6167\/revisions"}],"wp:featuredmedia":[{"embeddable":true,"href":"https:\/\/blogs.uninter.edu.mx\/difusioncultural\/index.php?rest_route=\/wp\/v2\/media\/6166"}],"wp:attachment":[{"href":"https:\/\/blogs.uninter.edu.mx\/difusioncultural\/index.php?rest_route=%2Fwp%2Fv2%2Fmedia&parent=6167"}],"wp:term":[{"taxonomy":"category","embeddable":true,"href":"https:\/\/blogs.uninter.edu.mx\/difusioncultural\/index.php?rest_route=%2Fwp%2Fv2%2Fcategories&post=6167"},{"taxonomy":"post_tag","embeddable":true,"href":"https:\/\/blogs.uninter.edu.mx\/difusioncultural\/index.php?rest_route=%2Fwp%2Fv2%2Ftags&post=6167"}],"curies":[{"name":"wp","href":"https:\/\/api.w.org\/{rel}","templated":true}]}}