{"id":6181,"date":"2018-05-01T15:30:51","date_gmt":"2018-05-01T20:30:51","guid":{"rendered":"https:\/\/difusionculturaluninter.wordpress.com\/?p=6181"},"modified":"2018-05-01T15:30:51","modified_gmt":"2018-05-01T20:30:51","slug":"soprano-y-piano-ofrecen-el-concierto-recordando-a-cri-cri","status":"publish","type":"post","link":"https:\/\/blogs.uninter.edu.mx\/difusioncultural\/?p=6181","title":{"rendered":"Soprano y piano ofrecen el concierto \u201cRecordando a Cri-Cr\u00ed"},"content":{"rendered":"<p style=\"text-align:justify;\">El d\u00fao de soprano y piano ofreci\u00f3 el concierto de m\u00fasica infantil \u201cRecordando a Cri-Cr\u00ed\u201d, el pasado s\u00e1bado 21 de abril, en la Sala Manuel M. Ponce del Centro Cultural Jard\u00edn Borda, en la capital morelense.<\/p>\n<p style=\"text-align:justify;\">Concierto interactivo en el que la soprano Karen Alba y Odiseo Reyes al piano interpretaron algunos de sus temas favoritos Francisco Gabilondo Soler. Cabe destacar que dicho proyecto surge del amor a la m\u00fasica y el deseo que los ni\u00f1os desde temprana edad se incursionen y se apasionen por ella: \u201cPensamos que la mejor manera de hacerlo es combinando cuentos y m\u00fasica y que mejor que interpretando canciones de nuestro querid\u00edsimo canta autor Francisco Gabilondo Soler, mejor conocido como Cri-Cr\u00ed, el grillito cantor\u201d, asegur\u00f3 el d\u00fao.<\/p>\n<p style=\"text-align:justify;\">Este mismo proyecto se estar\u00e1 presentando el pr\u00f3ximo s\u00e1bado 28 en la plaza p\u00fablica del municipio de Mazatepec, y el domingo 29 en la Plaza del Arte de Yautepec, ambos conciertos a las 18:00 hrs. y con entrada gratuita.<\/p>\n<hr \/>\n<p><img decoding=\"async\" src=\"http:\/\/cultura.morelos.gob.mx\/sites\/cultura.morelos.gob.mx\/files\/5-recordando-cricri-sala-manuel-m-ponce-centro-cultural-jardin-borda.jpg\" \/><\/p>\n","protected":false},"excerpt":{"rendered":"<p>El d\u00fao de soprano y piano ofreci\u00f3 el concierto de m\u00fasica infantil \u201cRecordando a Cri-Cr\u00ed\u201d, el pasado s\u00e1bado 21 de abril, en la Sala Manuel M. Ponce del Centro Cultural Jard\u00edn Borda, en la capital morelense. Concierto interactivo en el que la soprano Karen Alba y Odiseo Reyes al piano interpretaron algunos de sus temas&hellip;<\/p>\n","protected":false},"author":1,"featured_media":0,"comment_status":"closed","ping_status":"open","sticky":false,"template":"","format":"standard","meta":{"_jetpack_memberships_contains_paid_content":false,"footnotes":"","jetpack_publicize_message":"","jetpack_publicize_feature_enabled":true,"jetpack_social_post_already_shared":false,"jetpack_social_options":{"image_generator_settings":{"template":"highway","default_image_id":0,"font":"","enabled":false},"version":2}},"categories":[1],"tags":[],"class_list":["post-6181","post","type-post","status-publish","format-standard","hentry","category-sin-categoria"],"yoast_head":"<!-- This site is optimized with the Yoast SEO plugin v26.3 - https:\/\/yoast.com\/wordpress\/plugins\/seo\/ -->\r\n<title>Soprano y piano ofrecen el concierto \u201cRecordando a Cri-Cr\u00ed - Difusi\u00f3n Cultural<\/title>\r\n<meta name=\"robots\" content=\"index, follow, max-snippet:-1, max-image-preview:large, max-video-preview:-1\" \/>\r\n<link rel=\"canonical\" href=\"https:\/\/blogs.uninter.edu.mx\/difusioncultural\/?p=6181\" \/>\r\n<meta property=\"og:locale\" content=\"es_MX\" \/>\r\n<meta property=\"og:type\" content=\"article\" \/>\r\n<meta property=\"og:title\" content=\"Soprano y piano ofrecen el concierto \u201cRecordando a Cri-Cr\u00ed - Difusi\u00f3n Cultural\" \/>\r\n<meta property=\"og:description\" content=\"El d\u00fao de soprano y piano ofreci\u00f3 el concierto de m\u00fasica infantil \u201cRecordando a Cri-Cr\u00ed\u201d, el pasado s\u00e1bado 21 de abril, en la Sala Manuel M. Ponce del Centro Cultural Jard\u00edn Borda, en la capital morelense. Concierto interactivo en el que la soprano Karen Alba y Odiseo Reyes al piano interpretaron algunos de sus temas&hellip;\" \/>\r\n<meta property=\"og:url\" content=\"https:\/\/blogs.uninter.edu.mx\/difusioncultural\/?p=6181\" \/>\r\n<meta property=\"og:site_name\" content=\"Difusi\u00f3n Cultural\" \/>\r\n<meta property=\"article:published_time\" content=\"2018-05-01T20:30:51+00:00\" \/>\r\n<meta property=\"og:image\" content=\"http:\/\/cultura.morelos.gob.mx\/sites\/cultura.morelos.gob.mx\/files\/5-recordando-cricri-sala-manuel-m-ponce-centro-cultural-jardin-borda.jpg\" \/>\r\n<meta name=\"author\" content=\"webmaster\" \/>\r\n<meta name=\"twitter:card\" content=\"summary_large_image\" \/>\r\n<meta name=\"twitter:label1\" content=\"Escrito por\" \/>\n\t<meta name=\"twitter:data1\" content=\"webmaster\" \/>\n\t<meta name=\"twitter:label2\" content=\"Tiempo de lectura\" \/>\n\t<meta name=\"twitter:data2\" content=\"1 minuto\" \/>\r\n<script type=\"application\/ld+json\" class=\"yoast-schema-graph\">{\"@context\":\"https:\/\/schema.org\",\"@graph\":[{\"@type\":\"Article\",\"@id\":\"https:\/\/blogs.uninter.edu.mx\/difusioncultural\/?p=6181#article\",\"isPartOf\":{\"@id\":\"https:\/\/blogs.uninter.edu.mx\/difusioncultural\/?p=6181\"},\"author\":{\"name\":\"webmaster\",\"@id\":\"https:\/\/blogs.uninter.edu.mx\/difusioncultural\/#\/schema\/person\/37a0926f4dd300a814993fd595abdc4a\"},\"headline\":\"Soprano y piano ofrecen el concierto \u201cRecordando a Cri-Cr\u00ed\",\"datePublished\":\"2018-05-01T20:30:51+00:00\",\"mainEntityOfPage\":{\"@id\":\"https:\/\/blogs.uninter.edu.mx\/difusioncultural\/?p=6181\"},\"wordCount\":178,\"publisher\":{\"@id\":\"https:\/\/blogs.uninter.edu.mx\/difusioncultural\/#organization\"},\"image\":{\"@id\":\"https:\/\/blogs.uninter.edu.mx\/difusioncultural\/?p=6181#primaryimage\"},\"thumbnailUrl\":\"http:\/\/cultura.morelos.gob.mx\/sites\/cultura.morelos.gob.mx\/files\/5-recordando-cricri-sala-manuel-m-ponce-centro-cultural-jardin-borda.jpg\",\"inLanguage\":\"es\"},{\"@type\":\"WebPage\",\"@id\":\"https:\/\/blogs.uninter.edu.mx\/difusioncultural\/?p=6181\",\"url\":\"https:\/\/blogs.uninter.edu.mx\/difusioncultural\/?p=6181\",\"name\":\"Soprano y piano ofrecen el concierto \u201cRecordando a Cri-Cr\u00ed - Difusi\u00f3n Cultural\",\"isPartOf\":{\"@id\":\"https:\/\/blogs.uninter.edu.mx\/difusioncultural\/#website\"},\"primaryImageOfPage\":{\"@id\":\"https:\/\/blogs.uninter.edu.mx\/difusioncultural\/?p=6181#primaryimage\"},\"image\":{\"@id\":\"https:\/\/blogs.uninter.edu.mx\/difusioncultural\/?p=6181#primaryimage\"},\"thumbnailUrl\":\"http:\/\/cultura.morelos.gob.mx\/sites\/cultura.morelos.gob.mx\/files\/5-recordando-cricri-sala-manuel-m-ponce-centro-cultural-jardin-borda.jpg\",\"datePublished\":\"2018-05-01T20:30:51+00:00\",\"breadcrumb\":{\"@id\":\"https:\/\/blogs.uninter.edu.mx\/difusioncultural\/?p=6181#breadcrumb\"},\"inLanguage\":\"es\",\"potentialAction\":[{\"@type\":\"ReadAction\",\"target\":[\"https:\/\/blogs.uninter.edu.mx\/difusioncultural\/?p=6181\"]}]},{\"@type\":\"ImageObject\",\"inLanguage\":\"es\",\"@id\":\"https:\/\/blogs.uninter.edu.mx\/difusioncultural\/?p=6181#primaryimage\",\"url\":\"http:\/\/cultura.morelos.gob.mx\/sites\/cultura.morelos.gob.mx\/files\/5-recordando-cricri-sala-manuel-m-ponce-centro-cultural-jardin-borda.jpg\",\"contentUrl\":\"http:\/\/cultura.morelos.gob.mx\/sites\/cultura.morelos.gob.mx\/files\/5-recordando-cricri-sala-manuel-m-ponce-centro-cultural-jardin-borda.jpg\"},{\"@type\":\"BreadcrumbList\",\"@id\":\"https:\/\/blogs.uninter.edu.mx\/difusioncultural\/?p=6181#breadcrumb\",\"itemListElement\":[{\"@type\":\"ListItem\",\"position\":1,\"name\":\"Inicio\",\"item\":\"https:\/\/blogs.uninter.edu.mx\/difusioncultural\/\"},{\"@type\":\"ListItem\",\"position\":2,\"name\":\"Soprano y piano ofrecen el concierto \u201cRecordando a Cri-Cr\u00ed\"}]},{\"@type\":\"WebSite\",\"@id\":\"https:\/\/blogs.uninter.edu.mx\/difusioncultural\/#website\",\"url\":\"https:\/\/blogs.uninter.edu.mx\/difusioncultural\/\",\"name\":\"Difusi\u00f3n Cultural\",\"description\":\"UNINTER\",\"publisher\":{\"@id\":\"https:\/\/blogs.uninter.edu.mx\/difusioncultural\/#organization\"},\"potentialAction\":[{\"@type\":\"SearchAction\",\"target\":{\"@type\":\"EntryPoint\",\"urlTemplate\":\"https:\/\/blogs.uninter.edu.mx\/difusioncultural\/?s={search_term_string}\"},\"query-input\":{\"@type\":\"PropertyValueSpecification\",\"valueRequired\":true,\"valueName\":\"search_term_string\"}}],\"inLanguage\":\"es\"},{\"@type\":\"Organization\",\"@id\":\"https:\/\/blogs.uninter.edu.mx\/difusioncultural\/#organization\",\"name\":\"Difusi\u00f3n Cultural\",\"url\":\"https:\/\/blogs.uninter.edu.mx\/difusioncultural\/\",\"logo\":{\"@type\":\"ImageObject\",\"inLanguage\":\"es\",\"@id\":\"https:\/\/blogs.uninter.edu.mx\/difusioncultural\/#\/schema\/logo\/image\/\",\"url\":\"https:\/\/blogs.uninter.edu.mx\/difusioncultural\/wp-content\/uploads\/2022\/09\/uninter.jpg\",\"contentUrl\":\"https:\/\/blogs.uninter.edu.mx\/difusioncultural\/wp-content\/uploads\/2022\/09\/uninter.jpg\",\"width\":2048,\"height\":2048,\"caption\":\"Difusi\u00f3n Cultural\"},\"image\":{\"@id\":\"https:\/\/blogs.uninter.edu.mx\/difusioncultural\/#\/schema\/logo\/image\/\"}},{\"@type\":\"Person\",\"@id\":\"https:\/\/blogs.uninter.edu.mx\/difusioncultural\/#\/schema\/person\/37a0926f4dd300a814993fd595abdc4a\",\"name\":\"webmaster\",\"image\":{\"@type\":\"ImageObject\",\"inLanguage\":\"es\",\"@id\":\"https:\/\/blogs.uninter.edu.mx\/difusioncultural\/#\/schema\/person\/image\/\",\"url\":\"https:\/\/secure.gravatar.com\/avatar\/a59c276b01147463ef3aab4118e3137ebc5e1ad6700deb39ccdf8b89e517f7dc?s=96&d=mm&r=g\",\"contentUrl\":\"https:\/\/secure.gravatar.com\/avatar\/a59c276b01147463ef3aab4118e3137ebc5e1ad6700deb39ccdf8b89e517f7dc?s=96&d=mm&r=g\",\"caption\":\"webmaster\"},\"sameAs\":[\"https:\/\/blogs.uninter.edu.mx\/difusioncultural\"],\"url\":\"https:\/\/blogs.uninter.edu.mx\/difusioncultural\/?author=1\"}]}<\/script>\r\n<!-- \/ Yoast SEO plugin. -->","yoast_head_json":{"title":"Soprano y piano ofrecen el concierto \u201cRecordando a Cri-Cr\u00ed - Difusi\u00f3n Cultural","robots":{"index":"index","follow":"follow","max-snippet":"max-snippet:-1","max-image-preview":"max-image-preview:large","max-video-preview":"max-video-preview:-1"},"canonical":"https:\/\/blogs.uninter.edu.mx\/difusioncultural\/?p=6181","og_locale":"es_MX","og_type":"article","og_title":"Soprano y piano ofrecen el concierto \u201cRecordando a Cri-Cr\u00ed - Difusi\u00f3n Cultural","og_description":"El d\u00fao de soprano y piano ofreci\u00f3 el concierto de m\u00fasica infantil \u201cRecordando a Cri-Cr\u00ed\u201d, el pasado s\u00e1bado 21 de abril, en la Sala Manuel M. Ponce del Centro Cultural Jard\u00edn Borda, en la capital morelense. Concierto interactivo en el que la soprano Karen Alba y Odiseo Reyes al piano interpretaron algunos de sus temas&hellip;","og_url":"https:\/\/blogs.uninter.edu.mx\/difusioncultural\/?p=6181","og_site_name":"Difusi\u00f3n Cultural","article_published_time":"2018-05-01T20:30:51+00:00","og_image":[{"url":"http:\/\/cultura.morelos.gob.mx\/sites\/cultura.morelos.gob.mx\/files\/5-recordando-cricri-sala-manuel-m-ponce-centro-cultural-jardin-borda.jpg","type":"","width":"","height":""}],"author":"webmaster","twitter_card":"summary_large_image","twitter_misc":{"Escrito por":"webmaster","Tiempo de lectura":"1 minuto"},"schema":{"@context":"https:\/\/schema.org","@graph":[{"@type":"Article","@id":"https:\/\/blogs.uninter.edu.mx\/difusioncultural\/?p=6181#article","isPartOf":{"@id":"https:\/\/blogs.uninter.edu.mx\/difusioncultural\/?p=6181"},"author":{"name":"webmaster","@id":"https:\/\/blogs.uninter.edu.mx\/difusioncultural\/#\/schema\/person\/37a0926f4dd300a814993fd595abdc4a"},"headline":"Soprano y piano ofrecen el concierto \u201cRecordando a Cri-Cr\u00ed","datePublished":"2018-05-01T20:30:51+00:00","mainEntityOfPage":{"@id":"https:\/\/blogs.uninter.edu.mx\/difusioncultural\/?p=6181"},"wordCount":178,"publisher":{"@id":"https:\/\/blogs.uninter.edu.mx\/difusioncultural\/#organization"},"image":{"@id":"https:\/\/blogs.uninter.edu.mx\/difusioncultural\/?p=6181#primaryimage"},"thumbnailUrl":"http:\/\/cultura.morelos.gob.mx\/sites\/cultura.morelos.gob.mx\/files\/5-recordando-cricri-sala-manuel-m-ponce-centro-cultural-jardin-borda.jpg","inLanguage":"es"},{"@type":"WebPage","@id":"https:\/\/blogs.uninter.edu.mx\/difusioncultural\/?p=6181","url":"https:\/\/blogs.uninter.edu.mx\/difusioncultural\/?p=6181","name":"Soprano y piano ofrecen el concierto \u201cRecordando a Cri-Cr\u00ed - Difusi\u00f3n Cultural","isPartOf":{"@id":"https:\/\/blogs.uninter.edu.mx\/difusioncultural\/#website"},"primaryImageOfPage":{"@id":"https:\/\/blogs.uninter.edu.mx\/difusioncultural\/?p=6181#primaryimage"},"image":{"@id":"https:\/\/blogs.uninter.edu.mx\/difusioncultural\/?p=6181#primaryimage"},"thumbnailUrl":"http:\/\/cultura.morelos.gob.mx\/sites\/cultura.morelos.gob.mx\/files\/5-recordando-cricri-sala-manuel-m-ponce-centro-cultural-jardin-borda.jpg","datePublished":"2018-05-01T20:30:51+00:00","breadcrumb":{"@id":"https:\/\/blogs.uninter.edu.mx\/difusioncultural\/?p=6181#breadcrumb"},"inLanguage":"es","potentialAction":[{"@type":"ReadAction","target":["https:\/\/blogs.uninter.edu.mx\/difusioncultural\/?p=6181"]}]},{"@type":"ImageObject","inLanguage":"es","@id":"https:\/\/blogs.uninter.edu.mx\/difusioncultural\/?p=6181#primaryimage","url":"http:\/\/cultura.morelos.gob.mx\/sites\/cultura.morelos.gob.mx\/files\/5-recordando-cricri-sala-manuel-m-ponce-centro-cultural-jardin-borda.jpg","contentUrl":"http:\/\/cultura.morelos.gob.mx\/sites\/cultura.morelos.gob.mx\/files\/5-recordando-cricri-sala-manuel-m-ponce-centro-cultural-jardin-borda.jpg"},{"@type":"BreadcrumbList","@id":"https:\/\/blogs.uninter.edu.mx\/difusioncultural\/?p=6181#breadcrumb","itemListElement":[{"@type":"ListItem","position":1,"name":"Inicio","item":"https:\/\/blogs.uninter.edu.mx\/difusioncultural\/"},{"@type":"ListItem","position":2,"name":"Soprano y piano ofrecen el concierto \u201cRecordando a Cri-Cr\u00ed"}]},{"@type":"WebSite","@id":"https:\/\/blogs.uninter.edu.mx\/difusioncultural\/#website","url":"https:\/\/blogs.uninter.edu.mx\/difusioncultural\/","name":"Difusi\u00f3n Cultural","description":"UNINTER","publisher":{"@id":"https:\/\/blogs.uninter.edu.mx\/difusioncultural\/#organization"},"potentialAction":[{"@type":"SearchAction","target":{"@type":"EntryPoint","urlTemplate":"https:\/\/blogs.uninter.edu.mx\/difusioncultural\/?s={search_term_string}"},"query-input":{"@type":"PropertyValueSpecification","valueRequired":true,"valueName":"search_term_string"}}],"inLanguage":"es"},{"@type":"Organization","@id":"https:\/\/blogs.uninter.edu.mx\/difusioncultural\/#organization","name":"Difusi\u00f3n Cultural","url":"https:\/\/blogs.uninter.edu.mx\/difusioncultural\/","logo":{"@type":"ImageObject","inLanguage":"es","@id":"https:\/\/blogs.uninter.edu.mx\/difusioncultural\/#\/schema\/logo\/image\/","url":"https:\/\/blogs.uninter.edu.mx\/difusioncultural\/wp-content\/uploads\/2022\/09\/uninter.jpg","contentUrl":"https:\/\/blogs.uninter.edu.mx\/difusioncultural\/wp-content\/uploads\/2022\/09\/uninter.jpg","width":2048,"height":2048,"caption":"Difusi\u00f3n Cultural"},"image":{"@id":"https:\/\/blogs.uninter.edu.mx\/difusioncultural\/#\/schema\/logo\/image\/"}},{"@type":"Person","@id":"https:\/\/blogs.uninter.edu.mx\/difusioncultural\/#\/schema\/person\/37a0926f4dd300a814993fd595abdc4a","name":"webmaster","image":{"@type":"ImageObject","inLanguage":"es","@id":"https:\/\/blogs.uninter.edu.mx\/difusioncultural\/#\/schema\/person\/image\/","url":"https:\/\/secure.gravatar.com\/avatar\/a59c276b01147463ef3aab4118e3137ebc5e1ad6700deb39ccdf8b89e517f7dc?s=96&d=mm&r=g","contentUrl":"https:\/\/secure.gravatar.com\/avatar\/a59c276b01147463ef3aab4118e3137ebc5e1ad6700deb39ccdf8b89e517f7dc?s=96&d=mm&r=g","caption":"webmaster"},"sameAs":["https:\/\/blogs.uninter.edu.mx\/difusioncultural"],"url":"https:\/\/blogs.uninter.edu.mx\/difusioncultural\/?author=1"}]}},"jetpack_publicize_connections":[],"jetpack_featured_media_url":"","jetpack_sharing_enabled":true,"_links":{"self":[{"href":"https:\/\/blogs.uninter.edu.mx\/difusioncultural\/index.php?rest_route=\/wp\/v2\/posts\/6181","targetHints":{"allow":["GET"]}}],"collection":[{"href":"https:\/\/blogs.uninter.edu.mx\/difusioncultural\/index.php?rest_route=\/wp\/v2\/posts"}],"about":[{"href":"https:\/\/blogs.uninter.edu.mx\/difusioncultural\/index.php?rest_route=\/wp\/v2\/types\/post"}],"author":[{"embeddable":true,"href":"https:\/\/blogs.uninter.edu.mx\/difusioncultural\/index.php?rest_route=\/wp\/v2\/users\/1"}],"replies":[{"embeddable":true,"href":"https:\/\/blogs.uninter.edu.mx\/difusioncultural\/index.php?rest_route=%2Fwp%2Fv2%2Fcomments&post=6181"}],"version-history":[{"count":0,"href":"https:\/\/blogs.uninter.edu.mx\/difusioncultural\/index.php?rest_route=\/wp\/v2\/posts\/6181\/revisions"}],"wp:attachment":[{"href":"https:\/\/blogs.uninter.edu.mx\/difusioncultural\/index.php?rest_route=%2Fwp%2Fv2%2Fmedia&parent=6181"}],"wp:term":[{"taxonomy":"category","embeddable":true,"href":"https:\/\/blogs.uninter.edu.mx\/difusioncultural\/index.php?rest_route=%2Fwp%2Fv2%2Fcategories&post=6181"},{"taxonomy":"post_tag","embeddable":true,"href":"https:\/\/blogs.uninter.edu.mx\/difusioncultural\/index.php?rest_route=%2Fwp%2Fv2%2Ftags&post=6181"}],"curies":[{"name":"wp","href":"https:\/\/api.w.org\/{rel}","templated":true}]}}