{"id":6358,"date":"2018-06-13T11:00:16","date_gmt":"2018-06-13T16:00:16","guid":{"rendered":"https:\/\/difusionculturaluninter.wordpress.com\/?p=6358"},"modified":"2018-06-13T11:00:16","modified_gmt":"2018-06-13T16:00:16","slug":"teatro-penitenciario-se-monta-por-primera-vez-en-escenario-profesional","status":"publish","type":"post","link":"https:\/\/blogs.uninter.edu.mx\/difusioncultural\/?p=6358","title":{"rendered":"Teatro penitenciario se monta por primera vez en escenario profesional"},"content":{"rendered":"<p style=\"text-align:justify;\">La obra de teatro\u00a0<em>Casa Calabaza<\/em>, que inici\u00f3 temporada en el Teatro El Gale\u00f3n, tiene su origen en la vida real. En la de Mayela Moreno, cuando joven. En las vivencias de su familia, la relaci\u00f3n con su madre y su entorno social. Un entorno de tristeza, coraje, frustraci\u00f3n. Una obra, pues, que se convirti\u00f3 en un ejercicio de introspecci\u00f3n para Moreno, autora del relato que gan\u00f3 el Concurso Nacional de Teatro Penitenciario 2014.<\/p>\n<p style=\"text-align:justify;\">El relato ocurre en el interior de la casa en la que conviven tres integrantes de la familia: pap\u00e1, mam\u00e1 y Maye, la hija, quien al tiempo se desdobla en tres personalidades distintas: la inocencia, la madurez y el coraje. El p\u00fablico es un invitado a una ca\u00f3tica cena en que se devela un secreto, un asesinato.<\/p>\n<p style=\"text-align:justify;\">La hija mata a su madre, un parricidio. Pero m\u00e1s all\u00e1 de hablar del asesinato en s\u00ed mismo, la autora centra el drama en los estados sicol\u00f3gicos por los que transita la protagonista para cometer el crimen. Entonces el p\u00fablico encontrar\u00e1 el punto de reflexi\u00f3n sobre la violencia familiar, un tema vigente.<\/p>\n<p style=\"text-align:justify;\">En un primer momento, los invitados a la cena transitar\u00e1n por un t\u00fanel en el que ver\u00e1n cartas de la autora y de otros espectadores, una suerte de trance emocional. El banquete inicia poniendo sobre la mesa el car\u00e1cter y estado sicol\u00f3gico de cada personaje: una madre molesta hasta la frustraci\u00f3n, un padre contenido y la inocencia de una ni\u00f1a que descubre el mundo. Entre la educaci\u00f3n moralista, la violencia en casi todos sus grados, el control del otro y las frustraciones, la ruptura familiar viene cuando la abuela cae enferma y al cuidado de la familia. Las emociones, las tensiones y los desenga\u00f1os alcanzan su m\u00e1ximo esplendor. Es cuando la ni\u00f1a, el eslab\u00f3n m\u00e1s d\u00e9bil, explota la \u201ccasa calabaza\u201d.<\/p>\n<p style=\"text-align:justify;\">La protagonista es entregada a las autoridades y ah\u00ed aprende que \u201cla vida sigue despu\u00e9s de una tragedia\u201d. La historia fue escrita por Moreno, a\u00fan interna del Centro Femenil de Reinserci\u00f3n Social Santa Martha Acatitla, y a partir de los talleres de la Compa\u00f1\u00eda de Teatro Penitenciario y el Colectivo Esc\u00e9nico El Arce, su obra se presentar\u00e1 en el primer Ciclo de Teatro Penitenciario en el Centro Cultural del Bosque.<\/p>\n<p><img fetchpriority=\"high\" decoding=\"async\" class=\"alignnone size-full wp-image-6359\" src=\"https:\/\/difusionculturaluninter.files.wordpress.com\/2018\/06\/1936244.jpg\" alt=\"1936244\" width=\"664\" height=\"498\" \/><\/p>\n","protected":false},"excerpt":{"rendered":"<p>La obra de teatro\u00a0Casa Calabaza, que inici\u00f3 temporada en el Teatro El Gale\u00f3n, tiene su origen en la vida real. En la de Mayela Moreno, cuando joven. En las vivencias de su familia, la relaci\u00f3n con su madre y su entorno social. Un entorno de tristeza, coraje, frustraci\u00f3n. Una obra, pues, que se convirti\u00f3 en&hellip;<\/p>\n","protected":false},"author":1,"featured_media":0,"comment_status":"closed","ping_status":"open","sticky":false,"template":"","format":"standard","meta":{"_jetpack_memberships_contains_paid_content":false,"footnotes":"","jetpack_publicize_message":"","jetpack_publicize_feature_enabled":true,"jetpack_social_post_already_shared":false,"jetpack_social_options":{"image_generator_settings":{"template":"highway","default_image_id":0,"font":"","enabled":false},"version":2}},"categories":[1],"tags":[],"class_list":["post-6358","post","type-post","status-publish","format-standard","hentry","category-sin-categoria"],"yoast_head":"<!-- This site is optimized with the Yoast SEO plugin v26.3 - https:\/\/yoast.com\/wordpress\/plugins\/seo\/ -->\r\n<title>Teatro penitenciario se monta por primera vez en escenario profesional - Difusi\u00f3n Cultural<\/title>\r\n<meta name=\"robots\" content=\"index, follow, max-snippet:-1, max-image-preview:large, max-video-preview:-1\" \/>\r\n<link rel=\"canonical\" href=\"https:\/\/blogs.uninter.edu.mx\/difusioncultural\/?p=6358\" \/>\r\n<meta property=\"og:locale\" content=\"es_MX\" \/>\r\n<meta property=\"og:type\" content=\"article\" \/>\r\n<meta property=\"og:title\" content=\"Teatro penitenciario se monta por primera vez en escenario profesional - Difusi\u00f3n Cultural\" \/>\r\n<meta property=\"og:description\" content=\"La obra de teatro\u00a0Casa Calabaza, que inici\u00f3 temporada en el Teatro El Gale\u00f3n, tiene su origen en la vida real. En la de Mayela Moreno, cuando joven. En las vivencias de su familia, la relaci\u00f3n con su madre y su entorno social. Un entorno de tristeza, coraje, frustraci\u00f3n. Una obra, pues, que se convirti\u00f3 en&hellip;\" \/>\r\n<meta property=\"og:url\" content=\"https:\/\/blogs.uninter.edu.mx\/difusioncultural\/?p=6358\" \/>\r\n<meta property=\"og:site_name\" content=\"Difusi\u00f3n Cultural\" \/>\r\n<meta property=\"article:published_time\" content=\"2018-06-13T16:00:16+00:00\" \/>\r\n<meta property=\"og:image\" content=\"https:\/\/difusionculturaluninter.files.wordpress.com\/2018\/06\/1936244.jpg\" \/>\r\n<meta name=\"author\" content=\"webmaster\" \/>\r\n<meta name=\"twitter:card\" content=\"summary_large_image\" \/>\r\n<meta name=\"twitter:label1\" content=\"Escrito por\" \/>\n\t<meta name=\"twitter:data1\" content=\"webmaster\" \/>\n\t<meta name=\"twitter:label2\" content=\"Tiempo de lectura\" \/>\n\t<meta name=\"twitter:data2\" content=\"2 minutos\" \/>\r\n<script type=\"application\/ld+json\" class=\"yoast-schema-graph\">{\"@context\":\"https:\/\/schema.org\",\"@graph\":[{\"@type\":\"Article\",\"@id\":\"https:\/\/blogs.uninter.edu.mx\/difusioncultural\/?p=6358#article\",\"isPartOf\":{\"@id\":\"https:\/\/blogs.uninter.edu.mx\/difusioncultural\/?p=6358\"},\"author\":{\"name\":\"webmaster\",\"@id\":\"https:\/\/blogs.uninter.edu.mx\/difusioncultural\/#\/schema\/person\/37a0926f4dd300a814993fd595abdc4a\"},\"headline\":\"Teatro penitenciario se monta por primera vez en escenario profesional\",\"datePublished\":\"2018-06-13T16:00:16+00:00\",\"mainEntityOfPage\":{\"@id\":\"https:\/\/blogs.uninter.edu.mx\/difusioncultural\/?p=6358\"},\"wordCount\":411,\"publisher\":{\"@id\":\"https:\/\/blogs.uninter.edu.mx\/difusioncultural\/#organization\"},\"image\":{\"@id\":\"https:\/\/blogs.uninter.edu.mx\/difusioncultural\/?p=6358#primaryimage\"},\"thumbnailUrl\":\"https:\/\/difusionculturaluninter.files.wordpress.com\/2018\/06\/1936244.jpg\",\"inLanguage\":\"es\"},{\"@type\":\"WebPage\",\"@id\":\"https:\/\/blogs.uninter.edu.mx\/difusioncultural\/?p=6358\",\"url\":\"https:\/\/blogs.uninter.edu.mx\/difusioncultural\/?p=6358\",\"name\":\"Teatro penitenciario se monta por primera vez en escenario profesional - Difusi\u00f3n Cultural\",\"isPartOf\":{\"@id\":\"https:\/\/blogs.uninter.edu.mx\/difusioncultural\/#website\"},\"primaryImageOfPage\":{\"@id\":\"https:\/\/blogs.uninter.edu.mx\/difusioncultural\/?p=6358#primaryimage\"},\"image\":{\"@id\":\"https:\/\/blogs.uninter.edu.mx\/difusioncultural\/?p=6358#primaryimage\"},\"thumbnailUrl\":\"https:\/\/difusionculturaluninter.files.wordpress.com\/2018\/06\/1936244.jpg\",\"datePublished\":\"2018-06-13T16:00:16+00:00\",\"breadcrumb\":{\"@id\":\"https:\/\/blogs.uninter.edu.mx\/difusioncultural\/?p=6358#breadcrumb\"},\"inLanguage\":\"es\",\"potentialAction\":[{\"@type\":\"ReadAction\",\"target\":[\"https:\/\/blogs.uninter.edu.mx\/difusioncultural\/?p=6358\"]}]},{\"@type\":\"ImageObject\",\"inLanguage\":\"es\",\"@id\":\"https:\/\/blogs.uninter.edu.mx\/difusioncultural\/?p=6358#primaryimage\",\"url\":\"https:\/\/difusionculturaluninter.files.wordpress.com\/2018\/06\/1936244.jpg\",\"contentUrl\":\"https:\/\/difusionculturaluninter.files.wordpress.com\/2018\/06\/1936244.jpg\"},{\"@type\":\"BreadcrumbList\",\"@id\":\"https:\/\/blogs.uninter.edu.mx\/difusioncultural\/?p=6358#breadcrumb\",\"itemListElement\":[{\"@type\":\"ListItem\",\"position\":1,\"name\":\"Inicio\",\"item\":\"https:\/\/blogs.uninter.edu.mx\/difusioncultural\/\"},{\"@type\":\"ListItem\",\"position\":2,\"name\":\"Teatro penitenciario se monta por primera vez en escenario profesional\"}]},{\"@type\":\"WebSite\",\"@id\":\"https:\/\/blogs.uninter.edu.mx\/difusioncultural\/#website\",\"url\":\"https:\/\/blogs.uninter.edu.mx\/difusioncultural\/\",\"name\":\"Difusi\u00f3n Cultural\",\"description\":\"UNINTER\",\"publisher\":{\"@id\":\"https:\/\/blogs.uninter.edu.mx\/difusioncultural\/#organization\"},\"potentialAction\":[{\"@type\":\"SearchAction\",\"target\":{\"@type\":\"EntryPoint\",\"urlTemplate\":\"https:\/\/blogs.uninter.edu.mx\/difusioncultural\/?s={search_term_string}\"},\"query-input\":{\"@type\":\"PropertyValueSpecification\",\"valueRequired\":true,\"valueName\":\"search_term_string\"}}],\"inLanguage\":\"es\"},{\"@type\":\"Organization\",\"@id\":\"https:\/\/blogs.uninter.edu.mx\/difusioncultural\/#organization\",\"name\":\"Difusi\u00f3n Cultural\",\"url\":\"https:\/\/blogs.uninter.edu.mx\/difusioncultural\/\",\"logo\":{\"@type\":\"ImageObject\",\"inLanguage\":\"es\",\"@id\":\"https:\/\/blogs.uninter.edu.mx\/difusioncultural\/#\/schema\/logo\/image\/\",\"url\":\"https:\/\/blogs.uninter.edu.mx\/difusioncultural\/wp-content\/uploads\/2022\/09\/uninter.jpg\",\"contentUrl\":\"https:\/\/blogs.uninter.edu.mx\/difusioncultural\/wp-content\/uploads\/2022\/09\/uninter.jpg\",\"width\":2048,\"height\":2048,\"caption\":\"Difusi\u00f3n Cultural\"},\"image\":{\"@id\":\"https:\/\/blogs.uninter.edu.mx\/difusioncultural\/#\/schema\/logo\/image\/\"}},{\"@type\":\"Person\",\"@id\":\"https:\/\/blogs.uninter.edu.mx\/difusioncultural\/#\/schema\/person\/37a0926f4dd300a814993fd595abdc4a\",\"name\":\"webmaster\",\"image\":{\"@type\":\"ImageObject\",\"inLanguage\":\"es\",\"@id\":\"https:\/\/blogs.uninter.edu.mx\/difusioncultural\/#\/schema\/person\/image\/\",\"url\":\"https:\/\/secure.gravatar.com\/avatar\/a59c276b01147463ef3aab4118e3137ebc5e1ad6700deb39ccdf8b89e517f7dc?s=96&d=mm&r=g\",\"contentUrl\":\"https:\/\/secure.gravatar.com\/avatar\/a59c276b01147463ef3aab4118e3137ebc5e1ad6700deb39ccdf8b89e517f7dc?s=96&d=mm&r=g\",\"caption\":\"webmaster\"},\"sameAs\":[\"https:\/\/blogs.uninter.edu.mx\/difusioncultural\"],\"url\":\"https:\/\/blogs.uninter.edu.mx\/difusioncultural\/?author=1\"}]}<\/script>\r\n<!-- \/ Yoast SEO plugin. -->","yoast_head_json":{"title":"Teatro penitenciario se monta por primera vez en escenario profesional - Difusi\u00f3n Cultural","robots":{"index":"index","follow":"follow","max-snippet":"max-snippet:-1","max-image-preview":"max-image-preview:large","max-video-preview":"max-video-preview:-1"},"canonical":"https:\/\/blogs.uninter.edu.mx\/difusioncultural\/?p=6358","og_locale":"es_MX","og_type":"article","og_title":"Teatro penitenciario se monta por primera vez en escenario profesional - Difusi\u00f3n Cultural","og_description":"La obra de teatro\u00a0Casa Calabaza, que inici\u00f3 temporada en el Teatro El Gale\u00f3n, tiene su origen en la vida real. En la de Mayela Moreno, cuando joven. En las vivencias de su familia, la relaci\u00f3n con su madre y su entorno social. Un entorno de tristeza, coraje, frustraci\u00f3n. Una obra, pues, que se convirti\u00f3 en&hellip;","og_url":"https:\/\/blogs.uninter.edu.mx\/difusioncultural\/?p=6358","og_site_name":"Difusi\u00f3n Cultural","article_published_time":"2018-06-13T16:00:16+00:00","og_image":[{"url":"https:\/\/difusionculturaluninter.files.wordpress.com\/2018\/06\/1936244.jpg","type":"","width":"","height":""}],"author":"webmaster","twitter_card":"summary_large_image","twitter_misc":{"Escrito por":"webmaster","Tiempo de lectura":"2 minutos"},"schema":{"@context":"https:\/\/schema.org","@graph":[{"@type":"Article","@id":"https:\/\/blogs.uninter.edu.mx\/difusioncultural\/?p=6358#article","isPartOf":{"@id":"https:\/\/blogs.uninter.edu.mx\/difusioncultural\/?p=6358"},"author":{"name":"webmaster","@id":"https:\/\/blogs.uninter.edu.mx\/difusioncultural\/#\/schema\/person\/37a0926f4dd300a814993fd595abdc4a"},"headline":"Teatro penitenciario se monta por primera vez en escenario profesional","datePublished":"2018-06-13T16:00:16+00:00","mainEntityOfPage":{"@id":"https:\/\/blogs.uninter.edu.mx\/difusioncultural\/?p=6358"},"wordCount":411,"publisher":{"@id":"https:\/\/blogs.uninter.edu.mx\/difusioncultural\/#organization"},"image":{"@id":"https:\/\/blogs.uninter.edu.mx\/difusioncultural\/?p=6358#primaryimage"},"thumbnailUrl":"https:\/\/difusionculturaluninter.files.wordpress.com\/2018\/06\/1936244.jpg","inLanguage":"es"},{"@type":"WebPage","@id":"https:\/\/blogs.uninter.edu.mx\/difusioncultural\/?p=6358","url":"https:\/\/blogs.uninter.edu.mx\/difusioncultural\/?p=6358","name":"Teatro penitenciario se monta por primera vez en escenario profesional - Difusi\u00f3n Cultural","isPartOf":{"@id":"https:\/\/blogs.uninter.edu.mx\/difusioncultural\/#website"},"primaryImageOfPage":{"@id":"https:\/\/blogs.uninter.edu.mx\/difusioncultural\/?p=6358#primaryimage"},"image":{"@id":"https:\/\/blogs.uninter.edu.mx\/difusioncultural\/?p=6358#primaryimage"},"thumbnailUrl":"https:\/\/difusionculturaluninter.files.wordpress.com\/2018\/06\/1936244.jpg","datePublished":"2018-06-13T16:00:16+00:00","breadcrumb":{"@id":"https:\/\/blogs.uninter.edu.mx\/difusioncultural\/?p=6358#breadcrumb"},"inLanguage":"es","potentialAction":[{"@type":"ReadAction","target":["https:\/\/blogs.uninter.edu.mx\/difusioncultural\/?p=6358"]}]},{"@type":"ImageObject","inLanguage":"es","@id":"https:\/\/blogs.uninter.edu.mx\/difusioncultural\/?p=6358#primaryimage","url":"https:\/\/difusionculturaluninter.files.wordpress.com\/2018\/06\/1936244.jpg","contentUrl":"https:\/\/difusionculturaluninter.files.wordpress.com\/2018\/06\/1936244.jpg"},{"@type":"BreadcrumbList","@id":"https:\/\/blogs.uninter.edu.mx\/difusioncultural\/?p=6358#breadcrumb","itemListElement":[{"@type":"ListItem","position":1,"name":"Inicio","item":"https:\/\/blogs.uninter.edu.mx\/difusioncultural\/"},{"@type":"ListItem","position":2,"name":"Teatro penitenciario se monta por primera vez en escenario profesional"}]},{"@type":"WebSite","@id":"https:\/\/blogs.uninter.edu.mx\/difusioncultural\/#website","url":"https:\/\/blogs.uninter.edu.mx\/difusioncultural\/","name":"Difusi\u00f3n Cultural","description":"UNINTER","publisher":{"@id":"https:\/\/blogs.uninter.edu.mx\/difusioncultural\/#organization"},"potentialAction":[{"@type":"SearchAction","target":{"@type":"EntryPoint","urlTemplate":"https:\/\/blogs.uninter.edu.mx\/difusioncultural\/?s={search_term_string}"},"query-input":{"@type":"PropertyValueSpecification","valueRequired":true,"valueName":"search_term_string"}}],"inLanguage":"es"},{"@type":"Organization","@id":"https:\/\/blogs.uninter.edu.mx\/difusioncultural\/#organization","name":"Difusi\u00f3n Cultural","url":"https:\/\/blogs.uninter.edu.mx\/difusioncultural\/","logo":{"@type":"ImageObject","inLanguage":"es","@id":"https:\/\/blogs.uninter.edu.mx\/difusioncultural\/#\/schema\/logo\/image\/","url":"https:\/\/blogs.uninter.edu.mx\/difusioncultural\/wp-content\/uploads\/2022\/09\/uninter.jpg","contentUrl":"https:\/\/blogs.uninter.edu.mx\/difusioncultural\/wp-content\/uploads\/2022\/09\/uninter.jpg","width":2048,"height":2048,"caption":"Difusi\u00f3n Cultural"},"image":{"@id":"https:\/\/blogs.uninter.edu.mx\/difusioncultural\/#\/schema\/logo\/image\/"}},{"@type":"Person","@id":"https:\/\/blogs.uninter.edu.mx\/difusioncultural\/#\/schema\/person\/37a0926f4dd300a814993fd595abdc4a","name":"webmaster","image":{"@type":"ImageObject","inLanguage":"es","@id":"https:\/\/blogs.uninter.edu.mx\/difusioncultural\/#\/schema\/person\/image\/","url":"https:\/\/secure.gravatar.com\/avatar\/a59c276b01147463ef3aab4118e3137ebc5e1ad6700deb39ccdf8b89e517f7dc?s=96&d=mm&r=g","contentUrl":"https:\/\/secure.gravatar.com\/avatar\/a59c276b01147463ef3aab4118e3137ebc5e1ad6700deb39ccdf8b89e517f7dc?s=96&d=mm&r=g","caption":"webmaster"},"sameAs":["https:\/\/blogs.uninter.edu.mx\/difusioncultural"],"url":"https:\/\/blogs.uninter.edu.mx\/difusioncultural\/?author=1"}]}},"jetpack_publicize_connections":[],"jetpack_featured_media_url":"","jetpack_sharing_enabled":true,"_links":{"self":[{"href":"https:\/\/blogs.uninter.edu.mx\/difusioncultural\/index.php?rest_route=\/wp\/v2\/posts\/6358","targetHints":{"allow":["GET"]}}],"collection":[{"href":"https:\/\/blogs.uninter.edu.mx\/difusioncultural\/index.php?rest_route=\/wp\/v2\/posts"}],"about":[{"href":"https:\/\/blogs.uninter.edu.mx\/difusioncultural\/index.php?rest_route=\/wp\/v2\/types\/post"}],"author":[{"embeddable":true,"href":"https:\/\/blogs.uninter.edu.mx\/difusioncultural\/index.php?rest_route=\/wp\/v2\/users\/1"}],"replies":[{"embeddable":true,"href":"https:\/\/blogs.uninter.edu.mx\/difusioncultural\/index.php?rest_route=%2Fwp%2Fv2%2Fcomments&post=6358"}],"version-history":[{"count":0,"href":"https:\/\/blogs.uninter.edu.mx\/difusioncultural\/index.php?rest_route=\/wp\/v2\/posts\/6358\/revisions"}],"wp:attachment":[{"href":"https:\/\/blogs.uninter.edu.mx\/difusioncultural\/index.php?rest_route=%2Fwp%2Fv2%2Fmedia&parent=6358"}],"wp:term":[{"taxonomy":"category","embeddable":true,"href":"https:\/\/blogs.uninter.edu.mx\/difusioncultural\/index.php?rest_route=%2Fwp%2Fv2%2Fcategories&post=6358"},{"taxonomy":"post_tag","embeddable":true,"href":"https:\/\/blogs.uninter.edu.mx\/difusioncultural\/index.php?rest_route=%2Fwp%2Fv2%2Ftags&post=6358"}],"curies":[{"name":"wp","href":"https:\/\/api.w.org\/{rel}","templated":true}]}}