{"id":6367,"date":"2018-08-28T10:43:29","date_gmt":"2018-08-28T15:43:29","guid":{"rendered":"https:\/\/difusionculturaluninter.wordpress.com\/?p=6367"},"modified":"2018-08-28T10:43:29","modified_gmt":"2018-08-28T15:43:29","slug":"la-primera-camara-fotografica","status":"publish","type":"post","link":"https:\/\/blogs.uninter.edu.mx\/difusioncultural\/?p=6367","title":{"rendered":"La primera c\u00e1mara fotogr\u00e1fica"},"content":{"rendered":"<p style=\"text-align:justify;\"><img fetchpriority=\"high\" decoding=\"async\" class=\"  wp-image-6368 alignleft\" src=\"https:\/\/difusionculturaluninter.files.wordpress.com\/2018\/08\/camara.jpg\" alt=\"camara\" width=\"374\" height=\"301\" \/><\/p>\n<h3>HISTORIA<\/h3>\n<p>Muy temprano en la historia (desde el 500 a. C.), griegos como Arist\u00f3teles y Euclides escribieron acerca de c\u00e1maras estenopeicas que ocurr\u00edan naturalmente, como la luz que pasa a trav\u00e9s de una cesta tejida o entretejidos de hojas<\/p>\n<p>&nbsp;<\/p>\n<p style=\"text-align:justify;\">Los primeros intentos de lo que es hoy la c\u00e1mara fotogr\u00e1fica datan de miles de a\u00f1os atr\u00e1s, por all\u00e1 por el siglo V, en China, un hombre se percat\u00f3 de la existencia de un proceso que involucraba luz, reflejo y una zona oscura y que a cambio devolv\u00eda una copia id\u00e9ntica de la imagen vista a trav\u00e9s de este.<\/p>\n<p style=\"text-align:justify;\">A\u00f1os m\u00e1s tarde, en el a\u00f1o 1685,\u00a0<strong>Johann Heinrich Schulze<\/strong>, invent\u00f3 un invento, al cual llam\u00f3 la \u00a8c\u00e1mara estenopeica\u00a8, este inventor descubri\u00f3 que con el uso del nitrato de plata tambi\u00e9n se obten\u00eda mediante reacciones qu\u00edmicas, algo similar a lo que se conoce actualmente como el proceso fotogr\u00e1fico y por tanto tambi\u00e9n\u00a0<strong>influy\u00f3 en la creaci\u00f3n de la c\u00e1mara<\/strong>.<\/p>\n<h3>QU\u00c9 ES ?<\/h3>\n<p>La fotograf\u00eda estenopeica utiliza una c\u00e1mara estenopeica, que es aquella que no tiene sistemas \u00f3pticos (lentes u objetivos) basados en la refracci\u00f3n de la luz, siendo sustituidos por un orificio (que se llama estenopo), que es el encargado de formar la imagen.<\/p>\n<p>&nbsp;<\/p>\n<p>&nbsp;<\/p>\n<p>&nbsp;<\/p>\n","protected":false},"excerpt":{"rendered":"<p>HISTORIA Muy temprano en la historia (desde el 500 a. C.), griegos como Arist\u00f3teles y Euclides escribieron acerca de c\u00e1maras estenopeicas que ocurr\u00edan naturalmente, como la luz que pasa a trav\u00e9s de una cesta tejida o entretejidos de hojas &nbsp; Los primeros intentos de lo que es hoy la c\u00e1mara fotogr\u00e1fica datan de miles de&hellip;<\/p>\n","protected":false},"author":1,"featured_media":0,"comment_status":"closed","ping_status":"open","sticky":false,"template":"","format":"standard","meta":{"_jetpack_memberships_contains_paid_content":false,"footnotes":"","jetpack_publicize_message":"","jetpack_publicize_feature_enabled":true,"jetpack_social_post_already_shared":false,"jetpack_social_options":{"image_generator_settings":{"template":"highway","default_image_id":0,"font":"","enabled":false},"version":2}},"categories":[1],"tags":[],"class_list":["post-6367","post","type-post","status-publish","format-standard","hentry","category-sin-categoria"],"yoast_head":"<!-- This site is optimized with the Yoast SEO plugin v26.3 - https:\/\/yoast.com\/wordpress\/plugins\/seo\/ -->\r\n<title>La primera c\u00e1mara fotogr\u00e1fica - Difusi\u00f3n Cultural<\/title>\r\n<meta name=\"robots\" content=\"index, follow, max-snippet:-1, max-image-preview:large, max-video-preview:-1\" \/>\r\n<link rel=\"canonical\" href=\"https:\/\/blogs.uninter.edu.mx\/difusioncultural\/?p=6367\" \/>\r\n<meta property=\"og:locale\" content=\"es_MX\" \/>\r\n<meta property=\"og:type\" content=\"article\" \/>\r\n<meta property=\"og:title\" content=\"La primera c\u00e1mara fotogr\u00e1fica - Difusi\u00f3n Cultural\" \/>\r\n<meta property=\"og:description\" content=\"HISTORIA Muy temprano en la historia (desde el 500 a. C.), griegos como Arist\u00f3teles y Euclides escribieron acerca de c\u00e1maras estenopeicas que ocurr\u00edan naturalmente, como la luz que pasa a trav\u00e9s de una cesta tejida o entretejidos de hojas &nbsp; Los primeros intentos de lo que es hoy la c\u00e1mara fotogr\u00e1fica datan de miles de&hellip;\" \/>\r\n<meta property=\"og:url\" content=\"https:\/\/blogs.uninter.edu.mx\/difusioncultural\/?p=6367\" \/>\r\n<meta property=\"og:site_name\" content=\"Difusi\u00f3n Cultural\" \/>\r\n<meta property=\"article:published_time\" content=\"2018-08-28T15:43:29+00:00\" \/>\r\n<meta property=\"og:image\" content=\"https:\/\/difusionculturaluninter.files.wordpress.com\/2018\/08\/camara.jpg\" \/>\r\n<meta name=\"author\" content=\"webmaster\" \/>\r\n<meta name=\"twitter:card\" content=\"summary_large_image\" \/>\r\n<meta name=\"twitter:label1\" content=\"Escrito por\" \/>\n\t<meta name=\"twitter:data1\" content=\"webmaster\" \/>\n\t<meta name=\"twitter:label2\" content=\"Tiempo de lectura\" \/>\n\t<meta name=\"twitter:data2\" content=\"1 minuto\" \/>\r\n<script type=\"application\/ld+json\" class=\"yoast-schema-graph\">{\"@context\":\"https:\/\/schema.org\",\"@graph\":[{\"@type\":\"Article\",\"@id\":\"https:\/\/blogs.uninter.edu.mx\/difusioncultural\/?p=6367#article\",\"isPartOf\":{\"@id\":\"https:\/\/blogs.uninter.edu.mx\/difusioncultural\/?p=6367\"},\"author\":{\"name\":\"webmaster\",\"@id\":\"https:\/\/blogs.uninter.edu.mx\/difusioncultural\/#\/schema\/person\/37a0926f4dd300a814993fd595abdc4a\"},\"headline\":\"La primera c\u00e1mara fotogr\u00e1fica\",\"datePublished\":\"2018-08-28T15:43:29+00:00\",\"mainEntityOfPage\":{\"@id\":\"https:\/\/blogs.uninter.edu.mx\/difusioncultural\/?p=6367\"},\"wordCount\":234,\"publisher\":{\"@id\":\"https:\/\/blogs.uninter.edu.mx\/difusioncultural\/#organization\"},\"image\":{\"@id\":\"https:\/\/blogs.uninter.edu.mx\/difusioncultural\/?p=6367#primaryimage\"},\"thumbnailUrl\":\"https:\/\/difusionculturaluninter.files.wordpress.com\/2018\/08\/camara.jpg\",\"inLanguage\":\"es\"},{\"@type\":\"WebPage\",\"@id\":\"https:\/\/blogs.uninter.edu.mx\/difusioncultural\/?p=6367\",\"url\":\"https:\/\/blogs.uninter.edu.mx\/difusioncultural\/?p=6367\",\"name\":\"La primera c\u00e1mara fotogr\u00e1fica - Difusi\u00f3n Cultural\",\"isPartOf\":{\"@id\":\"https:\/\/blogs.uninter.edu.mx\/difusioncultural\/#website\"},\"primaryImageOfPage\":{\"@id\":\"https:\/\/blogs.uninter.edu.mx\/difusioncultural\/?p=6367#primaryimage\"},\"image\":{\"@id\":\"https:\/\/blogs.uninter.edu.mx\/difusioncultural\/?p=6367#primaryimage\"},\"thumbnailUrl\":\"https:\/\/difusionculturaluninter.files.wordpress.com\/2018\/08\/camara.jpg\",\"datePublished\":\"2018-08-28T15:43:29+00:00\",\"breadcrumb\":{\"@id\":\"https:\/\/blogs.uninter.edu.mx\/difusioncultural\/?p=6367#breadcrumb\"},\"inLanguage\":\"es\",\"potentialAction\":[{\"@type\":\"ReadAction\",\"target\":[\"https:\/\/blogs.uninter.edu.mx\/difusioncultural\/?p=6367\"]}]},{\"@type\":\"ImageObject\",\"inLanguage\":\"es\",\"@id\":\"https:\/\/blogs.uninter.edu.mx\/difusioncultural\/?p=6367#primaryimage\",\"url\":\"https:\/\/difusionculturaluninter.files.wordpress.com\/2018\/08\/camara.jpg\",\"contentUrl\":\"https:\/\/difusionculturaluninter.files.wordpress.com\/2018\/08\/camara.jpg\"},{\"@type\":\"BreadcrumbList\",\"@id\":\"https:\/\/blogs.uninter.edu.mx\/difusioncultural\/?p=6367#breadcrumb\",\"itemListElement\":[{\"@type\":\"ListItem\",\"position\":1,\"name\":\"Inicio\",\"item\":\"https:\/\/blogs.uninter.edu.mx\/difusioncultural\/\"},{\"@type\":\"ListItem\",\"position\":2,\"name\":\"La primera c\u00e1mara fotogr\u00e1fica\"}]},{\"@type\":\"WebSite\",\"@id\":\"https:\/\/blogs.uninter.edu.mx\/difusioncultural\/#website\",\"url\":\"https:\/\/blogs.uninter.edu.mx\/difusioncultural\/\",\"name\":\"Difusi\u00f3n Cultural\",\"description\":\"UNINTER\",\"publisher\":{\"@id\":\"https:\/\/blogs.uninter.edu.mx\/difusioncultural\/#organization\"},\"potentialAction\":[{\"@type\":\"SearchAction\",\"target\":{\"@type\":\"EntryPoint\",\"urlTemplate\":\"https:\/\/blogs.uninter.edu.mx\/difusioncultural\/?s={search_term_string}\"},\"query-input\":{\"@type\":\"PropertyValueSpecification\",\"valueRequired\":true,\"valueName\":\"search_term_string\"}}],\"inLanguage\":\"es\"},{\"@type\":\"Organization\",\"@id\":\"https:\/\/blogs.uninter.edu.mx\/difusioncultural\/#organization\",\"name\":\"Difusi\u00f3n Cultural\",\"url\":\"https:\/\/blogs.uninter.edu.mx\/difusioncultural\/\",\"logo\":{\"@type\":\"ImageObject\",\"inLanguage\":\"es\",\"@id\":\"https:\/\/blogs.uninter.edu.mx\/difusioncultural\/#\/schema\/logo\/image\/\",\"url\":\"https:\/\/blogs.uninter.edu.mx\/difusioncultural\/wp-content\/uploads\/2022\/09\/uninter.jpg\",\"contentUrl\":\"https:\/\/blogs.uninter.edu.mx\/difusioncultural\/wp-content\/uploads\/2022\/09\/uninter.jpg\",\"width\":2048,\"height\":2048,\"caption\":\"Difusi\u00f3n Cultural\"},\"image\":{\"@id\":\"https:\/\/blogs.uninter.edu.mx\/difusioncultural\/#\/schema\/logo\/image\/\"}},{\"@type\":\"Person\",\"@id\":\"https:\/\/blogs.uninter.edu.mx\/difusioncultural\/#\/schema\/person\/37a0926f4dd300a814993fd595abdc4a\",\"name\":\"webmaster\",\"image\":{\"@type\":\"ImageObject\",\"inLanguage\":\"es\",\"@id\":\"https:\/\/blogs.uninter.edu.mx\/difusioncultural\/#\/schema\/person\/image\/\",\"url\":\"https:\/\/secure.gravatar.com\/avatar\/a59c276b01147463ef3aab4118e3137ebc5e1ad6700deb39ccdf8b89e517f7dc?s=96&d=mm&r=g\",\"contentUrl\":\"https:\/\/secure.gravatar.com\/avatar\/a59c276b01147463ef3aab4118e3137ebc5e1ad6700deb39ccdf8b89e517f7dc?s=96&d=mm&r=g\",\"caption\":\"webmaster\"},\"sameAs\":[\"https:\/\/blogs.uninter.edu.mx\/difusioncultural\"],\"url\":\"https:\/\/blogs.uninter.edu.mx\/difusioncultural\/?author=1\"}]}<\/script>\r\n<!-- \/ Yoast SEO plugin. -->","yoast_head_json":{"title":"La primera c\u00e1mara fotogr\u00e1fica - Difusi\u00f3n Cultural","robots":{"index":"index","follow":"follow","max-snippet":"max-snippet:-1","max-image-preview":"max-image-preview:large","max-video-preview":"max-video-preview:-1"},"canonical":"https:\/\/blogs.uninter.edu.mx\/difusioncultural\/?p=6367","og_locale":"es_MX","og_type":"article","og_title":"La primera c\u00e1mara fotogr\u00e1fica - Difusi\u00f3n Cultural","og_description":"HISTORIA Muy temprano en la historia (desde el 500 a. C.), griegos como Arist\u00f3teles y Euclides escribieron acerca de c\u00e1maras estenopeicas que ocurr\u00edan naturalmente, como la luz que pasa a trav\u00e9s de una cesta tejida o entretejidos de hojas &nbsp; Los primeros intentos de lo que es hoy la c\u00e1mara fotogr\u00e1fica datan de miles de&hellip;","og_url":"https:\/\/blogs.uninter.edu.mx\/difusioncultural\/?p=6367","og_site_name":"Difusi\u00f3n Cultural","article_published_time":"2018-08-28T15:43:29+00:00","og_image":[{"url":"https:\/\/difusionculturaluninter.files.wordpress.com\/2018\/08\/camara.jpg","type":"","width":"","height":""}],"author":"webmaster","twitter_card":"summary_large_image","twitter_misc":{"Escrito por":"webmaster","Tiempo de lectura":"1 minuto"},"schema":{"@context":"https:\/\/schema.org","@graph":[{"@type":"Article","@id":"https:\/\/blogs.uninter.edu.mx\/difusioncultural\/?p=6367#article","isPartOf":{"@id":"https:\/\/blogs.uninter.edu.mx\/difusioncultural\/?p=6367"},"author":{"name":"webmaster","@id":"https:\/\/blogs.uninter.edu.mx\/difusioncultural\/#\/schema\/person\/37a0926f4dd300a814993fd595abdc4a"},"headline":"La primera c\u00e1mara fotogr\u00e1fica","datePublished":"2018-08-28T15:43:29+00:00","mainEntityOfPage":{"@id":"https:\/\/blogs.uninter.edu.mx\/difusioncultural\/?p=6367"},"wordCount":234,"publisher":{"@id":"https:\/\/blogs.uninter.edu.mx\/difusioncultural\/#organization"},"image":{"@id":"https:\/\/blogs.uninter.edu.mx\/difusioncultural\/?p=6367#primaryimage"},"thumbnailUrl":"https:\/\/difusionculturaluninter.files.wordpress.com\/2018\/08\/camara.jpg","inLanguage":"es"},{"@type":"WebPage","@id":"https:\/\/blogs.uninter.edu.mx\/difusioncultural\/?p=6367","url":"https:\/\/blogs.uninter.edu.mx\/difusioncultural\/?p=6367","name":"La primera c\u00e1mara fotogr\u00e1fica - Difusi\u00f3n Cultural","isPartOf":{"@id":"https:\/\/blogs.uninter.edu.mx\/difusioncultural\/#website"},"primaryImageOfPage":{"@id":"https:\/\/blogs.uninter.edu.mx\/difusioncultural\/?p=6367#primaryimage"},"image":{"@id":"https:\/\/blogs.uninter.edu.mx\/difusioncultural\/?p=6367#primaryimage"},"thumbnailUrl":"https:\/\/difusionculturaluninter.files.wordpress.com\/2018\/08\/camara.jpg","datePublished":"2018-08-28T15:43:29+00:00","breadcrumb":{"@id":"https:\/\/blogs.uninter.edu.mx\/difusioncultural\/?p=6367#breadcrumb"},"inLanguage":"es","potentialAction":[{"@type":"ReadAction","target":["https:\/\/blogs.uninter.edu.mx\/difusioncultural\/?p=6367"]}]},{"@type":"ImageObject","inLanguage":"es","@id":"https:\/\/blogs.uninter.edu.mx\/difusioncultural\/?p=6367#primaryimage","url":"https:\/\/difusionculturaluninter.files.wordpress.com\/2018\/08\/camara.jpg","contentUrl":"https:\/\/difusionculturaluninter.files.wordpress.com\/2018\/08\/camara.jpg"},{"@type":"BreadcrumbList","@id":"https:\/\/blogs.uninter.edu.mx\/difusioncultural\/?p=6367#breadcrumb","itemListElement":[{"@type":"ListItem","position":1,"name":"Inicio","item":"https:\/\/blogs.uninter.edu.mx\/difusioncultural\/"},{"@type":"ListItem","position":2,"name":"La primera c\u00e1mara fotogr\u00e1fica"}]},{"@type":"WebSite","@id":"https:\/\/blogs.uninter.edu.mx\/difusioncultural\/#website","url":"https:\/\/blogs.uninter.edu.mx\/difusioncultural\/","name":"Difusi\u00f3n Cultural","description":"UNINTER","publisher":{"@id":"https:\/\/blogs.uninter.edu.mx\/difusioncultural\/#organization"},"potentialAction":[{"@type":"SearchAction","target":{"@type":"EntryPoint","urlTemplate":"https:\/\/blogs.uninter.edu.mx\/difusioncultural\/?s={search_term_string}"},"query-input":{"@type":"PropertyValueSpecification","valueRequired":true,"valueName":"search_term_string"}}],"inLanguage":"es"},{"@type":"Organization","@id":"https:\/\/blogs.uninter.edu.mx\/difusioncultural\/#organization","name":"Difusi\u00f3n Cultural","url":"https:\/\/blogs.uninter.edu.mx\/difusioncultural\/","logo":{"@type":"ImageObject","inLanguage":"es","@id":"https:\/\/blogs.uninter.edu.mx\/difusioncultural\/#\/schema\/logo\/image\/","url":"https:\/\/blogs.uninter.edu.mx\/difusioncultural\/wp-content\/uploads\/2022\/09\/uninter.jpg","contentUrl":"https:\/\/blogs.uninter.edu.mx\/difusioncultural\/wp-content\/uploads\/2022\/09\/uninter.jpg","width":2048,"height":2048,"caption":"Difusi\u00f3n Cultural"},"image":{"@id":"https:\/\/blogs.uninter.edu.mx\/difusioncultural\/#\/schema\/logo\/image\/"}},{"@type":"Person","@id":"https:\/\/blogs.uninter.edu.mx\/difusioncultural\/#\/schema\/person\/37a0926f4dd300a814993fd595abdc4a","name":"webmaster","image":{"@type":"ImageObject","inLanguage":"es","@id":"https:\/\/blogs.uninter.edu.mx\/difusioncultural\/#\/schema\/person\/image\/","url":"https:\/\/secure.gravatar.com\/avatar\/a59c276b01147463ef3aab4118e3137ebc5e1ad6700deb39ccdf8b89e517f7dc?s=96&d=mm&r=g","contentUrl":"https:\/\/secure.gravatar.com\/avatar\/a59c276b01147463ef3aab4118e3137ebc5e1ad6700deb39ccdf8b89e517f7dc?s=96&d=mm&r=g","caption":"webmaster"},"sameAs":["https:\/\/blogs.uninter.edu.mx\/difusioncultural"],"url":"https:\/\/blogs.uninter.edu.mx\/difusioncultural\/?author=1"}]}},"jetpack_publicize_connections":[],"jetpack_featured_media_url":"","jetpack_sharing_enabled":true,"_links":{"self":[{"href":"https:\/\/blogs.uninter.edu.mx\/difusioncultural\/index.php?rest_route=\/wp\/v2\/posts\/6367","targetHints":{"allow":["GET"]}}],"collection":[{"href":"https:\/\/blogs.uninter.edu.mx\/difusioncultural\/index.php?rest_route=\/wp\/v2\/posts"}],"about":[{"href":"https:\/\/blogs.uninter.edu.mx\/difusioncultural\/index.php?rest_route=\/wp\/v2\/types\/post"}],"author":[{"embeddable":true,"href":"https:\/\/blogs.uninter.edu.mx\/difusioncultural\/index.php?rest_route=\/wp\/v2\/users\/1"}],"replies":[{"embeddable":true,"href":"https:\/\/blogs.uninter.edu.mx\/difusioncultural\/index.php?rest_route=%2Fwp%2Fv2%2Fcomments&post=6367"}],"version-history":[{"count":0,"href":"https:\/\/blogs.uninter.edu.mx\/difusioncultural\/index.php?rest_route=\/wp\/v2\/posts\/6367\/revisions"}],"wp:attachment":[{"href":"https:\/\/blogs.uninter.edu.mx\/difusioncultural\/index.php?rest_route=%2Fwp%2Fv2%2Fmedia&parent=6367"}],"wp:term":[{"taxonomy":"category","embeddable":true,"href":"https:\/\/blogs.uninter.edu.mx\/difusioncultural\/index.php?rest_route=%2Fwp%2Fv2%2Fcategories&post=6367"},{"taxonomy":"post_tag","embeddable":true,"href":"https:\/\/blogs.uninter.edu.mx\/difusioncultural\/index.php?rest_route=%2Fwp%2Fv2%2Ftags&post=6367"}],"curies":[{"name":"wp","href":"https:\/\/api.w.org\/{rel}","templated":true}]}}