{"id":6515,"date":"2019-06-11T14:00:46","date_gmt":"2019-06-11T19:00:46","guid":{"rendered":"https:\/\/difusionculturaluninter.wordpress.com\/?p=6515"},"modified":"2019-06-11T14:00:46","modified_gmt":"2019-06-11T19:00:46","slug":"convocatoria-2019-jovenes-ejecutantes-de-la-orquesta-escuela-carlos-chavez","status":"publish","type":"post","link":"https:\/\/blogs.uninter.edu.mx\/difusioncultural\/?p=6515","title":{"rendered":"Convocatoria 2019 J\u00f3venes Ejecutantes de la Orquesta Escuela Carlos Chavez"},"content":{"rendered":"<p>La Secretar\u00eda de Turismo y Cultura del Estado de Morelos, El Fondo Nacional para la Cultura y las Artes (Fonca) y La Secretar\u00eda de Cultura te invitan a participar en la convocatoria 2019 para integrarse al Programa de Est\u00edmulo a J\u00f3venes Ejecutantes, con el prop\u00f3sito de impulsar la creaci\u00f3n y el desarrollo musical nacional por medio de la formaci\u00f3n del cuerpo de instrumentistas de la Orquesta Escuela Carlos Ch\u00e1vez (OECCH) y de la impartici\u00f3n de estudios profesionales en la modalidad de Licenciatura Instrumentista<\/p>\n<p>Dirigido a j\u00f3venes m\u00fasicos<\/p>\n<p>La convocatoria ofrece hasta 30 est\u00edmulos y un apoyo mensual de<strong>\u00a0$6,000.00 pesos<\/strong>\u00a0mexicanos durante un\u00a0<strong>a\u00f1o<\/strong>, para que j\u00f3venes desarrollen sus aptitudes y t\u00e9cnica instrumental en las especialidades de<\/p>\n<ul>\n<li>Arpa<\/li>\n<li>Clarinete<\/li>\n<li>Corno<\/li>\n<li>Fagot<\/li>\n<li>Flauta<\/li>\n<li>Oboe<\/li>\n<li>Percusi\u00f3n<\/li>\n<li>Piano<\/li>\n<li>Trompeta<\/li>\n<li>Tuba<\/li>\n<li>Viola<\/li>\n<li>Viol\u00edn y<\/li>\n<li>Violonchelo<\/li>\n<\/ul>\n<p><strong>Registro<\/strong><\/p>\n<p>Para participar en la convocatoria del\u00a0<strong>Programa de Est\u00edmulo a J\u00f3venes Ejecutantes\u00a0<\/strong>se puede realizar a trav\u00e9s del sitio\u00a0<em><a href=\"https:\/\/foncaenlinea.cultura.gob.mx\/\" target=\"_blank\" rel=\"noreferrer noopener\" aria-label=\"Foncaenl\u00ednea (abre en una nueva pesta\u00f1a)\">Foncaenl\u00ednea<\/a><\/em><\/p>\n<p><strong>La fecha de cierre es el 28 de junio.<\/strong><\/p>\n<p><strong>Requisitos<\/strong><\/p>\n<ul>\n<li>Ser mexicanos o extranjeros con residencia permanente en M\u00e9xico<\/li>\n<li>Tener entre 15 y 23 a\u00f1os de edad<\/li>\n<li>Contar con certificado o constancia de los estudios solicitados en las bases de participaci\u00f3n<\/li>\n<li>Acreditar un m\u00ednimo de cinco a\u00f1os de experiencia en la especialidad instrumental.<\/li>\n<li>Los j\u00f3venes tendr\u00e1n que realizar una prueba de instrumentos y de conocimientos te\u00f3rico-musicales ante los integrantes de las Comisiones de Selecci\u00f3n, las cuales estar\u00e1n a cargo del proceso de evaluaci\u00f3n y selecci\u00f3n. Para la prueba de instrumento, los postulantes deber\u00e1n descargar de la p\u00e1gina del Fonca la\u00a0<em>particella<\/em>\u00a0del repertorio que ejecutar\u00e1n ante los jurados.<\/li>\n<\/ul>\n<p>Los resultados se publicar\u00e1n el\u00a0<strong>12 de agosto de 2019<\/strong>\u00a0en el sitio\u00a0<em><a href=\"https:\/\/foncaenlinea.cultura.gob.mx\/\" target=\"_blank\" rel=\"noreferrer noopener\">Foncaenl\u00ednea<\/a><\/em><\/p>\n<p>Para obtener m\u00e1s informaci\u00f3n, agendar citas de asesor\u00edas y\/o aclarar dudas sobre el programa, el Fonca pone a disposici\u00f3n los<br \/>\nTel\u00e9fonos (55) 4155 0730, extensiones 7032 y 7035; as\u00ed como el<br \/>\ncorreo electr\u00f3nico: convocatoriaje@cultura.gob.mx.<br \/>\n<strong>El est\u00edmulo entrar\u00e1 en vigor a partir del 1 de septiembre.<\/strong><\/p>\n<p>&nbsp;<\/p>\n","protected":false},"excerpt":{"rendered":"<p>La Secretar\u00eda de Turismo y Cultura del Estado de Morelos, El Fondo Nacional para la Cultura y las Artes (Fonca) y La Secretar\u00eda de Cultura te invitan a participar en la convocatoria 2019 para integrarse al Programa de Est\u00edmulo a J\u00f3venes Ejecutantes, con el prop\u00f3sito de impulsar la creaci\u00f3n y el desarrollo musical nacional por&hellip;<\/p>\n","protected":false},"author":1,"featured_media":6516,"comment_status":"closed","ping_status":"open","sticky":false,"template":"","format":"standard","meta":{"_jetpack_memberships_contains_paid_content":false,"footnotes":"","jetpack_publicize_message":"","jetpack_publicize_feature_enabled":true,"jetpack_social_post_already_shared":false,"jetpack_social_options":{"image_generator_settings":{"template":"highway","default_image_id":0,"font":"","enabled":false},"version":2}},"categories":[8],"tags":[],"class_list":["post-6515","post","type-post","status-publish","format-standard","has-post-thumbnail","hentry","category-eventos"],"yoast_head":"<!-- This site is optimized with the Yoast SEO plugin v26.3 - https:\/\/yoast.com\/wordpress\/plugins\/seo\/ -->\r\n<title>Convocatoria 2019 J\u00f3venes Ejecutantes de la Orquesta Escuela Carlos Chavez - Difusi\u00f3n Cultural<\/title>\r\n<meta name=\"robots\" content=\"index, follow, max-snippet:-1, max-image-preview:large, max-video-preview:-1\" \/>\r\n<link rel=\"canonical\" href=\"https:\/\/blogs.uninter.edu.mx\/difusioncultural\/?p=6515\" \/>\r\n<meta property=\"og:locale\" content=\"es_MX\" \/>\r\n<meta property=\"og:type\" content=\"article\" \/>\r\n<meta property=\"og:title\" content=\"Convocatoria 2019 J\u00f3venes Ejecutantes de la Orquesta Escuela Carlos Chavez - Difusi\u00f3n Cultural\" \/>\r\n<meta property=\"og:description\" content=\"La Secretar\u00eda de Turismo y Cultura del Estado de Morelos, El Fondo Nacional para la Cultura y las Artes (Fonca) y La Secretar\u00eda de Cultura te invitan a participar en la convocatoria 2019 para integrarse al Programa de Est\u00edmulo a J\u00f3venes Ejecutantes, con el prop\u00f3sito de impulsar la creaci\u00f3n y el desarrollo musical nacional por&hellip;\" \/>\r\n<meta property=\"og:url\" content=\"https:\/\/blogs.uninter.edu.mx\/difusioncultural\/?p=6515\" \/>\r\n<meta property=\"og:site_name\" content=\"Difusi\u00f3n Cultural\" \/>\r\n<meta property=\"article:published_time\" content=\"2019-06-11T19:00:46+00:00\" \/>\r\n<meta property=\"og:image\" content=\"https:\/\/blogs.uninter.edu.mx\/difusioncultural\/wp-content\/uploads\/2019\/06\/400px-orquesta_estable_del_teatro_argentino.jpg\" \/>\r\n\t<meta property=\"og:image:width\" content=\"400\" \/>\r\n\t<meta property=\"og:image:height\" content=\"274\" \/>\r\n\t<meta property=\"og:image:type\" content=\"image\/jpeg\" \/>\r\n<meta name=\"author\" content=\"webmaster\" \/>\r\n<meta name=\"twitter:card\" content=\"summary_large_image\" \/>\r\n<meta name=\"twitter:label1\" content=\"Escrito por\" \/>\n\t<meta name=\"twitter:data1\" content=\"webmaster\" \/>\n\t<meta name=\"twitter:label2\" content=\"Tiempo de lectura\" \/>\n\t<meta name=\"twitter:data2\" content=\"2 minutos\" \/>\r\n<script type=\"application\/ld+json\" class=\"yoast-schema-graph\">{\"@context\":\"https:\/\/schema.org\",\"@graph\":[{\"@type\":\"Article\",\"@id\":\"https:\/\/blogs.uninter.edu.mx\/difusioncultural\/?p=6515#article\",\"isPartOf\":{\"@id\":\"https:\/\/blogs.uninter.edu.mx\/difusioncultural\/?p=6515\"},\"author\":{\"name\":\"webmaster\",\"@id\":\"https:\/\/blogs.uninter.edu.mx\/difusioncultural\/#\/schema\/person\/37a0926f4dd300a814993fd595abdc4a\"},\"headline\":\"Convocatoria 2019 J\u00f3venes Ejecutantes de la Orquesta Escuela Carlos Chavez\",\"datePublished\":\"2019-06-11T19:00:46+00:00\",\"mainEntityOfPage\":{\"@id\":\"https:\/\/blogs.uninter.edu.mx\/difusioncultural\/?p=6515\"},\"wordCount\":365,\"publisher\":{\"@id\":\"https:\/\/blogs.uninter.edu.mx\/difusioncultural\/#organization\"},\"image\":{\"@id\":\"https:\/\/blogs.uninter.edu.mx\/difusioncultural\/?p=6515#primaryimage\"},\"thumbnailUrl\":\"https:\/\/blogs.uninter.edu.mx\/difusioncultural\/wp-content\/uploads\/2019\/06\/400px-orquesta_estable_del_teatro_argentino.jpg\",\"articleSection\":[\"Eventos\"],\"inLanguage\":\"es\"},{\"@type\":\"WebPage\",\"@id\":\"https:\/\/blogs.uninter.edu.mx\/difusioncultural\/?p=6515\",\"url\":\"https:\/\/blogs.uninter.edu.mx\/difusioncultural\/?p=6515\",\"name\":\"Convocatoria 2019 J\u00f3venes Ejecutantes de la Orquesta Escuela Carlos Chavez - Difusi\u00f3n Cultural\",\"isPartOf\":{\"@id\":\"https:\/\/blogs.uninter.edu.mx\/difusioncultural\/#website\"},\"primaryImageOfPage\":{\"@id\":\"https:\/\/blogs.uninter.edu.mx\/difusioncultural\/?p=6515#primaryimage\"},\"image\":{\"@id\":\"https:\/\/blogs.uninter.edu.mx\/difusioncultural\/?p=6515#primaryimage\"},\"thumbnailUrl\":\"https:\/\/blogs.uninter.edu.mx\/difusioncultural\/wp-content\/uploads\/2019\/06\/400px-orquesta_estable_del_teatro_argentino.jpg\",\"datePublished\":\"2019-06-11T19:00:46+00:00\",\"breadcrumb\":{\"@id\":\"https:\/\/blogs.uninter.edu.mx\/difusioncultural\/?p=6515#breadcrumb\"},\"inLanguage\":\"es\",\"potentialAction\":[{\"@type\":\"ReadAction\",\"target\":[\"https:\/\/blogs.uninter.edu.mx\/difusioncultural\/?p=6515\"]}]},{\"@type\":\"ImageObject\",\"inLanguage\":\"es\",\"@id\":\"https:\/\/blogs.uninter.edu.mx\/difusioncultural\/?p=6515#primaryimage\",\"url\":\"https:\/\/blogs.uninter.edu.mx\/difusioncultural\/wp-content\/uploads\/2019\/06\/400px-orquesta_estable_del_teatro_argentino.jpg\",\"contentUrl\":\"https:\/\/blogs.uninter.edu.mx\/difusioncultural\/wp-content\/uploads\/2019\/06\/400px-orquesta_estable_del_teatro_argentino.jpg\",\"width\":400,\"height\":274},{\"@type\":\"BreadcrumbList\",\"@id\":\"https:\/\/blogs.uninter.edu.mx\/difusioncultural\/?p=6515#breadcrumb\",\"itemListElement\":[{\"@type\":\"ListItem\",\"position\":1,\"name\":\"Inicio\",\"item\":\"https:\/\/blogs.uninter.edu.mx\/difusioncultural\/\"},{\"@type\":\"ListItem\",\"position\":2,\"name\":\"Convocatoria 2019 J\u00f3venes Ejecutantes de la Orquesta Escuela Carlos Chavez\"}]},{\"@type\":\"WebSite\",\"@id\":\"https:\/\/blogs.uninter.edu.mx\/difusioncultural\/#website\",\"url\":\"https:\/\/blogs.uninter.edu.mx\/difusioncultural\/\",\"name\":\"Difusi\u00f3n Cultural\",\"description\":\"UNINTER\",\"publisher\":{\"@id\":\"https:\/\/blogs.uninter.edu.mx\/difusioncultural\/#organization\"},\"potentialAction\":[{\"@type\":\"SearchAction\",\"target\":{\"@type\":\"EntryPoint\",\"urlTemplate\":\"https:\/\/blogs.uninter.edu.mx\/difusioncultural\/?s={search_term_string}\"},\"query-input\":{\"@type\":\"PropertyValueSpecification\",\"valueRequired\":true,\"valueName\":\"search_term_string\"}}],\"inLanguage\":\"es\"},{\"@type\":\"Organization\",\"@id\":\"https:\/\/blogs.uninter.edu.mx\/difusioncultural\/#organization\",\"name\":\"Difusi\u00f3n Cultural\",\"url\":\"https:\/\/blogs.uninter.edu.mx\/difusioncultural\/\",\"logo\":{\"@type\":\"ImageObject\",\"inLanguage\":\"es\",\"@id\":\"https:\/\/blogs.uninter.edu.mx\/difusioncultural\/#\/schema\/logo\/image\/\",\"url\":\"https:\/\/blogs.uninter.edu.mx\/difusioncultural\/wp-content\/uploads\/2022\/09\/uninter.jpg\",\"contentUrl\":\"https:\/\/blogs.uninter.edu.mx\/difusioncultural\/wp-content\/uploads\/2022\/09\/uninter.jpg\",\"width\":2048,\"height\":2048,\"caption\":\"Difusi\u00f3n Cultural\"},\"image\":{\"@id\":\"https:\/\/blogs.uninter.edu.mx\/difusioncultural\/#\/schema\/logo\/image\/\"}},{\"@type\":\"Person\",\"@id\":\"https:\/\/blogs.uninter.edu.mx\/difusioncultural\/#\/schema\/person\/37a0926f4dd300a814993fd595abdc4a\",\"name\":\"webmaster\",\"image\":{\"@type\":\"ImageObject\",\"inLanguage\":\"es\",\"@id\":\"https:\/\/blogs.uninter.edu.mx\/difusioncultural\/#\/schema\/person\/image\/\",\"url\":\"https:\/\/secure.gravatar.com\/avatar\/a59c276b01147463ef3aab4118e3137ebc5e1ad6700deb39ccdf8b89e517f7dc?s=96&d=mm&r=g\",\"contentUrl\":\"https:\/\/secure.gravatar.com\/avatar\/a59c276b01147463ef3aab4118e3137ebc5e1ad6700deb39ccdf8b89e517f7dc?s=96&d=mm&r=g\",\"caption\":\"webmaster\"},\"sameAs\":[\"https:\/\/blogs.uninter.edu.mx\/difusioncultural\"],\"url\":\"https:\/\/blogs.uninter.edu.mx\/difusioncultural\/?author=1\"}]}<\/script>\r\n<!-- \/ Yoast SEO plugin. -->","yoast_head_json":{"title":"Convocatoria 2019 J\u00f3venes Ejecutantes de la Orquesta Escuela Carlos Chavez - Difusi\u00f3n Cultural","robots":{"index":"index","follow":"follow","max-snippet":"max-snippet:-1","max-image-preview":"max-image-preview:large","max-video-preview":"max-video-preview:-1"},"canonical":"https:\/\/blogs.uninter.edu.mx\/difusioncultural\/?p=6515","og_locale":"es_MX","og_type":"article","og_title":"Convocatoria 2019 J\u00f3venes Ejecutantes de la Orquesta Escuela Carlos Chavez - Difusi\u00f3n Cultural","og_description":"La Secretar\u00eda de Turismo y Cultura del Estado de Morelos, El Fondo Nacional para la Cultura y las Artes (Fonca) y La Secretar\u00eda de Cultura te invitan a participar en la convocatoria 2019 para integrarse al Programa de Est\u00edmulo a J\u00f3venes Ejecutantes, con el prop\u00f3sito de impulsar la creaci\u00f3n y el desarrollo musical nacional por&hellip;","og_url":"https:\/\/blogs.uninter.edu.mx\/difusioncultural\/?p=6515","og_site_name":"Difusi\u00f3n Cultural","article_published_time":"2019-06-11T19:00:46+00:00","og_image":[{"width":400,"height":274,"url":"https:\/\/blogs.uninter.edu.mx\/difusioncultural\/wp-content\/uploads\/2019\/06\/400px-orquesta_estable_del_teatro_argentino.jpg","type":"image\/jpeg"}],"author":"webmaster","twitter_card":"summary_large_image","twitter_misc":{"Escrito por":"webmaster","Tiempo de lectura":"2 minutos"},"schema":{"@context":"https:\/\/schema.org","@graph":[{"@type":"Article","@id":"https:\/\/blogs.uninter.edu.mx\/difusioncultural\/?p=6515#article","isPartOf":{"@id":"https:\/\/blogs.uninter.edu.mx\/difusioncultural\/?p=6515"},"author":{"name":"webmaster","@id":"https:\/\/blogs.uninter.edu.mx\/difusioncultural\/#\/schema\/person\/37a0926f4dd300a814993fd595abdc4a"},"headline":"Convocatoria 2019 J\u00f3venes Ejecutantes de la Orquesta Escuela Carlos Chavez","datePublished":"2019-06-11T19:00:46+00:00","mainEntityOfPage":{"@id":"https:\/\/blogs.uninter.edu.mx\/difusioncultural\/?p=6515"},"wordCount":365,"publisher":{"@id":"https:\/\/blogs.uninter.edu.mx\/difusioncultural\/#organization"},"image":{"@id":"https:\/\/blogs.uninter.edu.mx\/difusioncultural\/?p=6515#primaryimage"},"thumbnailUrl":"https:\/\/blogs.uninter.edu.mx\/difusioncultural\/wp-content\/uploads\/2019\/06\/400px-orquesta_estable_del_teatro_argentino.jpg","articleSection":["Eventos"],"inLanguage":"es"},{"@type":"WebPage","@id":"https:\/\/blogs.uninter.edu.mx\/difusioncultural\/?p=6515","url":"https:\/\/blogs.uninter.edu.mx\/difusioncultural\/?p=6515","name":"Convocatoria 2019 J\u00f3venes Ejecutantes de la Orquesta Escuela Carlos Chavez - Difusi\u00f3n Cultural","isPartOf":{"@id":"https:\/\/blogs.uninter.edu.mx\/difusioncultural\/#website"},"primaryImageOfPage":{"@id":"https:\/\/blogs.uninter.edu.mx\/difusioncultural\/?p=6515#primaryimage"},"image":{"@id":"https:\/\/blogs.uninter.edu.mx\/difusioncultural\/?p=6515#primaryimage"},"thumbnailUrl":"https:\/\/blogs.uninter.edu.mx\/difusioncultural\/wp-content\/uploads\/2019\/06\/400px-orquesta_estable_del_teatro_argentino.jpg","datePublished":"2019-06-11T19:00:46+00:00","breadcrumb":{"@id":"https:\/\/blogs.uninter.edu.mx\/difusioncultural\/?p=6515#breadcrumb"},"inLanguage":"es","potentialAction":[{"@type":"ReadAction","target":["https:\/\/blogs.uninter.edu.mx\/difusioncultural\/?p=6515"]}]},{"@type":"ImageObject","inLanguage":"es","@id":"https:\/\/blogs.uninter.edu.mx\/difusioncultural\/?p=6515#primaryimage","url":"https:\/\/blogs.uninter.edu.mx\/difusioncultural\/wp-content\/uploads\/2019\/06\/400px-orquesta_estable_del_teatro_argentino.jpg","contentUrl":"https:\/\/blogs.uninter.edu.mx\/difusioncultural\/wp-content\/uploads\/2019\/06\/400px-orquesta_estable_del_teatro_argentino.jpg","width":400,"height":274},{"@type":"BreadcrumbList","@id":"https:\/\/blogs.uninter.edu.mx\/difusioncultural\/?p=6515#breadcrumb","itemListElement":[{"@type":"ListItem","position":1,"name":"Inicio","item":"https:\/\/blogs.uninter.edu.mx\/difusioncultural\/"},{"@type":"ListItem","position":2,"name":"Convocatoria 2019 J\u00f3venes Ejecutantes de la Orquesta Escuela Carlos Chavez"}]},{"@type":"WebSite","@id":"https:\/\/blogs.uninter.edu.mx\/difusioncultural\/#website","url":"https:\/\/blogs.uninter.edu.mx\/difusioncultural\/","name":"Difusi\u00f3n Cultural","description":"UNINTER","publisher":{"@id":"https:\/\/blogs.uninter.edu.mx\/difusioncultural\/#organization"},"potentialAction":[{"@type":"SearchAction","target":{"@type":"EntryPoint","urlTemplate":"https:\/\/blogs.uninter.edu.mx\/difusioncultural\/?s={search_term_string}"},"query-input":{"@type":"PropertyValueSpecification","valueRequired":true,"valueName":"search_term_string"}}],"inLanguage":"es"},{"@type":"Organization","@id":"https:\/\/blogs.uninter.edu.mx\/difusioncultural\/#organization","name":"Difusi\u00f3n Cultural","url":"https:\/\/blogs.uninter.edu.mx\/difusioncultural\/","logo":{"@type":"ImageObject","inLanguage":"es","@id":"https:\/\/blogs.uninter.edu.mx\/difusioncultural\/#\/schema\/logo\/image\/","url":"https:\/\/blogs.uninter.edu.mx\/difusioncultural\/wp-content\/uploads\/2022\/09\/uninter.jpg","contentUrl":"https:\/\/blogs.uninter.edu.mx\/difusioncultural\/wp-content\/uploads\/2022\/09\/uninter.jpg","width":2048,"height":2048,"caption":"Difusi\u00f3n Cultural"},"image":{"@id":"https:\/\/blogs.uninter.edu.mx\/difusioncultural\/#\/schema\/logo\/image\/"}},{"@type":"Person","@id":"https:\/\/blogs.uninter.edu.mx\/difusioncultural\/#\/schema\/person\/37a0926f4dd300a814993fd595abdc4a","name":"webmaster","image":{"@type":"ImageObject","inLanguage":"es","@id":"https:\/\/blogs.uninter.edu.mx\/difusioncultural\/#\/schema\/person\/image\/","url":"https:\/\/secure.gravatar.com\/avatar\/a59c276b01147463ef3aab4118e3137ebc5e1ad6700deb39ccdf8b89e517f7dc?s=96&d=mm&r=g","contentUrl":"https:\/\/secure.gravatar.com\/avatar\/a59c276b01147463ef3aab4118e3137ebc5e1ad6700deb39ccdf8b89e517f7dc?s=96&d=mm&r=g","caption":"webmaster"},"sameAs":["https:\/\/blogs.uninter.edu.mx\/difusioncultural"],"url":"https:\/\/blogs.uninter.edu.mx\/difusioncultural\/?author=1"}]}},"jetpack_publicize_connections":[],"jetpack_featured_media_url":"https:\/\/blogs.uninter.edu.mx\/difusioncultural\/wp-content\/uploads\/2019\/06\/400px-orquesta_estable_del_teatro_argentino.jpg","jetpack_sharing_enabled":true,"_links":{"self":[{"href":"https:\/\/blogs.uninter.edu.mx\/difusioncultural\/index.php?rest_route=\/wp\/v2\/posts\/6515","targetHints":{"allow":["GET"]}}],"collection":[{"href":"https:\/\/blogs.uninter.edu.mx\/difusioncultural\/index.php?rest_route=\/wp\/v2\/posts"}],"about":[{"href":"https:\/\/blogs.uninter.edu.mx\/difusioncultural\/index.php?rest_route=\/wp\/v2\/types\/post"}],"author":[{"embeddable":true,"href":"https:\/\/blogs.uninter.edu.mx\/difusioncultural\/index.php?rest_route=\/wp\/v2\/users\/1"}],"replies":[{"embeddable":true,"href":"https:\/\/blogs.uninter.edu.mx\/difusioncultural\/index.php?rest_route=%2Fwp%2Fv2%2Fcomments&post=6515"}],"version-history":[{"count":0,"href":"https:\/\/blogs.uninter.edu.mx\/difusioncultural\/index.php?rest_route=\/wp\/v2\/posts\/6515\/revisions"}],"wp:featuredmedia":[{"embeddable":true,"href":"https:\/\/blogs.uninter.edu.mx\/difusioncultural\/index.php?rest_route=\/wp\/v2\/media\/6516"}],"wp:attachment":[{"href":"https:\/\/blogs.uninter.edu.mx\/difusioncultural\/index.php?rest_route=%2Fwp%2Fv2%2Fmedia&parent=6515"}],"wp:term":[{"taxonomy":"category","embeddable":true,"href":"https:\/\/blogs.uninter.edu.mx\/difusioncultural\/index.php?rest_route=%2Fwp%2Fv2%2Fcategories&post=6515"},{"taxonomy":"post_tag","embeddable":true,"href":"https:\/\/blogs.uninter.edu.mx\/difusioncultural\/index.php?rest_route=%2Fwp%2Fv2%2Ftags&post=6515"}],"curies":[{"name":"wp","href":"https:\/\/api.w.org\/{rel}","templated":true}]}}