{"id":6643,"date":"2019-07-27T13:32:47","date_gmt":"2019-07-27T18:32:47","guid":{"rendered":"https:\/\/difusionculturaluninter.wordpress.com\/?p=6643"},"modified":"2019-07-27T13:32:47","modified_gmt":"2019-07-27T18:32:47","slug":"que-hacer-el-fin-de-semana-en-la-ciudad-de-mexico","status":"publish","type":"post","link":"https:\/\/blogs.uninter.edu.mx\/difusioncultural\/?p=6643","title":{"rendered":"Qu\u00e9 hacer el fin de semana en la Ciudad de M\u00e9xico"},"content":{"rendered":"<p class=\"p1\" style=\"text-align:center;\"><span class=\"s1\">Este fin de semana olv\u00eddate de tus pendientes y sigue nuestras recomendaciones. Rel\u00e1jate y disfruta la Ciudad de M\u00e9xico.<\/span><\/p>\n<p>Art\u00edculo escrito por Renata Rubio, Forbesmx<\/p>\n<p><span class=\"s1\"><b>Medio Marat\u00f3n CDMX<\/b><\/span><\/p>\n<p><img fetchpriority=\"high\" decoding=\"async\" class=\"alignnone  wp-image-6656\" src=\"https:\/\/difusionculturaluninter.files.wordpress.com\/2019\/07\/medio-maraton-1024x682.jpg\" alt=\"medio-maraton--1024x682\" width=\"342\" height=\"228\" \/><\/p>\n<p><span class=\"s1\">El punto de salida ser\u00e1 la Fuente del Bicentenario, en el Paseo de la Reforma. El recorrido ser\u00e1 por las principales vialidades de la ciudad. As\u00ed que, si te gusta correr, toma tus tenis y disfruta de esta incre\u00edble experiencia a lo largo de una ruta de 21 kil\u00f3metros.<\/span><\/p>\n<p class=\"p1\"><span class=\"s1\">Cu\u00e1ndo: Hasta el 28 de julio<\/span><\/p>\n<p class=\"p1\"><span class=\"s1\">D\u00f3nde: Laboratorio Arte Alameda<\/span><\/p>\n<p class=\"p1\"><span class=\"s1\"><b>Lunas del Sistema Solar<\/b><\/span><\/p>\n<p class=\"p1\"><span class=\"s1\">El 20 de julio de 1969, dos astronautas pisaron por primera vez la Luna. As\u00ed inici\u00f3 el ser humano una intensa exploraci\u00f3n del universo. La exposici\u00f3n muestra diferentes etapas de la Luna y algunos sat\u00e9lites naturales de nuestros planetas vecinos. Una experiencia que, sin duda, te sacar\u00e1 de este mundo.<\/span><\/p>\n<p class=\"p1\"><span class=\"s1\">Cu\u00e1ndo: Hasta el 29 de septiembre.<\/span><\/p>\n<p class=\"p1\"><span class=\"s1\">D\u00f3nde: Rejas de Casa del Lago UNAM.<\/span><\/p>\n<p class=\"p1\"><b>Mexicr\u00e1neos<\/b><\/p>\n<p><img decoding=\"async\" class=\"alignnone  wp-image-6654\" src=\"https:\/\/difusionculturaluninter.files.wordpress.com\/2019\/07\/66451481_2644858838859982_2056690663587577856_n.jpg\" alt=\"66451481_2644858838859982_2056690663587577856_n\" width=\"389\" height=\"259\" \/><\/p>\n<p class=\"p1\"><span class=\"s1\">Desde el 2017, estas esculturas han llenado de colores las calles de la Ciudad de M\u00e9xico. Este a\u00f1o se presentan seis piezas intervenidas por diferentes artistas mexicanos. No te quedes atr\u00e1s y checa los Mexicr\u00e1neos el fin de semana en la vibrante zona de Polanco.<\/span><\/p>\n<p class=\"p1\"><span class=\"s1\">Cu\u00e1ndo: Hasta el domingo 28 de julio.<\/span><\/p>\n<p class=\"p1\"><span class=\"s1\">D\u00f3nde: AvenidaPresidente Masaryk y Parque Lincoln.<\/span><\/p>\n<p class=\"p1\"><span class=\"s1\"><b>Caf\u00e9, chocolate y otras delicias<\/b><\/span><\/p>\n<p><img decoding=\"async\" class=\"alignnone  wp-image-6652\" src=\"https:\/\/difusionculturaluninter.files.wordpress.com\/2019\/07\/50396387_731463930574130_2202926358621847552_n.jpg\" alt=\"50396387_731463930574130_2202926358621847552_n\" width=\"360\" height=\"225\" \/><\/p>\n<p class=\"p1\"><span class=\"s1\">Este festival cumple su cuarto aniversario y presenta m\u00e1s de 150 expositores procedentes de distintas partes de la Rep\u00fablica Mexicana. En este encuentro probar\u00e1s distintos chocolates, caf\u00e9s, mermeladas, cervezas y muchas cosas m\u00e1s. Sin duda tienes que preparar a tu paladar para disfrutar estas delicias el fin de semana<\/span><\/p>\n<p class=\"p1\"><span class=\"s1\">Cu\u00e1ndo: 27 y 28 de julio.<\/span><\/p>\n<p class=\"p1\"><span class=\"s1\">D\u00f3nde: Teatro Blackberry.<\/span><\/p>\n<p class=\"p1\"><span class=\"s1\"><b>Ted Bundy: Durmiendo con el Asesino<\/b><\/span><\/p>\n<p><img loading=\"lazy\" decoding=\"async\" class=\"alignnone  wp-image-6651\" src=\"https:\/\/difusionculturaluninter.files.wordpress.com\/2019\/07\/28276297_1541660889264805_5422887881425350118_n.jpg\" alt=\"28276297_1541660889264805_5422887881425350118_n\" width=\"314\" height=\"195\" \/><\/p>\n<p class=\"p1\"><span class=\"s1\">Esta pel\u00edcula interpretada por Zac Efron y Lily Collins relata la historia del asesino que fue acusado en 1974 de secuestrar y matar a 36 mujeres j\u00f3venes en California. La trama revela c\u00f3mo se llev\u00f3 a cabo el juicio sobre este caso tan debatido. As\u00ed que consulta tu cartelera y disfruta de tus palomitas.<\/span><\/p>\n<p class=\"p1\"><span class=\"s1\"><b>El Bazaar S\u00e1bado<\/b><\/span><\/p>\n<p><img loading=\"lazy\" decoding=\"async\" class=\"alignnone  wp-image-6653\" src=\"https:\/\/difusionculturaluninter.files.wordpress.com\/2019\/07\/58574743_1026162027580582_2532521994298064896_n.png\" alt=\"58574743_1026162027580582_2532521994298064896_n\" width=\"328\" height=\"125\" \/><\/p>\n<p class=\"p1\"><span class=\"s1\">Este bazar abri\u00f3 hace m\u00e1s de 50 a\u00f1os. En \u00e9l puedes encontrar gastronom\u00eda, arte y moda mexicana: bolsas, prendas de vestir, zapatos y m\u00e1s. Es uno de los lugares m\u00e1s llamativos y populares en el sur y representa una experiencia llena de tradici\u00f3n que puedes vivir este fin de semana.\u00a0<\/span><\/p>\n<p class=\"p1\"><span class=\"s1\">D\u00f3nde: Plaza San Jacinto.<\/span><\/p>\n<p class=\"p1\"><span class=\"s1\">Cu\u00e1ndo: Todos los s\u00e1bados.<\/span><\/p>\n<p class=\"p1\"><span class=\"s1\"><b>Foto M\u00e9xico<\/b><\/span><\/p>\n<p><img loading=\"lazy\" decoding=\"async\" class=\"alignnone  wp-image-6659\" src=\"https:\/\/difusionculturaluninter.files.wordpress.com\/2019\/07\/rodbilb-1024x293.jpg\" alt=\"rodbilb-1024x293\" width=\"338\" height=\"97\" \/><\/p>\n<p class=\"p3\"><span class=\"s1\">Esta exposici\u00f3n relata la historia de nuestro pa\u00eds a trav\u00e9s de fotograf\u00edas tomadas por el documentalista Demetrio Bilbat\u00faa. Originario de Espa\u00f1a, este apasionado de la imagen lleg\u00f3 a M\u00e9xico en 1945 y desde entonces construy\u00f3 una nueva vida de alegor\u00edas que eran consideradas modernas para su \u00e9poca.<\/span><\/p>\n<p class=\"p3\"><span class=\"s1\">D\u00f3nde: Plaza Loreto, sala 4,<\/span><\/p>\n<p class=\"p3\"><span class=\"s1\">Cu\u00e1ndo: Hasta el 31 de diciembre.<\/span><\/p>\n<p class=\"p1\"><span class=\"s1\"><b>Cantares: Fiesta de Trova y Canci\u00f3n Urbana.<\/b><\/span><\/p>\n<p><img loading=\"lazy\" decoding=\"async\" class=\"alignnone  wp-image-6660\" src=\"https:\/\/difusionculturaluninter.files.wordpress.com\/2019\/07\/67478477_10156422125094849_8612584467107676160_o-1024x454.jpg\" alt=\"67478477_10156422125094849_8612584467107676160_o-1024x454\" width=\"343\" height=\"152\" \/><\/p>\n<p class=\"p1\"><span class=\"s1\">Este festival se llevar\u00e1 a cabo este fin de semana en \u201cLas Islas\u201d, en Ciudad Universitaria. Ah\u00ed se presentar\u00e1n varios artistas como \u00d3scar Ch\u00e1vez, Caetano Veloso y Lety Serv\u00edn, entre otros. Disfrutar\u00e1s de dos d\u00edas con m\u00fasica urbana.<\/span><\/p>\n<p>&nbsp;<\/p>\n","protected":false},"excerpt":{"rendered":"<p>Este fin de semana olv\u00eddate de tus pendientes y sigue nuestras recomendaciones. Rel\u00e1jate y disfruta la Ciudad de M\u00e9xico. Art\u00edculo escrito por Renata Rubio, Forbesmx Medio Marat\u00f3n CDMX El punto de salida ser\u00e1 la Fuente del Bicentenario, en el Paseo de la Reforma. El recorrido ser\u00e1 por las principales vialidades de la ciudad. As\u00ed que,&hellip;<\/p>\n","protected":false},"author":1,"featured_media":6662,"comment_status":"closed","ping_status":"open","sticky":false,"template":"","format":"standard","meta":{"_jetpack_memberships_contains_paid_content":false,"footnotes":"","jetpack_publicize_message":"","jetpack_publicize_feature_enabled":true,"jetpack_social_post_already_shared":false,"jetpack_social_options":{"image_generator_settings":{"template":"highway","default_image_id":0,"font":"","enabled":false},"version":2}},"categories":[8,13],"tags":[],"class_list":["post-6643","post","type-post","status-publish","format-standard","has-post-thumbnail","hentry","category-eventos","category-personas-interesantes"],"yoast_head":"<!-- This site is optimized with the Yoast SEO plugin v26.3 - https:\/\/yoast.com\/wordpress\/plugins\/seo\/ -->\r\n<title>Qu\u00e9 hacer el fin de semana en la Ciudad de M\u00e9xico - Difusi\u00f3n Cultural<\/title>\r\n<meta name=\"robots\" content=\"index, follow, max-snippet:-1, max-image-preview:large, max-video-preview:-1\" \/>\r\n<link rel=\"canonical\" href=\"https:\/\/blogs.uninter.edu.mx\/difusioncultural\/?p=6643\" \/>\r\n<meta property=\"og:locale\" content=\"es_MX\" \/>\r\n<meta property=\"og:type\" content=\"article\" \/>\r\n<meta property=\"og:title\" content=\"Qu\u00e9 hacer el fin de semana en la Ciudad de M\u00e9xico - Difusi\u00f3n Cultural\" \/>\r\n<meta property=\"og:description\" content=\"Este fin de semana olv\u00eddate de tus pendientes y sigue nuestras recomendaciones. Rel\u00e1jate y disfruta la Ciudad de M\u00e9xico. Art\u00edculo escrito por Renata Rubio, Forbesmx Medio Marat\u00f3n CDMX El punto de salida ser\u00e1 la Fuente del Bicentenario, en el Paseo de la Reforma. El recorrido ser\u00e1 por las principales vialidades de la ciudad. As\u00ed que,&hellip;\" \/>\r\n<meta property=\"og:url\" content=\"https:\/\/blogs.uninter.edu.mx\/difusioncultural\/?p=6643\" \/>\r\n<meta property=\"og:site_name\" content=\"Difusi\u00f3n Cultural\" \/>\r\n<meta property=\"article:published_time\" content=\"2019-07-27T18:32:47+00:00\" \/>\r\n<meta property=\"og:image\" content=\"https:\/\/blogs.uninter.edu.mx\/difusioncultural\/wp-content\/uploads\/2019\/07\/descarga.png\" \/>\r\n\t<meta property=\"og:image:width\" content=\"386\" \/>\r\n\t<meta property=\"og:image:height\" content=\"130\" \/>\r\n\t<meta property=\"og:image:type\" content=\"image\/png\" \/>\r\n<meta name=\"author\" content=\"webmaster\" \/>\r\n<meta name=\"twitter:card\" content=\"summary_large_image\" \/>\r\n<meta name=\"twitter:label1\" content=\"Escrito por\" \/>\n\t<meta name=\"twitter:data1\" content=\"webmaster\" \/>\n\t<meta name=\"twitter:label2\" content=\"Tiempo de lectura\" \/>\n\t<meta name=\"twitter:data2\" content=\"3 minutos\" \/>\r\n<script type=\"application\/ld+json\" class=\"yoast-schema-graph\">{\"@context\":\"https:\/\/schema.org\",\"@graph\":[{\"@type\":\"Article\",\"@id\":\"https:\/\/blogs.uninter.edu.mx\/difusioncultural\/?p=6643#article\",\"isPartOf\":{\"@id\":\"https:\/\/blogs.uninter.edu.mx\/difusioncultural\/?p=6643\"},\"author\":{\"name\":\"webmaster\",\"@id\":\"https:\/\/blogs.uninter.edu.mx\/difusioncultural\/#\/schema\/person\/37a0926f4dd300a814993fd595abdc4a\"},\"headline\":\"Qu\u00e9 hacer el fin de semana en la Ciudad de M\u00e9xico\",\"datePublished\":\"2019-07-27T18:32:47+00:00\",\"mainEntityOfPage\":{\"@id\":\"https:\/\/blogs.uninter.edu.mx\/difusioncultural\/?p=6643\"},\"wordCount\":558,\"publisher\":{\"@id\":\"https:\/\/blogs.uninter.edu.mx\/difusioncultural\/#organization\"},\"image\":{\"@id\":\"https:\/\/blogs.uninter.edu.mx\/difusioncultural\/?p=6643#primaryimage\"},\"thumbnailUrl\":\"https:\/\/blogs.uninter.edu.mx\/difusioncultural\/wp-content\/uploads\/2019\/07\/descarga.png\",\"articleSection\":[\"Eventos\",\"Personas interesantes\"],\"inLanguage\":\"es\"},{\"@type\":\"WebPage\",\"@id\":\"https:\/\/blogs.uninter.edu.mx\/difusioncultural\/?p=6643\",\"url\":\"https:\/\/blogs.uninter.edu.mx\/difusioncultural\/?p=6643\",\"name\":\"Qu\u00e9 hacer el fin de semana en la Ciudad de M\u00e9xico - Difusi\u00f3n Cultural\",\"isPartOf\":{\"@id\":\"https:\/\/blogs.uninter.edu.mx\/difusioncultural\/#website\"},\"primaryImageOfPage\":{\"@id\":\"https:\/\/blogs.uninter.edu.mx\/difusioncultural\/?p=6643#primaryimage\"},\"image\":{\"@id\":\"https:\/\/blogs.uninter.edu.mx\/difusioncultural\/?p=6643#primaryimage\"},\"thumbnailUrl\":\"https:\/\/blogs.uninter.edu.mx\/difusioncultural\/wp-content\/uploads\/2019\/07\/descarga.png\",\"datePublished\":\"2019-07-27T18:32:47+00:00\",\"breadcrumb\":{\"@id\":\"https:\/\/blogs.uninter.edu.mx\/difusioncultural\/?p=6643#breadcrumb\"},\"inLanguage\":\"es\",\"potentialAction\":[{\"@type\":\"ReadAction\",\"target\":[\"https:\/\/blogs.uninter.edu.mx\/difusioncultural\/?p=6643\"]}]},{\"@type\":\"ImageObject\",\"inLanguage\":\"es\",\"@id\":\"https:\/\/blogs.uninter.edu.mx\/difusioncultural\/?p=6643#primaryimage\",\"url\":\"https:\/\/blogs.uninter.edu.mx\/difusioncultural\/wp-content\/uploads\/2019\/07\/descarga.png\",\"contentUrl\":\"https:\/\/blogs.uninter.edu.mx\/difusioncultural\/wp-content\/uploads\/2019\/07\/descarga.png\",\"width\":386,\"height\":130},{\"@type\":\"BreadcrumbList\",\"@id\":\"https:\/\/blogs.uninter.edu.mx\/difusioncultural\/?p=6643#breadcrumb\",\"itemListElement\":[{\"@type\":\"ListItem\",\"position\":1,\"name\":\"Inicio\",\"item\":\"https:\/\/blogs.uninter.edu.mx\/difusioncultural\/\"},{\"@type\":\"ListItem\",\"position\":2,\"name\":\"Qu\u00e9 hacer el fin de semana en la Ciudad de M\u00e9xico\"}]},{\"@type\":\"WebSite\",\"@id\":\"https:\/\/blogs.uninter.edu.mx\/difusioncultural\/#website\",\"url\":\"https:\/\/blogs.uninter.edu.mx\/difusioncultural\/\",\"name\":\"Difusi\u00f3n Cultural\",\"description\":\"UNINTER\",\"publisher\":{\"@id\":\"https:\/\/blogs.uninter.edu.mx\/difusioncultural\/#organization\"},\"potentialAction\":[{\"@type\":\"SearchAction\",\"target\":{\"@type\":\"EntryPoint\",\"urlTemplate\":\"https:\/\/blogs.uninter.edu.mx\/difusioncultural\/?s={search_term_string}\"},\"query-input\":{\"@type\":\"PropertyValueSpecification\",\"valueRequired\":true,\"valueName\":\"search_term_string\"}}],\"inLanguage\":\"es\"},{\"@type\":\"Organization\",\"@id\":\"https:\/\/blogs.uninter.edu.mx\/difusioncultural\/#organization\",\"name\":\"Difusi\u00f3n Cultural\",\"url\":\"https:\/\/blogs.uninter.edu.mx\/difusioncultural\/\",\"logo\":{\"@type\":\"ImageObject\",\"inLanguage\":\"es\",\"@id\":\"https:\/\/blogs.uninter.edu.mx\/difusioncultural\/#\/schema\/logo\/image\/\",\"url\":\"https:\/\/blogs.uninter.edu.mx\/difusioncultural\/wp-content\/uploads\/2022\/09\/uninter.jpg\",\"contentUrl\":\"https:\/\/blogs.uninter.edu.mx\/difusioncultural\/wp-content\/uploads\/2022\/09\/uninter.jpg\",\"width\":2048,\"height\":2048,\"caption\":\"Difusi\u00f3n Cultural\"},\"image\":{\"@id\":\"https:\/\/blogs.uninter.edu.mx\/difusioncultural\/#\/schema\/logo\/image\/\"}},{\"@type\":\"Person\",\"@id\":\"https:\/\/blogs.uninter.edu.mx\/difusioncultural\/#\/schema\/person\/37a0926f4dd300a814993fd595abdc4a\",\"name\":\"webmaster\",\"image\":{\"@type\":\"ImageObject\",\"inLanguage\":\"es\",\"@id\":\"https:\/\/blogs.uninter.edu.mx\/difusioncultural\/#\/schema\/person\/image\/\",\"url\":\"https:\/\/secure.gravatar.com\/avatar\/a59c276b01147463ef3aab4118e3137ebc5e1ad6700deb39ccdf8b89e517f7dc?s=96&d=mm&r=g\",\"contentUrl\":\"https:\/\/secure.gravatar.com\/avatar\/a59c276b01147463ef3aab4118e3137ebc5e1ad6700deb39ccdf8b89e517f7dc?s=96&d=mm&r=g\",\"caption\":\"webmaster\"},\"sameAs\":[\"https:\/\/blogs.uninter.edu.mx\/difusioncultural\"],\"url\":\"https:\/\/blogs.uninter.edu.mx\/difusioncultural\/?author=1\"}]}<\/script>\r\n<!-- \/ Yoast SEO plugin. -->","yoast_head_json":{"title":"Qu\u00e9 hacer el fin de semana en la Ciudad de M\u00e9xico - Difusi\u00f3n Cultural","robots":{"index":"index","follow":"follow","max-snippet":"max-snippet:-1","max-image-preview":"max-image-preview:large","max-video-preview":"max-video-preview:-1"},"canonical":"https:\/\/blogs.uninter.edu.mx\/difusioncultural\/?p=6643","og_locale":"es_MX","og_type":"article","og_title":"Qu\u00e9 hacer el fin de semana en la Ciudad de M\u00e9xico - Difusi\u00f3n Cultural","og_description":"Este fin de semana olv\u00eddate de tus pendientes y sigue nuestras recomendaciones. Rel\u00e1jate y disfruta la Ciudad de M\u00e9xico. Art\u00edculo escrito por Renata Rubio, Forbesmx Medio Marat\u00f3n CDMX El punto de salida ser\u00e1 la Fuente del Bicentenario, en el Paseo de la Reforma. El recorrido ser\u00e1 por las principales vialidades de la ciudad. As\u00ed que,&hellip;","og_url":"https:\/\/blogs.uninter.edu.mx\/difusioncultural\/?p=6643","og_site_name":"Difusi\u00f3n Cultural","article_published_time":"2019-07-27T18:32:47+00:00","og_image":[{"width":386,"height":130,"url":"https:\/\/blogs.uninter.edu.mx\/difusioncultural\/wp-content\/uploads\/2019\/07\/descarga.png","type":"image\/png"}],"author":"webmaster","twitter_card":"summary_large_image","twitter_misc":{"Escrito por":"webmaster","Tiempo de lectura":"3 minutos"},"schema":{"@context":"https:\/\/schema.org","@graph":[{"@type":"Article","@id":"https:\/\/blogs.uninter.edu.mx\/difusioncultural\/?p=6643#article","isPartOf":{"@id":"https:\/\/blogs.uninter.edu.mx\/difusioncultural\/?p=6643"},"author":{"name":"webmaster","@id":"https:\/\/blogs.uninter.edu.mx\/difusioncultural\/#\/schema\/person\/37a0926f4dd300a814993fd595abdc4a"},"headline":"Qu\u00e9 hacer el fin de semana en la Ciudad de M\u00e9xico","datePublished":"2019-07-27T18:32:47+00:00","mainEntityOfPage":{"@id":"https:\/\/blogs.uninter.edu.mx\/difusioncultural\/?p=6643"},"wordCount":558,"publisher":{"@id":"https:\/\/blogs.uninter.edu.mx\/difusioncultural\/#organization"},"image":{"@id":"https:\/\/blogs.uninter.edu.mx\/difusioncultural\/?p=6643#primaryimage"},"thumbnailUrl":"https:\/\/blogs.uninter.edu.mx\/difusioncultural\/wp-content\/uploads\/2019\/07\/descarga.png","articleSection":["Eventos","Personas interesantes"],"inLanguage":"es"},{"@type":"WebPage","@id":"https:\/\/blogs.uninter.edu.mx\/difusioncultural\/?p=6643","url":"https:\/\/blogs.uninter.edu.mx\/difusioncultural\/?p=6643","name":"Qu\u00e9 hacer el fin de semana en la Ciudad de M\u00e9xico - Difusi\u00f3n Cultural","isPartOf":{"@id":"https:\/\/blogs.uninter.edu.mx\/difusioncultural\/#website"},"primaryImageOfPage":{"@id":"https:\/\/blogs.uninter.edu.mx\/difusioncultural\/?p=6643#primaryimage"},"image":{"@id":"https:\/\/blogs.uninter.edu.mx\/difusioncultural\/?p=6643#primaryimage"},"thumbnailUrl":"https:\/\/blogs.uninter.edu.mx\/difusioncultural\/wp-content\/uploads\/2019\/07\/descarga.png","datePublished":"2019-07-27T18:32:47+00:00","breadcrumb":{"@id":"https:\/\/blogs.uninter.edu.mx\/difusioncultural\/?p=6643#breadcrumb"},"inLanguage":"es","potentialAction":[{"@type":"ReadAction","target":["https:\/\/blogs.uninter.edu.mx\/difusioncultural\/?p=6643"]}]},{"@type":"ImageObject","inLanguage":"es","@id":"https:\/\/blogs.uninter.edu.mx\/difusioncultural\/?p=6643#primaryimage","url":"https:\/\/blogs.uninter.edu.mx\/difusioncultural\/wp-content\/uploads\/2019\/07\/descarga.png","contentUrl":"https:\/\/blogs.uninter.edu.mx\/difusioncultural\/wp-content\/uploads\/2019\/07\/descarga.png","width":386,"height":130},{"@type":"BreadcrumbList","@id":"https:\/\/blogs.uninter.edu.mx\/difusioncultural\/?p=6643#breadcrumb","itemListElement":[{"@type":"ListItem","position":1,"name":"Inicio","item":"https:\/\/blogs.uninter.edu.mx\/difusioncultural\/"},{"@type":"ListItem","position":2,"name":"Qu\u00e9 hacer el fin de semana en la Ciudad de M\u00e9xico"}]},{"@type":"WebSite","@id":"https:\/\/blogs.uninter.edu.mx\/difusioncultural\/#website","url":"https:\/\/blogs.uninter.edu.mx\/difusioncultural\/","name":"Difusi\u00f3n Cultural","description":"UNINTER","publisher":{"@id":"https:\/\/blogs.uninter.edu.mx\/difusioncultural\/#organization"},"potentialAction":[{"@type":"SearchAction","target":{"@type":"EntryPoint","urlTemplate":"https:\/\/blogs.uninter.edu.mx\/difusioncultural\/?s={search_term_string}"},"query-input":{"@type":"PropertyValueSpecification","valueRequired":true,"valueName":"search_term_string"}}],"inLanguage":"es"},{"@type":"Organization","@id":"https:\/\/blogs.uninter.edu.mx\/difusioncultural\/#organization","name":"Difusi\u00f3n Cultural","url":"https:\/\/blogs.uninter.edu.mx\/difusioncultural\/","logo":{"@type":"ImageObject","inLanguage":"es","@id":"https:\/\/blogs.uninter.edu.mx\/difusioncultural\/#\/schema\/logo\/image\/","url":"https:\/\/blogs.uninter.edu.mx\/difusioncultural\/wp-content\/uploads\/2022\/09\/uninter.jpg","contentUrl":"https:\/\/blogs.uninter.edu.mx\/difusioncultural\/wp-content\/uploads\/2022\/09\/uninter.jpg","width":2048,"height":2048,"caption":"Difusi\u00f3n Cultural"},"image":{"@id":"https:\/\/blogs.uninter.edu.mx\/difusioncultural\/#\/schema\/logo\/image\/"}},{"@type":"Person","@id":"https:\/\/blogs.uninter.edu.mx\/difusioncultural\/#\/schema\/person\/37a0926f4dd300a814993fd595abdc4a","name":"webmaster","image":{"@type":"ImageObject","inLanguage":"es","@id":"https:\/\/blogs.uninter.edu.mx\/difusioncultural\/#\/schema\/person\/image\/","url":"https:\/\/secure.gravatar.com\/avatar\/a59c276b01147463ef3aab4118e3137ebc5e1ad6700deb39ccdf8b89e517f7dc?s=96&d=mm&r=g","contentUrl":"https:\/\/secure.gravatar.com\/avatar\/a59c276b01147463ef3aab4118e3137ebc5e1ad6700deb39ccdf8b89e517f7dc?s=96&d=mm&r=g","caption":"webmaster"},"sameAs":["https:\/\/blogs.uninter.edu.mx\/difusioncultural"],"url":"https:\/\/blogs.uninter.edu.mx\/difusioncultural\/?author=1"}]}},"jetpack_publicize_connections":[],"jetpack_featured_media_url":"https:\/\/blogs.uninter.edu.mx\/difusioncultural\/wp-content\/uploads\/2019\/07\/descarga.png","jetpack_sharing_enabled":true,"_links":{"self":[{"href":"https:\/\/blogs.uninter.edu.mx\/difusioncultural\/index.php?rest_route=\/wp\/v2\/posts\/6643","targetHints":{"allow":["GET"]}}],"collection":[{"href":"https:\/\/blogs.uninter.edu.mx\/difusioncultural\/index.php?rest_route=\/wp\/v2\/posts"}],"about":[{"href":"https:\/\/blogs.uninter.edu.mx\/difusioncultural\/index.php?rest_route=\/wp\/v2\/types\/post"}],"author":[{"embeddable":true,"href":"https:\/\/blogs.uninter.edu.mx\/difusioncultural\/index.php?rest_route=\/wp\/v2\/users\/1"}],"replies":[{"embeddable":true,"href":"https:\/\/blogs.uninter.edu.mx\/difusioncultural\/index.php?rest_route=%2Fwp%2Fv2%2Fcomments&post=6643"}],"version-history":[{"count":0,"href":"https:\/\/blogs.uninter.edu.mx\/difusioncultural\/index.php?rest_route=\/wp\/v2\/posts\/6643\/revisions"}],"wp:featuredmedia":[{"embeddable":true,"href":"https:\/\/blogs.uninter.edu.mx\/difusioncultural\/index.php?rest_route=\/wp\/v2\/media\/6662"}],"wp:attachment":[{"href":"https:\/\/blogs.uninter.edu.mx\/difusioncultural\/index.php?rest_route=%2Fwp%2Fv2%2Fmedia&parent=6643"}],"wp:term":[{"taxonomy":"category","embeddable":true,"href":"https:\/\/blogs.uninter.edu.mx\/difusioncultural\/index.php?rest_route=%2Fwp%2Fv2%2Fcategories&post=6643"},{"taxonomy":"post_tag","embeddable":true,"href":"https:\/\/blogs.uninter.edu.mx\/difusioncultural\/index.php?rest_route=%2Fwp%2Fv2%2Ftags&post=6643"}],"curies":[{"name":"wp","href":"https:\/\/api.w.org\/{rel}","templated":true}]}}