{"id":6739,"date":"2019-09-06T09:37:10","date_gmt":"2019-09-06T14:37:10","guid":{"rendered":"https:\/\/difusionculturaluninter.wordpress.com\/?p=6739"},"modified":"2019-09-06T09:37:10","modified_gmt":"2019-09-06T14:37:10","slug":"el-arte-esta-de-luto-lopez-obrador","status":"publish","type":"post","link":"https:\/\/blogs.uninter.edu.mx\/difusioncultural\/?p=6739","title":{"rendered":"El arte est\u00e1 de luto: L\u00f3pez Obrador"},"content":{"rendered":"<div class=\"hemero\"><em>Viernes 6 de septiembre de 2019.\u00a0<\/em>No s\u00f3lo el mundo del arte se estremeci\u00f3 ayer con la muerte del artista pl\u00e1stico y luchador social Francisco Toledo. Pol\u00edticos, legisladores, gobernadores y dirigentes de partidos lamentaron el deceso de quien consideraron un icono de la cultura popular, ilustre mexicano y un artista universal.<\/div>\n<p>Tras conocerse su fallecimiento la noche del jueves, el presidente Andr\u00e9s Manuel L\u00f3pez Obrador, se pronunci\u00f3 a trav\u00e9s de sus redes sociales:\u00a0<q>El arte est\u00e1 de luto. Ha fallecido el maestro Francisco Toledo, oaxaque\u00f1o, gran pintor y extraordinario promotor cultural, aut\u00e9ntico defensor de la naturaleza, las costumbres y las tradiciones de nuestro pueblo. Descanse en paz<\/q>.<\/p>\n<div id=\"content_nitf\" class=\"tbl-forkorts-article\">\n<p>La Secretar\u00eda de Relaciones Exteriores emiti\u00f3 un mensaje en su cuenta de twitter, en el que reconoci\u00f3 la trayectoria del destacado pintor y grabador mexicano :\u00a0<q>Lamentamos el sensible fallecimiento del artista oaxaque\u00f1o Francisco Toledo. Reconocemos su legado art\u00edstico que trascendi\u00f3 fronteras y su lucha por mantener vivas las tradiciones y costumbres mexicanas a trav\u00e9s de la cultura<\/q><\/p>\n<\/div>\n<div id=\"taboolacodesc\">\n<div id=\"taboola-below-article-thumbnails\" class=\" trc_related_container trc_spotlight_widget tbl-feed-container tbl-feed-frame-DIVIDER  render-late-effect\">\n<div class=\" tbl-feed-header tbl-logo-right-position\">\n<div class=\"tbl-feed-header-logo\"><\/div>\n<\/div>\n<\/div>\n<\/div>\n<p><img decoding=\"async\" src=\"https:\/\/www.jornada.com.mx\/ultimas\/2019\/09\/06\/el-arte-esta-de-luto-lopez-obrador-2576.html\/toledo-natalia.jpg-7799.html\/image_large\" \/><\/p>\n<p>la Redacci\u00f3n. (2019). El arte est\u00e1 de luto: L\u00f3pez Obrador. 06\/09\/2019, de La Jornada Sitio web: https:\/\/www.jornada.com.mx\/ultimas\/cultura\/2019\/09\/06\/el-arte-esta-de-luto-lopez-obrador-2576.html<\/p>\n","protected":false},"excerpt":{"rendered":"<p>Viernes 6 de septiembre de 2019.\u00a0No s\u00f3lo el mundo del arte se estremeci\u00f3 ayer con la muerte del artista pl\u00e1stico y luchador social Francisco Toledo. Pol\u00edticos, legisladores, gobernadores y dirigentes de partidos lamentaron el deceso de quien consideraron un icono de la cultura popular, ilustre mexicano y un artista universal. Tras conocerse su fallecimiento la&hellip;<\/p>\n","protected":false},"author":1,"featured_media":0,"comment_status":"closed","ping_status":"open","sticky":false,"template":"","format":"standard","meta":{"_jetpack_memberships_contains_paid_content":false,"footnotes":"","jetpack_publicize_message":"","jetpack_publicize_feature_enabled":true,"jetpack_social_post_already_shared":false,"jetpack_social_options":{"image_generator_settings":{"template":"highway","default_image_id":0,"font":"","enabled":false},"version":2}},"categories":[1],"tags":[],"class_list":["post-6739","post","type-post","status-publish","format-standard","hentry","category-sin-categoria"],"yoast_head":"<!-- This site is optimized with the Yoast SEO plugin v26.3 - https:\/\/yoast.com\/wordpress\/plugins\/seo\/ -->\r\n<title>El arte est\u00e1 de luto: L\u00f3pez Obrador - Difusi\u00f3n Cultural<\/title>\r\n<meta name=\"robots\" content=\"index, follow, max-snippet:-1, max-image-preview:large, max-video-preview:-1\" \/>\r\n<link rel=\"canonical\" href=\"https:\/\/blogs.uninter.edu.mx\/difusioncultural\/?p=6739\" \/>\r\n<meta property=\"og:locale\" content=\"es_MX\" \/>\r\n<meta property=\"og:type\" content=\"article\" \/>\r\n<meta property=\"og:title\" content=\"El arte est\u00e1 de luto: L\u00f3pez Obrador - Difusi\u00f3n Cultural\" \/>\r\n<meta property=\"og:description\" content=\"Viernes 6 de septiembre de 2019.\u00a0No s\u00f3lo el mundo del arte se estremeci\u00f3 ayer con la muerte del artista pl\u00e1stico y luchador social Francisco Toledo. Pol\u00edticos, legisladores, gobernadores y dirigentes de partidos lamentaron el deceso de quien consideraron un icono de la cultura popular, ilustre mexicano y un artista universal. Tras conocerse su fallecimiento la&hellip;\" \/>\r\n<meta property=\"og:url\" content=\"https:\/\/blogs.uninter.edu.mx\/difusioncultural\/?p=6739\" \/>\r\n<meta property=\"og:site_name\" content=\"Difusi\u00f3n Cultural\" \/>\r\n<meta property=\"article:published_time\" content=\"2019-09-06T14:37:10+00:00\" \/>\r\n<meta property=\"og:image\" content=\"https:\/\/www.jornada.com.mx\/ultimas\/2019\/09\/06\/el-arte-esta-de-luto-lopez-obrador-2576.html\/toledo-natalia.jpg-7799.html\/image_large\" \/>\r\n<meta name=\"author\" content=\"webmaster\" \/>\r\n<meta name=\"twitter:card\" content=\"summary_large_image\" \/>\r\n<meta name=\"twitter:label1\" content=\"Escrito por\" \/>\n\t<meta name=\"twitter:data1\" content=\"webmaster\" \/>\n\t<meta name=\"twitter:label2\" content=\"Tiempo de lectura\" \/>\n\t<meta name=\"twitter:data2\" content=\"1 minuto\" \/>\r\n<script type=\"application\/ld+json\" class=\"yoast-schema-graph\">{\"@context\":\"https:\/\/schema.org\",\"@graph\":[{\"@type\":\"Article\",\"@id\":\"https:\/\/blogs.uninter.edu.mx\/difusioncultural\/?p=6739#article\",\"isPartOf\":{\"@id\":\"https:\/\/blogs.uninter.edu.mx\/difusioncultural\/?p=6739\"},\"author\":{\"name\":\"webmaster\",\"@id\":\"https:\/\/blogs.uninter.edu.mx\/difusioncultural\/#\/schema\/person\/37a0926f4dd300a814993fd595abdc4a\"},\"headline\":\"El arte est\u00e1 de luto: L\u00f3pez Obrador\",\"datePublished\":\"2019-09-06T14:37:10+00:00\",\"mainEntityOfPage\":{\"@id\":\"https:\/\/blogs.uninter.edu.mx\/difusioncultural\/?p=6739\"},\"wordCount\":207,\"publisher\":{\"@id\":\"https:\/\/blogs.uninter.edu.mx\/difusioncultural\/#organization\"},\"image\":{\"@id\":\"https:\/\/blogs.uninter.edu.mx\/difusioncultural\/?p=6739#primaryimage\"},\"thumbnailUrl\":\"https:\/\/www.jornada.com.mx\/ultimas\/2019\/09\/06\/el-arte-esta-de-luto-lopez-obrador-2576.html\/toledo-natalia.jpg-7799.html\/image_large\",\"inLanguage\":\"es\"},{\"@type\":\"WebPage\",\"@id\":\"https:\/\/blogs.uninter.edu.mx\/difusioncultural\/?p=6739\",\"url\":\"https:\/\/blogs.uninter.edu.mx\/difusioncultural\/?p=6739\",\"name\":\"El arte est\u00e1 de luto: L\u00f3pez Obrador - Difusi\u00f3n Cultural\",\"isPartOf\":{\"@id\":\"https:\/\/blogs.uninter.edu.mx\/difusioncultural\/#website\"},\"primaryImageOfPage\":{\"@id\":\"https:\/\/blogs.uninter.edu.mx\/difusioncultural\/?p=6739#primaryimage\"},\"image\":{\"@id\":\"https:\/\/blogs.uninter.edu.mx\/difusioncultural\/?p=6739#primaryimage\"},\"thumbnailUrl\":\"https:\/\/www.jornada.com.mx\/ultimas\/2019\/09\/06\/el-arte-esta-de-luto-lopez-obrador-2576.html\/toledo-natalia.jpg-7799.html\/image_large\",\"datePublished\":\"2019-09-06T14:37:10+00:00\",\"breadcrumb\":{\"@id\":\"https:\/\/blogs.uninter.edu.mx\/difusioncultural\/?p=6739#breadcrumb\"},\"inLanguage\":\"es\",\"potentialAction\":[{\"@type\":\"ReadAction\",\"target\":[\"https:\/\/blogs.uninter.edu.mx\/difusioncultural\/?p=6739\"]}]},{\"@type\":\"ImageObject\",\"inLanguage\":\"es\",\"@id\":\"https:\/\/blogs.uninter.edu.mx\/difusioncultural\/?p=6739#primaryimage\",\"url\":\"https:\/\/www.jornada.com.mx\/ultimas\/2019\/09\/06\/el-arte-esta-de-luto-lopez-obrador-2576.html\/toledo-natalia.jpg-7799.html\/image_large\",\"contentUrl\":\"https:\/\/www.jornada.com.mx\/ultimas\/2019\/09\/06\/el-arte-esta-de-luto-lopez-obrador-2576.html\/toledo-natalia.jpg-7799.html\/image_large\"},{\"@type\":\"BreadcrumbList\",\"@id\":\"https:\/\/blogs.uninter.edu.mx\/difusioncultural\/?p=6739#breadcrumb\",\"itemListElement\":[{\"@type\":\"ListItem\",\"position\":1,\"name\":\"Inicio\",\"item\":\"https:\/\/blogs.uninter.edu.mx\/difusioncultural\/\"},{\"@type\":\"ListItem\",\"position\":2,\"name\":\"El arte est\u00e1 de luto: L\u00f3pez Obrador\"}]},{\"@type\":\"WebSite\",\"@id\":\"https:\/\/blogs.uninter.edu.mx\/difusioncultural\/#website\",\"url\":\"https:\/\/blogs.uninter.edu.mx\/difusioncultural\/\",\"name\":\"Difusi\u00f3n Cultural\",\"description\":\"UNINTER\",\"publisher\":{\"@id\":\"https:\/\/blogs.uninter.edu.mx\/difusioncultural\/#organization\"},\"potentialAction\":[{\"@type\":\"SearchAction\",\"target\":{\"@type\":\"EntryPoint\",\"urlTemplate\":\"https:\/\/blogs.uninter.edu.mx\/difusioncultural\/?s={search_term_string}\"},\"query-input\":{\"@type\":\"PropertyValueSpecification\",\"valueRequired\":true,\"valueName\":\"search_term_string\"}}],\"inLanguage\":\"es\"},{\"@type\":\"Organization\",\"@id\":\"https:\/\/blogs.uninter.edu.mx\/difusioncultural\/#organization\",\"name\":\"Difusi\u00f3n Cultural\",\"url\":\"https:\/\/blogs.uninter.edu.mx\/difusioncultural\/\",\"logo\":{\"@type\":\"ImageObject\",\"inLanguage\":\"es\",\"@id\":\"https:\/\/blogs.uninter.edu.mx\/difusioncultural\/#\/schema\/logo\/image\/\",\"url\":\"https:\/\/blogs.uninter.edu.mx\/difusioncultural\/wp-content\/uploads\/2022\/09\/uninter.jpg\",\"contentUrl\":\"https:\/\/blogs.uninter.edu.mx\/difusioncultural\/wp-content\/uploads\/2022\/09\/uninter.jpg\",\"width\":2048,\"height\":2048,\"caption\":\"Difusi\u00f3n Cultural\"},\"image\":{\"@id\":\"https:\/\/blogs.uninter.edu.mx\/difusioncultural\/#\/schema\/logo\/image\/\"}},{\"@type\":\"Person\",\"@id\":\"https:\/\/blogs.uninter.edu.mx\/difusioncultural\/#\/schema\/person\/37a0926f4dd300a814993fd595abdc4a\",\"name\":\"webmaster\",\"image\":{\"@type\":\"ImageObject\",\"inLanguage\":\"es\",\"@id\":\"https:\/\/blogs.uninter.edu.mx\/difusioncultural\/#\/schema\/person\/image\/\",\"url\":\"https:\/\/secure.gravatar.com\/avatar\/a59c276b01147463ef3aab4118e3137ebc5e1ad6700deb39ccdf8b89e517f7dc?s=96&d=mm&r=g\",\"contentUrl\":\"https:\/\/secure.gravatar.com\/avatar\/a59c276b01147463ef3aab4118e3137ebc5e1ad6700deb39ccdf8b89e517f7dc?s=96&d=mm&r=g\",\"caption\":\"webmaster\"},\"sameAs\":[\"https:\/\/blogs.uninter.edu.mx\/difusioncultural\"],\"url\":\"https:\/\/blogs.uninter.edu.mx\/difusioncultural\/?author=1\"}]}<\/script>\r\n<!-- \/ Yoast SEO plugin. -->","yoast_head_json":{"title":"El arte est\u00e1 de luto: L\u00f3pez Obrador - Difusi\u00f3n Cultural","robots":{"index":"index","follow":"follow","max-snippet":"max-snippet:-1","max-image-preview":"max-image-preview:large","max-video-preview":"max-video-preview:-1"},"canonical":"https:\/\/blogs.uninter.edu.mx\/difusioncultural\/?p=6739","og_locale":"es_MX","og_type":"article","og_title":"El arte est\u00e1 de luto: L\u00f3pez Obrador - Difusi\u00f3n Cultural","og_description":"Viernes 6 de septiembre de 2019.\u00a0No s\u00f3lo el mundo del arte se estremeci\u00f3 ayer con la muerte del artista pl\u00e1stico y luchador social Francisco Toledo. Pol\u00edticos, legisladores, gobernadores y dirigentes de partidos lamentaron el deceso de quien consideraron un icono de la cultura popular, ilustre mexicano y un artista universal. Tras conocerse su fallecimiento la&hellip;","og_url":"https:\/\/blogs.uninter.edu.mx\/difusioncultural\/?p=6739","og_site_name":"Difusi\u00f3n Cultural","article_published_time":"2019-09-06T14:37:10+00:00","og_image":[{"url":"https:\/\/www.jornada.com.mx\/ultimas\/2019\/09\/06\/el-arte-esta-de-luto-lopez-obrador-2576.html\/toledo-natalia.jpg-7799.html\/image_large","type":"","width":"","height":""}],"author":"webmaster","twitter_card":"summary_large_image","twitter_misc":{"Escrito por":"webmaster","Tiempo de lectura":"1 minuto"},"schema":{"@context":"https:\/\/schema.org","@graph":[{"@type":"Article","@id":"https:\/\/blogs.uninter.edu.mx\/difusioncultural\/?p=6739#article","isPartOf":{"@id":"https:\/\/blogs.uninter.edu.mx\/difusioncultural\/?p=6739"},"author":{"name":"webmaster","@id":"https:\/\/blogs.uninter.edu.mx\/difusioncultural\/#\/schema\/person\/37a0926f4dd300a814993fd595abdc4a"},"headline":"El arte est\u00e1 de luto: L\u00f3pez Obrador","datePublished":"2019-09-06T14:37:10+00:00","mainEntityOfPage":{"@id":"https:\/\/blogs.uninter.edu.mx\/difusioncultural\/?p=6739"},"wordCount":207,"publisher":{"@id":"https:\/\/blogs.uninter.edu.mx\/difusioncultural\/#organization"},"image":{"@id":"https:\/\/blogs.uninter.edu.mx\/difusioncultural\/?p=6739#primaryimage"},"thumbnailUrl":"https:\/\/www.jornada.com.mx\/ultimas\/2019\/09\/06\/el-arte-esta-de-luto-lopez-obrador-2576.html\/toledo-natalia.jpg-7799.html\/image_large","inLanguage":"es"},{"@type":"WebPage","@id":"https:\/\/blogs.uninter.edu.mx\/difusioncultural\/?p=6739","url":"https:\/\/blogs.uninter.edu.mx\/difusioncultural\/?p=6739","name":"El arte est\u00e1 de luto: L\u00f3pez Obrador - Difusi\u00f3n Cultural","isPartOf":{"@id":"https:\/\/blogs.uninter.edu.mx\/difusioncultural\/#website"},"primaryImageOfPage":{"@id":"https:\/\/blogs.uninter.edu.mx\/difusioncultural\/?p=6739#primaryimage"},"image":{"@id":"https:\/\/blogs.uninter.edu.mx\/difusioncultural\/?p=6739#primaryimage"},"thumbnailUrl":"https:\/\/www.jornada.com.mx\/ultimas\/2019\/09\/06\/el-arte-esta-de-luto-lopez-obrador-2576.html\/toledo-natalia.jpg-7799.html\/image_large","datePublished":"2019-09-06T14:37:10+00:00","breadcrumb":{"@id":"https:\/\/blogs.uninter.edu.mx\/difusioncultural\/?p=6739#breadcrumb"},"inLanguage":"es","potentialAction":[{"@type":"ReadAction","target":["https:\/\/blogs.uninter.edu.mx\/difusioncultural\/?p=6739"]}]},{"@type":"ImageObject","inLanguage":"es","@id":"https:\/\/blogs.uninter.edu.mx\/difusioncultural\/?p=6739#primaryimage","url":"https:\/\/www.jornada.com.mx\/ultimas\/2019\/09\/06\/el-arte-esta-de-luto-lopez-obrador-2576.html\/toledo-natalia.jpg-7799.html\/image_large","contentUrl":"https:\/\/www.jornada.com.mx\/ultimas\/2019\/09\/06\/el-arte-esta-de-luto-lopez-obrador-2576.html\/toledo-natalia.jpg-7799.html\/image_large"},{"@type":"BreadcrumbList","@id":"https:\/\/blogs.uninter.edu.mx\/difusioncultural\/?p=6739#breadcrumb","itemListElement":[{"@type":"ListItem","position":1,"name":"Inicio","item":"https:\/\/blogs.uninter.edu.mx\/difusioncultural\/"},{"@type":"ListItem","position":2,"name":"El arte est\u00e1 de luto: L\u00f3pez Obrador"}]},{"@type":"WebSite","@id":"https:\/\/blogs.uninter.edu.mx\/difusioncultural\/#website","url":"https:\/\/blogs.uninter.edu.mx\/difusioncultural\/","name":"Difusi\u00f3n Cultural","description":"UNINTER","publisher":{"@id":"https:\/\/blogs.uninter.edu.mx\/difusioncultural\/#organization"},"potentialAction":[{"@type":"SearchAction","target":{"@type":"EntryPoint","urlTemplate":"https:\/\/blogs.uninter.edu.mx\/difusioncultural\/?s={search_term_string}"},"query-input":{"@type":"PropertyValueSpecification","valueRequired":true,"valueName":"search_term_string"}}],"inLanguage":"es"},{"@type":"Organization","@id":"https:\/\/blogs.uninter.edu.mx\/difusioncultural\/#organization","name":"Difusi\u00f3n Cultural","url":"https:\/\/blogs.uninter.edu.mx\/difusioncultural\/","logo":{"@type":"ImageObject","inLanguage":"es","@id":"https:\/\/blogs.uninter.edu.mx\/difusioncultural\/#\/schema\/logo\/image\/","url":"https:\/\/blogs.uninter.edu.mx\/difusioncultural\/wp-content\/uploads\/2022\/09\/uninter.jpg","contentUrl":"https:\/\/blogs.uninter.edu.mx\/difusioncultural\/wp-content\/uploads\/2022\/09\/uninter.jpg","width":2048,"height":2048,"caption":"Difusi\u00f3n Cultural"},"image":{"@id":"https:\/\/blogs.uninter.edu.mx\/difusioncultural\/#\/schema\/logo\/image\/"}},{"@type":"Person","@id":"https:\/\/blogs.uninter.edu.mx\/difusioncultural\/#\/schema\/person\/37a0926f4dd300a814993fd595abdc4a","name":"webmaster","image":{"@type":"ImageObject","inLanguage":"es","@id":"https:\/\/blogs.uninter.edu.mx\/difusioncultural\/#\/schema\/person\/image\/","url":"https:\/\/secure.gravatar.com\/avatar\/a59c276b01147463ef3aab4118e3137ebc5e1ad6700deb39ccdf8b89e517f7dc?s=96&d=mm&r=g","contentUrl":"https:\/\/secure.gravatar.com\/avatar\/a59c276b01147463ef3aab4118e3137ebc5e1ad6700deb39ccdf8b89e517f7dc?s=96&d=mm&r=g","caption":"webmaster"},"sameAs":["https:\/\/blogs.uninter.edu.mx\/difusioncultural"],"url":"https:\/\/blogs.uninter.edu.mx\/difusioncultural\/?author=1"}]}},"jetpack_publicize_connections":[],"jetpack_featured_media_url":"","jetpack_sharing_enabled":true,"_links":{"self":[{"href":"https:\/\/blogs.uninter.edu.mx\/difusioncultural\/index.php?rest_route=\/wp\/v2\/posts\/6739","targetHints":{"allow":["GET"]}}],"collection":[{"href":"https:\/\/blogs.uninter.edu.mx\/difusioncultural\/index.php?rest_route=\/wp\/v2\/posts"}],"about":[{"href":"https:\/\/blogs.uninter.edu.mx\/difusioncultural\/index.php?rest_route=\/wp\/v2\/types\/post"}],"author":[{"embeddable":true,"href":"https:\/\/blogs.uninter.edu.mx\/difusioncultural\/index.php?rest_route=\/wp\/v2\/users\/1"}],"replies":[{"embeddable":true,"href":"https:\/\/blogs.uninter.edu.mx\/difusioncultural\/index.php?rest_route=%2Fwp%2Fv2%2Fcomments&post=6739"}],"version-history":[{"count":0,"href":"https:\/\/blogs.uninter.edu.mx\/difusioncultural\/index.php?rest_route=\/wp\/v2\/posts\/6739\/revisions"}],"wp:attachment":[{"href":"https:\/\/blogs.uninter.edu.mx\/difusioncultural\/index.php?rest_route=%2Fwp%2Fv2%2Fmedia&parent=6739"}],"wp:term":[{"taxonomy":"category","embeddable":true,"href":"https:\/\/blogs.uninter.edu.mx\/difusioncultural\/index.php?rest_route=%2Fwp%2Fv2%2Fcategories&post=6739"},{"taxonomy":"post_tag","embeddable":true,"href":"https:\/\/blogs.uninter.edu.mx\/difusioncultural\/index.php?rest_route=%2Fwp%2Fv2%2Ftags&post=6739"}],"curies":[{"name":"wp","href":"https:\/\/api.w.org\/{rel}","templated":true}]}}