{"id":6799,"date":"2019-09-26T09:51:48","date_gmt":"2019-09-26T14:51:48","guid":{"rendered":"https:\/\/difusionculturaluninter.wordpress.com\/?p=6799"},"modified":"2019-09-26T09:51:48","modified_gmt":"2019-09-26T14:51:48","slug":"un-dia-como-hoy-26-de-septiembre-en-la-historia","status":"publish","type":"post","link":"https:\/\/blogs.uninter.edu.mx\/difusioncultural\/?p=6799","title":{"rendered":"Un d\u00eda como hoy: 26 de septiembre en la historia"},"content":{"rendered":"<p>-Hoy\u00a0se conmemora el D\u00eda Internacional para la Eliminaci\u00f3n Total de las Armas Nucleares. Lograr el desarme nuclear a nivel mundial es uno de los objetivos m\u00e1s antiguos de las Naciones Unidas. De hecho, fue el tema de la primera resoluci\u00f3n aprobada por la Asamblea General, en 1946, y ha formado parte de su agenda desde 1959, junto con el desarme general completo; adem\u00e1s, este tema siempre ha contado con el apoyo de todos los secretarios generales de la ONU. Sin embargo, hoy en d\u00eda, todav\u00eda existen unas 14.500 armas nucleares y m\u00e1s de la mitad de la poblaci\u00f3n mundial a\u00fan vive en pa\u00edses que, o bien tienen este tipo de armas, o son miembros de alianzas nucleares. Al d\u00eda de hoy, aunque ha habido importantes reducciones de armas nucleares desplegadas desde el apogeo de la Guerra Fr\u00eda, no se ha destruido f\u00edsicamente ni una sola arma nuclear de conformidad con ning\u00fan tratado. Estos hechos son el fundamento para que la Asamblea General designara el 26 de septiembre como el D\u00eda Internacional para la Eliminaci\u00f3n Total de las Armas Nucleares, d\u00eda que ofrece una ocasi\u00f3n para que la comunidad mundial reafirme su compromiso con el desarme nuclear a nivel mundial como una prioridad y proporcione una oportunidad para educar al p\u00fablico y sus l\u00edderes acerca de los beneficios reales de la eliminaci\u00f3n de este tipo de armas, as\u00ed como los costes sociales y econ\u00f3micos de su perpetuaci\u00f3n.<\/p>\n<p>-Adem\u00e1s\u00a0en Ecuador se celebra el D\u00eda de la Bandera. a historia de la bandera del Ecuador se remonta al 26 de septiembre de 1860, cuando Gabriel Garc\u00eda Moreno, entonces jefe supremo de la Rep\u00fablica del Ecuador, estableci\u00f3, mediante decreto ejecutivo, que la Bandera Nacional conformada por una franja bicolor celeste y blanco que hasta entonces exist\u00eda -adoptada tras la Revoluci\u00f3n Marcista- ser\u00eda reemplazada. A partir de aquel momento estar\u00eda compuesta de los colores amarillo, azul y rojo, con el escudo del Ecuador en el centro para usos oficiales. Este s\u00edmbolo proviene directamente de la bandera de la Gran Colombia.<\/p>\n<p>-1889: nace\u00a0<strong>Martin Heidegger<\/strong>, fil\u00f3sofo alem\u00e1n. Heidegger es considerado uno de los pensadores m\u00e1s influyentes del siglo XX y de la filosof\u00eda contempor\u00e1nea. Tras sus inicios en la teolog\u00eda cat\u00f3lica, desarroll\u00f3 una filosof\u00eda que influy\u00f3 en campos tan diversos como la teor\u00eda literaria, social y pol\u00edtica, el arte y la est\u00e9tica, la arquitectura, la antropolog\u00eda cultural, el dise\u00f1o, el ecologismo, el psicoan\u00e1lisis y la psicoterapia. El tema principal de su obra gira en torno al ser, a trav\u00e9s del m\u00e9todo fenomenol\u00f3gico y se suele dividir en dos etapas: en la primera se refiere al ser y el tiempo; y en la segunda reflexiona de una manera m\u00e1s directa sobre el ser, tocando temas como la poes\u00eda o la t\u00e9cnica.<\/p>\n<p>-1902: muere\u00a0Levi Strauss, empresario germano-americano fundador de Levi Strauss &amp; Co, uno de los mayores fabricantes de prendas de vestir en el mundo (n. 1829). Levi Strauss &amp; Co., mejor conocida como Levi\u2019s, es una empresa privada estadounidense productora de prendas de vestir, mundialmente conocida por ser la primera compa\u00f1\u00eda en la historia en producir pantalones vaqueros o como tambi\u00e9n se les conoce: los jeans. Fue fundada en San Francisco, California (Estados Unidos), en 1853 por Levi Strauss, inmigrante de origen jud\u00edo procedente de Buttenheim, en la regi\u00f3n de Franconia, del estado federado de Baviera, al sur de Alemania. En 1872, Jacob Davis, un sastre nacido en el seno de una familia jud\u00eda, quien le compraba regularmente prendas a Levi, le comunic\u00f3 al fabricante el inconveniente que presentaban sus pantalones: los bolsillos se descos\u00edan f\u00e1cilmente con el duro trabajo de la mina. Ambos encontraron una posible soluci\u00f3n: reforzar las esquinas de los bolsillos con remaches. Juntos solicitaron la patente de este invento y el 20 de mayo de 1873 se les otorg\u00f3 la concesi\u00f3n. As\u00ed naci\u00f3 oficialmente el primer pantal\u00f3n remachado de Levi\u00b4s y se inici\u00f3 la producci\u00f3n de la prenda de vestir m\u00e1s fabricada de todos los tiempos: los jeans.<\/p>\n<p>-1945: nace Bryan Ferry, cantante brit\u00e1nico de rock.<\/p>\n<p>-1948: nace Olivia Newton John, cantante y actriz australiana de origen brit\u00e1nico. Los inicios de Newton-John como cantante se remontan al instituto, en un grupo femenino llamado Sol Four. Su primer \u00e1lbum \u2018If Not For You\u2019 grabado en 1971, lleg\u00f3 a Estados Unidos y consigui\u00f3 tres singles de mediano \u00e9xito: \u2018Banks of the Ohio\u2019, \u2018Me and Bobby McGee\u2019 (versi\u00f3n de una canci\u00f3n ya existente) e \u2018If Not For You\u2019. Como actriz su mayor \u00e9xito fue la pel\u00edcula Grease que protagoniz\u00f3 con John Travolta.<\/p>\n<p>-1956: nace Linda Hamilton, actriz estadounidense. Reconocida por interpretar a Sarah Connor en la saga de \u2018Terminator\u2019.<\/p>\n<p>-1957: en Estados Unidos, se estrena \u2018West Side Story\u2019, de Leonard Bernstein.<\/p>\n<p>-1961: en Estados Unidos,\u00a0Bob Dylan\u00a0hace su debut en p\u00fablico. Bob Dylan conoci\u00f3 a John H. Hammond (productor musical y cazatalentos) el 14 de septiembre de 1961 en un ensayo con Carolyn Hester en el apartamento que compart\u00eda con su por entonces marido, Richard Fari\u00f1a. Hester hab\u00eda invitado a Dylan a la sesi\u00f3n para tocar la arm\u00f3nica, y Hammond lo aprob\u00f3 como m\u00fasico de sesi\u00f3n despu\u00e9s de escucharlo ensayar, con recomendaciones de Liam Clancy y de su propio hijo, John P. Hammond. Hammond coment\u00f3 en una entrevista con Robert Shelton que decidi\u00f3 contratar a Dylan \u00aben el acto\u00bb, y lo invit\u00f3 a las oficinas de Columbia para una prueba m\u00e1s formal. Aunque no existen grabaciones en los archivos de Columbia, tanto Hammond como Mitch Miller, director de A&amp;R de la discogr\u00e1fica, confirmaron que hubo una audici\u00f3n. \u00abSong to Woody\u00bb est\u00e1 dedicada a Woody Guthrie, una de las mayores influencias musicales de Dylan. El 26 de septiembre, Dylan comenz\u00f3 una serie de conciertos en el Gerde\u2019s Folk City, y tres d\u00edas despu\u00e9s, obtuvo una rese\u00f1a excepcionalmente favorable en el New York Times. Su carrera se consolid\u00f3 en 1963 con el \u00e1lbum \u2018The Freewheelin\u2019.<\/p>\n<p>-1967:\u00a0 nace Richard Shannon Hoon, cantante y letrista estadounidense que lider\u00f3 la banda de rock Blind Melon hasta su muerte por sobredosis de coca\u00edna el 21 de octubre de 1995. Con Shannon Hoon, Blind Melon public\u00f3 dos \u00e1lbumes de estudio, \u2018Blind Melon\u2019 y \u2018Soup\u2019, en 1992 y 1995 respectivamente, aunque un a\u00f1o despu\u00e9s de su muerte, sus excompa\u00f1eros editaron el disco \u2018Nico\u2019 con grabaciones descartadas de los anteriores trabajos, que lleva el nombre de la hija de Shannon, Nico Blue. Hoon, cuyo estilo vocal fue comparado a menudo con el de la tambi\u00e9n fallecida Janis Joplin, consigui\u00f3 oponerse al estilo reinante en Los \u00c1ngeles, el hair metal, para componer canciones basadas en el rock de los a\u00f1os 70, con representantes como Led Zeppelin o Grateful Dead.<\/p>\n<p>-1968: nace Jim Caviezel, actor estadounidense. Es conocido internacionalmente por su interpretaci\u00f3n de Jesucristo en la pel\u00edcula \u2018La pasi\u00f3n de Cristo\u2019 (2004) dirigida por #MelGibson. Adem\u00e1s goza de fama por papeles como Edmundo Dant\u00e8s en \u2018The Count of Monte Cristo\u2019 (2002) y por interpretar al soldado Witt en \u2018La delgada l\u00ednea roja\u2019 (1998). En 2009 incursion\u00f3 en la televisi\u00f3n, protagonizando la miniserie \u2018The Prisoner\u2019 de la cadena AMC, un remake donde comparte escena con Ian McKellen. Pero es en 2011 donde obtuvo el papel estelar en una serie con fuerte impacto de audiencia, encarnando a John Reese en el thriller \u2018Person of Interest\u2019.<\/p>\n<p>-1969: en Inglaterra se publica el \u00e1lbum de los\u00a0Beatles,<em>\u00a0Abbey Road<\/em>. \u2018Abbey Road\u2019 es el und\u00e9cimo (duod\u00e9cimo contando el lanzamiento americano del \u00e1lbum Magical Mistery Tour) grabaci\u00f3n de estudio publicada por la banda brit\u00e1nica de rock The Beatles, considerada por muchos su obra cumbre. Las grabaciones de \u2018Abbey Road\u2019 comenzaron en abril de 1969, haciendo de este el \u00faltimo \u00e1lbum grabado por la banda, ya que \u2018Let It Be\u2019, lanzado en 1970, hab\u00eda sido grabado con anterioridad. Fue lanzado el 26 de septiembre de 1969 en el Reino Unido, y el 1 de octubre del mismo a\u00f1o en los Estados Unidos. La portada del \u00e1lbum se convirti\u00f3 en una de las m\u00e1s famosas de la historia de la m\u00fasica, en la cual se representaba a The Beatles cruzando un paso peatonal en el cruce de \u2018Grove End Road\u2019 con la calle \u2018Abbey Road\u2019, frente a los estudios donde se grabaron casi todas sus canciones desde 1962.<\/p>\n<p>-1973: en Francia, el avi\u00f3n Concorde hace su primer cruce del Atl\u00e1ntico sin escalas, en tiempo r\u00e9cord.<\/p>\n<p>-1981: nace Serena Williams, tenista estadounidense. Williams es considerada una de las mejores jugadoras de la historia, gracias a su gran fuerza f\u00edsica y mental y a sus poderosos golpes. Ha ganado un total de 39 t\u00edtulos de Grand Slam (23 de ellos individuales y 14 en dobles junto a su hermana Venus Williams) y 2 en dobles mixtos (ambos junto a Max Mirnyi). Tambi\u00e9n gan\u00f3 23 t\u00edtulos \u2018WTA Tier 1\u2019 y alcanz\u00f3 32 finales. Por otra parte, Serena logr\u00f3 cuatro medallas de oro en los Juegos Ol\u00edmpicos, una Copa Federaci\u00f3n y dos Copa Hopman. Adem\u00e1s, es la \u00fanica tenista en haber completado el Golden Slam de carrera en las dos modalidades (individuales y dobles).<\/p>\n<p>-1982: nace Jessie Pavelka, reconocido experto en fitness, entrenador y presentador estadounidense.<\/p>\n<p>-1997: Bor\u00eds Yeltsin firma la ley de libertad de culto, aunque la Iglesia Ortodoxa mantiene su situaci\u00f3n de privilegio.<\/p>\n<p>-2007: Bungie Studios, junto a Microsoft, saca a la venta Halo 3 para XBOX 360.<\/p>\n<p>-2008: muere Paul Newman, actor, director y productor estadounidense. Newman es ganador de 3 premios Oscar y 4 Globos de Oro. Tras varios papeles de extra, figurante p\u00e9simo y secundario con ning\u00fan papel en varias series de la televisi\u00f3n norteamericana, prueba suerte en el cine. Su primera pel\u00edcula fue \u2018The Silver Chalice\u2019 (\u2018El c\u00e1liz de plata\u2019 en 1954), de V\u00edctor Saville. Su primer \u00e9xito le lleg\u00f3 dos a\u00f1os despu\u00e9s con un filme de enorme repercusi\u00f3n a nivel internacional: \u2018Marcado por el odio\u2019 (1956), de Robert Wise, en el que encarn\u00f3 al boxeador Rocky Graziano.Tambi\u00e9n tuvo una actividad digna de destacar como piloto de automovilismo, siendo ya actor famoso, al alzarse con \u00e9xitos significativos en varias carreras.<\/p>\n","protected":false},"excerpt":{"rendered":"<p>-Hoy\u00a0se conmemora el D\u00eda Internacional para la Eliminaci\u00f3n Total de las Armas Nucleares. Lograr el desarme nuclear a nivel mundial es uno de los objetivos m\u00e1s antiguos de las Naciones Unidas. De hecho, fue el tema de la primera resoluci\u00f3n aprobada por la Asamblea General, en 1946, y ha formado parte de su agenda desde&hellip;<\/p>\n","protected":false},"author":1,"featured_media":0,"comment_status":"closed","ping_status":"open","sticky":false,"template":"","format":"standard","meta":{"_jetpack_memberships_contains_paid_content":false,"footnotes":"","jetpack_publicize_message":"","jetpack_publicize_feature_enabled":true,"jetpack_social_post_already_shared":false,"jetpack_social_options":{"image_generator_settings":{"template":"highway","default_image_id":0,"font":"","enabled":false},"version":2}},"categories":[14],"tags":[],"class_list":["post-6799","post","type-post","status-publish","format-standard","hentry","category-un-dia-como-hoy"],"yoast_head":"<!-- This site is optimized with the Yoast SEO plugin v26.3 - https:\/\/yoast.com\/wordpress\/plugins\/seo\/ -->\r\n<title>Un d\u00eda como hoy: 26 de septiembre en la historia - Difusi\u00f3n Cultural<\/title>\r\n<meta name=\"robots\" content=\"index, follow, max-snippet:-1, max-image-preview:large, max-video-preview:-1\" \/>\r\n<link rel=\"canonical\" href=\"https:\/\/blogs.uninter.edu.mx\/difusioncultural\/?p=6799\" \/>\r\n<meta property=\"og:locale\" content=\"es_MX\" \/>\r\n<meta property=\"og:type\" content=\"article\" \/>\r\n<meta property=\"og:title\" content=\"Un d\u00eda como hoy: 26 de septiembre en la historia - Difusi\u00f3n Cultural\" \/>\r\n<meta property=\"og:description\" content=\"-Hoy\u00a0se conmemora el D\u00eda Internacional para la Eliminaci\u00f3n Total de las Armas Nucleares. Lograr el desarme nuclear a nivel mundial es uno de los objetivos m\u00e1s antiguos de las Naciones Unidas. De hecho, fue el tema de la primera resoluci\u00f3n aprobada por la Asamblea General, en 1946, y ha formado parte de su agenda desde&hellip;\" \/>\r\n<meta property=\"og:url\" content=\"https:\/\/blogs.uninter.edu.mx\/difusioncultural\/?p=6799\" \/>\r\n<meta property=\"og:site_name\" content=\"Difusi\u00f3n Cultural\" \/>\r\n<meta property=\"article:published_time\" content=\"2019-09-26T14:51:48+00:00\" \/>\r\n<meta name=\"author\" content=\"webmaster\" \/>\r\n<meta name=\"twitter:card\" content=\"summary_large_image\" \/>\r\n<meta name=\"twitter:label1\" content=\"Escrito por\" \/>\n\t<meta name=\"twitter:data1\" content=\"webmaster\" \/>\n\t<meta name=\"twitter:label2\" content=\"Tiempo de lectura\" \/>\n\t<meta name=\"twitter:data2\" content=\"9 minutos\" \/>\r\n<script type=\"application\/ld+json\" class=\"yoast-schema-graph\">{\"@context\":\"https:\/\/schema.org\",\"@graph\":[{\"@type\":\"Article\",\"@id\":\"https:\/\/blogs.uninter.edu.mx\/difusioncultural\/?p=6799#article\",\"isPartOf\":{\"@id\":\"https:\/\/blogs.uninter.edu.mx\/difusioncultural\/?p=6799\"},\"author\":{\"name\":\"webmaster\",\"@id\":\"https:\/\/blogs.uninter.edu.mx\/difusioncultural\/#\/schema\/person\/37a0926f4dd300a814993fd595abdc4a\"},\"headline\":\"Un d\u00eda como hoy: 26 de septiembre en la historia\",\"datePublished\":\"2019-09-26T14:51:48+00:00\",\"mainEntityOfPage\":{\"@id\":\"https:\/\/blogs.uninter.edu.mx\/difusioncultural\/?p=6799\"},\"wordCount\":1750,\"publisher\":{\"@id\":\"https:\/\/blogs.uninter.edu.mx\/difusioncultural\/#organization\"},\"articleSection\":[\"un dia como hoy\"],\"inLanguage\":\"es\"},{\"@type\":\"WebPage\",\"@id\":\"https:\/\/blogs.uninter.edu.mx\/difusioncultural\/?p=6799\",\"url\":\"https:\/\/blogs.uninter.edu.mx\/difusioncultural\/?p=6799\",\"name\":\"Un d\u00eda como hoy: 26 de septiembre en la historia - Difusi\u00f3n Cultural\",\"isPartOf\":{\"@id\":\"https:\/\/blogs.uninter.edu.mx\/difusioncultural\/#website\"},\"datePublished\":\"2019-09-26T14:51:48+00:00\",\"breadcrumb\":{\"@id\":\"https:\/\/blogs.uninter.edu.mx\/difusioncultural\/?p=6799#breadcrumb\"},\"inLanguage\":\"es\",\"potentialAction\":[{\"@type\":\"ReadAction\",\"target\":[\"https:\/\/blogs.uninter.edu.mx\/difusioncultural\/?p=6799\"]}]},{\"@type\":\"BreadcrumbList\",\"@id\":\"https:\/\/blogs.uninter.edu.mx\/difusioncultural\/?p=6799#breadcrumb\",\"itemListElement\":[{\"@type\":\"ListItem\",\"position\":1,\"name\":\"Inicio\",\"item\":\"https:\/\/blogs.uninter.edu.mx\/difusioncultural\/\"},{\"@type\":\"ListItem\",\"position\":2,\"name\":\"Un d\u00eda como hoy: 26 de septiembre en la historia\"}]},{\"@type\":\"WebSite\",\"@id\":\"https:\/\/blogs.uninter.edu.mx\/difusioncultural\/#website\",\"url\":\"https:\/\/blogs.uninter.edu.mx\/difusioncultural\/\",\"name\":\"Difusi\u00f3n Cultural\",\"description\":\"UNINTER\",\"publisher\":{\"@id\":\"https:\/\/blogs.uninter.edu.mx\/difusioncultural\/#organization\"},\"potentialAction\":[{\"@type\":\"SearchAction\",\"target\":{\"@type\":\"EntryPoint\",\"urlTemplate\":\"https:\/\/blogs.uninter.edu.mx\/difusioncultural\/?s={search_term_string}\"},\"query-input\":{\"@type\":\"PropertyValueSpecification\",\"valueRequired\":true,\"valueName\":\"search_term_string\"}}],\"inLanguage\":\"es\"},{\"@type\":\"Organization\",\"@id\":\"https:\/\/blogs.uninter.edu.mx\/difusioncultural\/#organization\",\"name\":\"Difusi\u00f3n Cultural\",\"url\":\"https:\/\/blogs.uninter.edu.mx\/difusioncultural\/\",\"logo\":{\"@type\":\"ImageObject\",\"inLanguage\":\"es\",\"@id\":\"https:\/\/blogs.uninter.edu.mx\/difusioncultural\/#\/schema\/logo\/image\/\",\"url\":\"https:\/\/blogs.uninter.edu.mx\/difusioncultural\/wp-content\/uploads\/2022\/09\/uninter.jpg\",\"contentUrl\":\"https:\/\/blogs.uninter.edu.mx\/difusioncultural\/wp-content\/uploads\/2022\/09\/uninter.jpg\",\"width\":2048,\"height\":2048,\"caption\":\"Difusi\u00f3n Cultural\"},\"image\":{\"@id\":\"https:\/\/blogs.uninter.edu.mx\/difusioncultural\/#\/schema\/logo\/image\/\"}},{\"@type\":\"Person\",\"@id\":\"https:\/\/blogs.uninter.edu.mx\/difusioncultural\/#\/schema\/person\/37a0926f4dd300a814993fd595abdc4a\",\"name\":\"webmaster\",\"image\":{\"@type\":\"ImageObject\",\"inLanguage\":\"es\",\"@id\":\"https:\/\/blogs.uninter.edu.mx\/difusioncultural\/#\/schema\/person\/image\/\",\"url\":\"https:\/\/secure.gravatar.com\/avatar\/a59c276b01147463ef3aab4118e3137ebc5e1ad6700deb39ccdf8b89e517f7dc?s=96&d=mm&r=g\",\"contentUrl\":\"https:\/\/secure.gravatar.com\/avatar\/a59c276b01147463ef3aab4118e3137ebc5e1ad6700deb39ccdf8b89e517f7dc?s=96&d=mm&r=g\",\"caption\":\"webmaster\"},\"sameAs\":[\"https:\/\/blogs.uninter.edu.mx\/difusioncultural\"],\"url\":\"https:\/\/blogs.uninter.edu.mx\/difusioncultural\/?author=1\"}]}<\/script>\r\n<!-- \/ Yoast SEO plugin. -->","yoast_head_json":{"title":"Un d\u00eda como hoy: 26 de septiembre en la historia - Difusi\u00f3n Cultural","robots":{"index":"index","follow":"follow","max-snippet":"max-snippet:-1","max-image-preview":"max-image-preview:large","max-video-preview":"max-video-preview:-1"},"canonical":"https:\/\/blogs.uninter.edu.mx\/difusioncultural\/?p=6799","og_locale":"es_MX","og_type":"article","og_title":"Un d\u00eda como hoy: 26 de septiembre en la historia - Difusi\u00f3n Cultural","og_description":"-Hoy\u00a0se conmemora el D\u00eda Internacional para la Eliminaci\u00f3n Total de las Armas Nucleares. Lograr el desarme nuclear a nivel mundial es uno de los objetivos m\u00e1s antiguos de las Naciones Unidas. De hecho, fue el tema de la primera resoluci\u00f3n aprobada por la Asamblea General, en 1946, y ha formado parte de su agenda desde&hellip;","og_url":"https:\/\/blogs.uninter.edu.mx\/difusioncultural\/?p=6799","og_site_name":"Difusi\u00f3n Cultural","article_published_time":"2019-09-26T14:51:48+00:00","author":"webmaster","twitter_card":"summary_large_image","twitter_misc":{"Escrito por":"webmaster","Tiempo de lectura":"9 minutos"},"schema":{"@context":"https:\/\/schema.org","@graph":[{"@type":"Article","@id":"https:\/\/blogs.uninter.edu.mx\/difusioncultural\/?p=6799#article","isPartOf":{"@id":"https:\/\/blogs.uninter.edu.mx\/difusioncultural\/?p=6799"},"author":{"name":"webmaster","@id":"https:\/\/blogs.uninter.edu.mx\/difusioncultural\/#\/schema\/person\/37a0926f4dd300a814993fd595abdc4a"},"headline":"Un d\u00eda como hoy: 26 de septiembre en la historia","datePublished":"2019-09-26T14:51:48+00:00","mainEntityOfPage":{"@id":"https:\/\/blogs.uninter.edu.mx\/difusioncultural\/?p=6799"},"wordCount":1750,"publisher":{"@id":"https:\/\/blogs.uninter.edu.mx\/difusioncultural\/#organization"},"articleSection":["un dia como hoy"],"inLanguage":"es"},{"@type":"WebPage","@id":"https:\/\/blogs.uninter.edu.mx\/difusioncultural\/?p=6799","url":"https:\/\/blogs.uninter.edu.mx\/difusioncultural\/?p=6799","name":"Un d\u00eda como hoy: 26 de septiembre en la historia - Difusi\u00f3n Cultural","isPartOf":{"@id":"https:\/\/blogs.uninter.edu.mx\/difusioncultural\/#website"},"datePublished":"2019-09-26T14:51:48+00:00","breadcrumb":{"@id":"https:\/\/blogs.uninter.edu.mx\/difusioncultural\/?p=6799#breadcrumb"},"inLanguage":"es","potentialAction":[{"@type":"ReadAction","target":["https:\/\/blogs.uninter.edu.mx\/difusioncultural\/?p=6799"]}]},{"@type":"BreadcrumbList","@id":"https:\/\/blogs.uninter.edu.mx\/difusioncultural\/?p=6799#breadcrumb","itemListElement":[{"@type":"ListItem","position":1,"name":"Inicio","item":"https:\/\/blogs.uninter.edu.mx\/difusioncultural\/"},{"@type":"ListItem","position":2,"name":"Un d\u00eda como hoy: 26 de septiembre en la historia"}]},{"@type":"WebSite","@id":"https:\/\/blogs.uninter.edu.mx\/difusioncultural\/#website","url":"https:\/\/blogs.uninter.edu.mx\/difusioncultural\/","name":"Difusi\u00f3n Cultural","description":"UNINTER","publisher":{"@id":"https:\/\/blogs.uninter.edu.mx\/difusioncultural\/#organization"},"potentialAction":[{"@type":"SearchAction","target":{"@type":"EntryPoint","urlTemplate":"https:\/\/blogs.uninter.edu.mx\/difusioncultural\/?s={search_term_string}"},"query-input":{"@type":"PropertyValueSpecification","valueRequired":true,"valueName":"search_term_string"}}],"inLanguage":"es"},{"@type":"Organization","@id":"https:\/\/blogs.uninter.edu.mx\/difusioncultural\/#organization","name":"Difusi\u00f3n Cultural","url":"https:\/\/blogs.uninter.edu.mx\/difusioncultural\/","logo":{"@type":"ImageObject","inLanguage":"es","@id":"https:\/\/blogs.uninter.edu.mx\/difusioncultural\/#\/schema\/logo\/image\/","url":"https:\/\/blogs.uninter.edu.mx\/difusioncultural\/wp-content\/uploads\/2022\/09\/uninter.jpg","contentUrl":"https:\/\/blogs.uninter.edu.mx\/difusioncultural\/wp-content\/uploads\/2022\/09\/uninter.jpg","width":2048,"height":2048,"caption":"Difusi\u00f3n Cultural"},"image":{"@id":"https:\/\/blogs.uninter.edu.mx\/difusioncultural\/#\/schema\/logo\/image\/"}},{"@type":"Person","@id":"https:\/\/blogs.uninter.edu.mx\/difusioncultural\/#\/schema\/person\/37a0926f4dd300a814993fd595abdc4a","name":"webmaster","image":{"@type":"ImageObject","inLanguage":"es","@id":"https:\/\/blogs.uninter.edu.mx\/difusioncultural\/#\/schema\/person\/image\/","url":"https:\/\/secure.gravatar.com\/avatar\/a59c276b01147463ef3aab4118e3137ebc5e1ad6700deb39ccdf8b89e517f7dc?s=96&d=mm&r=g","contentUrl":"https:\/\/secure.gravatar.com\/avatar\/a59c276b01147463ef3aab4118e3137ebc5e1ad6700deb39ccdf8b89e517f7dc?s=96&d=mm&r=g","caption":"webmaster"},"sameAs":["https:\/\/blogs.uninter.edu.mx\/difusioncultural"],"url":"https:\/\/blogs.uninter.edu.mx\/difusioncultural\/?author=1"}]}},"jetpack_publicize_connections":[],"jetpack_featured_media_url":"","jetpack_sharing_enabled":true,"_links":{"self":[{"href":"https:\/\/blogs.uninter.edu.mx\/difusioncultural\/index.php?rest_route=\/wp\/v2\/posts\/6799","targetHints":{"allow":["GET"]}}],"collection":[{"href":"https:\/\/blogs.uninter.edu.mx\/difusioncultural\/index.php?rest_route=\/wp\/v2\/posts"}],"about":[{"href":"https:\/\/blogs.uninter.edu.mx\/difusioncultural\/index.php?rest_route=\/wp\/v2\/types\/post"}],"author":[{"embeddable":true,"href":"https:\/\/blogs.uninter.edu.mx\/difusioncultural\/index.php?rest_route=\/wp\/v2\/users\/1"}],"replies":[{"embeddable":true,"href":"https:\/\/blogs.uninter.edu.mx\/difusioncultural\/index.php?rest_route=%2Fwp%2Fv2%2Fcomments&post=6799"}],"version-history":[{"count":0,"href":"https:\/\/blogs.uninter.edu.mx\/difusioncultural\/index.php?rest_route=\/wp\/v2\/posts\/6799\/revisions"}],"wp:attachment":[{"href":"https:\/\/blogs.uninter.edu.mx\/difusioncultural\/index.php?rest_route=%2Fwp%2Fv2%2Fmedia&parent=6799"}],"wp:term":[{"taxonomy":"category","embeddable":true,"href":"https:\/\/blogs.uninter.edu.mx\/difusioncultural\/index.php?rest_route=%2Fwp%2Fv2%2Fcategories&post=6799"},{"taxonomy":"post_tag","embeddable":true,"href":"https:\/\/blogs.uninter.edu.mx\/difusioncultural\/index.php?rest_route=%2Fwp%2Fv2%2Ftags&post=6799"}],"curies":[{"name":"wp","href":"https:\/\/api.w.org\/{rel}","templated":true}]}}