{"id":6824,"date":"2019-10-02T13:05:24","date_gmt":"2019-10-02T18:05:24","guid":{"rendered":"https:\/\/difusionculturaluninter.wordpress.com\/?p=6824"},"modified":"2019-10-02T13:05:24","modified_gmt":"2019-10-02T18:05:24","slug":"gustavo-dudamel-la-musica-tiene-un-poder-de-transformacion-social","status":"publish","type":"post","link":"https:\/\/blogs.uninter.edu.mx\/difusioncultural\/?p=6824","title":{"rendered":"Gustavo Dudamel: &#8220;La m\u00fasica tiene un poder de transformaci\u00f3n social&#8221;"},"content":{"rendered":"<p>El director de orquesta venezolano ha apadrinado el comienzo del curso en la Escuela Superior de M\u00fasica Reina Sof\u00eda.<\/p>\n<p><img fetchpriority=\"high\" decoding=\"async\" class=\"alignnone size-full wp-image-6826\" src=\"https:\/\/difusionculturaluninter.files.wordpress.com\/2019\/10\/15700263002569.jpg\" alt=\"15700263002569\" width=\"505\" height=\"337\" \/><\/p>\n<p class=\"ue-c-article--first-letter-highlighted\">La\u00a0<strong>Escuela Superior de M\u00fasica Reina Sof\u00eda<\/strong>\u00a0ha comenzado su curso 2019-2020 con un &#8216;padrino&#8217; de primer nivel:\u00a0el director de orquesta venezolano\u00a0<strong>Gustavo Dudamel<\/strong>. Los alumnos del centro fundado por\u00a0<strong>Paloma O&#8217;Shea<\/strong>\u00a0han podido as\u00ed intercambiar ideas y experiencias con alguien que tiene mucho en com\u00fan con ellos, en cuanto figura salida del &#8216;Sistema&#8217; de orquestas venezolano de Jos\u00e9 Antonio Abreu.<\/p>\n<p>&#8220;El hecho de hacer m\u00fasica no se limita a un aspecto t\u00e9cnico&#8221;, ha manifestado Dudamel durante el encuentro con los alumnos en el Auditorio Sony de la Escuela. &#8220;La carrera art\u00edstica es un gran experimento y siempre hay un compartir. Transformamos vidas a trav\u00e9s de la m\u00fasica y \u00e9sta no solo es un hecho est\u00e9tico, art\u00edstico, de entretenimiento. El arte va m\u00e1s all\u00e1. Es un proceso de transformaci\u00f3n entre el p\u00fablico y quien interpreta&#8221;.<\/p>\n<p>En ese sentido, durante los actos de celebraci\u00f3n de inicio del curso, que han comenzado este fin de semana, el director ha querido alinearse con el lema de la escuela:\u00a0<strong>&#8220;Ayudar al desarrollo de los j\u00f3venes de gran talento y acercar la m\u00fasica a la sociedad&#8221;.<\/strong><\/p>\n<p>&#8220;Debemos transformar la visi\u00f3n y educaci\u00f3n misma del arte. Hay que entenderlo como una filosof\u00eda de vida. Vuestro talento como m\u00fasicos es expandible y por eso\u00a0<strong>la m\u00fasica tiene un poder de transformaci\u00f3n grande, en este caso, humano-social<\/strong>&#8220;.<\/p>\n<p>Tambi\u00e9n ha expresado su admiraci\u00f3n hacia el trabajo de Paloma O&#8217;Shea al<strong>\u00a0&#8220;transformar la vida a trav\u00e9s de la m\u00fasica, del arte&#8221;.<\/strong><\/p>\n<p><strong>Fundada en 1991<\/strong>, la Escuela Reina Sof\u00eda cuenta con m\u00e1s de 160 estudiantes de 35 nacionalidades que que reciben una educaci\u00f3n personalizada con grandes profesores, y act\u00faan en las salas de conciertos m\u00e1s prestigiosas, dando como resultado m\u00e1s de 300 conciertos p\u00fablicos que la escuela organiza para sus alumnos. Adem\u00e1s, seg\u00fan detalla un comunicado oficial de la instituci\u00f3n, &#8220;el programa de becas de la escuela permite que ning\u00fan talento sea excluido por cuesti\u00f3n de recursos&#8221;. A lo largo de casi 30 a\u00f1os, han pasado m\u00e1s de 800 m\u00fasicos destacados en todos los pa\u00edses del mundo.<\/p>\n","protected":false},"excerpt":{"rendered":"<p>El director de orquesta venezolano ha apadrinado el comienzo del curso en la Escuela Superior de M\u00fasica Reina Sof\u00eda. La\u00a0Escuela Superior de M\u00fasica Reina Sof\u00eda\u00a0ha comenzado su curso 2019-2020 con un &#8216;padrino&#8217; de primer nivel:\u00a0el director de orquesta venezolano\u00a0Gustavo Dudamel. Los alumnos del centro fundado por\u00a0Paloma O&#8217;Shea\u00a0han podido as\u00ed intercambiar ideas y experiencias con alguien&hellip;<\/p>\n","protected":false},"author":1,"featured_media":6826,"comment_status":"closed","ping_status":"open","sticky":false,"template":"","format":"standard","meta":{"_jetpack_memberships_contains_paid_content":false,"footnotes":"","jetpack_publicize_message":"","jetpack_publicize_feature_enabled":true,"jetpack_social_post_already_shared":false,"jetpack_social_options":{"image_generator_settings":{"template":"highway","default_image_id":0,"font":"","enabled":false},"version":2}},"categories":[1],"tags":[],"class_list":["post-6824","post","type-post","status-publish","format-standard","has-post-thumbnail","hentry","category-sin-categoria"],"yoast_head":"<!-- This site is optimized with the Yoast SEO plugin v26.3 - https:\/\/yoast.com\/wordpress\/plugins\/seo\/ -->\r\n<title>Gustavo Dudamel: &quot;La m\u00fasica tiene un poder de transformaci\u00f3n social&quot; - Difusi\u00f3n Cultural<\/title>\r\n<meta name=\"robots\" content=\"index, follow, max-snippet:-1, max-image-preview:large, max-video-preview:-1\" \/>\r\n<link rel=\"canonical\" href=\"https:\/\/blogs.uninter.edu.mx\/difusioncultural\/?p=6824\" \/>\r\n<meta property=\"og:locale\" content=\"es_MX\" \/>\r\n<meta property=\"og:type\" content=\"article\" \/>\r\n<meta property=\"og:title\" content=\"Gustavo Dudamel: &quot;La m\u00fasica tiene un poder de transformaci\u00f3n social&quot; - Difusi\u00f3n Cultural\" \/>\r\n<meta property=\"og:description\" content=\"El director de orquesta venezolano ha apadrinado el comienzo del curso en la Escuela Superior de M\u00fasica Reina Sof\u00eda. La\u00a0Escuela Superior de M\u00fasica Reina Sof\u00eda\u00a0ha comenzado su curso 2019-2020 con un &#8216;padrino&#8217; de primer nivel:\u00a0el director de orquesta venezolano\u00a0Gustavo Dudamel. Los alumnos del centro fundado por\u00a0Paloma O&#8217;Shea\u00a0han podido as\u00ed intercambiar ideas y experiencias con alguien&hellip;\" \/>\r\n<meta property=\"og:url\" content=\"https:\/\/blogs.uninter.edu.mx\/difusioncultural\/?p=6824\" \/>\r\n<meta property=\"og:site_name\" content=\"Difusi\u00f3n Cultural\" \/>\r\n<meta property=\"article:published_time\" content=\"2019-10-02T18:05:24+00:00\" \/>\r\n<meta property=\"og:image\" content=\"https:\/\/blogs.uninter.edu.mx\/difusioncultural\/wp-content\/uploads\/2019\/10\/15700263002569.jpg\" \/>\r\n\t<meta property=\"og:image:width\" content=\"505\" \/>\r\n\t<meta property=\"og:image:height\" content=\"337\" \/>\r\n\t<meta property=\"og:image:type\" content=\"image\/jpeg\" \/>\r\n<meta name=\"author\" content=\"webmaster\" \/>\r\n<meta name=\"twitter:card\" content=\"summary_large_image\" \/>\r\n<meta name=\"twitter:label1\" content=\"Escrito por\" \/>\n\t<meta name=\"twitter:data1\" content=\"webmaster\" \/>\n\t<meta name=\"twitter:label2\" content=\"Tiempo de lectura\" \/>\n\t<meta name=\"twitter:data2\" content=\"2 minutos\" \/>\r\n<script type=\"application\/ld+json\" class=\"yoast-schema-graph\">{\"@context\":\"https:\/\/schema.org\",\"@graph\":[{\"@type\":\"Article\",\"@id\":\"https:\/\/blogs.uninter.edu.mx\/difusioncultural\/?p=6824#article\",\"isPartOf\":{\"@id\":\"https:\/\/blogs.uninter.edu.mx\/difusioncultural\/?p=6824\"},\"author\":{\"name\":\"webmaster\",\"@id\":\"https:\/\/blogs.uninter.edu.mx\/difusioncultural\/#\/schema\/person\/37a0926f4dd300a814993fd595abdc4a\"},\"headline\":\"Gustavo Dudamel: &#8220;La m\u00fasica tiene un poder de transformaci\u00f3n social&#8221;\",\"datePublished\":\"2019-10-02T18:05:24+00:00\",\"mainEntityOfPage\":{\"@id\":\"https:\/\/blogs.uninter.edu.mx\/difusioncultural\/?p=6824\"},\"wordCount\":408,\"publisher\":{\"@id\":\"https:\/\/blogs.uninter.edu.mx\/difusioncultural\/#organization\"},\"image\":{\"@id\":\"https:\/\/blogs.uninter.edu.mx\/difusioncultural\/?p=6824#primaryimage\"},\"thumbnailUrl\":\"https:\/\/blogs.uninter.edu.mx\/difusioncultural\/wp-content\/uploads\/2019\/10\/15700263002569.jpg\",\"inLanguage\":\"es\"},{\"@type\":\"WebPage\",\"@id\":\"https:\/\/blogs.uninter.edu.mx\/difusioncultural\/?p=6824\",\"url\":\"https:\/\/blogs.uninter.edu.mx\/difusioncultural\/?p=6824\",\"name\":\"Gustavo Dudamel: \\\"La m\u00fasica tiene un poder de transformaci\u00f3n social\\\" - Difusi\u00f3n Cultural\",\"isPartOf\":{\"@id\":\"https:\/\/blogs.uninter.edu.mx\/difusioncultural\/#website\"},\"primaryImageOfPage\":{\"@id\":\"https:\/\/blogs.uninter.edu.mx\/difusioncultural\/?p=6824#primaryimage\"},\"image\":{\"@id\":\"https:\/\/blogs.uninter.edu.mx\/difusioncultural\/?p=6824#primaryimage\"},\"thumbnailUrl\":\"https:\/\/blogs.uninter.edu.mx\/difusioncultural\/wp-content\/uploads\/2019\/10\/15700263002569.jpg\",\"datePublished\":\"2019-10-02T18:05:24+00:00\",\"breadcrumb\":{\"@id\":\"https:\/\/blogs.uninter.edu.mx\/difusioncultural\/?p=6824#breadcrumb\"},\"inLanguage\":\"es\",\"potentialAction\":[{\"@type\":\"ReadAction\",\"target\":[\"https:\/\/blogs.uninter.edu.mx\/difusioncultural\/?p=6824\"]}]},{\"@type\":\"ImageObject\",\"inLanguage\":\"es\",\"@id\":\"https:\/\/blogs.uninter.edu.mx\/difusioncultural\/?p=6824#primaryimage\",\"url\":\"https:\/\/blogs.uninter.edu.mx\/difusioncultural\/wp-content\/uploads\/2019\/10\/15700263002569.jpg\",\"contentUrl\":\"https:\/\/blogs.uninter.edu.mx\/difusioncultural\/wp-content\/uploads\/2019\/10\/15700263002569.jpg\",\"width\":505,\"height\":337},{\"@type\":\"BreadcrumbList\",\"@id\":\"https:\/\/blogs.uninter.edu.mx\/difusioncultural\/?p=6824#breadcrumb\",\"itemListElement\":[{\"@type\":\"ListItem\",\"position\":1,\"name\":\"Inicio\",\"item\":\"https:\/\/blogs.uninter.edu.mx\/difusioncultural\/\"},{\"@type\":\"ListItem\",\"position\":2,\"name\":\"Gustavo Dudamel: &#8220;La m\u00fasica tiene un poder de transformaci\u00f3n social&#8221;\"}]},{\"@type\":\"WebSite\",\"@id\":\"https:\/\/blogs.uninter.edu.mx\/difusioncultural\/#website\",\"url\":\"https:\/\/blogs.uninter.edu.mx\/difusioncultural\/\",\"name\":\"Difusi\u00f3n Cultural\",\"description\":\"UNINTER\",\"publisher\":{\"@id\":\"https:\/\/blogs.uninter.edu.mx\/difusioncultural\/#organization\"},\"potentialAction\":[{\"@type\":\"SearchAction\",\"target\":{\"@type\":\"EntryPoint\",\"urlTemplate\":\"https:\/\/blogs.uninter.edu.mx\/difusioncultural\/?s={search_term_string}\"},\"query-input\":{\"@type\":\"PropertyValueSpecification\",\"valueRequired\":true,\"valueName\":\"search_term_string\"}}],\"inLanguage\":\"es\"},{\"@type\":\"Organization\",\"@id\":\"https:\/\/blogs.uninter.edu.mx\/difusioncultural\/#organization\",\"name\":\"Difusi\u00f3n Cultural\",\"url\":\"https:\/\/blogs.uninter.edu.mx\/difusioncultural\/\",\"logo\":{\"@type\":\"ImageObject\",\"inLanguage\":\"es\",\"@id\":\"https:\/\/blogs.uninter.edu.mx\/difusioncultural\/#\/schema\/logo\/image\/\",\"url\":\"https:\/\/blogs.uninter.edu.mx\/difusioncultural\/wp-content\/uploads\/2022\/09\/uninter.jpg\",\"contentUrl\":\"https:\/\/blogs.uninter.edu.mx\/difusioncultural\/wp-content\/uploads\/2022\/09\/uninter.jpg\",\"width\":2048,\"height\":2048,\"caption\":\"Difusi\u00f3n Cultural\"},\"image\":{\"@id\":\"https:\/\/blogs.uninter.edu.mx\/difusioncultural\/#\/schema\/logo\/image\/\"}},{\"@type\":\"Person\",\"@id\":\"https:\/\/blogs.uninter.edu.mx\/difusioncultural\/#\/schema\/person\/37a0926f4dd300a814993fd595abdc4a\",\"name\":\"webmaster\",\"image\":{\"@type\":\"ImageObject\",\"inLanguage\":\"es\",\"@id\":\"https:\/\/blogs.uninter.edu.mx\/difusioncultural\/#\/schema\/person\/image\/\",\"url\":\"https:\/\/secure.gravatar.com\/avatar\/a59c276b01147463ef3aab4118e3137ebc5e1ad6700deb39ccdf8b89e517f7dc?s=96&d=mm&r=g\",\"contentUrl\":\"https:\/\/secure.gravatar.com\/avatar\/a59c276b01147463ef3aab4118e3137ebc5e1ad6700deb39ccdf8b89e517f7dc?s=96&d=mm&r=g\",\"caption\":\"webmaster\"},\"sameAs\":[\"https:\/\/blogs.uninter.edu.mx\/difusioncultural\"],\"url\":\"https:\/\/blogs.uninter.edu.mx\/difusioncultural\/?author=1\"}]}<\/script>\r\n<!-- \/ Yoast SEO plugin. -->","yoast_head_json":{"title":"Gustavo Dudamel: \"La m\u00fasica tiene un poder de transformaci\u00f3n social\" - Difusi\u00f3n Cultural","robots":{"index":"index","follow":"follow","max-snippet":"max-snippet:-1","max-image-preview":"max-image-preview:large","max-video-preview":"max-video-preview:-1"},"canonical":"https:\/\/blogs.uninter.edu.mx\/difusioncultural\/?p=6824","og_locale":"es_MX","og_type":"article","og_title":"Gustavo Dudamel: \"La m\u00fasica tiene un poder de transformaci\u00f3n social\" - Difusi\u00f3n Cultural","og_description":"El director de orquesta venezolano ha apadrinado el comienzo del curso en la Escuela Superior de M\u00fasica Reina Sof\u00eda. La\u00a0Escuela Superior de M\u00fasica Reina Sof\u00eda\u00a0ha comenzado su curso 2019-2020 con un &#8216;padrino&#8217; de primer nivel:\u00a0el director de orquesta venezolano\u00a0Gustavo Dudamel. Los alumnos del centro fundado por\u00a0Paloma O&#8217;Shea\u00a0han podido as\u00ed intercambiar ideas y experiencias con alguien&hellip;","og_url":"https:\/\/blogs.uninter.edu.mx\/difusioncultural\/?p=6824","og_site_name":"Difusi\u00f3n Cultural","article_published_time":"2019-10-02T18:05:24+00:00","og_image":[{"width":505,"height":337,"url":"https:\/\/blogs.uninter.edu.mx\/difusioncultural\/wp-content\/uploads\/2019\/10\/15700263002569.jpg","type":"image\/jpeg"}],"author":"webmaster","twitter_card":"summary_large_image","twitter_misc":{"Escrito por":"webmaster","Tiempo de lectura":"2 minutos"},"schema":{"@context":"https:\/\/schema.org","@graph":[{"@type":"Article","@id":"https:\/\/blogs.uninter.edu.mx\/difusioncultural\/?p=6824#article","isPartOf":{"@id":"https:\/\/blogs.uninter.edu.mx\/difusioncultural\/?p=6824"},"author":{"name":"webmaster","@id":"https:\/\/blogs.uninter.edu.mx\/difusioncultural\/#\/schema\/person\/37a0926f4dd300a814993fd595abdc4a"},"headline":"Gustavo Dudamel: &#8220;La m\u00fasica tiene un poder de transformaci\u00f3n social&#8221;","datePublished":"2019-10-02T18:05:24+00:00","mainEntityOfPage":{"@id":"https:\/\/blogs.uninter.edu.mx\/difusioncultural\/?p=6824"},"wordCount":408,"publisher":{"@id":"https:\/\/blogs.uninter.edu.mx\/difusioncultural\/#organization"},"image":{"@id":"https:\/\/blogs.uninter.edu.mx\/difusioncultural\/?p=6824#primaryimage"},"thumbnailUrl":"https:\/\/blogs.uninter.edu.mx\/difusioncultural\/wp-content\/uploads\/2019\/10\/15700263002569.jpg","inLanguage":"es"},{"@type":"WebPage","@id":"https:\/\/blogs.uninter.edu.mx\/difusioncultural\/?p=6824","url":"https:\/\/blogs.uninter.edu.mx\/difusioncultural\/?p=6824","name":"Gustavo Dudamel: \"La m\u00fasica tiene un poder de transformaci\u00f3n social\" - Difusi\u00f3n Cultural","isPartOf":{"@id":"https:\/\/blogs.uninter.edu.mx\/difusioncultural\/#website"},"primaryImageOfPage":{"@id":"https:\/\/blogs.uninter.edu.mx\/difusioncultural\/?p=6824#primaryimage"},"image":{"@id":"https:\/\/blogs.uninter.edu.mx\/difusioncultural\/?p=6824#primaryimage"},"thumbnailUrl":"https:\/\/blogs.uninter.edu.mx\/difusioncultural\/wp-content\/uploads\/2019\/10\/15700263002569.jpg","datePublished":"2019-10-02T18:05:24+00:00","breadcrumb":{"@id":"https:\/\/blogs.uninter.edu.mx\/difusioncultural\/?p=6824#breadcrumb"},"inLanguage":"es","potentialAction":[{"@type":"ReadAction","target":["https:\/\/blogs.uninter.edu.mx\/difusioncultural\/?p=6824"]}]},{"@type":"ImageObject","inLanguage":"es","@id":"https:\/\/blogs.uninter.edu.mx\/difusioncultural\/?p=6824#primaryimage","url":"https:\/\/blogs.uninter.edu.mx\/difusioncultural\/wp-content\/uploads\/2019\/10\/15700263002569.jpg","contentUrl":"https:\/\/blogs.uninter.edu.mx\/difusioncultural\/wp-content\/uploads\/2019\/10\/15700263002569.jpg","width":505,"height":337},{"@type":"BreadcrumbList","@id":"https:\/\/blogs.uninter.edu.mx\/difusioncultural\/?p=6824#breadcrumb","itemListElement":[{"@type":"ListItem","position":1,"name":"Inicio","item":"https:\/\/blogs.uninter.edu.mx\/difusioncultural\/"},{"@type":"ListItem","position":2,"name":"Gustavo Dudamel: &#8220;La m\u00fasica tiene un poder de transformaci\u00f3n social&#8221;"}]},{"@type":"WebSite","@id":"https:\/\/blogs.uninter.edu.mx\/difusioncultural\/#website","url":"https:\/\/blogs.uninter.edu.mx\/difusioncultural\/","name":"Difusi\u00f3n Cultural","description":"UNINTER","publisher":{"@id":"https:\/\/blogs.uninter.edu.mx\/difusioncultural\/#organization"},"potentialAction":[{"@type":"SearchAction","target":{"@type":"EntryPoint","urlTemplate":"https:\/\/blogs.uninter.edu.mx\/difusioncultural\/?s={search_term_string}"},"query-input":{"@type":"PropertyValueSpecification","valueRequired":true,"valueName":"search_term_string"}}],"inLanguage":"es"},{"@type":"Organization","@id":"https:\/\/blogs.uninter.edu.mx\/difusioncultural\/#organization","name":"Difusi\u00f3n Cultural","url":"https:\/\/blogs.uninter.edu.mx\/difusioncultural\/","logo":{"@type":"ImageObject","inLanguage":"es","@id":"https:\/\/blogs.uninter.edu.mx\/difusioncultural\/#\/schema\/logo\/image\/","url":"https:\/\/blogs.uninter.edu.mx\/difusioncultural\/wp-content\/uploads\/2022\/09\/uninter.jpg","contentUrl":"https:\/\/blogs.uninter.edu.mx\/difusioncultural\/wp-content\/uploads\/2022\/09\/uninter.jpg","width":2048,"height":2048,"caption":"Difusi\u00f3n Cultural"},"image":{"@id":"https:\/\/blogs.uninter.edu.mx\/difusioncultural\/#\/schema\/logo\/image\/"}},{"@type":"Person","@id":"https:\/\/blogs.uninter.edu.mx\/difusioncultural\/#\/schema\/person\/37a0926f4dd300a814993fd595abdc4a","name":"webmaster","image":{"@type":"ImageObject","inLanguage":"es","@id":"https:\/\/blogs.uninter.edu.mx\/difusioncultural\/#\/schema\/person\/image\/","url":"https:\/\/secure.gravatar.com\/avatar\/a59c276b01147463ef3aab4118e3137ebc5e1ad6700deb39ccdf8b89e517f7dc?s=96&d=mm&r=g","contentUrl":"https:\/\/secure.gravatar.com\/avatar\/a59c276b01147463ef3aab4118e3137ebc5e1ad6700deb39ccdf8b89e517f7dc?s=96&d=mm&r=g","caption":"webmaster"},"sameAs":["https:\/\/blogs.uninter.edu.mx\/difusioncultural"],"url":"https:\/\/blogs.uninter.edu.mx\/difusioncultural\/?author=1"}]}},"jetpack_publicize_connections":[],"jetpack_featured_media_url":"https:\/\/blogs.uninter.edu.mx\/difusioncultural\/wp-content\/uploads\/2019\/10\/15700263002569.jpg","jetpack_sharing_enabled":true,"_links":{"self":[{"href":"https:\/\/blogs.uninter.edu.mx\/difusioncultural\/index.php?rest_route=\/wp\/v2\/posts\/6824","targetHints":{"allow":["GET"]}}],"collection":[{"href":"https:\/\/blogs.uninter.edu.mx\/difusioncultural\/index.php?rest_route=\/wp\/v2\/posts"}],"about":[{"href":"https:\/\/blogs.uninter.edu.mx\/difusioncultural\/index.php?rest_route=\/wp\/v2\/types\/post"}],"author":[{"embeddable":true,"href":"https:\/\/blogs.uninter.edu.mx\/difusioncultural\/index.php?rest_route=\/wp\/v2\/users\/1"}],"replies":[{"embeddable":true,"href":"https:\/\/blogs.uninter.edu.mx\/difusioncultural\/index.php?rest_route=%2Fwp%2Fv2%2Fcomments&post=6824"}],"version-history":[{"count":0,"href":"https:\/\/blogs.uninter.edu.mx\/difusioncultural\/index.php?rest_route=\/wp\/v2\/posts\/6824\/revisions"}],"wp:featuredmedia":[{"embeddable":true,"href":"https:\/\/blogs.uninter.edu.mx\/difusioncultural\/index.php?rest_route=\/wp\/v2\/media\/6826"}],"wp:attachment":[{"href":"https:\/\/blogs.uninter.edu.mx\/difusioncultural\/index.php?rest_route=%2Fwp%2Fv2%2Fmedia&parent=6824"}],"wp:term":[{"taxonomy":"category","embeddable":true,"href":"https:\/\/blogs.uninter.edu.mx\/difusioncultural\/index.php?rest_route=%2Fwp%2Fv2%2Fcategories&post=6824"},{"taxonomy":"post_tag","embeddable":true,"href":"https:\/\/blogs.uninter.edu.mx\/difusioncultural\/index.php?rest_route=%2Fwp%2Fv2%2Ftags&post=6824"}],"curies":[{"name":"wp","href":"https:\/\/api.w.org\/{rel}","templated":true}]}}