{"id":6844,"date":"2019-10-07T09:30:32","date_gmt":"2019-10-07T14:30:32","guid":{"rendered":"https:\/\/difusionculturaluninter.wordpress.com\/?p=6844"},"modified":"2019-10-07T09:30:32","modified_gmt":"2019-10-07T14:30:32","slug":"si-la-luna-fuera-de-pulque-un-precioso-mito-ilustrado","status":"publish","type":"post","link":"https:\/\/blogs.uninter.edu.mx\/difusioncultural\/?p=6844","title":{"rendered":"Si la Luna fuera de Pulque: un precioso mito ilustrado"},"content":{"rendered":"<p><b>Los mitos mexicanos son absolutamente entra\u00f1ables.<\/b>\u00a0Especialmente porque\u00a0<b>resguardan en su interior una conexi\u00f3n indeleble con la naturaleza<\/b>\u00a0y las formas de vida que la conforman; particularmente con<b>\u00a0los animales y las plantas<\/b>. Hay muchas leyendas antiguas en donde los animales son los protagonistas y de sus acciones dependen distintos ciclos o posibilidades del mundo.<\/p>\n<p>Entre ellas hay\u00a0<b>una explicaci\u00f3n preciosa que da raz\u00f3n a las fases lunares<\/b>. En su versi\u00f3n, son<b>\u00a0las disputas entre el conejo y el tlacuache lo que las determina<\/b>. Ambos\u00a0<b>animales\u00a0<\/b>son<b>\u00a0vitales en la cosmogon\u00eda nahua<\/b>.<\/p>\n<p>Al\u00a0<b>tlacuache<\/b>, por su parte\u00a0siempre\u00a0<b>se le relaciona con el acto de robar, con la picard\u00eda, la fiesta<\/b>\u00a0<b>y la embriaguez<\/b>\u00a0como cuenta\u00a0<a href=\"https:\/\/antropologiawordpress.files.wordpress.com\/2016\/11\/321617304-los-mitos-del-tlacuache-pdf1.pdf\" target=\"_blank\" rel=\"noopener noreferrer\">Alfredo L\u00f3pez Austin<\/a>\u00a0en su libro \u201cLos mitos del tlacuache\u201d.<\/p>\n<p><b>El pulque es su punto de encuentro con el conejo.<\/b>\u00a0El tlacuache gusta beberlo, pero el conejo es una suerte de deidad que lo domina. De hecho, deidades del pulque hay 400, todas representadas por conejos.<\/p>\n<p><img decoding=\"async\" src=\"https:\/\/masdemx.com\/wp-content\/uploads\/2019\/05\/Captura-de-pantalla-2019-05-30-a-las-16.22.06.jpg\" alt=\"mito-mexicano-mexico-conejo-luna-pulque-tlacuache\" \/><\/p>\n<p><img decoding=\"async\" src=\"https:\/\/masdemx.com\/wp-content\/uploads\/2019\/05\/Captura-de-pantalla-2019-05-30-a-las-16.22.15.jpg\" alt=\"mito-mexicano-mexico-conejo-luna-pulque-tlacuache\" \/><\/p>\n<p><b>Y entre el conejo y la Luna tambi\u00e9n hay una relaci\u00f3n muy cercana<\/b>.\u00a0<a href=\"https:\/\/masdemx.com\/2016\/06\/la-leyenda-del-conejo-en-la-luna\/\" target=\"_blank\" rel=\"noopener noreferrer\">No solo est\u00e1 estampado el animal en el astro<\/a>: ambos est\u00e1n\u00a0<b>asociados a la fertilidad<\/b>, igual que la blanca bebida embriagante. .<a href=\"https:\/\/masdemorelos.masdemx.com\/2018\/02\/morelos-pulque-bebidas-tradicionales-beneficios-historia\/\" target=\"_blank\" rel=\"noopener noreferrer\">\u00a0Otra leyenda cuenta que\u00a0<b>la Luna es una olla llena de pulque<\/b><\/a><b>, que se va vaciando para fertilizar la tierra<\/b>.<\/p>\n<p><b>Relata David \u00c1lvarez<\/b>\u00a0con sus delicadas ilustraciones que<b>\u00a0el conejo la hace de tlachiquero y extrae el aguamiel<\/b>\u00a0para\u00a0<b>rellenar de pulque la olla de la Luna<\/b>; pero el\u00a0<b>tlacuache<\/b>, ingenioso ladr\u00f3n,<b>\u00a0perfora la olla y se bebe el brillante l\u00edquido<\/b>.<\/p>\n<p><img decoding=\"async\" src=\"https:\/\/masdemx.com\/wp-content\/uploads\/2019\/05\/Captura-de-pantalla-2019-05-30-a-las-16.21.34.jpg\" alt=\"mito-mexicano-mexico-conejo-luna-pulque-tlacuache\" \/><\/p>\n<p><img decoding=\"async\" src=\"https:\/\/masdemx.com\/wp-content\/uploads\/2019\/05\/Captura-de-pantalla-2019-05-30-a-las-16.21.53.jpg\" alt=\"mito-mexicano-mexico-conejo-luna-pulque-tlacuache\" \/><\/p>\n<p><img decoding=\"async\" src=\"https:\/\/masdemx.com\/wp-content\/uploads\/2019\/05\/Captura-de-pantalla-2019-05-30-a-las-16.21.09.jpg\" alt=\"mito-mexicano-mexico-conejo-luna-pulque-tlacuache\" \/><\/p>\n<p>La explicaci\u00f3n podr\u00eda sonarnos infantil, pero, apreciada desde una \u00f3ptica m\u00e1s sensible puede ser un recordatorio de que hay fuerzas ajenas a nosotros que se encargan de mantener activos esos fen\u00f3menos de la naturaleza que nos embelesan. Y tiene sentido tratarlos con la ternura con la que David \u00c1lvarez trat\u00f3 a estas leyendas.<\/p>\n<p>Fuente: masdemx.com<\/p>\n<p>&nbsp;<\/p>\n","protected":false},"excerpt":{"rendered":"<p>Los mitos mexicanos son absolutamente entra\u00f1ables.\u00a0Especialmente porque\u00a0resguardan en su interior una conexi\u00f3n indeleble con la naturaleza\u00a0y las formas de vida que la conforman; particularmente con\u00a0los animales y las plantas. Hay muchas leyendas antiguas en donde los animales son los protagonistas y de sus acciones dependen distintos ciclos o posibilidades del mundo. Entre ellas hay\u00a0una explicaci\u00f3n&hellip;<\/p>\n","protected":false},"author":1,"featured_media":6853,"comment_status":"closed","ping_status":"open","sticky":false,"template":"","format":"standard","meta":{"_jetpack_memberships_contains_paid_content":false,"footnotes":"","jetpack_publicize_message":"","jetpack_publicize_feature_enabled":true,"jetpack_social_post_already_shared":false,"jetpack_social_options":{"image_generator_settings":{"template":"highway","default_image_id":0,"font":"","enabled":false},"version":2}},"categories":[1],"tags":[],"class_list":["post-6844","post","type-post","status-publish","format-standard","has-post-thumbnail","hentry","category-sin-categoria"],"yoast_head":"<!-- This site is optimized with the Yoast SEO plugin v26.3 - https:\/\/yoast.com\/wordpress\/plugins\/seo\/ -->\r\n<title>Si la Luna fuera de Pulque: un precioso mito ilustrado - Difusi\u00f3n Cultural<\/title>\r\n<meta name=\"robots\" content=\"index, follow, max-snippet:-1, max-image-preview:large, max-video-preview:-1\" \/>\r\n<link rel=\"canonical\" href=\"https:\/\/blogs.uninter.edu.mx\/difusioncultural\/?p=6844\" \/>\r\n<meta property=\"og:locale\" content=\"es_MX\" \/>\r\n<meta property=\"og:type\" content=\"article\" \/>\r\n<meta property=\"og:title\" content=\"Si la Luna fuera de Pulque: un precioso mito ilustrado - Difusi\u00f3n Cultural\" \/>\r\n<meta property=\"og:description\" content=\"Los mitos mexicanos son absolutamente entra\u00f1ables.\u00a0Especialmente porque\u00a0resguardan en su interior una conexi\u00f3n indeleble con la naturaleza\u00a0y las formas de vida que la conforman; particularmente con\u00a0los animales y las plantas. Hay muchas leyendas antiguas en donde los animales son los protagonistas y de sus acciones dependen distintos ciclos o posibilidades del mundo. Entre ellas hay\u00a0una explicaci\u00f3n&hellip;\" \/>\r\n<meta property=\"og:url\" content=\"https:\/\/blogs.uninter.edu.mx\/difusioncultural\/?p=6844\" \/>\r\n<meta property=\"og:site_name\" content=\"Difusi\u00f3n Cultural\" \/>\r\n<meta property=\"article:published_time\" content=\"2019-10-07T14:30:32+00:00\" \/>\r\n<meta property=\"og:image\" content=\"https:\/\/blogs.uninter.edu.mx\/difusioncultural\/wp-content\/uploads\/2019\/10\/luna-de-pulque.jpg\" \/>\r\n\t<meta property=\"og:image:width\" content=\"984\" \/>\r\n\t<meta property=\"og:image:height\" content=\"664\" \/>\r\n\t<meta property=\"og:image:type\" content=\"image\/jpeg\" \/>\r\n<meta name=\"author\" content=\"webmaster\" \/>\r\n<meta name=\"twitter:card\" content=\"summary_large_image\" \/>\r\n<meta name=\"twitter:label1\" content=\"Escrito por\" \/>\n\t<meta name=\"twitter:data1\" content=\"webmaster\" \/>\n\t<meta name=\"twitter:label2\" content=\"Tiempo de lectura\" \/>\n\t<meta name=\"twitter:data2\" content=\"2 minutos\" \/>\r\n<script type=\"application\/ld+json\" class=\"yoast-schema-graph\">{\"@context\":\"https:\/\/schema.org\",\"@graph\":[{\"@type\":\"Article\",\"@id\":\"https:\/\/blogs.uninter.edu.mx\/difusioncultural\/?p=6844#article\",\"isPartOf\":{\"@id\":\"https:\/\/blogs.uninter.edu.mx\/difusioncultural\/?p=6844\"},\"author\":{\"name\":\"webmaster\",\"@id\":\"https:\/\/blogs.uninter.edu.mx\/difusioncultural\/#\/schema\/person\/37a0926f4dd300a814993fd595abdc4a\"},\"headline\":\"Si la Luna fuera de Pulque: un precioso mito ilustrado\",\"datePublished\":\"2019-10-07T14:30:32+00:00\",\"mainEntityOfPage\":{\"@id\":\"https:\/\/blogs.uninter.edu.mx\/difusioncultural\/?p=6844\"},\"wordCount\":340,\"publisher\":{\"@id\":\"https:\/\/blogs.uninter.edu.mx\/difusioncultural\/#organization\"},\"image\":{\"@id\":\"https:\/\/blogs.uninter.edu.mx\/difusioncultural\/?p=6844#primaryimage\"},\"thumbnailUrl\":\"https:\/\/blogs.uninter.edu.mx\/difusioncultural\/wp-content\/uploads\/2019\/10\/luna-de-pulque.jpg\",\"inLanguage\":\"es\"},{\"@type\":\"WebPage\",\"@id\":\"https:\/\/blogs.uninter.edu.mx\/difusioncultural\/?p=6844\",\"url\":\"https:\/\/blogs.uninter.edu.mx\/difusioncultural\/?p=6844\",\"name\":\"Si la Luna fuera de Pulque: un precioso mito ilustrado - Difusi\u00f3n Cultural\",\"isPartOf\":{\"@id\":\"https:\/\/blogs.uninter.edu.mx\/difusioncultural\/#website\"},\"primaryImageOfPage\":{\"@id\":\"https:\/\/blogs.uninter.edu.mx\/difusioncultural\/?p=6844#primaryimage\"},\"image\":{\"@id\":\"https:\/\/blogs.uninter.edu.mx\/difusioncultural\/?p=6844#primaryimage\"},\"thumbnailUrl\":\"https:\/\/blogs.uninter.edu.mx\/difusioncultural\/wp-content\/uploads\/2019\/10\/luna-de-pulque.jpg\",\"datePublished\":\"2019-10-07T14:30:32+00:00\",\"breadcrumb\":{\"@id\":\"https:\/\/blogs.uninter.edu.mx\/difusioncultural\/?p=6844#breadcrumb\"},\"inLanguage\":\"es\",\"potentialAction\":[{\"@type\":\"ReadAction\",\"target\":[\"https:\/\/blogs.uninter.edu.mx\/difusioncultural\/?p=6844\"]}]},{\"@type\":\"ImageObject\",\"inLanguage\":\"es\",\"@id\":\"https:\/\/blogs.uninter.edu.mx\/difusioncultural\/?p=6844#primaryimage\",\"url\":\"https:\/\/blogs.uninter.edu.mx\/difusioncultural\/wp-content\/uploads\/2019\/10\/luna-de-pulque.jpg\",\"contentUrl\":\"https:\/\/blogs.uninter.edu.mx\/difusioncultural\/wp-content\/uploads\/2019\/10\/luna-de-pulque.jpg\",\"width\":984,\"height\":664},{\"@type\":\"BreadcrumbList\",\"@id\":\"https:\/\/blogs.uninter.edu.mx\/difusioncultural\/?p=6844#breadcrumb\",\"itemListElement\":[{\"@type\":\"ListItem\",\"position\":1,\"name\":\"Inicio\",\"item\":\"https:\/\/blogs.uninter.edu.mx\/difusioncultural\/\"},{\"@type\":\"ListItem\",\"position\":2,\"name\":\"Si la Luna fuera de Pulque: un precioso mito ilustrado\"}]},{\"@type\":\"WebSite\",\"@id\":\"https:\/\/blogs.uninter.edu.mx\/difusioncultural\/#website\",\"url\":\"https:\/\/blogs.uninter.edu.mx\/difusioncultural\/\",\"name\":\"Difusi\u00f3n Cultural\",\"description\":\"UNINTER\",\"publisher\":{\"@id\":\"https:\/\/blogs.uninter.edu.mx\/difusioncultural\/#organization\"},\"potentialAction\":[{\"@type\":\"SearchAction\",\"target\":{\"@type\":\"EntryPoint\",\"urlTemplate\":\"https:\/\/blogs.uninter.edu.mx\/difusioncultural\/?s={search_term_string}\"},\"query-input\":{\"@type\":\"PropertyValueSpecification\",\"valueRequired\":true,\"valueName\":\"search_term_string\"}}],\"inLanguage\":\"es\"},{\"@type\":\"Organization\",\"@id\":\"https:\/\/blogs.uninter.edu.mx\/difusioncultural\/#organization\",\"name\":\"Difusi\u00f3n Cultural\",\"url\":\"https:\/\/blogs.uninter.edu.mx\/difusioncultural\/\",\"logo\":{\"@type\":\"ImageObject\",\"inLanguage\":\"es\",\"@id\":\"https:\/\/blogs.uninter.edu.mx\/difusioncultural\/#\/schema\/logo\/image\/\",\"url\":\"https:\/\/blogs.uninter.edu.mx\/difusioncultural\/wp-content\/uploads\/2022\/09\/uninter.jpg\",\"contentUrl\":\"https:\/\/blogs.uninter.edu.mx\/difusioncultural\/wp-content\/uploads\/2022\/09\/uninter.jpg\",\"width\":2048,\"height\":2048,\"caption\":\"Difusi\u00f3n Cultural\"},\"image\":{\"@id\":\"https:\/\/blogs.uninter.edu.mx\/difusioncultural\/#\/schema\/logo\/image\/\"}},{\"@type\":\"Person\",\"@id\":\"https:\/\/blogs.uninter.edu.mx\/difusioncultural\/#\/schema\/person\/37a0926f4dd300a814993fd595abdc4a\",\"name\":\"webmaster\",\"image\":{\"@type\":\"ImageObject\",\"inLanguage\":\"es\",\"@id\":\"https:\/\/blogs.uninter.edu.mx\/difusioncultural\/#\/schema\/person\/image\/\",\"url\":\"https:\/\/secure.gravatar.com\/avatar\/a59c276b01147463ef3aab4118e3137ebc5e1ad6700deb39ccdf8b89e517f7dc?s=96&d=mm&r=g\",\"contentUrl\":\"https:\/\/secure.gravatar.com\/avatar\/a59c276b01147463ef3aab4118e3137ebc5e1ad6700deb39ccdf8b89e517f7dc?s=96&d=mm&r=g\",\"caption\":\"webmaster\"},\"sameAs\":[\"https:\/\/blogs.uninter.edu.mx\/difusioncultural\"],\"url\":\"https:\/\/blogs.uninter.edu.mx\/difusioncultural\/?author=1\"}]}<\/script>\r\n<!-- \/ Yoast SEO plugin. -->","yoast_head_json":{"title":"Si la Luna fuera de Pulque: un precioso mito ilustrado - Difusi\u00f3n Cultural","robots":{"index":"index","follow":"follow","max-snippet":"max-snippet:-1","max-image-preview":"max-image-preview:large","max-video-preview":"max-video-preview:-1"},"canonical":"https:\/\/blogs.uninter.edu.mx\/difusioncultural\/?p=6844","og_locale":"es_MX","og_type":"article","og_title":"Si la Luna fuera de Pulque: un precioso mito ilustrado - Difusi\u00f3n Cultural","og_description":"Los mitos mexicanos son absolutamente entra\u00f1ables.\u00a0Especialmente porque\u00a0resguardan en su interior una conexi\u00f3n indeleble con la naturaleza\u00a0y las formas de vida que la conforman; particularmente con\u00a0los animales y las plantas. Hay muchas leyendas antiguas en donde los animales son los protagonistas y de sus acciones dependen distintos ciclos o posibilidades del mundo. Entre ellas hay\u00a0una explicaci\u00f3n&hellip;","og_url":"https:\/\/blogs.uninter.edu.mx\/difusioncultural\/?p=6844","og_site_name":"Difusi\u00f3n Cultural","article_published_time":"2019-10-07T14:30:32+00:00","og_image":[{"width":984,"height":664,"url":"https:\/\/blogs.uninter.edu.mx\/difusioncultural\/wp-content\/uploads\/2019\/10\/luna-de-pulque.jpg","type":"image\/jpeg"}],"author":"webmaster","twitter_card":"summary_large_image","twitter_misc":{"Escrito por":"webmaster","Tiempo de lectura":"2 minutos"},"schema":{"@context":"https:\/\/schema.org","@graph":[{"@type":"Article","@id":"https:\/\/blogs.uninter.edu.mx\/difusioncultural\/?p=6844#article","isPartOf":{"@id":"https:\/\/blogs.uninter.edu.mx\/difusioncultural\/?p=6844"},"author":{"name":"webmaster","@id":"https:\/\/blogs.uninter.edu.mx\/difusioncultural\/#\/schema\/person\/37a0926f4dd300a814993fd595abdc4a"},"headline":"Si la Luna fuera de Pulque: un precioso mito ilustrado","datePublished":"2019-10-07T14:30:32+00:00","mainEntityOfPage":{"@id":"https:\/\/blogs.uninter.edu.mx\/difusioncultural\/?p=6844"},"wordCount":340,"publisher":{"@id":"https:\/\/blogs.uninter.edu.mx\/difusioncultural\/#organization"},"image":{"@id":"https:\/\/blogs.uninter.edu.mx\/difusioncultural\/?p=6844#primaryimage"},"thumbnailUrl":"https:\/\/blogs.uninter.edu.mx\/difusioncultural\/wp-content\/uploads\/2019\/10\/luna-de-pulque.jpg","inLanguage":"es"},{"@type":"WebPage","@id":"https:\/\/blogs.uninter.edu.mx\/difusioncultural\/?p=6844","url":"https:\/\/blogs.uninter.edu.mx\/difusioncultural\/?p=6844","name":"Si la Luna fuera de Pulque: un precioso mito ilustrado - Difusi\u00f3n Cultural","isPartOf":{"@id":"https:\/\/blogs.uninter.edu.mx\/difusioncultural\/#website"},"primaryImageOfPage":{"@id":"https:\/\/blogs.uninter.edu.mx\/difusioncultural\/?p=6844#primaryimage"},"image":{"@id":"https:\/\/blogs.uninter.edu.mx\/difusioncultural\/?p=6844#primaryimage"},"thumbnailUrl":"https:\/\/blogs.uninter.edu.mx\/difusioncultural\/wp-content\/uploads\/2019\/10\/luna-de-pulque.jpg","datePublished":"2019-10-07T14:30:32+00:00","breadcrumb":{"@id":"https:\/\/blogs.uninter.edu.mx\/difusioncultural\/?p=6844#breadcrumb"},"inLanguage":"es","potentialAction":[{"@type":"ReadAction","target":["https:\/\/blogs.uninter.edu.mx\/difusioncultural\/?p=6844"]}]},{"@type":"ImageObject","inLanguage":"es","@id":"https:\/\/blogs.uninter.edu.mx\/difusioncultural\/?p=6844#primaryimage","url":"https:\/\/blogs.uninter.edu.mx\/difusioncultural\/wp-content\/uploads\/2019\/10\/luna-de-pulque.jpg","contentUrl":"https:\/\/blogs.uninter.edu.mx\/difusioncultural\/wp-content\/uploads\/2019\/10\/luna-de-pulque.jpg","width":984,"height":664},{"@type":"BreadcrumbList","@id":"https:\/\/blogs.uninter.edu.mx\/difusioncultural\/?p=6844#breadcrumb","itemListElement":[{"@type":"ListItem","position":1,"name":"Inicio","item":"https:\/\/blogs.uninter.edu.mx\/difusioncultural\/"},{"@type":"ListItem","position":2,"name":"Si la Luna fuera de Pulque: un precioso mito ilustrado"}]},{"@type":"WebSite","@id":"https:\/\/blogs.uninter.edu.mx\/difusioncultural\/#website","url":"https:\/\/blogs.uninter.edu.mx\/difusioncultural\/","name":"Difusi\u00f3n Cultural","description":"UNINTER","publisher":{"@id":"https:\/\/blogs.uninter.edu.mx\/difusioncultural\/#organization"},"potentialAction":[{"@type":"SearchAction","target":{"@type":"EntryPoint","urlTemplate":"https:\/\/blogs.uninter.edu.mx\/difusioncultural\/?s={search_term_string}"},"query-input":{"@type":"PropertyValueSpecification","valueRequired":true,"valueName":"search_term_string"}}],"inLanguage":"es"},{"@type":"Organization","@id":"https:\/\/blogs.uninter.edu.mx\/difusioncultural\/#organization","name":"Difusi\u00f3n Cultural","url":"https:\/\/blogs.uninter.edu.mx\/difusioncultural\/","logo":{"@type":"ImageObject","inLanguage":"es","@id":"https:\/\/blogs.uninter.edu.mx\/difusioncultural\/#\/schema\/logo\/image\/","url":"https:\/\/blogs.uninter.edu.mx\/difusioncultural\/wp-content\/uploads\/2022\/09\/uninter.jpg","contentUrl":"https:\/\/blogs.uninter.edu.mx\/difusioncultural\/wp-content\/uploads\/2022\/09\/uninter.jpg","width":2048,"height":2048,"caption":"Difusi\u00f3n Cultural"},"image":{"@id":"https:\/\/blogs.uninter.edu.mx\/difusioncultural\/#\/schema\/logo\/image\/"}},{"@type":"Person","@id":"https:\/\/blogs.uninter.edu.mx\/difusioncultural\/#\/schema\/person\/37a0926f4dd300a814993fd595abdc4a","name":"webmaster","image":{"@type":"ImageObject","inLanguage":"es","@id":"https:\/\/blogs.uninter.edu.mx\/difusioncultural\/#\/schema\/person\/image\/","url":"https:\/\/secure.gravatar.com\/avatar\/a59c276b01147463ef3aab4118e3137ebc5e1ad6700deb39ccdf8b89e517f7dc?s=96&d=mm&r=g","contentUrl":"https:\/\/secure.gravatar.com\/avatar\/a59c276b01147463ef3aab4118e3137ebc5e1ad6700deb39ccdf8b89e517f7dc?s=96&d=mm&r=g","caption":"webmaster"},"sameAs":["https:\/\/blogs.uninter.edu.mx\/difusioncultural"],"url":"https:\/\/blogs.uninter.edu.mx\/difusioncultural\/?author=1"}]}},"jetpack_publicize_connections":[],"jetpack_featured_media_url":"https:\/\/blogs.uninter.edu.mx\/difusioncultural\/wp-content\/uploads\/2019\/10\/luna-de-pulque.jpg","jetpack_sharing_enabled":true,"_links":{"self":[{"href":"https:\/\/blogs.uninter.edu.mx\/difusioncultural\/index.php?rest_route=\/wp\/v2\/posts\/6844","targetHints":{"allow":["GET"]}}],"collection":[{"href":"https:\/\/blogs.uninter.edu.mx\/difusioncultural\/index.php?rest_route=\/wp\/v2\/posts"}],"about":[{"href":"https:\/\/blogs.uninter.edu.mx\/difusioncultural\/index.php?rest_route=\/wp\/v2\/types\/post"}],"author":[{"embeddable":true,"href":"https:\/\/blogs.uninter.edu.mx\/difusioncultural\/index.php?rest_route=\/wp\/v2\/users\/1"}],"replies":[{"embeddable":true,"href":"https:\/\/blogs.uninter.edu.mx\/difusioncultural\/index.php?rest_route=%2Fwp%2Fv2%2Fcomments&post=6844"}],"version-history":[{"count":0,"href":"https:\/\/blogs.uninter.edu.mx\/difusioncultural\/index.php?rest_route=\/wp\/v2\/posts\/6844\/revisions"}],"wp:featuredmedia":[{"embeddable":true,"href":"https:\/\/blogs.uninter.edu.mx\/difusioncultural\/index.php?rest_route=\/wp\/v2\/media\/6853"}],"wp:attachment":[{"href":"https:\/\/blogs.uninter.edu.mx\/difusioncultural\/index.php?rest_route=%2Fwp%2Fv2%2Fmedia&parent=6844"}],"wp:term":[{"taxonomy":"category","embeddable":true,"href":"https:\/\/blogs.uninter.edu.mx\/difusioncultural\/index.php?rest_route=%2Fwp%2Fv2%2Fcategories&post=6844"},{"taxonomy":"post_tag","embeddable":true,"href":"https:\/\/blogs.uninter.edu.mx\/difusioncultural\/index.php?rest_route=%2Fwp%2Fv2%2Ftags&post=6844"}],"curies":[{"name":"wp","href":"https:\/\/api.w.org\/{rel}","templated":true}]}}