{"id":6866,"date":"2019-10-08T09:30:36","date_gmt":"2019-10-08T14:30:36","guid":{"rendered":"https:\/\/difusionculturaluninter.wordpress.com\/?p=6866"},"modified":"2019-10-08T09:30:36","modified_gmt":"2019-10-08T14:30:36","slug":"9-eventos-gratuitos-que-no-te-puedes-perder-en-octubre-en-la-cdmx","status":"publish","type":"post","link":"https:\/\/blogs.uninter.edu.mx\/difusioncultural\/?p=6866","title":{"rendered":"9 eventos gratuitos que no te puedes perder en octubre en la CDMX"},"content":{"rendered":"<p><strong>Prep\u00e1rate, porque durante todo el mes de octubre habr\u00e1 eventos coloridos y muy divertidos que no te querr\u00e1s perder. Y lo mejor de todo es que con gratuitos.<\/strong><\/p>\n<p>Entres ellos se encuentran:<\/p>\n<h3>7o. Festival Sabores y Artesan\u00edas del Mundo<\/h3>\n<p>Conoce la cultura, la diversidad art\u00edstica y gastron\u00f3mica de m\u00e1s de 30 pa\u00edses. \u00danete a esta gran fiesta intercultural en la que participar\u00e1n pa\u00edses como Arabia, Espa\u00f1a, Turqu\u00eda, Chile, Honduras, M\u00e9xico, L\u00edbano, Marruecos, Nigeria, Nepal, Senegal, B\u00e9lgica, Venezuela, Panam\u00e1, Argentina, Argelia, Colombia, Egipto, Jap\u00f3n, Grecia, Ecuador, Rusia e India, entre otros.<\/p>\n<ul>\n<li>D\u00f3nde: Casa Jaime Sabines. Av. Revoluci\u00f3n No. 1747, San \u00c1ngel, alcald\u00eda \u00c1lvaro Obreg\u00f3n.<\/li>\n<li><strong>Fecha: Del 11 al 13 de octubre<\/strong><\/li>\n<li>Horario: De 11:00 a 20:00 hrs.<\/li>\n<li>Costo: Entrada Libre<\/li>\n<\/ul>\n<p><img decoding=\"async\" src=\"https:\/\/www.mexicodesconocido.com.mx\/wp-content\/uploads\/2019\/10\/Festival_Sabores_Artesanias_del_-mundo-700x467.jpg\" \/><\/p>\n<h3>Celebrando la Eternidad<\/h3>\n<p>Una experiencia inmersiva, un recorrido que recrear\u00e1 por primera vez, campos de cempas\u00fachil y se proyectar\u00e1n cementerios a escala humana sobre el Lago Menor del Bosque con el apoyo de diferentes herramientas y tecnolog\u00edas.<\/p>\n<ul>\n<li>D\u00f3nde: Bosque de Chapultepec. 1a. Secci\u00f3n del Bosque de Chapultepec<\/li>\n<li><strong>Fecha: Del martes 15 al s\u00e1bado 19 de octubre (actividad nocturna)<\/strong><\/li>\n<li>Costo: Entrada Libre<\/li>\n<\/ul>\n<h3>El Preg\u00f3n y el Desfile de Alebrijes Monumentales<\/h3>\n<p>El\u00a0Desfile de Alebrijes Monumentales\u00a0en\u00a0la Ciudad de M\u00e9xico\u00a0es uno de los eventos imperdibles para dar inicio a la celebraci\u00f3n de\u00a0D\u00eda de Muertos\u00a0en la ciudad. En total ser\u00e1n alrededor de 200 esculturas gigantes que resaltan nuestras tradiciones y muestra al mundo el color de nuestras fiestas.<\/p>\n<ul>\n<li>D\u00f3nde: Del Z\u00f3calo al Angel de Independencia. \u00a0Inicia en el Z\u00f3calo para continuar por\u00a0las avenidas 5 de Mayo, Ju\u00e1rez y Paseo de la Reforma, hasta llegar a la Glorieta del \u00c1ngel de la Independencia.<\/li>\n<li><strong>Fecha: S\u00e1bado 19 de octubre<\/strong><\/li>\n<li>Horario: A partir de las 12:00<\/li>\n<li>Costo: Entrada Libre<\/li>\n<\/ul>\n<h3>El Preg\u00f3n y el Desfile de Alebrijes Monumentales<\/h3>\n<p>El\u00a0Desfile de Alebrijes Monumentales\u00a0en\u00a0la Ciudad de M\u00e9xico\u00a0es uno de los eventos imperdibles para dar inicio a la celebraci\u00f3n de\u00a0D\u00eda de Muertos\u00a0en la ciudad. En total ser\u00e1n alrededor de 200 esculturas gigantes que resaltan nuestras tradiciones y muestra al mundo el color de nuestras fiestas.<\/p>\n<ul>\n<li>D\u00f3nde: Del Z\u00f3calo al Angel de Independencia. \u00a0Inicia en el Z\u00f3calo para continuar por\u00a0las avenidas 5 de Mayo, Ju\u00e1rez y Paseo de la Reforma, hasta llegar a la Glorieta del \u00c1ngel de la Independencia.<\/li>\n<li><strong>Fecha: S\u00e1bado 19 de octubre<\/strong><\/li>\n<li>Horario: A partir de las 12:00<\/li>\n<li>Costo: Entrada Libre<\/li>\n<\/ul>\n<figure class=\"wp-block-image\"><img decoding=\"async\" class=\"wp-image-58196\" src=\"https:\/\/www.mexicodesconocido.com.mx\/wp-content\/uploads\/2019\/10\/celebrando-eternidad-700x524.jpg\" alt=\"\" \/><figcaption><\/figcaption><\/figure>\n<h3>Alebrijes Monumentales<\/h3>\n<p>Lo mejor es que despu\u00e9s del desfile de estas esculturas elaboradas por manos mexicanas, puedes asistir a admirarlos de cerca en las aceras de\u00a0Avenida Paseo de la Reforma,\u00a0ah\u00ed estar\u00e1n exhibidas hasta el domingo 17 de noviembre. Te recomendamos que vayas y te tomes una foto con ellos.<\/p>\n<ul>\n<li>D\u00f3nde: Av. Paseo de la Reforma (entre las glorietas del Angel de la Independencia y la Diana Cazadora)<\/li>\n<li><a href=\"https:\/\/www.map.cdmx.gob.mx\/convocatorias\/concursos\/31\" target=\"_blank\" rel=\"noreferrer noopener\">https:\/\/www.map.cdmx.gob.mx\/convocatorias\/concursos\/31<\/a><\/li>\n<li><strong>Fecha: Del s\u00e1bado 19 de octubre al domingo 17 de noviembre<\/strong><\/li>\n<li>Costo: Entrada Libre<\/li>\n<\/ul>\n<figure class=\"wp-block-image\"><img decoding=\"async\" class=\"wp-image-58197\" src=\"https:\/\/www.mexicodesconocido.com.mx\/wp-content\/uploads\/2019\/10\/DESFILES_ALEBRIJES-700x467.jpg\" alt=\"\" \/><figcaption><\/figcaption><\/figure>\n<h3>Marcha Zombie 2019<\/h3>\n<p>Desde sus or\u00edgenes, la Marcha Zombie en la Ciudad de M\u00e9xico ha incluido los valores de inclusi\u00f3n, no discriminaci\u00f3n y tolerancia, abanderando diversas causas sociales como la ayuda para grupos vulnerables. En esta ocasi\u00f3n incluir\u00e1 una colecta de alimentos no perecederos para la fundaci\u00f3n Unidos Distribuimos y Transformamos, IAP. La organizaci\u00f3n ha distribuido estas donaciones a ni\u00f1os y grupos vulnerables de m\u00e1s de 70 instituciones en m\u00e1s de 90 comunidades de todo el pa\u00eds. Puedes llevar latas de at\u00fan, bolsas de arroz, habas o frijoles.<\/p>\n<ul>\n<li>D\u00f3nde: Del Monumento a la Revoluci\u00f3n al Z\u00f3calo Capitalino. Plaza de la Rep\u00fablica \u2013 Av. Ju\u00e1rez \u2013 Eje Central \u2013 5 de mayo \u2013 Z\u00f3calo Capitalino<\/li>\n<li><strong>Fecha: S\u00e1bado 19 de octubre<\/strong><\/li>\n<li>Horario: A las 10:00 hrs.<\/li>\n<li>Costo: Entrada Libre<\/li>\n<\/ul>\n<figure class=\"wp-block-image\"><img decoding=\"async\" class=\"wp-image-58198\" src=\"https:\/\/www.mexicodesconocido.com.mx\/wp-content\/uploads\/2019\/10\/MarchaZombie19.jpg\" alt=\"\" \/><figcaption><\/figcaption><\/figure>\n<h3>Mega Ofrenda de D\u00eda de Muertos \u201cAlta de Altares\u201d<\/h3>\n<p>La ofrenda estar\u00e1 compuesta de cuatro altares de distintas regiones del pa\u00eds, es una obra del creador\u00a0Vladimir Maislin Topet, y ser\u00e1 el toque que llenar\u00e1 de color, flores y aromas t\u00edpicos de esta festividad al z\u00f3calo de la capital del pa\u00eds.<\/p>\n<ul>\n<li>D\u00f3nde: Z\u00f3calo Capitalino. Plaza de la Constituci\u00f3n.<\/li>\n<li><strong>Fecha: Del viernes 25 de octubre al domingo 17 de noviembre<\/strong><\/li>\n<li>Horario: Inauguraci\u00f3n a las 19:00 hrs.<\/li>\n<li>Costo: Entrada Libre<\/li>\n<\/ul>\n<figure class=\"wp-block-image\"><img decoding=\"async\" class=\"wp-image-58199\" src=\"https:\/\/www.mexicodesconocido.com.mx\/wp-content\/uploads\/2019\/10\/MegaOfrendaZoc19-700x570.jpg\" alt=\"\" \/><figcaption><\/figcaption><\/figure>\n<h3>Gran Festival de D\u00eda de Muertos<\/h3>\n<p>Aunque las celebraciones comenzar\u00e1n semanas antes, el\u00a0arranque oficial de festividades\u00a0por el D\u00eda de Muertos se dar\u00e1 en el\u00a0Monumento a la Revoluci\u00f3n el cual se pintar\u00e1 de naranja y los difuntos cobrar\u00e1n vida con el arranque oficial del Gran Festival de D\u00eda de Muertos 2019.<\/p>\n<ul>\n<li>D\u00f3nde: Monumento a la Revoluci\u00f3n. Plaza de la Rep\u00fablica s\/n. Col. Tabacalera<\/li>\n<li><strong>Fecha: Jueves 24 de octubre<\/strong><\/li>\n<li>Horario: De 16:00 a 20:00 hrs.<\/li>\n<li>Costo: Entrada Libre<\/li>\n<\/ul>\n<figure class=\"wp-block-image\"><img decoding=\"async\" class=\"wp-image-58200\" src=\"https:\/\/www.mexicodesconocido.com.mx\/wp-content\/uploads\/2019\/10\/GRAN_FESTIVAL_DIA_DE_MUERTOS-700x468.jpg\" alt=\"\" \/><figcaption><\/figcaption><\/figure>\n<h3>Desfile Internacional de D\u00eda de Muertos<\/h3>\n<p>Este desfile muestra a los asistentes todo el esplendor que se vive en nuestro pa\u00eds durante la celebraci\u00f3n de esta festividad reconocida\u00a0por la\u00a0UNESCO\u00a0como\u00a0Patrimonio Cultural Inmaterial de la Humanidad. Podr\u00e1s ver caravanas, calacas, catrinas, mariachis, carros aleg\u00f3ricos y muchas personas disfrazadas con vestuarios caracter\u00edsticos de M\u00e9xico.<\/p>\n<ul>\n<li>D\u00f3nde: Z\u00f3calo capitalino \u2013 Bosque de Chapultepec \u2013 Polanco<\/li>\n<li><strong>Fecha: Domingo 27 de octubre.<\/strong><\/li>\n<li>Horario: A las 14:00 horas.<\/li>\n<li>Costo: Entrada Libre<\/li>\n<\/ul>\n<figure class=\"wp-block-image\"><img decoding=\"async\" class=\"wp-image-58202\" src=\"https:\/\/www.mexicodesconocido.com.mx\/wp-content\/uploads\/2019\/10\/DESFILE_INTERNACIONA_DIA_DE_MUERTOS-700x394.jpg\" alt=\"\" \/><figcaption><\/figcaption><\/figure>\n<h3>Festival D\u00eda de Muertos Tlalpan<\/h3>\n<p>Las actividades llegar\u00e1n a cada rinc\u00f3n de Tlalpan. Habr\u00e1 videomaping, exposiciones, representaciones teatrales, narraci\u00f3n de leyendas, talleres, proyecciones cinematogr\u00e1ficas, danza, conciertos y ofrendas, entre otros eventos. Videomaping sobre la fachada de la Alcald\u00eda.<br \/>\nExposici\u00f3n pict\u00f3rica \u201cLa muerte a todos nos toca\u201d .<br \/>\nOfrenda monumental en el Centro de Tlalpan.<br \/>\nInstalaci\u00f3n especial con ofrendas de todos los pueblos de la demarcaci\u00f3n.<br \/>\nConciertos de m\u00fasica sacra.<br \/>\nCiclo de cine dedicado a la muerte.<\/p>\n<ul>\n<li>D\u00f3nde: Explanada de la Alcald\u00eda Tlalpan, Museo de Historia de Tlalpan, Casa Frissac, Casa de la Cultura del Bosque de Tlalpan, Cine Villa Ol\u00edmpica, Multiforo Tlalpan, Auditorio y jardines de la Casa Frissac, Centros de Artes y Oficios, Parroquias y parques p\u00fablicos de los pueblos.<\/li>\n<li><a href=\"http:\/\/www.tlalpan.gob.mx\/\" target=\"_blank\" rel=\"noreferrer noopener\">http:\/\/www.tlalpan.gob.mx<\/a><\/li>\n<li><strong>Fecha: Del jueves 31 de octubre al 3 de noviembre.<\/strong><\/li>\n<li>Horario: De 10:00 a 21:00 horas.<\/li>\n<li>Costo: Entrada Libre<\/li>\n<\/ul>\n<figure class=\"wp-block-image\"><img decoding=\"async\" class=\"wp-image-58203\" src=\"https:\/\/www.mexicodesconocido.com.mx\/wp-content\/uploads\/2019\/10\/FESTIVAL_MICTLALPAN-700x465.jpg\" alt=\"\" \/><\/figure>\n<p><b>Si te interesa saber mas visita el sitio web &#8220;M\u00e9xico\u00a0Desconocido&#8221;\u00a0<\/b><br \/>\n<b>Fuente:<\/b><br \/>\nMexico Desconocido . (2019). 9 eventos gratuitos que no te puedes perder en octubre en la CDMX. 4 de octubre 2019, de M\u00e9xico Desconocido Sitio web: https:\/\/www.mexicodesconocido.com.mx\/eventos-gratuitos-que-no-te-puedes-en-octubre-en-la-cdmx.html<\/p>\n","protected":false},"excerpt":{"rendered":"<p>Prep\u00e1rate, porque durante todo el mes de octubre habr\u00e1 eventos coloridos y muy divertidos que no te querr\u00e1s perder. Y lo mejor de todo es que con gratuitos. Entres ellos se encuentran: 7o. Festival Sabores y Artesan\u00edas del Mundo Conoce la cultura, la diversidad art\u00edstica y gastron\u00f3mica de m\u00e1s de 30 pa\u00edses. \u00danete a esta&hellip;<\/p>\n","protected":false},"author":1,"featured_media":6871,"comment_status":"closed","ping_status":"open","sticky":false,"template":"","format":"standard","meta":{"_jetpack_memberships_contains_paid_content":false,"footnotes":"","jetpack_publicize_message":"","jetpack_publicize_feature_enabled":true,"jetpack_social_post_already_shared":false,"jetpack_social_options":{"image_generator_settings":{"template":"highway","default_image_id":0,"font":"","enabled":false},"version":2}},"categories":[1],"tags":[],"class_list":["post-6866","post","type-post","status-publish","format-standard","has-post-thumbnail","hentry","category-sin-categoria"],"yoast_head":"<!-- This site is optimized with the Yoast SEO plugin v26.3 - https:\/\/yoast.com\/wordpress\/plugins\/seo\/ -->\r\n<title>9 eventos gratuitos que no te puedes perder en octubre en la CDMX - Difusi\u00f3n Cultural<\/title>\r\n<meta name=\"robots\" content=\"index, follow, max-snippet:-1, max-image-preview:large, max-video-preview:-1\" \/>\r\n<link rel=\"canonical\" href=\"https:\/\/blogs.uninter.edu.mx\/difusioncultural\/?p=6866\" \/>\r\n<meta property=\"og:locale\" content=\"es_MX\" \/>\r\n<meta property=\"og:type\" content=\"article\" \/>\r\n<meta property=\"og:title\" content=\"9 eventos gratuitos que no te puedes perder en octubre en la CDMX - Difusi\u00f3n Cultural\" \/>\r\n<meta property=\"og:description\" content=\"Prep\u00e1rate, porque durante todo el mes de octubre habr\u00e1 eventos coloridos y muy divertidos que no te querr\u00e1s perder. Y lo mejor de todo es que con gratuitos. Entres ellos se encuentran: 7o. Festival Sabores y Artesan\u00edas del Mundo Conoce la cultura, la diversidad art\u00edstica y gastron\u00f3mica de m\u00e1s de 30 pa\u00edses. \u00danete a esta&hellip;\" \/>\r\n<meta property=\"og:url\" content=\"https:\/\/blogs.uninter.edu.mx\/difusioncultural\/?p=6866\" \/>\r\n<meta property=\"og:site_name\" content=\"Difusi\u00f3n Cultural\" \/>\r\n<meta property=\"article:published_time\" content=\"2019-10-08T14:30:36+00:00\" \/>\r\n<meta property=\"og:image\" content=\"https:\/\/blogs.uninter.edu.mx\/difusioncultural\/wp-content\/uploads\/2019\/10\/dia-de-muertos-santiago-nl-53_rec.jpg\" \/>\r\n\t<meta property=\"og:image:width\" content=\"700\" \/>\r\n\t<meta property=\"og:image:height\" content=\"467\" \/>\r\n\t<meta property=\"og:image:type\" content=\"image\/jpeg\" \/>\r\n<meta name=\"author\" content=\"webmaster\" \/>\r\n<meta name=\"twitter:card\" content=\"summary_large_image\" \/>\r\n<meta name=\"twitter:label1\" content=\"Escrito por\" \/>\n\t<meta name=\"twitter:data1\" content=\"webmaster\" \/>\n\t<meta name=\"twitter:label2\" content=\"Tiempo de lectura\" \/>\n\t<meta name=\"twitter:data2\" content=\"5 minutos\" \/>\r\n<script type=\"application\/ld+json\" class=\"yoast-schema-graph\">{\"@context\":\"https:\/\/schema.org\",\"@graph\":[{\"@type\":\"Article\",\"@id\":\"https:\/\/blogs.uninter.edu.mx\/difusioncultural\/?p=6866#article\",\"isPartOf\":{\"@id\":\"https:\/\/blogs.uninter.edu.mx\/difusioncultural\/?p=6866\"},\"author\":{\"name\":\"webmaster\",\"@id\":\"https:\/\/blogs.uninter.edu.mx\/difusioncultural\/#\/schema\/person\/37a0926f4dd300a814993fd595abdc4a\"},\"headline\":\"9 eventos gratuitos que no te puedes perder en octubre en la CDMX\",\"datePublished\":\"2019-10-08T14:30:36+00:00\",\"mainEntityOfPage\":{\"@id\":\"https:\/\/blogs.uninter.edu.mx\/difusioncultural\/?p=6866\"},\"wordCount\":1111,\"publisher\":{\"@id\":\"https:\/\/blogs.uninter.edu.mx\/difusioncultural\/#organization\"},\"image\":{\"@id\":\"https:\/\/blogs.uninter.edu.mx\/difusioncultural\/?p=6866#primaryimage\"},\"thumbnailUrl\":\"https:\/\/blogs.uninter.edu.mx\/difusioncultural\/wp-content\/uploads\/2019\/10\/dia-de-muertos-santiago-nl-53_rec.jpg\",\"inLanguage\":\"es\"},{\"@type\":\"WebPage\",\"@id\":\"https:\/\/blogs.uninter.edu.mx\/difusioncultural\/?p=6866\",\"url\":\"https:\/\/blogs.uninter.edu.mx\/difusioncultural\/?p=6866\",\"name\":\"9 eventos gratuitos que no te puedes perder en octubre en la CDMX - Difusi\u00f3n Cultural\",\"isPartOf\":{\"@id\":\"https:\/\/blogs.uninter.edu.mx\/difusioncultural\/#website\"},\"primaryImageOfPage\":{\"@id\":\"https:\/\/blogs.uninter.edu.mx\/difusioncultural\/?p=6866#primaryimage\"},\"image\":{\"@id\":\"https:\/\/blogs.uninter.edu.mx\/difusioncultural\/?p=6866#primaryimage\"},\"thumbnailUrl\":\"https:\/\/blogs.uninter.edu.mx\/difusioncultural\/wp-content\/uploads\/2019\/10\/dia-de-muertos-santiago-nl-53_rec.jpg\",\"datePublished\":\"2019-10-08T14:30:36+00:00\",\"breadcrumb\":{\"@id\":\"https:\/\/blogs.uninter.edu.mx\/difusioncultural\/?p=6866#breadcrumb\"},\"inLanguage\":\"es\",\"potentialAction\":[{\"@type\":\"ReadAction\",\"target\":[\"https:\/\/blogs.uninter.edu.mx\/difusioncultural\/?p=6866\"]}]},{\"@type\":\"ImageObject\",\"inLanguage\":\"es\",\"@id\":\"https:\/\/blogs.uninter.edu.mx\/difusioncultural\/?p=6866#primaryimage\",\"url\":\"https:\/\/blogs.uninter.edu.mx\/difusioncultural\/wp-content\/uploads\/2019\/10\/dia-de-muertos-santiago-nl-53_rec.jpg\",\"contentUrl\":\"https:\/\/blogs.uninter.edu.mx\/difusioncultural\/wp-content\/uploads\/2019\/10\/dia-de-muertos-santiago-nl-53_rec.jpg\",\"width\":1200,\"height\":800},{\"@type\":\"BreadcrumbList\",\"@id\":\"https:\/\/blogs.uninter.edu.mx\/difusioncultural\/?p=6866#breadcrumb\",\"itemListElement\":[{\"@type\":\"ListItem\",\"position\":1,\"name\":\"Inicio\",\"item\":\"https:\/\/blogs.uninter.edu.mx\/difusioncultural\/\"},{\"@type\":\"ListItem\",\"position\":2,\"name\":\"9 eventos gratuitos que no te puedes perder en octubre en la CDMX\"}]},{\"@type\":\"WebSite\",\"@id\":\"https:\/\/blogs.uninter.edu.mx\/difusioncultural\/#website\",\"url\":\"https:\/\/blogs.uninter.edu.mx\/difusioncultural\/\",\"name\":\"Difusi\u00f3n Cultural\",\"description\":\"UNINTER\",\"publisher\":{\"@id\":\"https:\/\/blogs.uninter.edu.mx\/difusioncultural\/#organization\"},\"potentialAction\":[{\"@type\":\"SearchAction\",\"target\":{\"@type\":\"EntryPoint\",\"urlTemplate\":\"https:\/\/blogs.uninter.edu.mx\/difusioncultural\/?s={search_term_string}\"},\"query-input\":{\"@type\":\"PropertyValueSpecification\",\"valueRequired\":true,\"valueName\":\"search_term_string\"}}],\"inLanguage\":\"es\"},{\"@type\":\"Organization\",\"@id\":\"https:\/\/blogs.uninter.edu.mx\/difusioncultural\/#organization\",\"name\":\"Difusi\u00f3n Cultural\",\"url\":\"https:\/\/blogs.uninter.edu.mx\/difusioncultural\/\",\"logo\":{\"@type\":\"ImageObject\",\"inLanguage\":\"es\",\"@id\":\"https:\/\/blogs.uninter.edu.mx\/difusioncultural\/#\/schema\/logo\/image\/\",\"url\":\"https:\/\/blogs.uninter.edu.mx\/difusioncultural\/wp-content\/uploads\/2022\/09\/uninter.jpg\",\"contentUrl\":\"https:\/\/blogs.uninter.edu.mx\/difusioncultural\/wp-content\/uploads\/2022\/09\/uninter.jpg\",\"width\":2048,\"height\":2048,\"caption\":\"Difusi\u00f3n Cultural\"},\"image\":{\"@id\":\"https:\/\/blogs.uninter.edu.mx\/difusioncultural\/#\/schema\/logo\/image\/\"}},{\"@type\":\"Person\",\"@id\":\"https:\/\/blogs.uninter.edu.mx\/difusioncultural\/#\/schema\/person\/37a0926f4dd300a814993fd595abdc4a\",\"name\":\"webmaster\",\"image\":{\"@type\":\"ImageObject\",\"inLanguage\":\"es\",\"@id\":\"https:\/\/blogs.uninter.edu.mx\/difusioncultural\/#\/schema\/person\/image\/\",\"url\":\"https:\/\/secure.gravatar.com\/avatar\/a59c276b01147463ef3aab4118e3137ebc5e1ad6700deb39ccdf8b89e517f7dc?s=96&d=mm&r=g\",\"contentUrl\":\"https:\/\/secure.gravatar.com\/avatar\/a59c276b01147463ef3aab4118e3137ebc5e1ad6700deb39ccdf8b89e517f7dc?s=96&d=mm&r=g\",\"caption\":\"webmaster\"},\"sameAs\":[\"https:\/\/blogs.uninter.edu.mx\/difusioncultural\"],\"url\":\"https:\/\/blogs.uninter.edu.mx\/difusioncultural\/?author=1\"}]}<\/script>\r\n<!-- \/ Yoast SEO plugin. -->","yoast_head_json":{"title":"9 eventos gratuitos que no te puedes perder en octubre en la CDMX - Difusi\u00f3n Cultural","robots":{"index":"index","follow":"follow","max-snippet":"max-snippet:-1","max-image-preview":"max-image-preview:large","max-video-preview":"max-video-preview:-1"},"canonical":"https:\/\/blogs.uninter.edu.mx\/difusioncultural\/?p=6866","og_locale":"es_MX","og_type":"article","og_title":"9 eventos gratuitos que no te puedes perder en octubre en la CDMX - Difusi\u00f3n Cultural","og_description":"Prep\u00e1rate, porque durante todo el mes de octubre habr\u00e1 eventos coloridos y muy divertidos que no te querr\u00e1s perder. Y lo mejor de todo es que con gratuitos. Entres ellos se encuentran: 7o. Festival Sabores y Artesan\u00edas del Mundo Conoce la cultura, la diversidad art\u00edstica y gastron\u00f3mica de m\u00e1s de 30 pa\u00edses. \u00danete a esta&hellip;","og_url":"https:\/\/blogs.uninter.edu.mx\/difusioncultural\/?p=6866","og_site_name":"Difusi\u00f3n Cultural","article_published_time":"2019-10-08T14:30:36+00:00","og_image":[{"url":"https:\/\/blogs.uninter.edu.mx\/difusioncultural\/wp-content\/uploads\/2019\/10\/dia-de-muertos-santiago-nl-53_rec.jpg","width":700,"height":467,"type":"image\/jpeg"}],"author":"webmaster","twitter_card":"summary_large_image","twitter_misc":{"Escrito por":"webmaster","Tiempo de lectura":"5 minutos"},"schema":{"@context":"https:\/\/schema.org","@graph":[{"@type":"Article","@id":"https:\/\/blogs.uninter.edu.mx\/difusioncultural\/?p=6866#article","isPartOf":{"@id":"https:\/\/blogs.uninter.edu.mx\/difusioncultural\/?p=6866"},"author":{"name":"webmaster","@id":"https:\/\/blogs.uninter.edu.mx\/difusioncultural\/#\/schema\/person\/37a0926f4dd300a814993fd595abdc4a"},"headline":"9 eventos gratuitos que no te puedes perder en octubre en la CDMX","datePublished":"2019-10-08T14:30:36+00:00","mainEntityOfPage":{"@id":"https:\/\/blogs.uninter.edu.mx\/difusioncultural\/?p=6866"},"wordCount":1111,"publisher":{"@id":"https:\/\/blogs.uninter.edu.mx\/difusioncultural\/#organization"},"image":{"@id":"https:\/\/blogs.uninter.edu.mx\/difusioncultural\/?p=6866#primaryimage"},"thumbnailUrl":"https:\/\/blogs.uninter.edu.mx\/difusioncultural\/wp-content\/uploads\/2019\/10\/dia-de-muertos-santiago-nl-53_rec.jpg","inLanguage":"es"},{"@type":"WebPage","@id":"https:\/\/blogs.uninter.edu.mx\/difusioncultural\/?p=6866","url":"https:\/\/blogs.uninter.edu.mx\/difusioncultural\/?p=6866","name":"9 eventos gratuitos que no te puedes perder en octubre en la CDMX - Difusi\u00f3n Cultural","isPartOf":{"@id":"https:\/\/blogs.uninter.edu.mx\/difusioncultural\/#website"},"primaryImageOfPage":{"@id":"https:\/\/blogs.uninter.edu.mx\/difusioncultural\/?p=6866#primaryimage"},"image":{"@id":"https:\/\/blogs.uninter.edu.mx\/difusioncultural\/?p=6866#primaryimage"},"thumbnailUrl":"https:\/\/blogs.uninter.edu.mx\/difusioncultural\/wp-content\/uploads\/2019\/10\/dia-de-muertos-santiago-nl-53_rec.jpg","datePublished":"2019-10-08T14:30:36+00:00","breadcrumb":{"@id":"https:\/\/blogs.uninter.edu.mx\/difusioncultural\/?p=6866#breadcrumb"},"inLanguage":"es","potentialAction":[{"@type":"ReadAction","target":["https:\/\/blogs.uninter.edu.mx\/difusioncultural\/?p=6866"]}]},{"@type":"ImageObject","inLanguage":"es","@id":"https:\/\/blogs.uninter.edu.mx\/difusioncultural\/?p=6866#primaryimage","url":"https:\/\/blogs.uninter.edu.mx\/difusioncultural\/wp-content\/uploads\/2019\/10\/dia-de-muertos-santiago-nl-53_rec.jpg","contentUrl":"https:\/\/blogs.uninter.edu.mx\/difusioncultural\/wp-content\/uploads\/2019\/10\/dia-de-muertos-santiago-nl-53_rec.jpg","width":1200,"height":800},{"@type":"BreadcrumbList","@id":"https:\/\/blogs.uninter.edu.mx\/difusioncultural\/?p=6866#breadcrumb","itemListElement":[{"@type":"ListItem","position":1,"name":"Inicio","item":"https:\/\/blogs.uninter.edu.mx\/difusioncultural\/"},{"@type":"ListItem","position":2,"name":"9 eventos gratuitos que no te puedes perder en octubre en la CDMX"}]},{"@type":"WebSite","@id":"https:\/\/blogs.uninter.edu.mx\/difusioncultural\/#website","url":"https:\/\/blogs.uninter.edu.mx\/difusioncultural\/","name":"Difusi\u00f3n Cultural","description":"UNINTER","publisher":{"@id":"https:\/\/blogs.uninter.edu.mx\/difusioncultural\/#organization"},"potentialAction":[{"@type":"SearchAction","target":{"@type":"EntryPoint","urlTemplate":"https:\/\/blogs.uninter.edu.mx\/difusioncultural\/?s={search_term_string}"},"query-input":{"@type":"PropertyValueSpecification","valueRequired":true,"valueName":"search_term_string"}}],"inLanguage":"es"},{"@type":"Organization","@id":"https:\/\/blogs.uninter.edu.mx\/difusioncultural\/#organization","name":"Difusi\u00f3n Cultural","url":"https:\/\/blogs.uninter.edu.mx\/difusioncultural\/","logo":{"@type":"ImageObject","inLanguage":"es","@id":"https:\/\/blogs.uninter.edu.mx\/difusioncultural\/#\/schema\/logo\/image\/","url":"https:\/\/blogs.uninter.edu.mx\/difusioncultural\/wp-content\/uploads\/2022\/09\/uninter.jpg","contentUrl":"https:\/\/blogs.uninter.edu.mx\/difusioncultural\/wp-content\/uploads\/2022\/09\/uninter.jpg","width":2048,"height":2048,"caption":"Difusi\u00f3n Cultural"},"image":{"@id":"https:\/\/blogs.uninter.edu.mx\/difusioncultural\/#\/schema\/logo\/image\/"}},{"@type":"Person","@id":"https:\/\/blogs.uninter.edu.mx\/difusioncultural\/#\/schema\/person\/37a0926f4dd300a814993fd595abdc4a","name":"webmaster","image":{"@type":"ImageObject","inLanguage":"es","@id":"https:\/\/blogs.uninter.edu.mx\/difusioncultural\/#\/schema\/person\/image\/","url":"https:\/\/secure.gravatar.com\/avatar\/a59c276b01147463ef3aab4118e3137ebc5e1ad6700deb39ccdf8b89e517f7dc?s=96&d=mm&r=g","contentUrl":"https:\/\/secure.gravatar.com\/avatar\/a59c276b01147463ef3aab4118e3137ebc5e1ad6700deb39ccdf8b89e517f7dc?s=96&d=mm&r=g","caption":"webmaster"},"sameAs":["https:\/\/blogs.uninter.edu.mx\/difusioncultural"],"url":"https:\/\/blogs.uninter.edu.mx\/difusioncultural\/?author=1"}]}},"jetpack_publicize_connections":[],"jetpack_featured_media_url":"https:\/\/blogs.uninter.edu.mx\/difusioncultural\/wp-content\/uploads\/2019\/10\/dia-de-muertos-santiago-nl-53_rec.jpg","jetpack_sharing_enabled":true,"_links":{"self":[{"href":"https:\/\/blogs.uninter.edu.mx\/difusioncultural\/index.php?rest_route=\/wp\/v2\/posts\/6866","targetHints":{"allow":["GET"]}}],"collection":[{"href":"https:\/\/blogs.uninter.edu.mx\/difusioncultural\/index.php?rest_route=\/wp\/v2\/posts"}],"about":[{"href":"https:\/\/blogs.uninter.edu.mx\/difusioncultural\/index.php?rest_route=\/wp\/v2\/types\/post"}],"author":[{"embeddable":true,"href":"https:\/\/blogs.uninter.edu.mx\/difusioncultural\/index.php?rest_route=\/wp\/v2\/users\/1"}],"replies":[{"embeddable":true,"href":"https:\/\/blogs.uninter.edu.mx\/difusioncultural\/index.php?rest_route=%2Fwp%2Fv2%2Fcomments&post=6866"}],"version-history":[{"count":0,"href":"https:\/\/blogs.uninter.edu.mx\/difusioncultural\/index.php?rest_route=\/wp\/v2\/posts\/6866\/revisions"}],"wp:featuredmedia":[{"embeddable":true,"href":"https:\/\/blogs.uninter.edu.mx\/difusioncultural\/index.php?rest_route=\/wp\/v2\/media\/6871"}],"wp:attachment":[{"href":"https:\/\/blogs.uninter.edu.mx\/difusioncultural\/index.php?rest_route=%2Fwp%2Fv2%2Fmedia&parent=6866"}],"wp:term":[{"taxonomy":"category","embeddable":true,"href":"https:\/\/blogs.uninter.edu.mx\/difusioncultural\/index.php?rest_route=%2Fwp%2Fv2%2Fcategories&post=6866"},{"taxonomy":"post_tag","embeddable":true,"href":"https:\/\/blogs.uninter.edu.mx\/difusioncultural\/index.php?rest_route=%2Fwp%2Fv2%2Ftags&post=6866"}],"curies":[{"name":"wp","href":"https:\/\/api.w.org\/{rel}","templated":true}]}}