{"id":6921,"date":"2019-10-11T06:00:59","date_gmt":"2019-10-11T11:00:59","guid":{"rendered":"https:\/\/difusionculturaluninter.wordpress.com\/?p=6921"},"modified":"2019-10-11T06:00:59","modified_gmt":"2019-10-11T11:00:59","slug":"peter-handke-el-solitario-irritante-premio-nobel-de-literatura-2019","status":"publish","type":"post","link":"https:\/\/blogs.uninter.edu.mx\/difusioncultural\/?p=6921","title":{"rendered":"Peter Handke, el solitario irritante, Premio Nobel de Literatura 2019"},"content":{"rendered":"<p class=\"ue-c-article__standfirst\" style=\"text-align:justify;\">El autor austriaco, uno de los escritores m\u00e1s controvertidos de las \u00faltimas d\u00e9cadas en Europa, acepta el galard\u00f3n despu\u00e9s de haber renunciado a distintos premios por la pol\u00e9mica que su elecci\u00f3n suscit\u00f3<\/p>\n<figure class=\"ue-c-article__media ue-c-article__media--image ue-l-article--edge-left-n-right-until-tablet ue-c-article--media-icon-m-from-phablet\"><img decoding=\"async\" class=\"ue-c-article__media--image\" src=\"https:\/\/e00-elmundo.uecdn.es\/assets\/multimedia\/imagenes\/2019\/10\/10\/15707098960895.jpg\" alt=\"\" \/><figcaption class=\"ue-c-article__media-caption ue-c-article__media--caption-bottom-over-media-from-mobile ue-c-article__media--caption-bottom-standard-from-tablet ue-c-article__media--caption-inverted-color-from-mobile ue-c-article__media--caption-standard-color-from-tablet\"><span class=\"ue-c-article__media-description\">El escritor austriaco Peter Handke, en Estoril.\u00a0<\/span><span class=\"ue-c-article__media-source\"><span class=\"ue-c-article__media-source\"><span class=\"ue-c-article__media-agency\">AFP<\/p>\n<p><\/span><\/span><\/span><\/p>\n<p class=\"ue-c-article--first-letter-highlighted\" style=\"text-align:justify;\">Una frase de Peter Handke, reconocido este jueves con el\u00a0<a href=\"https:\/\/www.elmundo.es\/cultura\/literatura\/2019\/10\/10\/5d9f0fe121efa040128b4614.html\">Premio Nobel de Literatura<\/a>, lanzada a modo de desaf\u00edo, podr\u00eda resumir la expedici\u00f3n literaria del autor austriaco:\u00a0<strong>&#8220;Vivo de aquello que los otros no saben de m\u00ed&#8221;.<\/strong><\/p>\n<p style=\"text-align:justify;\">&#8220;<strong>La Academia sueca fue muy valiente<\/strong>\u00a0al tomar este tipo de decisi\u00f3n. Son buenas personas&#8221;, ha afirmado a AFP este jueves tras conocer el galard\u00f3n. En el suburbio de Par\u00eds donde reside, el escritor austriaco ha a\u00f1adido que &#8220;despu\u00e9s de todas las pol\u00e9micas&#8221; por su trabajo, esta decisi\u00f3n le &#8220;ha sorprendido&#8221;.<\/p>\n<p style=\"text-align:justify;\">Handke pertenece a la camada intelectual de los que hacen de la escritura un testamento incendiario,\u00a0<strong>una diatriba contra las convenciones<\/strong>. En este sentido, su actitud y su obra tienen un punto de intersecci\u00f3n con la de otro austriaco tambi\u00e9n irritante, Thomas Bernhard, con el que Handke mantuvo una relaci\u00f3n de distancias, pero ejemplo brutal de una literatura que arremete contra las hipocres\u00edas de un pa\u00eds, Austria, que est\u00e1 en la diana de ambos. Igual sucede con otra premio Nobel de Austria,\u00a0<strong>Elfriede Jaelinek<\/strong>.<\/p>\n<p style=\"text-align:justify;\">Los dos escritores comparten no s\u00f3lo territorio, sino una misma aver\u00eda por sus infancias zarandeadas y por una juventud marcada por lesiones sagradas en la que descartaron cualquier tentaci\u00f3n de aceptar los peajes de la convenci\u00f3n burguesa, y siempre a la contra.<\/p>\n<p style=\"text-align:justify;\"><strong>Handke es el resultado an\u00f3malo de una generaci\u00f3n<\/strong>\u00a0que en Austria (naci\u00f3 en 1942 en la regi\u00f3n de Carintia, cerca de la frontera con Eslovenia) padeci\u00f3 la verg\u00fcenza de haber sido cuna del nazismo y sus consecuencias. En su larga obra (novela, poes\u00eda, ensayo, teatro, libros de viajes&#8230;) ha levantado un territorio propio entre la observaci\u00f3n y la intimidad de un pensamiento a la contra de casi todo que nunca disimula.<\/p>\n<p style=\"text-align:justify;\"><strong>En 2006 renunci\u00f3 al premio Heinrich Heine<\/strong>\u00a0que le hab\u00edan concedido poco antes en D\u00fcsseldorf. la pol\u00e9mica que desat\u00f3 la concesi\u00f3n a Handke le llev\u00f3 a devolverlo porque prefer\u00eda no ver su obra &#8220;sometida una y otra vez a los insultos plebeyos de semejantes pol\u00edticos&#8221;. La decisi\u00f3n del jurado activ\u00f3 una corriente generalizada de rechazo a la actitud de\u00a0<strong>Handke en favor de Serbia en la Guerra de los Balcanes, del lado de Slodoban Milosevic<\/strong>, juzgado como criminal de guerra en La Haya, a cuyo entierro fue Handke y donde pronunci\u00f3 unas palabras de elogio. En 2014 renunci\u00f3, de nuevo, a otro reconocimiento: el Premio Internacional Ibsen, por la pol\u00e9mica que caus\u00f3 en Noruega su elecci\u00f3n.<\/p>\n<p style=\"text-align:justify;\">Durante a\u00f1os el silencio y la invisibilidad fueron los aliados de Handke, que acept\u00f3 salir del foco sin hacer de aquello un chuleo marginal. Sencillamente se dedic\u00f3 a escribir, como siempre.\u00a0<strong>El talento le ha salvado incluso de s\u00ed mismo.<\/strong><\/p>\n<p style=\"text-align:justify;\">En 1966 despunt\u00f3 como un joven capaz de hacer palanca con los menudillos de la sociedad austr\u00edaca cuando estren\u00f3 su primera obra de teatro,\u00a0<em>Insultos al p\u00fablico<\/em>. Dej\u00f3 esa tarjeta de visita como se\u00f1al de alerta. Ven\u00eda a reconsiderar la vanguardia y la experimentaci\u00f3n como norma.<\/p>\n<p style=\"text-align:justify;\"><strong>El reconocimiento, sin embargo, le lleg\u00f3 con una novela:\u00a0<em>El miedo del portero ante el penalti<\/em><\/strong>\u00a0(1970). Dos a\u00f1os despu\u00e9s entr\u00f3 a saco en su intimidad con\u00a0<em>Desgracia impeorable<\/em>, una novela donde recrea la vida y el suicidio de su madre a los 51 a\u00f1os, cuando le diagnosticaron una enfermedad sin salida: &#8220;A partir de ese momento empec\u00e9 a ver a mi madre tal como era. Hasta entonces me hab\u00eda estado olvidando siempre de ella; todo lo m\u00e1s, de vez en cuando, sent\u00eda una punzada al pensar en la estupidez de su vida&#8221;.<\/p>\n<p style=\"text-align:justify;\"><strong>Peter Handke encontr\u00f3 pronto la f\u00f3rmula maestra de su voz literaria: ofrecerse a s\u00ed mismo en sacrificio.<\/strong>\u00a0Y en eso lleva m\u00e1s de 60 a\u00f1os. Ah\u00ed est\u00e1n otros libros como\u00a0<em>La mujer zurda<\/em>\u00a0(1976),\u00a0<em>La tarde de un escritor<\/em>\u00a0(1987) o\u00a0<em>El a\u00f1o que pas\u00e9 en la bah\u00eda de nadie<\/em>. A la vez, junto a los poemas (de peor fortuna que la narrativa), el excelente teatro que ha dispensado y los libros de viajes, est\u00e1n los ensayos. La larga serie de ensayos que public\u00f3 en los a\u00f1os 90. Unos breves vol\u00famenes extraordinarios, donde su pensamiento aparec\u00eda como un lugar m\u00e1s venteado y caprichoso:\u00a0<em>La ausencia<\/em>,\u00a0<em>Ensayo sobre el jukebox<\/em>,\u00a0<em>Ensayo sobre el d\u00eda logrado<\/em>&#8230; El \u00faltimo es de 2015,\u00a0<em>Ensayo sobre el lugar silencioso<\/em>\u00a0(exactamente el cuarto de ba\u00f1o).<\/p>\n<p style=\"text-align:justify;\">Tiene instinto, en su soledad grande, para encontrar siempre las mejores corrientes de aire. Es un caminante infatigable.\u00a0<strong>Ha recorrido Espa\u00f1a a pie<\/strong>, en autobuses de l\u00ednea, en viajes furtivos que le han llevado de Linares a Aranjuez, de Valencia a la sierra de Gredos.<\/p>\n<p style=\"text-align:justify;\">Ha dedicado 12 libros a su relaci\u00f3n con Espa\u00f1a, y un volumen miscel\u00e1neo de cr\u00f3nicas de sus viajes espa\u00f1oles:\u00a0<em>Peter Handke y Espa\u00f1a<\/em>. En 2017, la Universidad de Alcal\u00e1 de Henares le concedi\u00f3 el doctorado &#8216;honoris causa&#8217; y unas horas antes exclam\u00f3 algo que pocos esperaban de alguien como \u00e9l:\u00a0<strong>&#8220;Lo de Catalu\u00f1a da miedo&#8221;<\/strong>. El arte, para este hombre, es una forma larvada de decir, a su modo, su verdad.<\/p>\n<\/figcaption><\/figure>\n","protected":false},"excerpt":{"rendered":"<p>El autor austriaco, uno de los escritores m\u00e1s controvertidos de las \u00faltimas d\u00e9cadas en Europa, acepta el galard\u00f3n despu\u00e9s de haber renunciado a distintos premios por la pol\u00e9mica que su elecci\u00f3n suscit\u00f3 El escritor austriaco Peter Handke, en Estoril.\u00a0AFP Una frase de Peter Handke, reconocido este jueves con el\u00a0Premio Nobel de Literatura, lanzada a modo&hellip;<\/p>\n","protected":false},"author":1,"featured_media":0,"comment_status":"closed","ping_status":"open","sticky":false,"template":"","format":"standard","meta":{"_jetpack_memberships_contains_paid_content":false,"footnotes":"","jetpack_publicize_message":"","jetpack_publicize_feature_enabled":true,"jetpack_social_post_already_shared":false,"jetpack_social_options":{"image_generator_settings":{"template":"highway","default_image_id":0,"font":"","enabled":false},"version":2}},"categories":[1],"tags":[],"class_list":["post-6921","post","type-post","status-publish","format-standard","hentry","category-sin-categoria"],"yoast_head":"<!-- This site is optimized with the Yoast SEO plugin v26.3 - https:\/\/yoast.com\/wordpress\/plugins\/seo\/ -->\r\n<title>Peter Handke, el solitario irritante, Premio Nobel de Literatura 2019 - Difusi\u00f3n Cultural<\/title>\r\n<meta name=\"robots\" content=\"index, follow, max-snippet:-1, max-image-preview:large, max-video-preview:-1\" \/>\r\n<link rel=\"canonical\" href=\"https:\/\/blogs.uninter.edu.mx\/difusioncultural\/?p=6921\" \/>\r\n<meta property=\"og:locale\" content=\"es_MX\" \/>\r\n<meta property=\"og:type\" content=\"article\" \/>\r\n<meta property=\"og:title\" content=\"Peter Handke, el solitario irritante, Premio Nobel de Literatura 2019 - Difusi\u00f3n Cultural\" \/>\r\n<meta property=\"og:description\" content=\"El autor austriaco, uno de los escritores m\u00e1s controvertidos de las \u00faltimas d\u00e9cadas en Europa, acepta el galard\u00f3n despu\u00e9s de haber renunciado a distintos premios por la pol\u00e9mica que su elecci\u00f3n suscit\u00f3 El escritor austriaco Peter Handke, en Estoril.\u00a0AFP Una frase de Peter Handke, reconocido este jueves con el\u00a0Premio Nobel de Literatura, lanzada a modo&hellip;\" \/>\r\n<meta property=\"og:url\" content=\"https:\/\/blogs.uninter.edu.mx\/difusioncultural\/?p=6921\" \/>\r\n<meta property=\"og:site_name\" content=\"Difusi\u00f3n Cultural\" \/>\r\n<meta property=\"article:published_time\" content=\"2019-10-11T11:00:59+00:00\" \/>\r\n<meta property=\"og:image\" content=\"https:\/\/e00-elmundo.uecdn.es\/assets\/multimedia\/imagenes\/2019\/10\/10\/15707098960895.jpg\" \/>\r\n<meta name=\"author\" content=\"webmaster\" \/>\r\n<meta name=\"twitter:card\" content=\"summary_large_image\" \/>\r\n<meta name=\"twitter:label1\" content=\"Escrito por\" \/>\n\t<meta name=\"twitter:data1\" content=\"webmaster\" \/>\n\t<meta name=\"twitter:label2\" content=\"Tiempo de lectura\" \/>\n\t<meta name=\"twitter:data2\" content=\"5 minutos\" \/>\r\n<script type=\"application\/ld+json\" class=\"yoast-schema-graph\">{\"@context\":\"https:\/\/schema.org\",\"@graph\":[{\"@type\":\"Article\",\"@id\":\"https:\/\/blogs.uninter.edu.mx\/difusioncultural\/?p=6921#article\",\"isPartOf\":{\"@id\":\"https:\/\/blogs.uninter.edu.mx\/difusioncultural\/?p=6921\"},\"author\":{\"name\":\"webmaster\",\"@id\":\"https:\/\/blogs.uninter.edu.mx\/difusioncultural\/#\/schema\/person\/37a0926f4dd300a814993fd595abdc4a\"},\"headline\":\"Peter Handke, el solitario irritante, Premio Nobel de Literatura 2019\",\"datePublished\":\"2019-10-11T11:00:59+00:00\",\"mainEntityOfPage\":{\"@id\":\"https:\/\/blogs.uninter.edu.mx\/difusioncultural\/?p=6921\"},\"wordCount\":935,\"publisher\":{\"@id\":\"https:\/\/blogs.uninter.edu.mx\/difusioncultural\/#organization\"},\"image\":{\"@id\":\"https:\/\/blogs.uninter.edu.mx\/difusioncultural\/?p=6921#primaryimage\"},\"thumbnailUrl\":\"https:\/\/e00-elmundo.uecdn.es\/assets\/multimedia\/imagenes\/2019\/10\/10\/15707098960895.jpg\",\"inLanguage\":\"es\"},{\"@type\":\"WebPage\",\"@id\":\"https:\/\/blogs.uninter.edu.mx\/difusioncultural\/?p=6921\",\"url\":\"https:\/\/blogs.uninter.edu.mx\/difusioncultural\/?p=6921\",\"name\":\"Peter Handke, el solitario irritante, Premio Nobel de Literatura 2019 - Difusi\u00f3n Cultural\",\"isPartOf\":{\"@id\":\"https:\/\/blogs.uninter.edu.mx\/difusioncultural\/#website\"},\"primaryImageOfPage\":{\"@id\":\"https:\/\/blogs.uninter.edu.mx\/difusioncultural\/?p=6921#primaryimage\"},\"image\":{\"@id\":\"https:\/\/blogs.uninter.edu.mx\/difusioncultural\/?p=6921#primaryimage\"},\"thumbnailUrl\":\"https:\/\/e00-elmundo.uecdn.es\/assets\/multimedia\/imagenes\/2019\/10\/10\/15707098960895.jpg\",\"datePublished\":\"2019-10-11T11:00:59+00:00\",\"breadcrumb\":{\"@id\":\"https:\/\/blogs.uninter.edu.mx\/difusioncultural\/?p=6921#breadcrumb\"},\"inLanguage\":\"es\",\"potentialAction\":[{\"@type\":\"ReadAction\",\"target\":[\"https:\/\/blogs.uninter.edu.mx\/difusioncultural\/?p=6921\"]}]},{\"@type\":\"ImageObject\",\"inLanguage\":\"es\",\"@id\":\"https:\/\/blogs.uninter.edu.mx\/difusioncultural\/?p=6921#primaryimage\",\"url\":\"https:\/\/e00-elmundo.uecdn.es\/assets\/multimedia\/imagenes\/2019\/10\/10\/15707098960895.jpg\",\"contentUrl\":\"https:\/\/e00-elmundo.uecdn.es\/assets\/multimedia\/imagenes\/2019\/10\/10\/15707098960895.jpg\"},{\"@type\":\"BreadcrumbList\",\"@id\":\"https:\/\/blogs.uninter.edu.mx\/difusioncultural\/?p=6921#breadcrumb\",\"itemListElement\":[{\"@type\":\"ListItem\",\"position\":1,\"name\":\"Inicio\",\"item\":\"https:\/\/blogs.uninter.edu.mx\/difusioncultural\/\"},{\"@type\":\"ListItem\",\"position\":2,\"name\":\"Peter Handke, el solitario irritante, Premio Nobel de Literatura 2019\"}]},{\"@type\":\"WebSite\",\"@id\":\"https:\/\/blogs.uninter.edu.mx\/difusioncultural\/#website\",\"url\":\"https:\/\/blogs.uninter.edu.mx\/difusioncultural\/\",\"name\":\"Difusi\u00f3n Cultural\",\"description\":\"UNINTER\",\"publisher\":{\"@id\":\"https:\/\/blogs.uninter.edu.mx\/difusioncultural\/#organization\"},\"potentialAction\":[{\"@type\":\"SearchAction\",\"target\":{\"@type\":\"EntryPoint\",\"urlTemplate\":\"https:\/\/blogs.uninter.edu.mx\/difusioncultural\/?s={search_term_string}\"},\"query-input\":{\"@type\":\"PropertyValueSpecification\",\"valueRequired\":true,\"valueName\":\"search_term_string\"}}],\"inLanguage\":\"es\"},{\"@type\":\"Organization\",\"@id\":\"https:\/\/blogs.uninter.edu.mx\/difusioncultural\/#organization\",\"name\":\"Difusi\u00f3n Cultural\",\"url\":\"https:\/\/blogs.uninter.edu.mx\/difusioncultural\/\",\"logo\":{\"@type\":\"ImageObject\",\"inLanguage\":\"es\",\"@id\":\"https:\/\/blogs.uninter.edu.mx\/difusioncultural\/#\/schema\/logo\/image\/\",\"url\":\"https:\/\/blogs.uninter.edu.mx\/difusioncultural\/wp-content\/uploads\/2022\/09\/uninter.jpg\",\"contentUrl\":\"https:\/\/blogs.uninter.edu.mx\/difusioncultural\/wp-content\/uploads\/2022\/09\/uninter.jpg\",\"width\":2048,\"height\":2048,\"caption\":\"Difusi\u00f3n Cultural\"},\"image\":{\"@id\":\"https:\/\/blogs.uninter.edu.mx\/difusioncultural\/#\/schema\/logo\/image\/\"}},{\"@type\":\"Person\",\"@id\":\"https:\/\/blogs.uninter.edu.mx\/difusioncultural\/#\/schema\/person\/37a0926f4dd300a814993fd595abdc4a\",\"name\":\"webmaster\",\"image\":{\"@type\":\"ImageObject\",\"inLanguage\":\"es\",\"@id\":\"https:\/\/blogs.uninter.edu.mx\/difusioncultural\/#\/schema\/person\/image\/\",\"url\":\"https:\/\/secure.gravatar.com\/avatar\/a59c276b01147463ef3aab4118e3137ebc5e1ad6700deb39ccdf8b89e517f7dc?s=96&d=mm&r=g\",\"contentUrl\":\"https:\/\/secure.gravatar.com\/avatar\/a59c276b01147463ef3aab4118e3137ebc5e1ad6700deb39ccdf8b89e517f7dc?s=96&d=mm&r=g\",\"caption\":\"webmaster\"},\"sameAs\":[\"https:\/\/blogs.uninter.edu.mx\/difusioncultural\"],\"url\":\"https:\/\/blogs.uninter.edu.mx\/difusioncultural\/?author=1\"}]}<\/script>\r\n<!-- \/ Yoast SEO plugin. -->","yoast_head_json":{"title":"Peter Handke, el solitario irritante, Premio Nobel de Literatura 2019 - Difusi\u00f3n Cultural","robots":{"index":"index","follow":"follow","max-snippet":"max-snippet:-1","max-image-preview":"max-image-preview:large","max-video-preview":"max-video-preview:-1"},"canonical":"https:\/\/blogs.uninter.edu.mx\/difusioncultural\/?p=6921","og_locale":"es_MX","og_type":"article","og_title":"Peter Handke, el solitario irritante, Premio Nobel de Literatura 2019 - Difusi\u00f3n Cultural","og_description":"El autor austriaco, uno de los escritores m\u00e1s controvertidos de las \u00faltimas d\u00e9cadas en Europa, acepta el galard\u00f3n despu\u00e9s de haber renunciado a distintos premios por la pol\u00e9mica que su elecci\u00f3n suscit\u00f3 El escritor austriaco Peter Handke, en Estoril.\u00a0AFP Una frase de Peter Handke, reconocido este jueves con el\u00a0Premio Nobel de Literatura, lanzada a modo&hellip;","og_url":"https:\/\/blogs.uninter.edu.mx\/difusioncultural\/?p=6921","og_site_name":"Difusi\u00f3n Cultural","article_published_time":"2019-10-11T11:00:59+00:00","og_image":[{"url":"https:\/\/e00-elmundo.uecdn.es\/assets\/multimedia\/imagenes\/2019\/10\/10\/15707098960895.jpg","type":"","width":"","height":""}],"author":"webmaster","twitter_card":"summary_large_image","twitter_misc":{"Escrito por":"webmaster","Tiempo de lectura":"5 minutos"},"schema":{"@context":"https:\/\/schema.org","@graph":[{"@type":"Article","@id":"https:\/\/blogs.uninter.edu.mx\/difusioncultural\/?p=6921#article","isPartOf":{"@id":"https:\/\/blogs.uninter.edu.mx\/difusioncultural\/?p=6921"},"author":{"name":"webmaster","@id":"https:\/\/blogs.uninter.edu.mx\/difusioncultural\/#\/schema\/person\/37a0926f4dd300a814993fd595abdc4a"},"headline":"Peter Handke, el solitario irritante, Premio Nobel de Literatura 2019","datePublished":"2019-10-11T11:00:59+00:00","mainEntityOfPage":{"@id":"https:\/\/blogs.uninter.edu.mx\/difusioncultural\/?p=6921"},"wordCount":935,"publisher":{"@id":"https:\/\/blogs.uninter.edu.mx\/difusioncultural\/#organization"},"image":{"@id":"https:\/\/blogs.uninter.edu.mx\/difusioncultural\/?p=6921#primaryimage"},"thumbnailUrl":"https:\/\/e00-elmundo.uecdn.es\/assets\/multimedia\/imagenes\/2019\/10\/10\/15707098960895.jpg","inLanguage":"es"},{"@type":"WebPage","@id":"https:\/\/blogs.uninter.edu.mx\/difusioncultural\/?p=6921","url":"https:\/\/blogs.uninter.edu.mx\/difusioncultural\/?p=6921","name":"Peter Handke, el solitario irritante, Premio Nobel de Literatura 2019 - Difusi\u00f3n Cultural","isPartOf":{"@id":"https:\/\/blogs.uninter.edu.mx\/difusioncultural\/#website"},"primaryImageOfPage":{"@id":"https:\/\/blogs.uninter.edu.mx\/difusioncultural\/?p=6921#primaryimage"},"image":{"@id":"https:\/\/blogs.uninter.edu.mx\/difusioncultural\/?p=6921#primaryimage"},"thumbnailUrl":"https:\/\/e00-elmundo.uecdn.es\/assets\/multimedia\/imagenes\/2019\/10\/10\/15707098960895.jpg","datePublished":"2019-10-11T11:00:59+00:00","breadcrumb":{"@id":"https:\/\/blogs.uninter.edu.mx\/difusioncultural\/?p=6921#breadcrumb"},"inLanguage":"es","potentialAction":[{"@type":"ReadAction","target":["https:\/\/blogs.uninter.edu.mx\/difusioncultural\/?p=6921"]}]},{"@type":"ImageObject","inLanguage":"es","@id":"https:\/\/blogs.uninter.edu.mx\/difusioncultural\/?p=6921#primaryimage","url":"https:\/\/e00-elmundo.uecdn.es\/assets\/multimedia\/imagenes\/2019\/10\/10\/15707098960895.jpg","contentUrl":"https:\/\/e00-elmundo.uecdn.es\/assets\/multimedia\/imagenes\/2019\/10\/10\/15707098960895.jpg"},{"@type":"BreadcrumbList","@id":"https:\/\/blogs.uninter.edu.mx\/difusioncultural\/?p=6921#breadcrumb","itemListElement":[{"@type":"ListItem","position":1,"name":"Inicio","item":"https:\/\/blogs.uninter.edu.mx\/difusioncultural\/"},{"@type":"ListItem","position":2,"name":"Peter Handke, el solitario irritante, Premio Nobel de Literatura 2019"}]},{"@type":"WebSite","@id":"https:\/\/blogs.uninter.edu.mx\/difusioncultural\/#website","url":"https:\/\/blogs.uninter.edu.mx\/difusioncultural\/","name":"Difusi\u00f3n Cultural","description":"UNINTER","publisher":{"@id":"https:\/\/blogs.uninter.edu.mx\/difusioncultural\/#organization"},"potentialAction":[{"@type":"SearchAction","target":{"@type":"EntryPoint","urlTemplate":"https:\/\/blogs.uninter.edu.mx\/difusioncultural\/?s={search_term_string}"},"query-input":{"@type":"PropertyValueSpecification","valueRequired":true,"valueName":"search_term_string"}}],"inLanguage":"es"},{"@type":"Organization","@id":"https:\/\/blogs.uninter.edu.mx\/difusioncultural\/#organization","name":"Difusi\u00f3n Cultural","url":"https:\/\/blogs.uninter.edu.mx\/difusioncultural\/","logo":{"@type":"ImageObject","inLanguage":"es","@id":"https:\/\/blogs.uninter.edu.mx\/difusioncultural\/#\/schema\/logo\/image\/","url":"https:\/\/blogs.uninter.edu.mx\/difusioncultural\/wp-content\/uploads\/2022\/09\/uninter.jpg","contentUrl":"https:\/\/blogs.uninter.edu.mx\/difusioncultural\/wp-content\/uploads\/2022\/09\/uninter.jpg","width":2048,"height":2048,"caption":"Difusi\u00f3n Cultural"},"image":{"@id":"https:\/\/blogs.uninter.edu.mx\/difusioncultural\/#\/schema\/logo\/image\/"}},{"@type":"Person","@id":"https:\/\/blogs.uninter.edu.mx\/difusioncultural\/#\/schema\/person\/37a0926f4dd300a814993fd595abdc4a","name":"webmaster","image":{"@type":"ImageObject","inLanguage":"es","@id":"https:\/\/blogs.uninter.edu.mx\/difusioncultural\/#\/schema\/person\/image\/","url":"https:\/\/secure.gravatar.com\/avatar\/a59c276b01147463ef3aab4118e3137ebc5e1ad6700deb39ccdf8b89e517f7dc?s=96&d=mm&r=g","contentUrl":"https:\/\/secure.gravatar.com\/avatar\/a59c276b01147463ef3aab4118e3137ebc5e1ad6700deb39ccdf8b89e517f7dc?s=96&d=mm&r=g","caption":"webmaster"},"sameAs":["https:\/\/blogs.uninter.edu.mx\/difusioncultural"],"url":"https:\/\/blogs.uninter.edu.mx\/difusioncultural\/?author=1"}]}},"jetpack_publicize_connections":[],"jetpack_featured_media_url":"","jetpack_sharing_enabled":true,"_links":{"self":[{"href":"https:\/\/blogs.uninter.edu.mx\/difusioncultural\/index.php?rest_route=\/wp\/v2\/posts\/6921","targetHints":{"allow":["GET"]}}],"collection":[{"href":"https:\/\/blogs.uninter.edu.mx\/difusioncultural\/index.php?rest_route=\/wp\/v2\/posts"}],"about":[{"href":"https:\/\/blogs.uninter.edu.mx\/difusioncultural\/index.php?rest_route=\/wp\/v2\/types\/post"}],"author":[{"embeddable":true,"href":"https:\/\/blogs.uninter.edu.mx\/difusioncultural\/index.php?rest_route=\/wp\/v2\/users\/1"}],"replies":[{"embeddable":true,"href":"https:\/\/blogs.uninter.edu.mx\/difusioncultural\/index.php?rest_route=%2Fwp%2Fv2%2Fcomments&post=6921"}],"version-history":[{"count":0,"href":"https:\/\/blogs.uninter.edu.mx\/difusioncultural\/index.php?rest_route=\/wp\/v2\/posts\/6921\/revisions"}],"wp:attachment":[{"href":"https:\/\/blogs.uninter.edu.mx\/difusioncultural\/index.php?rest_route=%2Fwp%2Fv2%2Fmedia&parent=6921"}],"wp:term":[{"taxonomy":"category","embeddable":true,"href":"https:\/\/blogs.uninter.edu.mx\/difusioncultural\/index.php?rest_route=%2Fwp%2Fv2%2Fcategories&post=6921"},{"taxonomy":"post_tag","embeddable":true,"href":"https:\/\/blogs.uninter.edu.mx\/difusioncultural\/index.php?rest_route=%2Fwp%2Fv2%2Ftags&post=6921"}],"curies":[{"name":"wp","href":"https:\/\/api.w.org\/{rel}","templated":true}]}}