{"id":6934,"date":"2019-10-15T09:00:01","date_gmt":"2019-10-15T14:00:01","guid":{"rendered":"https:\/\/difusionculturaluninter.wordpress.com\/?p=6934"},"modified":"2019-10-15T09:00:01","modified_gmt":"2019-10-15T14:00:01","slug":"torre-reforma-uno-de-los-50-rascacielos-mas-importantes-del-planeta","status":"publish","type":"post","link":"https:\/\/blogs.uninter.edu.mx\/difusioncultural\/?p=6934","title":{"rendered":"Torre Reforma, uno de los 50 rascacielos m\u00e1s importantes del planeta"},"content":{"rendered":"<section class=\"data_note\">\n<h2 class=\"intro\">La Torre Reforma fue escogida como una de los 50 edificios m\u00e1s influyentes de los \u00faltimos 50 a\u00f1os. Te contamos sobre esta maravilla arquitect\u00f3nica.<\/h2>\n<\/section>\n<figure class=\"mainImg\"><img decoding=\"async\" src=\"https:\/\/www.mexicodesconocido.com.mx\/wp-content\/uploads\/2019\/10\/torre_reforma_vista.jpg\" alt=\"Torre Reforma, uno de los 50 rascacielos m\u00e1s importantes del planeta\" \/><\/figure>\n<div class=\"writter\"><\/div>\n<p><strong>El Council on Tall Buildings and Urban Habitat (CTBUH)<\/strong>, un organismo internacional que se especializa en altas edificaciones y dise\u00f1o urbano,\u00a0<strong>reconoci\u00f3 a la Torre Reforma del arquitecto mexicano Benjam\u00edn Romano dentro del listado de los 50 edificios m\u00e1s influyentes del mundo en los \u00faltimos 50 a\u00f1os.<\/strong><\/p>\n<figure class=\"wp-block-image\"><img decoding=\"async\" class=\"wp-image-58804\" src=\"https:\/\/www.mexicodesconocido.com.mx\/wp-content\/uploads\/2019\/10\/benjaminromano-06-1024x683.jpg\" alt=\"\" \/><figcaption><\/figcaption><\/figure>\n<h2>Rascacielos mexicano<\/h2>\n<p>Este edificio, ubicado en el coraz\u00f3n del\u00a0<a href=\"https:\/\/www.mexicodesconocido.com.mx\/estatuas-de-paseo-de-la-reforma.html\">Paseo de la Reforma<\/a>, recibir\u00e1 la distinci\u00f3n durante el d\u00e9cimo Congreso Mundial del CTBUH, que tendr\u00e1 lugar del 28 al 2 de noviembre de este a\u00f1o.<\/p>\n<p><strong>La Torre Reforma posee una altura de 246 metros, lo cual la convierte en el edificio m\u00e1s alto de la\u00a0<a href=\"https:\/\/www.mexicodesconocido.com.mx\/100-cosas-hacer-ciudad-mexico.html\">Ciudad de M\u00e9xico<\/a><\/strong>. Adem\u00e1s, su innovador dise\u00f1o la hace pionera en el rescate de los inmuebles que originalmente ocupan los terrenos y por su ingenier\u00eda amigable con el medio ambiente.<\/p>\n<figure class=\"wp-block-image\"><img decoding=\"async\" class=\"wp-image-58814\" src=\"https:\/\/www.mexicodesconocido.com.mx\/wp-content\/uploads\/2019\/10\/torre-reforma-640x360.jpg\" alt=\"\" \/><figcaption><\/figcaption><\/figure>\n<p>Por si fuera poco, la Torre Reforma posee una alta resistencia a la actividad s\u00edsmica, lo cual la convierte en uno de los edificios m\u00e1s seguros de la\u00a0<a href=\"https:\/\/www.mexicodesconocido.com.mx\/100-cosas-hacer-ciudad-mexico.html\">CDMX<\/a>. Tambi\u00e9n posee un sistema de ahorro de energ\u00eda el\u00e9ctrica y agua, adem\u00e1s de no emitir drenajes hacia la ciudad.<\/p>\n<p>El arquitecto\u00a0<strong>Benjam\u00edn Romano inici\u00f3 sus estudios en la\u00a0<a href=\"https:\/\/www.mexicodesconocido.com.mx\/8-bibliotecas-para-visitar-en-la-cdmx.html\">Universidad Iberoamericana<\/a>\u00a0y fue disc\u00edpulo del ingeniero Heberto Castillo. Sus proyectos son s\u00edmbolo de sustentabilidad y vanguardia tecnol\u00f3gica<\/strong>. Actualmente se desempe\u00f1a como docente en su Alma M\u00e1ter.<\/p>\n<figure class=\"wp-block-image\"><img decoding=\"async\" class=\"wp-image-58815\" src=\"https:\/\/www.mexicodesconocido.com.mx\/wp-content\/uploads\/2019\/10\/Torre-reforma-instagram.jpg\" alt=\"\" \/><figcaption><\/figcaption><\/figure>\n<h2>Lista completa de \u201cLos 50 rascacielos m\u00e1s influyentes del mundo en los \u00faltimos 50 a\u00f1os\u201d<\/h2>\n<ul>\n<li><a href=\"http:\/\/www.skyscrapercenter.com\/building\/1-bligh-street\/10711\"><strong>1 Bligh Street<\/strong><\/a>\u00a0(Sydney) \u2013 Terminado en 2011<\/li>\n<li><a href=\"http:\/\/www.skyscrapercenter.com\/building\/30-st-mary-axe\/2369\"><strong>30 St Mary Axe<\/strong><\/a>\u00a0(London) \u2013 Terminado en 2004<\/li>\n<li><a href=\"http:\/\/www.skyscrapercenter.com\/building\/333-wacker-drive\/9021\"><strong>333 Wacker Drive<\/strong><\/a>\u00a0(Chicago) \u2013 Terminado en 1983<\/li>\n<li><a href=\"http:\/\/www.skyscrapercenter.com\/building\/4-times-square\/907\"><strong>4 Times Square<\/strong><\/a><strong>\u00a0<\/strong>(New York City) \u2013 Terminado en 1999<\/li>\n<li><a href=\"http:\/\/www.skyscrapercenter.com\/building\/550-madison-avenue\/1783\"><strong>550 Madison Avenue<\/strong><\/a><strong>\u00a0<\/strong>(New York City) \u2013 Terminado en 1983<\/li>\n<li><a href=\"http:\/\/www.skyscrapercenter.com\/building\/601-lexington\/648\"><strong>601 Lexington<\/strong><\/a><strong>\u00a0<\/strong>(New York City) \u2013 Terminado en 1977<\/li>\n<li><a href=\"http:\/\/www.skyscrapercenter.com\/building\/875-north-michigan-avenue\/345\"><strong>875 North Michigan Avenue<\/strong><\/a><strong>\u00a0<\/strong>(Chicago) \u2013 Terminado en 1969<\/li>\n<li><a href=\"http:\/\/www.skyscrapercenter.com\/building\/al-bahar-tower-1\/9129\"><strong>Al Bahar Tower 1<\/strong><\/a>\u00a0(Abu Dhabi, United Arab Emirates) \u2013 Terminado en 2012<\/li>\n<li><a href=\"http:\/\/www.skyscrapercenter.com\/building\/ama-plaza\/18349\"><strong>AMA Plaza<\/strong><\/a><strong>\u00a0<\/strong>(Chicago) \u2013 Terminado en 1972<\/li>\n<li><a href=\"http:\/\/www.skyscrapercenter.com\/building\/aqua-at-lakeshore-east\/886\"><strong>Aqua at Lakeshore East<\/strong><\/a><strong>\u00a0<\/strong>(Chicago) \u2013 Terminado en 2009<\/li>\n<li><a href=\"http:\/\/www.skyscrapercenter.com\/building\/bahrain-world-trade-center-1\/998\"><strong>Bahrain World Trade Center 1<\/strong><\/a><strong>\u00a0<\/strong>(Manama, Bahrain) \u2013 Terminado en 2008<\/li>\n<li><a href=\"http:\/\/www.skyscrapercenter.com\/building\/bank-of-america-tower\/291\"><strong>Bank of America Tower<\/strong><\/a><strong>\u00a0<\/strong>(New York City) \u2013 Terminado en 2009<\/li>\n<li><a href=\"http:\/\/www.skyscrapercenter.com\/building\/bank-of-china-tower\/287\"><strong>Bank of China Tower<\/strong><\/a><strong>\u00a0<\/strong>(Hong Kong) \u2013 Terminado en 1990<\/li>\n<li><a href=\"http:\/\/www.skyscrapercenter.com\/building\/bosco-verticale-torre-e\/10248\"><strong>Bosco Verticale Torres<\/strong><\/a><strong>\u00a0<\/strong>(Milan) \u2013 Terminado en 2014<\/li>\n<li><a href=\"http:\/\/www.skyscrapercenter.com\/building\/burj-al-arab\/402\"><strong>Burj Al Arab<\/strong><\/a><strong>\u00a0<\/strong>(Dubai, United Arab Emirates) \u2013 Terminado en 1999<\/li>\n<li><a href=\"http:\/\/www.skyscrapercenter.com\/building\/burj-khalifa\/3\"><strong>Burj Khalifa<\/strong><\/a>\u00a0(Dubai, United Arab Emirates) \u2013 Terminado en 2010<\/li>\n<li><a href=\"http:\/\/www.skyscrapercenter.com\/building\/cctv-headquarters\/1068\"><strong>CCTV Headquarters<\/strong><\/a><strong>\u00a0<\/strong>(Beijing) \u2013 Terminado en 2012<\/li>\n<li><a href=\"http:\/\/www.skyscrapercenter.com\/building\/commerzbank-tower\/780\"><strong>Commerzbank Tower<\/strong><\/a>\u00a0(Frankfurt am Main, Germany) \u2013 Terminado en 1997<\/li>\n<li><a href=\"http:\/\/www.skyscrapercenter.com\/building\/doha-tower\/1083\"><strong>Doha Tower<\/strong><\/a><strong>\u00a0<\/strong>(Doha, Qatar) \u2013 Terminado en 2012<\/li>\n<li><a href=\"http:\/\/www.skyscrapercenter.com\/building\/hearst-tower\/2245\"><strong>Hearst Tower<\/strong><\/a><strong>\u00a0<\/strong>(New York City) \u2013 Terminado en 2006<\/li>\n<li><a href=\"http:\/\/www.skyscrapercenter.com\/building\/hong-kong-and-shanghai-banking-corporation-headquarters\/2408\"><strong>Hong Kong and Shanghai Banking Corporation Headquarters<\/strong><\/a>\u00a0(Hong Kong) \u2013 Terminado en 1985<\/li>\n<li><a href=\"http:\/\/www.skyscrapercenter.com\/building\/international-commerce-centre\/137\"><strong>International Commerce Centre<\/strong><\/a>\u00a0(Hong Kong) \u2013 Terminado en 2010<\/li>\n<li><a href=\"http:\/\/www.skyscrapercenter.com\/building\/jardine-house\/2407\"><strong>Jardine House<\/strong><\/a><strong>\u00a0<\/strong>(Hong Kong) \u2013 Terminado en 1973<\/li>\n<li><a href=\"http:\/\/www.skyscrapercenter.com\/building\/jin-mao-tower\/189\"><strong>Jin Mao Tower<\/strong><\/a><strong>\u00a0<\/strong>(Shanghai) \u2013 Terminado en 1999<\/li>\n<li><a href=\"http:\/\/www.skyscrapercenter.com\/building\/linked-hybrid-t1\/9179\"><strong>Linked Hybrid Tower 1<\/strong><\/a><strong>\u00a0<\/strong>(Beijing) \u2013 Terminado en 2009<\/li>\n<li><a href=\"http:\/\/www.skyscrapercenter.com\/building\/lotte-world-tower\/88\"><strong>Lotte World Tower<\/strong><\/a><strong>\u00a0<\/strong>(Seoul, South Korea) \u2013 Terminado en 2017<\/li>\n<li><a href=\"http:\/\/www.skyscrapercenter.com\/building\/king-power-mahanakhon\/8725\"><strong>MahaNakhon<\/strong><\/a><strong>\u00a0<\/strong>(Bangkok) \u2013 Terminado en 2016<\/li>\n<li><a href=\"http:\/\/www.skyscrapercenter.com\/building\/marina-bay-sands-hotel-1\/2730\"><strong>Marina Bay Sands Hotel<\/strong><\/a><strong>\u00a0<\/strong>(Singapore) \u2013 Terminado en 2010<\/li>\n<li><a href=\"http:\/\/www.skyscrapercenter.com\/building\/mode-gakuen-cocoon-tower\/1596\"><strong>Mode Gakuen Cocoon Tower<\/strong><\/a><strong>\u00a0<\/strong>(Tokyo) \u2013 Terminado en 2008<\/li>\n<li><a href=\"http:\/\/www.skyscrapercenter.com\/building\/national-commercial-bank\/4655\"><strong>National Commercial Bank<\/strong><\/a><strong>\u00a0<\/strong>(Jeddah, Saudi Arabia) \u2013 Terminado en 1983<\/li>\n<li><a href=\"http:\/\/www.skyscrapercenter.com\/building\/one-central-park\/10710\"><strong>One Central Park<\/strong><\/a>\u00a0(Sydney) \u2013 Terminado en 2014<\/li>\n<li><a href=\"http:\/\/www.skyscrapercenter.com\/building\/one-world-trade-center\/98\"><strong>One World Trade Center<\/strong><\/a><strong>\u00a0<\/strong>(New York City) \u2013 Terminado en 2014<\/li>\n<li><a href=\"http:\/\/www.skyscrapercenter.com\/building\/parkroyal-on-pickering\/14115\"><strong>PARKROYAL on Pickering<\/strong><\/a>\u00a0(Singapore) \u2013 Terminado en 2013<\/li>\n<li><a href=\"http:\/\/www.skyscrapercenter.com\/building\/pearl-river-tower\/454\"><strong>Pearl River Tower<\/strong><\/a><strong>\u00a0<\/strong>(Guangzhou, China) \u2013 Terminado en 2013<\/li>\n<li><a href=\"http:\/\/www.skyscrapercenter.com\/building\/petronas-twin-tower-1\/149\"><strong>Petronas Twin Towers<\/strong><\/a><strong>\u00a0<\/strong>(Kuala Lumpur, Malaysia) \u2013 Terminado en 1998<\/li>\n<li><a href=\"http:\/\/www.skyscrapercenter.com\/building\/post-turm\/3189\"><strong>Post Turm<\/strong><\/a><strong>\u00a0<\/strong>(Bonn, Germany) \u2013 Terminado en 2002<\/li>\n<li><a href=\"http:\/\/www.skyscrapercenter.com\/building\/salesforce-tower\/290\"><strong>Salesforce Tower<\/strong><\/a><strong>\u00a0<\/strong>(San Francisco) \u2013 Terminado en 2018<\/li>\n<li><a href=\"http:\/\/www.skyscrapercenter.com\/building\/shanghai-tower\/56\"><strong>Shanghai Tower<\/strong><\/a><strong>\u00a0<\/strong>(Shanghai) \u2013 Terminado en 2015<\/li>\n<li><a href=\"http:\/\/www.skyscrapercenter.com\/building\/shanghai-world-financial-center\/131\"><strong>Shanghai World Financial Center<\/strong><\/a><strong>\u00a0<\/strong>(Shanghai) \u2013 Terminado en 2008<\/li>\n<li><a href=\"http:\/\/www.skyscrapercenter.com\/building\/taipei-101\/117\"><strong>TAIPEI 101<\/strong><\/a>\u00a0(Taipei, Taiwan) \u2013 Terminado en 2004<\/li>\n<li><a href=\"http:\/\/www.skyscrapercenter.com\/building\/the-leadenhall-building\/1194\"><strong>The Leadenhall Building<\/strong><\/a><strong>\u00a0<\/strong>(London) \u2013 Terminado en 2014<\/li>\n<li><a href=\"http:\/\/www.skyscrapercenter.com\/building\/the-lloyds-building\/9575\"><strong>The Lloyd\u2019s Building<\/strong><\/a><strong>\u00a0<\/strong>(London) \u2013 Terminado en 1986<\/li>\n<li><a href=\"http:\/\/www.skyscrapercenter.com\/building\/the-shard\/451\"><strong>The Shard<\/strong><\/a><strong>\u00a0<\/strong>(London) \u2013 Terminado en 2013<\/li>\n<li><a href=\"http:\/\/www.skyscrapercenter.com\/building\/torre-costanera\/521\"><strong>Torre Costanera<\/strong><\/a><strong>\u00a0<\/strong>(Santiago, Chile) \u2013 Terminado en 2014<\/li>\n<li><a href=\"http:\/\/www.skyscrapercenter.com\/building\/torre-reforma\/942\"><strong>Torre Reforma<\/strong><\/a><strong>\u00a0(Mexico City) \u2013 Terminado en 2016<\/strong><\/li>\n<li><a href=\"http:\/\/www.skyscrapercenter.com\/building\/tour-first\/993\"><strong>Tour First<\/strong><\/a><strong>\u00a0<\/strong>(Courbevoie, France) \u2013 Terminado en 2011<\/li>\n<li><a href=\"http:\/\/www.skyscrapercenter.com\/building\/transamerica-pyramid-center\/772\"><strong>Transamerica Pyramid Center<\/strong><\/a><strong>\u00a0<\/strong>(San Francisco) \u2013 Terminado en 1972<\/li>\n<li><a href=\"http:\/\/www.skyscrapercenter.com\/building\/turning-torso\/1979\"><strong>Turning Torso<\/strong><\/a><strong>\u00a0<\/strong>(Malmo, Sweden) \u2013 Terminado en 2005<\/li>\n<li><a href=\"http:\/\/www.skyscrapercenter.com\/building\/us-bank-tower\/445\"><strong>U.S. Bank Tower<\/strong><\/a><strong>\u00a0<\/strong>(Los Angeles) \u2013 Terminado en 1990<\/li>\n<li><a href=\"http:\/\/www.skyscrapercenter.com\/building\/willis-tower\/169\"><strong>Willis Tower<\/strong><\/a>\u00a0(Chicago) \u2013 Terminado en 1974<\/li>\n<\/ul>\n<h4><strong>Fuente:<\/strong> M\u00e9xico\u00a0Desconocido<\/h4>\n<p>por:<\/p>\n<div class=\"writter\">\n<figure><img decoding=\"async\" class=\"avatar avatar-32 photo\" src=\"https:\/\/www.mexicodesconocido.com.mx\/wp-content\/uploads\/2019\/03\/55641796_10216645130693887_5336292682534748160_n-1-150x150.jpg\" alt=\"mm\" width=\"32\" height=\"32\" \/><\/figure>\n<h4><a title=\"Entradas de Rodrigo Osegueda\" href=\"https:\/\/www.mexicodesconocido.com.mx\/author\/rosegueda\" rel=\"author\">Rodrigo Osegueda<\/a><\/h4>\n<section class=\"author_desc\">Fil\u00f3sofo por formaci\u00f3n. Contempla el alma e imaginaci\u00f3n de M\u00e9xico.<\/section>\n<\/div>\n","protected":false},"excerpt":{"rendered":"<p>La Torre Reforma fue escogida como una de los 50 edificios m\u00e1s influyentes de los \u00faltimos 50 a\u00f1os. Te contamos sobre esta maravilla arquitect\u00f3nica. El Council on Tall Buildings and Urban Habitat (CTBUH), un organismo internacional que se especializa en altas edificaciones y dise\u00f1o urbano,\u00a0reconoci\u00f3 a la Torre Reforma del arquitecto mexicano Benjam\u00edn Romano dentro&hellip;<\/p>\n","protected":false},"author":1,"featured_media":6941,"comment_status":"closed","ping_status":"open","sticky":false,"template":"","format":"standard","meta":{"_jetpack_memberships_contains_paid_content":false,"footnotes":"","jetpack_publicize_message":"","jetpack_publicize_feature_enabled":true,"jetpack_social_post_already_shared":false,"jetpack_social_options":{"image_generator_settings":{"template":"highway","default_image_id":0,"font":"","enabled":false},"version":2}},"categories":[1],"tags":[],"class_list":["post-6934","post","type-post","status-publish","format-standard","has-post-thumbnail","hentry","category-sin-categoria"],"yoast_head":"<!-- This site is optimized with the Yoast SEO plugin v26.3 - https:\/\/yoast.com\/wordpress\/plugins\/seo\/ -->\r\n<title>Torre Reforma, uno de los 50 rascacielos m\u00e1s importantes del planeta - Difusi\u00f3n Cultural<\/title>\r\n<meta name=\"robots\" content=\"index, follow, max-snippet:-1, max-image-preview:large, max-video-preview:-1\" \/>\r\n<link rel=\"canonical\" href=\"https:\/\/blogs.uninter.edu.mx\/difusioncultural\/?p=6934\" \/>\r\n<meta property=\"og:locale\" content=\"es_MX\" \/>\r\n<meta property=\"og:type\" content=\"article\" \/>\r\n<meta property=\"og:title\" content=\"Torre Reforma, uno de los 50 rascacielos m\u00e1s importantes del planeta - Difusi\u00f3n Cultural\" \/>\r\n<meta property=\"og:description\" content=\"La Torre Reforma fue escogida como una de los 50 edificios m\u00e1s influyentes de los \u00faltimos 50 a\u00f1os. Te contamos sobre esta maravilla arquitect\u00f3nica. El Council on Tall Buildings and Urban Habitat (CTBUH), un organismo internacional que se especializa en altas edificaciones y dise\u00f1o urbano,\u00a0reconoci\u00f3 a la Torre Reforma del arquitecto mexicano Benjam\u00edn Romano dentro&hellip;\" \/>\r\n<meta property=\"og:url\" content=\"https:\/\/blogs.uninter.edu.mx\/difusioncultural\/?p=6934\" \/>\r\n<meta property=\"og:site_name\" content=\"Difusi\u00f3n Cultural\" \/>\r\n<meta property=\"article:published_time\" content=\"2019-10-15T14:00:01+00:00\" \/>\r\n<meta property=\"og:image\" content=\"https:\/\/blogs.uninter.edu.mx\/difusioncultural\/wp-content\/uploads\/2019\/10\/torre-reforma-rascacielos-innovador-mundo_0_0_960_598.jpg\" \/>\r\n\t<meta property=\"og:image:width\" content=\"958\" \/>\r\n\t<meta property=\"og:image:height\" content=\"596\" \/>\r\n\t<meta property=\"og:image:type\" content=\"image\/jpeg\" \/>\r\n<meta name=\"author\" content=\"webmaster\" \/>\r\n<meta name=\"twitter:card\" content=\"summary_large_image\" \/>\r\n<meta name=\"twitter:label1\" content=\"Escrito por\" \/>\n\t<meta name=\"twitter:data1\" content=\"webmaster\" \/>\n\t<meta name=\"twitter:label2\" content=\"Tiempo de lectura\" \/>\n\t<meta name=\"twitter:data2\" content=\"3 minutos\" \/>\r\n<script type=\"application\/ld+json\" class=\"yoast-schema-graph\">{\"@context\":\"https:\/\/schema.org\",\"@graph\":[{\"@type\":\"Article\",\"@id\":\"https:\/\/blogs.uninter.edu.mx\/difusioncultural\/?p=6934#article\",\"isPartOf\":{\"@id\":\"https:\/\/blogs.uninter.edu.mx\/difusioncultural\/?p=6934\"},\"author\":{\"name\":\"webmaster\",\"@id\":\"https:\/\/blogs.uninter.edu.mx\/difusioncultural\/#\/schema\/person\/37a0926f4dd300a814993fd595abdc4a\"},\"headline\":\"Torre Reforma, uno de los 50 rascacielos m\u00e1s importantes del planeta\",\"datePublished\":\"2019-10-15T14:00:01+00:00\",\"mainEntityOfPage\":{\"@id\":\"https:\/\/blogs.uninter.edu.mx\/difusioncultural\/?p=6934\"},\"wordCount\":643,\"publisher\":{\"@id\":\"https:\/\/blogs.uninter.edu.mx\/difusioncultural\/#organization\"},\"image\":{\"@id\":\"https:\/\/blogs.uninter.edu.mx\/difusioncultural\/?p=6934#primaryimage\"},\"thumbnailUrl\":\"https:\/\/blogs.uninter.edu.mx\/difusioncultural\/wp-content\/uploads\/2019\/10\/torre-reforma-rascacielos-innovador-mundo_0_0_960_598.jpg\",\"inLanguage\":\"es\"},{\"@type\":\"WebPage\",\"@id\":\"https:\/\/blogs.uninter.edu.mx\/difusioncultural\/?p=6934\",\"url\":\"https:\/\/blogs.uninter.edu.mx\/difusioncultural\/?p=6934\",\"name\":\"Torre Reforma, uno de los 50 rascacielos m\u00e1s importantes del planeta - Difusi\u00f3n Cultural\",\"isPartOf\":{\"@id\":\"https:\/\/blogs.uninter.edu.mx\/difusioncultural\/#website\"},\"primaryImageOfPage\":{\"@id\":\"https:\/\/blogs.uninter.edu.mx\/difusioncultural\/?p=6934#primaryimage\"},\"image\":{\"@id\":\"https:\/\/blogs.uninter.edu.mx\/difusioncultural\/?p=6934#primaryimage\"},\"thumbnailUrl\":\"https:\/\/blogs.uninter.edu.mx\/difusioncultural\/wp-content\/uploads\/2019\/10\/torre-reforma-rascacielos-innovador-mundo_0_0_960_598.jpg\",\"datePublished\":\"2019-10-15T14:00:01+00:00\",\"breadcrumb\":{\"@id\":\"https:\/\/blogs.uninter.edu.mx\/difusioncultural\/?p=6934#breadcrumb\"},\"inLanguage\":\"es\",\"potentialAction\":[{\"@type\":\"ReadAction\",\"target\":[\"https:\/\/blogs.uninter.edu.mx\/difusioncultural\/?p=6934\"]}]},{\"@type\":\"ImageObject\",\"inLanguage\":\"es\",\"@id\":\"https:\/\/blogs.uninter.edu.mx\/difusioncultural\/?p=6934#primaryimage\",\"url\":\"https:\/\/blogs.uninter.edu.mx\/difusioncultural\/wp-content\/uploads\/2019\/10\/torre-reforma-rascacielos-innovador-mundo_0_0_960_598.jpg\",\"contentUrl\":\"https:\/\/blogs.uninter.edu.mx\/difusioncultural\/wp-content\/uploads\/2019\/10\/torre-reforma-rascacielos-innovador-mundo_0_0_960_598.jpg\",\"width\":958,\"height\":596},{\"@type\":\"BreadcrumbList\",\"@id\":\"https:\/\/blogs.uninter.edu.mx\/difusioncultural\/?p=6934#breadcrumb\",\"itemListElement\":[{\"@type\":\"ListItem\",\"position\":1,\"name\":\"Inicio\",\"item\":\"https:\/\/blogs.uninter.edu.mx\/difusioncultural\/\"},{\"@type\":\"ListItem\",\"position\":2,\"name\":\"Torre Reforma, uno de los 50 rascacielos m\u00e1s importantes del planeta\"}]},{\"@type\":\"WebSite\",\"@id\":\"https:\/\/blogs.uninter.edu.mx\/difusioncultural\/#website\",\"url\":\"https:\/\/blogs.uninter.edu.mx\/difusioncultural\/\",\"name\":\"Difusi\u00f3n Cultural\",\"description\":\"UNINTER\",\"publisher\":{\"@id\":\"https:\/\/blogs.uninter.edu.mx\/difusioncultural\/#organization\"},\"potentialAction\":[{\"@type\":\"SearchAction\",\"target\":{\"@type\":\"EntryPoint\",\"urlTemplate\":\"https:\/\/blogs.uninter.edu.mx\/difusioncultural\/?s={search_term_string}\"},\"query-input\":{\"@type\":\"PropertyValueSpecification\",\"valueRequired\":true,\"valueName\":\"search_term_string\"}}],\"inLanguage\":\"es\"},{\"@type\":\"Organization\",\"@id\":\"https:\/\/blogs.uninter.edu.mx\/difusioncultural\/#organization\",\"name\":\"Difusi\u00f3n Cultural\",\"url\":\"https:\/\/blogs.uninter.edu.mx\/difusioncultural\/\",\"logo\":{\"@type\":\"ImageObject\",\"inLanguage\":\"es\",\"@id\":\"https:\/\/blogs.uninter.edu.mx\/difusioncultural\/#\/schema\/logo\/image\/\",\"url\":\"https:\/\/blogs.uninter.edu.mx\/difusioncultural\/wp-content\/uploads\/2022\/09\/uninter.jpg\",\"contentUrl\":\"https:\/\/blogs.uninter.edu.mx\/difusioncultural\/wp-content\/uploads\/2022\/09\/uninter.jpg\",\"width\":2048,\"height\":2048,\"caption\":\"Difusi\u00f3n Cultural\"},\"image\":{\"@id\":\"https:\/\/blogs.uninter.edu.mx\/difusioncultural\/#\/schema\/logo\/image\/\"}},{\"@type\":\"Person\",\"@id\":\"https:\/\/blogs.uninter.edu.mx\/difusioncultural\/#\/schema\/person\/37a0926f4dd300a814993fd595abdc4a\",\"name\":\"webmaster\",\"image\":{\"@type\":\"ImageObject\",\"inLanguage\":\"es\",\"@id\":\"https:\/\/blogs.uninter.edu.mx\/difusioncultural\/#\/schema\/person\/image\/\",\"url\":\"https:\/\/secure.gravatar.com\/avatar\/a59c276b01147463ef3aab4118e3137ebc5e1ad6700deb39ccdf8b89e517f7dc?s=96&d=mm&r=g\",\"contentUrl\":\"https:\/\/secure.gravatar.com\/avatar\/a59c276b01147463ef3aab4118e3137ebc5e1ad6700deb39ccdf8b89e517f7dc?s=96&d=mm&r=g\",\"caption\":\"webmaster\"},\"sameAs\":[\"https:\/\/blogs.uninter.edu.mx\/difusioncultural\"],\"url\":\"https:\/\/blogs.uninter.edu.mx\/difusioncultural\/?author=1\"}]}<\/script>\r\n<!-- \/ Yoast SEO plugin. -->","yoast_head_json":{"title":"Torre Reforma, uno de los 50 rascacielos m\u00e1s importantes del planeta - Difusi\u00f3n Cultural","robots":{"index":"index","follow":"follow","max-snippet":"max-snippet:-1","max-image-preview":"max-image-preview:large","max-video-preview":"max-video-preview:-1"},"canonical":"https:\/\/blogs.uninter.edu.mx\/difusioncultural\/?p=6934","og_locale":"es_MX","og_type":"article","og_title":"Torre Reforma, uno de los 50 rascacielos m\u00e1s importantes del planeta - Difusi\u00f3n Cultural","og_description":"La Torre Reforma fue escogida como una de los 50 edificios m\u00e1s influyentes de los \u00faltimos 50 a\u00f1os. Te contamos sobre esta maravilla arquitect\u00f3nica. El Council on Tall Buildings and Urban Habitat (CTBUH), un organismo internacional que se especializa en altas edificaciones y dise\u00f1o urbano,\u00a0reconoci\u00f3 a la Torre Reforma del arquitecto mexicano Benjam\u00edn Romano dentro&hellip;","og_url":"https:\/\/blogs.uninter.edu.mx\/difusioncultural\/?p=6934","og_site_name":"Difusi\u00f3n Cultural","article_published_time":"2019-10-15T14:00:01+00:00","og_image":[{"width":958,"height":596,"url":"https:\/\/blogs.uninter.edu.mx\/difusioncultural\/wp-content\/uploads\/2019\/10\/torre-reforma-rascacielos-innovador-mundo_0_0_960_598.jpg","type":"image\/jpeg"}],"author":"webmaster","twitter_card":"summary_large_image","twitter_misc":{"Escrito por":"webmaster","Tiempo de lectura":"3 minutos"},"schema":{"@context":"https:\/\/schema.org","@graph":[{"@type":"Article","@id":"https:\/\/blogs.uninter.edu.mx\/difusioncultural\/?p=6934#article","isPartOf":{"@id":"https:\/\/blogs.uninter.edu.mx\/difusioncultural\/?p=6934"},"author":{"name":"webmaster","@id":"https:\/\/blogs.uninter.edu.mx\/difusioncultural\/#\/schema\/person\/37a0926f4dd300a814993fd595abdc4a"},"headline":"Torre Reforma, uno de los 50 rascacielos m\u00e1s importantes del planeta","datePublished":"2019-10-15T14:00:01+00:00","mainEntityOfPage":{"@id":"https:\/\/blogs.uninter.edu.mx\/difusioncultural\/?p=6934"},"wordCount":643,"publisher":{"@id":"https:\/\/blogs.uninter.edu.mx\/difusioncultural\/#organization"},"image":{"@id":"https:\/\/blogs.uninter.edu.mx\/difusioncultural\/?p=6934#primaryimage"},"thumbnailUrl":"https:\/\/blogs.uninter.edu.mx\/difusioncultural\/wp-content\/uploads\/2019\/10\/torre-reforma-rascacielos-innovador-mundo_0_0_960_598.jpg","inLanguage":"es"},{"@type":"WebPage","@id":"https:\/\/blogs.uninter.edu.mx\/difusioncultural\/?p=6934","url":"https:\/\/blogs.uninter.edu.mx\/difusioncultural\/?p=6934","name":"Torre Reforma, uno de los 50 rascacielos m\u00e1s importantes del planeta - Difusi\u00f3n Cultural","isPartOf":{"@id":"https:\/\/blogs.uninter.edu.mx\/difusioncultural\/#website"},"primaryImageOfPage":{"@id":"https:\/\/blogs.uninter.edu.mx\/difusioncultural\/?p=6934#primaryimage"},"image":{"@id":"https:\/\/blogs.uninter.edu.mx\/difusioncultural\/?p=6934#primaryimage"},"thumbnailUrl":"https:\/\/blogs.uninter.edu.mx\/difusioncultural\/wp-content\/uploads\/2019\/10\/torre-reforma-rascacielos-innovador-mundo_0_0_960_598.jpg","datePublished":"2019-10-15T14:00:01+00:00","breadcrumb":{"@id":"https:\/\/blogs.uninter.edu.mx\/difusioncultural\/?p=6934#breadcrumb"},"inLanguage":"es","potentialAction":[{"@type":"ReadAction","target":["https:\/\/blogs.uninter.edu.mx\/difusioncultural\/?p=6934"]}]},{"@type":"ImageObject","inLanguage":"es","@id":"https:\/\/blogs.uninter.edu.mx\/difusioncultural\/?p=6934#primaryimage","url":"https:\/\/blogs.uninter.edu.mx\/difusioncultural\/wp-content\/uploads\/2019\/10\/torre-reforma-rascacielos-innovador-mundo_0_0_960_598.jpg","contentUrl":"https:\/\/blogs.uninter.edu.mx\/difusioncultural\/wp-content\/uploads\/2019\/10\/torre-reforma-rascacielos-innovador-mundo_0_0_960_598.jpg","width":958,"height":596},{"@type":"BreadcrumbList","@id":"https:\/\/blogs.uninter.edu.mx\/difusioncultural\/?p=6934#breadcrumb","itemListElement":[{"@type":"ListItem","position":1,"name":"Inicio","item":"https:\/\/blogs.uninter.edu.mx\/difusioncultural\/"},{"@type":"ListItem","position":2,"name":"Torre Reforma, uno de los 50 rascacielos m\u00e1s importantes del planeta"}]},{"@type":"WebSite","@id":"https:\/\/blogs.uninter.edu.mx\/difusioncultural\/#website","url":"https:\/\/blogs.uninter.edu.mx\/difusioncultural\/","name":"Difusi\u00f3n Cultural","description":"UNINTER","publisher":{"@id":"https:\/\/blogs.uninter.edu.mx\/difusioncultural\/#organization"},"potentialAction":[{"@type":"SearchAction","target":{"@type":"EntryPoint","urlTemplate":"https:\/\/blogs.uninter.edu.mx\/difusioncultural\/?s={search_term_string}"},"query-input":{"@type":"PropertyValueSpecification","valueRequired":true,"valueName":"search_term_string"}}],"inLanguage":"es"},{"@type":"Organization","@id":"https:\/\/blogs.uninter.edu.mx\/difusioncultural\/#organization","name":"Difusi\u00f3n Cultural","url":"https:\/\/blogs.uninter.edu.mx\/difusioncultural\/","logo":{"@type":"ImageObject","inLanguage":"es","@id":"https:\/\/blogs.uninter.edu.mx\/difusioncultural\/#\/schema\/logo\/image\/","url":"https:\/\/blogs.uninter.edu.mx\/difusioncultural\/wp-content\/uploads\/2022\/09\/uninter.jpg","contentUrl":"https:\/\/blogs.uninter.edu.mx\/difusioncultural\/wp-content\/uploads\/2022\/09\/uninter.jpg","width":2048,"height":2048,"caption":"Difusi\u00f3n Cultural"},"image":{"@id":"https:\/\/blogs.uninter.edu.mx\/difusioncultural\/#\/schema\/logo\/image\/"}},{"@type":"Person","@id":"https:\/\/blogs.uninter.edu.mx\/difusioncultural\/#\/schema\/person\/37a0926f4dd300a814993fd595abdc4a","name":"webmaster","image":{"@type":"ImageObject","inLanguage":"es","@id":"https:\/\/blogs.uninter.edu.mx\/difusioncultural\/#\/schema\/person\/image\/","url":"https:\/\/secure.gravatar.com\/avatar\/a59c276b01147463ef3aab4118e3137ebc5e1ad6700deb39ccdf8b89e517f7dc?s=96&d=mm&r=g","contentUrl":"https:\/\/secure.gravatar.com\/avatar\/a59c276b01147463ef3aab4118e3137ebc5e1ad6700deb39ccdf8b89e517f7dc?s=96&d=mm&r=g","caption":"webmaster"},"sameAs":["https:\/\/blogs.uninter.edu.mx\/difusioncultural"],"url":"https:\/\/blogs.uninter.edu.mx\/difusioncultural\/?author=1"}]}},"jetpack_publicize_connections":[],"jetpack_featured_media_url":"https:\/\/blogs.uninter.edu.mx\/difusioncultural\/wp-content\/uploads\/2019\/10\/torre-reforma-rascacielos-innovador-mundo_0_0_960_598.jpg","jetpack_sharing_enabled":true,"_links":{"self":[{"href":"https:\/\/blogs.uninter.edu.mx\/difusioncultural\/index.php?rest_route=\/wp\/v2\/posts\/6934","targetHints":{"allow":["GET"]}}],"collection":[{"href":"https:\/\/blogs.uninter.edu.mx\/difusioncultural\/index.php?rest_route=\/wp\/v2\/posts"}],"about":[{"href":"https:\/\/blogs.uninter.edu.mx\/difusioncultural\/index.php?rest_route=\/wp\/v2\/types\/post"}],"author":[{"embeddable":true,"href":"https:\/\/blogs.uninter.edu.mx\/difusioncultural\/index.php?rest_route=\/wp\/v2\/users\/1"}],"replies":[{"embeddable":true,"href":"https:\/\/blogs.uninter.edu.mx\/difusioncultural\/index.php?rest_route=%2Fwp%2Fv2%2Fcomments&post=6934"}],"version-history":[{"count":0,"href":"https:\/\/blogs.uninter.edu.mx\/difusioncultural\/index.php?rest_route=\/wp\/v2\/posts\/6934\/revisions"}],"wp:featuredmedia":[{"embeddable":true,"href":"https:\/\/blogs.uninter.edu.mx\/difusioncultural\/index.php?rest_route=\/wp\/v2\/media\/6941"}],"wp:attachment":[{"href":"https:\/\/blogs.uninter.edu.mx\/difusioncultural\/index.php?rest_route=%2Fwp%2Fv2%2Fmedia&parent=6934"}],"wp:term":[{"taxonomy":"category","embeddable":true,"href":"https:\/\/blogs.uninter.edu.mx\/difusioncultural\/index.php?rest_route=%2Fwp%2Fv2%2Fcategories&post=6934"},{"taxonomy":"post_tag","embeddable":true,"href":"https:\/\/blogs.uninter.edu.mx\/difusioncultural\/index.php?rest_route=%2Fwp%2Fv2%2Ftags&post=6934"}],"curies":[{"name":"wp","href":"https:\/\/api.w.org\/{rel}","templated":true}]}}