{"id":6943,"date":"2019-10-17T09:00:00","date_gmt":"2019-10-17T14:00:00","guid":{"rendered":"https:\/\/difusionculturaluninter.wordpress.com\/?p=6943"},"modified":"2019-10-17T09:00:00","modified_gmt":"2019-10-17T14:00:00","slug":"la-leyenda-del-hombre-que-no-quiso-poner-ofrenda","status":"publish","type":"post","link":"https:\/\/blogs.uninter.edu.mx\/difusioncultural\/?p=6943","title":{"rendered":"La leyenda del hombre que no quiso poner ofrenda"},"content":{"rendered":"<section class=\"data_note\">\n<h2 class=\"intro\">Te compartimos la leyenda del hombre que no quiso poner ofrenda y de la tristeza que provoc\u00f3 en sus muertos, as\u00ed como de la desgracia que acarre\u00f3 para s\u00ed mismo.<\/h2>\n<\/section>\n<figure class=\"mainImg\"><img decoding=\"async\" src=\"https:\/\/www.mexicodesconocido.com.mx\/wp-content\/uploads\/2019\/10\/DydMf8SUYAUsyIQ.jpg\" alt=\"La leyenda del hombre que no quiso poner ofrenda\" \/><figcaption>Guadalupe Posada<\/figcaption><\/figure>\n<div class=\"writter\"><\/div>\n<p>Para los mexicanos celebrar el\u00a0<a href=\"https:\/\/www.mexicodesconocido.com.mx\/el-dia-de-muertos-en-mexico.html\">D\u00eda de Muertos<\/a>\u00a0y colocar ofrendas dedicadas a nuestros fieles difuntos no solo es una tradici\u00f3n sino un deber pues, seg\u00fan cuentan, ellos son los encargados de protegernos e interceder por nosotros en el M\u00e1s All\u00e1. Sin embargo, no toda la gente simpatiza con esta costumbre. Un ejemplo es\u00a0<strong>Felipe, el protagonista de la leyenda que te compartimos a continuaci\u00f3n.<\/strong>\u00a0\u00bfLa conoc\u00edas?<\/p>\n<h2>La leyenda del hombre que no quiso poner ofrenda<\/h2>\n<p>Faltaba poco para que el mes de octubre terminara,\u00a0<strong>el fr\u00edo ya hab\u00eda comenzado a hacer sus primeras apariciones\u00a0<\/strong>y con \u00e9l se acercaba una de las fechas m\u00e1s importantes para los mexicanos: el D\u00eda de Muertos.<\/p>\n<figure class=\"wp-block-image\"><img decoding=\"async\" class=\"wp-image-58383\" src=\"https:\/\/www.mexicodesconocido.com.mx\/wp-content\/uploads\/2019\/10\/posdada-36.jpg\" alt=\"\" \/><figcaption><\/figcaption><\/figure>\n<p><strong>La gente de Tlaxcala empez\u00f3 a sacar sus ahorros y a comprar algunos de los ingredientes para el mole o los distintos guisos que preparar\u00edan para sus difuntos.\u00a0<\/strong>Todos lo hicieron menos Felipe, un hombre humilde, medio holgaz\u00e1n e incr\u00e9dulo al que de la nada le hab\u00eda dado por pensar que la tradici\u00f3n de las ofrendas era un invento para mantener a los pobres ocupados.<\/p>\n<p><strong>Pasaron los d\u00edas y Felipe segu\u00eda igual. Se neg\u00f3 a las s\u00faplicas de Hortensia, su esposa, de darle dinero para los alimentos.\u00a0<\/strong>Al ver que su insistencia era in\u00fatil, Hortensia se esforz\u00f3 por lavar ropa ajena y conseguir algunas monedas. No obstante, apenas le alcanz\u00f3 para comprar veladoras.<\/p>\n<h2>Un encuentro aterrador y triste<\/h2>\n<p>Lleg\u00f3 la noche del 31 y Felipe le dijo a Hortensia que ir\u00eda al monte a cortar le\u00f1a. No obstante, antes de eso y como era su costumbre,\u00a0<strong>pas\u00f3 a una pulquer\u00eda a gastar los pocos centavos que le quedaban. Felipe se emborrach\u00f3 junto con sus amigos.<\/strong>\u00a0Los hombres hablaban de sus familias y los chismes del pueblo hasta que llegaron al tema de las ofrendas.<\/p>\n<p>En ese momento, las risas se detuvieron y las caras se les pusieron serias.\u00a0<strong>Incluso Jos\u00e9, el m\u00e1s valiente de todos comenz\u00f3 a llorar la muerte de su madrecita santa.<\/strong>\u00a0Luego coment\u00f3 que no importaba porque mientras \u00e9l viviera ella lo har\u00eda junto con \u00e9l en su memoria. Adem\u00e1s, junto con su esposa ya le hab\u00edas\u00a1n preparado una rica ofrenda con un rico mole de guajolote. Sin embargo, Felipe se burl\u00f3 de la tradici\u00f3n.<\/p>\n<p>Los hombres contrajeron el rostro y abrieron los ojos porque no pod\u00edan creer lo que escuchaban.\u00a0<strong>Luego, el propio Jos\u00e9 tom\u00f3 la palabra y le dijo que era un ingrato con los muertos pues ellos eran los encargados de interceder con Dios por los vivos.<\/strong>\u00a0Felipe tom\u00f3 sus cosas y haciendo comentarios ir\u00f3nicos y desaprobatorios se encamin\u00f3 hacia el monte.<\/p>\n<figure class=\"wp-block-image\"><img decoding=\"async\" class=\"wp-image-56083\" src=\"https:\/\/www.mexicodesconocido.com.mx\/wp-content\/uploads\/2019\/08\/catrina_jose%CC%81_guadalupe_posadas.jpg\" alt=\"\" \/><figcaption><\/figcaption><\/figure>\n<p>Ah\u00ed lo agarr\u00f3 la madrugada y se qued\u00f3 junto a un ocote.\u00a0<strong>De repente, sin explicaci\u00f3n alguna, vio a una multitud de gente que se dirig\u00eda al pueblo.<\/strong>\u00a0A Felipe se le baj\u00f3 de inmediato la borrachera y en medio del tumulto no solo reconoci\u00f3 a algunos vecinos difuntos sino tambi\u00e9n a sus padres.<\/p>\n<p>Felipe se desmay\u00f3 del susto y despert\u00f3 al d\u00eda siguiente. En ese momento vio c\u00f3mo la procesi\u00f3n regresaba muy contenta. L<strong>os rostros rebozaban felicidad pues en sus manos llevaban itacates con deliciosos guisados y bebidas de distintos tipos.<\/strong>\u00a0Incluso, los ni\u00f1os llevaban consigo juguetes y dulces de muchos colores.<\/p>\n<p><strong>Toda la gente iba feliz excepto los padres de Felipe quienes solo llevaban un trozo de ocote quemado.<\/strong>\u00a0Cuando vio la expresi\u00f3n de decepci\u00f3n y tristeza en sus padres, Felipe se sinti\u00f3 terrible y les pregunt\u00f3 porqu\u00e9 estaban as\u00ed.<\/p>\n<p>\u2013Pero\u00a0<strong>qu\u00e9 ingrato eres, Felipe, ya nos est\u00e1s olvidando, mira lo que nos dejaste, solo un trozo de ocote y adem\u00e1s quemado<\/strong>\u00a0\u2013respondieron. Felipe no solo record\u00f3 que no hab\u00eda querido poner la ofrenda sino sus contin\u00faas burlas hacia la tradici\u00f3n. Por ello, con el coraz\u00f3n estremecido y lleno de culpa, Felipe les pidi\u00f3 que lo esperaran y corri\u00f3 a su casa por algo de comida.<\/p>\n<figure class=\"wp-block-image\"><img decoding=\"async\" class=\"wp-image-58381\" src=\"https:\/\/www.mexicodesconocido.com.mx\/wp-content\/uploads\/2019\/10\/el-que-no-quiso-poner-ofrenda-476x1024.png\" alt=\"\" \/><figcaption><span class=\"media-credit\">Guadalupe Posada<\/span><\/figcaption><\/figure>\n<p>Su esposa le hizo un itacalte r\u00e1pido con frijoles y un guisado que le hab\u00eda dado su mam\u00e1.\u00a0<strong>Felipe corri\u00f3 como nunca en su vida. Sin embargo, era muy tarde. Al d\u00eda siguiente, la gente del pueblo encontr\u00f3 el cuerpo sin vida de Felipe quien ten\u00eda en el rostro una mueca de profundo dolor y el itacate desparramado al lado.<\/strong><\/p>\n<p>Desde entonces se cree que quienes se niegan a poner el altar a sus muertos, pierden la protecci\u00f3n de los mismos y est\u00e1n a disposici\u00f3n de cualquier ser malvado. Por eso,\u00a0<strong>es indispensable no romper con la tradici\u00f3n y colocar cada a\u00f1o una ofrenda dedicada a quienes a\u00fan despu\u00e9s de la muerte son nuestros seres amados y no debemos olvidar.<\/strong><\/p>\n<p><strong>\u00bfY t\u00fa?, \u00bfya est\u00e1s preparando tu ofrenda?<\/strong><\/p>\n<h4>Fuente: Mexico Desconocido<\/h4>\n<p>Por:<\/p>\n<div class=\"writter\">\n<figure><img decoding=\"async\" class=\"avatar avatar-32 photo\" src=\"https:\/\/www.mexicodesconocido.com.mx\/wp-content\/uploads\/2018\/08\/14344868_1178906515514051_3153755703647895506_n.jpg\" alt=\"mm\" width=\"142\" height=\"142\" \/><\/figure>\n<h4><a title=\"Entradas de Stefany Cisneros\" href=\"https:\/\/www.mexicodesconocido.com.mx\/author\/stefany-cisneros\" rel=\"author\">Stefany Cisneros<\/a><\/h4>\n<p>Colaboradora y editora SEO en M\u00e9xico desconocido, amante de los viajes, la literatura y la cultura mexicana.<\/p>\n<\/div>\n<div class=\"publicidad\"><\/div>\n","protected":false},"excerpt":{"rendered":"<p>Te compartimos la leyenda del hombre que no quiso poner ofrenda y de la tristeza que provoc\u00f3 en sus muertos, as\u00ed como de la desgracia que acarre\u00f3 para s\u00ed mismo. Guadalupe Posada Para los mexicanos celebrar el\u00a0D\u00eda de Muertos\u00a0y colocar ofrendas dedicadas a nuestros fieles difuntos no solo es una tradici\u00f3n sino un deber pues,&hellip;<\/p>\n","protected":false},"author":1,"featured_media":6948,"comment_status":"closed","ping_status":"open","sticky":false,"template":"","format":"standard","meta":{"_jetpack_memberships_contains_paid_content":false,"footnotes":"","jetpack_publicize_message":"","jetpack_publicize_feature_enabled":true,"jetpack_social_post_already_shared":false,"jetpack_social_options":{"image_generator_settings":{"template":"highway","default_image_id":0,"font":"","enabled":false},"version":2}},"categories":[1],"tags":[],"class_list":["post-6943","post","type-post","status-publish","format-standard","has-post-thumbnail","hentry","category-sin-categoria"],"yoast_head":"<!-- This site is optimized with the Yoast SEO plugin v26.3 - https:\/\/yoast.com\/wordpress\/plugins\/seo\/ -->\r\n<title>La leyenda del hombre que no quiso poner ofrenda - Difusi\u00f3n Cultural<\/title>\r\n<meta name=\"robots\" content=\"index, follow, max-snippet:-1, max-image-preview:large, max-video-preview:-1\" \/>\r\n<link rel=\"canonical\" href=\"https:\/\/blogs.uninter.edu.mx\/difusioncultural\/?p=6943\" \/>\r\n<meta property=\"og:locale\" content=\"es_MX\" \/>\r\n<meta property=\"og:type\" content=\"article\" \/>\r\n<meta property=\"og:title\" content=\"La leyenda del hombre que no quiso poner ofrenda - Difusi\u00f3n Cultural\" \/>\r\n<meta property=\"og:description\" content=\"Te compartimos la leyenda del hombre que no quiso poner ofrenda y de la tristeza que provoc\u00f3 en sus muertos, as\u00ed como de la desgracia que acarre\u00f3 para s\u00ed mismo. Guadalupe Posada Para los mexicanos celebrar el\u00a0D\u00eda de Muertos\u00a0y colocar ofrendas dedicadas a nuestros fieles difuntos no solo es una tradici\u00f3n sino un deber pues,&hellip;\" \/>\r\n<meta property=\"og:url\" content=\"https:\/\/blogs.uninter.edu.mx\/difusioncultural\/?p=6943\" \/>\r\n<meta property=\"og:site_name\" content=\"Difusi\u00f3n Cultural\" \/>\r\n<meta property=\"article:published_time\" content=\"2019-10-17T14:00:00+00:00\" \/>\r\n<meta property=\"og:image\" content=\"https:\/\/blogs.uninter.edu.mx\/difusioncultural\/wp-content\/uploads\/2019\/10\/ofrenda.jpg\" \/>\r\n\t<meta property=\"og:image:width\" content=\"958\" \/>\r\n\t<meta property=\"og:image:height\" content=\"596\" \/>\r\n\t<meta property=\"og:image:type\" content=\"image\/jpeg\" \/>\r\n<meta name=\"author\" content=\"webmaster\" \/>\r\n<meta name=\"twitter:card\" content=\"summary_large_image\" \/>\r\n<meta name=\"twitter:label1\" content=\"Escrito por\" \/>\n\t<meta name=\"twitter:data1\" content=\"webmaster\" \/>\n\t<meta name=\"twitter:label2\" content=\"Tiempo de lectura\" \/>\n\t<meta name=\"twitter:data2\" content=\"4 minutos\" \/>\r\n<script type=\"application\/ld+json\" class=\"yoast-schema-graph\">{\"@context\":\"https:\/\/schema.org\",\"@graph\":[{\"@type\":\"Article\",\"@id\":\"https:\/\/blogs.uninter.edu.mx\/difusioncultural\/?p=6943#article\",\"isPartOf\":{\"@id\":\"https:\/\/blogs.uninter.edu.mx\/difusioncultural\/?p=6943\"},\"author\":{\"name\":\"webmaster\",\"@id\":\"https:\/\/blogs.uninter.edu.mx\/difusioncultural\/#\/schema\/person\/37a0926f4dd300a814993fd595abdc4a\"},\"headline\":\"La leyenda del hombre que no quiso poner ofrenda\",\"datePublished\":\"2019-10-17T14:00:00+00:00\",\"mainEntityOfPage\":{\"@id\":\"https:\/\/blogs.uninter.edu.mx\/difusioncultural\/?p=6943\"},\"wordCount\":889,\"publisher\":{\"@id\":\"https:\/\/blogs.uninter.edu.mx\/difusioncultural\/#organization\"},\"image\":{\"@id\":\"https:\/\/blogs.uninter.edu.mx\/difusioncultural\/?p=6943#primaryimage\"},\"thumbnailUrl\":\"https:\/\/blogs.uninter.edu.mx\/difusioncultural\/wp-content\/uploads\/2019\/10\/ofrenda.jpg\",\"inLanguage\":\"es\"},{\"@type\":\"WebPage\",\"@id\":\"https:\/\/blogs.uninter.edu.mx\/difusioncultural\/?p=6943\",\"url\":\"https:\/\/blogs.uninter.edu.mx\/difusioncultural\/?p=6943\",\"name\":\"La leyenda del hombre que no quiso poner ofrenda - Difusi\u00f3n Cultural\",\"isPartOf\":{\"@id\":\"https:\/\/blogs.uninter.edu.mx\/difusioncultural\/#website\"},\"primaryImageOfPage\":{\"@id\":\"https:\/\/blogs.uninter.edu.mx\/difusioncultural\/?p=6943#primaryimage\"},\"image\":{\"@id\":\"https:\/\/blogs.uninter.edu.mx\/difusioncultural\/?p=6943#primaryimage\"},\"thumbnailUrl\":\"https:\/\/blogs.uninter.edu.mx\/difusioncultural\/wp-content\/uploads\/2019\/10\/ofrenda.jpg\",\"datePublished\":\"2019-10-17T14:00:00+00:00\",\"breadcrumb\":{\"@id\":\"https:\/\/blogs.uninter.edu.mx\/difusioncultural\/?p=6943#breadcrumb\"},\"inLanguage\":\"es\",\"potentialAction\":[{\"@type\":\"ReadAction\",\"target\":[\"https:\/\/blogs.uninter.edu.mx\/difusioncultural\/?p=6943\"]}]},{\"@type\":\"ImageObject\",\"inLanguage\":\"es\",\"@id\":\"https:\/\/blogs.uninter.edu.mx\/difusioncultural\/?p=6943#primaryimage\",\"url\":\"https:\/\/blogs.uninter.edu.mx\/difusioncultural\/wp-content\/uploads\/2019\/10\/ofrenda.jpg\",\"contentUrl\":\"https:\/\/blogs.uninter.edu.mx\/difusioncultural\/wp-content\/uploads\/2019\/10\/ofrenda.jpg\",\"width\":958,\"height\":596},{\"@type\":\"BreadcrumbList\",\"@id\":\"https:\/\/blogs.uninter.edu.mx\/difusioncultural\/?p=6943#breadcrumb\",\"itemListElement\":[{\"@type\":\"ListItem\",\"position\":1,\"name\":\"Inicio\",\"item\":\"https:\/\/blogs.uninter.edu.mx\/difusioncultural\/\"},{\"@type\":\"ListItem\",\"position\":2,\"name\":\"La leyenda del hombre que no quiso poner ofrenda\"}]},{\"@type\":\"WebSite\",\"@id\":\"https:\/\/blogs.uninter.edu.mx\/difusioncultural\/#website\",\"url\":\"https:\/\/blogs.uninter.edu.mx\/difusioncultural\/\",\"name\":\"Difusi\u00f3n Cultural\",\"description\":\"UNINTER\",\"publisher\":{\"@id\":\"https:\/\/blogs.uninter.edu.mx\/difusioncultural\/#organization\"},\"potentialAction\":[{\"@type\":\"SearchAction\",\"target\":{\"@type\":\"EntryPoint\",\"urlTemplate\":\"https:\/\/blogs.uninter.edu.mx\/difusioncultural\/?s={search_term_string}\"},\"query-input\":{\"@type\":\"PropertyValueSpecification\",\"valueRequired\":true,\"valueName\":\"search_term_string\"}}],\"inLanguage\":\"es\"},{\"@type\":\"Organization\",\"@id\":\"https:\/\/blogs.uninter.edu.mx\/difusioncultural\/#organization\",\"name\":\"Difusi\u00f3n Cultural\",\"url\":\"https:\/\/blogs.uninter.edu.mx\/difusioncultural\/\",\"logo\":{\"@type\":\"ImageObject\",\"inLanguage\":\"es\",\"@id\":\"https:\/\/blogs.uninter.edu.mx\/difusioncultural\/#\/schema\/logo\/image\/\",\"url\":\"https:\/\/blogs.uninter.edu.mx\/difusioncultural\/wp-content\/uploads\/2022\/09\/uninter.jpg\",\"contentUrl\":\"https:\/\/blogs.uninter.edu.mx\/difusioncultural\/wp-content\/uploads\/2022\/09\/uninter.jpg\",\"width\":2048,\"height\":2048,\"caption\":\"Difusi\u00f3n Cultural\"},\"image\":{\"@id\":\"https:\/\/blogs.uninter.edu.mx\/difusioncultural\/#\/schema\/logo\/image\/\"}},{\"@type\":\"Person\",\"@id\":\"https:\/\/blogs.uninter.edu.mx\/difusioncultural\/#\/schema\/person\/37a0926f4dd300a814993fd595abdc4a\",\"name\":\"webmaster\",\"image\":{\"@type\":\"ImageObject\",\"inLanguage\":\"es\",\"@id\":\"https:\/\/blogs.uninter.edu.mx\/difusioncultural\/#\/schema\/person\/image\/\",\"url\":\"https:\/\/secure.gravatar.com\/avatar\/a59c276b01147463ef3aab4118e3137ebc5e1ad6700deb39ccdf8b89e517f7dc?s=96&d=mm&r=g\",\"contentUrl\":\"https:\/\/secure.gravatar.com\/avatar\/a59c276b01147463ef3aab4118e3137ebc5e1ad6700deb39ccdf8b89e517f7dc?s=96&d=mm&r=g\",\"caption\":\"webmaster\"},\"sameAs\":[\"https:\/\/blogs.uninter.edu.mx\/difusioncultural\"],\"url\":\"https:\/\/blogs.uninter.edu.mx\/difusioncultural\/?author=1\"}]}<\/script>\r\n<!-- \/ Yoast SEO plugin. -->","yoast_head_json":{"title":"La leyenda del hombre que no quiso poner ofrenda - Difusi\u00f3n Cultural","robots":{"index":"index","follow":"follow","max-snippet":"max-snippet:-1","max-image-preview":"max-image-preview:large","max-video-preview":"max-video-preview:-1"},"canonical":"https:\/\/blogs.uninter.edu.mx\/difusioncultural\/?p=6943","og_locale":"es_MX","og_type":"article","og_title":"La leyenda del hombre que no quiso poner ofrenda - Difusi\u00f3n Cultural","og_description":"Te compartimos la leyenda del hombre que no quiso poner ofrenda y de la tristeza que provoc\u00f3 en sus muertos, as\u00ed como de la desgracia que acarre\u00f3 para s\u00ed mismo. Guadalupe Posada Para los mexicanos celebrar el\u00a0D\u00eda de Muertos\u00a0y colocar ofrendas dedicadas a nuestros fieles difuntos no solo es una tradici\u00f3n sino un deber pues,&hellip;","og_url":"https:\/\/blogs.uninter.edu.mx\/difusioncultural\/?p=6943","og_site_name":"Difusi\u00f3n Cultural","article_published_time":"2019-10-17T14:00:00+00:00","og_image":[{"width":958,"height":596,"url":"https:\/\/blogs.uninter.edu.mx\/difusioncultural\/wp-content\/uploads\/2019\/10\/ofrenda.jpg","type":"image\/jpeg"}],"author":"webmaster","twitter_card":"summary_large_image","twitter_misc":{"Escrito por":"webmaster","Tiempo de lectura":"4 minutos"},"schema":{"@context":"https:\/\/schema.org","@graph":[{"@type":"Article","@id":"https:\/\/blogs.uninter.edu.mx\/difusioncultural\/?p=6943#article","isPartOf":{"@id":"https:\/\/blogs.uninter.edu.mx\/difusioncultural\/?p=6943"},"author":{"name":"webmaster","@id":"https:\/\/blogs.uninter.edu.mx\/difusioncultural\/#\/schema\/person\/37a0926f4dd300a814993fd595abdc4a"},"headline":"La leyenda del hombre que no quiso poner ofrenda","datePublished":"2019-10-17T14:00:00+00:00","mainEntityOfPage":{"@id":"https:\/\/blogs.uninter.edu.mx\/difusioncultural\/?p=6943"},"wordCount":889,"publisher":{"@id":"https:\/\/blogs.uninter.edu.mx\/difusioncultural\/#organization"},"image":{"@id":"https:\/\/blogs.uninter.edu.mx\/difusioncultural\/?p=6943#primaryimage"},"thumbnailUrl":"https:\/\/blogs.uninter.edu.mx\/difusioncultural\/wp-content\/uploads\/2019\/10\/ofrenda.jpg","inLanguage":"es"},{"@type":"WebPage","@id":"https:\/\/blogs.uninter.edu.mx\/difusioncultural\/?p=6943","url":"https:\/\/blogs.uninter.edu.mx\/difusioncultural\/?p=6943","name":"La leyenda del hombre que no quiso poner ofrenda - Difusi\u00f3n Cultural","isPartOf":{"@id":"https:\/\/blogs.uninter.edu.mx\/difusioncultural\/#website"},"primaryImageOfPage":{"@id":"https:\/\/blogs.uninter.edu.mx\/difusioncultural\/?p=6943#primaryimage"},"image":{"@id":"https:\/\/blogs.uninter.edu.mx\/difusioncultural\/?p=6943#primaryimage"},"thumbnailUrl":"https:\/\/blogs.uninter.edu.mx\/difusioncultural\/wp-content\/uploads\/2019\/10\/ofrenda.jpg","datePublished":"2019-10-17T14:00:00+00:00","breadcrumb":{"@id":"https:\/\/blogs.uninter.edu.mx\/difusioncultural\/?p=6943#breadcrumb"},"inLanguage":"es","potentialAction":[{"@type":"ReadAction","target":["https:\/\/blogs.uninter.edu.mx\/difusioncultural\/?p=6943"]}]},{"@type":"ImageObject","inLanguage":"es","@id":"https:\/\/blogs.uninter.edu.mx\/difusioncultural\/?p=6943#primaryimage","url":"https:\/\/blogs.uninter.edu.mx\/difusioncultural\/wp-content\/uploads\/2019\/10\/ofrenda.jpg","contentUrl":"https:\/\/blogs.uninter.edu.mx\/difusioncultural\/wp-content\/uploads\/2019\/10\/ofrenda.jpg","width":958,"height":596},{"@type":"BreadcrumbList","@id":"https:\/\/blogs.uninter.edu.mx\/difusioncultural\/?p=6943#breadcrumb","itemListElement":[{"@type":"ListItem","position":1,"name":"Inicio","item":"https:\/\/blogs.uninter.edu.mx\/difusioncultural\/"},{"@type":"ListItem","position":2,"name":"La leyenda del hombre que no quiso poner ofrenda"}]},{"@type":"WebSite","@id":"https:\/\/blogs.uninter.edu.mx\/difusioncultural\/#website","url":"https:\/\/blogs.uninter.edu.mx\/difusioncultural\/","name":"Difusi\u00f3n Cultural","description":"UNINTER","publisher":{"@id":"https:\/\/blogs.uninter.edu.mx\/difusioncultural\/#organization"},"potentialAction":[{"@type":"SearchAction","target":{"@type":"EntryPoint","urlTemplate":"https:\/\/blogs.uninter.edu.mx\/difusioncultural\/?s={search_term_string}"},"query-input":{"@type":"PropertyValueSpecification","valueRequired":true,"valueName":"search_term_string"}}],"inLanguage":"es"},{"@type":"Organization","@id":"https:\/\/blogs.uninter.edu.mx\/difusioncultural\/#organization","name":"Difusi\u00f3n Cultural","url":"https:\/\/blogs.uninter.edu.mx\/difusioncultural\/","logo":{"@type":"ImageObject","inLanguage":"es","@id":"https:\/\/blogs.uninter.edu.mx\/difusioncultural\/#\/schema\/logo\/image\/","url":"https:\/\/blogs.uninter.edu.mx\/difusioncultural\/wp-content\/uploads\/2022\/09\/uninter.jpg","contentUrl":"https:\/\/blogs.uninter.edu.mx\/difusioncultural\/wp-content\/uploads\/2022\/09\/uninter.jpg","width":2048,"height":2048,"caption":"Difusi\u00f3n Cultural"},"image":{"@id":"https:\/\/blogs.uninter.edu.mx\/difusioncultural\/#\/schema\/logo\/image\/"}},{"@type":"Person","@id":"https:\/\/blogs.uninter.edu.mx\/difusioncultural\/#\/schema\/person\/37a0926f4dd300a814993fd595abdc4a","name":"webmaster","image":{"@type":"ImageObject","inLanguage":"es","@id":"https:\/\/blogs.uninter.edu.mx\/difusioncultural\/#\/schema\/person\/image\/","url":"https:\/\/secure.gravatar.com\/avatar\/a59c276b01147463ef3aab4118e3137ebc5e1ad6700deb39ccdf8b89e517f7dc?s=96&d=mm&r=g","contentUrl":"https:\/\/secure.gravatar.com\/avatar\/a59c276b01147463ef3aab4118e3137ebc5e1ad6700deb39ccdf8b89e517f7dc?s=96&d=mm&r=g","caption":"webmaster"},"sameAs":["https:\/\/blogs.uninter.edu.mx\/difusioncultural"],"url":"https:\/\/blogs.uninter.edu.mx\/difusioncultural\/?author=1"}]}},"jetpack_publicize_connections":[],"jetpack_featured_media_url":"https:\/\/blogs.uninter.edu.mx\/difusioncultural\/wp-content\/uploads\/2019\/10\/ofrenda.jpg","jetpack_sharing_enabled":true,"_links":{"self":[{"href":"https:\/\/blogs.uninter.edu.mx\/difusioncultural\/index.php?rest_route=\/wp\/v2\/posts\/6943","targetHints":{"allow":["GET"]}}],"collection":[{"href":"https:\/\/blogs.uninter.edu.mx\/difusioncultural\/index.php?rest_route=\/wp\/v2\/posts"}],"about":[{"href":"https:\/\/blogs.uninter.edu.mx\/difusioncultural\/index.php?rest_route=\/wp\/v2\/types\/post"}],"author":[{"embeddable":true,"href":"https:\/\/blogs.uninter.edu.mx\/difusioncultural\/index.php?rest_route=\/wp\/v2\/users\/1"}],"replies":[{"embeddable":true,"href":"https:\/\/blogs.uninter.edu.mx\/difusioncultural\/index.php?rest_route=%2Fwp%2Fv2%2Fcomments&post=6943"}],"version-history":[{"count":0,"href":"https:\/\/blogs.uninter.edu.mx\/difusioncultural\/index.php?rest_route=\/wp\/v2\/posts\/6943\/revisions"}],"wp:featuredmedia":[{"embeddable":true,"href":"https:\/\/blogs.uninter.edu.mx\/difusioncultural\/index.php?rest_route=\/wp\/v2\/media\/6948"}],"wp:attachment":[{"href":"https:\/\/blogs.uninter.edu.mx\/difusioncultural\/index.php?rest_route=%2Fwp%2Fv2%2Fmedia&parent=6943"}],"wp:term":[{"taxonomy":"category","embeddable":true,"href":"https:\/\/blogs.uninter.edu.mx\/difusioncultural\/index.php?rest_route=%2Fwp%2Fv2%2Fcategories&post=6943"},{"taxonomy":"post_tag","embeddable":true,"href":"https:\/\/blogs.uninter.edu.mx\/difusioncultural\/index.php?rest_route=%2Fwp%2Fv2%2Ftags&post=6943"}],"curies":[{"name":"wp","href":"https:\/\/api.w.org\/{rel}","templated":true}]}}