{"id":6957,"date":"2019-10-21T09:00:10","date_gmt":"2019-10-21T14:00:10","guid":{"rendered":"https:\/\/difusionculturaluninter.wordpress.com\/?p=6957"},"modified":"2019-10-21T09:00:10","modified_gmt":"2019-10-21T14:00:10","slug":"chignahuapan-el-lugar-que-responde-a-donde-vamos-cuando-morimos","status":"publish","type":"post","link":"https:\/\/blogs.uninter.edu.mx\/difusioncultural\/?p=6957","title":{"rendered":"Chignahuapan, el lugar que responde a d\u00f3nde vamos cuando morimos: Festival de la Luz y de la Vida"},"content":{"rendered":"<section class=\"data_note\">\n<h2 class=\"intro\">Este D\u00eda de Muertos an\u00edmate a viajar al Pueblo M\u00e1gico de Chignahuapan, en Puebla, para presenciar uno de los espect\u00e1culos de D\u00eda de Muertos m\u00e1s impresionantes: Festival de la Luz y de la Vida.<\/h2>\n<\/section>\n<div class=\"fecha_publicacion\"><\/div>\n<figure class=\"mainImg\"><img decoding=\"async\" src=\"https:\/\/www.mexicodesconocido.com.mx\/wp-content\/uploads\/2017\/09\/fotos-semana-color-dia-muertos-megaofrenda-cu-df.jpg\" alt=\"Chignahuapan, el lugar que responde a d\u00f3nde vamos cuando morimos\" \/><figcaption>Eri V\u00e1zquez<\/figcaption><\/figure>\n<section class=\"ficha_evento\">\n<figure><img decoding=\"async\" src=\"https:\/\/www.mexicodesconocido.com.mx\/wp-content\/uploads\/2016\/10\/fiestas-dia-muertos-chignahuapan-huaquechula-laguna.png\" alt=\"Imagen evento\" \/><\/figure>\n<article>\n<h4>Festival de la Luz y de la Vida 2019<\/h4>\n<p>Viaja al Pueblo M\u00e1gico de Chignahuapan, en Puebla, para presenciar uno de los espect\u00e1culos de D\u00eda de Muertos m\u00e1s impresionantes: Festival de la Luz y de la Vida.<\/p>\n<div class=\"date_place\">\n<section class=\"date\">\n<div><strong>01<\/strong><b>NOVIEMBRE\u00a0<\/b><em>2019\u00a0<\/em>20:00hrs<\/div>\n<\/section>\n<div class=\"direccion\">\n<section class=\"performer_price\"><strong>Varios artistas<\/strong><\/section>\n<address><strong>Pueblo M\u00e1gico de Chignahuapan<\/strong><i class=\"fa fa-map-marker\"><\/i>\u00a0Guillermo Prieto S\/N &#8211; Laguna de Almoloya, Barrio de Ixtlahuaca CHIGNAHUAPAN, Chignahuapan,, Puebla, C.P. 73300<\/address>\n<p><a class=\"btn secondary\" href=\"http:\/\/mexicodesconocido.com.mx\/eventos\" target=\"_blank\" rel=\"noopener\"><i class=\"fa fa-ticket\"><\/i>\u00a0Desde:\u00a0<strong>$ 200<\/strong><\/a><\/p>\n<\/div>\n<\/div>\n<\/article>\n<\/section>\n<p>\u00bfA d\u00f3nde vamos cuando morimos? La muerte es el destino irremediable del hombre y tambi\u00e9n su m\u00e1s grande misterio. Seducida por esta pregunta fue como llegu\u00e9 a Chignahuapan, en la Sierra Norte de Puebla y ah\u00ed, en un lago pintado de luces, encontr\u00e9 la respuesta.<\/p>\n<h2><strong>Festival de la Luz y de la Vida<\/strong><\/h2>\n<p>Fue de voz de los dioses prehisp\u00e1nicos que descubr\u00ed finalmente el viaje que recorre el alma hasta liberarse. El encuentro con la muerte ocurri\u00f3 en el\u00a0<strong>Festival de la Luz y de la Vida<\/strong>\u00a0que se lleva a cabo en este Pueblo M\u00e1gico desde hace 21 a\u00f1o cada\u00a0<strong>1\u00ba de noviembre<\/strong>. En \u00e9l se hace una representaci\u00f3n del tr\u00e1nsito de la vida hacia la muerte hasta llegar al Mictl\u00e1n, de acuerdo con la comosmovisi\u00f3n mexica.<\/p>\n<p>Mi viaje hacia la muerte comenz\u00f3 en la\u00a0<strong>Capilla de la Resurrecci\u00f3n<\/strong>, que se encuentra justo detr\u00e1s del colorido Templo de Santiaguito Ap\u00f3stol. Ah\u00ed, frente a una gran imagen de Jesucristo se mont\u00f3 la\u00a0<strong>\u201cofrenda de las mil luces\u201d<\/strong>\u00a0que, como su nombre lo indica, se ilumina con mil veladoras y es el pre\u00e1mbulo para lo que ser\u00e1 el festival.<\/p>\n<figure class=\"wp-block-image\"><img decoding=\"async\" src=\"https:\/\/www.mexicodesconocido.com.mx\/sites\/default\/files\/nodes\/inline\/festival_luz_muerte-chignahuapan_puebla_viridiana_miron_2016_550_mil_luces.jpg\" alt=\"Viridiana Mir\u00f3n\" \/><figcaption><\/figcaption><\/figure>\n<p>Afuera, justo a un costado de la capilla, un tapete de aserr\u00edn viste la calle. En \u00e9l, la figura de un\u00a0<strong>xoloitcuintle<\/strong>, q seg\u00fan la mitolog\u00eda mexica es el que ayuda a los muertos a cruzar el r\u00edo\u00a0Apanohuacalhuia.<\/p>\n<figure class=\"wp-block-image\"><img decoding=\"async\" src=\"https:\/\/www.mexicodesconocido.com.mx\/sites\/default\/files\/nodes\/inline\/festival_luz_muerte-chignahuapan_puebla_viridiana_miron_2016_550_tapete.jpg\" alt=\"Viridiana Mir\u00f3n\" \/><figcaption><\/figcaption><\/figure>\n<p>Detr\u00e1s del tapete decenas de personas ya est\u00e1n formadas para recibir una antorcha para empezar la\u00a0<strong>procesi\u00f3n hasta el lago de Chignahuapan.\u00a0<\/strong><\/p>\n<figure class=\"wp-block-image\"><img decoding=\"async\" src=\"https:\/\/www.mexicodesconocido.com.mx\/sites\/default\/files\/nodes\/inline\/festival_luz_muerte-chignahuapan_puebla_viridiana_miron_2016_550_antorchas.jpg\" alt=\"Viridiana Mir\u00f3n\" \/><figcaption><\/figcaption><\/figure>\n<p>A las 18:30 arranca la procesi\u00f3n y las personas empiezan a caminar sobre el tapete de aserr\u00edn. Es en este momento donde empieza el recorrido de los muertos.<\/p>\n<p>Aqu\u00ed\u00a0<strong>las antorchas iluminan el camino de los muertos<\/strong>\u00a0hacia los nueve infiernos por los que tendr\u00e1 que pasar el alma hasta finalmente liberarse de sus penas terrenales.<\/p>\n<figure class=\"wp-block-image\"><img decoding=\"async\" src=\"https:\/\/www.mexicodesconocido.com.mx\/sites\/default\/files\/nodes\/inline\/festival_luz_muerte-chignahuapan_puebla_viridiana_miron_2016_550_antorchas_2.jpg\" alt=\"Viridiana Mir\u00f3n\" \/><figcaption><\/figcaption><\/figure>\n<p>Al llegar al lago, que ya\u00a0<strong>est\u00e1 vestido con un escenario colorido,\u00a0<\/strong>es donde empieza el verdadero recorrido, pues ah\u00ed, sobre sus aguas, es donde se representar\u00e1 ese tr\u00e1nsito por el que tienen que pasar los muertos.<\/p>\n<figure class=\"wp-block-image\"><img decoding=\"async\" src=\"https:\/\/www.mexicodesconocido.com.mx\/sites\/default\/files\/nodes\/inline\/festival_luz_muerte-chignahuapan_puebla_viridiana_miron_2016_550_0.jpg\" alt=\"Viridiana Mir\u00f3n\" \/><figcaption><\/figcaption><\/figure>\n<p>Fue en ese lugar donde aprend\u00ed m\u00e1s sobre lo que la muerte\u00a0representaba para nuestros antepasados: no un fin, sino un nuevo comienzo; una\u00a0resurrecci\u00f3n. Pero para lograr llegar al\u00a0<strong>Mictl\u00e1n<\/strong>, ese lugar donde finalmente llegan los difuntos que han limpiado su alma de todo lo terrenal, no es f\u00e1cil, de hecho, se deben de pasar por varios\u00a0obst\u00e1culos.<\/p>\n<p>De los dioses que\u00a0gu\u00edan las almas al Mictl\u00e1n aprend\u00ed grandes lecciones que los vivos jam\u00e1s deber\u00edamos olvida. Reflexiones como\u00a0<strong>\u201cla voluntad te dar\u00e1 fuerzas para continuar tu camino\u201d<\/strong>,\u00a0<strong>\u201cbusca tu descanso en tu coraz\u00f3n y en tu mente\u201d\u00a0<\/strong>o\u00a0<strong>\u201cno puedes descansar sin afrontar tus miedos\u201d<\/strong>\u00a0quedaron cinceladas en mi alma.<\/p>\n<figure class=\"wp-block-image\"><img decoding=\"async\" src=\"https:\/\/www.mexicodesconocido.com.mx\/sites\/default\/files\/nodes\/inline\/festival_luz_muerte-chignahuapan_puebla_viridiana_miron_2016_550_1.jpg\" alt=\"Viridiana Mir\u00f3n\" \/><figcaption><\/figcaption><\/figure>\n<p>Despu\u00e9s\u00a0de una ardua traves\u00eda por los nueve infiernos y vencidos los\u00a0demonios que habitan el \u00e9l, por fin\u00a0<strong>el\u00a0alma es libre y pura<\/strong>\u00a0para\u00a0<strong>merecer el descanso\u00a0absoluto<\/strong>\u00a0que s\u00f3lo encontrar\u00e1 en el Mictl\u00e1n. \u00a0Ah\u00ed es cuando el cosmos mismo se ilumina entre luces de colores dando por terminado este recorrido que de\u00a0acuerdo con la mitolog\u00eda dura aproximadamente cuatro a\u00f1os atravesar.<\/p>\n<p>Me qued\u00e9 maravillada. Qu\u00e9 poco sab\u00eda yo sobre la muerte y sobre las creencias y filosof\u00eda de mis ancestros. Ahora quiero saber m\u00e1s, muero por aprender sobre las ra\u00edces de esta tradici\u00f3n que hoy llamamos D\u00eda de Muertos para entender el\u00a0verdadero significado de esta tradici\u00f3n.<\/p>\n<figure class=\"wp-block-image\"><img decoding=\"async\" src=\"https:\/\/www.mexicodesconocido.com.mx\/sites\/default\/files\/nodes\/inline\/festival_luz_muerte-chignahuapan_puebla_viridiana_miron_2016_550_2.jpg\" alt=\"Viridiana Mir\u00f3n\" \/><figcaption><\/figcaption><\/figure>\n<h3>Tips de viajero<\/h3>\n<ul>\n<li>Si viajas a\u00a0<strong>Chignahuapan<\/strong>\u00a0para este festival, no olvides llevar ropa c\u00f3moda, pero\u00a0abrigadora, pues en esta \u00e9poca, sobre todo durante la tarde y noche, baja mucho la temperatura e incluso llueve.<\/li>\n<li>Para el fr\u00edo, nada mejor que un ponche de frutas que venden a la salida del lago.<\/li>\n<li>Si quieres participar en la procesi\u00f3n de antorchas, te sugerimos llegar a la\u00a0<strong>Plaza de la\u00a0Constituci\u00f3n<\/strong>\u00a0desde las 18 horas.<\/li>\n<li>Aprovecha tu paseo por Chignahuapan y realiza tus compras navide\u00f1as. Justo en esta temporada tambi\u00e9n se realiza el\u00a0<a href=\"https:\/\/www.mexicodesconocido.com.mx\/no-te-pierdas-la-feria-nacional-del-arbol-y-la-esfera-en-chignahuapan.html\" target=\"_blank\" rel=\"noreferrer noopener\">Festival de la Esfera de Navidad y el \u00c1rbol<\/a>.<\/li>\n<\/ul>\n<h4>Fuente: M\u00e9xico Desconocido<\/h4>\n<figure>Por:<\/figure>\n<figure><img decoding=\"async\" class=\"avatar avatar-32 photo\" src=\"https:\/\/www.mexicodesconocido.com.mx\/wp-content\/uploads\/2017\/11\/viridiana.jpg\" alt=\"mm\" width=\"93\" height=\"108\" \/><\/figure>\n<h4><a title=\"Entradas de Viridiana Miron\" href=\"https:\/\/www.mexicodesconocido.com.mx\/author\/viridiana-miron\" rel=\"author\">Viridiana Miron<\/a><\/h4>\n<div class=\"social_writter\"><i class=\"fa fa-facebook\"><\/i>Editora en jefe digital de M\u00e9xico Desconocido. Pata de perro y amante de conocer M\u00e9xico a trav\u00e9s de sus sabores; en su Instagram seguro encontrar\u00e1s alguna recomendaci\u00f3n sabrosa para consentir el paladar.<\/div>\n","protected":false},"excerpt":{"rendered":"<p>Este D\u00eda de Muertos an\u00edmate a viajar al Pueblo M\u00e1gico de Chignahuapan, en Puebla, para presenciar uno de los espect\u00e1culos de D\u00eda de Muertos m\u00e1s impresionantes: Festival de la Luz y de la Vida. Eri V\u00e1zquez Festival de la Luz y de la Vida 2019 Viaja al Pueblo M\u00e1gico de Chignahuapan, en Puebla, para presenciar&hellip;<\/p>\n","protected":false},"author":1,"featured_media":6961,"comment_status":"closed","ping_status":"open","sticky":false,"template":"","format":"standard","meta":{"_jetpack_memberships_contains_paid_content":false,"footnotes":"","jetpack_publicize_message":"","jetpack_publicize_feature_enabled":true,"jetpack_social_post_already_shared":false,"jetpack_social_options":{"image_generator_settings":{"template":"highway","default_image_id":0,"font":"","enabled":false},"version":2}},"categories":[1],"tags":[],"class_list":["post-6957","post","type-post","status-publish","format-standard","has-post-thumbnail","hentry","category-sin-categoria"],"yoast_head":"<!-- This site is optimized with the Yoast SEO plugin v26.3 - https:\/\/yoast.com\/wordpress\/plugins\/seo\/ -->\r\n<title>Chignahuapan, el lugar que responde a d\u00f3nde vamos cuando morimos: Festival de la Luz y de la Vida - Difusi\u00f3n Cultural<\/title>\r\n<meta name=\"robots\" content=\"index, follow, max-snippet:-1, max-image-preview:large, max-video-preview:-1\" \/>\r\n<link rel=\"canonical\" href=\"https:\/\/blogs.uninter.edu.mx\/difusioncultural\/?p=6957\" \/>\r\n<meta property=\"og:locale\" content=\"es_MX\" \/>\r\n<meta property=\"og:type\" content=\"article\" \/>\r\n<meta property=\"og:title\" content=\"Chignahuapan, el lugar que responde a d\u00f3nde vamos cuando morimos: Festival de la Luz y de la Vida - Difusi\u00f3n Cultural\" \/>\r\n<meta property=\"og:description\" content=\"Este D\u00eda de Muertos an\u00edmate a viajar al Pueblo M\u00e1gico de Chignahuapan, en Puebla, para presenciar uno de los espect\u00e1culos de D\u00eda de Muertos m\u00e1s impresionantes: Festival de la Luz y de la Vida. Eri V\u00e1zquez Festival de la Luz y de la Vida 2019 Viaja al Pueblo M\u00e1gico de Chignahuapan, en Puebla, para presenciar&hellip;\" \/>\r\n<meta property=\"og:url\" content=\"https:\/\/blogs.uninter.edu.mx\/difusioncultural\/?p=6957\" \/>\r\n<meta property=\"og:site_name\" content=\"Difusi\u00f3n Cultural\" \/>\r\n<meta property=\"article:published_time\" content=\"2019-10-21T14:00:10+00:00\" \/>\r\n<meta property=\"og:image\" content=\"https:\/\/blogs.uninter.edu.mx\/difusioncultural\/wp-content\/uploads\/2019\/10\/festival-de-la-luz-y-la-vida.jpg\" \/>\r\n\t<meta property=\"og:image:width\" content=\"390\" \/>\r\n\t<meta property=\"og:image:height\" content=\"405\" \/>\r\n\t<meta property=\"og:image:type\" content=\"image\/jpeg\" \/>\r\n<meta name=\"author\" content=\"webmaster\" \/>\r\n<meta name=\"twitter:card\" content=\"summary_large_image\" \/>\r\n<meta name=\"twitter:label1\" content=\"Escrito por\" \/>\n\t<meta name=\"twitter:data1\" content=\"webmaster\" \/>\n\t<meta name=\"twitter:label2\" content=\"Tiempo de lectura\" \/>\n\t<meta name=\"twitter:data2\" content=\"4 minutos\" \/>\r\n<script type=\"application\/ld+json\" class=\"yoast-schema-graph\">{\"@context\":\"https:\/\/schema.org\",\"@graph\":[{\"@type\":\"Article\",\"@id\":\"https:\/\/blogs.uninter.edu.mx\/difusioncultural\/?p=6957#article\",\"isPartOf\":{\"@id\":\"https:\/\/blogs.uninter.edu.mx\/difusioncultural\/?p=6957\"},\"author\":{\"name\":\"webmaster\",\"@id\":\"https:\/\/blogs.uninter.edu.mx\/difusioncultural\/#\/schema\/person\/37a0926f4dd300a814993fd595abdc4a\"},\"headline\":\"Chignahuapan, el lugar que responde a d\u00f3nde vamos cuando morimos: Festival de la Luz y de la Vida\",\"datePublished\":\"2019-10-21T14:00:10+00:00\",\"mainEntityOfPage\":{\"@id\":\"https:\/\/blogs.uninter.edu.mx\/difusioncultural\/?p=6957\"},\"wordCount\":884,\"publisher\":{\"@id\":\"https:\/\/blogs.uninter.edu.mx\/difusioncultural\/#organization\"},\"image\":{\"@id\":\"https:\/\/blogs.uninter.edu.mx\/difusioncultural\/?p=6957#primaryimage\"},\"thumbnailUrl\":\"https:\/\/blogs.uninter.edu.mx\/difusioncultural\/wp-content\/uploads\/2019\/10\/festival-de-la-luz-y-la-vida.jpg\",\"inLanguage\":\"es\"},{\"@type\":\"WebPage\",\"@id\":\"https:\/\/blogs.uninter.edu.mx\/difusioncultural\/?p=6957\",\"url\":\"https:\/\/blogs.uninter.edu.mx\/difusioncultural\/?p=6957\",\"name\":\"Chignahuapan, el lugar que responde a d\u00f3nde vamos cuando morimos: Festival de la Luz y de la Vida - Difusi\u00f3n Cultural\",\"isPartOf\":{\"@id\":\"https:\/\/blogs.uninter.edu.mx\/difusioncultural\/#website\"},\"primaryImageOfPage\":{\"@id\":\"https:\/\/blogs.uninter.edu.mx\/difusioncultural\/?p=6957#primaryimage\"},\"image\":{\"@id\":\"https:\/\/blogs.uninter.edu.mx\/difusioncultural\/?p=6957#primaryimage\"},\"thumbnailUrl\":\"https:\/\/blogs.uninter.edu.mx\/difusioncultural\/wp-content\/uploads\/2019\/10\/festival-de-la-luz-y-la-vida.jpg\",\"datePublished\":\"2019-10-21T14:00:10+00:00\",\"breadcrumb\":{\"@id\":\"https:\/\/blogs.uninter.edu.mx\/difusioncultural\/?p=6957#breadcrumb\"},\"inLanguage\":\"es\",\"potentialAction\":[{\"@type\":\"ReadAction\",\"target\":[\"https:\/\/blogs.uninter.edu.mx\/difusioncultural\/?p=6957\"]}]},{\"@type\":\"ImageObject\",\"inLanguage\":\"es\",\"@id\":\"https:\/\/blogs.uninter.edu.mx\/difusioncultural\/?p=6957#primaryimage\",\"url\":\"https:\/\/blogs.uninter.edu.mx\/difusioncultural\/wp-content\/uploads\/2019\/10\/festival-de-la-luz-y-la-vida.jpg\",\"contentUrl\":\"https:\/\/blogs.uninter.edu.mx\/difusioncultural\/wp-content\/uploads\/2019\/10\/festival-de-la-luz-y-la-vida.jpg\",\"width\":390,\"height\":405},{\"@type\":\"BreadcrumbList\",\"@id\":\"https:\/\/blogs.uninter.edu.mx\/difusioncultural\/?p=6957#breadcrumb\",\"itemListElement\":[{\"@type\":\"ListItem\",\"position\":1,\"name\":\"Inicio\",\"item\":\"https:\/\/blogs.uninter.edu.mx\/difusioncultural\/\"},{\"@type\":\"ListItem\",\"position\":2,\"name\":\"Chignahuapan, el lugar que responde a d\u00f3nde vamos cuando morimos: Festival de la Luz y de la Vida\"}]},{\"@type\":\"WebSite\",\"@id\":\"https:\/\/blogs.uninter.edu.mx\/difusioncultural\/#website\",\"url\":\"https:\/\/blogs.uninter.edu.mx\/difusioncultural\/\",\"name\":\"Difusi\u00f3n Cultural\",\"description\":\"UNINTER\",\"publisher\":{\"@id\":\"https:\/\/blogs.uninter.edu.mx\/difusioncultural\/#organization\"},\"potentialAction\":[{\"@type\":\"SearchAction\",\"target\":{\"@type\":\"EntryPoint\",\"urlTemplate\":\"https:\/\/blogs.uninter.edu.mx\/difusioncultural\/?s={search_term_string}\"},\"query-input\":{\"@type\":\"PropertyValueSpecification\",\"valueRequired\":true,\"valueName\":\"search_term_string\"}}],\"inLanguage\":\"es\"},{\"@type\":\"Organization\",\"@id\":\"https:\/\/blogs.uninter.edu.mx\/difusioncultural\/#organization\",\"name\":\"Difusi\u00f3n Cultural\",\"url\":\"https:\/\/blogs.uninter.edu.mx\/difusioncultural\/\",\"logo\":{\"@type\":\"ImageObject\",\"inLanguage\":\"es\",\"@id\":\"https:\/\/blogs.uninter.edu.mx\/difusioncultural\/#\/schema\/logo\/image\/\",\"url\":\"https:\/\/blogs.uninter.edu.mx\/difusioncultural\/wp-content\/uploads\/2022\/09\/uninter.jpg\",\"contentUrl\":\"https:\/\/blogs.uninter.edu.mx\/difusioncultural\/wp-content\/uploads\/2022\/09\/uninter.jpg\",\"width\":2048,\"height\":2048,\"caption\":\"Difusi\u00f3n Cultural\"},\"image\":{\"@id\":\"https:\/\/blogs.uninter.edu.mx\/difusioncultural\/#\/schema\/logo\/image\/\"}},{\"@type\":\"Person\",\"@id\":\"https:\/\/blogs.uninter.edu.mx\/difusioncultural\/#\/schema\/person\/37a0926f4dd300a814993fd595abdc4a\",\"name\":\"webmaster\",\"image\":{\"@type\":\"ImageObject\",\"inLanguage\":\"es\",\"@id\":\"https:\/\/blogs.uninter.edu.mx\/difusioncultural\/#\/schema\/person\/image\/\",\"url\":\"https:\/\/secure.gravatar.com\/avatar\/a59c276b01147463ef3aab4118e3137ebc5e1ad6700deb39ccdf8b89e517f7dc?s=96&d=mm&r=g\",\"contentUrl\":\"https:\/\/secure.gravatar.com\/avatar\/a59c276b01147463ef3aab4118e3137ebc5e1ad6700deb39ccdf8b89e517f7dc?s=96&d=mm&r=g\",\"caption\":\"webmaster\"},\"sameAs\":[\"https:\/\/blogs.uninter.edu.mx\/difusioncultural\"],\"url\":\"https:\/\/blogs.uninter.edu.mx\/difusioncultural\/?author=1\"}]}<\/script>\r\n<!-- \/ Yoast SEO plugin. -->","yoast_head_json":{"title":"Chignahuapan, el lugar que responde a d\u00f3nde vamos cuando morimos: Festival de la Luz y de la Vida - Difusi\u00f3n Cultural","robots":{"index":"index","follow":"follow","max-snippet":"max-snippet:-1","max-image-preview":"max-image-preview:large","max-video-preview":"max-video-preview:-1"},"canonical":"https:\/\/blogs.uninter.edu.mx\/difusioncultural\/?p=6957","og_locale":"es_MX","og_type":"article","og_title":"Chignahuapan, el lugar que responde a d\u00f3nde vamos cuando morimos: Festival de la Luz y de la Vida - Difusi\u00f3n Cultural","og_description":"Este D\u00eda de Muertos an\u00edmate a viajar al Pueblo M\u00e1gico de Chignahuapan, en Puebla, para presenciar uno de los espect\u00e1culos de D\u00eda de Muertos m\u00e1s impresionantes: Festival de la Luz y de la Vida. Eri V\u00e1zquez Festival de la Luz y de la Vida 2019 Viaja al Pueblo M\u00e1gico de Chignahuapan, en Puebla, para presenciar&hellip;","og_url":"https:\/\/blogs.uninter.edu.mx\/difusioncultural\/?p=6957","og_site_name":"Difusi\u00f3n Cultural","article_published_time":"2019-10-21T14:00:10+00:00","og_image":[{"width":390,"height":405,"url":"https:\/\/blogs.uninter.edu.mx\/difusioncultural\/wp-content\/uploads\/2019\/10\/festival-de-la-luz-y-la-vida.jpg","type":"image\/jpeg"}],"author":"webmaster","twitter_card":"summary_large_image","twitter_misc":{"Escrito por":"webmaster","Tiempo de lectura":"4 minutos"},"schema":{"@context":"https:\/\/schema.org","@graph":[{"@type":"Article","@id":"https:\/\/blogs.uninter.edu.mx\/difusioncultural\/?p=6957#article","isPartOf":{"@id":"https:\/\/blogs.uninter.edu.mx\/difusioncultural\/?p=6957"},"author":{"name":"webmaster","@id":"https:\/\/blogs.uninter.edu.mx\/difusioncultural\/#\/schema\/person\/37a0926f4dd300a814993fd595abdc4a"},"headline":"Chignahuapan, el lugar que responde a d\u00f3nde vamos cuando morimos: Festival de la Luz y de la Vida","datePublished":"2019-10-21T14:00:10+00:00","mainEntityOfPage":{"@id":"https:\/\/blogs.uninter.edu.mx\/difusioncultural\/?p=6957"},"wordCount":884,"publisher":{"@id":"https:\/\/blogs.uninter.edu.mx\/difusioncultural\/#organization"},"image":{"@id":"https:\/\/blogs.uninter.edu.mx\/difusioncultural\/?p=6957#primaryimage"},"thumbnailUrl":"https:\/\/blogs.uninter.edu.mx\/difusioncultural\/wp-content\/uploads\/2019\/10\/festival-de-la-luz-y-la-vida.jpg","inLanguage":"es"},{"@type":"WebPage","@id":"https:\/\/blogs.uninter.edu.mx\/difusioncultural\/?p=6957","url":"https:\/\/blogs.uninter.edu.mx\/difusioncultural\/?p=6957","name":"Chignahuapan, el lugar que responde a d\u00f3nde vamos cuando morimos: Festival de la Luz y de la Vida - Difusi\u00f3n Cultural","isPartOf":{"@id":"https:\/\/blogs.uninter.edu.mx\/difusioncultural\/#website"},"primaryImageOfPage":{"@id":"https:\/\/blogs.uninter.edu.mx\/difusioncultural\/?p=6957#primaryimage"},"image":{"@id":"https:\/\/blogs.uninter.edu.mx\/difusioncultural\/?p=6957#primaryimage"},"thumbnailUrl":"https:\/\/blogs.uninter.edu.mx\/difusioncultural\/wp-content\/uploads\/2019\/10\/festival-de-la-luz-y-la-vida.jpg","datePublished":"2019-10-21T14:00:10+00:00","breadcrumb":{"@id":"https:\/\/blogs.uninter.edu.mx\/difusioncultural\/?p=6957#breadcrumb"},"inLanguage":"es","potentialAction":[{"@type":"ReadAction","target":["https:\/\/blogs.uninter.edu.mx\/difusioncultural\/?p=6957"]}]},{"@type":"ImageObject","inLanguage":"es","@id":"https:\/\/blogs.uninter.edu.mx\/difusioncultural\/?p=6957#primaryimage","url":"https:\/\/blogs.uninter.edu.mx\/difusioncultural\/wp-content\/uploads\/2019\/10\/festival-de-la-luz-y-la-vida.jpg","contentUrl":"https:\/\/blogs.uninter.edu.mx\/difusioncultural\/wp-content\/uploads\/2019\/10\/festival-de-la-luz-y-la-vida.jpg","width":390,"height":405},{"@type":"BreadcrumbList","@id":"https:\/\/blogs.uninter.edu.mx\/difusioncultural\/?p=6957#breadcrumb","itemListElement":[{"@type":"ListItem","position":1,"name":"Inicio","item":"https:\/\/blogs.uninter.edu.mx\/difusioncultural\/"},{"@type":"ListItem","position":2,"name":"Chignahuapan, el lugar que responde a d\u00f3nde vamos cuando morimos: Festival de la Luz y de la Vida"}]},{"@type":"WebSite","@id":"https:\/\/blogs.uninter.edu.mx\/difusioncultural\/#website","url":"https:\/\/blogs.uninter.edu.mx\/difusioncultural\/","name":"Difusi\u00f3n Cultural","description":"UNINTER","publisher":{"@id":"https:\/\/blogs.uninter.edu.mx\/difusioncultural\/#organization"},"potentialAction":[{"@type":"SearchAction","target":{"@type":"EntryPoint","urlTemplate":"https:\/\/blogs.uninter.edu.mx\/difusioncultural\/?s={search_term_string}"},"query-input":{"@type":"PropertyValueSpecification","valueRequired":true,"valueName":"search_term_string"}}],"inLanguage":"es"},{"@type":"Organization","@id":"https:\/\/blogs.uninter.edu.mx\/difusioncultural\/#organization","name":"Difusi\u00f3n Cultural","url":"https:\/\/blogs.uninter.edu.mx\/difusioncultural\/","logo":{"@type":"ImageObject","inLanguage":"es","@id":"https:\/\/blogs.uninter.edu.mx\/difusioncultural\/#\/schema\/logo\/image\/","url":"https:\/\/blogs.uninter.edu.mx\/difusioncultural\/wp-content\/uploads\/2022\/09\/uninter.jpg","contentUrl":"https:\/\/blogs.uninter.edu.mx\/difusioncultural\/wp-content\/uploads\/2022\/09\/uninter.jpg","width":2048,"height":2048,"caption":"Difusi\u00f3n Cultural"},"image":{"@id":"https:\/\/blogs.uninter.edu.mx\/difusioncultural\/#\/schema\/logo\/image\/"}},{"@type":"Person","@id":"https:\/\/blogs.uninter.edu.mx\/difusioncultural\/#\/schema\/person\/37a0926f4dd300a814993fd595abdc4a","name":"webmaster","image":{"@type":"ImageObject","inLanguage":"es","@id":"https:\/\/blogs.uninter.edu.mx\/difusioncultural\/#\/schema\/person\/image\/","url":"https:\/\/secure.gravatar.com\/avatar\/a59c276b01147463ef3aab4118e3137ebc5e1ad6700deb39ccdf8b89e517f7dc?s=96&d=mm&r=g","contentUrl":"https:\/\/secure.gravatar.com\/avatar\/a59c276b01147463ef3aab4118e3137ebc5e1ad6700deb39ccdf8b89e517f7dc?s=96&d=mm&r=g","caption":"webmaster"},"sameAs":["https:\/\/blogs.uninter.edu.mx\/difusioncultural"],"url":"https:\/\/blogs.uninter.edu.mx\/difusioncultural\/?author=1"}]}},"jetpack_publicize_connections":[],"jetpack_featured_media_url":"https:\/\/blogs.uninter.edu.mx\/difusioncultural\/wp-content\/uploads\/2019\/10\/festival-de-la-luz-y-la-vida.jpg","jetpack_sharing_enabled":true,"_links":{"self":[{"href":"https:\/\/blogs.uninter.edu.mx\/difusioncultural\/index.php?rest_route=\/wp\/v2\/posts\/6957","targetHints":{"allow":["GET"]}}],"collection":[{"href":"https:\/\/blogs.uninter.edu.mx\/difusioncultural\/index.php?rest_route=\/wp\/v2\/posts"}],"about":[{"href":"https:\/\/blogs.uninter.edu.mx\/difusioncultural\/index.php?rest_route=\/wp\/v2\/types\/post"}],"author":[{"embeddable":true,"href":"https:\/\/blogs.uninter.edu.mx\/difusioncultural\/index.php?rest_route=\/wp\/v2\/users\/1"}],"replies":[{"embeddable":true,"href":"https:\/\/blogs.uninter.edu.mx\/difusioncultural\/index.php?rest_route=%2Fwp%2Fv2%2Fcomments&post=6957"}],"version-history":[{"count":0,"href":"https:\/\/blogs.uninter.edu.mx\/difusioncultural\/index.php?rest_route=\/wp\/v2\/posts\/6957\/revisions"}],"wp:featuredmedia":[{"embeddable":true,"href":"https:\/\/blogs.uninter.edu.mx\/difusioncultural\/index.php?rest_route=\/wp\/v2\/media\/6961"}],"wp:attachment":[{"href":"https:\/\/blogs.uninter.edu.mx\/difusioncultural\/index.php?rest_route=%2Fwp%2Fv2%2Fmedia&parent=6957"}],"wp:term":[{"taxonomy":"category","embeddable":true,"href":"https:\/\/blogs.uninter.edu.mx\/difusioncultural\/index.php?rest_route=%2Fwp%2Fv2%2Fcategories&post=6957"},{"taxonomy":"post_tag","embeddable":true,"href":"https:\/\/blogs.uninter.edu.mx\/difusioncultural\/index.php?rest_route=%2Fwp%2Fv2%2Ftags&post=6957"}],"curies":[{"name":"wp","href":"https:\/\/api.w.org\/{rel}","templated":true}]}}