{"id":6977,"date":"2019-10-22T16:35:28","date_gmt":"2019-10-22T21:35:28","guid":{"rendered":"https:\/\/difusionculturaluninter.wordpress.com\/?p=6977"},"modified":"2019-10-22T16:35:28","modified_gmt":"2019-10-22T21:35:28","slug":"la-escritora-cristina-morales-premio-nacional-de-narrativa-por-lectura-facil","status":"publish","type":"post","link":"https:\/\/blogs.uninter.edu.mx\/difusioncultural\/?p=6977","title":{"rendered":"La escritora Cristina Morales, premio Nacional de Narrativa por \u2018Lectura f\u00e1cil\u2019"},"content":{"rendered":"<h2 class=\"articulo-subtitulo\" style=\"text-align:justify;\">&#8220;Un libro no derroca un gobierno, pero leer ya es un acto emancipatorio&#8221;, afirma la autora granadina, de 34 a\u00f1os, que en su novela da voz a cuatro mujeres con discapacidad intelectual<\/h2>\n<p style=\"text-align:justify;\"><img decoding=\"async\" src=\"https:\/\/ep02.epimg.net\/cultura\/imagenes\/2019\/10\/22\/actualidad\/1571739915_331313_1571752036_noticia_fotograma.jpg\" \/><\/p>\n<p style=\"text-align:justify;\">\u201cPor tratarse de una propuesta radical y radicalmente original, que no cuenta con una genealog\u00eda en la literatura espa\u00f1ola y que destaca por la recreaci\u00f3n de la oralidad, unos personajes extraordinarios y su lectura del contexto pol\u00edtico en el que se desarrolla\u201d. Con estas razones justific\u00f3 ayer el jurado del Premio Nacional de Narrativa el galard\u00f3n \u2014dotado con 20.000 euros\u2014 que acababa de conceder a la novela\u00a0<a href=\"https:\/\/elpais.com\/cultura\/2019\/01\/07\/babelia\/1546853373_416183.html\" target=\"_blank\" rel=\"noopener\"><em>Lectura f\u00e1cil<\/em><\/a>\u00a0(Anagrama), con la que Cristina Morales hab\u00eda ganado ya el\u00a0<a href=\"https:\/\/elpais.com\/ccaa\/2018\/11\/05\/catalunya\/1541414723_431206.html\" target=\"_blank\" rel=\"noopener\">premio Herralde<\/a>\u00a0el a\u00f1o pasado.<\/p>\n<p style=\"text-align:justify;\">La \u201cpropuesta\u201d de la autora, granadina, de 34 a\u00f1os, consiste en poner a hablar a cuatro mujeres que, clasificadas administrativamente con diversos grados de discapacidad intelectual, conviven en un piso tutelado por la Generalitat de Catalu\u00f1a. La \u201crecreaci\u00f3n\u201d de la oralidad consiste en mezclar con naturalidad las cuatro primeras personas de las protagonistas con mensajes de Whatsapp, intervenciones en una asamblea y p\u00e1rrafos compuestos siguiendo el m\u00e9todo de \u201clectura f\u00e1cil\u201d que, con cierta iron\u00eda, da t\u00edtulo al libro.<\/p>\n<p style=\"text-align:justify;\">Ese m\u00e9todo consiste en adaptar un texto \u2014en el fondo y en la forma\u2014 para hacerlo m\u00e1s comprensible a personas con \u201cproblemas cognitivos\u201d. Por ejemplo, la Constituci\u00f3n espa\u00f1ola de 1978, cuya\u00a0<a href=\"http:\/\/www.plenainclusion.org\/sites\/default\/files\/la_constitucion_espanola_en_lectura_facil.pdf\" target=\"_blank\" rel=\"noopener\">adaptaci\u00f3n oficial<\/a>\u00a0a cargo del Ministerio de Sanidad, Servicios Sociales e Igualdad comienza as\u00ed: \u201cEl t\u00edtulo preliminar dice que Espa\u00f1a es: \/ Un pa\u00eds que respeta los derechos de las personas. \/ Una democracia, porque los espa\u00f1oles pueden votar a sus representantes. \/ Una monarqu\u00eda parlamentaria, \/ porque el Rey es el m\u00e1ximo representante de todos los espa\u00f1oles \/ y porque hay un Parlamento para debatir, votar y cambiar las leyes\u201d.<\/p>\n<p style=\"text-align:justify;\">\n","protected":false},"excerpt":{"rendered":"<p>&#8220;Un libro no derroca un gobierno, pero leer ya es un acto emancipatorio&#8221;, afirma la autora granadina, de 34 a\u00f1os, que en su novela da voz a cuatro mujeres con discapacidad intelectual \u201cPor tratarse de una propuesta radical y radicalmente original, que no cuenta con una genealog\u00eda en la literatura espa\u00f1ola y que destaca por&hellip;<\/p>\n","protected":false},"author":1,"featured_media":0,"comment_status":"closed","ping_status":"open","sticky":false,"template":"","format":"standard","meta":{"_jetpack_memberships_contains_paid_content":false,"footnotes":"","jetpack_publicize_message":"","jetpack_publicize_feature_enabled":true,"jetpack_social_post_already_shared":false,"jetpack_social_options":{"image_generator_settings":{"template":"highway","default_image_id":0,"font":"","enabled":false},"version":2}},"categories":[13],"tags":[],"class_list":["post-6977","post","type-post","status-publish","format-standard","hentry","category-personas-interesantes"],"yoast_head":"<!-- This site is optimized with the Yoast SEO plugin v26.3 - https:\/\/yoast.com\/wordpress\/plugins\/seo\/ -->\r\n<title>La escritora Cristina Morales, premio Nacional de Narrativa por \u2018Lectura f\u00e1cil\u2019 - Difusi\u00f3n Cultural<\/title>\r\n<meta name=\"robots\" content=\"index, follow, max-snippet:-1, max-image-preview:large, max-video-preview:-1\" \/>\r\n<link rel=\"canonical\" href=\"https:\/\/blogs.uninter.edu.mx\/difusioncultural\/?p=6977\" \/>\r\n<meta property=\"og:locale\" content=\"es_MX\" \/>\r\n<meta property=\"og:type\" content=\"article\" \/>\r\n<meta property=\"og:title\" content=\"La escritora Cristina Morales, premio Nacional de Narrativa por \u2018Lectura f\u00e1cil\u2019 - Difusi\u00f3n Cultural\" \/>\r\n<meta property=\"og:description\" content=\"&#8220;Un libro no derroca un gobierno, pero leer ya es un acto emancipatorio&#8221;, afirma la autora granadina, de 34 a\u00f1os, que en su novela da voz a cuatro mujeres con discapacidad intelectual \u201cPor tratarse de una propuesta radical y radicalmente original, que no cuenta con una genealog\u00eda en la literatura espa\u00f1ola y que destaca por&hellip;\" \/>\r\n<meta property=\"og:url\" content=\"https:\/\/blogs.uninter.edu.mx\/difusioncultural\/?p=6977\" \/>\r\n<meta property=\"og:site_name\" content=\"Difusi\u00f3n Cultural\" \/>\r\n<meta property=\"article:published_time\" content=\"2019-10-22T21:35:28+00:00\" \/>\r\n<meta property=\"og:image\" content=\"https:\/\/ep02.epimg.net\/cultura\/imagenes\/2019\/10\/22\/actualidad\/1571739915_331313_1571752036_noticia_fotograma.jpg\" \/>\r\n<meta name=\"author\" content=\"webmaster\" \/>\r\n<meta name=\"twitter:card\" content=\"summary_large_image\" \/>\r\n<meta name=\"twitter:label1\" content=\"Escrito por\" \/>\n\t<meta name=\"twitter:data1\" content=\"webmaster\" \/>\n\t<meta name=\"twitter:label2\" content=\"Tiempo de lectura\" \/>\n\t<meta name=\"twitter:data2\" content=\"2 minutos\" \/>\r\n<script type=\"application\/ld+json\" class=\"yoast-schema-graph\">{\"@context\":\"https:\/\/schema.org\",\"@graph\":[{\"@type\":\"Article\",\"@id\":\"https:\/\/blogs.uninter.edu.mx\/difusioncultural\/?p=6977#article\",\"isPartOf\":{\"@id\":\"https:\/\/blogs.uninter.edu.mx\/difusioncultural\/?p=6977\"},\"author\":{\"name\":\"webmaster\",\"@id\":\"https:\/\/blogs.uninter.edu.mx\/difusioncultural\/#\/schema\/person\/37a0926f4dd300a814993fd595abdc4a\"},\"headline\":\"La escritora Cristina Morales, premio Nacional de Narrativa por \u2018Lectura f\u00e1cil\u2019\",\"datePublished\":\"2019-10-22T21:35:28+00:00\",\"mainEntityOfPage\":{\"@id\":\"https:\/\/blogs.uninter.edu.mx\/difusioncultural\/?p=6977\"},\"wordCount\":328,\"publisher\":{\"@id\":\"https:\/\/blogs.uninter.edu.mx\/difusioncultural\/#organization\"},\"image\":{\"@id\":\"https:\/\/blogs.uninter.edu.mx\/difusioncultural\/?p=6977#primaryimage\"},\"thumbnailUrl\":\"https:\/\/ep02.epimg.net\/cultura\/imagenes\/2019\/10\/22\/actualidad\/1571739915_331313_1571752036_noticia_fotograma.jpg\",\"articleSection\":[\"Personas interesantes\"],\"inLanguage\":\"es\"},{\"@type\":\"WebPage\",\"@id\":\"https:\/\/blogs.uninter.edu.mx\/difusioncultural\/?p=6977\",\"url\":\"https:\/\/blogs.uninter.edu.mx\/difusioncultural\/?p=6977\",\"name\":\"La escritora Cristina Morales, premio Nacional de Narrativa por \u2018Lectura f\u00e1cil\u2019 - Difusi\u00f3n Cultural\",\"isPartOf\":{\"@id\":\"https:\/\/blogs.uninter.edu.mx\/difusioncultural\/#website\"},\"primaryImageOfPage\":{\"@id\":\"https:\/\/blogs.uninter.edu.mx\/difusioncultural\/?p=6977#primaryimage\"},\"image\":{\"@id\":\"https:\/\/blogs.uninter.edu.mx\/difusioncultural\/?p=6977#primaryimage\"},\"thumbnailUrl\":\"https:\/\/ep02.epimg.net\/cultura\/imagenes\/2019\/10\/22\/actualidad\/1571739915_331313_1571752036_noticia_fotograma.jpg\",\"datePublished\":\"2019-10-22T21:35:28+00:00\",\"breadcrumb\":{\"@id\":\"https:\/\/blogs.uninter.edu.mx\/difusioncultural\/?p=6977#breadcrumb\"},\"inLanguage\":\"es\",\"potentialAction\":[{\"@type\":\"ReadAction\",\"target\":[\"https:\/\/blogs.uninter.edu.mx\/difusioncultural\/?p=6977\"]}]},{\"@type\":\"ImageObject\",\"inLanguage\":\"es\",\"@id\":\"https:\/\/blogs.uninter.edu.mx\/difusioncultural\/?p=6977#primaryimage\",\"url\":\"https:\/\/ep02.epimg.net\/cultura\/imagenes\/2019\/10\/22\/actualidad\/1571739915_331313_1571752036_noticia_fotograma.jpg\",\"contentUrl\":\"https:\/\/ep02.epimg.net\/cultura\/imagenes\/2019\/10\/22\/actualidad\/1571739915_331313_1571752036_noticia_fotograma.jpg\"},{\"@type\":\"BreadcrumbList\",\"@id\":\"https:\/\/blogs.uninter.edu.mx\/difusioncultural\/?p=6977#breadcrumb\",\"itemListElement\":[{\"@type\":\"ListItem\",\"position\":1,\"name\":\"Inicio\",\"item\":\"https:\/\/blogs.uninter.edu.mx\/difusioncultural\/\"},{\"@type\":\"ListItem\",\"position\":2,\"name\":\"La escritora Cristina Morales, premio Nacional de Narrativa por \u2018Lectura f\u00e1cil\u2019\"}]},{\"@type\":\"WebSite\",\"@id\":\"https:\/\/blogs.uninter.edu.mx\/difusioncultural\/#website\",\"url\":\"https:\/\/blogs.uninter.edu.mx\/difusioncultural\/\",\"name\":\"Difusi\u00f3n Cultural\",\"description\":\"UNINTER\",\"publisher\":{\"@id\":\"https:\/\/blogs.uninter.edu.mx\/difusioncultural\/#organization\"},\"potentialAction\":[{\"@type\":\"SearchAction\",\"target\":{\"@type\":\"EntryPoint\",\"urlTemplate\":\"https:\/\/blogs.uninter.edu.mx\/difusioncultural\/?s={search_term_string}\"},\"query-input\":{\"@type\":\"PropertyValueSpecification\",\"valueRequired\":true,\"valueName\":\"search_term_string\"}}],\"inLanguage\":\"es\"},{\"@type\":\"Organization\",\"@id\":\"https:\/\/blogs.uninter.edu.mx\/difusioncultural\/#organization\",\"name\":\"Difusi\u00f3n Cultural\",\"url\":\"https:\/\/blogs.uninter.edu.mx\/difusioncultural\/\",\"logo\":{\"@type\":\"ImageObject\",\"inLanguage\":\"es\",\"@id\":\"https:\/\/blogs.uninter.edu.mx\/difusioncultural\/#\/schema\/logo\/image\/\",\"url\":\"https:\/\/blogs.uninter.edu.mx\/difusioncultural\/wp-content\/uploads\/2022\/09\/uninter.jpg\",\"contentUrl\":\"https:\/\/blogs.uninter.edu.mx\/difusioncultural\/wp-content\/uploads\/2022\/09\/uninter.jpg\",\"width\":2048,\"height\":2048,\"caption\":\"Difusi\u00f3n Cultural\"},\"image\":{\"@id\":\"https:\/\/blogs.uninter.edu.mx\/difusioncultural\/#\/schema\/logo\/image\/\"}},{\"@type\":\"Person\",\"@id\":\"https:\/\/blogs.uninter.edu.mx\/difusioncultural\/#\/schema\/person\/37a0926f4dd300a814993fd595abdc4a\",\"name\":\"webmaster\",\"image\":{\"@type\":\"ImageObject\",\"inLanguage\":\"es\",\"@id\":\"https:\/\/blogs.uninter.edu.mx\/difusioncultural\/#\/schema\/person\/image\/\",\"url\":\"https:\/\/secure.gravatar.com\/avatar\/a59c276b01147463ef3aab4118e3137ebc5e1ad6700deb39ccdf8b89e517f7dc?s=96&d=mm&r=g\",\"contentUrl\":\"https:\/\/secure.gravatar.com\/avatar\/a59c276b01147463ef3aab4118e3137ebc5e1ad6700deb39ccdf8b89e517f7dc?s=96&d=mm&r=g\",\"caption\":\"webmaster\"},\"sameAs\":[\"https:\/\/blogs.uninter.edu.mx\/difusioncultural\"],\"url\":\"https:\/\/blogs.uninter.edu.mx\/difusioncultural\/?author=1\"}]}<\/script>\r\n<!-- \/ Yoast SEO plugin. -->","yoast_head_json":{"title":"La escritora Cristina Morales, premio Nacional de Narrativa por \u2018Lectura f\u00e1cil\u2019 - Difusi\u00f3n Cultural","robots":{"index":"index","follow":"follow","max-snippet":"max-snippet:-1","max-image-preview":"max-image-preview:large","max-video-preview":"max-video-preview:-1"},"canonical":"https:\/\/blogs.uninter.edu.mx\/difusioncultural\/?p=6977","og_locale":"es_MX","og_type":"article","og_title":"La escritora Cristina Morales, premio Nacional de Narrativa por \u2018Lectura f\u00e1cil\u2019 - Difusi\u00f3n Cultural","og_description":"&#8220;Un libro no derroca un gobierno, pero leer ya es un acto emancipatorio&#8221;, afirma la autora granadina, de 34 a\u00f1os, que en su novela da voz a cuatro mujeres con discapacidad intelectual \u201cPor tratarse de una propuesta radical y radicalmente original, que no cuenta con una genealog\u00eda en la literatura espa\u00f1ola y que destaca por&hellip;","og_url":"https:\/\/blogs.uninter.edu.mx\/difusioncultural\/?p=6977","og_site_name":"Difusi\u00f3n Cultural","article_published_time":"2019-10-22T21:35:28+00:00","og_image":[{"url":"https:\/\/ep02.epimg.net\/cultura\/imagenes\/2019\/10\/22\/actualidad\/1571739915_331313_1571752036_noticia_fotograma.jpg","type":"","width":"","height":""}],"author":"webmaster","twitter_card":"summary_large_image","twitter_misc":{"Escrito por":"webmaster","Tiempo de lectura":"2 minutos"},"schema":{"@context":"https:\/\/schema.org","@graph":[{"@type":"Article","@id":"https:\/\/blogs.uninter.edu.mx\/difusioncultural\/?p=6977#article","isPartOf":{"@id":"https:\/\/blogs.uninter.edu.mx\/difusioncultural\/?p=6977"},"author":{"name":"webmaster","@id":"https:\/\/blogs.uninter.edu.mx\/difusioncultural\/#\/schema\/person\/37a0926f4dd300a814993fd595abdc4a"},"headline":"La escritora Cristina Morales, premio Nacional de Narrativa por \u2018Lectura f\u00e1cil\u2019","datePublished":"2019-10-22T21:35:28+00:00","mainEntityOfPage":{"@id":"https:\/\/blogs.uninter.edu.mx\/difusioncultural\/?p=6977"},"wordCount":328,"publisher":{"@id":"https:\/\/blogs.uninter.edu.mx\/difusioncultural\/#organization"},"image":{"@id":"https:\/\/blogs.uninter.edu.mx\/difusioncultural\/?p=6977#primaryimage"},"thumbnailUrl":"https:\/\/ep02.epimg.net\/cultura\/imagenes\/2019\/10\/22\/actualidad\/1571739915_331313_1571752036_noticia_fotograma.jpg","articleSection":["Personas interesantes"],"inLanguage":"es"},{"@type":"WebPage","@id":"https:\/\/blogs.uninter.edu.mx\/difusioncultural\/?p=6977","url":"https:\/\/blogs.uninter.edu.mx\/difusioncultural\/?p=6977","name":"La escritora Cristina Morales, premio Nacional de Narrativa por \u2018Lectura f\u00e1cil\u2019 - Difusi\u00f3n Cultural","isPartOf":{"@id":"https:\/\/blogs.uninter.edu.mx\/difusioncultural\/#website"},"primaryImageOfPage":{"@id":"https:\/\/blogs.uninter.edu.mx\/difusioncultural\/?p=6977#primaryimage"},"image":{"@id":"https:\/\/blogs.uninter.edu.mx\/difusioncultural\/?p=6977#primaryimage"},"thumbnailUrl":"https:\/\/ep02.epimg.net\/cultura\/imagenes\/2019\/10\/22\/actualidad\/1571739915_331313_1571752036_noticia_fotograma.jpg","datePublished":"2019-10-22T21:35:28+00:00","breadcrumb":{"@id":"https:\/\/blogs.uninter.edu.mx\/difusioncultural\/?p=6977#breadcrumb"},"inLanguage":"es","potentialAction":[{"@type":"ReadAction","target":["https:\/\/blogs.uninter.edu.mx\/difusioncultural\/?p=6977"]}]},{"@type":"ImageObject","inLanguage":"es","@id":"https:\/\/blogs.uninter.edu.mx\/difusioncultural\/?p=6977#primaryimage","url":"https:\/\/ep02.epimg.net\/cultura\/imagenes\/2019\/10\/22\/actualidad\/1571739915_331313_1571752036_noticia_fotograma.jpg","contentUrl":"https:\/\/ep02.epimg.net\/cultura\/imagenes\/2019\/10\/22\/actualidad\/1571739915_331313_1571752036_noticia_fotograma.jpg"},{"@type":"BreadcrumbList","@id":"https:\/\/blogs.uninter.edu.mx\/difusioncultural\/?p=6977#breadcrumb","itemListElement":[{"@type":"ListItem","position":1,"name":"Inicio","item":"https:\/\/blogs.uninter.edu.mx\/difusioncultural\/"},{"@type":"ListItem","position":2,"name":"La escritora Cristina Morales, premio Nacional de Narrativa por \u2018Lectura f\u00e1cil\u2019"}]},{"@type":"WebSite","@id":"https:\/\/blogs.uninter.edu.mx\/difusioncultural\/#website","url":"https:\/\/blogs.uninter.edu.mx\/difusioncultural\/","name":"Difusi\u00f3n Cultural","description":"UNINTER","publisher":{"@id":"https:\/\/blogs.uninter.edu.mx\/difusioncultural\/#organization"},"potentialAction":[{"@type":"SearchAction","target":{"@type":"EntryPoint","urlTemplate":"https:\/\/blogs.uninter.edu.mx\/difusioncultural\/?s={search_term_string}"},"query-input":{"@type":"PropertyValueSpecification","valueRequired":true,"valueName":"search_term_string"}}],"inLanguage":"es"},{"@type":"Organization","@id":"https:\/\/blogs.uninter.edu.mx\/difusioncultural\/#organization","name":"Difusi\u00f3n Cultural","url":"https:\/\/blogs.uninter.edu.mx\/difusioncultural\/","logo":{"@type":"ImageObject","inLanguage":"es","@id":"https:\/\/blogs.uninter.edu.mx\/difusioncultural\/#\/schema\/logo\/image\/","url":"https:\/\/blogs.uninter.edu.mx\/difusioncultural\/wp-content\/uploads\/2022\/09\/uninter.jpg","contentUrl":"https:\/\/blogs.uninter.edu.mx\/difusioncultural\/wp-content\/uploads\/2022\/09\/uninter.jpg","width":2048,"height":2048,"caption":"Difusi\u00f3n Cultural"},"image":{"@id":"https:\/\/blogs.uninter.edu.mx\/difusioncultural\/#\/schema\/logo\/image\/"}},{"@type":"Person","@id":"https:\/\/blogs.uninter.edu.mx\/difusioncultural\/#\/schema\/person\/37a0926f4dd300a814993fd595abdc4a","name":"webmaster","image":{"@type":"ImageObject","inLanguage":"es","@id":"https:\/\/blogs.uninter.edu.mx\/difusioncultural\/#\/schema\/person\/image\/","url":"https:\/\/secure.gravatar.com\/avatar\/a59c276b01147463ef3aab4118e3137ebc5e1ad6700deb39ccdf8b89e517f7dc?s=96&d=mm&r=g","contentUrl":"https:\/\/secure.gravatar.com\/avatar\/a59c276b01147463ef3aab4118e3137ebc5e1ad6700deb39ccdf8b89e517f7dc?s=96&d=mm&r=g","caption":"webmaster"},"sameAs":["https:\/\/blogs.uninter.edu.mx\/difusioncultural"],"url":"https:\/\/blogs.uninter.edu.mx\/difusioncultural\/?author=1"}]}},"jetpack_publicize_connections":[],"jetpack_featured_media_url":"","jetpack_sharing_enabled":true,"_links":{"self":[{"href":"https:\/\/blogs.uninter.edu.mx\/difusioncultural\/index.php?rest_route=\/wp\/v2\/posts\/6977","targetHints":{"allow":["GET"]}}],"collection":[{"href":"https:\/\/blogs.uninter.edu.mx\/difusioncultural\/index.php?rest_route=\/wp\/v2\/posts"}],"about":[{"href":"https:\/\/blogs.uninter.edu.mx\/difusioncultural\/index.php?rest_route=\/wp\/v2\/types\/post"}],"author":[{"embeddable":true,"href":"https:\/\/blogs.uninter.edu.mx\/difusioncultural\/index.php?rest_route=\/wp\/v2\/users\/1"}],"replies":[{"embeddable":true,"href":"https:\/\/blogs.uninter.edu.mx\/difusioncultural\/index.php?rest_route=%2Fwp%2Fv2%2Fcomments&post=6977"}],"version-history":[{"count":0,"href":"https:\/\/blogs.uninter.edu.mx\/difusioncultural\/index.php?rest_route=\/wp\/v2\/posts\/6977\/revisions"}],"wp:attachment":[{"href":"https:\/\/blogs.uninter.edu.mx\/difusioncultural\/index.php?rest_route=%2Fwp%2Fv2%2Fmedia&parent=6977"}],"wp:term":[{"taxonomy":"category","embeddable":true,"href":"https:\/\/blogs.uninter.edu.mx\/difusioncultural\/index.php?rest_route=%2Fwp%2Fv2%2Fcategories&post=6977"},{"taxonomy":"post_tag","embeddable":true,"href":"https:\/\/blogs.uninter.edu.mx\/difusioncultural\/index.php?rest_route=%2Fwp%2Fv2%2Ftags&post=6977"}],"curies":[{"name":"wp","href":"https:\/\/api.w.org\/{rel}","templated":true}]}}