{"id":6984,"date":"2019-10-24T11:58:35","date_gmt":"2019-10-24T16:58:35","guid":{"rendered":"https:\/\/difusionculturaluninter.wordpress.com\/?p=6984"},"modified":"2019-10-24T11:58:35","modified_gmt":"2019-10-24T16:58:35","slug":"se-inaugura-el-festival-internacional-de-fotografia-fotomexico","status":"publish","type":"post","link":"https:\/\/blogs.uninter.edu.mx\/difusioncultural\/?p=6984","title":{"rendered":"Se inaugura el Festival Internacional de Fotograf\u00eda FotoM\u00e9xico"},"content":{"rendered":"<p style=\"text-align:justify;\">El Centro de la Imagen alberga a partir de hoy la obra de autoras que han documentado los universos femeninos m\u00e1s diversos y punzantes en exposiciones como Carnival Strippers, de Susan Meiselas; The Ballad of Sexual Dependency, de Nan Goldin; Welcome to Lipstick de Maya Goded; Piezas Interferidas. D\u00edas de artista, D\u00edas de Musa, de Mar\u00eda Eugenia Chellet; On Abortion de Laia Abril; y Anatom\u00eda: Aventuras gr\u00e1ficas de una feminista urbana, de Ana Barreto, entre otras.<\/p>\n<p style=\"text-align:justify;\">Se trata del Festival Internacional de Fotograf\u00eda FotoM\u00e9xico, titulado Mujeres, que re\u00fane a artistas, fot\u00f3grafas, galeristas, coleccionistas, escritoras, activistas y acad\u00e9micas, cuyo trabajo ha sido determinante en la construcci\u00f3n del universo art\u00edstico actual.<\/p>\n<blockquote>\n<p style=\"text-align:justify;\">La inauguraci\u00f3n fue este mi\u00e9rcoles en el Centro de la Imagen (Plaza de la Ciudadela 2, Centro Hist\u00f3rico) hasta el jueves 31 de octubre Foto MayaGoded.<\/p>\n<p><img decoding=\"async\" class=\" aligncenter\" src=\"https:\/\/www.jornada.com.mx\/ultimas\/2019\/10\/23\/se-inaugura-el-festival-internacional-de-fotografia-fotomexico-8915.html\/image_preview.jpg-4075.html\/image_large\" \/><\/p>\n<p><span class=\"nitf_author font-weight-bold\">Fabiola Palapa Quijas\u00a0<\/span>| Jueves, 24 oct 2019 22:16<\/p><\/blockquote>\n<p style=\"text-align:justify;\">La ceremonia de inauguraci\u00f3n fue encabezada por la directora del Centro de la Imagen, Elena Navarro; Marina N\u00fa\u00f1ez, Subsecretaria de desarrollo cultural; C\u00e9sar Jer\u00f3nimo Aguirre, curador del Centro de la Imagen, y algunas de las autoras de las exposiciones.<\/p>\n<p style=\"text-align:justify;\">Navarro coment\u00f3 que el Festival Internacional de Fotograf\u00eda FotoM\u00e9xico, Mujeres, \u201ces una plataforma que busca promover la investigaci\u00f3n y la producci\u00f3n de las pr\u00e1cticas fotograf\u00edas en el \u00e1mbito nacional e internacional, donde nos interesa abordar tem\u00e1ticas que aporten a la discusi\u00f3n y a la construcci\u00f3n de lo social.<\/p>\n<p style=\"text-align:justify;\">\u201cConcretamente en este 2919 M\u00e9xico ha sido escenario de una serie de eventos que nos llevan a repensar lo que significa ser mujer hoy en d\u00eda. En el campo art\u00edstico una gran diversidad de voces y miradas de artistas han abordado el tema desde distintos lugares, y m\u00e1s que dar respuestas se han diversificado los cuestionamientos generando una enorme gama de perspectivas\u201d, expres\u00f3 la directora del recinto.<\/p>\n<p style=\"text-align:justify;\">Desde su creaci\u00f3n, FotoM\u00e9xico tiene como objetivo contribuir al desarrollo de estos importantes temas mediante un programa variado y contundente de exposiciones, mesas de di\u00e1logo y actividades educativas.<\/p>\n<p style=\"text-align:justify;\">En el evento fotogr\u00e1fico, que se desarrolla de Octubre a Diciembre, participan 140 exposiciones distribuidas en 133 sedes, ubicadas en 22 estados de la Rep\u00fablica Mexicana.<\/p>\n<p style=\"text-align:justify;\">Las artistas en las exhibiciones abordan temas desde la representaci\u00f3n de la mujer y su relaci\u00f3n con el cuerpo, la identidad, la sexualidad, lo pol\u00edtico, hasta el papel de la fotograf\u00eda en la reproducci\u00f3n de los estereotipos femeninos en el imaginario colectivo, la memoria, la discusi\u00f3n acerca de los roles de g\u00e9nero y el desdibujamiento de las fronteras de lo que significa ser mujer hoy en d\u00eda.<\/p>\n<p style=\"text-align:justify;\">La exposiciones se pueden visitar en el Centro de la Imagen ubicado en Plaza de la Ciudadela 2, Centro Hist\u00f3rico.<\/p>\n","protected":false},"excerpt":{"rendered":"<p>El Centro de la Imagen alberga a partir de hoy la obra de autoras que han documentado los universos femeninos m\u00e1s diversos y punzantes en exposiciones como Carnival Strippers, de Susan Meiselas; The Ballad of Sexual Dependency, de Nan Goldin; Welcome to Lipstick de Maya Goded; Piezas Interferidas. D\u00edas de artista, D\u00edas de Musa, de&hellip;<\/p>\n","protected":false},"author":1,"featured_media":6995,"comment_status":"closed","ping_status":"open","sticky":false,"template":"","format":"standard","meta":{"_jetpack_memberships_contains_paid_content":false,"footnotes":"","jetpack_publicize_message":"","jetpack_publicize_feature_enabled":true,"jetpack_social_post_already_shared":false,"jetpack_social_options":{"image_generator_settings":{"template":"highway","default_image_id":0,"font":"","enabled":false},"version":2}},"categories":[8,9],"tags":[],"class_list":["post-6984","post","type-post","status-publish","format-standard","has-post-thumbnail","hentry","category-eventos","category-galeria"],"yoast_head":"<!-- This site is optimized with the Yoast SEO plugin v26.3 - https:\/\/yoast.com\/wordpress\/plugins\/seo\/ -->\r\n<title>Se inaugura el Festival Internacional de Fotograf\u00eda FotoM\u00e9xico - Difusi\u00f3n Cultural<\/title>\r\n<meta name=\"robots\" content=\"index, follow, max-snippet:-1, max-image-preview:large, max-video-preview:-1\" \/>\r\n<link rel=\"canonical\" href=\"https:\/\/blogs.uninter.edu.mx\/difusioncultural\/?p=6984\" \/>\r\n<meta property=\"og:locale\" content=\"es_MX\" \/>\r\n<meta property=\"og:type\" content=\"article\" \/>\r\n<meta property=\"og:title\" content=\"Se inaugura el Festival Internacional de Fotograf\u00eda FotoM\u00e9xico - Difusi\u00f3n Cultural\" \/>\r\n<meta property=\"og:description\" content=\"El Centro de la Imagen alberga a partir de hoy la obra de autoras que han documentado los universos femeninos m\u00e1s diversos y punzantes en exposiciones como Carnival Strippers, de Susan Meiselas; The Ballad of Sexual Dependency, de Nan Goldin; Welcome to Lipstick de Maya Goded; Piezas Interferidas. D\u00edas de artista, D\u00edas de Musa, de&hellip;\" \/>\r\n<meta property=\"og:url\" content=\"https:\/\/blogs.uninter.edu.mx\/difusioncultural\/?p=6984\" \/>\r\n<meta property=\"og:site_name\" content=\"Difusi\u00f3n Cultural\" \/>\r\n<meta property=\"article:published_time\" content=\"2019-10-24T16:58:35+00:00\" \/>\r\n<meta property=\"og:image\" content=\"https:\/\/blogs.uninter.edu.mx\/difusioncultural\/wp-content\/uploads\/2019\/10\/fotografc3aca.jpg\" \/>\r\n\t<meta property=\"og:image:width\" content=\"425\" \/>\r\n\t<meta property=\"og:image:height\" content=\"283\" \/>\r\n\t<meta property=\"og:image:type\" content=\"image\/jpeg\" \/>\r\n<meta name=\"author\" content=\"webmaster\" \/>\r\n<meta name=\"twitter:card\" content=\"summary_large_image\" \/>\r\n<meta name=\"twitter:label1\" content=\"Escrito por\" \/>\n\t<meta name=\"twitter:data1\" content=\"webmaster\" \/>\n\t<meta name=\"twitter:label2\" content=\"Tiempo de lectura\" \/>\n\t<meta name=\"twitter:data2\" content=\"2 minutos\" \/>\r\n<script type=\"application\/ld+json\" class=\"yoast-schema-graph\">{\"@context\":\"https:\/\/schema.org\",\"@graph\":[{\"@type\":\"Article\",\"@id\":\"https:\/\/blogs.uninter.edu.mx\/difusioncultural\/?p=6984#article\",\"isPartOf\":{\"@id\":\"https:\/\/blogs.uninter.edu.mx\/difusioncultural\/?p=6984\"},\"author\":{\"name\":\"webmaster\",\"@id\":\"https:\/\/blogs.uninter.edu.mx\/difusioncultural\/#\/schema\/person\/37a0926f4dd300a814993fd595abdc4a\"},\"headline\":\"Se inaugura el Festival Internacional de Fotograf\u00eda FotoM\u00e9xico\",\"datePublished\":\"2019-10-24T16:58:35+00:00\",\"mainEntityOfPage\":{\"@id\":\"https:\/\/blogs.uninter.edu.mx\/difusioncultural\/?p=6984\"},\"wordCount\":485,\"publisher\":{\"@id\":\"https:\/\/blogs.uninter.edu.mx\/difusioncultural\/#organization\"},\"image\":{\"@id\":\"https:\/\/blogs.uninter.edu.mx\/difusioncultural\/?p=6984#primaryimage\"},\"thumbnailUrl\":\"https:\/\/blogs.uninter.edu.mx\/difusioncultural\/wp-content\/uploads\/2019\/10\/fotografc3aca.jpg\",\"articleSection\":[\"Eventos\",\"Galer\u00eda\"],\"inLanguage\":\"es\"},{\"@type\":\"WebPage\",\"@id\":\"https:\/\/blogs.uninter.edu.mx\/difusioncultural\/?p=6984\",\"url\":\"https:\/\/blogs.uninter.edu.mx\/difusioncultural\/?p=6984\",\"name\":\"Se inaugura el Festival Internacional de Fotograf\u00eda FotoM\u00e9xico - Difusi\u00f3n Cultural\",\"isPartOf\":{\"@id\":\"https:\/\/blogs.uninter.edu.mx\/difusioncultural\/#website\"},\"primaryImageOfPage\":{\"@id\":\"https:\/\/blogs.uninter.edu.mx\/difusioncultural\/?p=6984#primaryimage\"},\"image\":{\"@id\":\"https:\/\/blogs.uninter.edu.mx\/difusioncultural\/?p=6984#primaryimage\"},\"thumbnailUrl\":\"https:\/\/blogs.uninter.edu.mx\/difusioncultural\/wp-content\/uploads\/2019\/10\/fotografc3aca.jpg\",\"datePublished\":\"2019-10-24T16:58:35+00:00\",\"breadcrumb\":{\"@id\":\"https:\/\/blogs.uninter.edu.mx\/difusioncultural\/?p=6984#breadcrumb\"},\"inLanguage\":\"es\",\"potentialAction\":[{\"@type\":\"ReadAction\",\"target\":[\"https:\/\/blogs.uninter.edu.mx\/difusioncultural\/?p=6984\"]}]},{\"@type\":\"ImageObject\",\"inLanguage\":\"es\",\"@id\":\"https:\/\/blogs.uninter.edu.mx\/difusioncultural\/?p=6984#primaryimage\",\"url\":\"https:\/\/blogs.uninter.edu.mx\/difusioncultural\/wp-content\/uploads\/2019\/10\/fotografc3aca.jpg\",\"contentUrl\":\"https:\/\/blogs.uninter.edu.mx\/difusioncultural\/wp-content\/uploads\/2019\/10\/fotografc3aca.jpg\",\"width\":425,\"height\":283},{\"@type\":\"BreadcrumbList\",\"@id\":\"https:\/\/blogs.uninter.edu.mx\/difusioncultural\/?p=6984#breadcrumb\",\"itemListElement\":[{\"@type\":\"ListItem\",\"position\":1,\"name\":\"Inicio\",\"item\":\"https:\/\/blogs.uninter.edu.mx\/difusioncultural\/\"},{\"@type\":\"ListItem\",\"position\":2,\"name\":\"Se inaugura el Festival Internacional de Fotograf\u00eda FotoM\u00e9xico\"}]},{\"@type\":\"WebSite\",\"@id\":\"https:\/\/blogs.uninter.edu.mx\/difusioncultural\/#website\",\"url\":\"https:\/\/blogs.uninter.edu.mx\/difusioncultural\/\",\"name\":\"Difusi\u00f3n Cultural\",\"description\":\"UNINTER\",\"publisher\":{\"@id\":\"https:\/\/blogs.uninter.edu.mx\/difusioncultural\/#organization\"},\"potentialAction\":[{\"@type\":\"SearchAction\",\"target\":{\"@type\":\"EntryPoint\",\"urlTemplate\":\"https:\/\/blogs.uninter.edu.mx\/difusioncultural\/?s={search_term_string}\"},\"query-input\":{\"@type\":\"PropertyValueSpecification\",\"valueRequired\":true,\"valueName\":\"search_term_string\"}}],\"inLanguage\":\"es\"},{\"@type\":\"Organization\",\"@id\":\"https:\/\/blogs.uninter.edu.mx\/difusioncultural\/#organization\",\"name\":\"Difusi\u00f3n Cultural\",\"url\":\"https:\/\/blogs.uninter.edu.mx\/difusioncultural\/\",\"logo\":{\"@type\":\"ImageObject\",\"inLanguage\":\"es\",\"@id\":\"https:\/\/blogs.uninter.edu.mx\/difusioncultural\/#\/schema\/logo\/image\/\",\"url\":\"https:\/\/blogs.uninter.edu.mx\/difusioncultural\/wp-content\/uploads\/2022\/09\/uninter.jpg\",\"contentUrl\":\"https:\/\/blogs.uninter.edu.mx\/difusioncultural\/wp-content\/uploads\/2022\/09\/uninter.jpg\",\"width\":2048,\"height\":2048,\"caption\":\"Difusi\u00f3n Cultural\"},\"image\":{\"@id\":\"https:\/\/blogs.uninter.edu.mx\/difusioncultural\/#\/schema\/logo\/image\/\"}},{\"@type\":\"Person\",\"@id\":\"https:\/\/blogs.uninter.edu.mx\/difusioncultural\/#\/schema\/person\/37a0926f4dd300a814993fd595abdc4a\",\"name\":\"webmaster\",\"image\":{\"@type\":\"ImageObject\",\"inLanguage\":\"es\",\"@id\":\"https:\/\/blogs.uninter.edu.mx\/difusioncultural\/#\/schema\/person\/image\/\",\"url\":\"https:\/\/secure.gravatar.com\/avatar\/a59c276b01147463ef3aab4118e3137ebc5e1ad6700deb39ccdf8b89e517f7dc?s=96&d=mm&r=g\",\"contentUrl\":\"https:\/\/secure.gravatar.com\/avatar\/a59c276b01147463ef3aab4118e3137ebc5e1ad6700deb39ccdf8b89e517f7dc?s=96&d=mm&r=g\",\"caption\":\"webmaster\"},\"sameAs\":[\"https:\/\/blogs.uninter.edu.mx\/difusioncultural\"],\"url\":\"https:\/\/blogs.uninter.edu.mx\/difusioncultural\/?author=1\"}]}<\/script>\r\n<!-- \/ Yoast SEO plugin. -->","yoast_head_json":{"title":"Se inaugura el Festival Internacional de Fotograf\u00eda FotoM\u00e9xico - Difusi\u00f3n Cultural","robots":{"index":"index","follow":"follow","max-snippet":"max-snippet:-1","max-image-preview":"max-image-preview:large","max-video-preview":"max-video-preview:-1"},"canonical":"https:\/\/blogs.uninter.edu.mx\/difusioncultural\/?p=6984","og_locale":"es_MX","og_type":"article","og_title":"Se inaugura el Festival Internacional de Fotograf\u00eda FotoM\u00e9xico - Difusi\u00f3n Cultural","og_description":"El Centro de la Imagen alberga a partir de hoy la obra de autoras que han documentado los universos femeninos m\u00e1s diversos y punzantes en exposiciones como Carnival Strippers, de Susan Meiselas; The Ballad of Sexual Dependency, de Nan Goldin; Welcome to Lipstick de Maya Goded; Piezas Interferidas. D\u00edas de artista, D\u00edas de Musa, de&hellip;","og_url":"https:\/\/blogs.uninter.edu.mx\/difusioncultural\/?p=6984","og_site_name":"Difusi\u00f3n Cultural","article_published_time":"2019-10-24T16:58:35+00:00","og_image":[{"width":425,"height":283,"url":"https:\/\/blogs.uninter.edu.mx\/difusioncultural\/wp-content\/uploads\/2019\/10\/fotografc3aca.jpg","type":"image\/jpeg"}],"author":"webmaster","twitter_card":"summary_large_image","twitter_misc":{"Escrito por":"webmaster","Tiempo de lectura":"2 minutos"},"schema":{"@context":"https:\/\/schema.org","@graph":[{"@type":"Article","@id":"https:\/\/blogs.uninter.edu.mx\/difusioncultural\/?p=6984#article","isPartOf":{"@id":"https:\/\/blogs.uninter.edu.mx\/difusioncultural\/?p=6984"},"author":{"name":"webmaster","@id":"https:\/\/blogs.uninter.edu.mx\/difusioncultural\/#\/schema\/person\/37a0926f4dd300a814993fd595abdc4a"},"headline":"Se inaugura el Festival Internacional de Fotograf\u00eda FotoM\u00e9xico","datePublished":"2019-10-24T16:58:35+00:00","mainEntityOfPage":{"@id":"https:\/\/blogs.uninter.edu.mx\/difusioncultural\/?p=6984"},"wordCount":485,"publisher":{"@id":"https:\/\/blogs.uninter.edu.mx\/difusioncultural\/#organization"},"image":{"@id":"https:\/\/blogs.uninter.edu.mx\/difusioncultural\/?p=6984#primaryimage"},"thumbnailUrl":"https:\/\/blogs.uninter.edu.mx\/difusioncultural\/wp-content\/uploads\/2019\/10\/fotografc3aca.jpg","articleSection":["Eventos","Galer\u00eda"],"inLanguage":"es"},{"@type":"WebPage","@id":"https:\/\/blogs.uninter.edu.mx\/difusioncultural\/?p=6984","url":"https:\/\/blogs.uninter.edu.mx\/difusioncultural\/?p=6984","name":"Se inaugura el Festival Internacional de Fotograf\u00eda FotoM\u00e9xico - Difusi\u00f3n Cultural","isPartOf":{"@id":"https:\/\/blogs.uninter.edu.mx\/difusioncultural\/#website"},"primaryImageOfPage":{"@id":"https:\/\/blogs.uninter.edu.mx\/difusioncultural\/?p=6984#primaryimage"},"image":{"@id":"https:\/\/blogs.uninter.edu.mx\/difusioncultural\/?p=6984#primaryimage"},"thumbnailUrl":"https:\/\/blogs.uninter.edu.mx\/difusioncultural\/wp-content\/uploads\/2019\/10\/fotografc3aca.jpg","datePublished":"2019-10-24T16:58:35+00:00","breadcrumb":{"@id":"https:\/\/blogs.uninter.edu.mx\/difusioncultural\/?p=6984#breadcrumb"},"inLanguage":"es","potentialAction":[{"@type":"ReadAction","target":["https:\/\/blogs.uninter.edu.mx\/difusioncultural\/?p=6984"]}]},{"@type":"ImageObject","inLanguage":"es","@id":"https:\/\/blogs.uninter.edu.mx\/difusioncultural\/?p=6984#primaryimage","url":"https:\/\/blogs.uninter.edu.mx\/difusioncultural\/wp-content\/uploads\/2019\/10\/fotografc3aca.jpg","contentUrl":"https:\/\/blogs.uninter.edu.mx\/difusioncultural\/wp-content\/uploads\/2019\/10\/fotografc3aca.jpg","width":425,"height":283},{"@type":"BreadcrumbList","@id":"https:\/\/blogs.uninter.edu.mx\/difusioncultural\/?p=6984#breadcrumb","itemListElement":[{"@type":"ListItem","position":1,"name":"Inicio","item":"https:\/\/blogs.uninter.edu.mx\/difusioncultural\/"},{"@type":"ListItem","position":2,"name":"Se inaugura el Festival Internacional de Fotograf\u00eda FotoM\u00e9xico"}]},{"@type":"WebSite","@id":"https:\/\/blogs.uninter.edu.mx\/difusioncultural\/#website","url":"https:\/\/blogs.uninter.edu.mx\/difusioncultural\/","name":"Difusi\u00f3n Cultural","description":"UNINTER","publisher":{"@id":"https:\/\/blogs.uninter.edu.mx\/difusioncultural\/#organization"},"potentialAction":[{"@type":"SearchAction","target":{"@type":"EntryPoint","urlTemplate":"https:\/\/blogs.uninter.edu.mx\/difusioncultural\/?s={search_term_string}"},"query-input":{"@type":"PropertyValueSpecification","valueRequired":true,"valueName":"search_term_string"}}],"inLanguage":"es"},{"@type":"Organization","@id":"https:\/\/blogs.uninter.edu.mx\/difusioncultural\/#organization","name":"Difusi\u00f3n Cultural","url":"https:\/\/blogs.uninter.edu.mx\/difusioncultural\/","logo":{"@type":"ImageObject","inLanguage":"es","@id":"https:\/\/blogs.uninter.edu.mx\/difusioncultural\/#\/schema\/logo\/image\/","url":"https:\/\/blogs.uninter.edu.mx\/difusioncultural\/wp-content\/uploads\/2022\/09\/uninter.jpg","contentUrl":"https:\/\/blogs.uninter.edu.mx\/difusioncultural\/wp-content\/uploads\/2022\/09\/uninter.jpg","width":2048,"height":2048,"caption":"Difusi\u00f3n Cultural"},"image":{"@id":"https:\/\/blogs.uninter.edu.mx\/difusioncultural\/#\/schema\/logo\/image\/"}},{"@type":"Person","@id":"https:\/\/blogs.uninter.edu.mx\/difusioncultural\/#\/schema\/person\/37a0926f4dd300a814993fd595abdc4a","name":"webmaster","image":{"@type":"ImageObject","inLanguage":"es","@id":"https:\/\/blogs.uninter.edu.mx\/difusioncultural\/#\/schema\/person\/image\/","url":"https:\/\/secure.gravatar.com\/avatar\/a59c276b01147463ef3aab4118e3137ebc5e1ad6700deb39ccdf8b89e517f7dc?s=96&d=mm&r=g","contentUrl":"https:\/\/secure.gravatar.com\/avatar\/a59c276b01147463ef3aab4118e3137ebc5e1ad6700deb39ccdf8b89e517f7dc?s=96&d=mm&r=g","caption":"webmaster"},"sameAs":["https:\/\/blogs.uninter.edu.mx\/difusioncultural"],"url":"https:\/\/blogs.uninter.edu.mx\/difusioncultural\/?author=1"}]}},"jetpack_publicize_connections":[],"jetpack_featured_media_url":"https:\/\/blogs.uninter.edu.mx\/difusioncultural\/wp-content\/uploads\/2019\/10\/fotografc3aca.jpg","jetpack_sharing_enabled":true,"_links":{"self":[{"href":"https:\/\/blogs.uninter.edu.mx\/difusioncultural\/index.php?rest_route=\/wp\/v2\/posts\/6984","targetHints":{"allow":["GET"]}}],"collection":[{"href":"https:\/\/blogs.uninter.edu.mx\/difusioncultural\/index.php?rest_route=\/wp\/v2\/posts"}],"about":[{"href":"https:\/\/blogs.uninter.edu.mx\/difusioncultural\/index.php?rest_route=\/wp\/v2\/types\/post"}],"author":[{"embeddable":true,"href":"https:\/\/blogs.uninter.edu.mx\/difusioncultural\/index.php?rest_route=\/wp\/v2\/users\/1"}],"replies":[{"embeddable":true,"href":"https:\/\/blogs.uninter.edu.mx\/difusioncultural\/index.php?rest_route=%2Fwp%2Fv2%2Fcomments&post=6984"}],"version-history":[{"count":0,"href":"https:\/\/blogs.uninter.edu.mx\/difusioncultural\/index.php?rest_route=\/wp\/v2\/posts\/6984\/revisions"}],"wp:featuredmedia":[{"embeddable":true,"href":"https:\/\/blogs.uninter.edu.mx\/difusioncultural\/index.php?rest_route=\/wp\/v2\/media\/6995"}],"wp:attachment":[{"href":"https:\/\/blogs.uninter.edu.mx\/difusioncultural\/index.php?rest_route=%2Fwp%2Fv2%2Fmedia&parent=6984"}],"wp:term":[{"taxonomy":"category","embeddable":true,"href":"https:\/\/blogs.uninter.edu.mx\/difusioncultural\/index.php?rest_route=%2Fwp%2Fv2%2Fcategories&post=6984"},{"taxonomy":"post_tag","embeddable":true,"href":"https:\/\/blogs.uninter.edu.mx\/difusioncultural\/index.php?rest_route=%2Fwp%2Fv2%2Ftags&post=6984"}],"curies":[{"name":"wp","href":"https:\/\/api.w.org\/{rel}","templated":true}]}}